{"id":5147,"date":"2010-06-22T11:07:26","date_gmt":"2010-06-22T11:07:26","guid":{"rendered":"https:\/\/sandzakpress.net\/arhiva\/?p=5147"},"modified":"2010-06-22T11:07:26","modified_gmt":"2010-06-22T11:07:26","slug":"sudenje-za-bukovicu","status":"publish","type":"post","link":"https:\/\/sandzakpress.net\/arhiva\/sudenje-za-bukovicu\/","title":{"rendered":"Su\u0111enje za Bukovicu"},"content":{"rendered":"<p><strong><a href=\"https:\/\/sandzakpress.net\/arhiva\/wp-content\/uploads\/2010\/06\/sudenje_jaksa_cvitanovic_cvik_15_suradnika_medu_optuzenima_ana_birimisa_svi_optuzenici_izjasnili_da_nisu_krivi_tabfull.jpg\"><img loading=\"lazy\" decoding=\"async\" class=\"alignleft size-medium wp-image-5148\" title=\"sudenje_jaksa_cvitanovic_cvik_15_suradnika_medu_optuzenima_ana_birimisa_svi_optuzenici_izjasnili_da_nisu_krivi_tabfull\" src=\"https:\/\/sandzakpress.net\/arhiva\/wp-content\/uploads\/2010\/06\/sudenje_jaksa_cvitanovic_cvik_15_suradnika_medu_optuzenima_ana_birimisa_svi_optuzenici_izjasnili_da_nisu_krivi_tabfull-300x199.jpg\" alt=\"\" width=\"300\" height=\"199\" srcset=\"https:\/\/sandzakpress.net\/arhiva\/wp-content\/uploads\/2010\/06\/sudenje_jaksa_cvitanovic_cvik_15_suradnika_medu_optuzenima_ana_birimisa_svi_optuzenici_izjasnili_da_nisu_krivi_tabfull-300x199.jpg 300w, https:\/\/sandzakpress.net\/arhiva\/wp-content\/uploads\/2010\/06\/sudenje_jaksa_cvitanovic_cvik_15_suradnika_medu_optuzenima_ana_birimisa_svi_optuzenici_izjasnili_da_nisu_krivi_tabfull.jpg 470w\" sizes=\"(max-width: 300px) 100vw, 300px\" \/><\/a>Pljevlja &#8211; Su\u0111enje sedmorici Pljevljaka, nekada\u0161njih pripadnika Vojske Jugoslavije i policije Crne Gore, za navodno po\u010dinjeno krivi\u010dno djelo postupanje protiv \u010dovje\u010dnosti nad muslimansko-bo\u0161nja\u010dkim \u017eivljem na podru\u010dju Bukovice po\u010dinje 28. juna.<\/strong><\/p>\n<p>Kako je saop\u0161tio njihov branilac advokat Miodrag Golubovi\u0107 su\u0111enje \u0107e po\u010deti ispitivanjem optu\u017eenih. Advokat Golubovi\u0107 ka\u017ee da \u010dvrsto vjeruje u nevinost svojih klijenata i isti\u010de da \u0107e se na sudu to lako dokazati.<\/p>\n<p>&#8211; Optu\u017enica je u potpunosti neprecizna i ne sadr\u017ei ni\u0161ta \u0161to bi moglo ukazati na krivicu optu\u017eenih. Posebno je neprihvatljivo to \u0161to se optu\u017eeni terete za krivi\u010dno djelo koje u trenutku izvr\u0161enja, to jest u periodu od 1992. do 1995. godine, kako se u optu\u017enici navodi, u Krivi\u010dnom zakonu Savezne Republike Jugoslavije i Republike Crne Gore nije postajalo kao krivi\u010dno djelo. Zna\u010di, u momentu izvr\u0161enja po va\u017ee\u0107im zakonima nije tretirano kao krivi\u010dno djelo &#8211; isti\u010de Golubovi\u0107, poja\u0161njavaju\u0107i da je nemogu\u0107e da se sada neko tereti za ne\u0161to \u0161to u momentu izvr\u0161enja nije tretirano kao krivi\u010dno djelo.<\/p>\n<p>Golubovi\u0107 ka\u017ee da je tako\u0111e u potpunosti jasno da optu\u017eeni ni u \u010demu nijesu prekora\u010dili svoja slu\u017ebena ovla\u0161\u0107enja i isti\u010de da je \u010ditava optu\u017enica besmislena i da \u0107e lako biti oborena.<\/p>\n<p>&#8211; U narednom periodu od prvog ro\u010di\u0161ta koje je zakazano u devet \u010dasova 28. juna, na Vidovdan, slijedi sudski postupak u kome ne\u0107e biti te\u0161ko dokazati nevinost optu\u017eenih &#8211; ka\u017ee Golubovi\u0107, dodaju\u0107i da se u ovom slu\u010daju jedino mo\u017ee o\u010dekivati osloba\u0111aju\u0107a presuda.<\/p>\n<p>Optu\u017enica za navodno po\u010dinjeno krivi\u010dno djelo postupanje protiv \u010dovje\u010dnosti nad muslimansko-bo\u0161nja\u010dkim \u017eivljem u Bukovici podignuta je protiv petorice nekada\u0161njih pripadnika Vojske Jugoslavije Milorada Brkovi\u0107a, Slobodana Cvetkovi\u0107a, \u0110or\u0111ija Gogi\u0107a, bra\u0107e Radi\u0161e i Radmila \u0110ukovi\u0107, kao i protiv biv\u0161eg pripadnika policije Crne Gore Slavi\u0161e Svrkote. Optu\u017enica je podignuta i protiv Radomana \u0160ubari\u0107a koji je do trenutka privo\u0111enja, 22. aprila radio kao policajac u MUP-u Crne Gore. Optu\u017eeni su po objavljivanju da je protiv njih podignuta optu\u017enica dan kasnije, 22. aprila ove godine iz Pljevalja sprovedeni u istra\u017eni zatvor u Bijelo Polje.<\/p>\n<p>Izvor: <strong>Dan.co.me<\/strong><\/p>\n","protected":false},"excerpt":{"rendered":"<p>Pljevlja &#8211; Su\u0111enje sedmorici Pljevljaka, nekada\u0161njih pripadnika Vojske Jugoslavije i policije Crne Gore, za navodno po\u010dinjeno krivi\u010dno djelo postupanje protiv \u010dovje\u010dnosti nad muslimansko-bo\u0161nja\u010dkim \u017eivljem na podru\u010dju Bukovice po\u010dinje 28. juna. Kako je saop\u0161tio njihov branilac advokat Miodrag Golubovi\u0107 su\u0111enje \u0107e po\u010deti ispitivanjem optu\u017eenih. Advokat Golubovi\u0107 ka\u017ee da \u010dvrsto vjeruje u nevinost svojih klijenata i isti\u010de [&hellip;]<\/p>\n","protected":false},"author":83,"featured_media":5148,"comment_status":"open","ping_status":"open","sticky":false,"template":"","format":"standard","meta":{"footnotes":""},"categories":[395,5],"tags":[],"class_list":{"0":"post-5147","1":"post","2":"type-post","3":"status-publish","4":"format-standard","5":"has-post-thumbnail","7":"category-pljevlja_","8":"category-drustvo"},"yoast_head":"<!-- This site is optimized with the Yoast SEO Premium plugin v23.1 (Yoast SEO v24.9) - https:\/\/yoast.com\/wordpress\/plugins\/seo\/ -->\n<title>Su\u0111enje za Bukovicu<\/title>\n<meta name=\"robots\" content=\"index, follow, max-snippet:-1, max-image-preview:large, max-video-preview:-1\" \/>\n<link rel=\"canonical\" href=\"https:\/\/sandzakpress.net\/arhiva\/sudenje-za-bukovicu\/\" \/>\n<meta property=\"og:locale\" content=\"bs_BA\" \/>\n<meta property=\"og:type\" content=\"article\" \/>\n<meta property=\"og:title\" content=\"Su\u0111enje za Bukovicu\" \/>\n<meta property=\"og:description\" content=\"Pljevlja &#8211; Su\u0111enje sedmorici Pljevljaka, nekada\u0161njih pripadnika Vojske Jugoslavije i policije Crne Gore, za navodno po\u010dinjeno krivi\u010dno djelo postupanje protiv \u010dovje\u010dnosti nad muslimansko-bo\u0161nja\u010dkim \u017eivljem na podru\u010dju Bukovice po\u010dinje 28. juna. Kako je saop\u0161tio njihov branilac advokat Miodrag Golubovi\u0107 su\u0111enje \u0107e po\u010deti ispitivanjem optu\u017eenih. Advokat Golubovi\u0107 ka\u017ee da \u010dvrsto vjeruje u nevinost svojih klijenata i isti\u010de [&hellip;]\" \/>\n<meta property=\"og:url\" content=\"https:\/\/sandzakpress.net\/arhiva\/sudenje-za-bukovicu\/\" \/>\n<meta property=\"og:site_name\" content=\"Sand\u017eak PRESS\" \/>\n<meta property=\"article:published_time\" content=\"2010-06-22T11:07:26+00:00\" \/>\n<meta property=\"og:image\" content=\"https:\/\/sandzakpress.net\/arhiva\/wp-content\/uploads\/2010\/06\/sudenje_jaksa_cvitanovic_cvik_15_suradnika_medu_optuzenima_ana_birimisa_svi_optuzenici_izjasnili_da_nisu_krivi_tabfull.jpg\" \/>\n\t<meta property=\"og:image:width\" content=\"470\" \/>\n\t<meta property=\"og:image:height\" content=\"313\" \/>\n\t<meta property=\"og:image:type\" content=\"image\/jpeg\" \/>\n<meta name=\"author\" content=\"bosniak\" \/>\n<meta name=\"twitter:card\" content=\"summary_large_image\" \/>\n<meta name=\"twitter:label1\" content=\"Written by\" \/>\n\t<meta name=\"twitter:data1\" content=\"bosniak\" \/>\n\t<meta name=\"twitter:label2\" content=\"Est. reading time\" \/>\n\t<meta name=\"twitter:data2\" content=\"2 minute\" \/>\n<script type=\"application\/ld+json\" class=\"yoast-schema-graph\">{\"@context\":\"https:\/\/schema.org\",\"@graph\":[{\"@type\":\"Article\",\"@id\":\"https:\/\/sandzakpress.net\/arhiva\/sudenje-za-bukovicu\/#article\",\"isPartOf\":{\"@id\":\"https:\/\/sandzakpress.net\/arhiva\/sudenje-za-bukovicu\/\"},\"author\":{\"name\":\"bosniak\",\"@id\":\"https:\/\/sandzakpress.net\/arhiva\/#\/schema\/person\/c8baee722073534b583ea7bdb2e36c02\"},\"headline\":\"Su\u0111enje za Bukovicu\",\"datePublished\":\"2010-06-22T11:07:26+00:00\",\"mainEntityOfPage\":{\"@id\":\"https:\/\/sandzakpress.net\/arhiva\/sudenje-za-bukovicu\/\"},\"wordCount\":401,\"commentCount\":0,\"publisher\":{\"@id\":\"https:\/\/sandzakpress.net\/arhiva\/#\/schema\/person\/6e72b67d6e51910a1117b3b483ba20bd\"},\"image\":{\"@id\":\"https:\/\/sandzakpress.net\/arhiva\/sudenje-za-bukovicu\/#primaryimage\"},\"thumbnailUrl\":\"https:\/\/sandzakpress.net\/arhiva\/wp-content\/uploads\/2010\/06\/sudenje_jaksa_cvitanovic_cvik_15_suradnika_medu_optuzenima_ana_birimisa_svi_optuzenici_izjasnili_da_nisu_krivi_tabfull.jpg\",\"articleSection\":[\"Pljevlja\",\"Dru\u0161tvo\"],\"inLanguage\":\"bs-BA\",\"potentialAction\":[{\"@type\":\"CommentAction\",\"name\":\"Comment\",\"target\":[\"https:\/\/sandzakpress.net\/arhiva\/sudenje-za-bukovicu\/#respond\"]}]},{\"@type\":\"WebPage\",\"@id\":\"https:\/\/sandzakpress.net\/arhiva\/sudenje-za-bukovicu\/\",\"url\":\"https:\/\/sandzakpress.net\/arhiva\/sudenje-za-bukovicu\/\",\"name\":\"Su\u0111enje za Bukovicu\",\"isPartOf\":{\"@id\":\"https:\/\/sandzakpress.net\/arhiva\/#website\"},\"primaryImageOfPage\":{\"@id\":\"https:\/\/sandzakpress.net\/arhiva\/sudenje-za-bukovicu\/#primaryimage\"},\"image\":{\"@id\":\"https:\/\/sandzakpress.net\/arhiva\/sudenje-za-bukovicu\/#primaryimage\"},\"thumbnailUrl\":\"https:\/\/sandzakpress.net\/arhiva\/wp-content\/uploads\/2010\/06\/sudenje_jaksa_cvitanovic_cvik_15_suradnika_medu_optuzenima_ana_birimisa_svi_optuzenici_izjasnili_da_nisu_krivi_tabfull.jpg\",\"datePublished\":\"2010-06-22T11:07:26+00:00\",\"breadcrumb\":{\"@id\":\"https:\/\/sandzakpress.net\/arhiva\/sudenje-za-bukovicu\/#breadcrumb\"},\"inLanguage\":\"bs-BA\",\"potentialAction\":[{\"@type\":\"ReadAction\",\"target\":[\"https:\/\/sandzakpress.net\/arhiva\/sudenje-za-bukovicu\/\"]}]},{\"@type\":\"ImageObject\",\"inLanguage\":\"bs-BA\",\"@id\":\"https:\/\/sandzakpress.net\/arhiva\/sudenje-za-bukovicu\/#primaryimage\",\"url\":\"https:\/\/sandzakpress.net\/arhiva\/wp-content\/uploads\/2010\/06\/sudenje_jaksa_cvitanovic_cvik_15_suradnika_medu_optuzenima_ana_birimisa_svi_optuzenici_izjasnili_da_nisu_krivi_tabfull.jpg\",\"contentUrl\":\"https:\/\/sandzakpress.net\/arhiva\/wp-content\/uploads\/2010\/06\/sudenje_jaksa_cvitanovic_cvik_15_suradnika_medu_optuzenima_ana_birimisa_svi_optuzenici_izjasnili_da_nisu_krivi_tabfull.jpg\",\"width\":\"470\",\"height\":\"313\"},{\"@type\":\"BreadcrumbList\",\"@id\":\"https:\/\/sandzakpress.net\/arhiva\/sudenje-za-bukovicu\/#breadcrumb\",\"itemListElement\":[{\"@type\":\"ListItem\",\"position\":1,\"name\":\"Home\",\"item\":\"https:\/\/sandzakpress.net\/arhiva\/\"},{\"@type\":\"ListItem\",\"position\":2,\"name\":\"Su\u0111enje za Bukovicu\"}]},{\"@type\":\"WebSite\",\"@id\":\"https:\/\/sandzakpress.net\/arhiva\/#website\",\"url\":\"https:\/\/sandzakpress.net\/arhiva\/\",\"name\":\"Sand\u017eak PRESS\",\"description\":\"Prve elektronske novine u Sand\u017eaku\",\"publisher\":{\"@id\":\"https:\/\/sandzakpress.net\/arhiva\/#\/schema\/person\/6e72b67d6e51910a1117b3b483ba20bd\"},\"potentialAction\":[{\"@type\":\"SearchAction\",\"target\":{\"@type\":\"EntryPoint\",\"urlTemplate\":\"https:\/\/sandzakpress.net\/arhiva\/?s={search_term_string}\"},\"query-input\":{\"@type\":\"PropertyValueSpecification\",\"valueRequired\":true,\"valueName\":\"search_term_string\"}}],\"inLanguage\":\"bs-BA\"},{\"@type\":[\"Person\",\"Organization\"],\"@id\":\"https:\/\/sandzakpress.net\/arhiva\/#\/schema\/person\/6e72b67d6e51910a1117b3b483ba20bd\",\"name\":\"Kul\",\"image\":{\"@type\":\"ImageObject\",\"inLanguage\":\"bs-BA\",\"@id\":\"https:\/\/sandzakpress.net\/arhiva\/#\/schema\/person\/image\/\",\"url\":\"https:\/\/secure.gravatar.com\/avatar\/42263f39aa27ac04c43cab85c280eb2e?s=96&d=mm&r=pg\",\"contentUrl\":\"https:\/\/secure.gravatar.com\/avatar\/42263f39aa27ac04c43cab85c280eb2e?s=96&d=mm&r=pg\",\"caption\":\"Kul\"},\"logo\":{\"@id\":\"https:\/\/sandzakpress.net\/arhiva\/#\/schema\/person\/image\/\"}},{\"@type\":\"Person\",\"@id\":\"https:\/\/sandzakpress.net\/arhiva\/#\/schema\/person\/c8baee722073534b583ea7bdb2e36c02\",\"name\":\"bosniak\",\"image\":{\"@type\":\"ImageObject\",\"inLanguage\":\"bs-BA\",\"@id\":\"https:\/\/sandzakpress.net\/arhiva\/#\/schema\/person\/image\/\",\"url\":\"https:\/\/secure.gravatar.com\/avatar\/a04fd330bfe3a36a72a0ad4a6d89fca7?s=96&d=mm&r=pg\",\"contentUrl\":\"https:\/\/secure.gravatar.com\/avatar\/a04fd330bfe3a36a72a0ad4a6d89fca7?s=96&d=mm&r=pg\",\"caption\":\"bosniak\"},\"url\":\"https:\/\/sandzakpress.net\/arhiva\/author\/bosniak\/\"}]}<\/script>\n<!-- \/ Yoast SEO Premium plugin. -->","yoast_head_json":{"title":"Su\u0111enje za Bukovicu","robots":{"index":"index","follow":"follow","max-snippet":"max-snippet:-1","max-image-preview":"max-image-preview:large","max-video-preview":"max-video-preview:-1"},"canonical":"https:\/\/sandzakpress.net\/arhiva\/sudenje-za-bukovicu\/","og_locale":"bs_BA","og_type":"article","og_title":"Su\u0111enje za Bukovicu","og_description":"Pljevlja &#8211; Su\u0111enje sedmorici Pljevljaka, nekada\u0161njih pripadnika Vojske Jugoslavije i policije Crne Gore, za navodno po\u010dinjeno krivi\u010dno djelo postupanje protiv \u010dovje\u010dnosti nad muslimansko-bo\u0161nja\u010dkim \u017eivljem na podru\u010dju Bukovice po\u010dinje 28. juna. Kako je saop\u0161tio njihov branilac advokat Miodrag Golubovi\u0107 su\u0111enje \u0107e po\u010deti ispitivanjem optu\u017eenih. Advokat Golubovi\u0107 ka\u017ee da \u010dvrsto vjeruje u nevinost svojih klijenata i isti\u010de [&hellip;]","og_url":"https:\/\/sandzakpress.net\/arhiva\/sudenje-za-bukovicu\/","og_site_name":"Sand\u017eak PRESS","article_published_time":"2010-06-22T11:07:26+00:00","og_image":[{"width":470,"height":313,"url":"https:\/\/sandzakpress.net\/arhiva\/wp-content\/uploads\/2010\/06\/sudenje_jaksa_cvitanovic_cvik_15_suradnika_medu_optuzenima_ana_birimisa_svi_optuzenici_izjasnili_da_nisu_krivi_tabfull.jpg","type":"image\/jpeg"}],"author":"bosniak","twitter_card":"summary_large_image","twitter_misc":{"Written by":"bosniak","Est. reading time":"2 minute"},"schema":{"@context":"https:\/\/schema.org","@graph":[{"@type":"Article","@id":"https:\/\/sandzakpress.net\/arhiva\/sudenje-za-bukovicu\/#article","isPartOf":{"@id":"https:\/\/sandzakpress.net\/arhiva\/sudenje-za-bukovicu\/"},"author":{"name":"bosniak","@id":"https:\/\/sandzakpress.net\/arhiva\/#\/schema\/person\/c8baee722073534b583ea7bdb2e36c02"},"headline":"Su\u0111enje za Bukovicu","datePublished":"2010-06-22T11:07:26+00:00","mainEntityOfPage":{"@id":"https:\/\/sandzakpress.net\/arhiva\/sudenje-za-bukovicu\/"},"wordCount":401,"commentCount":0,"publisher":{"@id":"https:\/\/sandzakpress.net\/arhiva\/#\/schema\/person\/6e72b67d6e51910a1117b3b483ba20bd"},"image":{"@id":"https:\/\/sandzakpress.net\/arhiva\/sudenje-za-bukovicu\/#primaryimage"},"thumbnailUrl":"https:\/\/sandzakpress.net\/arhiva\/wp-content\/uploads\/2010\/06\/sudenje_jaksa_cvitanovic_cvik_15_suradnika_medu_optuzenima_ana_birimisa_svi_optuzenici_izjasnili_da_nisu_krivi_tabfull.jpg","articleSection":["Pljevlja","Dru\u0161tvo"],"inLanguage":"bs-BA","potentialAction":[{"@type":"CommentAction","name":"Comment","target":["https:\/\/sandzakpress.net\/arhiva\/sudenje-za-bukovicu\/#respond"]}]},{"@type":"WebPage","@id":"https:\/\/sandzakpress.net\/arhiva\/sudenje-za-bukovicu\/","url":"https:\/\/sandzakpress.net\/arhiva\/sudenje-za-bukovicu\/","name":"Su\u0111enje za Bukovicu","isPartOf":{"@id":"https:\/\/sandzakpress.net\/arhiva\/#website"},"primaryImageOfPage":{"@id":"https:\/\/sandzakpress.net\/arhiva\/sudenje-za-bukovicu\/#primaryimage"},"image":{"@id":"https:\/\/sandzakpress.net\/arhiva\/sudenje-za-bukovicu\/#primaryimage"},"thumbnailUrl":"https:\/\/sandzakpress.net\/arhiva\/wp-content\/uploads\/2010\/06\/sudenje_jaksa_cvitanovic_cvik_15_suradnika_medu_optuzenima_ana_birimisa_svi_optuzenici_izjasnili_da_nisu_krivi_tabfull.jpg","datePublished":"2010-06-22T11:07:26+00:00","breadcrumb":{"@id":"https:\/\/sandzakpress.net\/arhiva\/sudenje-za-bukovicu\/#breadcrumb"},"inLanguage":"bs-BA","potentialAction":[{"@type":"ReadAction","target":["https:\/\/sandzakpress.net\/arhiva\/sudenje-za-bukovicu\/"]}]},{"@type":"ImageObject","inLanguage":"bs-BA","@id":"https:\/\/sandzakpress.net\/arhiva\/sudenje-za-bukovicu\/#primaryimage","url":"https:\/\/sandzakpress.net\/arhiva\/wp-content\/uploads\/2010\/06\/sudenje_jaksa_cvitanovic_cvik_15_suradnika_medu_optuzenima_ana_birimisa_svi_optuzenici_izjasnili_da_nisu_krivi_tabfull.jpg","contentUrl":"https:\/\/sandzakpress.net\/arhiva\/wp-content\/uploads\/2010\/06\/sudenje_jaksa_cvitanovic_cvik_15_suradnika_medu_optuzenima_ana_birimisa_svi_optuzenici_izjasnili_da_nisu_krivi_tabfull.jpg","width":"470","height":"313"},{"@type":"BreadcrumbList","@id":"https:\/\/sandzakpress.net\/arhiva\/sudenje-za-bukovicu\/#breadcrumb","itemListElement":[{"@type":"ListItem","position":1,"name":"Home","item":"https:\/\/sandzakpress.net\/arhiva\/"},{"@type":"ListItem","position":2,"name":"Su\u0111enje za Bukovicu"}]},{"@type":"WebSite","@id":"https:\/\/sandzakpress.net\/arhiva\/#website","url":"https:\/\/sandzakpress.net\/arhiva\/","name":"Sand\u017eak PRESS","description":"Prve elektronske novine u Sand\u017eaku","publisher":{"@id":"https:\/\/sandzakpress.net\/arhiva\/#\/schema\/person\/6e72b67d6e51910a1117b3b483ba20bd"},"potentialAction":[{"@type":"SearchAction","target":{"@type":"EntryPoint","urlTemplate":"https:\/\/sandzakpress.net\/arhiva\/?s={search_term_string}"},"query-input":{"@type":"PropertyValueSpecification","valueRequired":true,"valueName":"search_term_string"}}],"inLanguage":"bs-BA"},{"@type":["Person","Organization"],"@id":"https:\/\/sandzakpress.net\/arhiva\/#\/schema\/person\/6e72b67d6e51910a1117b3b483ba20bd","name":"Kul","image":{"@type":"ImageObject","inLanguage":"bs-BA","@id":"https:\/\/sandzakpress.net\/arhiva\/#\/schema\/person\/image\/","url":"https:\/\/secure.gravatar.com\/avatar\/42263f39aa27ac04c43cab85c280eb2e?s=96&d=mm&r=pg","contentUrl":"https:\/\/secure.gravatar.com\/avatar\/42263f39aa27ac04c43cab85c280eb2e?s=96&d=mm&r=pg","caption":"Kul"},"logo":{"@id":"https:\/\/sandzakpress.net\/arhiva\/#\/schema\/person\/image\/"}},{"@type":"Person","@id":"https:\/\/sandzakpress.net\/arhiva\/#\/schema\/person\/c8baee722073534b583ea7bdb2e36c02","name":"bosniak","image":{"@type":"ImageObject","inLanguage":"bs-BA","@id":"https:\/\/sandzakpress.net\/arhiva\/#\/schema\/person\/image\/","url":"https:\/\/secure.gravatar.com\/avatar\/a04fd330bfe3a36a72a0ad4a6d89fca7?s=96&d=mm&r=pg","contentUrl":"https:\/\/secure.gravatar.com\/avatar\/a04fd330bfe3a36a72a0ad4a6d89fca7?s=96&d=mm&r=pg","caption":"bosniak"},"url":"https:\/\/sandzakpress.net\/arhiva\/author\/bosniak\/"}]}},"_links":{"self":[{"href":"https:\/\/sandzakpress.net\/arhiva\/wp-json\/wp\/v2\/posts\/5147"}],"collection":[{"href":"https:\/\/sandzakpress.net\/arhiva\/wp-json\/wp\/v2\/posts"}],"about":[{"href":"https:\/\/sandzakpress.net\/arhiva\/wp-json\/wp\/v2\/types\/post"}],"author":[{"embeddable":true,"href":"https:\/\/sandzakpress.net\/arhiva\/wp-json\/wp\/v2\/users\/83"}],"replies":[{"embeddable":true,"href":"https:\/\/sandzakpress.net\/arhiva\/wp-json\/wp\/v2\/comments?post=5147"}],"version-history":[{"count":0,"href":"https:\/\/sandzakpress.net\/arhiva\/wp-json\/wp\/v2\/posts\/5147\/revisions"}],"wp:featuredmedia":[{"embeddable":true,"href":"https:\/\/sandzakpress.net\/arhiva\/wp-json\/wp\/v2\/media\/5148"}],"wp:attachment":[{"href":"https:\/\/sandzakpress.net\/arhiva\/wp-json\/wp\/v2\/media?parent=5147"}],"wp:term":[{"taxonomy":"category","embeddable":true,"href":"https:\/\/sandzakpress.net\/arhiva\/wp-json\/wp\/v2\/categories?post=5147"},{"taxonomy":"post_tag","embeddable":true,"href":"https:\/\/sandzakpress.net\/arhiva\/wp-json\/wp\/v2\/tags?post=5147"}],"curies":[{"name":"wp","href":"https:\/\/api.w.org\/{rel}","templated":true}]}}