{"id":51453,"date":"2012-09-25T16:35:45","date_gmt":"2012-09-25T14:35:45","guid":{"rendered":"https:\/\/sandzakpress.net\/arhiva\/?p=51453"},"modified":"2012-09-25T16:36:41","modified_gmt":"2012-09-25T14:36:41","slug":"beograd-ocekuje-pregovore-pristina-primenu-sporazuma","status":"publish","type":"post","link":"https:\/\/sandzakpress.net\/arhiva\/beograd-ocekuje-pregovore-pristina-primenu-sporazuma\/","title":{"rendered":"Beograd o\u010dekuje pregovore, Pri\u0161tina primenu sporazuma"},"content":{"rendered":"<p><strong><a href=\"https:\/\/sandzakpress.net\/arhiva\/wp-content\/uploads\/2012\/09\/BDDD9492-7D2D-46D3-AD92-AB68748B581D_w640_r1_s.jpg\"><img loading=\"lazy\" decoding=\"async\" class=\"alignleft size-medium wp-image-51454\" title=\"BDDD9492-7D2D-46D3-AD92-AB68748B581D_w640_r1_s\" src=\"https:\/\/sandzakpress.net\/arhiva\/wp-content\/uploads\/2012\/09\/BDDD9492-7D2D-46D3-AD92-AB68748B581D_w640_r1_s-300x168.jpg\" alt=\"\" width=\"300\" height=\"168\" \/><\/a>Srbija, Kosovo &#8211; Ho\u0107e li, nakon predaje pisma Briselu, u kome se obavezuje srpska strana da \u0107e primjeniti postignute dogovore sa Pri\u0161tinom, uklju\u010duju\u0107i i Sporazum o integrisanom upravljanju granicama, uslediti konkrektni koraci na terenu?\u00a0Zajedni\u010dka kontrola prelaza u skladu sa dogovorom.<br \/>\n<\/strong><br \/>\nSude\u0107i po srpskoj strani, od toga za sada ni\u0161ta. Umesto toga, Beograd najavljuje te\u0161ke i duge pregovore o primeni dogovorenog \u201cSporazuma o integrisanom upravljanju administrativnim prelazima\u201d, dok Pri\u0161tina tra\u017ei konkretne pomake na granici sa Srbijom, pre svega na sjeveru.<\/p>\n<p>U javnosti je bilo zabune oko toga \u0161ta sadr\u017ei sporazum o integrisanom upravljanju granicama, odnosno Tehni\u010dki protokol koji je potpisan krajem februara ove godine a \u0161ta pismo koje je potpisala nova srpska Vlada.<\/p>\n<p>Posle dugog i mu\u010dnog obja\u0161njavanja srpskoj javnosti da se nova Vlada u pismu Briselu nije obavezala na uvodjenje klasi\u010dnih grani\u010dnih kontrola, posebno na sjeveru Kosova,.<\/p>\n<p><strong>Dejan Pavi\u0107evi\u0107<\/strong>, \u0161ef tima za pregovore sa Pri\u0161tinom koji se nalazi u Briselu, izjavio je za RSE da novih grani\u010dnih slu\u017ebi ne\u0107e biti ni za mjesec-dva, da \u0107e Beograd insistirati da kosovski carinici budu posmatra\u010di, a da izvr\u0161nu funkiju obavlja EULEKS.<\/p>\n<p><em>\u201eTo je pitanje o kojem \u0107e se razgovarati na radnim grupama. Kako \u0107e to izgledati, kako \u0107e funkcionisati. Cela poenta integrisane administrativne linije jeste da ne bude kao do sada da vi pro\u0111ete jedan punkt, pa imate, da ka\u017eemo ni\u010diju zemlju, pa drugi punkt, nego \u0107e postojati jedan punkt na kojem \u0107e zajedni\u010dki raditi.To uop\u0161te ne\u0107e izgledati kao granica, nego kao kontrolni punkt. Ovde \u0107e biti jedna rampa. Ne\u0107e biti dve strane, pa pro\u0111ete jednu kontrolu pa ni\u010diju zemlju, pa drugu kontrolu\u201c<\/em>, ka\u017ee Pavi\u0107evi\u0107.<\/p>\n<div>\n<div id=\"expandSmall59d8f841238b4587be6026597619161a\">\n<div><img decoding=\"async\" src=\"http:\/\/gdb.rferl.org\/0AB488B1-6307-4A81-AE69-11D1115C9312_w268_r1.jpg\" border=\"0\" alt=\"\" \/>Edita Tahiri<\/div>\n<div><\/div>\n<\/div>\n<\/div>\n<p>\u200b\u200bU Pri\u0161tini su uzdr\u017eani u komentarima.Na\u0161em Radiju je \u0161efica kosvoskog pregvoara\u010dkog tima\u00a0<strong>Edita Tahiri<\/strong> kratko rekla da Srbija nije pokazala spremnost da sprovede sporazum o zajedni\u010dkoj kontroli granica.<\/p>\n<p><em>\u201cSrbija je konstantno davala izjave, ali to nije dovoljno. Srbija mora da ide dalje od verbalnog i da primjenjuje prakti\u010dno sve sporazume, uklju\u010duju\u0107i i sporazum o integrisanom upravljanju granicom. Tra\u017eili smo od Evropske unije da pove\u0107a pritisak na Srbiju. Nismo videli u tome zna\u010dajnu posve\u0107enost Srbije. O\u010dekuje se da se vidi\u201d<\/em>, ka\u017ee Tahiri.<\/p>\n<p><strong>Kontrolni punktovi?<\/strong><\/p>\n<p>Premijer Srbije\u00a0<strong>Ivica Da\u010di\u0107<\/strong> oglasio se kao potpora briselskim poslovima novog \u0161efa pregovara\u010dkog tima, on je rekao da je prethodni pregovara\u010d\u00a0<strong>Borislav Stefanovi\u0107<\/strong> dosta toga dogovorio, \u0161to usmeno \u0161to pismeno, ali da se nije obavezala tada\u0161nja Vlada da \u0107e to primentiti:<\/p>\n<p><em>\u201cMi smo to sada uradili, jer drugog izbora nismo imali. Drugi je izbor da ka\u017eemo da ne prihvatamo ni\u0161ta od onoga \u0161to je prethodna Vlada dogovorila, ali mislim da svi gra\u0111ani Srbije znaju \u0161ta to zna\u010di\u201d<\/em>, rekao je Da\u010di\u0107.<\/p>\n<p>Za razliku od Pri\u0161tine koja o\u010dekuje brzu primenu sporazuma na terenu, Beograd najavljuje duge i te\u0161ke pregovore u okviru radnih grupa.<\/p>\n<p><em>\u201cImplementacione grupe \u0107e postojati na vi\u0161e razli\u010ditih nivoa i one \u0107e biti formirane ne\u00a0znamo kada i to \u0107e danas biti tema razgovora&#8221;<\/em>, ka\u017ee\u00a0Dejan Pavi\u0107evi\u0107.<\/p>\n<p>Na pitanje da li o\u010dekuje da \u0107e se pojaviti kontrolni punktovi na severu Kosova u skladu sa ovim dogovorom, za mjesec ili dva, Pavi\u0107evi\u0107 odgovara:<\/p>\n<p><em>&#8220;Ne, tako brzo ne. Pitanje rada grupa, uskla\u0111ivanje svega i sad imamo jedan tehni\u010dki protokol koji je vrlo \u0161iroko postavljen i na osnovu koga ne mo\u017ee da se u\u0111e u takvu vrstu implementacije.&#8221;<\/em><\/p>\n<p>Dogovorom o upravljanju prelazima stvaraju se prvi uslovi o spre\u010davanju golemog \u0161verca koji se odvija iz Srbije na Kosovo, ka\u017ee direktor Centra za regionalizam\u00a0<strong>Aleksandar Popov<\/strong>.<\/p>\n<p><em>&#8220;Centar za regionalizam je sproveo jedno istra\u017eivanje koji je finansirala EU gde smo do\u0161li do podataka ukr\u0161taju\u0107i podatke sa kosovske strane i od strane na\u0161ih zvani\u010dnih organa, ali ujedno i procenjuju\u0107i na osnovu percepcije poslovnih ljudi gde je glavni tranzitni centar tih roba, koliki je obim sive zone u prometu i utvrdili smo da je to \u010dak 40 odsto. To je ogromno podru\u010dje za nelegalno boga\u0107enje pojedinaca sa obe strane i tu postoji apsolutno albansko \u2013 srpsko bratstvo i jedinstvo u kriminalu. Ovo je jedini na\u010din zapravo da se spre\u010di da ilegalna trgovina koja o\u0161te\u0107uje bud\u017eete i Srbije i Kosova i ba\u0161 u Insajderu se videlo da su to cifre koje se kre\u0107u u stotinama miliona evra\u201c<\/em>, nagla\u0161ava Popov.<\/p>\n<p>(slobodnaevropa)<\/p>\n","protected":false},"excerpt":{"rendered":"<p>Srbija, Kosovo &#8211; Ho\u0107e li, nakon predaje pisma Briselu, u kome se obavezuje srpska strana da \u0107e primjeniti postignute dogovore sa Pri\u0161tinom, uklju\u010duju\u0107i i Sporazum o integrisanom upravljanju granicama, uslediti konkrektni koraci na terenu?\u00a0Zajedni\u010dka kontrola prelaza u skladu sa dogovorom. Sude\u0107i po srpskoj strani, od toga za sada ni\u0161ta. Umesto toga, Beograd najavljuje te\u0161ke i [&hellip;]<\/p>\n","protected":false},"author":16,"featured_media":51454,"comment_status":"open","ping_status":"open","sticky":false,"template":"","format":"standard","meta":{"footnotes":""},"categories":[2690],"tags":[],"class_list":{"0":"post-51453","1":"post","2":"type-post","3":"status-publish","4":"format-standard","5":"has-post-thumbnail","7":"category-kosovo-gradovi"},"yoast_head":"<!-- This site is optimized with the Yoast SEO Premium plugin v23.1 (Yoast SEO v24.9) - https:\/\/yoast.com\/wordpress\/plugins\/seo\/ -->\n<title>Beograd o\u010dekuje pregovore, Pri\u0161tina primenu sporazuma<\/title>\n<meta name=\"robots\" content=\"index, follow, max-snippet:-1, max-image-preview:large, max-video-preview:-1\" \/>\n<link rel=\"canonical\" href=\"https:\/\/sandzakpress.net\/arhiva\/beograd-ocekuje-pregovore-pristina-primenu-sporazuma\/\" \/>\n<meta property=\"og:locale\" content=\"bs_BA\" \/>\n<meta property=\"og:type\" content=\"article\" \/>\n<meta property=\"og:title\" content=\"Beograd o\u010dekuje pregovore, Pri\u0161tina primenu sporazuma\" \/>\n<meta property=\"og:description\" content=\"Srbija, Kosovo &#8211; Ho\u0107e li, nakon predaje pisma Briselu, u kome se obavezuje srpska strana da \u0107e primjeniti postignute dogovore sa Pri\u0161tinom, uklju\u010duju\u0107i i Sporazum o integrisanom upravljanju granicama, uslediti konkrektni koraci na terenu?\u00a0Zajedni\u010dka kontrola prelaza u skladu sa dogovorom. Sude\u0107i po srpskoj strani, od toga za sada ni\u0161ta. Umesto toga, Beograd najavljuje te\u0161ke i [&hellip;]\" \/>\n<meta property=\"og:url\" content=\"https:\/\/sandzakpress.net\/arhiva\/beograd-ocekuje-pregovore-pristina-primenu-sporazuma\/\" \/>\n<meta property=\"og:site_name\" content=\"Sand\u017eak PRESS\" \/>\n<meta property=\"article:published_time\" content=\"2012-09-25T14:35:45+00:00\" \/>\n<meta property=\"article:modified_time\" content=\"2012-09-25T14:36:41+00:00\" \/>\n<meta property=\"og:image\" content=\"https:\/\/sandzakpress.net\/arhiva\/wp-content\/uploads\/2012\/09\/BDDD9492-7D2D-46D3-AD92-AB68748B581D_w640_r1_s.jpg\" \/>\n\t<meta property=\"og:image:width\" content=\"616\" \/>\n\t<meta property=\"og:image:height\" content=\"346\" \/>\n\t<meta property=\"og:image:type\" content=\"image\/jpeg\" \/>\n<meta name=\"twitter:card\" content=\"summary_large_image\" \/>\n<meta name=\"twitter:label1\" content=\"Written by\" \/>\n\t<meta name=\"twitter:data1\" content=\"\" \/>\n\t<meta name=\"twitter:label2\" content=\"Est. reading time\" \/>\n\t<meta name=\"twitter:data2\" content=\"4 minute\" \/>\n<script type=\"application\/ld+json\" class=\"yoast-schema-graph\">{\"@context\":\"https:\/\/schema.org\",\"@graph\":[{\"@type\":\"Article\",\"@id\":\"https:\/\/sandzakpress.net\/arhiva\/beograd-ocekuje-pregovore-pristina-primenu-sporazuma\/#article\",\"isPartOf\":{\"@id\":\"https:\/\/sandzakpress.net\/arhiva\/beograd-ocekuje-pregovore-pristina-primenu-sporazuma\/\"},\"author\":{\"name\":\"\",\"@id\":\"\"},\"headline\":\"Beograd o\u010dekuje pregovore, Pri\u0161tina primenu sporazuma\",\"datePublished\":\"2012-09-25T14:35:45+00:00\",\"dateModified\":\"2012-09-25T14:36:41+00:00\",\"mainEntityOfPage\":{\"@id\":\"https:\/\/sandzakpress.net\/arhiva\/beograd-ocekuje-pregovore-pristina-primenu-sporazuma\/\"},\"wordCount\":774,\"commentCount\":0,\"publisher\":{\"@id\":\"https:\/\/sandzakpress.net\/arhiva\/#\/schema\/person\/6e72b67d6e51910a1117b3b483ba20bd\"},\"image\":{\"@id\":\"https:\/\/sandzakpress.net\/arhiva\/beograd-ocekuje-pregovore-pristina-primenu-sporazuma\/#primaryimage\"},\"thumbnailUrl\":\"https:\/\/sandzakpress.net\/arhiva\/wp-content\/uploads\/2012\/09\/BDDD9492-7D2D-46D3-AD92-AB68748B581D_w640_r1_s.jpg\",\"articleSection\":[\"Kosovo\"],\"inLanguage\":\"bs-BA\",\"potentialAction\":[{\"@type\":\"CommentAction\",\"name\":\"Comment\",\"target\":[\"https:\/\/sandzakpress.net\/arhiva\/beograd-ocekuje-pregovore-pristina-primenu-sporazuma\/#respond\"]}]},{\"@type\":\"WebPage\",\"@id\":\"https:\/\/sandzakpress.net\/arhiva\/beograd-ocekuje-pregovore-pristina-primenu-sporazuma\/\",\"url\":\"https:\/\/sandzakpress.net\/arhiva\/beograd-ocekuje-pregovore-pristina-primenu-sporazuma\/\",\"name\":\"Beograd o\u010dekuje pregovore, Pri\u0161tina primenu sporazuma\",\"isPartOf\":{\"@id\":\"https:\/\/sandzakpress.net\/arhiva\/#website\"},\"primaryImageOfPage\":{\"@id\":\"https:\/\/sandzakpress.net\/arhiva\/beograd-ocekuje-pregovore-pristina-primenu-sporazuma\/#primaryimage\"},\"image\":{\"@id\":\"https:\/\/sandzakpress.net\/arhiva\/beograd-ocekuje-pregovore-pristina-primenu-sporazuma\/#primaryimage\"},\"thumbnailUrl\":\"https:\/\/sandzakpress.net\/arhiva\/wp-content\/uploads\/2012\/09\/BDDD9492-7D2D-46D3-AD92-AB68748B581D_w640_r1_s.jpg\",\"datePublished\":\"2012-09-25T14:35:45+00:00\",\"dateModified\":\"2012-09-25T14:36:41+00:00\",\"breadcrumb\":{\"@id\":\"https:\/\/sandzakpress.net\/arhiva\/beograd-ocekuje-pregovore-pristina-primenu-sporazuma\/#breadcrumb\"},\"inLanguage\":\"bs-BA\",\"potentialAction\":[{\"@type\":\"ReadAction\",\"target\":[\"https:\/\/sandzakpress.net\/arhiva\/beograd-ocekuje-pregovore-pristina-primenu-sporazuma\/\"]}]},{\"@type\":\"ImageObject\",\"inLanguage\":\"bs-BA\",\"@id\":\"https:\/\/sandzakpress.net\/arhiva\/beograd-ocekuje-pregovore-pristina-primenu-sporazuma\/#primaryimage\",\"url\":\"https:\/\/sandzakpress.net\/arhiva\/wp-content\/uploads\/2012\/09\/BDDD9492-7D2D-46D3-AD92-AB68748B581D_w640_r1_s.jpg\",\"contentUrl\":\"https:\/\/sandzakpress.net\/arhiva\/wp-content\/uploads\/2012\/09\/BDDD9492-7D2D-46D3-AD92-AB68748B581D_w640_r1_s.jpg\",\"width\":616,\"height\":346},{\"@type\":\"BreadcrumbList\",\"@id\":\"https:\/\/sandzakpress.net\/arhiva\/beograd-ocekuje-pregovore-pristina-primenu-sporazuma\/#breadcrumb\",\"itemListElement\":[{\"@type\":\"ListItem\",\"position\":1,\"name\":\"Home\",\"item\":\"https:\/\/sandzakpress.net\/arhiva\/\"},{\"@type\":\"ListItem\",\"position\":2,\"name\":\"Beograd o\u010dekuje pregovore, Pri\u0161tina primenu sporazuma\"}]},{\"@type\":\"WebSite\",\"@id\":\"https:\/\/sandzakpress.net\/arhiva\/#website\",\"url\":\"https:\/\/sandzakpress.net\/arhiva\/\",\"name\":\"Sand\u017eak PRESS\",\"description\":\"Prve elektronske novine u Sand\u017eaku\",\"publisher\":{\"@id\":\"https:\/\/sandzakpress.net\/arhiva\/#\/schema\/person\/6e72b67d6e51910a1117b3b483ba20bd\"},\"potentialAction\":[{\"@type\":\"SearchAction\",\"target\":{\"@type\":\"EntryPoint\",\"urlTemplate\":\"https:\/\/sandzakpress.net\/arhiva\/?s={search_term_string}\"},\"query-input\":{\"@type\":\"PropertyValueSpecification\",\"valueRequired\":true,\"valueName\":\"search_term_string\"}}],\"inLanguage\":\"bs-BA\"},{\"@type\":[\"Person\",\"Organization\"],\"@id\":\"https:\/\/sandzakpress.net\/arhiva\/#\/schema\/person\/6e72b67d6e51910a1117b3b483ba20bd\",\"name\":\"Kul\",\"image\":{\"@type\":\"ImageObject\",\"inLanguage\":\"bs-BA\",\"@id\":\"https:\/\/sandzakpress.net\/arhiva\/#\/schema\/person\/image\/\",\"url\":\"https:\/\/secure.gravatar.com\/avatar\/42263f39aa27ac04c43cab85c280eb2e?s=96&d=mm&r=pg\",\"contentUrl\":\"https:\/\/secure.gravatar.com\/avatar\/42263f39aa27ac04c43cab85c280eb2e?s=96&d=mm&r=pg\",\"caption\":\"Kul\"},\"logo\":{\"@id\":\"https:\/\/sandzakpress.net\/arhiva\/#\/schema\/person\/image\/\"}},{\"@type\":\"Person\",\"@id\":\"\",\"url\":\"https:\/\/sandzakpress.net\/arhiva\/author\/\"}]}<\/script>\n<!-- \/ Yoast SEO Premium plugin. -->","yoast_head_json":{"title":"Beograd o\u010dekuje pregovore, Pri\u0161tina primenu sporazuma","robots":{"index":"index","follow":"follow","max-snippet":"max-snippet:-1","max-image-preview":"max-image-preview:large","max-video-preview":"max-video-preview:-1"},"canonical":"https:\/\/sandzakpress.net\/arhiva\/beograd-ocekuje-pregovore-pristina-primenu-sporazuma\/","og_locale":"bs_BA","og_type":"article","og_title":"Beograd o\u010dekuje pregovore, Pri\u0161tina primenu sporazuma","og_description":"Srbija, Kosovo &#8211; Ho\u0107e li, nakon predaje pisma Briselu, u kome se obavezuje srpska strana da \u0107e primjeniti postignute dogovore sa Pri\u0161tinom, uklju\u010duju\u0107i i Sporazum o integrisanom upravljanju granicama, uslediti konkrektni koraci na terenu?\u00a0Zajedni\u010dka kontrola prelaza u skladu sa dogovorom. Sude\u0107i po srpskoj strani, od toga za sada ni\u0161ta. Umesto toga, Beograd najavljuje te\u0161ke i [&hellip;]","og_url":"https:\/\/sandzakpress.net\/arhiva\/beograd-ocekuje-pregovore-pristina-primenu-sporazuma\/","og_site_name":"Sand\u017eak PRESS","article_published_time":"2012-09-25T14:35:45+00:00","article_modified_time":"2012-09-25T14:36:41+00:00","og_image":[{"width":616,"height":346,"url":"https:\/\/sandzakpress.net\/arhiva\/wp-content\/uploads\/2012\/09\/BDDD9492-7D2D-46D3-AD92-AB68748B581D_w640_r1_s.jpg","type":"image\/jpeg"}],"twitter_card":"summary_large_image","twitter_misc":{"Written by":"","Est. reading time":"4 minute"},"schema":{"@context":"https:\/\/schema.org","@graph":[{"@type":"Article","@id":"https:\/\/sandzakpress.net\/arhiva\/beograd-ocekuje-pregovore-pristina-primenu-sporazuma\/#article","isPartOf":{"@id":"https:\/\/sandzakpress.net\/arhiva\/beograd-ocekuje-pregovore-pristina-primenu-sporazuma\/"},"author":{"name":"","@id":""},"headline":"Beograd o\u010dekuje pregovore, Pri\u0161tina primenu sporazuma","datePublished":"2012-09-25T14:35:45+00:00","dateModified":"2012-09-25T14:36:41+00:00","mainEntityOfPage":{"@id":"https:\/\/sandzakpress.net\/arhiva\/beograd-ocekuje-pregovore-pristina-primenu-sporazuma\/"},"wordCount":774,"commentCount":0,"publisher":{"@id":"https:\/\/sandzakpress.net\/arhiva\/#\/schema\/person\/6e72b67d6e51910a1117b3b483ba20bd"},"image":{"@id":"https:\/\/sandzakpress.net\/arhiva\/beograd-ocekuje-pregovore-pristina-primenu-sporazuma\/#primaryimage"},"thumbnailUrl":"https:\/\/sandzakpress.net\/arhiva\/wp-content\/uploads\/2012\/09\/BDDD9492-7D2D-46D3-AD92-AB68748B581D_w640_r1_s.jpg","articleSection":["Kosovo"],"inLanguage":"bs-BA","potentialAction":[{"@type":"CommentAction","name":"Comment","target":["https:\/\/sandzakpress.net\/arhiva\/beograd-ocekuje-pregovore-pristina-primenu-sporazuma\/#respond"]}]},{"@type":"WebPage","@id":"https:\/\/sandzakpress.net\/arhiva\/beograd-ocekuje-pregovore-pristina-primenu-sporazuma\/","url":"https:\/\/sandzakpress.net\/arhiva\/beograd-ocekuje-pregovore-pristina-primenu-sporazuma\/","name":"Beograd o\u010dekuje pregovore, Pri\u0161tina primenu sporazuma","isPartOf":{"@id":"https:\/\/sandzakpress.net\/arhiva\/#website"},"primaryImageOfPage":{"@id":"https:\/\/sandzakpress.net\/arhiva\/beograd-ocekuje-pregovore-pristina-primenu-sporazuma\/#primaryimage"},"image":{"@id":"https:\/\/sandzakpress.net\/arhiva\/beograd-ocekuje-pregovore-pristina-primenu-sporazuma\/#primaryimage"},"thumbnailUrl":"https:\/\/sandzakpress.net\/arhiva\/wp-content\/uploads\/2012\/09\/BDDD9492-7D2D-46D3-AD92-AB68748B581D_w640_r1_s.jpg","datePublished":"2012-09-25T14:35:45+00:00","dateModified":"2012-09-25T14:36:41+00:00","breadcrumb":{"@id":"https:\/\/sandzakpress.net\/arhiva\/beograd-ocekuje-pregovore-pristina-primenu-sporazuma\/#breadcrumb"},"inLanguage":"bs-BA","potentialAction":[{"@type":"ReadAction","target":["https:\/\/sandzakpress.net\/arhiva\/beograd-ocekuje-pregovore-pristina-primenu-sporazuma\/"]}]},{"@type":"ImageObject","inLanguage":"bs-BA","@id":"https:\/\/sandzakpress.net\/arhiva\/beograd-ocekuje-pregovore-pristina-primenu-sporazuma\/#primaryimage","url":"https:\/\/sandzakpress.net\/arhiva\/wp-content\/uploads\/2012\/09\/BDDD9492-7D2D-46D3-AD92-AB68748B581D_w640_r1_s.jpg","contentUrl":"https:\/\/sandzakpress.net\/arhiva\/wp-content\/uploads\/2012\/09\/BDDD9492-7D2D-46D3-AD92-AB68748B581D_w640_r1_s.jpg","width":616,"height":346},{"@type":"BreadcrumbList","@id":"https:\/\/sandzakpress.net\/arhiva\/beograd-ocekuje-pregovore-pristina-primenu-sporazuma\/#breadcrumb","itemListElement":[{"@type":"ListItem","position":1,"name":"Home","item":"https:\/\/sandzakpress.net\/arhiva\/"},{"@type":"ListItem","position":2,"name":"Beograd o\u010dekuje pregovore, Pri\u0161tina primenu sporazuma"}]},{"@type":"WebSite","@id":"https:\/\/sandzakpress.net\/arhiva\/#website","url":"https:\/\/sandzakpress.net\/arhiva\/","name":"Sand\u017eak PRESS","description":"Prve elektronske novine u Sand\u017eaku","publisher":{"@id":"https:\/\/sandzakpress.net\/arhiva\/#\/schema\/person\/6e72b67d6e51910a1117b3b483ba20bd"},"potentialAction":[{"@type":"SearchAction","target":{"@type":"EntryPoint","urlTemplate":"https:\/\/sandzakpress.net\/arhiva\/?s={search_term_string}"},"query-input":{"@type":"PropertyValueSpecification","valueRequired":true,"valueName":"search_term_string"}}],"inLanguage":"bs-BA"},{"@type":["Person","Organization"],"@id":"https:\/\/sandzakpress.net\/arhiva\/#\/schema\/person\/6e72b67d6e51910a1117b3b483ba20bd","name":"Kul","image":{"@type":"ImageObject","inLanguage":"bs-BA","@id":"https:\/\/sandzakpress.net\/arhiva\/#\/schema\/person\/image\/","url":"https:\/\/secure.gravatar.com\/avatar\/42263f39aa27ac04c43cab85c280eb2e?s=96&d=mm&r=pg","contentUrl":"https:\/\/secure.gravatar.com\/avatar\/42263f39aa27ac04c43cab85c280eb2e?s=96&d=mm&r=pg","caption":"Kul"},"logo":{"@id":"https:\/\/sandzakpress.net\/arhiva\/#\/schema\/person\/image\/"}},{"@type":"Person","@id":"","url":"https:\/\/sandzakpress.net\/arhiva\/author\/"}]}},"_links":{"self":[{"href":"https:\/\/sandzakpress.net\/arhiva\/wp-json\/wp\/v2\/posts\/51453"}],"collection":[{"href":"https:\/\/sandzakpress.net\/arhiva\/wp-json\/wp\/v2\/posts"}],"about":[{"href":"https:\/\/sandzakpress.net\/arhiva\/wp-json\/wp\/v2\/types\/post"}],"author":[{"embeddable":true,"href":"https:\/\/sandzakpress.net\/arhiva\/wp-json\/wp\/v2\/users\/16"}],"replies":[{"embeddable":true,"href":"https:\/\/sandzakpress.net\/arhiva\/wp-json\/wp\/v2\/comments?post=51453"}],"version-history":[{"count":0,"href":"https:\/\/sandzakpress.net\/arhiva\/wp-json\/wp\/v2\/posts\/51453\/revisions"}],"wp:featuredmedia":[{"embeddable":true,"href":"https:\/\/sandzakpress.net\/arhiva\/wp-json\/wp\/v2\/media\/51454"}],"wp:attachment":[{"href":"https:\/\/sandzakpress.net\/arhiva\/wp-json\/wp\/v2\/media?parent=51453"}],"wp:term":[{"taxonomy":"category","embeddable":true,"href":"https:\/\/sandzakpress.net\/arhiva\/wp-json\/wp\/v2\/categories?post=51453"},{"taxonomy":"post_tag","embeddable":true,"href":"https:\/\/sandzakpress.net\/arhiva\/wp-json\/wp\/v2\/tags?post=51453"}],"curies":[{"name":"wp","href":"https:\/\/api.w.org\/{rel}","templated":true}]}}