{"id":51311,"date":"2012-09-24T15:54:27","date_gmt":"2012-09-24T13:54:27","guid":{"rendered":"https:\/\/sandzakpress.net\/arhiva\/?p=51311"},"modified":"2012-09-24T15:54:50","modified_gmt":"2012-09-24T13:54:50","slug":"u-zoni-np-%e2%80%9eprokletije%e2%80%9d-%e2%80%93-sumokradice-su-nemjerno-podmecali-pozare","status":"publish","type":"post","link":"https:\/\/sandzakpress.net\/arhiva\/u-zoni-np-%e2%80%9eprokletije%e2%80%9d-%e2%80%93-sumokradice-su-nemjerno-podmecali-pozare\/","title":{"rendered":"U zoni NP \u201eProkletije\u201d \u2013 \u0161umokradice su nemjerno podme\u0107ali po\u017eare"},"content":{"rendered":"<p><strong><a href=\"https:\/\/sandzakpress.net\/arhiva\/wp-content\/uploads\/2012\/09\/plav-g-300x143.jpg\"><img loading=\"lazy\" decoding=\"async\" class=\"alignleft size-full wp-image-51312\" title=\"plav-g-300x143\" src=\"https:\/\/sandzakpress.net\/arhiva\/wp-content\/uploads\/2012\/09\/plav-g-300x143.jpg\" alt=\"\" width=\"300\" height=\"143\" \/><\/a>Plav &#8211; Prilikom obilaska terena zate\u010deni su po\u017eari u zoni planina Hrida, Bjelaje, Memine planine i Zabelja, gdje je stradala i privatna \u0161uma vlasnika Ja\u0161ara Vu\u010detovi\u0107a i Bajama Sefi\u0107a,isti\u010de Dre\u0161kovi\u0107.<\/strong><\/p>\n<p>On je dodao da po\u017eari osim dr\u017eavne \u0161ume,zahvataju i komplekse privatne \u0161ume,zahvatili su tada i komplekse private \u0161ume,gdje su\u00a0 se u ga\u0161enju \u0161umskih po\u017eara\u00a0 pored plavskih vatrogasaca uklju\u010divali i vlasnici privatnih \u0161uma sa svojim porodicama.<\/p>\n<p>-\u0160umokradice koji izazivaju po\u017eare, to rade perfidno i planski,kako bi zavarali trag nelegalne sje\u010de \u0161ume. Obavijestili smo Odjeljenje za privredni krimilan Ispostave policije u Plavu i Republi\u010dkog \u0161umarskog inspektora, koji \u0107e preduzeti radnje i mjere u okviru svojih nadle\u017enosti i po\u010dinioce privesti pravdi,kazao je Dre\u0161kovi\u0107.<\/p>\n<p>(Pobjeda)<\/p>\n","protected":false},"excerpt":{"rendered":"<p>Plav &#8211; Prilikom obilaska terena zate\u010deni su po\u017eari u zoni planina Hrida, Bjelaje, Memine planine i Zabelja, gdje je stradala i privatna \u0161uma vlasnika Ja\u0161ara Vu\u010detovi\u0107a i Bajama Sefi\u0107a,isti\u010de Dre\u0161kovi\u0107. On je dodao da po\u017eari osim dr\u017eavne \u0161ume,zahvataju i komplekse privatne \u0161ume,zahvatili su tada i komplekse private \u0161ume,gdje su\u00a0 se u ga\u0161enju \u0161umskih po\u017eara\u00a0 pored [&hellip;]<\/p>\n","protected":false},"author":16,"featured_media":51312,"comment_status":"open","ping_status":"open","sticky":false,"template":"","format":"standard","meta":{"footnotes":""},"categories":[399,5],"tags":[],"class_list":{"0":"post-51311","1":"post","2":"type-post","3":"status-publish","4":"format-standard","5":"has-post-thumbnail","7":"category-plav_","8":"category-drustvo"},"yoast_head":"<!-- This site is optimized with the Yoast SEO Premium plugin v23.1 (Yoast SEO v24.9) - https:\/\/yoast.com\/wordpress\/plugins\/seo\/ -->\n<title>U zoni NP \u201eProkletije\u201d \u2013 \u0161umokradice su nemjerno podme\u0107ali po\u017eare<\/title>\n<meta name=\"robots\" content=\"index, follow, max-snippet:-1, max-image-preview:large, max-video-preview:-1\" \/>\n<link rel=\"canonical\" href=\"https:\/\/sandzakpress.net\/arhiva\/u-zoni-np-\u201eprokletije\u201d-\u2013-sumokradice-su-nemjerno-podmecali-pozare\/\" \/>\n<meta property=\"og:locale\" content=\"bs_BA\" \/>\n<meta property=\"og:type\" content=\"article\" \/>\n<meta property=\"og:title\" content=\"U zoni NP \u201eProkletije\u201d \u2013 \u0161umokradice su nemjerno podme\u0107ali po\u017eare\" \/>\n<meta property=\"og:description\" content=\"Plav &#8211; Prilikom obilaska terena zate\u010deni su po\u017eari u zoni planina Hrida, Bjelaje, Memine planine i Zabelja, gdje je stradala i privatna \u0161uma vlasnika Ja\u0161ara Vu\u010detovi\u0107a i Bajama Sefi\u0107a,isti\u010de Dre\u0161kovi\u0107. On je dodao da po\u017eari osim dr\u017eavne \u0161ume,zahvataju i komplekse privatne \u0161ume,zahvatili su tada i komplekse private \u0161ume,gdje su\u00a0 se u ga\u0161enju \u0161umskih po\u017eara\u00a0 pored [&hellip;]\" \/>\n<meta property=\"og:url\" content=\"https:\/\/sandzakpress.net\/arhiva\/u-zoni-np-\u201eprokletije\u201d-\u2013-sumokradice-su-nemjerno-podmecali-pozare\/\" \/>\n<meta property=\"og:site_name\" content=\"Sand\u017eak PRESS\" \/>\n<meta property=\"article:published_time\" content=\"2012-09-24T13:54:27+00:00\" \/>\n<meta property=\"article:modified_time\" content=\"2012-09-24T13:54:50+00:00\" \/>\n<meta property=\"og:image\" content=\"https:\/\/sandzakpress.net\/arhiva\/wp-content\/uploads\/2012\/09\/plav-g-300x143.jpg\" \/>\n\t<meta property=\"og:image:width\" content=\"300\" \/>\n\t<meta property=\"og:image:height\" content=\"143\" \/>\n\t<meta property=\"og:image:type\" content=\"image\/jpeg\" \/>\n<meta name=\"twitter:card\" content=\"summary_large_image\" \/>\n<meta name=\"twitter:label1\" content=\"Written by\" \/>\n\t<meta name=\"twitter:data1\" content=\"\" \/>\n\t<meta name=\"twitter:label2\" content=\"Est. reading time\" \/>\n\t<meta name=\"twitter:data2\" content=\"1 minuta\" \/>\n<script type=\"application\/ld+json\" class=\"yoast-schema-graph\">{\"@context\":\"https:\/\/schema.org\",\"@graph\":[{\"@type\":\"Article\",\"@id\":\"https:\/\/sandzakpress.net\/arhiva\/u-zoni-np-%e2%80%9eprokletije%e2%80%9d-%e2%80%93-sumokradice-su-nemjerno-podmecali-pozare\/#article\",\"isPartOf\":{\"@id\":\"https:\/\/sandzakpress.net\/arhiva\/u-zoni-np-%e2%80%9eprokletije%e2%80%9d-%e2%80%93-sumokradice-su-nemjerno-podmecali-pozare\/\"},\"author\":{\"name\":\"\",\"@id\":\"\"},\"headline\":\"U zoni NP \u201eProkletije\u201d \u2013 \u0161umokradice su nemjerno podme\u0107ali po\u017eare\",\"datePublished\":\"2012-09-24T13:54:27+00:00\",\"dateModified\":\"2012-09-24T13:54:50+00:00\",\"mainEntityOfPage\":{\"@id\":\"https:\/\/sandzakpress.net\/arhiva\/u-zoni-np-%e2%80%9eprokletije%e2%80%9d-%e2%80%93-sumokradice-su-nemjerno-podmecali-pozare\/\"},\"wordCount\":148,\"commentCount\":0,\"publisher\":{\"@id\":\"https:\/\/sandzakpress.net\/arhiva\/#\/schema\/person\/6e72b67d6e51910a1117b3b483ba20bd\"},\"image\":{\"@id\":\"https:\/\/sandzakpress.net\/arhiva\/u-zoni-np-%e2%80%9eprokletije%e2%80%9d-%e2%80%93-sumokradice-su-nemjerno-podmecali-pozare\/#primaryimage\"},\"thumbnailUrl\":\"https:\/\/sandzakpress.net\/arhiva\/wp-content\/uploads\/2012\/09\/plav-g-300x143.jpg\",\"articleSection\":[\"Plav\",\"Dru\u0161tvo\"],\"inLanguage\":\"bs-BA\",\"potentialAction\":[{\"@type\":\"CommentAction\",\"name\":\"Comment\",\"target\":[\"https:\/\/sandzakpress.net\/arhiva\/u-zoni-np-%e2%80%9eprokletije%e2%80%9d-%e2%80%93-sumokradice-su-nemjerno-podmecali-pozare\/#respond\"]}]},{\"@type\":\"WebPage\",\"@id\":\"https:\/\/sandzakpress.net\/arhiva\/u-zoni-np-%e2%80%9eprokletije%e2%80%9d-%e2%80%93-sumokradice-su-nemjerno-podmecali-pozare\/\",\"url\":\"https:\/\/sandzakpress.net\/arhiva\/u-zoni-np-%e2%80%9eprokletije%e2%80%9d-%e2%80%93-sumokradice-su-nemjerno-podmecali-pozare\/\",\"name\":\"U zoni NP \u201eProkletije\u201d \u2013 \u0161umokradice su nemjerno podme\u0107ali po\u017eare\",\"isPartOf\":{\"@id\":\"https:\/\/sandzakpress.net\/arhiva\/#website\"},\"primaryImageOfPage\":{\"@id\":\"https:\/\/sandzakpress.net\/arhiva\/u-zoni-np-%e2%80%9eprokletije%e2%80%9d-%e2%80%93-sumokradice-su-nemjerno-podmecali-pozare\/#primaryimage\"},\"image\":{\"@id\":\"https:\/\/sandzakpress.net\/arhiva\/u-zoni-np-%e2%80%9eprokletije%e2%80%9d-%e2%80%93-sumokradice-su-nemjerno-podmecali-pozare\/#primaryimage\"},\"thumbnailUrl\":\"https:\/\/sandzakpress.net\/arhiva\/wp-content\/uploads\/2012\/09\/plav-g-300x143.jpg\",\"datePublished\":\"2012-09-24T13:54:27+00:00\",\"dateModified\":\"2012-09-24T13:54:50+00:00\",\"breadcrumb\":{\"@id\":\"https:\/\/sandzakpress.net\/arhiva\/u-zoni-np-%e2%80%9eprokletije%e2%80%9d-%e2%80%93-sumokradice-su-nemjerno-podmecali-pozare\/#breadcrumb\"},\"inLanguage\":\"bs-BA\",\"potentialAction\":[{\"@type\":\"ReadAction\",\"target\":[\"https:\/\/sandzakpress.net\/arhiva\/u-zoni-np-%e2%80%9eprokletije%e2%80%9d-%e2%80%93-sumokradice-su-nemjerno-podmecali-pozare\/\"]}]},{\"@type\":\"ImageObject\",\"inLanguage\":\"bs-BA\",\"@id\":\"https:\/\/sandzakpress.net\/arhiva\/u-zoni-np-%e2%80%9eprokletije%e2%80%9d-%e2%80%93-sumokradice-su-nemjerno-podmecali-pozare\/#primaryimage\",\"url\":\"https:\/\/sandzakpress.net\/arhiva\/wp-content\/uploads\/2012\/09\/plav-g-300x143.jpg\",\"contentUrl\":\"https:\/\/sandzakpress.net\/arhiva\/wp-content\/uploads\/2012\/09\/plav-g-300x143.jpg\",\"width\":300,\"height\":143},{\"@type\":\"BreadcrumbList\",\"@id\":\"https:\/\/sandzakpress.net\/arhiva\/u-zoni-np-%e2%80%9eprokletije%e2%80%9d-%e2%80%93-sumokradice-su-nemjerno-podmecali-pozare\/#breadcrumb\",\"itemListElement\":[{\"@type\":\"ListItem\",\"position\":1,\"name\":\"Home\",\"item\":\"https:\/\/sandzakpress.net\/arhiva\/\"},{\"@type\":\"ListItem\",\"position\":2,\"name\":\"U zoni NP \u201eProkletije\u201d \u2013 \u0161umokradice su nemjerno podme\u0107ali po\u017eare\"}]},{\"@type\":\"WebSite\",\"@id\":\"https:\/\/sandzakpress.net\/arhiva\/#website\",\"url\":\"https:\/\/sandzakpress.net\/arhiva\/\",\"name\":\"Sand\u017eak PRESS\",\"description\":\"Prve elektronske novine u Sand\u017eaku\",\"publisher\":{\"@id\":\"https:\/\/sandzakpress.net\/arhiva\/#\/schema\/person\/6e72b67d6e51910a1117b3b483ba20bd\"},\"potentialAction\":[{\"@type\":\"SearchAction\",\"target\":{\"@type\":\"EntryPoint\",\"urlTemplate\":\"https:\/\/sandzakpress.net\/arhiva\/?s={search_term_string}\"},\"query-input\":{\"@type\":\"PropertyValueSpecification\",\"valueRequired\":true,\"valueName\":\"search_term_string\"}}],\"inLanguage\":\"bs-BA\"},{\"@type\":[\"Person\",\"Organization\"],\"@id\":\"https:\/\/sandzakpress.net\/arhiva\/#\/schema\/person\/6e72b67d6e51910a1117b3b483ba20bd\",\"name\":\"Kul\",\"image\":{\"@type\":\"ImageObject\",\"inLanguage\":\"bs-BA\",\"@id\":\"https:\/\/sandzakpress.net\/arhiva\/#\/schema\/person\/image\/\",\"url\":\"https:\/\/secure.gravatar.com\/avatar\/42263f39aa27ac04c43cab85c280eb2e?s=96&d=mm&r=pg\",\"contentUrl\":\"https:\/\/secure.gravatar.com\/avatar\/42263f39aa27ac04c43cab85c280eb2e?s=96&d=mm&r=pg\",\"caption\":\"Kul\"},\"logo\":{\"@id\":\"https:\/\/sandzakpress.net\/arhiva\/#\/schema\/person\/image\/\"}},{\"@type\":\"Person\",\"@id\":\"\",\"url\":\"https:\/\/sandzakpress.net\/arhiva\/author\/\"}]}<\/script>\n<!-- \/ Yoast SEO Premium plugin. -->","yoast_head_json":{"title":"U zoni NP \u201eProkletije\u201d \u2013 \u0161umokradice su nemjerno podme\u0107ali po\u017eare","robots":{"index":"index","follow":"follow","max-snippet":"max-snippet:-1","max-image-preview":"max-image-preview:large","max-video-preview":"max-video-preview:-1"},"canonical":"https:\/\/sandzakpress.net\/arhiva\/u-zoni-np-\u201eprokletije\u201d-\u2013-sumokradice-su-nemjerno-podmecali-pozare\/","og_locale":"bs_BA","og_type":"article","og_title":"U zoni NP \u201eProkletije\u201d \u2013 \u0161umokradice su nemjerno podme\u0107ali po\u017eare","og_description":"Plav &#8211; Prilikom obilaska terena zate\u010deni su po\u017eari u zoni planina Hrida, Bjelaje, Memine planine i Zabelja, gdje je stradala i privatna \u0161uma vlasnika Ja\u0161ara Vu\u010detovi\u0107a i Bajama Sefi\u0107a,isti\u010de Dre\u0161kovi\u0107. On je dodao da po\u017eari osim dr\u017eavne \u0161ume,zahvataju i komplekse privatne \u0161ume,zahvatili su tada i komplekse private \u0161ume,gdje su\u00a0 se u ga\u0161enju \u0161umskih po\u017eara\u00a0 pored [&hellip;]","og_url":"https:\/\/sandzakpress.net\/arhiva\/u-zoni-np-\u201eprokletije\u201d-\u2013-sumokradice-su-nemjerno-podmecali-pozare\/","og_site_name":"Sand\u017eak PRESS","article_published_time":"2012-09-24T13:54:27+00:00","article_modified_time":"2012-09-24T13:54:50+00:00","og_image":[{"width":300,"height":143,"url":"https:\/\/sandzakpress.net\/arhiva\/wp-content\/uploads\/2012\/09\/plav-g-300x143.jpg","type":"image\/jpeg"}],"twitter_card":"summary_large_image","twitter_misc":{"Written by":"","Est. reading time":"1 minuta"},"schema":{"@context":"https:\/\/schema.org","@graph":[{"@type":"Article","@id":"https:\/\/sandzakpress.net\/arhiva\/u-zoni-np-%e2%80%9eprokletije%e2%80%9d-%e2%80%93-sumokradice-su-nemjerno-podmecali-pozare\/#article","isPartOf":{"@id":"https:\/\/sandzakpress.net\/arhiva\/u-zoni-np-%e2%80%9eprokletije%e2%80%9d-%e2%80%93-sumokradice-su-nemjerno-podmecali-pozare\/"},"author":{"name":"","@id":""},"headline":"U zoni NP \u201eProkletije\u201d \u2013 \u0161umokradice su nemjerno podme\u0107ali po\u017eare","datePublished":"2012-09-24T13:54:27+00:00","dateModified":"2012-09-24T13:54:50+00:00","mainEntityOfPage":{"@id":"https:\/\/sandzakpress.net\/arhiva\/u-zoni-np-%e2%80%9eprokletije%e2%80%9d-%e2%80%93-sumokradice-su-nemjerno-podmecali-pozare\/"},"wordCount":148,"commentCount":0,"publisher":{"@id":"https:\/\/sandzakpress.net\/arhiva\/#\/schema\/person\/6e72b67d6e51910a1117b3b483ba20bd"},"image":{"@id":"https:\/\/sandzakpress.net\/arhiva\/u-zoni-np-%e2%80%9eprokletije%e2%80%9d-%e2%80%93-sumokradice-su-nemjerno-podmecali-pozare\/#primaryimage"},"thumbnailUrl":"https:\/\/sandzakpress.net\/arhiva\/wp-content\/uploads\/2012\/09\/plav-g-300x143.jpg","articleSection":["Plav","Dru\u0161tvo"],"inLanguage":"bs-BA","potentialAction":[{"@type":"CommentAction","name":"Comment","target":["https:\/\/sandzakpress.net\/arhiva\/u-zoni-np-%e2%80%9eprokletije%e2%80%9d-%e2%80%93-sumokradice-su-nemjerno-podmecali-pozare\/#respond"]}]},{"@type":"WebPage","@id":"https:\/\/sandzakpress.net\/arhiva\/u-zoni-np-%e2%80%9eprokletije%e2%80%9d-%e2%80%93-sumokradice-su-nemjerno-podmecali-pozare\/","url":"https:\/\/sandzakpress.net\/arhiva\/u-zoni-np-%e2%80%9eprokletije%e2%80%9d-%e2%80%93-sumokradice-su-nemjerno-podmecali-pozare\/","name":"U zoni NP \u201eProkletije\u201d \u2013 \u0161umokradice su nemjerno podme\u0107ali po\u017eare","isPartOf":{"@id":"https:\/\/sandzakpress.net\/arhiva\/#website"},"primaryImageOfPage":{"@id":"https:\/\/sandzakpress.net\/arhiva\/u-zoni-np-%e2%80%9eprokletije%e2%80%9d-%e2%80%93-sumokradice-su-nemjerno-podmecali-pozare\/#primaryimage"},"image":{"@id":"https:\/\/sandzakpress.net\/arhiva\/u-zoni-np-%e2%80%9eprokletije%e2%80%9d-%e2%80%93-sumokradice-su-nemjerno-podmecali-pozare\/#primaryimage"},"thumbnailUrl":"https:\/\/sandzakpress.net\/arhiva\/wp-content\/uploads\/2012\/09\/plav-g-300x143.jpg","datePublished":"2012-09-24T13:54:27+00:00","dateModified":"2012-09-24T13:54:50+00:00","breadcrumb":{"@id":"https:\/\/sandzakpress.net\/arhiva\/u-zoni-np-%e2%80%9eprokletije%e2%80%9d-%e2%80%93-sumokradice-su-nemjerno-podmecali-pozare\/#breadcrumb"},"inLanguage":"bs-BA","potentialAction":[{"@type":"ReadAction","target":["https:\/\/sandzakpress.net\/arhiva\/u-zoni-np-%e2%80%9eprokletije%e2%80%9d-%e2%80%93-sumokradice-su-nemjerno-podmecali-pozare\/"]}]},{"@type":"ImageObject","inLanguage":"bs-BA","@id":"https:\/\/sandzakpress.net\/arhiva\/u-zoni-np-%e2%80%9eprokletije%e2%80%9d-%e2%80%93-sumokradice-su-nemjerno-podmecali-pozare\/#primaryimage","url":"https:\/\/sandzakpress.net\/arhiva\/wp-content\/uploads\/2012\/09\/plav-g-300x143.jpg","contentUrl":"https:\/\/sandzakpress.net\/arhiva\/wp-content\/uploads\/2012\/09\/plav-g-300x143.jpg","width":300,"height":143},{"@type":"BreadcrumbList","@id":"https:\/\/sandzakpress.net\/arhiva\/u-zoni-np-%e2%80%9eprokletije%e2%80%9d-%e2%80%93-sumokradice-su-nemjerno-podmecali-pozare\/#breadcrumb","itemListElement":[{"@type":"ListItem","position":1,"name":"Home","item":"https:\/\/sandzakpress.net\/arhiva\/"},{"@type":"ListItem","position":2,"name":"U zoni NP \u201eProkletije\u201d \u2013 \u0161umokradice su nemjerno podme\u0107ali po\u017eare"}]},{"@type":"WebSite","@id":"https:\/\/sandzakpress.net\/arhiva\/#website","url":"https:\/\/sandzakpress.net\/arhiva\/","name":"Sand\u017eak PRESS","description":"Prve elektronske novine u Sand\u017eaku","publisher":{"@id":"https:\/\/sandzakpress.net\/arhiva\/#\/schema\/person\/6e72b67d6e51910a1117b3b483ba20bd"},"potentialAction":[{"@type":"SearchAction","target":{"@type":"EntryPoint","urlTemplate":"https:\/\/sandzakpress.net\/arhiva\/?s={search_term_string}"},"query-input":{"@type":"PropertyValueSpecification","valueRequired":true,"valueName":"search_term_string"}}],"inLanguage":"bs-BA"},{"@type":["Person","Organization"],"@id":"https:\/\/sandzakpress.net\/arhiva\/#\/schema\/person\/6e72b67d6e51910a1117b3b483ba20bd","name":"Kul","image":{"@type":"ImageObject","inLanguage":"bs-BA","@id":"https:\/\/sandzakpress.net\/arhiva\/#\/schema\/person\/image\/","url":"https:\/\/secure.gravatar.com\/avatar\/42263f39aa27ac04c43cab85c280eb2e?s=96&d=mm&r=pg","contentUrl":"https:\/\/secure.gravatar.com\/avatar\/42263f39aa27ac04c43cab85c280eb2e?s=96&d=mm&r=pg","caption":"Kul"},"logo":{"@id":"https:\/\/sandzakpress.net\/arhiva\/#\/schema\/person\/image\/"}},{"@type":"Person","@id":"","url":"https:\/\/sandzakpress.net\/arhiva\/author\/"}]}},"_links":{"self":[{"href":"https:\/\/sandzakpress.net\/arhiva\/wp-json\/wp\/v2\/posts\/51311"}],"collection":[{"href":"https:\/\/sandzakpress.net\/arhiva\/wp-json\/wp\/v2\/posts"}],"about":[{"href":"https:\/\/sandzakpress.net\/arhiva\/wp-json\/wp\/v2\/types\/post"}],"author":[{"embeddable":true,"href":"https:\/\/sandzakpress.net\/arhiva\/wp-json\/wp\/v2\/users\/16"}],"replies":[{"embeddable":true,"href":"https:\/\/sandzakpress.net\/arhiva\/wp-json\/wp\/v2\/comments?post=51311"}],"version-history":[{"count":0,"href":"https:\/\/sandzakpress.net\/arhiva\/wp-json\/wp\/v2\/posts\/51311\/revisions"}],"wp:featuredmedia":[{"embeddable":true,"href":"https:\/\/sandzakpress.net\/arhiva\/wp-json\/wp\/v2\/media\/51312"}],"wp:attachment":[{"href":"https:\/\/sandzakpress.net\/arhiva\/wp-json\/wp\/v2\/media?parent=51311"}],"wp:term":[{"taxonomy":"category","embeddable":true,"href":"https:\/\/sandzakpress.net\/arhiva\/wp-json\/wp\/v2\/categories?post=51311"},{"taxonomy":"post_tag","embeddable":true,"href":"https:\/\/sandzakpress.net\/arhiva\/wp-json\/wp\/v2\/tags?post=51311"}],"curies":[{"name":"wp","href":"https:\/\/api.w.org\/{rel}","templated":true}]}}