{"id":51277,"date":"2012-09-24T15:29:43","date_gmt":"2012-09-24T13:29:43","guid":{"rendered":"https:\/\/sandzakpress.net\/arhiva\/?p=51277"},"modified":"2012-09-24T15:29:43","modified_gmt":"2012-09-24T13:29:43","slug":"safet-softic-cestitam-muslimanima-novog-reisa","status":"publish","type":"post","link":"https:\/\/sandzakpress.net\/arhiva\/safet-softic-cestitam-muslimanima-novog-reisa\/","title":{"rendered":"Safet Softi\u0107: \u010cestitam muslimanima novog reisa"},"content":{"rendered":"<p><strong><a href=\"https:\/\/sandzakpress.net\/arhiva\/wp-content\/uploads\/2012\/09\/safet-softic.jpg\"><img loading=\"lazy\" decoding=\"async\" class=\"alignleft size-medium wp-image-51278\" title=\"safet-softic\" src=\"https:\/\/sandzakpress.net\/arhiva\/wp-content\/uploads\/2012\/09\/safet-softic-300x211.jpg\" alt=\"\" width=\"300\" height=\"211\" \/><\/a>BIH, Sand\u017eak -O\u010dekujemo da \u0107e muslimani, pored novog reisu-l-uleme, dobiti i novi Ustav IZBiH, rekao je Softi\u0107.<\/strong><\/p>\n<p>Predsjednik Sabora Islamske zajednice u Bosni i Hercegovini Safet Softi\u0107 potvrdio je informaciju agencije Anadolija (AA) da je dosada\u0161nji tuzlanski muftija Husein ef. Kavazovi\u0107 novi reisu-l-ulema Islamske zajednice u Bosni i Hercegovini.<\/p>\n<p>On je, tako\u0111er, potvrdio da je Kavazovi\u0107 uvjerljivo pobijedio sa 240 glasova \u010dlanova izbornog tijela, dok su travni\u010dki muftija Nusret ef. Abdibegovi\u0107 i sarajevski muftija Husein ef. Smaji\u0107 osvojili 69, odnosno 45 glasova.<\/p>\n<p>&#8220;\u010cestitam svim muslimanima, svim pripadnicima IZBiH novog reisu-l-ulelmu, koji \u0107e obavljati navedenu du\u017enost u mandatu od sedam godinama&#8221;, rekao je Softi\u0107.<\/p>\n<p>Dodao je da \u0107e najva\u017enija aktivnost Sabora u narednom periodu, a pod mandatom novog reisu-l-uleme, biti izrada platforme za novi Ustav IZBiH. Dono\u0161enje Ustava je planirano za idu\u0107u godinu.<\/p>\n<p>&#8220;Mi \u0107emo u tom periodu pokrenuti \u0161iroku raspravu unutar IZBiH. O\u010dekujemo da \u0107e muslimani, pored novog reisu-l-uleme, dobiti i novi Ustav IZBiH&#8221;, rekao je Softi\u0107.<\/p>\n<p>(Naslovi)<\/p>\n","protected":false},"excerpt":{"rendered":"<p>BIH, Sand\u017eak -O\u010dekujemo da \u0107e muslimani, pored novog reisu-l-uleme, dobiti i novi Ustav IZBiH, rekao je Softi\u0107. Predsjednik Sabora Islamske zajednice u Bosni i Hercegovini Safet Softi\u0107 potvrdio je informaciju agencije Anadolija (AA) da je dosada\u0161nji tuzlanski muftija Husein ef. Kavazovi\u0107 novi reisu-l-ulema Islamske zajednice u Bosni i Hercegovini. On je, tako\u0111er, potvrdio da je [&hellip;]<\/p>\n","protected":false},"author":16,"featured_media":51278,"comment_status":"open","ping_status":"open","sticky":false,"template":"","format":"standard","meta":{"footnotes":""},"categories":[72,398,52,397,327,392,396,393,395,802,394,399],"tags":[],"class_list":{"0":"post-51277","1":"post","2":"type-post","3":"status-publish","4":"format-standard","5":"has-post-thumbnail","7":"category-novi-pazar","8":"category-rozaje","9":"category-sjenica","10":"category-berane","11":"category-tutin","12":"category-prijepolje_","13":"category-bijelo_polje","14":"category-priboj","15":"category-pljevlja_","16":"category-islamska_zajednica","17":"category-nova-varos","18":"category-plav_"},"yoast_head":"<!-- This site is optimized with the Yoast SEO Premium plugin v23.1 (Yoast SEO v24.9) - https:\/\/yoast.com\/wordpress\/plugins\/seo\/ -->\n<title>Safet Softi\u0107: \u010cestitam muslimanima novog reisa<\/title>\n<meta name=\"robots\" content=\"index, follow, max-snippet:-1, max-image-preview:large, max-video-preview:-1\" \/>\n<link rel=\"canonical\" href=\"https:\/\/sandzakpress.net\/arhiva\/safet-softic-cestitam-muslimanima-novog-reisa\/\" \/>\n<meta property=\"og:locale\" content=\"bs_BA\" \/>\n<meta property=\"og:type\" content=\"article\" \/>\n<meta property=\"og:title\" content=\"Safet Softi\u0107: \u010cestitam muslimanima novog reisa\" \/>\n<meta property=\"og:description\" content=\"BIH, Sand\u017eak -O\u010dekujemo da \u0107e muslimani, pored novog reisu-l-uleme, dobiti i novi Ustav IZBiH, rekao je Softi\u0107. Predsjednik Sabora Islamske zajednice u Bosni i Hercegovini Safet Softi\u0107 potvrdio je informaciju agencije Anadolija (AA) da je dosada\u0161nji tuzlanski muftija Husein ef. Kavazovi\u0107 novi reisu-l-ulema Islamske zajednice u Bosni i Hercegovini. On je, tako\u0111er, potvrdio da je [&hellip;]\" \/>\n<meta property=\"og:url\" content=\"https:\/\/sandzakpress.net\/arhiva\/safet-softic-cestitam-muslimanima-novog-reisa\/\" \/>\n<meta property=\"og:site_name\" content=\"Sand\u017eak PRESS\" \/>\n<meta property=\"article:published_time\" content=\"2012-09-24T13:29:43+00:00\" \/>\n<meta property=\"og:image\" content=\"https:\/\/sandzakpress.net\/arhiva\/wp-content\/uploads\/2012\/09\/safet-softic.jpg\" \/>\n\t<meta property=\"og:image:width\" content=\"550\" \/>\n\t<meta property=\"og:image:height\" content=\"388\" \/>\n\t<meta property=\"og:image:type\" content=\"image\/jpeg\" \/>\n<meta name=\"twitter:card\" content=\"summary_large_image\" \/>\n<meta name=\"twitter:label1\" content=\"Written by\" \/>\n\t<meta name=\"twitter:data1\" content=\"\" \/>\n\t<meta name=\"twitter:label2\" content=\"Est. reading time\" \/>\n\t<meta name=\"twitter:data2\" content=\"1 minuta\" \/>\n<script type=\"application\/ld+json\" class=\"yoast-schema-graph\">{\"@context\":\"https:\/\/schema.org\",\"@graph\":[{\"@type\":\"Article\",\"@id\":\"https:\/\/sandzakpress.net\/arhiva\/safet-softic-cestitam-muslimanima-novog-reisa\/#article\",\"isPartOf\":{\"@id\":\"https:\/\/sandzakpress.net\/arhiva\/safet-softic-cestitam-muslimanima-novog-reisa\/\"},\"author\":{\"name\":\"\",\"@id\":\"\"},\"headline\":\"Safet Softi\u0107: \u010cestitam muslimanima novog reisa\",\"datePublished\":\"2012-09-24T13:29:43+00:00\",\"mainEntityOfPage\":{\"@id\":\"https:\/\/sandzakpress.net\/arhiva\/safet-softic-cestitam-muslimanima-novog-reisa\/\"},\"wordCount\":171,\"commentCount\":0,\"publisher\":{\"@id\":\"https:\/\/sandzakpress.net\/arhiva\/#\/schema\/person\/6e72b67d6e51910a1117b3b483ba20bd\"},\"image\":{\"@id\":\"https:\/\/sandzakpress.net\/arhiva\/safet-softic-cestitam-muslimanima-novog-reisa\/#primaryimage\"},\"thumbnailUrl\":\"https:\/\/sandzakpress.net\/arhiva\/wp-content\/uploads\/2012\/09\/safet-softic.jpg\",\"articleSection\":[\"Novi Pazar\",\"Ro\u017eaje\",\"Sjenica\",\"Berane\",\"Tutin\",\"Prijepolje\",\"Bijelo Polje\",\"Priboj\",\"Pljevlja\",\"Islamska zajednica\",\"Nova Varo\u0161\",\"Plav\"],\"inLanguage\":\"bs-BA\",\"potentialAction\":[{\"@type\":\"CommentAction\",\"name\":\"Comment\",\"target\":[\"https:\/\/sandzakpress.net\/arhiva\/safet-softic-cestitam-muslimanima-novog-reisa\/#respond\"]}]},{\"@type\":\"WebPage\",\"@id\":\"https:\/\/sandzakpress.net\/arhiva\/safet-softic-cestitam-muslimanima-novog-reisa\/\",\"url\":\"https:\/\/sandzakpress.net\/arhiva\/safet-softic-cestitam-muslimanima-novog-reisa\/\",\"name\":\"Safet Softi\u0107: \u010cestitam muslimanima novog reisa\",\"isPartOf\":{\"@id\":\"https:\/\/sandzakpress.net\/arhiva\/#website\"},\"primaryImageOfPage\":{\"@id\":\"https:\/\/sandzakpress.net\/arhiva\/safet-softic-cestitam-muslimanima-novog-reisa\/#primaryimage\"},\"image\":{\"@id\":\"https:\/\/sandzakpress.net\/arhiva\/safet-softic-cestitam-muslimanima-novog-reisa\/#primaryimage\"},\"thumbnailUrl\":\"https:\/\/sandzakpress.net\/arhiva\/wp-content\/uploads\/2012\/09\/safet-softic.jpg\",\"datePublished\":\"2012-09-24T13:29:43+00:00\",\"breadcrumb\":{\"@id\":\"https:\/\/sandzakpress.net\/arhiva\/safet-softic-cestitam-muslimanima-novog-reisa\/#breadcrumb\"},\"inLanguage\":\"bs-BA\",\"potentialAction\":[{\"@type\":\"ReadAction\",\"target\":[\"https:\/\/sandzakpress.net\/arhiva\/safet-softic-cestitam-muslimanima-novog-reisa\/\"]}]},{\"@type\":\"ImageObject\",\"inLanguage\":\"bs-BA\",\"@id\":\"https:\/\/sandzakpress.net\/arhiva\/safet-softic-cestitam-muslimanima-novog-reisa\/#primaryimage\",\"url\":\"https:\/\/sandzakpress.net\/arhiva\/wp-content\/uploads\/2012\/09\/safet-softic.jpg\",\"contentUrl\":\"https:\/\/sandzakpress.net\/arhiva\/wp-content\/uploads\/2012\/09\/safet-softic.jpg\",\"width\":550,\"height\":388},{\"@type\":\"BreadcrumbList\",\"@id\":\"https:\/\/sandzakpress.net\/arhiva\/safet-softic-cestitam-muslimanima-novog-reisa\/#breadcrumb\",\"itemListElement\":[{\"@type\":\"ListItem\",\"position\":1,\"name\":\"Home\",\"item\":\"https:\/\/sandzakpress.net\/arhiva\/\"},{\"@type\":\"ListItem\",\"position\":2,\"name\":\"Safet Softi\u0107: \u010cestitam muslimanima novog reisa\"}]},{\"@type\":\"WebSite\",\"@id\":\"https:\/\/sandzakpress.net\/arhiva\/#website\",\"url\":\"https:\/\/sandzakpress.net\/arhiva\/\",\"name\":\"Sand\u017eak PRESS\",\"description\":\"Prve elektronske novine u Sand\u017eaku\",\"publisher\":{\"@id\":\"https:\/\/sandzakpress.net\/arhiva\/#\/schema\/person\/6e72b67d6e51910a1117b3b483ba20bd\"},\"potentialAction\":[{\"@type\":\"SearchAction\",\"target\":{\"@type\":\"EntryPoint\",\"urlTemplate\":\"https:\/\/sandzakpress.net\/arhiva\/?s={search_term_string}\"},\"query-input\":{\"@type\":\"PropertyValueSpecification\",\"valueRequired\":true,\"valueName\":\"search_term_string\"}}],\"inLanguage\":\"bs-BA\"},{\"@type\":[\"Person\",\"Organization\"],\"@id\":\"https:\/\/sandzakpress.net\/arhiva\/#\/schema\/person\/6e72b67d6e51910a1117b3b483ba20bd\",\"name\":\"Kul\",\"image\":{\"@type\":\"ImageObject\",\"inLanguage\":\"bs-BA\",\"@id\":\"https:\/\/sandzakpress.net\/arhiva\/#\/schema\/person\/image\/\",\"url\":\"https:\/\/secure.gravatar.com\/avatar\/42263f39aa27ac04c43cab85c280eb2e?s=96&d=mm&r=pg\",\"contentUrl\":\"https:\/\/secure.gravatar.com\/avatar\/42263f39aa27ac04c43cab85c280eb2e?s=96&d=mm&r=pg\",\"caption\":\"Kul\"},\"logo\":{\"@id\":\"https:\/\/sandzakpress.net\/arhiva\/#\/schema\/person\/image\/\"}},{\"@type\":\"Person\",\"@id\":\"\",\"url\":\"https:\/\/sandzakpress.net\/arhiva\/author\/\"}]}<\/script>\n<!-- \/ Yoast SEO Premium plugin. -->","yoast_head_json":{"title":"Safet Softi\u0107: \u010cestitam muslimanima novog reisa","robots":{"index":"index","follow":"follow","max-snippet":"max-snippet:-1","max-image-preview":"max-image-preview:large","max-video-preview":"max-video-preview:-1"},"canonical":"https:\/\/sandzakpress.net\/arhiva\/safet-softic-cestitam-muslimanima-novog-reisa\/","og_locale":"bs_BA","og_type":"article","og_title":"Safet Softi\u0107: \u010cestitam muslimanima novog reisa","og_description":"BIH, Sand\u017eak -O\u010dekujemo da \u0107e muslimani, pored novog reisu-l-uleme, dobiti i novi Ustav IZBiH, rekao je Softi\u0107. Predsjednik Sabora Islamske zajednice u Bosni i Hercegovini Safet Softi\u0107 potvrdio je informaciju agencije Anadolija (AA) da je dosada\u0161nji tuzlanski muftija Husein ef. Kavazovi\u0107 novi reisu-l-ulema Islamske zajednice u Bosni i Hercegovini. On je, tako\u0111er, potvrdio da je [&hellip;]","og_url":"https:\/\/sandzakpress.net\/arhiva\/safet-softic-cestitam-muslimanima-novog-reisa\/","og_site_name":"Sand\u017eak PRESS","article_published_time":"2012-09-24T13:29:43+00:00","og_image":[{"width":550,"height":388,"url":"https:\/\/sandzakpress.net\/arhiva\/wp-content\/uploads\/2012\/09\/safet-softic.jpg","type":"image\/jpeg"}],"twitter_card":"summary_large_image","twitter_misc":{"Written by":"","Est. reading time":"1 minuta"},"schema":{"@context":"https:\/\/schema.org","@graph":[{"@type":"Article","@id":"https:\/\/sandzakpress.net\/arhiva\/safet-softic-cestitam-muslimanima-novog-reisa\/#article","isPartOf":{"@id":"https:\/\/sandzakpress.net\/arhiva\/safet-softic-cestitam-muslimanima-novog-reisa\/"},"author":{"name":"","@id":""},"headline":"Safet Softi\u0107: \u010cestitam muslimanima novog reisa","datePublished":"2012-09-24T13:29:43+00:00","mainEntityOfPage":{"@id":"https:\/\/sandzakpress.net\/arhiva\/safet-softic-cestitam-muslimanima-novog-reisa\/"},"wordCount":171,"commentCount":0,"publisher":{"@id":"https:\/\/sandzakpress.net\/arhiva\/#\/schema\/person\/6e72b67d6e51910a1117b3b483ba20bd"},"image":{"@id":"https:\/\/sandzakpress.net\/arhiva\/safet-softic-cestitam-muslimanima-novog-reisa\/#primaryimage"},"thumbnailUrl":"https:\/\/sandzakpress.net\/arhiva\/wp-content\/uploads\/2012\/09\/safet-softic.jpg","articleSection":["Novi Pazar","Ro\u017eaje","Sjenica","Berane","Tutin","Prijepolje","Bijelo Polje","Priboj","Pljevlja","Islamska zajednica","Nova Varo\u0161","Plav"],"inLanguage":"bs-BA","potentialAction":[{"@type":"CommentAction","name":"Comment","target":["https:\/\/sandzakpress.net\/arhiva\/safet-softic-cestitam-muslimanima-novog-reisa\/#respond"]}]},{"@type":"WebPage","@id":"https:\/\/sandzakpress.net\/arhiva\/safet-softic-cestitam-muslimanima-novog-reisa\/","url":"https:\/\/sandzakpress.net\/arhiva\/safet-softic-cestitam-muslimanima-novog-reisa\/","name":"Safet Softi\u0107: \u010cestitam muslimanima novog reisa","isPartOf":{"@id":"https:\/\/sandzakpress.net\/arhiva\/#website"},"primaryImageOfPage":{"@id":"https:\/\/sandzakpress.net\/arhiva\/safet-softic-cestitam-muslimanima-novog-reisa\/#primaryimage"},"image":{"@id":"https:\/\/sandzakpress.net\/arhiva\/safet-softic-cestitam-muslimanima-novog-reisa\/#primaryimage"},"thumbnailUrl":"https:\/\/sandzakpress.net\/arhiva\/wp-content\/uploads\/2012\/09\/safet-softic.jpg","datePublished":"2012-09-24T13:29:43+00:00","breadcrumb":{"@id":"https:\/\/sandzakpress.net\/arhiva\/safet-softic-cestitam-muslimanima-novog-reisa\/#breadcrumb"},"inLanguage":"bs-BA","potentialAction":[{"@type":"ReadAction","target":["https:\/\/sandzakpress.net\/arhiva\/safet-softic-cestitam-muslimanima-novog-reisa\/"]}]},{"@type":"ImageObject","inLanguage":"bs-BA","@id":"https:\/\/sandzakpress.net\/arhiva\/safet-softic-cestitam-muslimanima-novog-reisa\/#primaryimage","url":"https:\/\/sandzakpress.net\/arhiva\/wp-content\/uploads\/2012\/09\/safet-softic.jpg","contentUrl":"https:\/\/sandzakpress.net\/arhiva\/wp-content\/uploads\/2012\/09\/safet-softic.jpg","width":550,"height":388},{"@type":"BreadcrumbList","@id":"https:\/\/sandzakpress.net\/arhiva\/safet-softic-cestitam-muslimanima-novog-reisa\/#breadcrumb","itemListElement":[{"@type":"ListItem","position":1,"name":"Home","item":"https:\/\/sandzakpress.net\/arhiva\/"},{"@type":"ListItem","position":2,"name":"Safet Softi\u0107: \u010cestitam muslimanima novog reisa"}]},{"@type":"WebSite","@id":"https:\/\/sandzakpress.net\/arhiva\/#website","url":"https:\/\/sandzakpress.net\/arhiva\/","name":"Sand\u017eak PRESS","description":"Prve elektronske novine u Sand\u017eaku","publisher":{"@id":"https:\/\/sandzakpress.net\/arhiva\/#\/schema\/person\/6e72b67d6e51910a1117b3b483ba20bd"},"potentialAction":[{"@type":"SearchAction","target":{"@type":"EntryPoint","urlTemplate":"https:\/\/sandzakpress.net\/arhiva\/?s={search_term_string}"},"query-input":{"@type":"PropertyValueSpecification","valueRequired":true,"valueName":"search_term_string"}}],"inLanguage":"bs-BA"},{"@type":["Person","Organization"],"@id":"https:\/\/sandzakpress.net\/arhiva\/#\/schema\/person\/6e72b67d6e51910a1117b3b483ba20bd","name":"Kul","image":{"@type":"ImageObject","inLanguage":"bs-BA","@id":"https:\/\/sandzakpress.net\/arhiva\/#\/schema\/person\/image\/","url":"https:\/\/secure.gravatar.com\/avatar\/42263f39aa27ac04c43cab85c280eb2e?s=96&d=mm&r=pg","contentUrl":"https:\/\/secure.gravatar.com\/avatar\/42263f39aa27ac04c43cab85c280eb2e?s=96&d=mm&r=pg","caption":"Kul"},"logo":{"@id":"https:\/\/sandzakpress.net\/arhiva\/#\/schema\/person\/image\/"}},{"@type":"Person","@id":"","url":"https:\/\/sandzakpress.net\/arhiva\/author\/"}]}},"_links":{"self":[{"href":"https:\/\/sandzakpress.net\/arhiva\/wp-json\/wp\/v2\/posts\/51277"}],"collection":[{"href":"https:\/\/sandzakpress.net\/arhiva\/wp-json\/wp\/v2\/posts"}],"about":[{"href":"https:\/\/sandzakpress.net\/arhiva\/wp-json\/wp\/v2\/types\/post"}],"author":[{"embeddable":true,"href":"https:\/\/sandzakpress.net\/arhiva\/wp-json\/wp\/v2\/users\/16"}],"replies":[{"embeddable":true,"href":"https:\/\/sandzakpress.net\/arhiva\/wp-json\/wp\/v2\/comments?post=51277"}],"version-history":[{"count":0,"href":"https:\/\/sandzakpress.net\/arhiva\/wp-json\/wp\/v2\/posts\/51277\/revisions"}],"wp:featuredmedia":[{"embeddable":true,"href":"https:\/\/sandzakpress.net\/arhiva\/wp-json\/wp\/v2\/media\/51278"}],"wp:attachment":[{"href":"https:\/\/sandzakpress.net\/arhiva\/wp-json\/wp\/v2\/media?parent=51277"}],"wp:term":[{"taxonomy":"category","embeddable":true,"href":"https:\/\/sandzakpress.net\/arhiva\/wp-json\/wp\/v2\/categories?post=51277"},{"taxonomy":"post_tag","embeddable":true,"href":"https:\/\/sandzakpress.net\/arhiva\/wp-json\/wp\/v2\/tags?post=51277"}],"curies":[{"name":"wp","href":"https:\/\/api.w.org\/{rel}","templated":true}]}}