{"id":5093,"date":"2010-06-21T15:08:35","date_gmt":"2010-06-21T15:08:35","guid":{"rendered":"https:\/\/sandzakpress.net\/arhiva\/?p=5093"},"modified":"2010-06-21T15:15:04","modified_gmt":"2010-06-21T15:15:04","slug":"noviobrazovni-profili-u-tehnickoj-skoli","status":"publish","type":"post","link":"https:\/\/sandzakpress.net\/arhiva\/noviobrazovni-profili-u-tehnickoj-skoli\/","title":{"rendered":"Noviobrazovni profili u Tehni\u010dkoj \u0161koli"},"content":{"rendered":"<p><strong><a href=\"https:\/\/sandzakpress.net\/arhiva\/wp-content\/uploads\/2010\/06\/tehnicka-skola.jpg\"><img loading=\"lazy\" decoding=\"async\" class=\"alignleft size-medium wp-image-5094\" title=\"tehnicka skola\" src=\"https:\/\/sandzakpress.net\/arhiva\/wp-content\/uploads\/2010\/06\/tehnicka-skola-300x225.jpg\" alt=\"\" width=\"300\" height=\"225\" \/><\/a>Sjenica &#8211; Na teritoriji sjeni\u010dke op\u0161tine, osnovnu \u0161kolu zavr\u0161ilo je 390 u\u010denika, \u0161to je za 30 manje nego lane. U skladu sa smanjenjem broja u\u010denika, smanjen je i broj slobodnih mjesta za upis u srednje \u0161kole, ukupno 288. S obzirom na \u010dinjenicu da zna\u010dajan broj u\u010denika, posle osnovne, \u0161kolovanje nastavlja u drugim op\u0161tinama, ovogodi\u0161nji plan upisa se, ka\u017eu, poklapa sa iskazanim \u017eeljama budu\u0107ih srednjo\u0161kolaca.<\/strong><\/p>\n<p>U gimnaziji &#8221;Jezdimir Lovi\u0107&#8221;, ne postoji problem smanjenja u\u010denika. Ovu \u0161kolu u Sjenici svake godine upi\u0161e 120 u\u010denika, raspore\u0111enih u \u010detiri odjeljenja op\u0161teg smjera. Tako \u0107e biti jo\u0161 ove godine, jer od naredne se o\u010dekuje reforma gimnazija u Srbiji. Dok se Sjeni\u010dka gimnazija i ove godine dr\u017ei ustaljenog plana, Tehni\u010dka \u0161kola nudi manje slobodnih mjesta, ali i nova, primamljiva zanimanja.<\/p>\n<p>-Ta\u010dno je da, u skladu sa potrebama, nudimo manje slobodnih mjesta, ali o\u010dekujemo da \u0107e plan upisa, koji je sa\u010dinjen na osnovu iskazanih \u017eelja u\u010denika i u skladu sa na\u0161im mogu\u0107nostima, biti ostvaren. Tu su i nova, primamljiva zanimanja, koja smo promovisali u svim osnovnim \u0161kolama u na\u0161oj op\u0161tini. U oblasti poljoprivrede upisujemo novo odjeljenje prehrambenih tehni\u010dara, a u oblasti saobra\u0107aja, novo odeljenje za tehni\u010dare drumskog saobra\u0107aja, oba u \u010detvorogodi\u0161njem trajanju, a u tre\u0107em stepenu otvaramo i novo, kombinovano odeljenje u elektrostruci, za instalatere i elektromontere, ka\u017ee direktor Tehni\u010dke \u0161kole, Izudin Metovi\u0107.<\/p>\n<p>Od ukupno 168 slobodnih mjesta u pet podru\u010dja rada: ma\u0161instvo, tekstilstvo, poljoprivreda, saobra\u0107aj i elektrotehnika, osim novouvedenih obrazovnih profila, Tehni\u010dka \u0161kola upisuje i jedno odjeljenje ma\u0161inskih tehni\u010dara za kompjutersko konstruisanje u \u010detvorogodi\u0161njem trajanju, a u tre\u0107em stepenu se nude zanimanja: modni kroja\u010d, mehani\u010dar poljoprivredne mehanizacije, kao i kombinovano odjeljenje za autolimare i automehani\u010dare.<\/p>\n<p>Izvor: <strong>Danas.rs\/Dodiaci\/Sandzak<\/strong><\/p>\n","protected":false},"excerpt":{"rendered":"<p>Sjenica &#8211; Na teritoriji sjeni\u010dke op\u0161tine, osnovnu \u0161kolu zavr\u0161ilo je 390 u\u010denika, \u0161to je za 30 manje nego lane. U skladu sa smanjenjem broja u\u010denika, smanjen je i broj slobodnih mjesta za upis u srednje \u0161kole, ukupno 288. S obzirom na \u010dinjenicu da zna\u010dajan broj u\u010denika, posle osnovne, \u0161kolovanje nastavlja u drugim op\u0161tinama, ovogodi\u0161nji plan [&hellip;]<\/p>\n","protected":false},"author":83,"featured_media":5094,"comment_status":"open","ping_status":"open","sticky":false,"template":"","format":"standard","meta":{"footnotes":""},"categories":[52,4],"tags":[],"class_list":{"0":"post-5093","1":"post","2":"type-post","3":"status-publish","4":"format-standard","5":"has-post-thumbnail","7":"category-sjenica","8":"category-obrazovanje"},"yoast_head":"<!-- This site is optimized with the Yoast SEO Premium plugin v23.1 (Yoast SEO v24.9) - https:\/\/yoast.com\/wordpress\/plugins\/seo\/ -->\n<title>Noviobrazovni profili u Tehni\u010dkoj \u0161koli<\/title>\n<meta name=\"robots\" content=\"index, follow, max-snippet:-1, max-image-preview:large, max-video-preview:-1\" \/>\n<link rel=\"canonical\" href=\"https:\/\/sandzakpress.net\/arhiva\/noviobrazovni-profili-u-tehnickoj-skoli\/\" \/>\n<meta property=\"og:locale\" content=\"bs_BA\" \/>\n<meta property=\"og:type\" content=\"article\" \/>\n<meta property=\"og:title\" content=\"Noviobrazovni profili u Tehni\u010dkoj \u0161koli\" \/>\n<meta property=\"og:description\" content=\"Sjenica &#8211; Na teritoriji sjeni\u010dke op\u0161tine, osnovnu \u0161kolu zavr\u0161ilo je 390 u\u010denika, \u0161to je za 30 manje nego lane. U skladu sa smanjenjem broja u\u010denika, smanjen je i broj slobodnih mjesta za upis u srednje \u0161kole, ukupno 288. S obzirom na \u010dinjenicu da zna\u010dajan broj u\u010denika, posle osnovne, \u0161kolovanje nastavlja u drugim op\u0161tinama, ovogodi\u0161nji plan [&hellip;]\" \/>\n<meta property=\"og:url\" content=\"https:\/\/sandzakpress.net\/arhiva\/noviobrazovni-profili-u-tehnickoj-skoli\/\" \/>\n<meta property=\"og:site_name\" content=\"Sand\u017eak PRESS\" \/>\n<meta property=\"article:published_time\" content=\"2010-06-21T15:08:35+00:00\" \/>\n<meta property=\"article:modified_time\" content=\"2010-06-21T15:15:04+00:00\" \/>\n<meta property=\"og:image\" content=\"https:\/\/sandzakpress.net\/arhiva\/wp-content\/uploads\/2010\/06\/tehnicka-skola.jpg\" \/>\n\t<meta property=\"og:image:width\" content=\"450\" \/>\n\t<meta property=\"og:image:height\" content=\"338\" \/>\n\t<meta property=\"og:image:type\" content=\"image\/jpeg\" \/>\n<meta name=\"author\" content=\"bosniak\" \/>\n<meta name=\"twitter:card\" content=\"summary_large_image\" \/>\n<meta name=\"twitter:label1\" content=\"Written by\" \/>\n\t<meta name=\"twitter:data1\" content=\"bosniak\" \/>\n\t<meta name=\"twitter:label2\" content=\"Est. reading time\" \/>\n\t<meta name=\"twitter:data2\" content=\"2 minute\" \/>\n<script type=\"application\/ld+json\" class=\"yoast-schema-graph\">{\"@context\":\"https:\/\/schema.org\",\"@graph\":[{\"@type\":\"Article\",\"@id\":\"https:\/\/sandzakpress.net\/arhiva\/noviobrazovni-profili-u-tehnickoj-skoli\/#article\",\"isPartOf\":{\"@id\":\"https:\/\/sandzakpress.net\/arhiva\/noviobrazovni-profili-u-tehnickoj-skoli\/\"},\"author\":{\"name\":\"bosniak\",\"@id\":\"https:\/\/sandzakpress.net\/arhiva\/#\/schema\/person\/c8baee722073534b583ea7bdb2e36c02\"},\"headline\":\"Noviobrazovni profili u Tehni\u010dkoj \u0161koli\",\"datePublished\":\"2010-06-21T15:08:35+00:00\",\"dateModified\":\"2010-06-21T15:15:04+00:00\",\"mainEntityOfPage\":{\"@id\":\"https:\/\/sandzakpress.net\/arhiva\/noviobrazovni-profili-u-tehnickoj-skoli\/\"},\"wordCount\":322,\"commentCount\":0,\"publisher\":{\"@id\":\"https:\/\/sandzakpress.net\/arhiva\/#\/schema\/person\/6e72b67d6e51910a1117b3b483ba20bd\"},\"image\":{\"@id\":\"https:\/\/sandzakpress.net\/arhiva\/noviobrazovni-profili-u-tehnickoj-skoli\/#primaryimage\"},\"thumbnailUrl\":\"https:\/\/sandzakpress.net\/arhiva\/wp-content\/uploads\/2010\/06\/tehnicka-skola.jpg\",\"articleSection\":[\"Sjenica\",\"Obrazovanje\"],\"inLanguage\":\"bs-BA\",\"potentialAction\":[{\"@type\":\"CommentAction\",\"name\":\"Comment\",\"target\":[\"https:\/\/sandzakpress.net\/arhiva\/noviobrazovni-profili-u-tehnickoj-skoli\/#respond\"]}]},{\"@type\":\"WebPage\",\"@id\":\"https:\/\/sandzakpress.net\/arhiva\/noviobrazovni-profili-u-tehnickoj-skoli\/\",\"url\":\"https:\/\/sandzakpress.net\/arhiva\/noviobrazovni-profili-u-tehnickoj-skoli\/\",\"name\":\"Noviobrazovni profili u Tehni\u010dkoj \u0161koli\",\"isPartOf\":{\"@id\":\"https:\/\/sandzakpress.net\/arhiva\/#website\"},\"primaryImageOfPage\":{\"@id\":\"https:\/\/sandzakpress.net\/arhiva\/noviobrazovni-profili-u-tehnickoj-skoli\/#primaryimage\"},\"image\":{\"@id\":\"https:\/\/sandzakpress.net\/arhiva\/noviobrazovni-profili-u-tehnickoj-skoli\/#primaryimage\"},\"thumbnailUrl\":\"https:\/\/sandzakpress.net\/arhiva\/wp-content\/uploads\/2010\/06\/tehnicka-skola.jpg\",\"datePublished\":\"2010-06-21T15:08:35+00:00\",\"dateModified\":\"2010-06-21T15:15:04+00:00\",\"breadcrumb\":{\"@id\":\"https:\/\/sandzakpress.net\/arhiva\/noviobrazovni-profili-u-tehnickoj-skoli\/#breadcrumb\"},\"inLanguage\":\"bs-BA\",\"potentialAction\":[{\"@type\":\"ReadAction\",\"target\":[\"https:\/\/sandzakpress.net\/arhiva\/noviobrazovni-profili-u-tehnickoj-skoli\/\"]}]},{\"@type\":\"ImageObject\",\"inLanguage\":\"bs-BA\",\"@id\":\"https:\/\/sandzakpress.net\/arhiva\/noviobrazovni-profili-u-tehnickoj-skoli\/#primaryimage\",\"url\":\"https:\/\/sandzakpress.net\/arhiva\/wp-content\/uploads\/2010\/06\/tehnicka-skola.jpg\",\"contentUrl\":\"https:\/\/sandzakpress.net\/arhiva\/wp-content\/uploads\/2010\/06\/tehnicka-skola.jpg\",\"width\":450,\"height\":338},{\"@type\":\"BreadcrumbList\",\"@id\":\"https:\/\/sandzakpress.net\/arhiva\/noviobrazovni-profili-u-tehnickoj-skoli\/#breadcrumb\",\"itemListElement\":[{\"@type\":\"ListItem\",\"position\":1,\"name\":\"Home\",\"item\":\"https:\/\/sandzakpress.net\/arhiva\/\"},{\"@type\":\"ListItem\",\"position\":2,\"name\":\"Noviobrazovni profili u Tehni\u010dkoj \u0161koli\"}]},{\"@type\":\"WebSite\",\"@id\":\"https:\/\/sandzakpress.net\/arhiva\/#website\",\"url\":\"https:\/\/sandzakpress.net\/arhiva\/\",\"name\":\"Sand\u017eak PRESS\",\"description\":\"Prve elektronske novine u Sand\u017eaku\",\"publisher\":{\"@id\":\"https:\/\/sandzakpress.net\/arhiva\/#\/schema\/person\/6e72b67d6e51910a1117b3b483ba20bd\"},\"potentialAction\":[{\"@type\":\"SearchAction\",\"target\":{\"@type\":\"EntryPoint\",\"urlTemplate\":\"https:\/\/sandzakpress.net\/arhiva\/?s={search_term_string}\"},\"query-input\":{\"@type\":\"PropertyValueSpecification\",\"valueRequired\":true,\"valueName\":\"search_term_string\"}}],\"inLanguage\":\"bs-BA\"},{\"@type\":[\"Person\",\"Organization\"],\"@id\":\"https:\/\/sandzakpress.net\/arhiva\/#\/schema\/person\/6e72b67d6e51910a1117b3b483ba20bd\",\"name\":\"Kul\",\"image\":{\"@type\":\"ImageObject\",\"inLanguage\":\"bs-BA\",\"@id\":\"https:\/\/sandzakpress.net\/arhiva\/#\/schema\/person\/image\/\",\"url\":\"https:\/\/secure.gravatar.com\/avatar\/42263f39aa27ac04c43cab85c280eb2e?s=96&d=mm&r=pg\",\"contentUrl\":\"https:\/\/secure.gravatar.com\/avatar\/42263f39aa27ac04c43cab85c280eb2e?s=96&d=mm&r=pg\",\"caption\":\"Kul\"},\"logo\":{\"@id\":\"https:\/\/sandzakpress.net\/arhiva\/#\/schema\/person\/image\/\"}},{\"@type\":\"Person\",\"@id\":\"https:\/\/sandzakpress.net\/arhiva\/#\/schema\/person\/c8baee722073534b583ea7bdb2e36c02\",\"name\":\"bosniak\",\"image\":{\"@type\":\"ImageObject\",\"inLanguage\":\"bs-BA\",\"@id\":\"https:\/\/sandzakpress.net\/arhiva\/#\/schema\/person\/image\/\",\"url\":\"https:\/\/secure.gravatar.com\/avatar\/a04fd330bfe3a36a72a0ad4a6d89fca7?s=96&d=mm&r=pg\",\"contentUrl\":\"https:\/\/secure.gravatar.com\/avatar\/a04fd330bfe3a36a72a0ad4a6d89fca7?s=96&d=mm&r=pg\",\"caption\":\"bosniak\"},\"url\":\"https:\/\/sandzakpress.net\/arhiva\/author\/bosniak\/\"}]}<\/script>\n<!-- \/ Yoast SEO Premium plugin. -->","yoast_head_json":{"title":"Noviobrazovni profili u Tehni\u010dkoj \u0161koli","robots":{"index":"index","follow":"follow","max-snippet":"max-snippet:-1","max-image-preview":"max-image-preview:large","max-video-preview":"max-video-preview:-1"},"canonical":"https:\/\/sandzakpress.net\/arhiva\/noviobrazovni-profili-u-tehnickoj-skoli\/","og_locale":"bs_BA","og_type":"article","og_title":"Noviobrazovni profili u Tehni\u010dkoj \u0161koli","og_description":"Sjenica &#8211; Na teritoriji sjeni\u010dke op\u0161tine, osnovnu \u0161kolu zavr\u0161ilo je 390 u\u010denika, \u0161to je za 30 manje nego lane. U skladu sa smanjenjem broja u\u010denika, smanjen je i broj slobodnih mjesta za upis u srednje \u0161kole, ukupno 288. S obzirom na \u010dinjenicu da zna\u010dajan broj u\u010denika, posle osnovne, \u0161kolovanje nastavlja u drugim op\u0161tinama, ovogodi\u0161nji plan [&hellip;]","og_url":"https:\/\/sandzakpress.net\/arhiva\/noviobrazovni-profili-u-tehnickoj-skoli\/","og_site_name":"Sand\u017eak PRESS","article_published_time":"2010-06-21T15:08:35+00:00","article_modified_time":"2010-06-21T15:15:04+00:00","og_image":[{"width":450,"height":338,"url":"https:\/\/sandzakpress.net\/arhiva\/wp-content\/uploads\/2010\/06\/tehnicka-skola.jpg","type":"image\/jpeg"}],"author":"bosniak","twitter_card":"summary_large_image","twitter_misc":{"Written by":"bosniak","Est. reading time":"2 minute"},"schema":{"@context":"https:\/\/schema.org","@graph":[{"@type":"Article","@id":"https:\/\/sandzakpress.net\/arhiva\/noviobrazovni-profili-u-tehnickoj-skoli\/#article","isPartOf":{"@id":"https:\/\/sandzakpress.net\/arhiva\/noviobrazovni-profili-u-tehnickoj-skoli\/"},"author":{"name":"bosniak","@id":"https:\/\/sandzakpress.net\/arhiva\/#\/schema\/person\/c8baee722073534b583ea7bdb2e36c02"},"headline":"Noviobrazovni profili u Tehni\u010dkoj \u0161koli","datePublished":"2010-06-21T15:08:35+00:00","dateModified":"2010-06-21T15:15:04+00:00","mainEntityOfPage":{"@id":"https:\/\/sandzakpress.net\/arhiva\/noviobrazovni-profili-u-tehnickoj-skoli\/"},"wordCount":322,"commentCount":0,"publisher":{"@id":"https:\/\/sandzakpress.net\/arhiva\/#\/schema\/person\/6e72b67d6e51910a1117b3b483ba20bd"},"image":{"@id":"https:\/\/sandzakpress.net\/arhiva\/noviobrazovni-profili-u-tehnickoj-skoli\/#primaryimage"},"thumbnailUrl":"https:\/\/sandzakpress.net\/arhiva\/wp-content\/uploads\/2010\/06\/tehnicka-skola.jpg","articleSection":["Sjenica","Obrazovanje"],"inLanguage":"bs-BA","potentialAction":[{"@type":"CommentAction","name":"Comment","target":["https:\/\/sandzakpress.net\/arhiva\/noviobrazovni-profili-u-tehnickoj-skoli\/#respond"]}]},{"@type":"WebPage","@id":"https:\/\/sandzakpress.net\/arhiva\/noviobrazovni-profili-u-tehnickoj-skoli\/","url":"https:\/\/sandzakpress.net\/arhiva\/noviobrazovni-profili-u-tehnickoj-skoli\/","name":"Noviobrazovni profili u Tehni\u010dkoj \u0161koli","isPartOf":{"@id":"https:\/\/sandzakpress.net\/arhiva\/#website"},"primaryImageOfPage":{"@id":"https:\/\/sandzakpress.net\/arhiva\/noviobrazovni-profili-u-tehnickoj-skoli\/#primaryimage"},"image":{"@id":"https:\/\/sandzakpress.net\/arhiva\/noviobrazovni-profili-u-tehnickoj-skoli\/#primaryimage"},"thumbnailUrl":"https:\/\/sandzakpress.net\/arhiva\/wp-content\/uploads\/2010\/06\/tehnicka-skola.jpg","datePublished":"2010-06-21T15:08:35+00:00","dateModified":"2010-06-21T15:15:04+00:00","breadcrumb":{"@id":"https:\/\/sandzakpress.net\/arhiva\/noviobrazovni-profili-u-tehnickoj-skoli\/#breadcrumb"},"inLanguage":"bs-BA","potentialAction":[{"@type":"ReadAction","target":["https:\/\/sandzakpress.net\/arhiva\/noviobrazovni-profili-u-tehnickoj-skoli\/"]}]},{"@type":"ImageObject","inLanguage":"bs-BA","@id":"https:\/\/sandzakpress.net\/arhiva\/noviobrazovni-profili-u-tehnickoj-skoli\/#primaryimage","url":"https:\/\/sandzakpress.net\/arhiva\/wp-content\/uploads\/2010\/06\/tehnicka-skola.jpg","contentUrl":"https:\/\/sandzakpress.net\/arhiva\/wp-content\/uploads\/2010\/06\/tehnicka-skola.jpg","width":450,"height":338},{"@type":"BreadcrumbList","@id":"https:\/\/sandzakpress.net\/arhiva\/noviobrazovni-profili-u-tehnickoj-skoli\/#breadcrumb","itemListElement":[{"@type":"ListItem","position":1,"name":"Home","item":"https:\/\/sandzakpress.net\/arhiva\/"},{"@type":"ListItem","position":2,"name":"Noviobrazovni profili u Tehni\u010dkoj \u0161koli"}]},{"@type":"WebSite","@id":"https:\/\/sandzakpress.net\/arhiva\/#website","url":"https:\/\/sandzakpress.net\/arhiva\/","name":"Sand\u017eak PRESS","description":"Prve elektronske novine u Sand\u017eaku","publisher":{"@id":"https:\/\/sandzakpress.net\/arhiva\/#\/schema\/person\/6e72b67d6e51910a1117b3b483ba20bd"},"potentialAction":[{"@type":"SearchAction","target":{"@type":"EntryPoint","urlTemplate":"https:\/\/sandzakpress.net\/arhiva\/?s={search_term_string}"},"query-input":{"@type":"PropertyValueSpecification","valueRequired":true,"valueName":"search_term_string"}}],"inLanguage":"bs-BA"},{"@type":["Person","Organization"],"@id":"https:\/\/sandzakpress.net\/arhiva\/#\/schema\/person\/6e72b67d6e51910a1117b3b483ba20bd","name":"Kul","image":{"@type":"ImageObject","inLanguage":"bs-BA","@id":"https:\/\/sandzakpress.net\/arhiva\/#\/schema\/person\/image\/","url":"https:\/\/secure.gravatar.com\/avatar\/42263f39aa27ac04c43cab85c280eb2e?s=96&d=mm&r=pg","contentUrl":"https:\/\/secure.gravatar.com\/avatar\/42263f39aa27ac04c43cab85c280eb2e?s=96&d=mm&r=pg","caption":"Kul"},"logo":{"@id":"https:\/\/sandzakpress.net\/arhiva\/#\/schema\/person\/image\/"}},{"@type":"Person","@id":"https:\/\/sandzakpress.net\/arhiva\/#\/schema\/person\/c8baee722073534b583ea7bdb2e36c02","name":"bosniak","image":{"@type":"ImageObject","inLanguage":"bs-BA","@id":"https:\/\/sandzakpress.net\/arhiva\/#\/schema\/person\/image\/","url":"https:\/\/secure.gravatar.com\/avatar\/a04fd330bfe3a36a72a0ad4a6d89fca7?s=96&d=mm&r=pg","contentUrl":"https:\/\/secure.gravatar.com\/avatar\/a04fd330bfe3a36a72a0ad4a6d89fca7?s=96&d=mm&r=pg","caption":"bosniak"},"url":"https:\/\/sandzakpress.net\/arhiva\/author\/bosniak\/"}]}},"_links":{"self":[{"href":"https:\/\/sandzakpress.net\/arhiva\/wp-json\/wp\/v2\/posts\/5093"}],"collection":[{"href":"https:\/\/sandzakpress.net\/arhiva\/wp-json\/wp\/v2\/posts"}],"about":[{"href":"https:\/\/sandzakpress.net\/arhiva\/wp-json\/wp\/v2\/types\/post"}],"author":[{"embeddable":true,"href":"https:\/\/sandzakpress.net\/arhiva\/wp-json\/wp\/v2\/users\/83"}],"replies":[{"embeddable":true,"href":"https:\/\/sandzakpress.net\/arhiva\/wp-json\/wp\/v2\/comments?post=5093"}],"version-history":[{"count":0,"href":"https:\/\/sandzakpress.net\/arhiva\/wp-json\/wp\/v2\/posts\/5093\/revisions"}],"wp:featuredmedia":[{"embeddable":true,"href":"https:\/\/sandzakpress.net\/arhiva\/wp-json\/wp\/v2\/media\/5094"}],"wp:attachment":[{"href":"https:\/\/sandzakpress.net\/arhiva\/wp-json\/wp\/v2\/media?parent=5093"}],"wp:term":[{"taxonomy":"category","embeddable":true,"href":"https:\/\/sandzakpress.net\/arhiva\/wp-json\/wp\/v2\/categories?post=5093"},{"taxonomy":"post_tag","embeddable":true,"href":"https:\/\/sandzakpress.net\/arhiva\/wp-json\/wp\/v2\/tags?post=5093"}],"curies":[{"name":"wp","href":"https:\/\/api.w.org\/{rel}","templated":true}]}}