{"id":50361,"date":"2012-09-13T12:13:57","date_gmt":"2012-09-13T10:13:57","guid":{"rendered":"https:\/\/sandzakpress.net\/arhiva\/?p=50361"},"modified":"2012-09-13T16:17:13","modified_gmt":"2012-09-13T14:17:13","slug":"bnv-hocemo-bosanski-jezik-u-skolama","status":"publish","type":"post","link":"https:\/\/sandzakpress.net\/arhiva\/bnv-hocemo-bosanski-jezik-u-skolama\/","title":{"rendered":"BNV: &#8216;Ho\u0107emo bosanski jezik u \u0161kolama!&#8217; &#8211; Protesna pisma dr\u017eavnim \u010delnicima"},"content":{"rendered":"<p><a href=\"https:\/\/sandzakpress.net\/arhiva\/wp-content\/uploads\/2012\/09\/hro-novi-pazar.jpg\"><img loading=\"lazy\" decoding=\"async\" class=\"aligncenter size-full wp-image-50362\" title=\"hro-novi-pazar\" src=\"https:\/\/sandzakpress.net\/arhiva\/wp-content\/uploads\/2012\/09\/hro-novi-pazar.jpg\" alt=\"\" width=\"616\" height=\"373\" \/><\/a><\/p>\n<p><strong>Sjeverni Sand\u017eak &#8211; Povodom po\u010detka \u0161kolske 2012\/2013. godine i jo\u0161 uvijek kona\u010dnog nerje\u0161avanja statusa bosanskog jezika u srbijanskom \u0161kolskom sistemu, Bo\u0161nja\u010dko nacionalno vije\u0107e sa svojim odborima za jezik i pismo i obrazovanje pokre\u0107e niz vi\u0161esmjernih akcija okrenutih ka ostvarenju cjelokupnog obrazovnog sistema na bosanskom jeziku na podru\u010djima gdje Bo\u0161njaci \u010dine apsolutnu ili relativnu ve\u0107inu stanovni\u0161tva.<\/strong><\/p>\n<p>Od predsjednika Republike Srbije Tomislava Nikoli\u0107a, premijera Ivice Da\u010di\u0107a i ministra prosvjete \u017darka Obradovi\u0107a zahtijevamo da po\u0161tuju va\u017ee\u0107e zakone Republike Srbije i omogu\u0107e Bo\u0161njacima da u svim administrativnim, obrazovnim i drugim dr\u017eavnim aparatima u\u017eivaju ustavom i zakonima zagarantirana prava na maternji jezik. Podseje\u0107amo ih da je bo\u0161nja\u010dka zajednica jedina nacionalna zajednica kojoj se ta prava direktno ili indirektno osporavaju od strane dr\u017eavnih organa.<\/p>\n<p>Nezamislivo je da u nomenklaturi zvanja jo\u0161 uvijek ne postoji zvanje profesor bosanskog jezika i knji\u017eevnosti i da ta adminstrativna za\u010dkoljica otvara mogu\u0107nost nesavjesnim upravama \u0161kola da manipuliraju ovim nastavnim predmetom. Tako\u0111er nedopustivo je da bosanski jezik bude fakultativni predmet u \u0161kolama sa ve\u0107inskim brojem \u0111aka bo\u0161nja\u010dke nacionalnosti, kao \u0161to je presedan da postoje\u0107e ud\u017ebenike za bosanski jezik dr\u017eava preko svojih nadle\u017enih institucija ne pospje\u0161uje, ne dozvoljava izrade novih ud\u017ebenika za starije razrede niti inicira do\u0161tampavanje postoje\u0107ih ud\u017eebenika, iako za to postoje realne potrebe.<\/p>\n<p>Bo\u0161nja\u010dko nacionalno vije\u0107e nudi nadle\u017enim dr\u017eavnim institucija da u partnerskim odnosima rje\u0161ava ove i druge goru\u0107e probleme kako bi se preduprjedile posljedice neustavnog i nezakonitog djelovanja odre\u0111enih dr\u017eavnih organa koji su direktno odgovorni za implementaciju posotje\u0107ih zakonskih odredaba.<\/p>\n<p>Bo\u0161nja\u010dko nacionalno vije\u0107e \u0107e u narednom periodu problem nepo\u0161tivanja zakonskih obaveza dr\u017eavnih organa prema bo\u0161nja\u010dkoj zajednici, posebice prava na izu\u010davanje i kori\u0161\u0107enje maternjeg jezika, aktuelizirati i pred me\u0111unarodnim faktorima.<\/p>\n<h3>Protesna pisma dr\u017eavnim \u010delnicima<\/h3>\n<p>Obzirom da je po\u010dela nova \u0161kolska 2012\/13. godina, te da bosanski  jezik jo\u0161 uvijek nije uvr\u0161ten u redovni obrazovni sistem kao obavezni  nastavni predmet Bo\u0161nja\u010dko nacionalno vije\u0107e je danas uputilo otvoreno  pismo negodovanja zbog takvog stanja u obrazovnom sistemu Srbije.<\/p>\n<p>Pismo je zvani\u010dno upu\u0107eno, Predsjedniku Srbije Tomislavu Nikoli\u0107u,  predsjedniku Vlade R. Srbije Ivici Da\u010di\u0107u te Ministru prosvete, nauke i  tehnolo\u0161kog razvoja R. Srbije \u017darku Obradovi\u0107u, direktoru Kancelarije za  ljudska i manjinska Du\u0161anu Ignjatovi\u0107u prava te doma\u0107im i me\u0111unarodnim  organizacijama i institucijama za za\u0161titu ljudskih prava i sloboda.<\/p>\n<p>BNV zahtijeva da se po\u0161tuju va\u017ea\u0107i zakoni Republike Srbije ted a se  Bo\u0161njacima omogu\u0107i da u svim administrativnim, odgojno-obrazovnim i  drugim ustanovama dr\u017eavnog aparata u\u017eivaju, Ustavom i zakonima  zagarantirana, pravo na maternji jezik, posebno isti\u010du\u0107i da je Bo\u0161nja\u010dka  zajednica jedina kojoj se ta prava, direktno ili indirektno, osporavaju  od strane dr\u017eavnih organa.<\/p>\n<p>(BNV)<\/p>\n","protected":false},"excerpt":{"rendered":"<p>Sjeverni Sand\u017eak &#8211; Povodom po\u010detka \u0161kolske 2012\/2013. godine i jo\u0161 uvijek kona\u010dnog nerje\u0161avanja statusa bosanskog jezika u srbijanskom \u0161kolskom sistemu, Bo\u0161nja\u010dko nacionalno vije\u0107e sa svojim odborima za jezik i pismo i obrazovanje pokre\u0107e niz vi\u0161esmjernih akcija okrenutih ka ostvarenju cjelokupnog obrazovnog sistema na bosanskom jeziku na podru\u010djima gdje Bo\u0161njaci \u010dine apsolutnu ili relativnu ve\u0107inu stanovni\u0161tva. [&hellip;]<\/p>\n","protected":false},"author":83,"featured_media":50362,"comment_status":"open","ping_status":"open","sticky":false,"template":"","format":"standard","meta":{"footnotes":""},"categories":[800,72,52,327,392,393,394,8957],"tags":[],"class_list":{"0":"post-50361","1":"post","2":"type-post","3":"status-publish","4":"format-standard","5":"has-post-thumbnail","7":"category-nacija","8":"category-novi-pazar","9":"category-sjenica","10":"category-tutin","11":"category-prijepolje_","12":"category-priboj","13":"category-nova-varos","14":"category-vijesti-dana"},"yoast_head":"<!-- This site is optimized with the Yoast SEO Premium plugin v23.1 (Yoast SEO v24.9) - https:\/\/yoast.com\/wordpress\/plugins\/seo\/ -->\n<title>BNV: &#039;Ho\u0107emo bosanski jezik u \u0161kolama!&#039; - Protesna pisma dr\u017eavnim \u010delnicima<\/title>\n<meta name=\"robots\" content=\"index, follow, max-snippet:-1, max-image-preview:large, max-video-preview:-1\" \/>\n<link rel=\"canonical\" href=\"https:\/\/sandzakpress.net\/arhiva\/bnv-hocemo-bosanski-jezik-u-skolama\/\" \/>\n<meta property=\"og:locale\" content=\"bs_BA\" \/>\n<meta property=\"og:type\" content=\"article\" \/>\n<meta property=\"og:title\" content=\"BNV: &#039;Ho\u0107emo bosanski jezik u \u0161kolama!&#039; - Protesna pisma dr\u017eavnim \u010delnicima\" \/>\n<meta property=\"og:description\" content=\"Sjeverni Sand\u017eak &#8211; Povodom po\u010detka \u0161kolske 2012\/2013. godine i jo\u0161 uvijek kona\u010dnog nerje\u0161avanja statusa bosanskog jezika u srbijanskom \u0161kolskom sistemu, Bo\u0161nja\u010dko nacionalno vije\u0107e sa svojim odborima za jezik i pismo i obrazovanje pokre\u0107e niz vi\u0161esmjernih akcija okrenutih ka ostvarenju cjelokupnog obrazovnog sistema na bosanskom jeziku na podru\u010djima gdje Bo\u0161njaci \u010dine apsolutnu ili relativnu ve\u0107inu stanovni\u0161tva. [&hellip;]\" \/>\n<meta property=\"og:url\" content=\"https:\/\/sandzakpress.net\/arhiva\/bnv-hocemo-bosanski-jezik-u-skolama\/\" \/>\n<meta property=\"og:site_name\" content=\"Sand\u017eak PRESS\" \/>\n<meta property=\"article:published_time\" content=\"2012-09-13T10:13:57+00:00\" \/>\n<meta property=\"article:modified_time\" content=\"2012-09-13T14:17:13+00:00\" \/>\n<meta property=\"og:image\" content=\"https:\/\/sandzakpress.net\/arhiva\/wp-content\/uploads\/2012\/09\/hro-novi-pazar.jpg\" \/>\n\t<meta property=\"og:image:width\" content=\"616\" \/>\n\t<meta property=\"og:image:height\" content=\"373\" \/>\n\t<meta property=\"og:image:type\" content=\"image\/jpeg\" \/>\n<meta name=\"author\" content=\"bosniak\" \/>\n<meta name=\"twitter:card\" content=\"summary_large_image\" \/>\n<meta name=\"twitter:label1\" content=\"Written by\" \/>\n\t<meta name=\"twitter:data1\" content=\"bosniak\" \/>\n\t<meta name=\"twitter:label2\" content=\"Est. reading time\" \/>\n\t<meta name=\"twitter:data2\" content=\"3 minute\" \/>\n<script type=\"application\/ld+json\" class=\"yoast-schema-graph\">{\"@context\":\"https:\/\/schema.org\",\"@graph\":[{\"@type\":\"Article\",\"@id\":\"https:\/\/sandzakpress.net\/arhiva\/bnv-hocemo-bosanski-jezik-u-skolama\/#article\",\"isPartOf\":{\"@id\":\"https:\/\/sandzakpress.net\/arhiva\/bnv-hocemo-bosanski-jezik-u-skolama\/\"},\"author\":{\"name\":\"bosniak\",\"@id\":\"https:\/\/sandzakpress.net\/arhiva\/#\/schema\/person\/c8baee722073534b583ea7bdb2e36c02\"},\"headline\":\"BNV: &#8216;Ho\u0107emo bosanski jezik u \u0161kolama!&#8217; &#8211; Protesna pisma dr\u017eavnim \u010delnicima\",\"datePublished\":\"2012-09-13T10:13:57+00:00\",\"dateModified\":\"2012-09-13T14:17:13+00:00\",\"mainEntityOfPage\":{\"@id\":\"https:\/\/sandzakpress.net\/arhiva\/bnv-hocemo-bosanski-jezik-u-skolama\/\"},\"wordCount\":518,\"commentCount\":0,\"publisher\":{\"@id\":\"https:\/\/sandzakpress.net\/arhiva\/#\/schema\/person\/6e72b67d6e51910a1117b3b483ba20bd\"},\"image\":{\"@id\":\"https:\/\/sandzakpress.net\/arhiva\/bnv-hocemo-bosanski-jezik-u-skolama\/#primaryimage\"},\"thumbnailUrl\":\"https:\/\/sandzakpress.net\/arhiva\/wp-content\/uploads\/2012\/09\/hro-novi-pazar.jpg\",\"articleSection\":[\"Nacija\",\"Novi Pazar\",\"Sjenica\",\"Tutin\",\"Prijepolje\",\"Priboj\",\"Nova Varo\u0161\",\"VIJESTI DANA\"],\"inLanguage\":\"bs-BA\",\"potentialAction\":[{\"@type\":\"CommentAction\",\"name\":\"Comment\",\"target\":[\"https:\/\/sandzakpress.net\/arhiva\/bnv-hocemo-bosanski-jezik-u-skolama\/#respond\"]}]},{\"@type\":\"WebPage\",\"@id\":\"https:\/\/sandzakpress.net\/arhiva\/bnv-hocemo-bosanski-jezik-u-skolama\/\",\"url\":\"https:\/\/sandzakpress.net\/arhiva\/bnv-hocemo-bosanski-jezik-u-skolama\/\",\"name\":\"BNV: 'Ho\u0107emo bosanski jezik u \u0161kolama!' - Protesna pisma dr\u017eavnim \u010delnicima\",\"isPartOf\":{\"@id\":\"https:\/\/sandzakpress.net\/arhiva\/#website\"},\"primaryImageOfPage\":{\"@id\":\"https:\/\/sandzakpress.net\/arhiva\/bnv-hocemo-bosanski-jezik-u-skolama\/#primaryimage\"},\"image\":{\"@id\":\"https:\/\/sandzakpress.net\/arhiva\/bnv-hocemo-bosanski-jezik-u-skolama\/#primaryimage\"},\"thumbnailUrl\":\"https:\/\/sandzakpress.net\/arhiva\/wp-content\/uploads\/2012\/09\/hro-novi-pazar.jpg\",\"datePublished\":\"2012-09-13T10:13:57+00:00\",\"dateModified\":\"2012-09-13T14:17:13+00:00\",\"breadcrumb\":{\"@id\":\"https:\/\/sandzakpress.net\/arhiva\/bnv-hocemo-bosanski-jezik-u-skolama\/#breadcrumb\"},\"inLanguage\":\"bs-BA\",\"potentialAction\":[{\"@type\":\"ReadAction\",\"target\":[\"https:\/\/sandzakpress.net\/arhiva\/bnv-hocemo-bosanski-jezik-u-skolama\/\"]}]},{\"@type\":\"ImageObject\",\"inLanguage\":\"bs-BA\",\"@id\":\"https:\/\/sandzakpress.net\/arhiva\/bnv-hocemo-bosanski-jezik-u-skolama\/#primaryimage\",\"url\":\"https:\/\/sandzakpress.net\/arhiva\/wp-content\/uploads\/2012\/09\/hro-novi-pazar.jpg\",\"contentUrl\":\"https:\/\/sandzakpress.net\/arhiva\/wp-content\/uploads\/2012\/09\/hro-novi-pazar.jpg\",\"width\":616,\"height\":373},{\"@type\":\"BreadcrumbList\",\"@id\":\"https:\/\/sandzakpress.net\/arhiva\/bnv-hocemo-bosanski-jezik-u-skolama\/#breadcrumb\",\"itemListElement\":[{\"@type\":\"ListItem\",\"position\":1,\"name\":\"Home\",\"item\":\"https:\/\/sandzakpress.net\/arhiva\/\"},{\"@type\":\"ListItem\",\"position\":2,\"name\":\"BNV: &#8216;Ho\u0107emo bosanski jezik u \u0161kolama!&#8217; &#8211; Protesna pisma dr\u017eavnim \u010delnicima\"}]},{\"@type\":\"WebSite\",\"@id\":\"https:\/\/sandzakpress.net\/arhiva\/#website\",\"url\":\"https:\/\/sandzakpress.net\/arhiva\/\",\"name\":\"Sand\u017eak PRESS\",\"description\":\"Prve elektronske novine u Sand\u017eaku\",\"publisher\":{\"@id\":\"https:\/\/sandzakpress.net\/arhiva\/#\/schema\/person\/6e72b67d6e51910a1117b3b483ba20bd\"},\"potentialAction\":[{\"@type\":\"SearchAction\",\"target\":{\"@type\":\"EntryPoint\",\"urlTemplate\":\"https:\/\/sandzakpress.net\/arhiva\/?s={search_term_string}\"},\"query-input\":{\"@type\":\"PropertyValueSpecification\",\"valueRequired\":true,\"valueName\":\"search_term_string\"}}],\"inLanguage\":\"bs-BA\"},{\"@type\":[\"Person\",\"Organization\"],\"@id\":\"https:\/\/sandzakpress.net\/arhiva\/#\/schema\/person\/6e72b67d6e51910a1117b3b483ba20bd\",\"name\":\"Kul\",\"image\":{\"@type\":\"ImageObject\",\"inLanguage\":\"bs-BA\",\"@id\":\"https:\/\/sandzakpress.net\/arhiva\/#\/schema\/person\/image\/\",\"url\":\"https:\/\/secure.gravatar.com\/avatar\/42263f39aa27ac04c43cab85c280eb2e?s=96&d=mm&r=pg\",\"contentUrl\":\"https:\/\/secure.gravatar.com\/avatar\/42263f39aa27ac04c43cab85c280eb2e?s=96&d=mm&r=pg\",\"caption\":\"Kul\"},\"logo\":{\"@id\":\"https:\/\/sandzakpress.net\/arhiva\/#\/schema\/person\/image\/\"}},{\"@type\":\"Person\",\"@id\":\"https:\/\/sandzakpress.net\/arhiva\/#\/schema\/person\/c8baee722073534b583ea7bdb2e36c02\",\"name\":\"bosniak\",\"image\":{\"@type\":\"ImageObject\",\"inLanguage\":\"bs-BA\",\"@id\":\"https:\/\/sandzakpress.net\/arhiva\/#\/schema\/person\/image\/\",\"url\":\"https:\/\/secure.gravatar.com\/avatar\/a04fd330bfe3a36a72a0ad4a6d89fca7?s=96&d=mm&r=pg\",\"contentUrl\":\"https:\/\/secure.gravatar.com\/avatar\/a04fd330bfe3a36a72a0ad4a6d89fca7?s=96&d=mm&r=pg\",\"caption\":\"bosniak\"},\"url\":\"https:\/\/sandzakpress.net\/arhiva\/author\/bosniak\/\"}]}<\/script>\n<!-- \/ Yoast SEO Premium plugin. -->","yoast_head_json":{"title":"BNV: 'Ho\u0107emo bosanski jezik u \u0161kolama!' - Protesna pisma dr\u017eavnim \u010delnicima","robots":{"index":"index","follow":"follow","max-snippet":"max-snippet:-1","max-image-preview":"max-image-preview:large","max-video-preview":"max-video-preview:-1"},"canonical":"https:\/\/sandzakpress.net\/arhiva\/bnv-hocemo-bosanski-jezik-u-skolama\/","og_locale":"bs_BA","og_type":"article","og_title":"BNV: 'Ho\u0107emo bosanski jezik u \u0161kolama!' - Protesna pisma dr\u017eavnim \u010delnicima","og_description":"Sjeverni Sand\u017eak &#8211; Povodom po\u010detka \u0161kolske 2012\/2013. godine i jo\u0161 uvijek kona\u010dnog nerje\u0161avanja statusa bosanskog jezika u srbijanskom \u0161kolskom sistemu, Bo\u0161nja\u010dko nacionalno vije\u0107e sa svojim odborima za jezik i pismo i obrazovanje pokre\u0107e niz vi\u0161esmjernih akcija okrenutih ka ostvarenju cjelokupnog obrazovnog sistema na bosanskom jeziku na podru\u010djima gdje Bo\u0161njaci \u010dine apsolutnu ili relativnu ve\u0107inu stanovni\u0161tva. [&hellip;]","og_url":"https:\/\/sandzakpress.net\/arhiva\/bnv-hocemo-bosanski-jezik-u-skolama\/","og_site_name":"Sand\u017eak PRESS","article_published_time":"2012-09-13T10:13:57+00:00","article_modified_time":"2012-09-13T14:17:13+00:00","og_image":[{"width":616,"height":373,"url":"https:\/\/sandzakpress.net\/arhiva\/wp-content\/uploads\/2012\/09\/hro-novi-pazar.jpg","type":"image\/jpeg"}],"author":"bosniak","twitter_card":"summary_large_image","twitter_misc":{"Written by":"bosniak","Est. reading time":"3 minute"},"schema":{"@context":"https:\/\/schema.org","@graph":[{"@type":"Article","@id":"https:\/\/sandzakpress.net\/arhiva\/bnv-hocemo-bosanski-jezik-u-skolama\/#article","isPartOf":{"@id":"https:\/\/sandzakpress.net\/arhiva\/bnv-hocemo-bosanski-jezik-u-skolama\/"},"author":{"name":"bosniak","@id":"https:\/\/sandzakpress.net\/arhiva\/#\/schema\/person\/c8baee722073534b583ea7bdb2e36c02"},"headline":"BNV: &#8216;Ho\u0107emo bosanski jezik u \u0161kolama!&#8217; &#8211; Protesna pisma dr\u017eavnim \u010delnicima","datePublished":"2012-09-13T10:13:57+00:00","dateModified":"2012-09-13T14:17:13+00:00","mainEntityOfPage":{"@id":"https:\/\/sandzakpress.net\/arhiva\/bnv-hocemo-bosanski-jezik-u-skolama\/"},"wordCount":518,"commentCount":0,"publisher":{"@id":"https:\/\/sandzakpress.net\/arhiva\/#\/schema\/person\/6e72b67d6e51910a1117b3b483ba20bd"},"image":{"@id":"https:\/\/sandzakpress.net\/arhiva\/bnv-hocemo-bosanski-jezik-u-skolama\/#primaryimage"},"thumbnailUrl":"https:\/\/sandzakpress.net\/arhiva\/wp-content\/uploads\/2012\/09\/hro-novi-pazar.jpg","articleSection":["Nacija","Novi Pazar","Sjenica","Tutin","Prijepolje","Priboj","Nova Varo\u0161","VIJESTI DANA"],"inLanguage":"bs-BA","potentialAction":[{"@type":"CommentAction","name":"Comment","target":["https:\/\/sandzakpress.net\/arhiva\/bnv-hocemo-bosanski-jezik-u-skolama\/#respond"]}]},{"@type":"WebPage","@id":"https:\/\/sandzakpress.net\/arhiva\/bnv-hocemo-bosanski-jezik-u-skolama\/","url":"https:\/\/sandzakpress.net\/arhiva\/bnv-hocemo-bosanski-jezik-u-skolama\/","name":"BNV: 'Ho\u0107emo bosanski jezik u \u0161kolama!' - Protesna pisma dr\u017eavnim \u010delnicima","isPartOf":{"@id":"https:\/\/sandzakpress.net\/arhiva\/#website"},"primaryImageOfPage":{"@id":"https:\/\/sandzakpress.net\/arhiva\/bnv-hocemo-bosanski-jezik-u-skolama\/#primaryimage"},"image":{"@id":"https:\/\/sandzakpress.net\/arhiva\/bnv-hocemo-bosanski-jezik-u-skolama\/#primaryimage"},"thumbnailUrl":"https:\/\/sandzakpress.net\/arhiva\/wp-content\/uploads\/2012\/09\/hro-novi-pazar.jpg","datePublished":"2012-09-13T10:13:57+00:00","dateModified":"2012-09-13T14:17:13+00:00","breadcrumb":{"@id":"https:\/\/sandzakpress.net\/arhiva\/bnv-hocemo-bosanski-jezik-u-skolama\/#breadcrumb"},"inLanguage":"bs-BA","potentialAction":[{"@type":"ReadAction","target":["https:\/\/sandzakpress.net\/arhiva\/bnv-hocemo-bosanski-jezik-u-skolama\/"]}]},{"@type":"ImageObject","inLanguage":"bs-BA","@id":"https:\/\/sandzakpress.net\/arhiva\/bnv-hocemo-bosanski-jezik-u-skolama\/#primaryimage","url":"https:\/\/sandzakpress.net\/arhiva\/wp-content\/uploads\/2012\/09\/hro-novi-pazar.jpg","contentUrl":"https:\/\/sandzakpress.net\/arhiva\/wp-content\/uploads\/2012\/09\/hro-novi-pazar.jpg","width":616,"height":373},{"@type":"BreadcrumbList","@id":"https:\/\/sandzakpress.net\/arhiva\/bnv-hocemo-bosanski-jezik-u-skolama\/#breadcrumb","itemListElement":[{"@type":"ListItem","position":1,"name":"Home","item":"https:\/\/sandzakpress.net\/arhiva\/"},{"@type":"ListItem","position":2,"name":"BNV: &#8216;Ho\u0107emo bosanski jezik u \u0161kolama!&#8217; &#8211; Protesna pisma dr\u017eavnim \u010delnicima"}]},{"@type":"WebSite","@id":"https:\/\/sandzakpress.net\/arhiva\/#website","url":"https:\/\/sandzakpress.net\/arhiva\/","name":"Sand\u017eak PRESS","description":"Prve elektronske novine u Sand\u017eaku","publisher":{"@id":"https:\/\/sandzakpress.net\/arhiva\/#\/schema\/person\/6e72b67d6e51910a1117b3b483ba20bd"},"potentialAction":[{"@type":"SearchAction","target":{"@type":"EntryPoint","urlTemplate":"https:\/\/sandzakpress.net\/arhiva\/?s={search_term_string}"},"query-input":{"@type":"PropertyValueSpecification","valueRequired":true,"valueName":"search_term_string"}}],"inLanguage":"bs-BA"},{"@type":["Person","Organization"],"@id":"https:\/\/sandzakpress.net\/arhiva\/#\/schema\/person\/6e72b67d6e51910a1117b3b483ba20bd","name":"Kul","image":{"@type":"ImageObject","inLanguage":"bs-BA","@id":"https:\/\/sandzakpress.net\/arhiva\/#\/schema\/person\/image\/","url":"https:\/\/secure.gravatar.com\/avatar\/42263f39aa27ac04c43cab85c280eb2e?s=96&d=mm&r=pg","contentUrl":"https:\/\/secure.gravatar.com\/avatar\/42263f39aa27ac04c43cab85c280eb2e?s=96&d=mm&r=pg","caption":"Kul"},"logo":{"@id":"https:\/\/sandzakpress.net\/arhiva\/#\/schema\/person\/image\/"}},{"@type":"Person","@id":"https:\/\/sandzakpress.net\/arhiva\/#\/schema\/person\/c8baee722073534b583ea7bdb2e36c02","name":"bosniak","image":{"@type":"ImageObject","inLanguage":"bs-BA","@id":"https:\/\/sandzakpress.net\/arhiva\/#\/schema\/person\/image\/","url":"https:\/\/secure.gravatar.com\/avatar\/a04fd330bfe3a36a72a0ad4a6d89fca7?s=96&d=mm&r=pg","contentUrl":"https:\/\/secure.gravatar.com\/avatar\/a04fd330bfe3a36a72a0ad4a6d89fca7?s=96&d=mm&r=pg","caption":"bosniak"},"url":"https:\/\/sandzakpress.net\/arhiva\/author\/bosniak\/"}]}},"_links":{"self":[{"href":"https:\/\/sandzakpress.net\/arhiva\/wp-json\/wp\/v2\/posts\/50361"}],"collection":[{"href":"https:\/\/sandzakpress.net\/arhiva\/wp-json\/wp\/v2\/posts"}],"about":[{"href":"https:\/\/sandzakpress.net\/arhiva\/wp-json\/wp\/v2\/types\/post"}],"author":[{"embeddable":true,"href":"https:\/\/sandzakpress.net\/arhiva\/wp-json\/wp\/v2\/users\/83"}],"replies":[{"embeddable":true,"href":"https:\/\/sandzakpress.net\/arhiva\/wp-json\/wp\/v2\/comments?post=50361"}],"version-history":[{"count":0,"href":"https:\/\/sandzakpress.net\/arhiva\/wp-json\/wp\/v2\/posts\/50361\/revisions"}],"wp:featuredmedia":[{"embeddable":true,"href":"https:\/\/sandzakpress.net\/arhiva\/wp-json\/wp\/v2\/media\/50362"}],"wp:attachment":[{"href":"https:\/\/sandzakpress.net\/arhiva\/wp-json\/wp\/v2\/media?parent=50361"}],"wp:term":[{"taxonomy":"category","embeddable":true,"href":"https:\/\/sandzakpress.net\/arhiva\/wp-json\/wp\/v2\/categories?post=50361"},{"taxonomy":"post_tag","embeddable":true,"href":"https:\/\/sandzakpress.net\/arhiva\/wp-json\/wp\/v2\/tags?post=50361"}],"curies":[{"name":"wp","href":"https:\/\/api.w.org\/{rel}","templated":true}]}}