{"id":50328,"date":"2012-09-12T16:01:22","date_gmt":"2012-09-12T14:01:22","guid":{"rendered":"https:\/\/sandzakpress.net\/arhiva\/?p=50328"},"modified":"2012-09-12T16:01:22","modified_gmt":"2012-09-12T14:01:22","slug":"iz-sarajeva-upucen-apel-za-mir-2012","status":"publish","type":"post","link":"https:\/\/sandzakpress.net\/arhiva\/iz-sarajeva-upucen-apel-za-mir-2012\/","title":{"rendered":"Iz Sarajeva upu\u0107en &#8220;Apel za mir 2012.&#8221;"},"content":{"rendered":"<p><strong><a href=\"https:\/\/sandzakpress.net\/arhiva\/wp-content\/uploads\/2012\/09\/prouka-mira-2012-1.jpg\"><img loading=\"lazy\" decoding=\"async\" class=\"alignleft size-medium wp-image-50329\" title=\"prouka-mira-2012-1\" src=\"https:\/\/sandzakpress.net\/arhiva\/wp-content\/uploads\/2012\/09\/prouka-mira-2012-1-300x200.jpg\" alt=\"\" width=\"300\" height=\"200\" \/><\/a>BiH &#8211; \u010citanjem, potpisivanjem i izru\u010divanjem \u201eApela za mir 2012.\u201c te zavr\u0161nom procesijom u Sarajevu je sve\u010dano zavr\u0161en trodnevni Me\u0111unarodni susret za mir &#8220;Na\u0161a je budu\u0107nost \u017eivjeti zajedno &#8211; Religije i kulture u dijalogu&#8221;, koji Zajednica Svetog Egidija (Sant'Egidio) organizira ve\u0107 25 godina.<\/strong><\/p>\n<p>Na sve\u010danoj ceremoniji pro\u010ditan je Apel za mir, koji prenosimo u cijelosti:<\/p>\n<p>Mi, mu\u0161karci i \u017eene razli\u010ditih religija, okupili smo se ovdje na poziv Zajednice sv. Egidija te Srpske Pravoslavne i Katoli\u010dke Crkve kao i Islamske i Hebrejske zajednice u ovoj zemlji, lijepoj ali izranjenoj od nedavnog rata koji se dogodio na tlu Europe. Mnogi u Sarajevu se prisje\u0107aju ovog bolnog sukoba. Svi u Sarajevu i sve vjerske i nacionalne zajednice podsje\u0107aju sve nas kako je rat veliko zlo i da ostavlja zatrovane odnose. Potrebno je svim snagama \u010diniti sve da se ne upadne u groznu spiralu mr\u017enje, nasilja i rata. Susjed se nikada ne treba na\u0107i u situaciji da mora ratovati sa susjedom stoga jer pripada drugoj religiji ili etni\u010dkoj zajednici. Nikad vi\u0161e u ovoj zemlji! Nikad vi\u0161e ni u kojem dijelu svijeta!<\/p>\n<p>Zapitali smo se: nosi li su\u017eivot me\u0111u narodima razli\u010ditih religija i etni\u010dkih skupina u sebi klice mr\u017enje i nasilja? Ne! Tako ne smije biti! Iako, na\u017ealost, mnoge zemlje trpe zbog nasilja, rata, nesigurnosti. \u017divimo u vremenu u kojem se sve vi\u0161e razli\u010ditih ljudi geografski zbli\u017eavaju. Ali to nije dovoljno. Neophodno je da se zbli\u017eavanje doga\u0111a istinski. Trebamo se duhovno zbli\u017eavati, uz uva\u017eavanje religijskih razlika.<\/p>\n<p>Razli\u010diti smo. Ali na\u0161e jednodu\u0161no uvjerenje je ovo: \u017eivjeti zajedno me\u0111u razli\u010ditim narodima je mogu\u0107e u svim dijelovima svijeta, i veoma je plodonosno. To je mogu\u0107e u Sarajevu i bilo gdje drugdje. Potrebno je odgovorno pripremati budu\u0107nost. U ovome je velika odgovornost religija. Ovih dana u Sarajevu smo \u017eivjeli milost dijaloga i vidjeli kako stvarati budu\u0107nost.<\/p>\n<p>Me\u0111utim danas, u vremenu ekonomske krize, velika je napast povu\u0107i se, uz to okriviti druge narode za vlastite probleme, one iz pro\u0161losti i sada\u0161njosti. Tako jedan narod drugome postaje stranac i neprijatelj. Razvijaju se opasne kulture srd\u017ebe, ogor\u010denosti, mr\u017enje, straha. Me\u0111utim, nijedan narod nije neprijatelj: svi su podnijeli patnje, svi imaju dobru du\u0161u! Svi mogu \u017eivjeti zajedno!<\/p>\n<p>Religije imaju veliku zada\u0107u: govore o Bogu \u010dovjekovom srcu i osloba\u0111aju ga od mr\u017enje, predrasuda, strahova, i otvaraju ga za ljubav. Iznutra mijenjaju mu\u0161karca i \u017eenu. Religije mogu nau\u010diti svakog mu\u0161karca i \u017eenu kao i sve narode umjetnosti zajedni\u010dkog \u017eivljenja po dijalogu, me\u0111usobnom po\u0161tivanju, po\u0161tovanju slobode i razli\u010ditosti. Tako mogu stvoriti humaniji svijet. Zato jer smo svi jednaki i svi razli\u010diti.<\/p>\n<p>Potrebna nam je nova hrabrost pred te\u0161ko\u0107ama. Gledaju\u0107i u daljinu, neophodno je u dijalogu stvarati jezik simpatije, prijateljstva i suosje\u0107anja. Ovaj zajedni\u010dki jezik nam dopu\u0161ta me\u0111usobno razgovaranje, jer vidimo ljepotu razli\u010ditosti i vrijednost jednakosti. Volja je Bo\u017eija da \u017eivimo zajedno u miru! Mr\u017enja, podjela, nasilje, masakri i genocidi ne dolaze od Boga. Molimo neka nas Bog obdari darom mira. Neka taj veliki dar udijeli svijetu i svima nama!<\/p>\n","protected":false},"excerpt":{"rendered":"<p>BiH &#8211; \u010citanjem, potpisivanjem i izru\u010divanjem \u201eApela za mir 2012.\u201c te zavr\u0161nom procesijom u Sarajevu je sve\u010dano zavr\u0161en trodnevni Me\u0111unarodni susret za mir &#8220;Na\u0161a je budu\u0107nost \u017eivjeti zajedno &#8211; Religije i kulture u dijalogu&#8221;, koji Zajednica Svetog Egidija (Sant'Egidio) organizira ve\u0107 25 godina. Na sve\u010danoj ceremoniji pro\u010ditan je Apel za mir, koji prenosimo u cijelosti: [&hellip;]<\/p>\n","protected":false},"author":14,"featured_media":50329,"comment_status":"open","ping_status":"open","sticky":false,"template":"","format":"standard","meta":{"footnotes":""},"categories":[2860,802],"tags":[],"class_list":{"0":"post-50328","1":"post","2":"type-post","3":"status-publish","4":"format-standard","5":"has-post-thumbnail","7":"category-bosna-i-hercegovina-gradovi","8":"category-islamska_zajednica"},"yoast_head":"<!-- This site is optimized with the Yoast SEO Premium plugin v23.1 (Yoast SEO v24.9) - https:\/\/yoast.com\/wordpress\/plugins\/seo\/ -->\n<title>Iz Sarajeva upu\u0107en &quot;Apel za mir 2012.&quot;<\/title>\n<meta name=\"robots\" content=\"index, follow, max-snippet:-1, max-image-preview:large, max-video-preview:-1\" \/>\n<link rel=\"canonical\" href=\"https:\/\/sandzakpress.net\/arhiva\/iz-sarajeva-upucen-apel-za-mir-2012\/\" \/>\n<meta property=\"og:locale\" content=\"bs_BA\" \/>\n<meta property=\"og:type\" content=\"article\" \/>\n<meta property=\"og:title\" content=\"Iz Sarajeva upu\u0107en &quot;Apel za mir 2012.&quot;\" \/>\n<meta property=\"og:description\" content=\"BiH &#8211; \u010citanjem, potpisivanjem i izru\u010divanjem \u201eApela za mir 2012.\u201c te zavr\u0161nom procesijom u Sarajevu je sve\u010dano zavr\u0161en trodnevni Me\u0111unarodni susret za mir &#8220;Na\u0161a je budu\u0107nost \u017eivjeti zajedno &#8211; Religije i kulture u dijalogu&#8221;, koji Zajednica Svetog Egidija (Sant&#039;Egidio) organizira ve\u0107 25 godina. Na sve\u010danoj ceremoniji pro\u010ditan je Apel za mir, koji prenosimo u cijelosti: [&hellip;]\" \/>\n<meta property=\"og:url\" content=\"https:\/\/sandzakpress.net\/arhiva\/iz-sarajeva-upucen-apel-za-mir-2012\/\" \/>\n<meta property=\"og:site_name\" content=\"Sand\u017eak PRESS\" \/>\n<meta property=\"article:published_time\" content=\"2012-09-12T14:01:22+00:00\" \/>\n<meta property=\"og:image\" content=\"https:\/\/sandzakpress.net\/arhiva\/wp-content\/uploads\/2012\/09\/prouka-mira-2012-1.jpg\" \/>\n\t<meta property=\"og:image:width\" content=\"640\" \/>\n\t<meta property=\"og:image:height\" content=\"428\" \/>\n\t<meta property=\"og:image:type\" content=\"image\/jpeg\" \/>\n<meta name=\"twitter:card\" content=\"summary_large_image\" \/>\n<meta name=\"twitter:label1\" content=\"Written by\" \/>\n\t<meta name=\"twitter:data1\" content=\"\" \/>\n\t<meta name=\"twitter:label2\" content=\"Est. reading time\" \/>\n\t<meta name=\"twitter:data2\" content=\"3 minute\" \/>\n<script type=\"application\/ld+json\" class=\"yoast-schema-graph\">{\"@context\":\"https:\/\/schema.org\",\"@graph\":[{\"@type\":\"Article\",\"@id\":\"https:\/\/sandzakpress.net\/arhiva\/iz-sarajeva-upucen-apel-za-mir-2012\/#article\",\"isPartOf\":{\"@id\":\"https:\/\/sandzakpress.net\/arhiva\/iz-sarajeva-upucen-apel-za-mir-2012\/\"},\"author\":{\"name\":\"\",\"@id\":\"\"},\"headline\":\"Iz Sarajeva upu\u0107en &#8220;Apel za mir 2012.&#8221;\",\"datePublished\":\"2012-09-12T14:01:22+00:00\",\"mainEntityOfPage\":{\"@id\":\"https:\/\/sandzakpress.net\/arhiva\/iz-sarajeva-upucen-apel-za-mir-2012\/\"},\"wordCount\":561,\"commentCount\":1,\"publisher\":{\"@id\":\"https:\/\/sandzakpress.net\/arhiva\/#\/schema\/person\/6e72b67d6e51910a1117b3b483ba20bd\"},\"image\":{\"@id\":\"https:\/\/sandzakpress.net\/arhiva\/iz-sarajeva-upucen-apel-za-mir-2012\/#primaryimage\"},\"thumbnailUrl\":\"https:\/\/sandzakpress.net\/arhiva\/wp-content\/uploads\/2012\/09\/prouka-mira-2012-1.jpg\",\"articleSection\":[\"Bosna i Hercegovina\",\"Islamska zajednica\"],\"inLanguage\":\"bs-BA\",\"potentialAction\":[{\"@type\":\"CommentAction\",\"name\":\"Comment\",\"target\":[\"https:\/\/sandzakpress.net\/arhiva\/iz-sarajeva-upucen-apel-za-mir-2012\/#respond\"]}]},{\"@type\":\"WebPage\",\"@id\":\"https:\/\/sandzakpress.net\/arhiva\/iz-sarajeva-upucen-apel-za-mir-2012\/\",\"url\":\"https:\/\/sandzakpress.net\/arhiva\/iz-sarajeva-upucen-apel-za-mir-2012\/\",\"name\":\"Iz Sarajeva upu\u0107en \\\"Apel za mir 2012.\\\"\",\"isPartOf\":{\"@id\":\"https:\/\/sandzakpress.net\/arhiva\/#website\"},\"primaryImageOfPage\":{\"@id\":\"https:\/\/sandzakpress.net\/arhiva\/iz-sarajeva-upucen-apel-za-mir-2012\/#primaryimage\"},\"image\":{\"@id\":\"https:\/\/sandzakpress.net\/arhiva\/iz-sarajeva-upucen-apel-za-mir-2012\/#primaryimage\"},\"thumbnailUrl\":\"https:\/\/sandzakpress.net\/arhiva\/wp-content\/uploads\/2012\/09\/prouka-mira-2012-1.jpg\",\"datePublished\":\"2012-09-12T14:01:22+00:00\",\"breadcrumb\":{\"@id\":\"https:\/\/sandzakpress.net\/arhiva\/iz-sarajeva-upucen-apel-za-mir-2012\/#breadcrumb\"},\"inLanguage\":\"bs-BA\",\"potentialAction\":[{\"@type\":\"ReadAction\",\"target\":[\"https:\/\/sandzakpress.net\/arhiva\/iz-sarajeva-upucen-apel-za-mir-2012\/\"]}]},{\"@type\":\"ImageObject\",\"inLanguage\":\"bs-BA\",\"@id\":\"https:\/\/sandzakpress.net\/arhiva\/iz-sarajeva-upucen-apel-za-mir-2012\/#primaryimage\",\"url\":\"https:\/\/sandzakpress.net\/arhiva\/wp-content\/uploads\/2012\/09\/prouka-mira-2012-1.jpg\",\"contentUrl\":\"https:\/\/sandzakpress.net\/arhiva\/wp-content\/uploads\/2012\/09\/prouka-mira-2012-1.jpg\",\"width\":640,\"height\":428},{\"@type\":\"BreadcrumbList\",\"@id\":\"https:\/\/sandzakpress.net\/arhiva\/iz-sarajeva-upucen-apel-za-mir-2012\/#breadcrumb\",\"itemListElement\":[{\"@type\":\"ListItem\",\"position\":1,\"name\":\"Home\",\"item\":\"https:\/\/sandzakpress.net\/arhiva\/\"},{\"@type\":\"ListItem\",\"position\":2,\"name\":\"Iz Sarajeva upu\u0107en &#8220;Apel za mir 2012.&#8221;\"}]},{\"@type\":\"WebSite\",\"@id\":\"https:\/\/sandzakpress.net\/arhiva\/#website\",\"url\":\"https:\/\/sandzakpress.net\/arhiva\/\",\"name\":\"Sand\u017eak PRESS\",\"description\":\"Prve elektronske novine u Sand\u017eaku\",\"publisher\":{\"@id\":\"https:\/\/sandzakpress.net\/arhiva\/#\/schema\/person\/6e72b67d6e51910a1117b3b483ba20bd\"},\"potentialAction\":[{\"@type\":\"SearchAction\",\"target\":{\"@type\":\"EntryPoint\",\"urlTemplate\":\"https:\/\/sandzakpress.net\/arhiva\/?s={search_term_string}\"},\"query-input\":{\"@type\":\"PropertyValueSpecification\",\"valueRequired\":true,\"valueName\":\"search_term_string\"}}],\"inLanguage\":\"bs-BA\"},{\"@type\":[\"Person\",\"Organization\"],\"@id\":\"https:\/\/sandzakpress.net\/arhiva\/#\/schema\/person\/6e72b67d6e51910a1117b3b483ba20bd\",\"name\":\"Kul\",\"image\":{\"@type\":\"ImageObject\",\"inLanguage\":\"bs-BA\",\"@id\":\"https:\/\/sandzakpress.net\/arhiva\/#\/schema\/person\/image\/\",\"url\":\"https:\/\/secure.gravatar.com\/avatar\/42263f39aa27ac04c43cab85c280eb2e?s=96&d=mm&r=pg\",\"contentUrl\":\"https:\/\/secure.gravatar.com\/avatar\/42263f39aa27ac04c43cab85c280eb2e?s=96&d=mm&r=pg\",\"caption\":\"Kul\"},\"logo\":{\"@id\":\"https:\/\/sandzakpress.net\/arhiva\/#\/schema\/person\/image\/\"}},{\"@type\":\"Person\",\"@id\":\"\",\"url\":\"https:\/\/sandzakpress.net\/arhiva\/author\/\"}]}<\/script>\n<!-- \/ Yoast SEO Premium plugin. -->","yoast_head_json":{"title":"Iz Sarajeva upu\u0107en \"Apel za mir 2012.\"","robots":{"index":"index","follow":"follow","max-snippet":"max-snippet:-1","max-image-preview":"max-image-preview:large","max-video-preview":"max-video-preview:-1"},"canonical":"https:\/\/sandzakpress.net\/arhiva\/iz-sarajeva-upucen-apel-za-mir-2012\/","og_locale":"bs_BA","og_type":"article","og_title":"Iz Sarajeva upu\u0107en \"Apel za mir 2012.\"","og_description":"BiH &#8211; \u010citanjem, potpisivanjem i izru\u010divanjem \u201eApela za mir 2012.\u201c te zavr\u0161nom procesijom u Sarajevu je sve\u010dano zavr\u0161en trodnevni Me\u0111unarodni susret za mir &#8220;Na\u0161a je budu\u0107nost \u017eivjeti zajedno &#8211; Religije i kulture u dijalogu&#8221;, koji Zajednica Svetog Egidija (Sant'Egidio) organizira ve\u0107 25 godina. Na sve\u010danoj ceremoniji pro\u010ditan je Apel za mir, koji prenosimo u cijelosti: [&hellip;]","og_url":"https:\/\/sandzakpress.net\/arhiva\/iz-sarajeva-upucen-apel-za-mir-2012\/","og_site_name":"Sand\u017eak PRESS","article_published_time":"2012-09-12T14:01:22+00:00","og_image":[{"width":640,"height":428,"url":"https:\/\/sandzakpress.net\/arhiva\/wp-content\/uploads\/2012\/09\/prouka-mira-2012-1.jpg","type":"image\/jpeg"}],"twitter_card":"summary_large_image","twitter_misc":{"Written by":"","Est. reading time":"3 minute"},"schema":{"@context":"https:\/\/schema.org","@graph":[{"@type":"Article","@id":"https:\/\/sandzakpress.net\/arhiva\/iz-sarajeva-upucen-apel-za-mir-2012\/#article","isPartOf":{"@id":"https:\/\/sandzakpress.net\/arhiva\/iz-sarajeva-upucen-apel-za-mir-2012\/"},"author":{"name":"","@id":""},"headline":"Iz Sarajeva upu\u0107en &#8220;Apel za mir 2012.&#8221;","datePublished":"2012-09-12T14:01:22+00:00","mainEntityOfPage":{"@id":"https:\/\/sandzakpress.net\/arhiva\/iz-sarajeva-upucen-apel-za-mir-2012\/"},"wordCount":561,"commentCount":1,"publisher":{"@id":"https:\/\/sandzakpress.net\/arhiva\/#\/schema\/person\/6e72b67d6e51910a1117b3b483ba20bd"},"image":{"@id":"https:\/\/sandzakpress.net\/arhiva\/iz-sarajeva-upucen-apel-za-mir-2012\/#primaryimage"},"thumbnailUrl":"https:\/\/sandzakpress.net\/arhiva\/wp-content\/uploads\/2012\/09\/prouka-mira-2012-1.jpg","articleSection":["Bosna i Hercegovina","Islamska zajednica"],"inLanguage":"bs-BA","potentialAction":[{"@type":"CommentAction","name":"Comment","target":["https:\/\/sandzakpress.net\/arhiva\/iz-sarajeva-upucen-apel-za-mir-2012\/#respond"]}]},{"@type":"WebPage","@id":"https:\/\/sandzakpress.net\/arhiva\/iz-sarajeva-upucen-apel-za-mir-2012\/","url":"https:\/\/sandzakpress.net\/arhiva\/iz-sarajeva-upucen-apel-za-mir-2012\/","name":"Iz Sarajeva upu\u0107en \"Apel za mir 2012.\"","isPartOf":{"@id":"https:\/\/sandzakpress.net\/arhiva\/#website"},"primaryImageOfPage":{"@id":"https:\/\/sandzakpress.net\/arhiva\/iz-sarajeva-upucen-apel-za-mir-2012\/#primaryimage"},"image":{"@id":"https:\/\/sandzakpress.net\/arhiva\/iz-sarajeva-upucen-apel-za-mir-2012\/#primaryimage"},"thumbnailUrl":"https:\/\/sandzakpress.net\/arhiva\/wp-content\/uploads\/2012\/09\/prouka-mira-2012-1.jpg","datePublished":"2012-09-12T14:01:22+00:00","breadcrumb":{"@id":"https:\/\/sandzakpress.net\/arhiva\/iz-sarajeva-upucen-apel-za-mir-2012\/#breadcrumb"},"inLanguage":"bs-BA","potentialAction":[{"@type":"ReadAction","target":["https:\/\/sandzakpress.net\/arhiva\/iz-sarajeva-upucen-apel-za-mir-2012\/"]}]},{"@type":"ImageObject","inLanguage":"bs-BA","@id":"https:\/\/sandzakpress.net\/arhiva\/iz-sarajeva-upucen-apel-za-mir-2012\/#primaryimage","url":"https:\/\/sandzakpress.net\/arhiva\/wp-content\/uploads\/2012\/09\/prouka-mira-2012-1.jpg","contentUrl":"https:\/\/sandzakpress.net\/arhiva\/wp-content\/uploads\/2012\/09\/prouka-mira-2012-1.jpg","width":640,"height":428},{"@type":"BreadcrumbList","@id":"https:\/\/sandzakpress.net\/arhiva\/iz-sarajeva-upucen-apel-za-mir-2012\/#breadcrumb","itemListElement":[{"@type":"ListItem","position":1,"name":"Home","item":"https:\/\/sandzakpress.net\/arhiva\/"},{"@type":"ListItem","position":2,"name":"Iz Sarajeva upu\u0107en &#8220;Apel za mir 2012.&#8221;"}]},{"@type":"WebSite","@id":"https:\/\/sandzakpress.net\/arhiva\/#website","url":"https:\/\/sandzakpress.net\/arhiva\/","name":"Sand\u017eak PRESS","description":"Prve elektronske novine u Sand\u017eaku","publisher":{"@id":"https:\/\/sandzakpress.net\/arhiva\/#\/schema\/person\/6e72b67d6e51910a1117b3b483ba20bd"},"potentialAction":[{"@type":"SearchAction","target":{"@type":"EntryPoint","urlTemplate":"https:\/\/sandzakpress.net\/arhiva\/?s={search_term_string}"},"query-input":{"@type":"PropertyValueSpecification","valueRequired":true,"valueName":"search_term_string"}}],"inLanguage":"bs-BA"},{"@type":["Person","Organization"],"@id":"https:\/\/sandzakpress.net\/arhiva\/#\/schema\/person\/6e72b67d6e51910a1117b3b483ba20bd","name":"Kul","image":{"@type":"ImageObject","inLanguage":"bs-BA","@id":"https:\/\/sandzakpress.net\/arhiva\/#\/schema\/person\/image\/","url":"https:\/\/secure.gravatar.com\/avatar\/42263f39aa27ac04c43cab85c280eb2e?s=96&d=mm&r=pg","contentUrl":"https:\/\/secure.gravatar.com\/avatar\/42263f39aa27ac04c43cab85c280eb2e?s=96&d=mm&r=pg","caption":"Kul"},"logo":{"@id":"https:\/\/sandzakpress.net\/arhiva\/#\/schema\/person\/image\/"}},{"@type":"Person","@id":"","url":"https:\/\/sandzakpress.net\/arhiva\/author\/"}]}},"_links":{"self":[{"href":"https:\/\/sandzakpress.net\/arhiva\/wp-json\/wp\/v2\/posts\/50328"}],"collection":[{"href":"https:\/\/sandzakpress.net\/arhiva\/wp-json\/wp\/v2\/posts"}],"about":[{"href":"https:\/\/sandzakpress.net\/arhiva\/wp-json\/wp\/v2\/types\/post"}],"author":[{"embeddable":true,"href":"https:\/\/sandzakpress.net\/arhiva\/wp-json\/wp\/v2\/users\/14"}],"replies":[{"embeddable":true,"href":"https:\/\/sandzakpress.net\/arhiva\/wp-json\/wp\/v2\/comments?post=50328"}],"version-history":[{"count":0,"href":"https:\/\/sandzakpress.net\/arhiva\/wp-json\/wp\/v2\/posts\/50328\/revisions"}],"wp:featuredmedia":[{"embeddable":true,"href":"https:\/\/sandzakpress.net\/arhiva\/wp-json\/wp\/v2\/media\/50329"}],"wp:attachment":[{"href":"https:\/\/sandzakpress.net\/arhiva\/wp-json\/wp\/v2\/media?parent=50328"}],"wp:term":[{"taxonomy":"category","embeddable":true,"href":"https:\/\/sandzakpress.net\/arhiva\/wp-json\/wp\/v2\/categories?post=50328"},{"taxonomy":"post_tag","embeddable":true,"href":"https:\/\/sandzakpress.net\/arhiva\/wp-json\/wp\/v2\/tags?post=50328"}],"curies":[{"name":"wp","href":"https:\/\/api.w.org\/{rel}","templated":true}]}}