{"id":50191,"date":"2012-09-11T12:15:30","date_gmt":"2012-09-11T10:15:30","guid":{"rendered":"https:\/\/sandzakpress.net\/arhiva\/?p=50191"},"modified":"2012-09-11T12:15:30","modified_gmt":"2012-09-11T10:15:30","slug":"bajram-redzepi-za-aa-zelimo-nezavisno-kosovo-u-un-u","status":"publish","type":"post","link":"https:\/\/sandzakpress.net\/arhiva\/bajram-redzepi-za-aa-zelimo-nezavisno-kosovo-u-un-u\/","title":{"rendered":"Bajram Red\u017eepi za AA: \u017delimo nezavisno Kosovo u UN-u"},"content":{"rendered":"<p><strong><a href=\"https:\/\/sandzakpress.net\/arhiva\/wp-content\/uploads\/2012\/09\/copyright_aabadoluajansi_2012_20120911100922.jpg\"><img loading=\"lazy\" decoding=\"async\" class=\"alignleft size-medium wp-image-50192\" title=\"copyright_aabadoluajansi_2012_20120911100922\" src=\"https:\/\/sandzakpress.net\/arhiva\/wp-content\/uploads\/2012\/09\/copyright_aabadoluajansi_2012_20120911100922-300x208.jpg\" alt=\"\" width=\"300\" height=\"208\" \/><\/a>Kosovo &#8211; Nakon \u0161to je na ju\u010dera\u0161njem  posljednjem sastanku Me\u0111unarodne upravlja\u010dke grupe za Kosovo (ISG)  donesena odluka o okon\u010danju nadgledane nezavisnostite dr\u017eave, kosovski  ministar unutra\u0161njih poslova Bajram Red\u017eepi izjavio je za agenciju  Anadolija (AA) da je Republika Kosovo sada &#8220;nezavisna i suverena  dr\u017eava&#8221;.<\/strong><\/p>\n<p>No, to, kako ka\u017ee Red\u017eepi, zna\u010di da Kosovo ima vi\u0161e obaveza i da mora uraditi sve kako bi te obaveze bile izvr\u0161ene.<\/p>\n<p>&#8220;Kao  i svaka nezavisna dr\u017eava, i mi imamo i obaveze. Pogotovo u sjevernom  dijelu Kosova gdje postoje problemi. Tamo treba da se uspostave  sigurnost i vladavina zakona. To je jedan od najve\u0107ih problema. Vjerujem  da \u0107e me\u0111unarodna zajednica napraviti ve\u0107i pritisak na institucije  Srbije da se taj dio problema rije\u0161i, jer su gra\u0111ani taoci raznih  kriminalnih grupa. Treba, dakle, da se uspostavi red i zakon. To je  jedan od izazova. Moramo oja\u010dati borbu protiv organiziranog kriminala i  korupcije. Moramo biti prisutni na svim regionalnim konferencijama i u  regionalnim institucijama, odnosno institucijama demokratskog svijeta&#8221;,  izjavio je Red\u017eepi za agenciju Anadolija.<\/p>\n<p>Nadalje,  Red\u017eepi smatra da \u0107e Srbija i dalje poku\u0161avati da preko policijskih  struktura i svoje inteligencije pravi probleme na Kosovu.<\/p>\n<p>&#8220;Ali,  nadam se da \u0107e Washington i Bruxellesnapokon ukinuti te ilegalne  sigurnosne strukture, kao i ostale paralelne strukture na sjeveru  Kosova. To je njihova obaveza i to moraju uraditi&#8221;, smatra Red\u017eepi.<\/p>\n<p>Na  pitanje da li se mo\u017ee ste\u0107i utisak da Beograd pod pritiskom iz  Bruxellesa polako mijenja svoj stav o Kosovu i pokazuje spremnost za  saradnju, \u0161to se mo\u017ee tuma\u010diti i u kontekstu ukidanja monitoringa  nezavisnosti, Red\u017eepi tvrdi:<\/p>\n<p>&#8220;Ne  vjerujem, jer oni ionako nisu priznali nezavisnost Kosova pod  monitoringom.\u00a0 Ba\u0161 je ju\u010der Da\u010di\u0107\u00a0 to osporavao. Oni \u0107e poku\u0161avati da  nam osporavaju ili smetaju, ali mislim da je nezavisnost Kosova  nepovratni proces. Ne\u0107e se promijeniti ni\u0161ta na relaciji Beograda i  Pri\u0161tine. Ali, vjerovatno \u0107emo sada imati vi\u0161e prostora i za novo  priznavanje Republike Kosovo kako bi se stabilizirali kao nezavisna i  suverena dr\u017eava&#8221;, izjavio je Red\u017eepi za AA.<\/p>\n<p>Govore\u0107i o daljem putu Republike Kosovo, Red\u017eepi isti\u010de da svoju zemlju vidi u Ujedinjenim narodima (UN).<\/p>\n<p>&#8220;Ustrajat  \u0107emo u tome. Svakim danom \u0107emo imati sve vi\u0161e priznanja i bit \u0107emo  bli\u017ee UN-u i drugim svjetskim organizacijama. Ali, ne mo\u017eemo jo\u0161  o\u010dekivati prijem u UN, jer su te\u0161ki kriteriji. Kina i Rusija, naime, jo\u0161  nisu spremni da nas prihvate. Moramo imati podr\u0161ku dvije tre\u0107ine  \u010dlanica UN-a da bi se to pitanje moglo kandidirati&#8221;, pojasnio je  Red\u017eepi.<\/p>\n<p>Turska \u0107e biti jedan od glavnih partnera Kosova<\/p>\n<p>Red\u017eepi  posebno isti\u010de va\u017enost saradnje Republike Turske i Kosova. Mistar  finansija Turske Mehmet \u0160im\u0161ek je ranije sa kosovskim kolegom Bedrijom  Hamzom potpisao Sporazum o izbjegavanju dvostrukog oporezivanja u odnosu  na poreze na dohodak, te o prevenciji utaje poreza.<\/p>\n<p>&#8220;Mi  smo i ranije imali dobru suradnju sa Turskom, politi\u010dku i u drugim  vidovima pomo\u0107i. Ju\u010der je sporazumom na\u0161e dvije dr\u017eave, ukinuta je  dvostruka taksa. U dogledno vrijeme \u0107emo potpisati i sporazum o  slobodnom tr\u017ei\u0161tu. Turska \u0107e biti jedan od glavnih na\u0161ih partnera. Oni  imaju interes da investiraju u Kosovo, a mi \u0107emo imati priliku da lak\u0161e  investiramo u Turskoj, ako imamo kvaliteta&#8221;, zaklju\u010dio je Red\u017eepi.<\/p>\n<p>(Anadoly Agency)<\/p>\n","protected":false},"excerpt":{"rendered":"<p>Kosovo &#8211; Nakon \u0161to je na ju\u010dera\u0161njem posljednjem sastanku Me\u0111unarodne upravlja\u010dke grupe za Kosovo (ISG) donesena odluka o okon\u010danju nadgledane nezavisnostite dr\u017eave, kosovski ministar unutra\u0161njih poslova Bajram Red\u017eepi izjavio je za agenciju Anadolija (AA) da je Republika Kosovo sada &#8220;nezavisna i suverena dr\u017eava&#8221;. No, to, kako ka\u017ee Red\u017eepi, zna\u010di da Kosovo ima vi\u0161e obaveza i [&hellip;]<\/p>\n","protected":false},"author":13,"featured_media":50192,"comment_status":"open","ping_status":"open","sticky":false,"template":"","format":"standard","meta":{"footnotes":""},"categories":[2690],"tags":[],"class_list":{"0":"post-50191","1":"post","2":"type-post","3":"status-publish","4":"format-standard","5":"has-post-thumbnail","7":"category-kosovo-gradovi"},"yoast_head":"<!-- This site is optimized with the Yoast SEO Premium plugin v23.1 (Yoast SEO v24.9) - https:\/\/yoast.com\/wordpress\/plugins\/seo\/ -->\n<title>Bajram Red\u017eepi za AA: \u017delimo nezavisno Kosovo u UN-u<\/title>\n<meta name=\"robots\" content=\"index, follow, max-snippet:-1, max-image-preview:large, max-video-preview:-1\" \/>\n<link rel=\"canonical\" href=\"https:\/\/sandzakpress.net\/arhiva\/bajram-redzepi-za-aa-zelimo-nezavisno-kosovo-u-un-u\/\" \/>\n<meta property=\"og:locale\" content=\"bs_BA\" \/>\n<meta property=\"og:type\" content=\"article\" \/>\n<meta property=\"og:title\" content=\"Bajram Red\u017eepi za AA: \u017delimo nezavisno Kosovo u UN-u\" \/>\n<meta property=\"og:description\" content=\"Kosovo &#8211; Nakon \u0161to je na ju\u010dera\u0161njem posljednjem sastanku Me\u0111unarodne upravlja\u010dke grupe za Kosovo (ISG) donesena odluka o okon\u010danju nadgledane nezavisnostite dr\u017eave, kosovski ministar unutra\u0161njih poslova Bajram Red\u017eepi izjavio je za agenciju Anadolija (AA) da je Republika Kosovo sada &#8220;nezavisna i suverena dr\u017eava&#8221;. No, to, kako ka\u017ee Red\u017eepi, zna\u010di da Kosovo ima vi\u0161e obaveza i [&hellip;]\" \/>\n<meta property=\"og:url\" content=\"https:\/\/sandzakpress.net\/arhiva\/bajram-redzepi-za-aa-zelimo-nezavisno-kosovo-u-un-u\/\" \/>\n<meta property=\"og:site_name\" content=\"Sand\u017eak PRESS\" \/>\n<meta property=\"article:published_time\" content=\"2012-09-11T10:15:30+00:00\" \/>\n<meta property=\"og:image\" content=\"https:\/\/sandzakpress.net\/arhiva\/wp-content\/uploads\/2012\/09\/copyright_aabadoluajansi_2012_20120911100922.jpg\" \/>\n\t<meta property=\"og:image:width\" content=\"609\" \/>\n\t<meta property=\"og:image:height\" content=\"424\" \/>\n\t<meta property=\"og:image:type\" content=\"image\/jpeg\" \/>\n<meta name=\"twitter:card\" content=\"summary_large_image\" \/>\n<meta name=\"twitter:label1\" content=\"Written by\" \/>\n\t<meta name=\"twitter:data1\" content=\"\" \/>\n\t<meta name=\"twitter:label2\" content=\"Est. reading time\" \/>\n\t<meta name=\"twitter:data2\" content=\"3 minute\" \/>\n<script type=\"application\/ld+json\" class=\"yoast-schema-graph\">{\"@context\":\"https:\/\/schema.org\",\"@graph\":[{\"@type\":\"Article\",\"@id\":\"https:\/\/sandzakpress.net\/arhiva\/bajram-redzepi-za-aa-zelimo-nezavisno-kosovo-u-un-u\/#article\",\"isPartOf\":{\"@id\":\"https:\/\/sandzakpress.net\/arhiva\/bajram-redzepi-za-aa-zelimo-nezavisno-kosovo-u-un-u\/\"},\"author\":{\"name\":\"\",\"@id\":\"\"},\"headline\":\"Bajram Red\u017eepi za AA: \u017delimo nezavisno Kosovo u UN-u\",\"datePublished\":\"2012-09-11T10:15:30+00:00\",\"mainEntityOfPage\":{\"@id\":\"https:\/\/sandzakpress.net\/arhiva\/bajram-redzepi-za-aa-zelimo-nezavisno-kosovo-u-un-u\/\"},\"wordCount\":585,\"commentCount\":2,\"publisher\":{\"@id\":\"https:\/\/sandzakpress.net\/arhiva\/#\/schema\/person\/6e72b67d6e51910a1117b3b483ba20bd\"},\"image\":{\"@id\":\"https:\/\/sandzakpress.net\/arhiva\/bajram-redzepi-za-aa-zelimo-nezavisno-kosovo-u-un-u\/#primaryimage\"},\"thumbnailUrl\":\"https:\/\/sandzakpress.net\/arhiva\/wp-content\/uploads\/2012\/09\/copyright_aabadoluajansi_2012_20120911100922.jpg\",\"articleSection\":[\"Kosovo\"],\"inLanguage\":\"bs-BA\",\"potentialAction\":[{\"@type\":\"CommentAction\",\"name\":\"Comment\",\"target\":[\"https:\/\/sandzakpress.net\/arhiva\/bajram-redzepi-za-aa-zelimo-nezavisno-kosovo-u-un-u\/#respond\"]}]},{\"@type\":\"WebPage\",\"@id\":\"https:\/\/sandzakpress.net\/arhiva\/bajram-redzepi-za-aa-zelimo-nezavisno-kosovo-u-un-u\/\",\"url\":\"https:\/\/sandzakpress.net\/arhiva\/bajram-redzepi-za-aa-zelimo-nezavisno-kosovo-u-un-u\/\",\"name\":\"Bajram Red\u017eepi za AA: \u017delimo nezavisno Kosovo u UN-u\",\"isPartOf\":{\"@id\":\"https:\/\/sandzakpress.net\/arhiva\/#website\"},\"primaryImageOfPage\":{\"@id\":\"https:\/\/sandzakpress.net\/arhiva\/bajram-redzepi-za-aa-zelimo-nezavisno-kosovo-u-un-u\/#primaryimage\"},\"image\":{\"@id\":\"https:\/\/sandzakpress.net\/arhiva\/bajram-redzepi-za-aa-zelimo-nezavisno-kosovo-u-un-u\/#primaryimage\"},\"thumbnailUrl\":\"https:\/\/sandzakpress.net\/arhiva\/wp-content\/uploads\/2012\/09\/copyright_aabadoluajansi_2012_20120911100922.jpg\",\"datePublished\":\"2012-09-11T10:15:30+00:00\",\"breadcrumb\":{\"@id\":\"https:\/\/sandzakpress.net\/arhiva\/bajram-redzepi-za-aa-zelimo-nezavisno-kosovo-u-un-u\/#breadcrumb\"},\"inLanguage\":\"bs-BA\",\"potentialAction\":[{\"@type\":\"ReadAction\",\"target\":[\"https:\/\/sandzakpress.net\/arhiva\/bajram-redzepi-za-aa-zelimo-nezavisno-kosovo-u-un-u\/\"]}]},{\"@type\":\"ImageObject\",\"inLanguage\":\"bs-BA\",\"@id\":\"https:\/\/sandzakpress.net\/arhiva\/bajram-redzepi-za-aa-zelimo-nezavisno-kosovo-u-un-u\/#primaryimage\",\"url\":\"https:\/\/sandzakpress.net\/arhiva\/wp-content\/uploads\/2012\/09\/copyright_aabadoluajansi_2012_20120911100922.jpg\",\"contentUrl\":\"https:\/\/sandzakpress.net\/arhiva\/wp-content\/uploads\/2012\/09\/copyright_aabadoluajansi_2012_20120911100922.jpg\",\"width\":609,\"height\":424},{\"@type\":\"BreadcrumbList\",\"@id\":\"https:\/\/sandzakpress.net\/arhiva\/bajram-redzepi-za-aa-zelimo-nezavisno-kosovo-u-un-u\/#breadcrumb\",\"itemListElement\":[{\"@type\":\"ListItem\",\"position\":1,\"name\":\"Home\",\"item\":\"https:\/\/sandzakpress.net\/arhiva\/\"},{\"@type\":\"ListItem\",\"position\":2,\"name\":\"Bajram Red\u017eepi za AA: \u017delimo nezavisno Kosovo u UN-u\"}]},{\"@type\":\"WebSite\",\"@id\":\"https:\/\/sandzakpress.net\/arhiva\/#website\",\"url\":\"https:\/\/sandzakpress.net\/arhiva\/\",\"name\":\"Sand\u017eak PRESS\",\"description\":\"Prve elektronske novine u Sand\u017eaku\",\"publisher\":{\"@id\":\"https:\/\/sandzakpress.net\/arhiva\/#\/schema\/person\/6e72b67d6e51910a1117b3b483ba20bd\"},\"potentialAction\":[{\"@type\":\"SearchAction\",\"target\":{\"@type\":\"EntryPoint\",\"urlTemplate\":\"https:\/\/sandzakpress.net\/arhiva\/?s={search_term_string}\"},\"query-input\":{\"@type\":\"PropertyValueSpecification\",\"valueRequired\":true,\"valueName\":\"search_term_string\"}}],\"inLanguage\":\"bs-BA\"},{\"@type\":[\"Person\",\"Organization\"],\"@id\":\"https:\/\/sandzakpress.net\/arhiva\/#\/schema\/person\/6e72b67d6e51910a1117b3b483ba20bd\",\"name\":\"Kul\",\"image\":{\"@type\":\"ImageObject\",\"inLanguage\":\"bs-BA\",\"@id\":\"https:\/\/sandzakpress.net\/arhiva\/#\/schema\/person\/image\/\",\"url\":\"https:\/\/secure.gravatar.com\/avatar\/42263f39aa27ac04c43cab85c280eb2e?s=96&d=mm&r=pg\",\"contentUrl\":\"https:\/\/secure.gravatar.com\/avatar\/42263f39aa27ac04c43cab85c280eb2e?s=96&d=mm&r=pg\",\"caption\":\"Kul\"},\"logo\":{\"@id\":\"https:\/\/sandzakpress.net\/arhiva\/#\/schema\/person\/image\/\"}},{\"@type\":\"Person\",\"@id\":\"\",\"url\":\"https:\/\/sandzakpress.net\/arhiva\/author\/\"}]}<\/script>\n<!-- \/ Yoast SEO Premium plugin. -->","yoast_head_json":{"title":"Bajram Red\u017eepi za AA: \u017delimo nezavisno Kosovo u UN-u","robots":{"index":"index","follow":"follow","max-snippet":"max-snippet:-1","max-image-preview":"max-image-preview:large","max-video-preview":"max-video-preview:-1"},"canonical":"https:\/\/sandzakpress.net\/arhiva\/bajram-redzepi-za-aa-zelimo-nezavisno-kosovo-u-un-u\/","og_locale":"bs_BA","og_type":"article","og_title":"Bajram Red\u017eepi za AA: \u017delimo nezavisno Kosovo u UN-u","og_description":"Kosovo &#8211; Nakon \u0161to je na ju\u010dera\u0161njem posljednjem sastanku Me\u0111unarodne upravlja\u010dke grupe za Kosovo (ISG) donesena odluka o okon\u010danju nadgledane nezavisnostite dr\u017eave, kosovski ministar unutra\u0161njih poslova Bajram Red\u017eepi izjavio je za agenciju Anadolija (AA) da je Republika Kosovo sada &#8220;nezavisna i suverena dr\u017eava&#8221;. No, to, kako ka\u017ee Red\u017eepi, zna\u010di da Kosovo ima vi\u0161e obaveza i [&hellip;]","og_url":"https:\/\/sandzakpress.net\/arhiva\/bajram-redzepi-za-aa-zelimo-nezavisno-kosovo-u-un-u\/","og_site_name":"Sand\u017eak PRESS","article_published_time":"2012-09-11T10:15:30+00:00","og_image":[{"width":609,"height":424,"url":"https:\/\/sandzakpress.net\/arhiva\/wp-content\/uploads\/2012\/09\/copyright_aabadoluajansi_2012_20120911100922.jpg","type":"image\/jpeg"}],"twitter_card":"summary_large_image","twitter_misc":{"Written by":"","Est. reading time":"3 minute"},"schema":{"@context":"https:\/\/schema.org","@graph":[{"@type":"Article","@id":"https:\/\/sandzakpress.net\/arhiva\/bajram-redzepi-za-aa-zelimo-nezavisno-kosovo-u-un-u\/#article","isPartOf":{"@id":"https:\/\/sandzakpress.net\/arhiva\/bajram-redzepi-za-aa-zelimo-nezavisno-kosovo-u-un-u\/"},"author":{"name":"","@id":""},"headline":"Bajram Red\u017eepi za AA: \u017delimo nezavisno Kosovo u UN-u","datePublished":"2012-09-11T10:15:30+00:00","mainEntityOfPage":{"@id":"https:\/\/sandzakpress.net\/arhiva\/bajram-redzepi-za-aa-zelimo-nezavisno-kosovo-u-un-u\/"},"wordCount":585,"commentCount":2,"publisher":{"@id":"https:\/\/sandzakpress.net\/arhiva\/#\/schema\/person\/6e72b67d6e51910a1117b3b483ba20bd"},"image":{"@id":"https:\/\/sandzakpress.net\/arhiva\/bajram-redzepi-za-aa-zelimo-nezavisno-kosovo-u-un-u\/#primaryimage"},"thumbnailUrl":"https:\/\/sandzakpress.net\/arhiva\/wp-content\/uploads\/2012\/09\/copyright_aabadoluajansi_2012_20120911100922.jpg","articleSection":["Kosovo"],"inLanguage":"bs-BA","potentialAction":[{"@type":"CommentAction","name":"Comment","target":["https:\/\/sandzakpress.net\/arhiva\/bajram-redzepi-za-aa-zelimo-nezavisno-kosovo-u-un-u\/#respond"]}]},{"@type":"WebPage","@id":"https:\/\/sandzakpress.net\/arhiva\/bajram-redzepi-za-aa-zelimo-nezavisno-kosovo-u-un-u\/","url":"https:\/\/sandzakpress.net\/arhiva\/bajram-redzepi-za-aa-zelimo-nezavisno-kosovo-u-un-u\/","name":"Bajram Red\u017eepi za AA: \u017delimo nezavisno Kosovo u UN-u","isPartOf":{"@id":"https:\/\/sandzakpress.net\/arhiva\/#website"},"primaryImageOfPage":{"@id":"https:\/\/sandzakpress.net\/arhiva\/bajram-redzepi-za-aa-zelimo-nezavisno-kosovo-u-un-u\/#primaryimage"},"image":{"@id":"https:\/\/sandzakpress.net\/arhiva\/bajram-redzepi-za-aa-zelimo-nezavisno-kosovo-u-un-u\/#primaryimage"},"thumbnailUrl":"https:\/\/sandzakpress.net\/arhiva\/wp-content\/uploads\/2012\/09\/copyright_aabadoluajansi_2012_20120911100922.jpg","datePublished":"2012-09-11T10:15:30+00:00","breadcrumb":{"@id":"https:\/\/sandzakpress.net\/arhiva\/bajram-redzepi-za-aa-zelimo-nezavisno-kosovo-u-un-u\/#breadcrumb"},"inLanguage":"bs-BA","potentialAction":[{"@type":"ReadAction","target":["https:\/\/sandzakpress.net\/arhiva\/bajram-redzepi-za-aa-zelimo-nezavisno-kosovo-u-un-u\/"]}]},{"@type":"ImageObject","inLanguage":"bs-BA","@id":"https:\/\/sandzakpress.net\/arhiva\/bajram-redzepi-za-aa-zelimo-nezavisno-kosovo-u-un-u\/#primaryimage","url":"https:\/\/sandzakpress.net\/arhiva\/wp-content\/uploads\/2012\/09\/copyright_aabadoluajansi_2012_20120911100922.jpg","contentUrl":"https:\/\/sandzakpress.net\/arhiva\/wp-content\/uploads\/2012\/09\/copyright_aabadoluajansi_2012_20120911100922.jpg","width":609,"height":424},{"@type":"BreadcrumbList","@id":"https:\/\/sandzakpress.net\/arhiva\/bajram-redzepi-za-aa-zelimo-nezavisno-kosovo-u-un-u\/#breadcrumb","itemListElement":[{"@type":"ListItem","position":1,"name":"Home","item":"https:\/\/sandzakpress.net\/arhiva\/"},{"@type":"ListItem","position":2,"name":"Bajram Red\u017eepi za AA: \u017delimo nezavisno Kosovo u UN-u"}]},{"@type":"WebSite","@id":"https:\/\/sandzakpress.net\/arhiva\/#website","url":"https:\/\/sandzakpress.net\/arhiva\/","name":"Sand\u017eak PRESS","description":"Prve elektronske novine u Sand\u017eaku","publisher":{"@id":"https:\/\/sandzakpress.net\/arhiva\/#\/schema\/person\/6e72b67d6e51910a1117b3b483ba20bd"},"potentialAction":[{"@type":"SearchAction","target":{"@type":"EntryPoint","urlTemplate":"https:\/\/sandzakpress.net\/arhiva\/?s={search_term_string}"},"query-input":{"@type":"PropertyValueSpecification","valueRequired":true,"valueName":"search_term_string"}}],"inLanguage":"bs-BA"},{"@type":["Person","Organization"],"@id":"https:\/\/sandzakpress.net\/arhiva\/#\/schema\/person\/6e72b67d6e51910a1117b3b483ba20bd","name":"Kul","image":{"@type":"ImageObject","inLanguage":"bs-BA","@id":"https:\/\/sandzakpress.net\/arhiva\/#\/schema\/person\/image\/","url":"https:\/\/secure.gravatar.com\/avatar\/42263f39aa27ac04c43cab85c280eb2e?s=96&d=mm&r=pg","contentUrl":"https:\/\/secure.gravatar.com\/avatar\/42263f39aa27ac04c43cab85c280eb2e?s=96&d=mm&r=pg","caption":"Kul"},"logo":{"@id":"https:\/\/sandzakpress.net\/arhiva\/#\/schema\/person\/image\/"}},{"@type":"Person","@id":"","url":"https:\/\/sandzakpress.net\/arhiva\/author\/"}]}},"_links":{"self":[{"href":"https:\/\/sandzakpress.net\/arhiva\/wp-json\/wp\/v2\/posts\/50191"}],"collection":[{"href":"https:\/\/sandzakpress.net\/arhiva\/wp-json\/wp\/v2\/posts"}],"about":[{"href":"https:\/\/sandzakpress.net\/arhiva\/wp-json\/wp\/v2\/types\/post"}],"author":[{"embeddable":true,"href":"https:\/\/sandzakpress.net\/arhiva\/wp-json\/wp\/v2\/users\/13"}],"replies":[{"embeddable":true,"href":"https:\/\/sandzakpress.net\/arhiva\/wp-json\/wp\/v2\/comments?post=50191"}],"version-history":[{"count":0,"href":"https:\/\/sandzakpress.net\/arhiva\/wp-json\/wp\/v2\/posts\/50191\/revisions"}],"wp:featuredmedia":[{"embeddable":true,"href":"https:\/\/sandzakpress.net\/arhiva\/wp-json\/wp\/v2\/media\/50192"}],"wp:attachment":[{"href":"https:\/\/sandzakpress.net\/arhiva\/wp-json\/wp\/v2\/media?parent=50191"}],"wp:term":[{"taxonomy":"category","embeddable":true,"href":"https:\/\/sandzakpress.net\/arhiva\/wp-json\/wp\/v2\/categories?post=50191"},{"taxonomy":"post_tag","embeddable":true,"href":"https:\/\/sandzakpress.net\/arhiva\/wp-json\/wp\/v2\/tags?post=50191"}],"curies":[{"name":"wp","href":"https:\/\/api.w.org\/{rel}","templated":true}]}}