{"id":50094,"date":"2012-09-10T15:12:45","date_gmt":"2012-09-10T13:12:45","guid":{"rendered":"https:\/\/sandzakpress.net\/arhiva\/?p=50094"},"modified":"2012-09-10T15:12:45","modified_gmt":"2012-09-10T13:12:45","slug":"govor-reisu-l-uleme-na-svecanom-otvaranju-manifestacije-%e2%80%9enasa-je-buducnost-zivjeti-zajedno%e2%80%9c","status":"publish","type":"post","link":"https:\/\/sandzakpress.net\/arhiva\/govor-reisu-l-uleme-na-svecanom-otvaranju-manifestacije-%e2%80%9enasa-je-buducnost-zivjeti-zajedno%e2%80%9c\/","title":{"rendered":"Govor reisu-l-uleme na sve\u010danom otvaranju manifestacije \u201eNa\u0161a je budu\u0107nost \u017eivjeti zajedno\u201c"},"content":{"rendered":"<p><strong><a href=\"https:\/\/sandzakpress.net\/arhiva\/wp-content\/uploads\/2012\/09\/reis-govor-san-egidio-09-2012-1.jpg\"><img loading=\"lazy\" decoding=\"async\" class=\"alignleft size-medium wp-image-50095\" title=\"reis-govor-san-egidio-09-2012-1\" src=\"https:\/\/sandzakpress.net\/arhiva\/wp-content\/uploads\/2012\/09\/reis-govor-san-egidio-09-2012-1-300x199.jpg\" alt=\"\" width=\"300\" height=\"199\" \/><\/a>BiH &#8211;\u00a0Reisu-l-ulema dr. Mustafa Ceri\u0107 na sve\u010danosti otvaranja me\u0111unarodnog susreta \u201eNa\u0161a je budu\u0107nost \u017eivjeti zajedno &#8211; Religije i kulture u dijalogu\u201c, koji se odr\u017eava u Sarajevu od 9-11. septembra, u organizaciji Zajednica SantEgido iz Rima i uz suradnju Islamske zajednice u Bosni i Hercegovini, Srpske pravoslavne crkve, Vrhbosanske &#8211; sarajevska nadbiskupije i Jevrejske zajednice Bosne i Hercegovine, prisutnima u Skenderiji obratit \u0107e se prigodnom besjedom. Mina prenosi govor reisu-l-uleme:<\/strong><\/p>\n<p>Dr. Mustafa Ceri\u0107<br \/>\nReisu-l-ulema Islamske zajednice u Bosni i Hercegovini<\/p>\n<p>Zajednica Sant'Egido<br \/>\nIslamska zajednica u Bosni i Hercegovini<br \/>\nSrpska pravoslavna crkva<br \/>\nVrhbosanska &#8211; sarajevska nadbiskupija<br \/>\nJevrejska zajednica Bosne i Hercegovine<\/p>\n<p>\u201eNa\u0161a je Budu\u0107nost \u017eivjeti zajedno\u201c<br \/>\nReligije i kulture u dijalogu<\/p>\n<p>Sarajevo, 9-11. septembar 2012<br \/>\nSve\u010dano otvarenje<br \/>\nSkenderija, glavna dvorana<br \/>\n17:00<br \/>\nPredsjedava Katherine Marshall<br \/>\nUniverzitet Georgetown, SAD<\/p>\n<p>Govor<br \/>\nDr. Mustafa Ceri\u0107<br \/>\nReisu-lulema Islamske zajednice u Bosni i Hercegovini<br \/>\n&#8230;&#8230;&#8230;&#8230;&#8230;&#8230;&#8230;&#8230;&#8230;&#8230;&#8230;&#8230;&#8230;&#8230;&#8230;&#8230;..<\/p>\n<p>Eminencije,<br \/>\nEkselencije,<br \/>\nBra\u0107o i sestre,<br \/>\nDragi prijatelji,<\/p>\n<p><em>Welcome<\/em>,\u00a0<em>ehlen we sehlen, ho\u015fgeldiniz, d<\/em><em>obrodo\u0161li<\/em> u Sarajevo, grad mira, grad vjera i kultura, grad mnogih dobrih ljudi, grad mnogih uspomena, grad mnogih povijesnih doga\u0111aja. Doista, ovaj me\u0111unarodni susret za mir bit \u0107e zabilje\u017een kao jedan od najva\u017enijih doga\u0111aja u Sarajevu u novijoj historiji.<\/p>\n<p>Predstavlja mi veliku \u010dast pozdraviti sve vas u ime svih ljudi dobre volje Sarajeva i Bosne i Hercegovine.<\/p>\n<p>Tako\u0111er, predstavlja mi zadovoljstvo izraziti zahvalnost u ime svih vas, koji ste do\u0161li ovdje iz cijelog svijeta, Zajednici SantEgidio za njene neumorne napore u promociji mira u svijetu.<\/p>\n<p>Mi smo posebno zahvalni Zajednici SantEgidio zbog izbora da Sarajevo bude svjetski grad mira ove godine. Ova godina je sje\u0107anje na dvadesetu godi\u0161njicu opsade Sarajeva. Jedanaest hiljada Sarajlija razli\u010ditih vjera i nacionalnosti, od kojih vi\u0161e od hiljadu djece, ubijeni su kao rezultat \u010detverogodi\u0161nje opsade i granatiranja.<\/p>\n<p>Ove nevine \u017ertve Sarajeva zaslu\u017euju na\u0161e po\u0161tovanje i njihovi ro\u0111aci i najbli\u017ei zaslu\u017euju na\u0161e suosje\u0107anje. Ali i vi\u0161e od toga, oni zaslu\u017euju na\u0161u iskrenu predanost istini, pravdi, miru i pomirenju, oni zaslu\u017euju na\u0161u iskreni zavjet Bogu i ljudskom rodu da \u0107emo u\u010diniti sve \u0161to je u na\u0161oj mo\u0107i da se vi\u0161e nikada ne ponovi ono \u0161to\u00a0 se ovdje dogodilo.<\/p>\n<p>Eminencije,<br \/>\nEkselencije,<br \/>\nBra\u0107o i sestre,<br \/>\nDragi prijatelji,<\/p>\n<p>Va\u0161 dolazak u Sarajevo, koji se smatra da je drugi Jeruzalem u svijetu i prvi Jeruzalem u Europi, kako bi proslavili mir je va\u0161 najbolji poklon koji mo\u017eete dati za svjetski mir.<\/p>\n<p>Ne smijemo zaboraviti da \u0107e 2014. biti stogodi\u0161njica od po\u010detka Prvog svjetskog rata, koji je po\u010deo ovdje u Sarajevu. Ova historijska \u010dinjenica \u010dini ovaj grad na vrhu svjetskog izbora izme\u0111u mira i rata. Me\u0111unarodni susret za mir ove godine je jasna poruka cijelom svijetu da je na\u0161 izbor mir, a ne rat, da je na\u0161a opcija sigurnost, a ne terorizam, da je na\u0161e pravo sloboda i dostojanstvo, i da su na\u0161a srca i umovi u iskrenoj molitvi:<\/p>\n<p>\u2022 Na\u0161 Gospodaru, ako grije\u0161imo, daj nam snagu Ademova a.s. pokajanja!<br \/>\n\u2022 Ako nas zadesi prirodna nevolja, nau\u010di nas kako da gradimo Nuhovu a.s. la\u0111u spasa!<br \/>\n\u2022 Ako nam se ponudi krivovjerje, uputi nas Ibrahimovom a. s. pravovjerju!<br \/>\n\u2022 Ako smo pod prijetnjom tiranina, osna\u017ei nas Musaovom a. s. hrabro\u0161\u0107u!<br \/>\n\u2022 Ako nam se ponudi mr\u017enja, spasi nas Isaovom a. s. ljubavlju!<br \/>\n\u2022 Ako nas protjeraju iz na\u0161eg doma i domovine, osna\u017ei nas Muhamedovom a.s. \u017eeljom za povratak domu i domovini!<br \/>\n\u2022 Na\u0161 Gospodaru, molimo Te da ujedini\u0161 na\u0161a srca u humanizmu!<br \/>\n\u2022 Na\u0161 Gospodaru, molimo Te da oja\u010da\u0161 na\u0161e korake prema istini i pravdi!<br \/>\n\u2022 Na\u0161 Gospodaru, molimo Te da ujedini\u0161 na\u0161u volju prema miru i sigurnosti!<\/p>\n<p>(Rijaset)<\/p>\n","protected":false},"excerpt":{"rendered":"<p>BiH &#8211;\u00a0Reisu-l-ulema dr. Mustafa Ceri\u0107 na sve\u010danosti otvaranja me\u0111unarodnog susreta \u201eNa\u0161a je budu\u0107nost \u017eivjeti zajedno &#8211; Religije i kulture u dijalogu\u201c, koji se odr\u017eava u Sarajevu od 9-11. septembra, u organizaciji Zajednica SantEgido iz Rima i uz suradnju Islamske zajednice u Bosni i Hercegovini, Srpske pravoslavne crkve, Vrhbosanske &#8211; sarajevska nadbiskupije i Jevrejske zajednice Bosne [&hellip;]<\/p>\n","protected":false},"author":14,"featured_media":50095,"comment_status":"open","ping_status":"open","sticky":false,"template":"","format":"standard","meta":{"footnotes":""},"categories":[2860,802],"tags":[],"class_list":{"0":"post-50094","1":"post","2":"type-post","3":"status-publish","4":"format-standard","5":"has-post-thumbnail","7":"category-bosna-i-hercegovina-gradovi","8":"category-islamska_zajednica"},"yoast_head":"<!-- This site is optimized with the Yoast SEO Premium plugin v23.1 (Yoast SEO v24.9) - https:\/\/yoast.com\/wordpress\/plugins\/seo\/ -->\n<title>Govor reisu-l-uleme na sve\u010danom otvaranju manifestacije \u201eNa\u0161a je budu\u0107nost \u017eivjeti zajedno\u201c<\/title>\n<meta name=\"robots\" content=\"index, follow, max-snippet:-1, max-image-preview:large, max-video-preview:-1\" \/>\n<link rel=\"canonical\" href=\"https:\/\/sandzakpress.net\/arhiva\/govor-reisu-l-uleme-na-svecanom-otvaranju-manifestacije-\u201enasa-je-buducnost-zivjeti-zajedno\u201c\/\" \/>\n<meta property=\"og:locale\" content=\"bs_BA\" \/>\n<meta property=\"og:type\" content=\"article\" \/>\n<meta property=\"og:title\" content=\"Govor reisu-l-uleme na sve\u010danom otvaranju manifestacije \u201eNa\u0161a je budu\u0107nost \u017eivjeti zajedno\u201c\" \/>\n<meta property=\"og:description\" content=\"BiH &#8211;\u00a0Reisu-l-ulema dr. Mustafa Ceri\u0107 na sve\u010danosti otvaranja me\u0111unarodnog susreta \u201eNa\u0161a je budu\u0107nost \u017eivjeti zajedno &#8211; Religije i kulture u dijalogu\u201c, koji se odr\u017eava u Sarajevu od 9-11. septembra, u organizaciji Zajednica SantEgido iz Rima i uz suradnju Islamske zajednice u Bosni i Hercegovini, Srpske pravoslavne crkve, Vrhbosanske &#8211; sarajevska nadbiskupije i Jevrejske zajednice Bosne [&hellip;]\" \/>\n<meta property=\"og:url\" content=\"https:\/\/sandzakpress.net\/arhiva\/govor-reisu-l-uleme-na-svecanom-otvaranju-manifestacije-\u201enasa-je-buducnost-zivjeti-zajedno\u201c\/\" \/>\n<meta property=\"og:site_name\" content=\"Sand\u017eak PRESS\" \/>\n<meta property=\"article:published_time\" content=\"2012-09-10T13:12:45+00:00\" \/>\n<meta property=\"og:image\" content=\"https:\/\/sandzakpress.net\/arhiva\/wp-content\/uploads\/2012\/09\/reis-govor-san-egidio-09-2012-1.jpg\" \/>\n\t<meta property=\"og:image:width\" content=\"616\" \/>\n\t<meta property=\"og:image:height\" content=\"410\" \/>\n\t<meta property=\"og:image:type\" content=\"image\/jpeg\" \/>\n<meta name=\"twitter:card\" content=\"summary_large_image\" \/>\n<meta name=\"twitter:label1\" content=\"Written by\" \/>\n\t<meta name=\"twitter:data1\" content=\"\" \/>\n\t<meta name=\"twitter:label2\" content=\"Est. reading time\" \/>\n\t<meta name=\"twitter:data2\" content=\"3 minute\" \/>\n<script type=\"application\/ld+json\" class=\"yoast-schema-graph\">{\"@context\":\"https:\/\/schema.org\",\"@graph\":[{\"@type\":\"Article\",\"@id\":\"https:\/\/sandzakpress.net\/arhiva\/govor-reisu-l-uleme-na-svecanom-otvaranju-manifestacije-%e2%80%9enasa-je-buducnost-zivjeti-zajedno%e2%80%9c\/#article\",\"isPartOf\":{\"@id\":\"https:\/\/sandzakpress.net\/arhiva\/govor-reisu-l-uleme-na-svecanom-otvaranju-manifestacije-%e2%80%9enasa-je-buducnost-zivjeti-zajedno%e2%80%9c\/\"},\"author\":{\"name\":\"\",\"@id\":\"\"},\"headline\":\"Govor reisu-l-uleme na sve\u010danom otvaranju manifestacije \u201eNa\u0161a je budu\u0107nost \u017eivjeti zajedno\u201c\",\"datePublished\":\"2012-09-10T13:12:45+00:00\",\"mainEntityOfPage\":{\"@id\":\"https:\/\/sandzakpress.net\/arhiva\/govor-reisu-l-uleme-na-svecanom-otvaranju-manifestacije-%e2%80%9enasa-je-buducnost-zivjeti-zajedno%e2%80%9c\/\"},\"wordCount\":643,\"commentCount\":0,\"publisher\":{\"@id\":\"https:\/\/sandzakpress.net\/arhiva\/#\/schema\/person\/6e72b67d6e51910a1117b3b483ba20bd\"},\"image\":{\"@id\":\"https:\/\/sandzakpress.net\/arhiva\/govor-reisu-l-uleme-na-svecanom-otvaranju-manifestacije-%e2%80%9enasa-je-buducnost-zivjeti-zajedno%e2%80%9c\/#primaryimage\"},\"thumbnailUrl\":\"https:\/\/sandzakpress.net\/arhiva\/wp-content\/uploads\/2012\/09\/reis-govor-san-egidio-09-2012-1.jpg\",\"articleSection\":[\"Bosna i Hercegovina\",\"Islamska zajednica\"],\"inLanguage\":\"bs-BA\",\"potentialAction\":[{\"@type\":\"CommentAction\",\"name\":\"Comment\",\"target\":[\"https:\/\/sandzakpress.net\/arhiva\/govor-reisu-l-uleme-na-svecanom-otvaranju-manifestacije-%e2%80%9enasa-je-buducnost-zivjeti-zajedno%e2%80%9c\/#respond\"]}]},{\"@type\":\"WebPage\",\"@id\":\"https:\/\/sandzakpress.net\/arhiva\/govor-reisu-l-uleme-na-svecanom-otvaranju-manifestacije-%e2%80%9enasa-je-buducnost-zivjeti-zajedno%e2%80%9c\/\",\"url\":\"https:\/\/sandzakpress.net\/arhiva\/govor-reisu-l-uleme-na-svecanom-otvaranju-manifestacije-%e2%80%9enasa-je-buducnost-zivjeti-zajedno%e2%80%9c\/\",\"name\":\"Govor reisu-l-uleme na sve\u010danom otvaranju manifestacije \u201eNa\u0161a je budu\u0107nost \u017eivjeti zajedno\u201c\",\"isPartOf\":{\"@id\":\"https:\/\/sandzakpress.net\/arhiva\/#website\"},\"primaryImageOfPage\":{\"@id\":\"https:\/\/sandzakpress.net\/arhiva\/govor-reisu-l-uleme-na-svecanom-otvaranju-manifestacije-%e2%80%9enasa-je-buducnost-zivjeti-zajedno%e2%80%9c\/#primaryimage\"},\"image\":{\"@id\":\"https:\/\/sandzakpress.net\/arhiva\/govor-reisu-l-uleme-na-svecanom-otvaranju-manifestacije-%e2%80%9enasa-je-buducnost-zivjeti-zajedno%e2%80%9c\/#primaryimage\"},\"thumbnailUrl\":\"https:\/\/sandzakpress.net\/arhiva\/wp-content\/uploads\/2012\/09\/reis-govor-san-egidio-09-2012-1.jpg\",\"datePublished\":\"2012-09-10T13:12:45+00:00\",\"breadcrumb\":{\"@id\":\"https:\/\/sandzakpress.net\/arhiva\/govor-reisu-l-uleme-na-svecanom-otvaranju-manifestacije-%e2%80%9enasa-je-buducnost-zivjeti-zajedno%e2%80%9c\/#breadcrumb\"},\"inLanguage\":\"bs-BA\",\"potentialAction\":[{\"@type\":\"ReadAction\",\"target\":[\"https:\/\/sandzakpress.net\/arhiva\/govor-reisu-l-uleme-na-svecanom-otvaranju-manifestacije-%e2%80%9enasa-je-buducnost-zivjeti-zajedno%e2%80%9c\/\"]}]},{\"@type\":\"ImageObject\",\"inLanguage\":\"bs-BA\",\"@id\":\"https:\/\/sandzakpress.net\/arhiva\/govor-reisu-l-uleme-na-svecanom-otvaranju-manifestacije-%e2%80%9enasa-je-buducnost-zivjeti-zajedno%e2%80%9c\/#primaryimage\",\"url\":\"https:\/\/sandzakpress.net\/arhiva\/wp-content\/uploads\/2012\/09\/reis-govor-san-egidio-09-2012-1.jpg\",\"contentUrl\":\"https:\/\/sandzakpress.net\/arhiva\/wp-content\/uploads\/2012\/09\/reis-govor-san-egidio-09-2012-1.jpg\",\"width\":616,\"height\":410},{\"@type\":\"BreadcrumbList\",\"@id\":\"https:\/\/sandzakpress.net\/arhiva\/govor-reisu-l-uleme-na-svecanom-otvaranju-manifestacije-%e2%80%9enasa-je-buducnost-zivjeti-zajedno%e2%80%9c\/#breadcrumb\",\"itemListElement\":[{\"@type\":\"ListItem\",\"position\":1,\"name\":\"Home\",\"item\":\"https:\/\/sandzakpress.net\/arhiva\/\"},{\"@type\":\"ListItem\",\"position\":2,\"name\":\"Govor reisu-l-uleme na sve\u010danom otvaranju manifestacije \u201eNa\u0161a je budu\u0107nost \u017eivjeti zajedno\u201c\"}]},{\"@type\":\"WebSite\",\"@id\":\"https:\/\/sandzakpress.net\/arhiva\/#website\",\"url\":\"https:\/\/sandzakpress.net\/arhiva\/\",\"name\":\"Sand\u017eak PRESS\",\"description\":\"Prve elektronske novine u Sand\u017eaku\",\"publisher\":{\"@id\":\"https:\/\/sandzakpress.net\/arhiva\/#\/schema\/person\/6e72b67d6e51910a1117b3b483ba20bd\"},\"potentialAction\":[{\"@type\":\"SearchAction\",\"target\":{\"@type\":\"EntryPoint\",\"urlTemplate\":\"https:\/\/sandzakpress.net\/arhiva\/?s={search_term_string}\"},\"query-input\":{\"@type\":\"PropertyValueSpecification\",\"valueRequired\":true,\"valueName\":\"search_term_string\"}}],\"inLanguage\":\"bs-BA\"},{\"@type\":[\"Person\",\"Organization\"],\"@id\":\"https:\/\/sandzakpress.net\/arhiva\/#\/schema\/person\/6e72b67d6e51910a1117b3b483ba20bd\",\"name\":\"Kul\",\"image\":{\"@type\":\"ImageObject\",\"inLanguage\":\"bs-BA\",\"@id\":\"https:\/\/sandzakpress.net\/arhiva\/#\/schema\/person\/image\/\",\"url\":\"https:\/\/secure.gravatar.com\/avatar\/42263f39aa27ac04c43cab85c280eb2e?s=96&d=mm&r=pg\",\"contentUrl\":\"https:\/\/secure.gravatar.com\/avatar\/42263f39aa27ac04c43cab85c280eb2e?s=96&d=mm&r=pg\",\"caption\":\"Kul\"},\"logo\":{\"@id\":\"https:\/\/sandzakpress.net\/arhiva\/#\/schema\/person\/image\/\"}},{\"@type\":\"Person\",\"@id\":\"\",\"url\":\"https:\/\/sandzakpress.net\/arhiva\/author\/\"}]}<\/script>\n<!-- \/ Yoast SEO Premium plugin. -->","yoast_head_json":{"title":"Govor reisu-l-uleme na sve\u010danom otvaranju manifestacije \u201eNa\u0161a je budu\u0107nost \u017eivjeti zajedno\u201c","robots":{"index":"index","follow":"follow","max-snippet":"max-snippet:-1","max-image-preview":"max-image-preview:large","max-video-preview":"max-video-preview:-1"},"canonical":"https:\/\/sandzakpress.net\/arhiva\/govor-reisu-l-uleme-na-svecanom-otvaranju-manifestacije-\u201enasa-je-buducnost-zivjeti-zajedno\u201c\/","og_locale":"bs_BA","og_type":"article","og_title":"Govor reisu-l-uleme na sve\u010danom otvaranju manifestacije \u201eNa\u0161a je budu\u0107nost \u017eivjeti zajedno\u201c","og_description":"BiH &#8211;\u00a0Reisu-l-ulema dr. Mustafa Ceri\u0107 na sve\u010danosti otvaranja me\u0111unarodnog susreta \u201eNa\u0161a je budu\u0107nost \u017eivjeti zajedno &#8211; Religije i kulture u dijalogu\u201c, koji se odr\u017eava u Sarajevu od 9-11. septembra, u organizaciji Zajednica SantEgido iz Rima i uz suradnju Islamske zajednice u Bosni i Hercegovini, Srpske pravoslavne crkve, Vrhbosanske &#8211; sarajevska nadbiskupije i Jevrejske zajednice Bosne [&hellip;]","og_url":"https:\/\/sandzakpress.net\/arhiva\/govor-reisu-l-uleme-na-svecanom-otvaranju-manifestacije-\u201enasa-je-buducnost-zivjeti-zajedno\u201c\/","og_site_name":"Sand\u017eak PRESS","article_published_time":"2012-09-10T13:12:45+00:00","og_image":[{"width":616,"height":410,"url":"https:\/\/sandzakpress.net\/arhiva\/wp-content\/uploads\/2012\/09\/reis-govor-san-egidio-09-2012-1.jpg","type":"image\/jpeg"}],"twitter_card":"summary_large_image","twitter_misc":{"Written by":"","Est. reading time":"3 minute"},"schema":{"@context":"https:\/\/schema.org","@graph":[{"@type":"Article","@id":"https:\/\/sandzakpress.net\/arhiva\/govor-reisu-l-uleme-na-svecanom-otvaranju-manifestacije-%e2%80%9enasa-je-buducnost-zivjeti-zajedno%e2%80%9c\/#article","isPartOf":{"@id":"https:\/\/sandzakpress.net\/arhiva\/govor-reisu-l-uleme-na-svecanom-otvaranju-manifestacije-%e2%80%9enasa-je-buducnost-zivjeti-zajedno%e2%80%9c\/"},"author":{"name":"","@id":""},"headline":"Govor reisu-l-uleme na sve\u010danom otvaranju manifestacije \u201eNa\u0161a je budu\u0107nost \u017eivjeti zajedno\u201c","datePublished":"2012-09-10T13:12:45+00:00","mainEntityOfPage":{"@id":"https:\/\/sandzakpress.net\/arhiva\/govor-reisu-l-uleme-na-svecanom-otvaranju-manifestacije-%e2%80%9enasa-je-buducnost-zivjeti-zajedno%e2%80%9c\/"},"wordCount":643,"commentCount":0,"publisher":{"@id":"https:\/\/sandzakpress.net\/arhiva\/#\/schema\/person\/6e72b67d6e51910a1117b3b483ba20bd"},"image":{"@id":"https:\/\/sandzakpress.net\/arhiva\/govor-reisu-l-uleme-na-svecanom-otvaranju-manifestacije-%e2%80%9enasa-je-buducnost-zivjeti-zajedno%e2%80%9c\/#primaryimage"},"thumbnailUrl":"https:\/\/sandzakpress.net\/arhiva\/wp-content\/uploads\/2012\/09\/reis-govor-san-egidio-09-2012-1.jpg","articleSection":["Bosna i Hercegovina","Islamska zajednica"],"inLanguage":"bs-BA","potentialAction":[{"@type":"CommentAction","name":"Comment","target":["https:\/\/sandzakpress.net\/arhiva\/govor-reisu-l-uleme-na-svecanom-otvaranju-manifestacije-%e2%80%9enasa-je-buducnost-zivjeti-zajedno%e2%80%9c\/#respond"]}]},{"@type":"WebPage","@id":"https:\/\/sandzakpress.net\/arhiva\/govor-reisu-l-uleme-na-svecanom-otvaranju-manifestacije-%e2%80%9enasa-je-buducnost-zivjeti-zajedno%e2%80%9c\/","url":"https:\/\/sandzakpress.net\/arhiva\/govor-reisu-l-uleme-na-svecanom-otvaranju-manifestacije-%e2%80%9enasa-je-buducnost-zivjeti-zajedno%e2%80%9c\/","name":"Govor reisu-l-uleme na sve\u010danom otvaranju manifestacije \u201eNa\u0161a je budu\u0107nost \u017eivjeti zajedno\u201c","isPartOf":{"@id":"https:\/\/sandzakpress.net\/arhiva\/#website"},"primaryImageOfPage":{"@id":"https:\/\/sandzakpress.net\/arhiva\/govor-reisu-l-uleme-na-svecanom-otvaranju-manifestacije-%e2%80%9enasa-je-buducnost-zivjeti-zajedno%e2%80%9c\/#primaryimage"},"image":{"@id":"https:\/\/sandzakpress.net\/arhiva\/govor-reisu-l-uleme-na-svecanom-otvaranju-manifestacije-%e2%80%9enasa-je-buducnost-zivjeti-zajedno%e2%80%9c\/#primaryimage"},"thumbnailUrl":"https:\/\/sandzakpress.net\/arhiva\/wp-content\/uploads\/2012\/09\/reis-govor-san-egidio-09-2012-1.jpg","datePublished":"2012-09-10T13:12:45+00:00","breadcrumb":{"@id":"https:\/\/sandzakpress.net\/arhiva\/govor-reisu-l-uleme-na-svecanom-otvaranju-manifestacije-%e2%80%9enasa-je-buducnost-zivjeti-zajedno%e2%80%9c\/#breadcrumb"},"inLanguage":"bs-BA","potentialAction":[{"@type":"ReadAction","target":["https:\/\/sandzakpress.net\/arhiva\/govor-reisu-l-uleme-na-svecanom-otvaranju-manifestacije-%e2%80%9enasa-je-buducnost-zivjeti-zajedno%e2%80%9c\/"]}]},{"@type":"ImageObject","inLanguage":"bs-BA","@id":"https:\/\/sandzakpress.net\/arhiva\/govor-reisu-l-uleme-na-svecanom-otvaranju-manifestacije-%e2%80%9enasa-je-buducnost-zivjeti-zajedno%e2%80%9c\/#primaryimage","url":"https:\/\/sandzakpress.net\/arhiva\/wp-content\/uploads\/2012\/09\/reis-govor-san-egidio-09-2012-1.jpg","contentUrl":"https:\/\/sandzakpress.net\/arhiva\/wp-content\/uploads\/2012\/09\/reis-govor-san-egidio-09-2012-1.jpg","width":616,"height":410},{"@type":"BreadcrumbList","@id":"https:\/\/sandzakpress.net\/arhiva\/govor-reisu-l-uleme-na-svecanom-otvaranju-manifestacije-%e2%80%9enasa-je-buducnost-zivjeti-zajedno%e2%80%9c\/#breadcrumb","itemListElement":[{"@type":"ListItem","position":1,"name":"Home","item":"https:\/\/sandzakpress.net\/arhiva\/"},{"@type":"ListItem","position":2,"name":"Govor reisu-l-uleme na sve\u010danom otvaranju manifestacije \u201eNa\u0161a je budu\u0107nost \u017eivjeti zajedno\u201c"}]},{"@type":"WebSite","@id":"https:\/\/sandzakpress.net\/arhiva\/#website","url":"https:\/\/sandzakpress.net\/arhiva\/","name":"Sand\u017eak PRESS","description":"Prve elektronske novine u Sand\u017eaku","publisher":{"@id":"https:\/\/sandzakpress.net\/arhiva\/#\/schema\/person\/6e72b67d6e51910a1117b3b483ba20bd"},"potentialAction":[{"@type":"SearchAction","target":{"@type":"EntryPoint","urlTemplate":"https:\/\/sandzakpress.net\/arhiva\/?s={search_term_string}"},"query-input":{"@type":"PropertyValueSpecification","valueRequired":true,"valueName":"search_term_string"}}],"inLanguage":"bs-BA"},{"@type":["Person","Organization"],"@id":"https:\/\/sandzakpress.net\/arhiva\/#\/schema\/person\/6e72b67d6e51910a1117b3b483ba20bd","name":"Kul","image":{"@type":"ImageObject","inLanguage":"bs-BA","@id":"https:\/\/sandzakpress.net\/arhiva\/#\/schema\/person\/image\/","url":"https:\/\/secure.gravatar.com\/avatar\/42263f39aa27ac04c43cab85c280eb2e?s=96&d=mm&r=pg","contentUrl":"https:\/\/secure.gravatar.com\/avatar\/42263f39aa27ac04c43cab85c280eb2e?s=96&d=mm&r=pg","caption":"Kul"},"logo":{"@id":"https:\/\/sandzakpress.net\/arhiva\/#\/schema\/person\/image\/"}},{"@type":"Person","@id":"","url":"https:\/\/sandzakpress.net\/arhiva\/author\/"}]}},"_links":{"self":[{"href":"https:\/\/sandzakpress.net\/arhiva\/wp-json\/wp\/v2\/posts\/50094"}],"collection":[{"href":"https:\/\/sandzakpress.net\/arhiva\/wp-json\/wp\/v2\/posts"}],"about":[{"href":"https:\/\/sandzakpress.net\/arhiva\/wp-json\/wp\/v2\/types\/post"}],"author":[{"embeddable":true,"href":"https:\/\/sandzakpress.net\/arhiva\/wp-json\/wp\/v2\/users\/14"}],"replies":[{"embeddable":true,"href":"https:\/\/sandzakpress.net\/arhiva\/wp-json\/wp\/v2\/comments?post=50094"}],"version-history":[{"count":0,"href":"https:\/\/sandzakpress.net\/arhiva\/wp-json\/wp\/v2\/posts\/50094\/revisions"}],"wp:featuredmedia":[{"embeddable":true,"href":"https:\/\/sandzakpress.net\/arhiva\/wp-json\/wp\/v2\/media\/50095"}],"wp:attachment":[{"href":"https:\/\/sandzakpress.net\/arhiva\/wp-json\/wp\/v2\/media?parent=50094"}],"wp:term":[{"taxonomy":"category","embeddable":true,"href":"https:\/\/sandzakpress.net\/arhiva\/wp-json\/wp\/v2\/categories?post=50094"},{"taxonomy":"post_tag","embeddable":true,"href":"https:\/\/sandzakpress.net\/arhiva\/wp-json\/wp\/v2\/tags?post=50094"}],"curies":[{"name":"wp","href":"https:\/\/api.w.org\/{rel}","templated":true}]}}