{"id":49952,"date":"2012-09-08T14:17:58","date_gmt":"2012-09-08T12:17:58","guid":{"rendered":"https:\/\/sandzakpress.net\/arhiva\/?p=49952"},"modified":"2012-09-08T14:17:58","modified_gmt":"2012-09-08T12:17:58","slug":"protestno-pismo-vijecu-memorijala-holokausta-u-sjedinjenim-drzavama","status":"publish","type":"post","link":"https:\/\/sandzakpress.net\/arhiva\/protestno-pismo-vijecu-memorijala-holokausta-u-sjedinjenim-drzavama\/","title":{"rendered":"Protestno pismo Vije\u0107u memorijala Holokausta u Sjedinjenim dr\u017eavama"},"content":{"rendered":"<p><strong><a href=\"https:\/\/sandzakpress.net\/arhiva\/wp-content\/uploads\/2012\/09\/111026_dobbs.jpg\"><img loading=\"lazy\" decoding=\"async\" class=\"alignleft size-full wp-image-49953\" title=\"111026_dobbs\" src=\"https:\/\/sandzakpress.net\/arhiva\/wp-content\/uploads\/2012\/09\/111026_dobbs.jpg\" alt=\"\" width=\"300\" height=\"200\" \/><\/a>Amerika, Kanada &#8211; Pretstavnici Kongresa Bo\u0161njaka Sjeverne Amerike i drugih bo\u0161nja\u010dkih institucija u Americi poslali su protestno pismo\u00a0Vije\u0107u memorijala Holokausta u Sjedinjenim dr\u017eavama, u kome se ka\u017ee:<\/strong><\/p>\n<p>Po\u0161tovani \u010clanovi Vije\u0107a USHMM:<\/p>\n<p>Obra\u0107amo vam se u ime gra\u0111ana Bosne i Hercegovine koji su pre\u017eivjeli etni\u010dko \u010di\u0161\u0107enje i genocid tokom agresije izvr\u0161ene od strane Srbije i Crne Gore na suverenu Republiku Bosnu i Hercegovinu. Ovim pismom \u017eelimo izraziti na\u0161u duboku zabrinutost zbog uvredljivih, neta\u010dnih i \u0161tetnih izjava va\u0161eg saradnika, gospodina Michael-a Dobbs-a.  (Pismo na engleskom)<\/p>\n<p>Uprkos neposjedovanju bilo kakvih potrebnih kvalifikacija za poznavanje historije bosanskog rata ili studija genocida, gospodin Dobbs je dobio zadatak da izvje\u0161tava o su\u0111enju ratnom zlo\u010dincu Ratku Mladi\u0107u kao i da pi\u0161e odnosno istra\u017euje Srebreni\u010dki genocid kao bloger na internet stranici Foreign Policy kroz \u201cMladi\u0107 Files\u201d, projekat koji je pod pokroviteljstvom UHSMM-a. Mi smo u potpunosti podr\u017eali ovu inicijativu u po\u010detku, jer smo mislili da je primarni cilj podizanje svijesti o genocidu koji se dogodio u Srebrenici koji je jo\u0161 uvijek i nakon svih dokaza i presuda osporavan od strane mnogih, u \u010demu prednja\u010de oni koji su ga poinili i njihovi saveznici \u0161irom svijeta. Va\u017eno je napomenuti da smo i dalje izuzetno zahvalani za rad koji je USHMM u\u010dinio u promicanju istine i dizanju svijesti o genocidu u BiH, gdje naro\u010dito isti\u010demo izlo\u017ebu o genocidu u Srebrenici u Washingtonu, DC. Tako\u0111er moramo izraziti na\u0161e zaprepa\u0161tenje povodom egzekucije projekta  \u201cMladi\u0107 Files\u201d , gdje posebno izra\u017eavamo na\u0161e nezadovoljstvo sa gospodinom Dobbs-om, koji je napravio nekoliko ozbiljnih pogre\u0161aka koje su isuvi\u0161e neta\u010dne i uvredljive da bi ih ignorisali.<\/p>\n<p>Iako gospodin Dobbs djeluje kao dobronamjerna osoba, njegova pisanja i izjave su u najmanju ruku neodgovorna i neistinita, i slu\u017ee da udovolje srpskim nacionalistima i onima koji uporno negiraju i osporavaju genocid u Srebrenici. Zapanjuju\u0107e je da poslije svih dokaza, presuda, istra\u017eivanja i nepobitnih \u010dinjenica, ekshumiranih tijela ubijenih u genocidu u Srebrenici Mr. Dobbs dovodi u pitanje namjere srpskih nacionalista koji su planski poku\u0161ali uni\u0161titi sve \u0161to je nesrpsko i potpuno uni\u0161titi tkaninu povezanosti naroda u BiH, koja je vjekovima predstavljala jedinstven primjer multikulturalnosti u Evropi. Pi\u0161emo Vam zbog toga sto je gospodin Dobbs odbio da se izvini zbog navedenih gre\u0161aka, i \u0161ak sta vise nastavlja sa \u0161irenjem neistina o agresiji na BiH i genocidu nad svim nesrpskim narodima koji su bili meta za istrebljenje.<\/p>\n<p>U Novembru 2011, u znak protesta poslali smo pismo Savjesnom Komitetu USHMM-a na nevjerovatne primjedbe gospodina Dobbs-a, u kojima preispituje upotrebu termina \u201cgenocid\u201d, \u010dime direktno vrije\u0111a pre\u017eivjele \u017ertve genocida. Gospodin Dobbs je 31 Oktobra 2011 godine napisao pod naslovom \u201cDefinisanje genocida\u201d:<\/p>\n<p>\u201c\u2018Moram priznati da mi je te\u0161ko koristiti rije\u010d genocid, (u vezi sa Srebrenicom),  koja do\u010darava slike holokausta \u2026 U popularnoj kulturi, barem kada govorimo \u201co genocidu \u201c, mi razmi\u0161ljamo o ubijanju cijele rase ili etni\u010dke skupine. \u201c<\/p>\n<p>Dr. Marko Atila Hoare, poznati historicar Balkana i biv\u0161e Jugoslavije, opisao je incident navode\u0107i da je \u201cnevjerovatno da saradnik USHMM-a treba da se vodi<\/p>\n<p>\u201cpopularnom kulturom\u201d, kada se uzme u obzir zna\u010denje genocida \u2013 umjesto po stru\u010dnosti i knjizevno-historijskom izu\u010davanju genocida\u201d. Genocid u Srebrenici je jedan od najvise dokumentovanih i kao takav neporeciv zlo\u010din genocida u modernoj historiji. Genocid u Srebrenici je izu\u010davan, dokazan i priznat od strane Me\u0111unarodnog suda pravde (MSP), Me\u0111unarodnog Haskog Tribunala za biv\u0161u Jugoslaviju (ICTY), kao i mnogih drugih vladinih i akademskih institucija diljem svijeta, uklju\u010duju\u0107i Kongres Sjedinjenih Ameri\u010dkih Dr\u017eava i parlamente Kanade i Europske unije (EU).<\/p>\n<p>Drugi incident se dogodio prije samo par sedmica, kada je gospodin Dobbs napisao \u0161okantan \u010dlanak, pod naslovom \u201cU odbranu Srba\u201d, gdje je poku\u0161ao objasniti za\u0161to su srpski nacionalisti po\u010dinili zlo\u010dine u BiH. Gospodin Dobbs je naveo da su Srbi imali \u201clegitimnu zabrinutost\u201d gdje su poku\u0161ali da zastite  \u201cvelikobrojne Srpske manjine\u201d, i da su vlade zapadnih zemalja bile licemjerne sto su dozvolile raspad Jugoslavije.<\/p>\n<p>Mr. Dobbs dalje navodi:<\/p>\n<p>\u201cU stvari, Srbi su imali sasvim opravdanu zabrinutost i prije i za vrijeme rata, koju zapadni komentatori \u010desto previ\u0111aju i na taj na\u010din prave pretjerano crno-bijelu sliku sukoba na podru\u010dju Jugoslavije. Prije svega me\u0111u tim brigama bila je sigurnost i prava oko dva miliona Srba koji \u017eive u otcepljenim republikama Hrvatskoj i Bosni \u2026 Ja sam pogo\u0111en suprotnostima u zapadnoj politici prema biv\u0161oj Jugoslaviji. Europa, uz podr\u0161ku SAD-a, priznala je nezavisnost otcijepljenih republika \u2026 prakti\u010dan efekat ovih odluka je bio da su Hrvati i Muslimani dobili pravo da se otcijepe od Jugoslavije, a Srbi nisu imali pravo da se otcijepe od Hrvatske ili Bosne. \u201c<br \/>\nKongres Bo\u0161njaka Sjeverne Amerike (KBSA) i Institut za istra\u017eivanje genocida u Kanadi(IGC), su izrazili svoju zabrinutost u pismima uredniku magazina za vanjsku politiku isti\u010du\u0107i da su raspad Jugoslavije izazvali Srpski nacionalisti predvodjeni Slobodanom Milo\u0161evi\u0107em, a po planu Srpske Akademije Nauka i Umjetnosti (SANU), i srpska agresija na njene susjedne, medjunarodno priznate dr\u017eave. Mi smo takodjer naglasili da je usporedba prava na odcjepljenje potpuno neta\u010dna, jer su srpski nacionalisti poku\u0161ali nasilno da zauzmu teritoriju koja nikada u historiji nije pripadala Srbiji niti kao takva postojala ranije, kroz kampanju etni\u010dkog \u010di\u0161\u0107enja i genocida. Svih \u0161est jugoslavenskih republika, uklju\u010duju\u0107i i Srbiju, imali su isto pravo na odcjepljenje i medjunarodno priznanje kao BiH i Hrvatska.<\/p>\n<p>Mi smo dobili odgovor od gospodina Dobbs-a, koji odbija da se izvini za sve neistine izrecene ranije i dalje nastavlja  da vrije\u0111a \u017ertve genocida kazav\u0161i da je \u201cpogre\u0161no kriviti isklju\u010divo jednu stranu za sve zlo nanijeto ratom.\u201d<\/p>\n<p>Apelujemo da razmislite o tome kako bi se osje\u0107ale \u017ertve holokausta kada bi gospodin Dobbs napisao \u010dlanak \u201cU Odbranu Nijemaca\u201d, gdje bi tvrdio da su Hitler i nacisti imali legitimnu zabrinutost da napadnu druge oko sebe, uprkos \u010dinjenici da je preko 6 miliona nevinih Jevreja stradalo u procesu. Pored toga, zamislite da je oti\u0161ao dalje pa rekao da nacisti ne mogu biti isklju\u010divo krivi za zlo koje su nanijeli svojom politikom.<\/p>\n<p>Vjerujemo da UHSMM ima odgovornost da osigura po\u0161teno izvje\u0161tavanje sa su\u0111enja Ratku Mladi\u0107u izme\u0111u ostalog optu\u017eenom i za genocid, kao i za genocid u Srebrenici da se vr\u0161i na na\u010din koji je u skladu sa priznatim znanstvenim radom ve\u0107 ura\u0111enim na temu raspada Jugoslavije, kao i da ne naru\u0161ava i pobija vec utvr\u0111ene presude Me\u0111unarodnog suda pravde i Ha\u0161kog tribunala u vezi sa srpskom kampanjom etni\u010dkog \u010di\u0161\u0107enja i genocida u BiH. \u017drtve bosanskog genocida zaslu\u017euju nekoga ko ne\u0107e poku\u0161ati opravdati ratne zlo\u010dine i zlo\u010dine po\u010dinjene protiv njih. Mi zaslu\u017eujemo nekoga ko \u0107e se boriti protiv poricanja i negiranja genocida, nekoga ko promovi\u0161e, pi\u0161e i izjavljuje beskompromisnu istinu, pravdu i odgovornost za zlo\u010dine koji su po\u010dinjeni.<br \/>\nMi, uz du\u017eno po\u0161tovanje, tra\u017eimo od vas da sankcioni\u0161ete i prekinete saradnju sa Gospodinom Dobbs-om zbog njegovih neodgovornih, neiskrenih i \u0161tetnih komentara o agresiji na BiH i po\u0161injenom genocidu, kao i da sprije\u010dite bilo kakva budu\u0107a negiranja genocida i poku\u0161aje ubla\u017eivanja ili smanjenja odgovornosti po\u010dinitelja istog od svih osoba koje imaju bilo kakve veze sa USHMM-om.<\/p>\n<p>S po\u0161tovanjem,<\/p>\n<p>Mr. Haris Aliba\u0161i\u0107<br \/>\nPredsjednik Kongresa Bo\u0161njaka Sjeverne Amerike (KBSA)<br \/>\nEmail: cnab@bosniak.org<\/p>\n<p>Prof. Emir Rami\u0107<br \/>\nDirektor Instituta za istra\u017eivanje genocida Kanada (IGK)<br \/>\nEmail: info@instituteforgenocide.org<\/p>\n<p>Mr. Ajla Delki\u0107<br \/>\nIzvr\u0161ni Direktor, Americkog savjetodavnog vije\u0107a za Bosnu i Hercegovinu (ACBH)<br \/>\nEmail: adelkic@acbih.org<\/p>\n<p>Mr. Sanja Seferovic-Drnov\u0161ek<br \/>\nDirektor, Bosansko ameri\u010dkog instituta za genocid i edukaciju (BAGI)<\/p>\n<p>(KBSA)<\/p>\n","protected":false},"excerpt":{"rendered":"<p>Amerika, Kanada &#8211; Pretstavnici Kongresa Bo\u0161njaka Sjeverne Amerike i drugih bo\u0161nja\u010dkih institucija u Americi poslali su protestno pismo\u00a0Vije\u0107u memorijala Holokausta u Sjedinjenim dr\u017eavama, u kome se ka\u017ee: Po\u0161tovani \u010clanovi Vije\u0107a USHMM: Obra\u0107amo vam se u ime gra\u0111ana Bosne i Hercegovine koji su pre\u017eivjeli etni\u010dko \u010di\u0161\u0107enje i genocid tokom agresije izvr\u0161ene od strane Srbije i Crne [&hellip;]<\/p>\n","protected":false},"author":14,"featured_media":49953,"comment_status":"open","ping_status":"open","sticky":false,"template":"","format":"standard","meta":{"footnotes":""},"categories":[800,3012],"tags":[],"class_list":{"0":"post-49952","1":"post","2":"type-post","3":"status-publish","4":"format-standard","5":"has-post-thumbnail","7":"category-nacija","8":"category-amerika-gradovi"},"yoast_head":"<!-- This site is optimized with the Yoast SEO Premium plugin v23.1 (Yoast SEO v24.9) - https:\/\/yoast.com\/wordpress\/plugins\/seo\/ -->\n<title>Protestno pismo Vije\u0107u memorijala Holokausta u Sjedinjenim dr\u017eavama<\/title>\n<meta name=\"robots\" content=\"index, follow, max-snippet:-1, max-image-preview:large, max-video-preview:-1\" \/>\n<link rel=\"canonical\" href=\"https:\/\/sandzakpress.net\/arhiva\/protestno-pismo-vijecu-memorijala-holokausta-u-sjedinjenim-drzavama\/\" \/>\n<meta property=\"og:locale\" content=\"bs_BA\" \/>\n<meta property=\"og:type\" content=\"article\" \/>\n<meta property=\"og:title\" content=\"Protestno pismo Vije\u0107u memorijala Holokausta u Sjedinjenim dr\u017eavama\" \/>\n<meta property=\"og:description\" content=\"Amerika, Kanada &#8211; Pretstavnici Kongresa Bo\u0161njaka Sjeverne Amerike i drugih bo\u0161nja\u010dkih institucija u Americi poslali su protestno pismo\u00a0Vije\u0107u memorijala Holokausta u Sjedinjenim dr\u017eavama, u kome se ka\u017ee: Po\u0161tovani \u010clanovi Vije\u0107a USHMM: Obra\u0107amo vam se u ime gra\u0111ana Bosne i Hercegovine koji su pre\u017eivjeli etni\u010dko \u010di\u0161\u0107enje i genocid tokom agresije izvr\u0161ene od strane Srbije i Crne [&hellip;]\" \/>\n<meta property=\"og:url\" content=\"https:\/\/sandzakpress.net\/arhiva\/protestno-pismo-vijecu-memorijala-holokausta-u-sjedinjenim-drzavama\/\" \/>\n<meta property=\"og:site_name\" content=\"Sand\u017eak PRESS\" \/>\n<meta property=\"article:published_time\" content=\"2012-09-08T12:17:58+00:00\" \/>\n<meta property=\"og:image\" content=\"https:\/\/sandzakpress.net\/arhiva\/wp-content\/uploads\/2012\/09\/111026_dobbs.jpg\" \/>\n\t<meta property=\"og:image:width\" content=\"300\" \/>\n\t<meta property=\"og:image:height\" content=\"200\" \/>\n\t<meta property=\"og:image:type\" content=\"image\/jpeg\" \/>\n<meta name=\"twitter:card\" content=\"summary_large_image\" \/>\n<meta name=\"twitter:label1\" content=\"Written by\" \/>\n\t<meta name=\"twitter:data1\" content=\"\" \/>\n\t<meta name=\"twitter:label2\" content=\"Est. reading time\" \/>\n\t<meta name=\"twitter:data2\" content=\"7 minuta\" \/>\n<script type=\"application\/ld+json\" class=\"yoast-schema-graph\">{\"@context\":\"https:\/\/schema.org\",\"@graph\":[{\"@type\":\"Article\",\"@id\":\"https:\/\/sandzakpress.net\/arhiva\/protestno-pismo-vijecu-memorijala-holokausta-u-sjedinjenim-drzavama\/#article\",\"isPartOf\":{\"@id\":\"https:\/\/sandzakpress.net\/arhiva\/protestno-pismo-vijecu-memorijala-holokausta-u-sjedinjenim-drzavama\/\"},\"author\":{\"name\":\"\",\"@id\":\"\"},\"headline\":\"Protestno pismo Vije\u0107u memorijala Holokausta u Sjedinjenim dr\u017eavama\",\"datePublished\":\"2012-09-08T12:17:58+00:00\",\"mainEntityOfPage\":{\"@id\":\"https:\/\/sandzakpress.net\/arhiva\/protestno-pismo-vijecu-memorijala-holokausta-u-sjedinjenim-drzavama\/\"},\"wordCount\":1327,\"commentCount\":0,\"publisher\":{\"@id\":\"https:\/\/sandzakpress.net\/arhiva\/#\/schema\/person\/6e72b67d6e51910a1117b3b483ba20bd\"},\"image\":{\"@id\":\"https:\/\/sandzakpress.net\/arhiva\/protestno-pismo-vijecu-memorijala-holokausta-u-sjedinjenim-drzavama\/#primaryimage\"},\"thumbnailUrl\":\"https:\/\/sandzakpress.net\/arhiva\/wp-content\/uploads\/2012\/09\/111026_dobbs.jpg\",\"articleSection\":[\"Nacija\",\"Amerika\"],\"inLanguage\":\"bs-BA\",\"potentialAction\":[{\"@type\":\"CommentAction\",\"name\":\"Comment\",\"target\":[\"https:\/\/sandzakpress.net\/arhiva\/protestno-pismo-vijecu-memorijala-holokausta-u-sjedinjenim-drzavama\/#respond\"]}]},{\"@type\":\"WebPage\",\"@id\":\"https:\/\/sandzakpress.net\/arhiva\/protestno-pismo-vijecu-memorijala-holokausta-u-sjedinjenim-drzavama\/\",\"url\":\"https:\/\/sandzakpress.net\/arhiva\/protestno-pismo-vijecu-memorijala-holokausta-u-sjedinjenim-drzavama\/\",\"name\":\"Protestno pismo Vije\u0107u memorijala Holokausta u Sjedinjenim dr\u017eavama\",\"isPartOf\":{\"@id\":\"https:\/\/sandzakpress.net\/arhiva\/#website\"},\"primaryImageOfPage\":{\"@id\":\"https:\/\/sandzakpress.net\/arhiva\/protestno-pismo-vijecu-memorijala-holokausta-u-sjedinjenim-drzavama\/#primaryimage\"},\"image\":{\"@id\":\"https:\/\/sandzakpress.net\/arhiva\/protestno-pismo-vijecu-memorijala-holokausta-u-sjedinjenim-drzavama\/#primaryimage\"},\"thumbnailUrl\":\"https:\/\/sandzakpress.net\/arhiva\/wp-content\/uploads\/2012\/09\/111026_dobbs.jpg\",\"datePublished\":\"2012-09-08T12:17:58+00:00\",\"breadcrumb\":{\"@id\":\"https:\/\/sandzakpress.net\/arhiva\/protestno-pismo-vijecu-memorijala-holokausta-u-sjedinjenim-drzavama\/#breadcrumb\"},\"inLanguage\":\"bs-BA\",\"potentialAction\":[{\"@type\":\"ReadAction\",\"target\":[\"https:\/\/sandzakpress.net\/arhiva\/protestno-pismo-vijecu-memorijala-holokausta-u-sjedinjenim-drzavama\/\"]}]},{\"@type\":\"ImageObject\",\"inLanguage\":\"bs-BA\",\"@id\":\"https:\/\/sandzakpress.net\/arhiva\/protestno-pismo-vijecu-memorijala-holokausta-u-sjedinjenim-drzavama\/#primaryimage\",\"url\":\"https:\/\/sandzakpress.net\/arhiva\/wp-content\/uploads\/2012\/09\/111026_dobbs.jpg\",\"contentUrl\":\"https:\/\/sandzakpress.net\/arhiva\/wp-content\/uploads\/2012\/09\/111026_dobbs.jpg\",\"width\":300,\"height\":200},{\"@type\":\"BreadcrumbList\",\"@id\":\"https:\/\/sandzakpress.net\/arhiva\/protestno-pismo-vijecu-memorijala-holokausta-u-sjedinjenim-drzavama\/#breadcrumb\",\"itemListElement\":[{\"@type\":\"ListItem\",\"position\":1,\"name\":\"Home\",\"item\":\"https:\/\/sandzakpress.net\/arhiva\/\"},{\"@type\":\"ListItem\",\"position\":2,\"name\":\"Protestno pismo Vije\u0107u memorijala Holokausta u Sjedinjenim dr\u017eavama\"}]},{\"@type\":\"WebSite\",\"@id\":\"https:\/\/sandzakpress.net\/arhiva\/#website\",\"url\":\"https:\/\/sandzakpress.net\/arhiva\/\",\"name\":\"Sand\u017eak PRESS\",\"description\":\"Prve elektronske novine u Sand\u017eaku\",\"publisher\":{\"@id\":\"https:\/\/sandzakpress.net\/arhiva\/#\/schema\/person\/6e72b67d6e51910a1117b3b483ba20bd\"},\"potentialAction\":[{\"@type\":\"SearchAction\",\"target\":{\"@type\":\"EntryPoint\",\"urlTemplate\":\"https:\/\/sandzakpress.net\/arhiva\/?s={search_term_string}\"},\"query-input\":{\"@type\":\"PropertyValueSpecification\",\"valueRequired\":true,\"valueName\":\"search_term_string\"}}],\"inLanguage\":\"bs-BA\"},{\"@type\":[\"Person\",\"Organization\"],\"@id\":\"https:\/\/sandzakpress.net\/arhiva\/#\/schema\/person\/6e72b67d6e51910a1117b3b483ba20bd\",\"name\":\"Kul\",\"image\":{\"@type\":\"ImageObject\",\"inLanguage\":\"bs-BA\",\"@id\":\"https:\/\/sandzakpress.net\/arhiva\/#\/schema\/person\/image\/\",\"url\":\"https:\/\/secure.gravatar.com\/avatar\/42263f39aa27ac04c43cab85c280eb2e?s=96&d=mm&r=pg\",\"contentUrl\":\"https:\/\/secure.gravatar.com\/avatar\/42263f39aa27ac04c43cab85c280eb2e?s=96&d=mm&r=pg\",\"caption\":\"Kul\"},\"logo\":{\"@id\":\"https:\/\/sandzakpress.net\/arhiva\/#\/schema\/person\/image\/\"}},{\"@type\":\"Person\",\"@id\":\"\",\"url\":\"https:\/\/sandzakpress.net\/arhiva\/author\/\"}]}<\/script>\n<!-- \/ Yoast SEO Premium plugin. -->","yoast_head_json":{"title":"Protestno pismo Vije\u0107u memorijala Holokausta u Sjedinjenim dr\u017eavama","robots":{"index":"index","follow":"follow","max-snippet":"max-snippet:-1","max-image-preview":"max-image-preview:large","max-video-preview":"max-video-preview:-1"},"canonical":"https:\/\/sandzakpress.net\/arhiva\/protestno-pismo-vijecu-memorijala-holokausta-u-sjedinjenim-drzavama\/","og_locale":"bs_BA","og_type":"article","og_title":"Protestno pismo Vije\u0107u memorijala Holokausta u Sjedinjenim dr\u017eavama","og_description":"Amerika, Kanada &#8211; Pretstavnici Kongresa Bo\u0161njaka Sjeverne Amerike i drugih bo\u0161nja\u010dkih institucija u Americi poslali su protestno pismo\u00a0Vije\u0107u memorijala Holokausta u Sjedinjenim dr\u017eavama, u kome se ka\u017ee: Po\u0161tovani \u010clanovi Vije\u0107a USHMM: Obra\u0107amo vam se u ime gra\u0111ana Bosne i Hercegovine koji su pre\u017eivjeli etni\u010dko \u010di\u0161\u0107enje i genocid tokom agresije izvr\u0161ene od strane Srbije i Crne [&hellip;]","og_url":"https:\/\/sandzakpress.net\/arhiva\/protestno-pismo-vijecu-memorijala-holokausta-u-sjedinjenim-drzavama\/","og_site_name":"Sand\u017eak PRESS","article_published_time":"2012-09-08T12:17:58+00:00","og_image":[{"width":300,"height":200,"url":"https:\/\/sandzakpress.net\/arhiva\/wp-content\/uploads\/2012\/09\/111026_dobbs.jpg","type":"image\/jpeg"}],"twitter_card":"summary_large_image","twitter_misc":{"Written by":"","Est. reading time":"7 minuta"},"schema":{"@context":"https:\/\/schema.org","@graph":[{"@type":"Article","@id":"https:\/\/sandzakpress.net\/arhiva\/protestno-pismo-vijecu-memorijala-holokausta-u-sjedinjenim-drzavama\/#article","isPartOf":{"@id":"https:\/\/sandzakpress.net\/arhiva\/protestno-pismo-vijecu-memorijala-holokausta-u-sjedinjenim-drzavama\/"},"author":{"name":"","@id":""},"headline":"Protestno pismo Vije\u0107u memorijala Holokausta u Sjedinjenim dr\u017eavama","datePublished":"2012-09-08T12:17:58+00:00","mainEntityOfPage":{"@id":"https:\/\/sandzakpress.net\/arhiva\/protestno-pismo-vijecu-memorijala-holokausta-u-sjedinjenim-drzavama\/"},"wordCount":1327,"commentCount":0,"publisher":{"@id":"https:\/\/sandzakpress.net\/arhiva\/#\/schema\/person\/6e72b67d6e51910a1117b3b483ba20bd"},"image":{"@id":"https:\/\/sandzakpress.net\/arhiva\/protestno-pismo-vijecu-memorijala-holokausta-u-sjedinjenim-drzavama\/#primaryimage"},"thumbnailUrl":"https:\/\/sandzakpress.net\/arhiva\/wp-content\/uploads\/2012\/09\/111026_dobbs.jpg","articleSection":["Nacija","Amerika"],"inLanguage":"bs-BA","potentialAction":[{"@type":"CommentAction","name":"Comment","target":["https:\/\/sandzakpress.net\/arhiva\/protestno-pismo-vijecu-memorijala-holokausta-u-sjedinjenim-drzavama\/#respond"]}]},{"@type":"WebPage","@id":"https:\/\/sandzakpress.net\/arhiva\/protestno-pismo-vijecu-memorijala-holokausta-u-sjedinjenim-drzavama\/","url":"https:\/\/sandzakpress.net\/arhiva\/protestno-pismo-vijecu-memorijala-holokausta-u-sjedinjenim-drzavama\/","name":"Protestno pismo Vije\u0107u memorijala Holokausta u Sjedinjenim dr\u017eavama","isPartOf":{"@id":"https:\/\/sandzakpress.net\/arhiva\/#website"},"primaryImageOfPage":{"@id":"https:\/\/sandzakpress.net\/arhiva\/protestno-pismo-vijecu-memorijala-holokausta-u-sjedinjenim-drzavama\/#primaryimage"},"image":{"@id":"https:\/\/sandzakpress.net\/arhiva\/protestno-pismo-vijecu-memorijala-holokausta-u-sjedinjenim-drzavama\/#primaryimage"},"thumbnailUrl":"https:\/\/sandzakpress.net\/arhiva\/wp-content\/uploads\/2012\/09\/111026_dobbs.jpg","datePublished":"2012-09-08T12:17:58+00:00","breadcrumb":{"@id":"https:\/\/sandzakpress.net\/arhiva\/protestno-pismo-vijecu-memorijala-holokausta-u-sjedinjenim-drzavama\/#breadcrumb"},"inLanguage":"bs-BA","potentialAction":[{"@type":"ReadAction","target":["https:\/\/sandzakpress.net\/arhiva\/protestno-pismo-vijecu-memorijala-holokausta-u-sjedinjenim-drzavama\/"]}]},{"@type":"ImageObject","inLanguage":"bs-BA","@id":"https:\/\/sandzakpress.net\/arhiva\/protestno-pismo-vijecu-memorijala-holokausta-u-sjedinjenim-drzavama\/#primaryimage","url":"https:\/\/sandzakpress.net\/arhiva\/wp-content\/uploads\/2012\/09\/111026_dobbs.jpg","contentUrl":"https:\/\/sandzakpress.net\/arhiva\/wp-content\/uploads\/2012\/09\/111026_dobbs.jpg","width":300,"height":200},{"@type":"BreadcrumbList","@id":"https:\/\/sandzakpress.net\/arhiva\/protestno-pismo-vijecu-memorijala-holokausta-u-sjedinjenim-drzavama\/#breadcrumb","itemListElement":[{"@type":"ListItem","position":1,"name":"Home","item":"https:\/\/sandzakpress.net\/arhiva\/"},{"@type":"ListItem","position":2,"name":"Protestno pismo Vije\u0107u memorijala Holokausta u Sjedinjenim dr\u017eavama"}]},{"@type":"WebSite","@id":"https:\/\/sandzakpress.net\/arhiva\/#website","url":"https:\/\/sandzakpress.net\/arhiva\/","name":"Sand\u017eak PRESS","description":"Prve elektronske novine u Sand\u017eaku","publisher":{"@id":"https:\/\/sandzakpress.net\/arhiva\/#\/schema\/person\/6e72b67d6e51910a1117b3b483ba20bd"},"potentialAction":[{"@type":"SearchAction","target":{"@type":"EntryPoint","urlTemplate":"https:\/\/sandzakpress.net\/arhiva\/?s={search_term_string}"},"query-input":{"@type":"PropertyValueSpecification","valueRequired":true,"valueName":"search_term_string"}}],"inLanguage":"bs-BA"},{"@type":["Person","Organization"],"@id":"https:\/\/sandzakpress.net\/arhiva\/#\/schema\/person\/6e72b67d6e51910a1117b3b483ba20bd","name":"Kul","image":{"@type":"ImageObject","inLanguage":"bs-BA","@id":"https:\/\/sandzakpress.net\/arhiva\/#\/schema\/person\/image\/","url":"https:\/\/secure.gravatar.com\/avatar\/42263f39aa27ac04c43cab85c280eb2e?s=96&d=mm&r=pg","contentUrl":"https:\/\/secure.gravatar.com\/avatar\/42263f39aa27ac04c43cab85c280eb2e?s=96&d=mm&r=pg","caption":"Kul"},"logo":{"@id":"https:\/\/sandzakpress.net\/arhiva\/#\/schema\/person\/image\/"}},{"@type":"Person","@id":"","url":"https:\/\/sandzakpress.net\/arhiva\/author\/"}]}},"_links":{"self":[{"href":"https:\/\/sandzakpress.net\/arhiva\/wp-json\/wp\/v2\/posts\/49952"}],"collection":[{"href":"https:\/\/sandzakpress.net\/arhiva\/wp-json\/wp\/v2\/posts"}],"about":[{"href":"https:\/\/sandzakpress.net\/arhiva\/wp-json\/wp\/v2\/types\/post"}],"author":[{"embeddable":true,"href":"https:\/\/sandzakpress.net\/arhiva\/wp-json\/wp\/v2\/users\/14"}],"replies":[{"embeddable":true,"href":"https:\/\/sandzakpress.net\/arhiva\/wp-json\/wp\/v2\/comments?post=49952"}],"version-history":[{"count":0,"href":"https:\/\/sandzakpress.net\/arhiva\/wp-json\/wp\/v2\/posts\/49952\/revisions"}],"wp:featuredmedia":[{"embeddable":true,"href":"https:\/\/sandzakpress.net\/arhiva\/wp-json\/wp\/v2\/media\/49953"}],"wp:attachment":[{"href":"https:\/\/sandzakpress.net\/arhiva\/wp-json\/wp\/v2\/media?parent=49952"}],"wp:term":[{"taxonomy":"category","embeddable":true,"href":"https:\/\/sandzakpress.net\/arhiva\/wp-json\/wp\/v2\/categories?post=49952"},{"taxonomy":"post_tag","embeddable":true,"href":"https:\/\/sandzakpress.net\/arhiva\/wp-json\/wp\/v2\/tags?post=49952"}],"curies":[{"name":"wp","href":"https:\/\/api.w.org\/{rel}","templated":true}]}}