{"id":49794,"date":"2012-09-06T15:56:33","date_gmt":"2012-09-06T13:56:33","guid":{"rendered":"https:\/\/sandzakpress.net\/arhiva\/?p=49794"},"modified":"2012-09-06T15:56:33","modified_gmt":"2012-09-06T13:56:33","slug":"posjeta-reisu-l-uleme-bosnjacima-u-cikagu","status":"publish","type":"post","link":"https:\/\/sandzakpress.net\/arhiva\/posjeta-reisu-l-uleme-bosnjacima-u-cikagu\/","title":{"rendered":"Posjeta reisu-l-uleme Bo\u0161njacima u \u010cikagu"},"content":{"rendered":"<p><strong><a href=\"https:\/\/sandzakpress.net\/arhiva\/wp-content\/uploads\/2012\/09\/reis-cikago-09-2012-11.jpg\"><img loading=\"lazy\" decoding=\"async\" class=\"alignleft size-medium wp-image-49796\" title=\"reis-cikago-09-2012-1\" src=\"https:\/\/sandzakpress.net\/arhiva\/wp-content\/uploads\/2012\/09\/reis-cikago-09-2012-11-300x225.jpg\" alt=\"\" width=\"300\" height=\"225\" \/><\/a>BiH, Amerika &#8211;\u00a0\u201eBio jednom prvi d\u017eemat i zajednica bosansko-hercegova\u010dkih muslimana u SAD-u, udru\u017eenje D\u017eemijetul Hajrije. Bila jednom prva d\u017eamija u \u010cikagu, d\u017eamija na Halstad-u. Bila jednom jedina d\u017eamija sa munarom u Americi, Islamski kulturni centar u Northbrook-u\u2026\u201d<\/strong><\/p>\n<p>Ovim rije\u010dima na engleskom jeziku reisu-l-ulema Islamske zajednice u Bosni i Hercegovini dr. Mustafa ef. Ceri\u0107 je zapo\u010deo emotivan i poticajan govor u nedjelju, drugog septembra 2012., odnosno 15. \u0161evvala 1433. godine po hid\u017eri u Islamskom kulturnom centru Northbrook Chicago. Nakon historijske posjete bo\u0161nja\u010dkim d\u017eematima u Syracuse, San Jose, Atlanta, reisu-l-ulema je zijaretio i Islamski kulturni centar (The Islamic Cultural Center of Greater Chicago), u metropoli Chicago, grada za koji je reisu-l-ulema li\u010dno i sudbonosno vezan i u kojem je pro\u017eivio najproduktivniji period svoga \u017eivota.<\/p>\n<p>\u201cDa nisam radio i \u0161kolovao se u Chicago-u, zasigurno, ne bih bio ono \u0161to danas jesam,\u201d konstatovao je reisu-l-ulema Islamske zajednice u Bosni i Hercegovini dr. Mustafa ef. Ceri\u0107.<\/p>\n<p>Reisu-l-ulema je pohvalio d\u017eemat i novog imama Amir ef. \u010cau\u0161a ohrabruju\u0107i ih da budu iskreni, po\u0161tuju jedni druge i \u010duvaju veliki emanet ove veleljepne i neobi\u010dno vrijedne Allahove ku\u0107e, u koju je ulo\u017eeno mnogo i koja je iznjedrila mnogo.<\/p>\n<p>\u201cIslamski kulturni centar u Northbrook-u Chicago je jedinstven. ICC je bio i treba ostati mjesto u kojem su dobrodo\u0161li svi dobri ljudi bez obzira na razlike, a naro\u010dito oni kojima je potrebna utjeha, uputa i rije\u010d razumijevanja.\u201d<\/p>\n<p>Doga\u0111aj su uveli\u010dali svojim prisustvom glavni imam Islamske zajednice Bo\u0161njaka Sjeverne Amerike mr. Sabahudin ef. \u0106eman, imam iz Detroita Fejlem ef. Salki\u0107 i posebno hafiz Muriz ef. Me\u0161i\u0107, novi imam Bosanskog islamskog kulturnog centra Chicago, koji su od reisu-l-uleme dobili punu podr\u0161ku i pohvalu za svoj rad.<\/p>\n<p>\u201cRadimo svoj posao kvalitetno i po\u0161teno. Ko radi dobro ima neprijatelje, a ko radi lo\u0161e ima vi\u0161e neprijatelja. Iskoristimo blagodati koje pru\u017ea ova zemlja (SAD). Ona puno uzima i daje, a sve zavisi koliko smo pametni i mudri. Bog blagoslovio ovu zemlju i na\u0161u Bosnu i sve dobre ljude u njima.\u201d<\/p>\n<p>Imam ICC-a Amir ef. \u010cau\u0161, prou\u010div\u0161i kur\u2019anske ajete iz sure Ibrahim, na engleskom jeziku je kazao:<\/p>\n<p>\u201cDobro do\u0161li u Islamski kulturni centar Northbrook Chicago i hvala Vam za Va\u0161 dolazak ve\u010deras. Islamski kulturni centar je prekrasno drvo sa dubokim korijenom i bujnom kro\u0161njom uzdignutom ka nebu koje nam omogu\u0107ava da u\u017eivamo njegove divne plodove iskrene vjere i dobrih djela. Danas, ovo drvo biva jo\u0161 ljep\u0161e daju\u0107i svoj najbolji plod. Danas, Islamski kulturni centar izra\u017eava dobrodo\u0161licu velikom \u010dovjeku i Bo\u017eijem robu reisu-l-ulemi Islamske zajednice u BiH dr. Mustafi ef. Ceri\u0107u, \u010dovjeku koji je zakora\u010dio u svoju veliku misiju vjere, mira i upravljanja zajednicom upravo iz ovoga centra.<\/p>\n<p>Imam Mustafa Ceri\u0107 u svom prvom obra\u0107anju d\u017eematu ovog centra 1981. godine je kazao:<\/p>\n<p>\u201dU svakoj prilici stojim vam na raspolaganju i bi\u0107u sretan da vam mogu pomo\u0107i u vjerskim pitanjima. Koristim ovu priliku da vam se svima od srca zahvalim na va\u0161em velikodu\u0161nom gostoprimstvu, va\u0161im lijepim rije\u010dima dobrodo\u0161lice meni i mojoj porodici. Va\u0161a srda\u010dnost obavezuje nas da stalno mislimo na vas i da svima budemo uvijek na usluzi u svemu \u0161to je za na\u0161u vjeru vezano.\u201d<\/p>\n<p>Mi svjedo\u010dimo danas da je Mustafa Ceri\u0107 ostao dosljedan ovom emanetu svih ovih godina slu\u017ee\u0107i vjeri, narodu i domovini. I danas, reisu-ulema dr. Mustafa ef. Ceri\u0107 je zahvalan svome narodu u Sjedinjenim Ameri\u010dkim Dr\u017eavama, prepoznavaju\u0107i i afirmi\u0161u\u0107i dobro u njima. On je bio i ostao optimisti\u010dna i neumorna p\u010dela radilica s krilima \u0161irokog obrazovanja i jasne vizije vjerskog, kulturnog i nacionalnog preporoda, slobode i bu\u0111enja bosanskih muslimana.<\/p>\n<p>Neka Vas Uzvi\u0161eni Allah nagradi i blagoslovi, a Vama i Va\u0161oj porodici podari zdravlje i ustrajnost na pravom putu\u2026\u201d<\/p>\n<p>U zadnjem dijelu programa, predsjednik i \u010dlanovi Odbora ICC-a uru\u010dili su dr. Mustafi ef. Ceri\u0107u plaketu zahvalnosti i priznanje za uspje\u0161no obna\u0161anje funkcije imama ICC i predvodnika uleme u domovini i svijetu.<\/p>\n<p>Reisu-l-ulema u dijelu govora na bosanskom jeziku vi\u0161e puta se zahvalio svim zaslu\u017enim ljudima za napredak zajednice, \u00a0njega kao imama i poglavara Islamske zajednice u Bosni i Hercegovini i zajedni\u010dki doprinos domovini, poru\u010div\u0161i:<\/p>\n<p>\u201cOvdje sam do\u0161ao da vam se zahvalim za sve \u0161to se u\u010dinili i \u010dinite\u2026 \u010duvajte sebe i svoje porodice, pazite zajednicu, nastojite da uvijek vidite i pohvalite dobro kod drugog\u2026 trudimo se i budimo oprezni da nam se zlo i genocid vi\u0161e ne ponove\u2026\u201d<\/p>\n<p>Nakon prou\u010dene dove, reisu-l-ulema je predvodio ak\u0161am namaz. Vrijedne d\u017eematlije na \u010delu sa \u017eenskom grupom su pripremili ve\u010deru i omogu\u0107ili ugodno dru\u017eenje uz osmijeh i razgovor. Nakon jacije namaza reis efendija i supruga Azra-hanuma su ispra\u0107eni sa zahvalno\u0161\u0107u i suzama u o\u010dima.<\/p>\n<p>Chicago je tako, hvala Bogu, sa svojim d\u017eematima i bo\u0161nja\u010dkom zajednicom, nakon ramazanskih i\u00a0 bajramskih blagodati te prelijepom sve\u010dano\u0161\u0107u u ICC-u zasijao svom svojom ljepotom.<\/p>\n<p>(Rijaset)<\/p>\n","protected":false},"excerpt":{"rendered":"<p>BiH, Amerika &#8211;\u00a0\u201eBio jednom prvi d\u017eemat i zajednica bosansko-hercegova\u010dkih muslimana u SAD-u, udru\u017eenje D\u017eemijetul Hajrije. Bila jednom prva d\u017eamija u \u010cikagu, d\u017eamija na Halstad-u. Bila jednom jedina d\u017eamija sa munarom u Americi, Islamski kulturni centar u Northbrook-u\u2026\u201d Ovim rije\u010dima na engleskom jeziku reisu-l-ulema Islamske zajednice u Bosni i Hercegovini dr. Mustafa ef. Ceri\u0107 je zapo\u010deo [&hellip;]<\/p>\n","protected":false},"author":14,"featured_media":49796,"comment_status":"open","ping_status":"open","sticky":false,"template":"","format":"standard","meta":{"footnotes":""},"categories":[2860,3012,802],"tags":[],"class_list":{"0":"post-49794","1":"post","2":"type-post","3":"status-publish","4":"format-standard","5":"has-post-thumbnail","7":"category-bosna-i-hercegovina-gradovi","8":"category-amerika-gradovi","9":"category-islamska_zajednica"},"yoast_head":"<!-- This site is optimized with the Yoast SEO Premium plugin v23.1 (Yoast SEO v24.9) - https:\/\/yoast.com\/wordpress\/plugins\/seo\/ -->\n<title>Posjeta reisu-l-uleme Bo\u0161njacima u \u010cikagu<\/title>\n<meta name=\"robots\" content=\"index, follow, max-snippet:-1, max-image-preview:large, max-video-preview:-1\" \/>\n<link rel=\"canonical\" href=\"https:\/\/sandzakpress.net\/arhiva\/posjeta-reisu-l-uleme-bosnjacima-u-cikagu\/\" \/>\n<meta property=\"og:locale\" content=\"bs_BA\" \/>\n<meta property=\"og:type\" content=\"article\" \/>\n<meta property=\"og:title\" content=\"Posjeta reisu-l-uleme Bo\u0161njacima u \u010cikagu\" \/>\n<meta property=\"og:description\" content=\"BiH, Amerika &#8211;\u00a0\u201eBio jednom prvi d\u017eemat i zajednica bosansko-hercegova\u010dkih muslimana u SAD-u, udru\u017eenje D\u017eemijetul Hajrije. Bila jednom prva d\u017eamija u \u010cikagu, d\u017eamija na Halstad-u. Bila jednom jedina d\u017eamija sa munarom u Americi, Islamski kulturni centar u Northbrook-u\u2026\u201d Ovim rije\u010dima na engleskom jeziku reisu-l-ulema Islamske zajednice u Bosni i Hercegovini dr. Mustafa ef. Ceri\u0107 je zapo\u010deo [&hellip;]\" \/>\n<meta property=\"og:url\" content=\"https:\/\/sandzakpress.net\/arhiva\/posjeta-reisu-l-uleme-bosnjacima-u-cikagu\/\" \/>\n<meta property=\"og:site_name\" content=\"Sand\u017eak PRESS\" \/>\n<meta property=\"article:published_time\" content=\"2012-09-06T13:56:33+00:00\" \/>\n<meta property=\"og:image\" content=\"https:\/\/sandzakpress.net\/arhiva\/wp-content\/uploads\/2012\/09\/reis-cikago-09-2012-11.jpg\" \/>\n\t<meta property=\"og:image:width\" content=\"616\" \/>\n\t<meta property=\"og:image:height\" content=\"462\" \/>\n\t<meta property=\"og:image:type\" content=\"image\/jpeg\" \/>\n<meta name=\"twitter:card\" content=\"summary_large_image\" \/>\n<meta name=\"twitter:label1\" content=\"Written by\" \/>\n\t<meta name=\"twitter:data1\" content=\"\" \/>\n\t<meta name=\"twitter:label2\" content=\"Est. reading time\" \/>\n\t<meta name=\"twitter:data2\" content=\"4 minute\" \/>\n<script type=\"application\/ld+json\" class=\"yoast-schema-graph\">{\"@context\":\"https:\/\/schema.org\",\"@graph\":[{\"@type\":\"Article\",\"@id\":\"https:\/\/sandzakpress.net\/arhiva\/posjeta-reisu-l-uleme-bosnjacima-u-cikagu\/#article\",\"isPartOf\":{\"@id\":\"https:\/\/sandzakpress.net\/arhiva\/posjeta-reisu-l-uleme-bosnjacima-u-cikagu\/\"},\"author\":{\"name\":\"\",\"@id\":\"\"},\"headline\":\"Posjeta reisu-l-uleme Bo\u0161njacima u \u010cikagu\",\"datePublished\":\"2012-09-06T13:56:33+00:00\",\"mainEntityOfPage\":{\"@id\":\"https:\/\/sandzakpress.net\/arhiva\/posjeta-reisu-l-uleme-bosnjacima-u-cikagu\/\"},\"wordCount\":874,\"commentCount\":0,\"publisher\":{\"@id\":\"https:\/\/sandzakpress.net\/arhiva\/#\/schema\/person\/6e72b67d6e51910a1117b3b483ba20bd\"},\"image\":{\"@id\":\"https:\/\/sandzakpress.net\/arhiva\/posjeta-reisu-l-uleme-bosnjacima-u-cikagu\/#primaryimage\"},\"thumbnailUrl\":\"https:\/\/sandzakpress.net\/arhiva\/wp-content\/uploads\/2012\/09\/reis-cikago-09-2012-11.jpg\",\"articleSection\":[\"Bosna i Hercegovina\",\"Amerika\",\"Islamska zajednica\"],\"inLanguage\":\"bs-BA\",\"potentialAction\":[{\"@type\":\"CommentAction\",\"name\":\"Comment\",\"target\":[\"https:\/\/sandzakpress.net\/arhiva\/posjeta-reisu-l-uleme-bosnjacima-u-cikagu\/#respond\"]}]},{\"@type\":\"WebPage\",\"@id\":\"https:\/\/sandzakpress.net\/arhiva\/posjeta-reisu-l-uleme-bosnjacima-u-cikagu\/\",\"url\":\"https:\/\/sandzakpress.net\/arhiva\/posjeta-reisu-l-uleme-bosnjacima-u-cikagu\/\",\"name\":\"Posjeta reisu-l-uleme Bo\u0161njacima u \u010cikagu\",\"isPartOf\":{\"@id\":\"https:\/\/sandzakpress.net\/arhiva\/#website\"},\"primaryImageOfPage\":{\"@id\":\"https:\/\/sandzakpress.net\/arhiva\/posjeta-reisu-l-uleme-bosnjacima-u-cikagu\/#primaryimage\"},\"image\":{\"@id\":\"https:\/\/sandzakpress.net\/arhiva\/posjeta-reisu-l-uleme-bosnjacima-u-cikagu\/#primaryimage\"},\"thumbnailUrl\":\"https:\/\/sandzakpress.net\/arhiva\/wp-content\/uploads\/2012\/09\/reis-cikago-09-2012-11.jpg\",\"datePublished\":\"2012-09-06T13:56:33+00:00\",\"breadcrumb\":{\"@id\":\"https:\/\/sandzakpress.net\/arhiva\/posjeta-reisu-l-uleme-bosnjacima-u-cikagu\/#breadcrumb\"},\"inLanguage\":\"bs-BA\",\"potentialAction\":[{\"@type\":\"ReadAction\",\"target\":[\"https:\/\/sandzakpress.net\/arhiva\/posjeta-reisu-l-uleme-bosnjacima-u-cikagu\/\"]}]},{\"@type\":\"ImageObject\",\"inLanguage\":\"bs-BA\",\"@id\":\"https:\/\/sandzakpress.net\/arhiva\/posjeta-reisu-l-uleme-bosnjacima-u-cikagu\/#primaryimage\",\"url\":\"https:\/\/sandzakpress.net\/arhiva\/wp-content\/uploads\/2012\/09\/reis-cikago-09-2012-11.jpg\",\"contentUrl\":\"https:\/\/sandzakpress.net\/arhiva\/wp-content\/uploads\/2012\/09\/reis-cikago-09-2012-11.jpg\",\"width\":616,\"height\":462},{\"@type\":\"BreadcrumbList\",\"@id\":\"https:\/\/sandzakpress.net\/arhiva\/posjeta-reisu-l-uleme-bosnjacima-u-cikagu\/#breadcrumb\",\"itemListElement\":[{\"@type\":\"ListItem\",\"position\":1,\"name\":\"Home\",\"item\":\"https:\/\/sandzakpress.net\/arhiva\/\"},{\"@type\":\"ListItem\",\"position\":2,\"name\":\"Posjeta reisu-l-uleme Bo\u0161njacima u \u010cikagu\"}]},{\"@type\":\"WebSite\",\"@id\":\"https:\/\/sandzakpress.net\/arhiva\/#website\",\"url\":\"https:\/\/sandzakpress.net\/arhiva\/\",\"name\":\"Sand\u017eak PRESS\",\"description\":\"Prve elektronske novine u Sand\u017eaku\",\"publisher\":{\"@id\":\"https:\/\/sandzakpress.net\/arhiva\/#\/schema\/person\/6e72b67d6e51910a1117b3b483ba20bd\"},\"potentialAction\":[{\"@type\":\"SearchAction\",\"target\":{\"@type\":\"EntryPoint\",\"urlTemplate\":\"https:\/\/sandzakpress.net\/arhiva\/?s={search_term_string}\"},\"query-input\":{\"@type\":\"PropertyValueSpecification\",\"valueRequired\":true,\"valueName\":\"search_term_string\"}}],\"inLanguage\":\"bs-BA\"},{\"@type\":[\"Person\",\"Organization\"],\"@id\":\"https:\/\/sandzakpress.net\/arhiva\/#\/schema\/person\/6e72b67d6e51910a1117b3b483ba20bd\",\"name\":\"Kul\",\"image\":{\"@type\":\"ImageObject\",\"inLanguage\":\"bs-BA\",\"@id\":\"https:\/\/sandzakpress.net\/arhiva\/#\/schema\/person\/image\/\",\"url\":\"https:\/\/secure.gravatar.com\/avatar\/42263f39aa27ac04c43cab85c280eb2e?s=96&d=mm&r=pg\",\"contentUrl\":\"https:\/\/secure.gravatar.com\/avatar\/42263f39aa27ac04c43cab85c280eb2e?s=96&d=mm&r=pg\",\"caption\":\"Kul\"},\"logo\":{\"@id\":\"https:\/\/sandzakpress.net\/arhiva\/#\/schema\/person\/image\/\"}},{\"@type\":\"Person\",\"@id\":\"\",\"url\":\"https:\/\/sandzakpress.net\/arhiva\/author\/\"}]}<\/script>\n<!-- \/ Yoast SEO Premium plugin. -->","yoast_head_json":{"title":"Posjeta reisu-l-uleme Bo\u0161njacima u \u010cikagu","robots":{"index":"index","follow":"follow","max-snippet":"max-snippet:-1","max-image-preview":"max-image-preview:large","max-video-preview":"max-video-preview:-1"},"canonical":"https:\/\/sandzakpress.net\/arhiva\/posjeta-reisu-l-uleme-bosnjacima-u-cikagu\/","og_locale":"bs_BA","og_type":"article","og_title":"Posjeta reisu-l-uleme Bo\u0161njacima u \u010cikagu","og_description":"BiH, Amerika &#8211;\u00a0\u201eBio jednom prvi d\u017eemat i zajednica bosansko-hercegova\u010dkih muslimana u SAD-u, udru\u017eenje D\u017eemijetul Hajrije. Bila jednom prva d\u017eamija u \u010cikagu, d\u017eamija na Halstad-u. Bila jednom jedina d\u017eamija sa munarom u Americi, Islamski kulturni centar u Northbrook-u\u2026\u201d Ovim rije\u010dima na engleskom jeziku reisu-l-ulema Islamske zajednice u Bosni i Hercegovini dr. Mustafa ef. Ceri\u0107 je zapo\u010deo [&hellip;]","og_url":"https:\/\/sandzakpress.net\/arhiva\/posjeta-reisu-l-uleme-bosnjacima-u-cikagu\/","og_site_name":"Sand\u017eak PRESS","article_published_time":"2012-09-06T13:56:33+00:00","og_image":[{"width":616,"height":462,"url":"https:\/\/sandzakpress.net\/arhiva\/wp-content\/uploads\/2012\/09\/reis-cikago-09-2012-11.jpg","type":"image\/jpeg"}],"twitter_card":"summary_large_image","twitter_misc":{"Written by":"","Est. reading time":"4 minute"},"schema":{"@context":"https:\/\/schema.org","@graph":[{"@type":"Article","@id":"https:\/\/sandzakpress.net\/arhiva\/posjeta-reisu-l-uleme-bosnjacima-u-cikagu\/#article","isPartOf":{"@id":"https:\/\/sandzakpress.net\/arhiva\/posjeta-reisu-l-uleme-bosnjacima-u-cikagu\/"},"author":{"name":"","@id":""},"headline":"Posjeta reisu-l-uleme Bo\u0161njacima u \u010cikagu","datePublished":"2012-09-06T13:56:33+00:00","mainEntityOfPage":{"@id":"https:\/\/sandzakpress.net\/arhiva\/posjeta-reisu-l-uleme-bosnjacima-u-cikagu\/"},"wordCount":874,"commentCount":0,"publisher":{"@id":"https:\/\/sandzakpress.net\/arhiva\/#\/schema\/person\/6e72b67d6e51910a1117b3b483ba20bd"},"image":{"@id":"https:\/\/sandzakpress.net\/arhiva\/posjeta-reisu-l-uleme-bosnjacima-u-cikagu\/#primaryimage"},"thumbnailUrl":"https:\/\/sandzakpress.net\/arhiva\/wp-content\/uploads\/2012\/09\/reis-cikago-09-2012-11.jpg","articleSection":["Bosna i Hercegovina","Amerika","Islamska zajednica"],"inLanguage":"bs-BA","potentialAction":[{"@type":"CommentAction","name":"Comment","target":["https:\/\/sandzakpress.net\/arhiva\/posjeta-reisu-l-uleme-bosnjacima-u-cikagu\/#respond"]}]},{"@type":"WebPage","@id":"https:\/\/sandzakpress.net\/arhiva\/posjeta-reisu-l-uleme-bosnjacima-u-cikagu\/","url":"https:\/\/sandzakpress.net\/arhiva\/posjeta-reisu-l-uleme-bosnjacima-u-cikagu\/","name":"Posjeta reisu-l-uleme Bo\u0161njacima u \u010cikagu","isPartOf":{"@id":"https:\/\/sandzakpress.net\/arhiva\/#website"},"primaryImageOfPage":{"@id":"https:\/\/sandzakpress.net\/arhiva\/posjeta-reisu-l-uleme-bosnjacima-u-cikagu\/#primaryimage"},"image":{"@id":"https:\/\/sandzakpress.net\/arhiva\/posjeta-reisu-l-uleme-bosnjacima-u-cikagu\/#primaryimage"},"thumbnailUrl":"https:\/\/sandzakpress.net\/arhiva\/wp-content\/uploads\/2012\/09\/reis-cikago-09-2012-11.jpg","datePublished":"2012-09-06T13:56:33+00:00","breadcrumb":{"@id":"https:\/\/sandzakpress.net\/arhiva\/posjeta-reisu-l-uleme-bosnjacima-u-cikagu\/#breadcrumb"},"inLanguage":"bs-BA","potentialAction":[{"@type":"ReadAction","target":["https:\/\/sandzakpress.net\/arhiva\/posjeta-reisu-l-uleme-bosnjacima-u-cikagu\/"]}]},{"@type":"ImageObject","inLanguage":"bs-BA","@id":"https:\/\/sandzakpress.net\/arhiva\/posjeta-reisu-l-uleme-bosnjacima-u-cikagu\/#primaryimage","url":"https:\/\/sandzakpress.net\/arhiva\/wp-content\/uploads\/2012\/09\/reis-cikago-09-2012-11.jpg","contentUrl":"https:\/\/sandzakpress.net\/arhiva\/wp-content\/uploads\/2012\/09\/reis-cikago-09-2012-11.jpg","width":616,"height":462},{"@type":"BreadcrumbList","@id":"https:\/\/sandzakpress.net\/arhiva\/posjeta-reisu-l-uleme-bosnjacima-u-cikagu\/#breadcrumb","itemListElement":[{"@type":"ListItem","position":1,"name":"Home","item":"https:\/\/sandzakpress.net\/arhiva\/"},{"@type":"ListItem","position":2,"name":"Posjeta reisu-l-uleme Bo\u0161njacima u \u010cikagu"}]},{"@type":"WebSite","@id":"https:\/\/sandzakpress.net\/arhiva\/#website","url":"https:\/\/sandzakpress.net\/arhiva\/","name":"Sand\u017eak PRESS","description":"Prve elektronske novine u Sand\u017eaku","publisher":{"@id":"https:\/\/sandzakpress.net\/arhiva\/#\/schema\/person\/6e72b67d6e51910a1117b3b483ba20bd"},"potentialAction":[{"@type":"SearchAction","target":{"@type":"EntryPoint","urlTemplate":"https:\/\/sandzakpress.net\/arhiva\/?s={search_term_string}"},"query-input":{"@type":"PropertyValueSpecification","valueRequired":true,"valueName":"search_term_string"}}],"inLanguage":"bs-BA"},{"@type":["Person","Organization"],"@id":"https:\/\/sandzakpress.net\/arhiva\/#\/schema\/person\/6e72b67d6e51910a1117b3b483ba20bd","name":"Kul","image":{"@type":"ImageObject","inLanguage":"bs-BA","@id":"https:\/\/sandzakpress.net\/arhiva\/#\/schema\/person\/image\/","url":"https:\/\/secure.gravatar.com\/avatar\/42263f39aa27ac04c43cab85c280eb2e?s=96&d=mm&r=pg","contentUrl":"https:\/\/secure.gravatar.com\/avatar\/42263f39aa27ac04c43cab85c280eb2e?s=96&d=mm&r=pg","caption":"Kul"},"logo":{"@id":"https:\/\/sandzakpress.net\/arhiva\/#\/schema\/person\/image\/"}},{"@type":"Person","@id":"","url":"https:\/\/sandzakpress.net\/arhiva\/author\/"}]}},"_links":{"self":[{"href":"https:\/\/sandzakpress.net\/arhiva\/wp-json\/wp\/v2\/posts\/49794"}],"collection":[{"href":"https:\/\/sandzakpress.net\/arhiva\/wp-json\/wp\/v2\/posts"}],"about":[{"href":"https:\/\/sandzakpress.net\/arhiva\/wp-json\/wp\/v2\/types\/post"}],"author":[{"embeddable":true,"href":"https:\/\/sandzakpress.net\/arhiva\/wp-json\/wp\/v2\/users\/14"}],"replies":[{"embeddable":true,"href":"https:\/\/sandzakpress.net\/arhiva\/wp-json\/wp\/v2\/comments?post=49794"}],"version-history":[{"count":0,"href":"https:\/\/sandzakpress.net\/arhiva\/wp-json\/wp\/v2\/posts\/49794\/revisions"}],"wp:featuredmedia":[{"embeddable":true,"href":"https:\/\/sandzakpress.net\/arhiva\/wp-json\/wp\/v2\/media\/49796"}],"wp:attachment":[{"href":"https:\/\/sandzakpress.net\/arhiva\/wp-json\/wp\/v2\/media?parent=49794"}],"wp:term":[{"taxonomy":"category","embeddable":true,"href":"https:\/\/sandzakpress.net\/arhiva\/wp-json\/wp\/v2\/categories?post=49794"},{"taxonomy":"post_tag","embeddable":true,"href":"https:\/\/sandzakpress.net\/arhiva\/wp-json\/wp\/v2\/tags?post=49794"}],"curies":[{"name":"wp","href":"https:\/\/api.w.org\/{rel}","templated":true}]}}