{"id":49670,"date":"2012-09-05T15:54:25","date_gmt":"2012-09-05T13:54:25","guid":{"rendered":"https:\/\/sandzakpress.net\/arhiva\/?p=49670"},"modified":"2012-09-06T10:20:55","modified_gmt":"2012-09-06T08:20:55","slug":"delegacija-trakija-univerziteta-iz-edirna-kod-muftije","status":"publish","type":"post","link":"https:\/\/sandzakpress.net\/arhiva\/delegacija-trakija-univerziteta-iz-edirna-kod-muftije\/","title":{"rendered":"Delegacija Trakija univerziteta iz Edirna kod Muftije"},"content":{"rendered":"<p><strong><a href=\"https:\/\/sandzakpress.net\/arhiva\/wp-content\/uploads\/2012\/09\/DSC_0004.jpg\"><img loading=\"lazy\" decoding=\"async\" class=\"alignleft size-medium wp-image-49671\" title=\"DSC_0004\" src=\"https:\/\/sandzakpress.net\/arhiva\/wp-content\/uploads\/2012\/09\/DSC_0004-300x141.jpg\" alt=\"\" width=\"300\" height=\"141\" \/><\/a>Novi Pazar, Turska &#8211; Glavni muftija Muamer ef. Zukorli\u0107 primio je delegaciju Trakijskog univerziteta iz Edrena na \u010delu sa dekanom Matemati\u010dkog fakulteta prof. dr. D\u017eengisom Daneom.<\/strong><\/p>\n<p>Tom prilikom gosti su upoznali Muftiju o aktivnostima i razvoju Trakijskog univerziteta te planovima unapre\u0111enja saradnje sa Internacionalnim univerzitetom u Novom Pazaru i drugim prosvjetnim ustanovama Islamske zajednice.<\/p>\n<p>Muftija se zahvalio gostima za dosada\u0161nju saradnju isti\u010du\u0107i zna\u010daj studijskih putovanja i seminara za predava\u010de i studente Internacionalnog univerziteta \u010diji je doma\u0107in u dva navrata bio Trakija univerzitet.<\/p>\n<p>Gosti su tako\u0111e prenijeli selame novoizabranog rektora Univerziteta isti\u010du\u0107i njegovo posebno interesovanje za saradnju sa Sand\u017eakom i Balkanom op\u0107enito.<\/p>\n<p>Sagovornici su se saglasili da su mogu\u0107nosti saradnje velike te da \u0107e se obostrano zalo\u017eiti kako bi zajedni\u010dko djelovanje bilo od obostrane koristi.<\/p>\n<p>(Me\u0161ihat)<\/p>\n","protected":false},"excerpt":{"rendered":"<p>Novi Pazar, Turska &#8211; Glavni muftija Muamer ef. Zukorli\u0107 primio je delegaciju Trakijskog univerziteta iz Edrena na \u010delu sa dekanom Matemati\u010dkog fakulteta prof. dr. D\u017eengisom Daneom. Tom prilikom gosti su upoznali Muftiju o aktivnostima i razvoju Trakijskog univerziteta te planovima unapre\u0111enja saradnje sa Internacionalnim univerzitetom u Novom Pazaru i drugim prosvjetnim ustanovama Islamske zajednice. Muftija [&hellip;]<\/p>\n","protected":false},"author":83,"featured_media":49671,"comment_status":"open","ping_status":"open","sticky":false,"template":"","format":"standard","meta":{"footnotes":""},"categories":[72,802,8957,2692],"tags":[],"class_list":{"0":"post-49670","1":"post","2":"type-post","3":"status-publish","4":"format-standard","5":"has-post-thumbnail","7":"category-novi-pazar","8":"category-islamska_zajednica","9":"category-vijesti-dana","10":"category-turska-gradovi"},"yoast_head":"<!-- This site is optimized with the Yoast SEO Premium plugin v23.1 (Yoast SEO v24.9) - https:\/\/yoast.com\/wordpress\/plugins\/seo\/ -->\n<title>Delegacija Trakija univerziteta iz Edirna kod Muftije<\/title>\n<meta name=\"robots\" content=\"index, follow, max-snippet:-1, max-image-preview:large, max-video-preview:-1\" \/>\n<link rel=\"canonical\" href=\"https:\/\/sandzakpress.net\/arhiva\/delegacija-trakija-univerziteta-iz-edirna-kod-muftije\/\" \/>\n<meta property=\"og:locale\" content=\"bs_BA\" \/>\n<meta property=\"og:type\" content=\"article\" \/>\n<meta property=\"og:title\" content=\"Delegacija Trakija univerziteta iz Edirna kod Muftije\" \/>\n<meta property=\"og:description\" content=\"Novi Pazar, Turska &#8211; Glavni muftija Muamer ef. Zukorli\u0107 primio je delegaciju Trakijskog univerziteta iz Edrena na \u010delu sa dekanom Matemati\u010dkog fakulteta prof. dr. D\u017eengisom Daneom. Tom prilikom gosti su upoznali Muftiju o aktivnostima i razvoju Trakijskog univerziteta te planovima unapre\u0111enja saradnje sa Internacionalnim univerzitetom u Novom Pazaru i drugim prosvjetnim ustanovama Islamske zajednice. Muftija [&hellip;]\" \/>\n<meta property=\"og:url\" content=\"https:\/\/sandzakpress.net\/arhiva\/delegacija-trakija-univerziteta-iz-edirna-kod-muftije\/\" \/>\n<meta property=\"og:site_name\" content=\"Sand\u017eak PRESS\" \/>\n<meta property=\"article:published_time\" content=\"2012-09-05T13:54:25+00:00\" \/>\n<meta property=\"article:modified_time\" content=\"2012-09-06T08:20:55+00:00\" \/>\n<meta property=\"og:image\" content=\"https:\/\/sandzakpress.net\/arhiva\/wp-content\/uploads\/2012\/09\/DSC_0004.jpg\" \/>\n\t<meta property=\"og:image:width\" content=\"500\" \/>\n\t<meta property=\"og:image:height\" content=\"236\" \/>\n\t<meta property=\"og:image:type\" content=\"image\/jpeg\" \/>\n<meta name=\"author\" content=\"bosniak\" \/>\n<meta name=\"twitter:card\" content=\"summary_large_image\" \/>\n<meta name=\"twitter:label1\" content=\"Written by\" \/>\n\t<meta name=\"twitter:data1\" content=\"bosniak\" \/>\n\t<meta name=\"twitter:label2\" content=\"Est. reading time\" \/>\n\t<meta name=\"twitter:data2\" content=\"1 minuta\" \/>\n<script type=\"application\/ld+json\" class=\"yoast-schema-graph\">{\"@context\":\"https:\/\/schema.org\",\"@graph\":[{\"@type\":\"Article\",\"@id\":\"https:\/\/sandzakpress.net\/arhiva\/delegacija-trakija-univerziteta-iz-edirna-kod-muftije\/#article\",\"isPartOf\":{\"@id\":\"https:\/\/sandzakpress.net\/arhiva\/delegacija-trakija-univerziteta-iz-edirna-kod-muftije\/\"},\"author\":{\"name\":\"bosniak\",\"@id\":\"https:\/\/sandzakpress.net\/arhiva\/#\/schema\/person\/c8baee722073534b583ea7bdb2e36c02\"},\"headline\":\"Delegacija Trakija univerziteta iz Edirna kod Muftije\",\"datePublished\":\"2012-09-05T13:54:25+00:00\",\"dateModified\":\"2012-09-06T08:20:55+00:00\",\"mainEntityOfPage\":{\"@id\":\"https:\/\/sandzakpress.net\/arhiva\/delegacija-trakija-univerziteta-iz-edirna-kod-muftije\/\"},\"wordCount\":150,\"commentCount\":1,\"publisher\":{\"@id\":\"https:\/\/sandzakpress.net\/arhiva\/#\/schema\/person\/6e72b67d6e51910a1117b3b483ba20bd\"},\"image\":{\"@id\":\"https:\/\/sandzakpress.net\/arhiva\/delegacija-trakija-univerziteta-iz-edirna-kod-muftije\/#primaryimage\"},\"thumbnailUrl\":\"https:\/\/sandzakpress.net\/arhiva\/wp-content\/uploads\/2012\/09\/DSC_0004.jpg\",\"articleSection\":[\"Novi Pazar\",\"Islamska zajednica\",\"VIJESTI DANA\",\"Turska\"],\"inLanguage\":\"bs-BA\",\"potentialAction\":[{\"@type\":\"CommentAction\",\"name\":\"Comment\",\"target\":[\"https:\/\/sandzakpress.net\/arhiva\/delegacija-trakija-univerziteta-iz-edirna-kod-muftije\/#respond\"]}]},{\"@type\":\"WebPage\",\"@id\":\"https:\/\/sandzakpress.net\/arhiva\/delegacija-trakija-univerziteta-iz-edirna-kod-muftije\/\",\"url\":\"https:\/\/sandzakpress.net\/arhiva\/delegacija-trakija-univerziteta-iz-edirna-kod-muftije\/\",\"name\":\"Delegacija Trakija univerziteta iz Edirna kod Muftije\",\"isPartOf\":{\"@id\":\"https:\/\/sandzakpress.net\/arhiva\/#website\"},\"primaryImageOfPage\":{\"@id\":\"https:\/\/sandzakpress.net\/arhiva\/delegacija-trakija-univerziteta-iz-edirna-kod-muftije\/#primaryimage\"},\"image\":{\"@id\":\"https:\/\/sandzakpress.net\/arhiva\/delegacija-trakija-univerziteta-iz-edirna-kod-muftije\/#primaryimage\"},\"thumbnailUrl\":\"https:\/\/sandzakpress.net\/arhiva\/wp-content\/uploads\/2012\/09\/DSC_0004.jpg\",\"datePublished\":\"2012-09-05T13:54:25+00:00\",\"dateModified\":\"2012-09-06T08:20:55+00:00\",\"breadcrumb\":{\"@id\":\"https:\/\/sandzakpress.net\/arhiva\/delegacija-trakija-univerziteta-iz-edirna-kod-muftije\/#breadcrumb\"},\"inLanguage\":\"bs-BA\",\"potentialAction\":[{\"@type\":\"ReadAction\",\"target\":[\"https:\/\/sandzakpress.net\/arhiva\/delegacija-trakija-univerziteta-iz-edirna-kod-muftije\/\"]}]},{\"@type\":\"ImageObject\",\"inLanguage\":\"bs-BA\",\"@id\":\"https:\/\/sandzakpress.net\/arhiva\/delegacija-trakija-univerziteta-iz-edirna-kod-muftije\/#primaryimage\",\"url\":\"https:\/\/sandzakpress.net\/arhiva\/wp-content\/uploads\/2012\/09\/DSC_0004.jpg\",\"contentUrl\":\"https:\/\/sandzakpress.net\/arhiva\/wp-content\/uploads\/2012\/09\/DSC_0004.jpg\",\"width\":500,\"height\":236},{\"@type\":\"BreadcrumbList\",\"@id\":\"https:\/\/sandzakpress.net\/arhiva\/delegacija-trakija-univerziteta-iz-edirna-kod-muftije\/#breadcrumb\",\"itemListElement\":[{\"@type\":\"ListItem\",\"position\":1,\"name\":\"Home\",\"item\":\"https:\/\/sandzakpress.net\/arhiva\/\"},{\"@type\":\"ListItem\",\"position\":2,\"name\":\"Delegacija Trakija univerziteta iz Edirna kod Muftije\"}]},{\"@type\":\"WebSite\",\"@id\":\"https:\/\/sandzakpress.net\/arhiva\/#website\",\"url\":\"https:\/\/sandzakpress.net\/arhiva\/\",\"name\":\"Sand\u017eak PRESS\",\"description\":\"Prve elektronske novine u Sand\u017eaku\",\"publisher\":{\"@id\":\"https:\/\/sandzakpress.net\/arhiva\/#\/schema\/person\/6e72b67d6e51910a1117b3b483ba20bd\"},\"potentialAction\":[{\"@type\":\"SearchAction\",\"target\":{\"@type\":\"EntryPoint\",\"urlTemplate\":\"https:\/\/sandzakpress.net\/arhiva\/?s={search_term_string}\"},\"query-input\":{\"@type\":\"PropertyValueSpecification\",\"valueRequired\":true,\"valueName\":\"search_term_string\"}}],\"inLanguage\":\"bs-BA\"},{\"@type\":[\"Person\",\"Organization\"],\"@id\":\"https:\/\/sandzakpress.net\/arhiva\/#\/schema\/person\/6e72b67d6e51910a1117b3b483ba20bd\",\"name\":\"Kul\",\"image\":{\"@type\":\"ImageObject\",\"inLanguage\":\"bs-BA\",\"@id\":\"https:\/\/sandzakpress.net\/arhiva\/#\/schema\/person\/image\/\",\"url\":\"https:\/\/secure.gravatar.com\/avatar\/42263f39aa27ac04c43cab85c280eb2e?s=96&d=mm&r=pg\",\"contentUrl\":\"https:\/\/secure.gravatar.com\/avatar\/42263f39aa27ac04c43cab85c280eb2e?s=96&d=mm&r=pg\",\"caption\":\"Kul\"},\"logo\":{\"@id\":\"https:\/\/sandzakpress.net\/arhiva\/#\/schema\/person\/image\/\"}},{\"@type\":\"Person\",\"@id\":\"https:\/\/sandzakpress.net\/arhiva\/#\/schema\/person\/c8baee722073534b583ea7bdb2e36c02\",\"name\":\"bosniak\",\"image\":{\"@type\":\"ImageObject\",\"inLanguage\":\"bs-BA\",\"@id\":\"https:\/\/sandzakpress.net\/arhiva\/#\/schema\/person\/image\/\",\"url\":\"https:\/\/secure.gravatar.com\/avatar\/a04fd330bfe3a36a72a0ad4a6d89fca7?s=96&d=mm&r=pg\",\"contentUrl\":\"https:\/\/secure.gravatar.com\/avatar\/a04fd330bfe3a36a72a0ad4a6d89fca7?s=96&d=mm&r=pg\",\"caption\":\"bosniak\"},\"url\":\"https:\/\/sandzakpress.net\/arhiva\/author\/bosniak\/\"}]}<\/script>\n<!-- \/ Yoast SEO Premium plugin. -->","yoast_head_json":{"title":"Delegacija Trakija univerziteta iz Edirna kod Muftije","robots":{"index":"index","follow":"follow","max-snippet":"max-snippet:-1","max-image-preview":"max-image-preview:large","max-video-preview":"max-video-preview:-1"},"canonical":"https:\/\/sandzakpress.net\/arhiva\/delegacija-trakija-univerziteta-iz-edirna-kod-muftije\/","og_locale":"bs_BA","og_type":"article","og_title":"Delegacija Trakija univerziteta iz Edirna kod Muftije","og_description":"Novi Pazar, Turska &#8211; Glavni muftija Muamer ef. Zukorli\u0107 primio je delegaciju Trakijskog univerziteta iz Edrena na \u010delu sa dekanom Matemati\u010dkog fakulteta prof. dr. D\u017eengisom Daneom. Tom prilikom gosti su upoznali Muftiju o aktivnostima i razvoju Trakijskog univerziteta te planovima unapre\u0111enja saradnje sa Internacionalnim univerzitetom u Novom Pazaru i drugim prosvjetnim ustanovama Islamske zajednice. Muftija [&hellip;]","og_url":"https:\/\/sandzakpress.net\/arhiva\/delegacija-trakija-univerziteta-iz-edirna-kod-muftije\/","og_site_name":"Sand\u017eak PRESS","article_published_time":"2012-09-05T13:54:25+00:00","article_modified_time":"2012-09-06T08:20:55+00:00","og_image":[{"width":500,"height":236,"url":"https:\/\/sandzakpress.net\/arhiva\/wp-content\/uploads\/2012\/09\/DSC_0004.jpg","type":"image\/jpeg"}],"author":"bosniak","twitter_card":"summary_large_image","twitter_misc":{"Written by":"bosniak","Est. reading time":"1 minuta"},"schema":{"@context":"https:\/\/schema.org","@graph":[{"@type":"Article","@id":"https:\/\/sandzakpress.net\/arhiva\/delegacija-trakija-univerziteta-iz-edirna-kod-muftije\/#article","isPartOf":{"@id":"https:\/\/sandzakpress.net\/arhiva\/delegacija-trakija-univerziteta-iz-edirna-kod-muftije\/"},"author":{"name":"bosniak","@id":"https:\/\/sandzakpress.net\/arhiva\/#\/schema\/person\/c8baee722073534b583ea7bdb2e36c02"},"headline":"Delegacija Trakija univerziteta iz Edirna kod Muftije","datePublished":"2012-09-05T13:54:25+00:00","dateModified":"2012-09-06T08:20:55+00:00","mainEntityOfPage":{"@id":"https:\/\/sandzakpress.net\/arhiva\/delegacija-trakija-univerziteta-iz-edirna-kod-muftije\/"},"wordCount":150,"commentCount":1,"publisher":{"@id":"https:\/\/sandzakpress.net\/arhiva\/#\/schema\/person\/6e72b67d6e51910a1117b3b483ba20bd"},"image":{"@id":"https:\/\/sandzakpress.net\/arhiva\/delegacija-trakija-univerziteta-iz-edirna-kod-muftije\/#primaryimage"},"thumbnailUrl":"https:\/\/sandzakpress.net\/arhiva\/wp-content\/uploads\/2012\/09\/DSC_0004.jpg","articleSection":["Novi Pazar","Islamska zajednica","VIJESTI DANA","Turska"],"inLanguage":"bs-BA","potentialAction":[{"@type":"CommentAction","name":"Comment","target":["https:\/\/sandzakpress.net\/arhiva\/delegacija-trakija-univerziteta-iz-edirna-kod-muftije\/#respond"]}]},{"@type":"WebPage","@id":"https:\/\/sandzakpress.net\/arhiva\/delegacija-trakija-univerziteta-iz-edirna-kod-muftije\/","url":"https:\/\/sandzakpress.net\/arhiva\/delegacija-trakija-univerziteta-iz-edirna-kod-muftije\/","name":"Delegacija Trakija univerziteta iz Edirna kod Muftije","isPartOf":{"@id":"https:\/\/sandzakpress.net\/arhiva\/#website"},"primaryImageOfPage":{"@id":"https:\/\/sandzakpress.net\/arhiva\/delegacija-trakija-univerziteta-iz-edirna-kod-muftije\/#primaryimage"},"image":{"@id":"https:\/\/sandzakpress.net\/arhiva\/delegacija-trakija-univerziteta-iz-edirna-kod-muftije\/#primaryimage"},"thumbnailUrl":"https:\/\/sandzakpress.net\/arhiva\/wp-content\/uploads\/2012\/09\/DSC_0004.jpg","datePublished":"2012-09-05T13:54:25+00:00","dateModified":"2012-09-06T08:20:55+00:00","breadcrumb":{"@id":"https:\/\/sandzakpress.net\/arhiva\/delegacija-trakija-univerziteta-iz-edirna-kod-muftije\/#breadcrumb"},"inLanguage":"bs-BA","potentialAction":[{"@type":"ReadAction","target":["https:\/\/sandzakpress.net\/arhiva\/delegacija-trakija-univerziteta-iz-edirna-kod-muftije\/"]}]},{"@type":"ImageObject","inLanguage":"bs-BA","@id":"https:\/\/sandzakpress.net\/arhiva\/delegacija-trakija-univerziteta-iz-edirna-kod-muftije\/#primaryimage","url":"https:\/\/sandzakpress.net\/arhiva\/wp-content\/uploads\/2012\/09\/DSC_0004.jpg","contentUrl":"https:\/\/sandzakpress.net\/arhiva\/wp-content\/uploads\/2012\/09\/DSC_0004.jpg","width":500,"height":236},{"@type":"BreadcrumbList","@id":"https:\/\/sandzakpress.net\/arhiva\/delegacija-trakija-univerziteta-iz-edirna-kod-muftije\/#breadcrumb","itemListElement":[{"@type":"ListItem","position":1,"name":"Home","item":"https:\/\/sandzakpress.net\/arhiva\/"},{"@type":"ListItem","position":2,"name":"Delegacija Trakija univerziteta iz Edirna kod Muftije"}]},{"@type":"WebSite","@id":"https:\/\/sandzakpress.net\/arhiva\/#website","url":"https:\/\/sandzakpress.net\/arhiva\/","name":"Sand\u017eak PRESS","description":"Prve elektronske novine u Sand\u017eaku","publisher":{"@id":"https:\/\/sandzakpress.net\/arhiva\/#\/schema\/person\/6e72b67d6e51910a1117b3b483ba20bd"},"potentialAction":[{"@type":"SearchAction","target":{"@type":"EntryPoint","urlTemplate":"https:\/\/sandzakpress.net\/arhiva\/?s={search_term_string}"},"query-input":{"@type":"PropertyValueSpecification","valueRequired":true,"valueName":"search_term_string"}}],"inLanguage":"bs-BA"},{"@type":["Person","Organization"],"@id":"https:\/\/sandzakpress.net\/arhiva\/#\/schema\/person\/6e72b67d6e51910a1117b3b483ba20bd","name":"Kul","image":{"@type":"ImageObject","inLanguage":"bs-BA","@id":"https:\/\/sandzakpress.net\/arhiva\/#\/schema\/person\/image\/","url":"https:\/\/secure.gravatar.com\/avatar\/42263f39aa27ac04c43cab85c280eb2e?s=96&d=mm&r=pg","contentUrl":"https:\/\/secure.gravatar.com\/avatar\/42263f39aa27ac04c43cab85c280eb2e?s=96&d=mm&r=pg","caption":"Kul"},"logo":{"@id":"https:\/\/sandzakpress.net\/arhiva\/#\/schema\/person\/image\/"}},{"@type":"Person","@id":"https:\/\/sandzakpress.net\/arhiva\/#\/schema\/person\/c8baee722073534b583ea7bdb2e36c02","name":"bosniak","image":{"@type":"ImageObject","inLanguage":"bs-BA","@id":"https:\/\/sandzakpress.net\/arhiva\/#\/schema\/person\/image\/","url":"https:\/\/secure.gravatar.com\/avatar\/a04fd330bfe3a36a72a0ad4a6d89fca7?s=96&d=mm&r=pg","contentUrl":"https:\/\/secure.gravatar.com\/avatar\/a04fd330bfe3a36a72a0ad4a6d89fca7?s=96&d=mm&r=pg","caption":"bosniak"},"url":"https:\/\/sandzakpress.net\/arhiva\/author\/bosniak\/"}]}},"_links":{"self":[{"href":"https:\/\/sandzakpress.net\/arhiva\/wp-json\/wp\/v2\/posts\/49670"}],"collection":[{"href":"https:\/\/sandzakpress.net\/arhiva\/wp-json\/wp\/v2\/posts"}],"about":[{"href":"https:\/\/sandzakpress.net\/arhiva\/wp-json\/wp\/v2\/types\/post"}],"author":[{"embeddable":true,"href":"https:\/\/sandzakpress.net\/arhiva\/wp-json\/wp\/v2\/users\/83"}],"replies":[{"embeddable":true,"href":"https:\/\/sandzakpress.net\/arhiva\/wp-json\/wp\/v2\/comments?post=49670"}],"version-history":[{"count":0,"href":"https:\/\/sandzakpress.net\/arhiva\/wp-json\/wp\/v2\/posts\/49670\/revisions"}],"wp:featuredmedia":[{"embeddable":true,"href":"https:\/\/sandzakpress.net\/arhiva\/wp-json\/wp\/v2\/media\/49671"}],"wp:attachment":[{"href":"https:\/\/sandzakpress.net\/arhiva\/wp-json\/wp\/v2\/media?parent=49670"}],"wp:term":[{"taxonomy":"category","embeddable":true,"href":"https:\/\/sandzakpress.net\/arhiva\/wp-json\/wp\/v2\/categories?post=49670"},{"taxonomy":"post_tag","embeddable":true,"href":"https:\/\/sandzakpress.net\/arhiva\/wp-json\/wp\/v2\/tags?post=49670"}],"curies":[{"name":"wp","href":"https:\/\/api.w.org\/{rel}","templated":true}]}}