{"id":4966,"date":"2010-06-20T10:53:36","date_gmt":"2010-06-20T10:53:36","guid":{"rendered":"https:\/\/sandzakpress.net\/arhiva\/?p=4966"},"modified":"2010-06-20T10:55:40","modified_gmt":"2010-06-20T10:55:40","slug":"osuda-fotomontaze-muftije-u-listu-blic-2","status":"publish","type":"post","link":"https:\/\/sandzakpress.net\/arhiva\/osuda-fotomontaze-muftije-u-listu-blic-2\/","title":{"rendered":"Osuda fotomonta\u017ee muftije u listu Blic"},"content":{"rendered":"<p><strong><a href=\"https:\/\/sandzakpress.net\/arhiva\/wp-content\/uploads\/2010\/06\/blic1.jpg\"><img loading=\"lazy\" decoding=\"async\" class=\"alignleft size-full wp-image-4967\" title=\"blic\" src=\"https:\/\/sandzakpress.net\/arhiva\/wp-content\/uploads\/2010\/06\/blic1.jpg\" alt=\"\" width=\"121\" height=\"83\" \/><\/a>Sjeverni Sand\u017eak &#8211; Povodom objavljivanja fotomonta\u017ene slike  muftije Zukorli\u0107a u dnevnom listu Blic, Me\u0161ihat Islamske zajednice  izdaje saop\u0161tenje:<\/strong><\/p>\n<blockquote><p><strong>Me\u0161ihat Islamske zajednice u Srbiji najo\u0161trije osu\u0111uje  objavljivanje fotomonta\u017ee u dnevnom listu \u201eBlic\u201c od 19.06.2010. god. sa  likom glavnog muftije Muamer ef. Zukorli\u0107a u pravoslavnoj sve\u0161teni\u010dkoj  uniformi sa krstom na glavi, \u010dime je nanijeta uvreda muslimanima i  Islamskoj zajednici.<\/strong><\/p>\n<p><strong>Ovim \u010dinom javnosti se \u0161alje jasna poruka o pokr\u0161tavanju  muslimana, gdje nije po\u0161te\u0111en ni najvi\u0161i vjerski autoritet.<\/strong><\/p>\n<p><strong>Vrije\u0111aju\u0107i najdublja vjerska osje\u0107anja muslimana i ne prezaju\u0107i  od skrnavljenja i samih vjerskih simbola, muslimanima se \u0161alje poruka da  njihove duhovne vrijednosti ne u\u017eivaju za\u0161titu zakona i sistema dr\u017eave.<br \/>\nMe\u0161ihat Islamske zajednice od tu\u017eila\u0161tva tra\u017ei hitno pokretanje postupka  krivi\u010dne odgovornosti glavnog i odgovornog urednika lista \u201eBlic\u201c.  Ukoliko nadle\u017eni dr\u017eavni organi ne poduzmu potrebne mjere krivi\u010dne  odgovornosti, ovo pona\u0161anje \u0107emo smatrati politikom zvani\u010dne vlasti.<\/strong><\/p>\n<p><strong>Od uredni\u0161tva i vlasnika lista \u201eBlic\u201c tra\u017eimo izvinjenje uz  simboli\u010dnu nadoknadu od 100.000.000 \u20ac (stotinu miliona eura), u  protivnom \u0107e se suo\u010diti sa krivi\u010dnom prijavom i parni\u010dnim postupkom pred  nadle\u017enim sudom. U tom slu\u010daju Me\u0161ihat \u0107e pozvati sve gra\u0111ane, a  posebno muslimane, na bojkot distribucije i kupovine lista \u201eBlic\u201c.<\/strong><\/p>\n<p><strong> <\/strong><\/p>\n<div>\n<p><strong><em>Portparol Me\u0161ihata<\/em><\/strong><\/p>\n<\/div>\n<p><strong><em>Samir ef. Tandir <\/em><\/strong><\/p><\/blockquote>\n<p>Povodom ovog saop\u0161tenja glavni i odgovorni urednik dnevnog lista Blic  Veselin Simonovi\u0107 se izvinio danas gra\u0111anima muslimanske  vjeroispovjesti i Islamskoj zajednici u Srbiji zbog objavljivanja  fotomonta\u017ee na kojoj je glavni muftija te zajednice Muamer ef. Zukorli\u0107  prikazan u pravoslavnoj sve\u0161teni\u010dkoj odori i najavio da \u0107e izvinjenje  biti objavljeno u sutra\u0161njem izdanju tog lista.<\/p>\n<p>On je naveo da se fotomonta\u017ea nalazi na stranicama predvi\u0111enim za  humor i da se nada da se i muftija \u0161alio.<\/p>\n<blockquote><p><strong>Dodatak: Izvinjenje Redakcije Blica<\/strong><strong> <\/strong><\/p>\n<p>Uredni\u0161tvo Blica izvinjava se muftiji\u00a0Muameru\u00a0Zukorli\u0107u, Me\u0161ihatu  Islamske zajednice u Srbiji i svim vjernicima muslimanske  vjeroispovijesti zbog neprimjerene fotomonta\u017ee objavljene u ju\u010dera\u0161njem  Blicu na strani \u201eHumor\u201c.<br \/>\nFotomonta\u017ea je nepotrebna i nepromi\u0161ljena i ona ne predstavlja poziv i  poruku \u201eBlica\u201c muslimanima o pokr\u0161tavanju.<br \/>\nUredni\u0161tvo izra\u017eava \u017ealjenje zbog \u010dinjenice da se neko mogao osjetiti  povrije\u0111enim zbog priloga koji je objavljen na stranicama \u201eBlica\u201c. To je  upravo suprotno od onoga za \u0161ta se \u201eBlic\u201c svih ovih godina zalagao, a  to je &#8211; potpuna vjerska sloboda svih gra\u0111ana i tolerancija me\u0111u  pripadnicima razli\u010ditih vjeroispovijesti.<\/p>\n<p><strong>Uredni\u0161tvo \u201eBlica\u201c<\/strong><\/p><\/blockquote>\n<p>Izvor: <strong>SandzakPRESS.net<\/strong><\/p>\n","protected":false},"excerpt":{"rendered":"<p>Sjeverni Sand\u017eak &#8211; Povodom objavljivanja fotomonta\u017ene slike muftije Zukorli\u0107a u dnevnom listu Blic, Me\u0161ihat Islamske zajednice izdaje saop\u0161tenje: Me\u0161ihat Islamske zajednice u Srbiji najo\u0161trije osu\u0111uje objavljivanje fotomonta\u017ee u dnevnom listu \u201eBlic\u201c od 19.06.2010. god. sa likom glavnog muftije Muamer ef. Zukorli\u0107a u pravoslavnoj sve\u0161teni\u010dkoj uniformi sa krstom na glavi, \u010dime je nanijeta uvreda muslimanima i [&hellip;]<\/p>\n","protected":false},"author":83,"featured_media":4967,"comment_status":"open","ping_status":"open","sticky":false,"template":"","format":"standard","meta":{"footnotes":""},"categories":[72,52,1,327,392,393,394],"tags":[],"class_list":{"0":"post-4966","1":"post","2":"type-post","3":"status-publish","4":"format-standard","5":"has-post-thumbnail","7":"category-novi-pazar","8":"category-sjenica","9":"category-politika","10":"category-tutin","11":"category-prijepolje_","12":"category-priboj","13":"category-nova-varos"},"yoast_head":"<!-- This site is optimized with the Yoast SEO Premium plugin v23.1 (Yoast SEO v24.9) - https:\/\/yoast.com\/wordpress\/plugins\/seo\/ -->\n<title>Osuda fotomonta\u017ee muftije u listu Blic<\/title>\n<meta name=\"robots\" content=\"index, follow, max-snippet:-1, max-image-preview:large, max-video-preview:-1\" \/>\n<link rel=\"canonical\" href=\"https:\/\/sandzakpress.net\/arhiva\/osuda-fotomontaze-muftije-u-listu-blic-2\/\" \/>\n<meta property=\"og:locale\" content=\"bs_BA\" \/>\n<meta property=\"og:type\" content=\"article\" \/>\n<meta property=\"og:title\" content=\"Osuda fotomonta\u017ee muftije u listu Blic\" \/>\n<meta property=\"og:description\" content=\"Sjeverni Sand\u017eak &#8211; Povodom objavljivanja fotomonta\u017ene slike muftije Zukorli\u0107a u dnevnom listu Blic, Me\u0161ihat Islamske zajednice izdaje saop\u0161tenje: Me\u0161ihat Islamske zajednice u Srbiji najo\u0161trije osu\u0111uje objavljivanje fotomonta\u017ee u dnevnom listu \u201eBlic\u201c od 19.06.2010. god. sa likom glavnog muftije Muamer ef. Zukorli\u0107a u pravoslavnoj sve\u0161teni\u010dkoj uniformi sa krstom na glavi, \u010dime je nanijeta uvreda muslimanima i [&hellip;]\" \/>\n<meta property=\"og:url\" content=\"https:\/\/sandzakpress.net\/arhiva\/osuda-fotomontaze-muftije-u-listu-blic-2\/\" \/>\n<meta property=\"og:site_name\" content=\"Sand\u017eak PRESS\" \/>\n<meta property=\"article:published_time\" content=\"2010-06-20T10:53:36+00:00\" \/>\n<meta property=\"article:modified_time\" content=\"2010-06-20T10:55:40+00:00\" \/>\n<meta property=\"og:image\" content=\"https:\/\/sandzakpress.net\/arhiva\/wp-content\/uploads\/2010\/06\/blic1.jpg\" \/>\n\t<meta property=\"og:image:width\" content=\"250\" \/>\n\t<meta property=\"og:image:height\" content=\"174\" \/>\n\t<meta property=\"og:image:type\" content=\"image\/jpeg\" \/>\n<meta name=\"author\" content=\"bosniak\" \/>\n<meta name=\"twitter:card\" content=\"summary_large_image\" \/>\n<meta name=\"twitter:label1\" content=\"Written by\" \/>\n\t<meta name=\"twitter:data1\" content=\"bosniak\" \/>\n\t<meta name=\"twitter:label2\" content=\"Est. reading time\" \/>\n\t<meta name=\"twitter:data2\" content=\"2 minute\" \/>\n<script type=\"application\/ld+json\" class=\"yoast-schema-graph\">{\"@context\":\"https:\/\/schema.org\",\"@graph\":[{\"@type\":\"Article\",\"@id\":\"https:\/\/sandzakpress.net\/arhiva\/osuda-fotomontaze-muftije-u-listu-blic-2\/#article\",\"isPartOf\":{\"@id\":\"https:\/\/sandzakpress.net\/arhiva\/osuda-fotomontaze-muftije-u-listu-blic-2\/\"},\"author\":{\"name\":\"bosniak\",\"@id\":\"https:\/\/sandzakpress.net\/arhiva\/#\/schema\/person\/c8baee722073534b583ea7bdb2e36c02\"},\"headline\":\"Osuda fotomonta\u017ee muftije u listu Blic\",\"datePublished\":\"2010-06-20T10:53:36+00:00\",\"dateModified\":\"2010-06-20T10:55:40+00:00\",\"mainEntityOfPage\":{\"@id\":\"https:\/\/sandzakpress.net\/arhiva\/osuda-fotomontaze-muftije-u-listu-blic-2\/\"},\"wordCount\":437,\"commentCount\":33,\"publisher\":{\"@id\":\"https:\/\/sandzakpress.net\/arhiva\/#\/schema\/person\/6e72b67d6e51910a1117b3b483ba20bd\"},\"image\":{\"@id\":\"https:\/\/sandzakpress.net\/arhiva\/osuda-fotomontaze-muftije-u-listu-blic-2\/#primaryimage\"},\"thumbnailUrl\":\"https:\/\/sandzakpress.net\/arhiva\/wp-content\/uploads\/2010\/06\/blic1.jpg\",\"articleSection\":[\"Novi Pazar\",\"Sjenica\",\"Politika\",\"Tutin\",\"Prijepolje\",\"Priboj\",\"Nova Varo\u0161\"],\"inLanguage\":\"bs-BA\",\"potentialAction\":[{\"@type\":\"CommentAction\",\"name\":\"Comment\",\"target\":[\"https:\/\/sandzakpress.net\/arhiva\/osuda-fotomontaze-muftije-u-listu-blic-2\/#respond\"]}]},{\"@type\":\"WebPage\",\"@id\":\"https:\/\/sandzakpress.net\/arhiva\/osuda-fotomontaze-muftije-u-listu-blic-2\/\",\"url\":\"https:\/\/sandzakpress.net\/arhiva\/osuda-fotomontaze-muftije-u-listu-blic-2\/\",\"name\":\"Osuda fotomonta\u017ee muftije u listu Blic\",\"isPartOf\":{\"@id\":\"https:\/\/sandzakpress.net\/arhiva\/#website\"},\"primaryImageOfPage\":{\"@id\":\"https:\/\/sandzakpress.net\/arhiva\/osuda-fotomontaze-muftije-u-listu-blic-2\/#primaryimage\"},\"image\":{\"@id\":\"https:\/\/sandzakpress.net\/arhiva\/osuda-fotomontaze-muftije-u-listu-blic-2\/#primaryimage\"},\"thumbnailUrl\":\"https:\/\/sandzakpress.net\/arhiva\/wp-content\/uploads\/2010\/06\/blic1.jpg\",\"datePublished\":\"2010-06-20T10:53:36+00:00\",\"dateModified\":\"2010-06-20T10:55:40+00:00\",\"breadcrumb\":{\"@id\":\"https:\/\/sandzakpress.net\/arhiva\/osuda-fotomontaze-muftije-u-listu-blic-2\/#breadcrumb\"},\"inLanguage\":\"bs-BA\",\"potentialAction\":[{\"@type\":\"ReadAction\",\"target\":[\"https:\/\/sandzakpress.net\/arhiva\/osuda-fotomontaze-muftije-u-listu-blic-2\/\"]}]},{\"@type\":\"ImageObject\",\"inLanguage\":\"bs-BA\",\"@id\":\"https:\/\/sandzakpress.net\/arhiva\/osuda-fotomontaze-muftije-u-listu-blic-2\/#primaryimage\",\"url\":\"https:\/\/sandzakpress.net\/arhiva\/wp-content\/uploads\/2010\/06\/blic1.jpg\",\"contentUrl\":\"https:\/\/sandzakpress.net\/arhiva\/wp-content\/uploads\/2010\/06\/blic1.jpg\",\"width\":250,\"height\":174},{\"@type\":\"BreadcrumbList\",\"@id\":\"https:\/\/sandzakpress.net\/arhiva\/osuda-fotomontaze-muftije-u-listu-blic-2\/#breadcrumb\",\"itemListElement\":[{\"@type\":\"ListItem\",\"position\":1,\"name\":\"Home\",\"item\":\"https:\/\/sandzakpress.net\/arhiva\/\"},{\"@type\":\"ListItem\",\"position\":2,\"name\":\"Osuda fotomonta\u017ee muftije u listu Blic\"}]},{\"@type\":\"WebSite\",\"@id\":\"https:\/\/sandzakpress.net\/arhiva\/#website\",\"url\":\"https:\/\/sandzakpress.net\/arhiva\/\",\"name\":\"Sand\u017eak PRESS\",\"description\":\"Prve elektronske novine u Sand\u017eaku\",\"publisher\":{\"@id\":\"https:\/\/sandzakpress.net\/arhiva\/#\/schema\/person\/6e72b67d6e51910a1117b3b483ba20bd\"},\"potentialAction\":[{\"@type\":\"SearchAction\",\"target\":{\"@type\":\"EntryPoint\",\"urlTemplate\":\"https:\/\/sandzakpress.net\/arhiva\/?s={search_term_string}\"},\"query-input\":{\"@type\":\"PropertyValueSpecification\",\"valueRequired\":true,\"valueName\":\"search_term_string\"}}],\"inLanguage\":\"bs-BA\"},{\"@type\":[\"Person\",\"Organization\"],\"@id\":\"https:\/\/sandzakpress.net\/arhiva\/#\/schema\/person\/6e72b67d6e51910a1117b3b483ba20bd\",\"name\":\"Kul\",\"image\":{\"@type\":\"ImageObject\",\"inLanguage\":\"bs-BA\",\"@id\":\"https:\/\/sandzakpress.net\/arhiva\/#\/schema\/person\/image\/\",\"url\":\"https:\/\/secure.gravatar.com\/avatar\/42263f39aa27ac04c43cab85c280eb2e?s=96&d=mm&r=pg\",\"contentUrl\":\"https:\/\/secure.gravatar.com\/avatar\/42263f39aa27ac04c43cab85c280eb2e?s=96&d=mm&r=pg\",\"caption\":\"Kul\"},\"logo\":{\"@id\":\"https:\/\/sandzakpress.net\/arhiva\/#\/schema\/person\/image\/\"}},{\"@type\":\"Person\",\"@id\":\"https:\/\/sandzakpress.net\/arhiva\/#\/schema\/person\/c8baee722073534b583ea7bdb2e36c02\",\"name\":\"bosniak\",\"image\":{\"@type\":\"ImageObject\",\"inLanguage\":\"bs-BA\",\"@id\":\"https:\/\/sandzakpress.net\/arhiva\/#\/schema\/person\/image\/\",\"url\":\"https:\/\/secure.gravatar.com\/avatar\/a04fd330bfe3a36a72a0ad4a6d89fca7?s=96&d=mm&r=pg\",\"contentUrl\":\"https:\/\/secure.gravatar.com\/avatar\/a04fd330bfe3a36a72a0ad4a6d89fca7?s=96&d=mm&r=pg\",\"caption\":\"bosniak\"},\"url\":\"https:\/\/sandzakpress.net\/arhiva\/author\/bosniak\/\"}]}<\/script>\n<!-- \/ Yoast SEO Premium plugin. -->","yoast_head_json":{"title":"Osuda fotomonta\u017ee muftije u listu Blic","robots":{"index":"index","follow":"follow","max-snippet":"max-snippet:-1","max-image-preview":"max-image-preview:large","max-video-preview":"max-video-preview:-1"},"canonical":"https:\/\/sandzakpress.net\/arhiva\/osuda-fotomontaze-muftije-u-listu-blic-2\/","og_locale":"bs_BA","og_type":"article","og_title":"Osuda fotomonta\u017ee muftije u listu Blic","og_description":"Sjeverni Sand\u017eak &#8211; Povodom objavljivanja fotomonta\u017ene slike muftije Zukorli\u0107a u dnevnom listu Blic, Me\u0161ihat Islamske zajednice izdaje saop\u0161tenje: Me\u0161ihat Islamske zajednice u Srbiji najo\u0161trije osu\u0111uje objavljivanje fotomonta\u017ee u dnevnom listu \u201eBlic\u201c od 19.06.2010. god. sa likom glavnog muftije Muamer ef. Zukorli\u0107a u pravoslavnoj sve\u0161teni\u010dkoj uniformi sa krstom na glavi, \u010dime je nanijeta uvreda muslimanima i [&hellip;]","og_url":"https:\/\/sandzakpress.net\/arhiva\/osuda-fotomontaze-muftije-u-listu-blic-2\/","og_site_name":"Sand\u017eak PRESS","article_published_time":"2010-06-20T10:53:36+00:00","article_modified_time":"2010-06-20T10:55:40+00:00","og_image":[{"width":250,"height":174,"url":"https:\/\/sandzakpress.net\/arhiva\/wp-content\/uploads\/2010\/06\/blic1.jpg","type":"image\/jpeg"}],"author":"bosniak","twitter_card":"summary_large_image","twitter_misc":{"Written by":"bosniak","Est. reading time":"2 minute"},"schema":{"@context":"https:\/\/schema.org","@graph":[{"@type":"Article","@id":"https:\/\/sandzakpress.net\/arhiva\/osuda-fotomontaze-muftije-u-listu-blic-2\/#article","isPartOf":{"@id":"https:\/\/sandzakpress.net\/arhiva\/osuda-fotomontaze-muftije-u-listu-blic-2\/"},"author":{"name":"bosniak","@id":"https:\/\/sandzakpress.net\/arhiva\/#\/schema\/person\/c8baee722073534b583ea7bdb2e36c02"},"headline":"Osuda fotomonta\u017ee muftije u listu Blic","datePublished":"2010-06-20T10:53:36+00:00","dateModified":"2010-06-20T10:55:40+00:00","mainEntityOfPage":{"@id":"https:\/\/sandzakpress.net\/arhiva\/osuda-fotomontaze-muftije-u-listu-blic-2\/"},"wordCount":437,"commentCount":33,"publisher":{"@id":"https:\/\/sandzakpress.net\/arhiva\/#\/schema\/person\/6e72b67d6e51910a1117b3b483ba20bd"},"image":{"@id":"https:\/\/sandzakpress.net\/arhiva\/osuda-fotomontaze-muftije-u-listu-blic-2\/#primaryimage"},"thumbnailUrl":"https:\/\/sandzakpress.net\/arhiva\/wp-content\/uploads\/2010\/06\/blic1.jpg","articleSection":["Novi Pazar","Sjenica","Politika","Tutin","Prijepolje","Priboj","Nova Varo\u0161"],"inLanguage":"bs-BA","potentialAction":[{"@type":"CommentAction","name":"Comment","target":["https:\/\/sandzakpress.net\/arhiva\/osuda-fotomontaze-muftije-u-listu-blic-2\/#respond"]}]},{"@type":"WebPage","@id":"https:\/\/sandzakpress.net\/arhiva\/osuda-fotomontaze-muftije-u-listu-blic-2\/","url":"https:\/\/sandzakpress.net\/arhiva\/osuda-fotomontaze-muftije-u-listu-blic-2\/","name":"Osuda fotomonta\u017ee muftije u listu Blic","isPartOf":{"@id":"https:\/\/sandzakpress.net\/arhiva\/#website"},"primaryImageOfPage":{"@id":"https:\/\/sandzakpress.net\/arhiva\/osuda-fotomontaze-muftije-u-listu-blic-2\/#primaryimage"},"image":{"@id":"https:\/\/sandzakpress.net\/arhiva\/osuda-fotomontaze-muftije-u-listu-blic-2\/#primaryimage"},"thumbnailUrl":"https:\/\/sandzakpress.net\/arhiva\/wp-content\/uploads\/2010\/06\/blic1.jpg","datePublished":"2010-06-20T10:53:36+00:00","dateModified":"2010-06-20T10:55:40+00:00","breadcrumb":{"@id":"https:\/\/sandzakpress.net\/arhiva\/osuda-fotomontaze-muftije-u-listu-blic-2\/#breadcrumb"},"inLanguage":"bs-BA","potentialAction":[{"@type":"ReadAction","target":["https:\/\/sandzakpress.net\/arhiva\/osuda-fotomontaze-muftije-u-listu-blic-2\/"]}]},{"@type":"ImageObject","inLanguage":"bs-BA","@id":"https:\/\/sandzakpress.net\/arhiva\/osuda-fotomontaze-muftije-u-listu-blic-2\/#primaryimage","url":"https:\/\/sandzakpress.net\/arhiva\/wp-content\/uploads\/2010\/06\/blic1.jpg","contentUrl":"https:\/\/sandzakpress.net\/arhiva\/wp-content\/uploads\/2010\/06\/blic1.jpg","width":250,"height":174},{"@type":"BreadcrumbList","@id":"https:\/\/sandzakpress.net\/arhiva\/osuda-fotomontaze-muftije-u-listu-blic-2\/#breadcrumb","itemListElement":[{"@type":"ListItem","position":1,"name":"Home","item":"https:\/\/sandzakpress.net\/arhiva\/"},{"@type":"ListItem","position":2,"name":"Osuda fotomonta\u017ee muftije u listu Blic"}]},{"@type":"WebSite","@id":"https:\/\/sandzakpress.net\/arhiva\/#website","url":"https:\/\/sandzakpress.net\/arhiva\/","name":"Sand\u017eak PRESS","description":"Prve elektronske novine u Sand\u017eaku","publisher":{"@id":"https:\/\/sandzakpress.net\/arhiva\/#\/schema\/person\/6e72b67d6e51910a1117b3b483ba20bd"},"potentialAction":[{"@type":"SearchAction","target":{"@type":"EntryPoint","urlTemplate":"https:\/\/sandzakpress.net\/arhiva\/?s={search_term_string}"},"query-input":{"@type":"PropertyValueSpecification","valueRequired":true,"valueName":"search_term_string"}}],"inLanguage":"bs-BA"},{"@type":["Person","Organization"],"@id":"https:\/\/sandzakpress.net\/arhiva\/#\/schema\/person\/6e72b67d6e51910a1117b3b483ba20bd","name":"Kul","image":{"@type":"ImageObject","inLanguage":"bs-BA","@id":"https:\/\/sandzakpress.net\/arhiva\/#\/schema\/person\/image\/","url":"https:\/\/secure.gravatar.com\/avatar\/42263f39aa27ac04c43cab85c280eb2e?s=96&d=mm&r=pg","contentUrl":"https:\/\/secure.gravatar.com\/avatar\/42263f39aa27ac04c43cab85c280eb2e?s=96&d=mm&r=pg","caption":"Kul"},"logo":{"@id":"https:\/\/sandzakpress.net\/arhiva\/#\/schema\/person\/image\/"}},{"@type":"Person","@id":"https:\/\/sandzakpress.net\/arhiva\/#\/schema\/person\/c8baee722073534b583ea7bdb2e36c02","name":"bosniak","image":{"@type":"ImageObject","inLanguage":"bs-BA","@id":"https:\/\/sandzakpress.net\/arhiva\/#\/schema\/person\/image\/","url":"https:\/\/secure.gravatar.com\/avatar\/a04fd330bfe3a36a72a0ad4a6d89fca7?s=96&d=mm&r=pg","contentUrl":"https:\/\/secure.gravatar.com\/avatar\/a04fd330bfe3a36a72a0ad4a6d89fca7?s=96&d=mm&r=pg","caption":"bosniak"},"url":"https:\/\/sandzakpress.net\/arhiva\/author\/bosniak\/"}]}},"_links":{"self":[{"href":"https:\/\/sandzakpress.net\/arhiva\/wp-json\/wp\/v2\/posts\/4966"}],"collection":[{"href":"https:\/\/sandzakpress.net\/arhiva\/wp-json\/wp\/v2\/posts"}],"about":[{"href":"https:\/\/sandzakpress.net\/arhiva\/wp-json\/wp\/v2\/types\/post"}],"author":[{"embeddable":true,"href":"https:\/\/sandzakpress.net\/arhiva\/wp-json\/wp\/v2\/users\/83"}],"replies":[{"embeddable":true,"href":"https:\/\/sandzakpress.net\/arhiva\/wp-json\/wp\/v2\/comments?post=4966"}],"version-history":[{"count":0,"href":"https:\/\/sandzakpress.net\/arhiva\/wp-json\/wp\/v2\/posts\/4966\/revisions"}],"wp:featuredmedia":[{"embeddable":true,"href":"https:\/\/sandzakpress.net\/arhiva\/wp-json\/wp\/v2\/media\/4967"}],"wp:attachment":[{"href":"https:\/\/sandzakpress.net\/arhiva\/wp-json\/wp\/v2\/media?parent=4966"}],"wp:term":[{"taxonomy":"category","embeddable":true,"href":"https:\/\/sandzakpress.net\/arhiva\/wp-json\/wp\/v2\/categories?post=4966"},{"taxonomy":"post_tag","embeddable":true,"href":"https:\/\/sandzakpress.net\/arhiva\/wp-json\/wp\/v2\/tags?post=4966"}],"curies":[{"name":"wp","href":"https:\/\/api.w.org\/{rel}","templated":true}]}}