{"id":49533,"date":"2012-09-04T11:26:23","date_gmt":"2012-09-04T09:26:23","guid":{"rendered":"https:\/\/sandzakpress.net\/arhiva\/?p=49533"},"modified":"2012-09-04T11:27:54","modified_gmt":"2012-09-04T09:27:54","slug":"reis-ceric-bosnjacima-je-nakon-genocida-nametnut-dejtonski-ustav","status":"publish","type":"post","link":"https:\/\/sandzakpress.net\/arhiva\/reis-ceric-bosnjacima-je-nakon-genocida-nametnut-dejtonski-ustav\/","title":{"rendered":"Reis Ceri\u0107: Bo\u0161njacima je nakon Genocida nametnut Dejtonski ustav"},"content":{"rendered":"<p><strong><a href=\"https:\/\/sandzakpress.net\/arhiva\/wp-content\/uploads\/2012\/09\/Reis_Ceric_u_Atlanti_131.jpg\"><img loading=\"lazy\" decoding=\"async\" class=\"alignleft size-medium wp-image-49538\" title=\"Reis_Ceric_u_Atlanti_13\" src=\"https:\/\/sandzakpress.net\/arhiva\/wp-content\/uploads\/2012\/09\/Reis_Ceric_u_Atlanti_131-300x188.jpg\" alt=\"\" width=\"300\" height=\"188\" \/><\/a>Amerika &#8211; Susret Reisu-l-uleme sa imamima IABNA-e, predsjednicima d\u017eemata i Bo\u0161njacima Sjeverne Amerike u Zajednici Bo\u0161njaka D\u017eord\u017eije u Atlanti.<\/strong><\/p>\n<p>Nastavljaju\u0107i svoju opro\u0161tajnu a istovremeno i obnoviteljsku posjetu d\u017eematima u Sjevernoj Americi, Reis-ul-ulema dr. Mustafa ef. Ceri\u0107 je, u pratnji Glavnog imama za Sjevernu Ameriku, mr. Sabahudin ef. \u0106emana posjetio Zajednicu Bo\u0161njaka D\u017eord\u017eije. Kako sam re\u010de, jedino od \u010dega se na\u0161 Reisu-l-ulema opra\u0161ta jeste stolica u kojoj je sjedio a opro\u0161taj od nje jeste otvaranje ili bolje re\u0107i inteziviranje \u201epovratka svome narodu\u201c i rada na promociji i za\u0161titi identiteta Bo\u0161njaka.<\/p>\n<p><a href=\"https:\/\/sandzakpress.net\/arhiva\/wp-content\/uploads\/2012\/09\/Sabahudin_Ceman_i_Reis_Ceric_urucivanje_Mensure1.jpg\"><img loading=\"lazy\" decoding=\"async\" class=\"aligncenter size-full wp-image-49535\" title=\"Sabahudin_Ceman_i_Reis_Ceric_urucivanje_Mensure\" src=\"https:\/\/sandzakpress.net\/arhiva\/wp-content\/uploads\/2012\/09\/Sabahudin_Ceman_i_Reis_Ceric_urucivanje_Mensure1.jpg\" alt=\"\" width=\"664\" height=\"479\" \/><\/a><\/p>\n<p>D\u017dUMA U D\u017dORD\u017dIJI: U petak, 31. avgusta 2012. godine Reisu-l-ulema dr. Mustafa ef. Ceri\u0107 je predvodio d\u017euma namaz i hutbu u kojoj se osvrnuo na osnovno izvorno i univerzalno zna\u010denje Islama kao vjere mira koja negira bilo kakav vid prisile. Za razliku od drugih religija Islam po\u010diva na univerzalnom konceptu mira, slobode i svijesti o postojanju Boga \u201ei kada ga ne vidimo\u201c. Govore\u0107i o tim osnovama Reisu-l-ulema se osvrnuo na dvije najva\u017enije dunjalu\u010dke vrijednosti a to su mir i sloboda koje se me\u0111usobno uslovljavaju, prepli\u0107u i nadopunjuju. U svjoj hutbi Reisu-l-ulema je ukazao na zna\u010daj tih kategorija za Bo\u0161njake i potrebu njihovog promi\u0161ljanja i realiziranja u cilju postizanja i zadovoljenja bo\u0161nja\u010dkog interesa kroz demokratski proces pro\u017eimanja i su\u017eivota sa drugim i druga\u010dijim. No u taj proces Bo\u0161njaci trebaju u\u0107i sa jasnom svije\u0161\u0107u o vlastitoj samobitnosti i odgovornosti za svoju sada\u0161njost i budu\u0107nost.<\/p>\n<p>DRU\u017dENJE SA BO\u0160NJACIMA U ATLANTI: Svoje dru\u017eenje sa d\u017eematlijama i Bo\u0161njacima u Atlanti, Reisu-l-ulema Mustafa ef. Ceri\u0107 je nastavio i tokom zajedni\u010dke ve\u010dere koju je za tu priliku obezbjedio biznismen Bekir Musti\u0107. Na po\u010detku ovog dru\u017eenja, u svojoj uvodnoj besjedi, imam Zajednice Bo\u0161njaka D\u017eord\u017eije, had\u017ei Ismet ef. Zejnelovi\u0107 se u ime d\u017eemata i u svoje ime zahvalio Reisu-l-ulemi \u0161to nam je svojom posjetom ukazao \u010dast i zadovoljstvo ali i pru\u017eio priliku da mu se najiskrenije zahvalimo na svemu onome \u0161to je u\u010dinio za Islam, Islamsku zajednicu u BiH i Bo\u0161njake u cjelini, ma gdje oni bili.<\/p>\n<p>GRADIMO IABNU PO MJERI SVIJU NAS: Nakon Ismet efendije prisutnima se obratio Glavni imam mr. Sabahudin ef. \u0106eman koji je u nadahutom govoru izrazio zahvalnost na iskazanom povjerenju koja sa sa sobom nosi i ogovornost koje je on i te kako svjestan. Pozvao je sve prisutne da iskoristimo pozitivnu energiju koja se osjeti u d\u017eematima i da zajedno gradimo IABNA-u koja \u0107e biti po mjeri sviju i gdje \u0107e pravo sviju biti proporcionalno ispunjavanju du\u017enosti. Iz pro\u0161losti treba uzeti pouke i ostaviti je iza sebe a energiju usmjeriti na budu\u0107nost i na\u0161e zajedni\u0161tvo koje je osnovni preduslov za dalji rast i doborobit bo\u0161nja\u010dke zajednice u Sjevernoj Americi. Reisu-l-ulemi dr. Mustafi ef. Ceri\u0107u se u ime svih d\u017eemata zahvalio na posjeti i svemu onome \u0161to je u\u010dinio i \u0161to \u0107e \u010diniti u svojoj borbi za vjeru i identitet Bo\u0161njaka.<\/p>\n<p>REISU-L-ULEMI URU\u010cENA \u201ePLAKETA ZA \u017dIVOTNO DJELO U PROMOCIJI VJERE I IDENTITETA BO\u0160NJAKA\u201c: Kao mali izraz te zahvalnosti, predsjednik Zajednice Bo\u0161njaka D\u017eord\u017eije, Nail \u010cubro je reisu-l-ulemi dr. Mustafi ef. Ceri\u0107u uru\u010dio \u201ePlaketu za \u017eivotno djelo u promociji vjere i identiteta Bo\u0161njaka\u201c. Zahvalom za uru\u010denu Plaketu, Reis je otvorio svoje ve\u010dernje izlaganje i dru\u017eenje sa prognanim Bo\u0161njacima Atlante. Kao izraz svog zadovoljstva uspjesima d\u017eemata u Atlanti, Reisu-l-ulema je Mehi Tepi\u0107u, jednom od osniva\u010da Zajednice i Srebreni\u010daninu uru\u010dio \u201eCvijet Srebrenice\u201c, simbol genocida ali i novog \u017eivota i vje\u010dnog opstojanja Bo\u0161njaka. Iste cvjetove Reis je uru\u010dio i vrijednim aktivistkinjama Udru\u017eenja \u017eene \u201eHedija\u201c, Almedini \u010cubro, Zejni Had\u017ei\u0107 i Jasni Ja\u0161arevi\u0107.<\/p>\n<p>POLITI\u010cKA MISAO BO\u0160NJAK ZAROBLJENA JE U ME\u0110USTRANA\u010cKOM VRTLOGU SUKOBA, KORUPCIJE I PORASTU SIROMA\u0160TVA: Svoje obra\u0107anje prisutnima Reisu-l-ulema je po\u010deo izrazom zadovoljstva zbog onoga \u0161to su Bo\u0161njaci Atlante kao i drugih gradova koje je posjetio ovom prilikom ili ranije, uradili u ovom relativno kratkom periodu svoga prognani\u010dkog \u017eivota na prostoru Sjeverne Amerike. Impozantne d\u017eamije i Centri, stalno pove\u0107anje broja u BiH upu\u0107enih kurbana, zekata i vitara, finansijska pomo\u0107 rodbini i siroma\u0161nima i bolesnima potvrda su bo\u0161nja\u010dke svijesti o pup\u010danoj vrpci koja ih ve\u017ee za BiH i Rijaset IZ u BiH. Prisutnima je prenio i selame iz Bosne i upoznao ih situacijom u domovini, stavljaju\u0107i akcent na pozitivna kretanja i energiju koja se osjeti i koju Bo\u0161njaci moraju preto\u010diti u pobolj\u0161anje vlastitog polo\u017eaja i osloba\u0111anje od oikofobije (strah od vlastite ku\u0107e) koja im je historijski nametnuta i koja kroz povijest nije bila specifikum samo bo\u0161nja\u010dkog naroda ve\u0107 je to proces kroz koji su pro\u0161le i druge evropske nacije. Bo\u0161nja\u010dki narod je pre\u017eivio genocid, nametnut mu je \u201eDaytonski ustav\u201c koji u sebi ima elemente aparthejda i diskriminacije, politi\u010dka misao Bo\u0161njaka zarobljena je u me\u0111ustrana\u010dkom vrtlogu sukoba, korupcije i porastu siroma\u0161tva. Sve to jeste realnost u kojoj se Bo\u0161njaci nalaze ali, sa druge strane, Bo\u0161njaci danas imaju najbolju priliku da slobodno i odlu\u010dno, vlastitim umom, bez direkcija iz Beograda, Be\u010da, Istambula promisle i osmisle vlastite prioritete, naprave plan i krenu u realizaciju istog. Bo\u0161njaci se moraju osloboditi straha od velikih iskoraka jer bez velikh planova nema ni malih koraka. Svakako veliku ulogu u osmi\u0161ljavanju tih planova i strategije treba da ima bo\u0161nja\u010dka dijaspora, posebno ova na prostoru SAD, koja svoju politi\u010dku energiju mora usmjeriti ka Washingtonu i kroz podr\u0161ku ACBH (Savjetodavno vije\u0107e za BiH) promovirati interese BiH i Bo\u0161njaka.<\/p>\n<p>OIKOFOBIJA BO\u0160NJA\u010cKE SEKULARNE INTELEGENCIJE: Govor Reisa dr. Mustafe ef. Ceri\u0107a \u010desto je prekidan aplauzima prisutnih jer su iz njegovih usta \u010duli ono \u0161to ve\u0107 dugo o\u010dekuju da \u010duju od onih koje su glasanjem ili apstinencijom birali. Na\u017ealost po tom pitanju ni\u0161ta glasnija ni aktivnija nije ni bo\u0161nja\u010dka sekularna inteligencija koja nerijetko svoje \u201emjesto pod suncem\u201c gradi i dobija upravo na kritici rada Reisa i Rijaseta IZ, \u010dime svjesno ili nesvjesno produbljuje gore pomenutu oikofobiju. No, bo\u0161nja\u010dki narod nema ni vremena a ni potrebe da tim i takvim ukazuje na njihove zablude ve\u0107 da podr\u017ei i slijedi one svjesne i hrabre koji su spremni da se uhvate u ko\u0161tac sa svim izazovima koji stoje pred Bo\u0161njacima.<\/p>\n<p>STRATE\u0160KI PLAN: Upravo u tome tonu i svijesti o pogodnosti trenutka i nu\u017enosti pravljenja iskoraka Reisu-l-ulema je Bo\u0161njacima Atlante ukratko predstavio osnove strate\u0161kog plana koji je osmislio u saradnji sa drugim aktivistima u dijaspori i koji je slijede\u0107eg dana prezentirao na sastanku sa imamima i predsjednicima d\u017eematskih odbora, koji je odr\u017ean u subotu 1. augusta u Atlanti. Naime, jedan od razloga za ovu opro\u0161tajnu posjetu Reisu-l-uleme jeste obostrano izra\u017eena \u017eelja da jedni drugima ka\u017eu hvala za sve u\u010dinjeno u misiji promocije Islama, Bo\u0161njaka, BiH, Sand\u017eaka&#8230;<\/p>\n<p>(Bo\u0161njaci.net)<\/p>\n","protected":false},"excerpt":{"rendered":"<p>Amerika &#8211; Susret Reisu-l-uleme sa imamima IABNA-e, predsjednicima d\u017eemata i Bo\u0161njacima Sjeverne Amerike u Zajednici Bo\u0161njaka D\u017eord\u017eije u Atlanti. Nastavljaju\u0107i svoju opro\u0161tajnu a istovremeno i obnoviteljsku posjetu d\u017eematima u Sjevernoj Americi, Reis-ul-ulema dr. Mustafa ef. Ceri\u0107 je, u pratnji Glavnog imama za Sjevernu Ameriku, mr. Sabahudin ef. \u0106emana posjetio Zajednicu Bo\u0161njaka D\u017eord\u017eije. Kako sam re\u010de, [&hellip;]<\/p>\n","protected":false},"author":14,"featured_media":49538,"comment_status":"open","ping_status":"open","sticky":false,"template":"","format":"standard","meta":{"footnotes":""},"categories":[800,2860,3012],"tags":[],"class_list":{"0":"post-49533","1":"post","2":"type-post","3":"status-publish","4":"format-standard","5":"has-post-thumbnail","7":"category-nacija","8":"category-bosna-i-hercegovina-gradovi","9":"category-amerika-gradovi"},"yoast_head":"<!-- This site is optimized with the Yoast SEO Premium plugin v23.1 (Yoast SEO v24.9) - https:\/\/yoast.com\/wordpress\/plugins\/seo\/ -->\n<title>Reis Ceri\u0107: Bo\u0161njacima je nakon Genocida nametnut Dejtonski ustav<\/title>\n<meta name=\"robots\" content=\"index, follow, max-snippet:-1, max-image-preview:large, max-video-preview:-1\" \/>\n<link rel=\"canonical\" href=\"https:\/\/sandzakpress.net\/arhiva\/reis-ceric-bosnjacima-je-nakon-genocida-nametnut-dejtonski-ustav\/\" \/>\n<meta property=\"og:locale\" content=\"bs_BA\" \/>\n<meta property=\"og:type\" content=\"article\" \/>\n<meta property=\"og:title\" content=\"Reis Ceri\u0107: Bo\u0161njacima je nakon Genocida nametnut Dejtonski ustav\" \/>\n<meta property=\"og:description\" content=\"Amerika &#8211; Susret Reisu-l-uleme sa imamima IABNA-e, predsjednicima d\u017eemata i Bo\u0161njacima Sjeverne Amerike u Zajednici Bo\u0161njaka D\u017eord\u017eije u Atlanti. Nastavljaju\u0107i svoju opro\u0161tajnu a istovremeno i obnoviteljsku posjetu d\u017eematima u Sjevernoj Americi, Reis-ul-ulema dr. Mustafa ef. Ceri\u0107 je, u pratnji Glavnog imama za Sjevernu Ameriku, mr. Sabahudin ef. \u0106emana posjetio Zajednicu Bo\u0161njaka D\u017eord\u017eije. Kako sam re\u010de, [&hellip;]\" \/>\n<meta property=\"og:url\" content=\"https:\/\/sandzakpress.net\/arhiva\/reis-ceric-bosnjacima-je-nakon-genocida-nametnut-dejtonski-ustav\/\" \/>\n<meta property=\"og:site_name\" content=\"Sand\u017eak PRESS\" \/>\n<meta property=\"article:published_time\" content=\"2012-09-04T09:26:23+00:00\" \/>\n<meta property=\"article:modified_time\" content=\"2012-09-04T09:27:54+00:00\" \/>\n<meta property=\"og:image\" content=\"https:\/\/sandzakpress.net\/arhiva\/wp-content\/uploads\/2012\/09\/Reis_Ceric_u_Atlanti_131.jpg\" \/>\n\t<meta property=\"og:image:width\" content=\"616\" \/>\n\t<meta property=\"og:image:height\" content=\"388\" \/>\n\t<meta property=\"og:image:type\" content=\"image\/jpeg\" \/>\n<meta name=\"twitter:card\" content=\"summary_large_image\" \/>\n<meta name=\"twitter:label1\" content=\"Written by\" \/>\n\t<meta name=\"twitter:data1\" content=\"\" \/>\n\t<meta name=\"twitter:label2\" content=\"Est. reading time\" \/>\n\t<meta name=\"twitter:data2\" content=\"6 minuta\" \/>\n<script type=\"application\/ld+json\" class=\"yoast-schema-graph\">{\"@context\":\"https:\/\/schema.org\",\"@graph\":[{\"@type\":\"Article\",\"@id\":\"https:\/\/sandzakpress.net\/arhiva\/reis-ceric-bosnjacima-je-nakon-genocida-nametnut-dejtonski-ustav\/#article\",\"isPartOf\":{\"@id\":\"https:\/\/sandzakpress.net\/arhiva\/reis-ceric-bosnjacima-je-nakon-genocida-nametnut-dejtonski-ustav\/\"},\"author\":{\"name\":\"\",\"@id\":\"\"},\"headline\":\"Reis Ceri\u0107: Bo\u0161njacima je nakon Genocida nametnut Dejtonski ustav\",\"datePublished\":\"2012-09-04T09:26:23+00:00\",\"dateModified\":\"2012-09-04T09:27:54+00:00\",\"mainEntityOfPage\":{\"@id\":\"https:\/\/sandzakpress.net\/arhiva\/reis-ceric-bosnjacima-je-nakon-genocida-nametnut-dejtonski-ustav\/\"},\"wordCount\":1231,\"commentCount\":0,\"publisher\":{\"@id\":\"https:\/\/sandzakpress.net\/arhiva\/#\/schema\/person\/6e72b67d6e51910a1117b3b483ba20bd\"},\"image\":{\"@id\":\"https:\/\/sandzakpress.net\/arhiva\/reis-ceric-bosnjacima-je-nakon-genocida-nametnut-dejtonski-ustav\/#primaryimage\"},\"thumbnailUrl\":\"https:\/\/sandzakpress.net\/arhiva\/wp-content\/uploads\/2012\/09\/Reis_Ceric_u_Atlanti_131.jpg\",\"articleSection\":[\"Nacija\",\"Bosna i Hercegovina\",\"Amerika\"],\"inLanguage\":\"bs-BA\",\"potentialAction\":[{\"@type\":\"CommentAction\",\"name\":\"Comment\",\"target\":[\"https:\/\/sandzakpress.net\/arhiva\/reis-ceric-bosnjacima-je-nakon-genocida-nametnut-dejtonski-ustav\/#respond\"]}]},{\"@type\":\"WebPage\",\"@id\":\"https:\/\/sandzakpress.net\/arhiva\/reis-ceric-bosnjacima-je-nakon-genocida-nametnut-dejtonski-ustav\/\",\"url\":\"https:\/\/sandzakpress.net\/arhiva\/reis-ceric-bosnjacima-je-nakon-genocida-nametnut-dejtonski-ustav\/\",\"name\":\"Reis Ceri\u0107: Bo\u0161njacima je nakon Genocida nametnut Dejtonski ustav\",\"isPartOf\":{\"@id\":\"https:\/\/sandzakpress.net\/arhiva\/#website\"},\"primaryImageOfPage\":{\"@id\":\"https:\/\/sandzakpress.net\/arhiva\/reis-ceric-bosnjacima-je-nakon-genocida-nametnut-dejtonski-ustav\/#primaryimage\"},\"image\":{\"@id\":\"https:\/\/sandzakpress.net\/arhiva\/reis-ceric-bosnjacima-je-nakon-genocida-nametnut-dejtonski-ustav\/#primaryimage\"},\"thumbnailUrl\":\"https:\/\/sandzakpress.net\/arhiva\/wp-content\/uploads\/2012\/09\/Reis_Ceric_u_Atlanti_131.jpg\",\"datePublished\":\"2012-09-04T09:26:23+00:00\",\"dateModified\":\"2012-09-04T09:27:54+00:00\",\"breadcrumb\":{\"@id\":\"https:\/\/sandzakpress.net\/arhiva\/reis-ceric-bosnjacima-je-nakon-genocida-nametnut-dejtonski-ustav\/#breadcrumb\"},\"inLanguage\":\"bs-BA\",\"potentialAction\":[{\"@type\":\"ReadAction\",\"target\":[\"https:\/\/sandzakpress.net\/arhiva\/reis-ceric-bosnjacima-je-nakon-genocida-nametnut-dejtonski-ustav\/\"]}]},{\"@type\":\"ImageObject\",\"inLanguage\":\"bs-BA\",\"@id\":\"https:\/\/sandzakpress.net\/arhiva\/reis-ceric-bosnjacima-je-nakon-genocida-nametnut-dejtonski-ustav\/#primaryimage\",\"url\":\"https:\/\/sandzakpress.net\/arhiva\/wp-content\/uploads\/2012\/09\/Reis_Ceric_u_Atlanti_131.jpg\",\"contentUrl\":\"https:\/\/sandzakpress.net\/arhiva\/wp-content\/uploads\/2012\/09\/Reis_Ceric_u_Atlanti_131.jpg\",\"width\":616,\"height\":388},{\"@type\":\"BreadcrumbList\",\"@id\":\"https:\/\/sandzakpress.net\/arhiva\/reis-ceric-bosnjacima-je-nakon-genocida-nametnut-dejtonski-ustav\/#breadcrumb\",\"itemListElement\":[{\"@type\":\"ListItem\",\"position\":1,\"name\":\"Home\",\"item\":\"https:\/\/sandzakpress.net\/arhiva\/\"},{\"@type\":\"ListItem\",\"position\":2,\"name\":\"Reis Ceri\u0107: Bo\u0161njacima je nakon Genocida nametnut Dejtonski ustav\"}]},{\"@type\":\"WebSite\",\"@id\":\"https:\/\/sandzakpress.net\/arhiva\/#website\",\"url\":\"https:\/\/sandzakpress.net\/arhiva\/\",\"name\":\"Sand\u017eak PRESS\",\"description\":\"Prve elektronske novine u Sand\u017eaku\",\"publisher\":{\"@id\":\"https:\/\/sandzakpress.net\/arhiva\/#\/schema\/person\/6e72b67d6e51910a1117b3b483ba20bd\"},\"potentialAction\":[{\"@type\":\"SearchAction\",\"target\":{\"@type\":\"EntryPoint\",\"urlTemplate\":\"https:\/\/sandzakpress.net\/arhiva\/?s={search_term_string}\"},\"query-input\":{\"@type\":\"PropertyValueSpecification\",\"valueRequired\":true,\"valueName\":\"search_term_string\"}}],\"inLanguage\":\"bs-BA\"},{\"@type\":[\"Person\",\"Organization\"],\"@id\":\"https:\/\/sandzakpress.net\/arhiva\/#\/schema\/person\/6e72b67d6e51910a1117b3b483ba20bd\",\"name\":\"Kul\",\"image\":{\"@type\":\"ImageObject\",\"inLanguage\":\"bs-BA\",\"@id\":\"https:\/\/sandzakpress.net\/arhiva\/#\/schema\/person\/image\/\",\"url\":\"https:\/\/secure.gravatar.com\/avatar\/42263f39aa27ac04c43cab85c280eb2e?s=96&d=mm&r=pg\",\"contentUrl\":\"https:\/\/secure.gravatar.com\/avatar\/42263f39aa27ac04c43cab85c280eb2e?s=96&d=mm&r=pg\",\"caption\":\"Kul\"},\"logo\":{\"@id\":\"https:\/\/sandzakpress.net\/arhiva\/#\/schema\/person\/image\/\"}},{\"@type\":\"Person\",\"@id\":\"\",\"url\":\"https:\/\/sandzakpress.net\/arhiva\/author\/\"}]}<\/script>\n<!-- \/ Yoast SEO Premium plugin. -->","yoast_head_json":{"title":"Reis Ceri\u0107: Bo\u0161njacima je nakon Genocida nametnut Dejtonski ustav","robots":{"index":"index","follow":"follow","max-snippet":"max-snippet:-1","max-image-preview":"max-image-preview:large","max-video-preview":"max-video-preview:-1"},"canonical":"https:\/\/sandzakpress.net\/arhiva\/reis-ceric-bosnjacima-je-nakon-genocida-nametnut-dejtonski-ustav\/","og_locale":"bs_BA","og_type":"article","og_title":"Reis Ceri\u0107: Bo\u0161njacima je nakon Genocida nametnut Dejtonski ustav","og_description":"Amerika &#8211; Susret Reisu-l-uleme sa imamima IABNA-e, predsjednicima d\u017eemata i Bo\u0161njacima Sjeverne Amerike u Zajednici Bo\u0161njaka D\u017eord\u017eije u Atlanti. Nastavljaju\u0107i svoju opro\u0161tajnu a istovremeno i obnoviteljsku posjetu d\u017eematima u Sjevernoj Americi, Reis-ul-ulema dr. Mustafa ef. Ceri\u0107 je, u pratnji Glavnog imama za Sjevernu Ameriku, mr. Sabahudin ef. \u0106emana posjetio Zajednicu Bo\u0161njaka D\u017eord\u017eije. Kako sam re\u010de, [&hellip;]","og_url":"https:\/\/sandzakpress.net\/arhiva\/reis-ceric-bosnjacima-je-nakon-genocida-nametnut-dejtonski-ustav\/","og_site_name":"Sand\u017eak PRESS","article_published_time":"2012-09-04T09:26:23+00:00","article_modified_time":"2012-09-04T09:27:54+00:00","og_image":[{"width":616,"height":388,"url":"https:\/\/sandzakpress.net\/arhiva\/wp-content\/uploads\/2012\/09\/Reis_Ceric_u_Atlanti_131.jpg","type":"image\/jpeg"}],"twitter_card":"summary_large_image","twitter_misc":{"Written by":"","Est. reading time":"6 minuta"},"schema":{"@context":"https:\/\/schema.org","@graph":[{"@type":"Article","@id":"https:\/\/sandzakpress.net\/arhiva\/reis-ceric-bosnjacima-je-nakon-genocida-nametnut-dejtonski-ustav\/#article","isPartOf":{"@id":"https:\/\/sandzakpress.net\/arhiva\/reis-ceric-bosnjacima-je-nakon-genocida-nametnut-dejtonski-ustav\/"},"author":{"name":"","@id":""},"headline":"Reis Ceri\u0107: Bo\u0161njacima je nakon Genocida nametnut Dejtonski ustav","datePublished":"2012-09-04T09:26:23+00:00","dateModified":"2012-09-04T09:27:54+00:00","mainEntityOfPage":{"@id":"https:\/\/sandzakpress.net\/arhiva\/reis-ceric-bosnjacima-je-nakon-genocida-nametnut-dejtonski-ustav\/"},"wordCount":1231,"commentCount":0,"publisher":{"@id":"https:\/\/sandzakpress.net\/arhiva\/#\/schema\/person\/6e72b67d6e51910a1117b3b483ba20bd"},"image":{"@id":"https:\/\/sandzakpress.net\/arhiva\/reis-ceric-bosnjacima-je-nakon-genocida-nametnut-dejtonski-ustav\/#primaryimage"},"thumbnailUrl":"https:\/\/sandzakpress.net\/arhiva\/wp-content\/uploads\/2012\/09\/Reis_Ceric_u_Atlanti_131.jpg","articleSection":["Nacija","Bosna i Hercegovina","Amerika"],"inLanguage":"bs-BA","potentialAction":[{"@type":"CommentAction","name":"Comment","target":["https:\/\/sandzakpress.net\/arhiva\/reis-ceric-bosnjacima-je-nakon-genocida-nametnut-dejtonski-ustav\/#respond"]}]},{"@type":"WebPage","@id":"https:\/\/sandzakpress.net\/arhiva\/reis-ceric-bosnjacima-je-nakon-genocida-nametnut-dejtonski-ustav\/","url":"https:\/\/sandzakpress.net\/arhiva\/reis-ceric-bosnjacima-je-nakon-genocida-nametnut-dejtonski-ustav\/","name":"Reis Ceri\u0107: Bo\u0161njacima je nakon Genocida nametnut Dejtonski ustav","isPartOf":{"@id":"https:\/\/sandzakpress.net\/arhiva\/#website"},"primaryImageOfPage":{"@id":"https:\/\/sandzakpress.net\/arhiva\/reis-ceric-bosnjacima-je-nakon-genocida-nametnut-dejtonski-ustav\/#primaryimage"},"image":{"@id":"https:\/\/sandzakpress.net\/arhiva\/reis-ceric-bosnjacima-je-nakon-genocida-nametnut-dejtonski-ustav\/#primaryimage"},"thumbnailUrl":"https:\/\/sandzakpress.net\/arhiva\/wp-content\/uploads\/2012\/09\/Reis_Ceric_u_Atlanti_131.jpg","datePublished":"2012-09-04T09:26:23+00:00","dateModified":"2012-09-04T09:27:54+00:00","breadcrumb":{"@id":"https:\/\/sandzakpress.net\/arhiva\/reis-ceric-bosnjacima-je-nakon-genocida-nametnut-dejtonski-ustav\/#breadcrumb"},"inLanguage":"bs-BA","potentialAction":[{"@type":"ReadAction","target":["https:\/\/sandzakpress.net\/arhiva\/reis-ceric-bosnjacima-je-nakon-genocida-nametnut-dejtonski-ustav\/"]}]},{"@type":"ImageObject","inLanguage":"bs-BA","@id":"https:\/\/sandzakpress.net\/arhiva\/reis-ceric-bosnjacima-je-nakon-genocida-nametnut-dejtonski-ustav\/#primaryimage","url":"https:\/\/sandzakpress.net\/arhiva\/wp-content\/uploads\/2012\/09\/Reis_Ceric_u_Atlanti_131.jpg","contentUrl":"https:\/\/sandzakpress.net\/arhiva\/wp-content\/uploads\/2012\/09\/Reis_Ceric_u_Atlanti_131.jpg","width":616,"height":388},{"@type":"BreadcrumbList","@id":"https:\/\/sandzakpress.net\/arhiva\/reis-ceric-bosnjacima-je-nakon-genocida-nametnut-dejtonski-ustav\/#breadcrumb","itemListElement":[{"@type":"ListItem","position":1,"name":"Home","item":"https:\/\/sandzakpress.net\/arhiva\/"},{"@type":"ListItem","position":2,"name":"Reis Ceri\u0107: Bo\u0161njacima je nakon Genocida nametnut Dejtonski ustav"}]},{"@type":"WebSite","@id":"https:\/\/sandzakpress.net\/arhiva\/#website","url":"https:\/\/sandzakpress.net\/arhiva\/","name":"Sand\u017eak PRESS","description":"Prve elektronske novine u Sand\u017eaku","publisher":{"@id":"https:\/\/sandzakpress.net\/arhiva\/#\/schema\/person\/6e72b67d6e51910a1117b3b483ba20bd"},"potentialAction":[{"@type":"SearchAction","target":{"@type":"EntryPoint","urlTemplate":"https:\/\/sandzakpress.net\/arhiva\/?s={search_term_string}"},"query-input":{"@type":"PropertyValueSpecification","valueRequired":true,"valueName":"search_term_string"}}],"inLanguage":"bs-BA"},{"@type":["Person","Organization"],"@id":"https:\/\/sandzakpress.net\/arhiva\/#\/schema\/person\/6e72b67d6e51910a1117b3b483ba20bd","name":"Kul","image":{"@type":"ImageObject","inLanguage":"bs-BA","@id":"https:\/\/sandzakpress.net\/arhiva\/#\/schema\/person\/image\/","url":"https:\/\/secure.gravatar.com\/avatar\/42263f39aa27ac04c43cab85c280eb2e?s=96&d=mm&r=pg","contentUrl":"https:\/\/secure.gravatar.com\/avatar\/42263f39aa27ac04c43cab85c280eb2e?s=96&d=mm&r=pg","caption":"Kul"},"logo":{"@id":"https:\/\/sandzakpress.net\/arhiva\/#\/schema\/person\/image\/"}},{"@type":"Person","@id":"","url":"https:\/\/sandzakpress.net\/arhiva\/author\/"}]}},"_links":{"self":[{"href":"https:\/\/sandzakpress.net\/arhiva\/wp-json\/wp\/v2\/posts\/49533"}],"collection":[{"href":"https:\/\/sandzakpress.net\/arhiva\/wp-json\/wp\/v2\/posts"}],"about":[{"href":"https:\/\/sandzakpress.net\/arhiva\/wp-json\/wp\/v2\/types\/post"}],"author":[{"embeddable":true,"href":"https:\/\/sandzakpress.net\/arhiva\/wp-json\/wp\/v2\/users\/14"}],"replies":[{"embeddable":true,"href":"https:\/\/sandzakpress.net\/arhiva\/wp-json\/wp\/v2\/comments?post=49533"}],"version-history":[{"count":0,"href":"https:\/\/sandzakpress.net\/arhiva\/wp-json\/wp\/v2\/posts\/49533\/revisions"}],"wp:featuredmedia":[{"embeddable":true,"href":"https:\/\/sandzakpress.net\/arhiva\/wp-json\/wp\/v2\/media\/49538"}],"wp:attachment":[{"href":"https:\/\/sandzakpress.net\/arhiva\/wp-json\/wp\/v2\/media?parent=49533"}],"wp:term":[{"taxonomy":"category","embeddable":true,"href":"https:\/\/sandzakpress.net\/arhiva\/wp-json\/wp\/v2\/categories?post=49533"},{"taxonomy":"post_tag","embeddable":true,"href":"https:\/\/sandzakpress.net\/arhiva\/wp-json\/wp\/v2\/tags?post=49533"}],"curies":[{"name":"wp","href":"https:\/\/api.w.org\/{rel}","templated":true}]}}