{"id":49511,"date":"2012-09-03T18:40:38","date_gmt":"2012-09-03T16:40:38","guid":{"rendered":"https:\/\/sandzakpress.net\/arhiva\/?p=49511"},"modified":"2012-09-03T18:40:38","modified_gmt":"2012-09-03T16:40:38","slug":"plavsko-jezero-%e2%80%9cjedu%e2%80%9c-pijesak-i-sas","status":"publish","type":"post","link":"https:\/\/sandzakpress.net\/arhiva\/plavsko-jezero-%e2%80%9cjedu%e2%80%9c-pijesak-i-sas\/","title":{"rendered":"Plavsko Jezero \u201cjedu\u201c pijesak i \u0161a\u0161!"},"content":{"rendered":"<p><strong><a href=\"https:\/\/sandzakpress.net\/arhiva\/wp-content\/uploads\/2012\/09\/plavsko-jezero.jpg\"><img loading=\"lazy\" decoding=\"async\" class=\"alignleft size-medium wp-image-49512\" title=\"plavsko-jezero\" src=\"https:\/\/sandzakpress.net\/arhiva\/wp-content\/uploads\/2012\/09\/plavsko-jezero-300x173.jpg\" alt=\"\" width=\"300\" height=\"173\" \/><\/a>Plav &#8211; Prelijepo ledni\u010dko jezero, koje se \u201eugnijezdilo\u201c izme\u0111u Prokletija i Visitora, i u najbolja vremena turizma u ovom kraju, prije pet decenija, na svoje obale privla\u010dilo vi\u0161e turista nego Budva, nestaje. I to sigurno, ali na\u017ealost, ne i polako.<\/strong><\/p>\n<p>&#8211; Nestaje, ubrzano. Allah ili Bog nam ga je darivao, ra\u010dunaju\u0107i da \u0107emo biti svjesni vrijednosti tog bisera, ali nam ga sada oduzima &#8211; ka\u017ee akademski slikar, prosvetni radnik i politi\u010dar Ibrahim Rekovi\u0107, vrijedni hroni\u010dar Plava, koji javnosti upu\u0107uje jo\u0161 jedan vapaj za za\u0161titu jezera.<\/p>\n<p>Kao argument da jezero nestaje, jer ga prekrivaju i \u201ejedu\u201c pijesak i \u0161a\u0161, Rekovi\u0107 pokazuje fotografije snimljene prije 15 godina i ovih dana.<\/p>\n<p>&#8211; Voda je sve pli\u0107a i mutnija. Trava, \u0161evar, trska, lokvanji i drugo barsko bilje napreduju velikom brzinom. Znam da su moje mogu\u0107nosti da odbranim jezero od nestajanja neznatne i svedene samo na ovih nekoliko rije\u010di. Svjestan sam da to mogu da uradi samo nadle\u017eni dr\u017eavni organi, ministarstva, Zavod za za\u0161titu prirode, ali oni su gluvi i slijepi na apele i zahtjeve, koji dolaze iz na\u0161e op\u0161tine da se zaustavi dalje nestajanje jezera dok je to jo\u0161 mogu\u0107e &#8211; ka\u017ee Rekovi\u0107.<\/p>\n<p>On podsje\u0107a na zaklju\u010dke nau\u010dnog skupa o za\u0161titi i unapre\u0111enju plavskog dijela Prokletija odr\u017eanog krajem juna daleke 1985. u Plavu.<\/p>\n<p>Tada je konstatovano da Plavsko jezero predstavlja izuzetnu prirodnu i turisti\u010dku vrijednost i mora imati poseban re\u017eim za\u0161tite. U tom smislu neophodno je preduzeti mjere sanacije erozivnih procesa u slivu, spre\u010davanje nekontrolisanog razvoja hidrofilne vegetacije, neravnomerno oticanje voda Limom, kao i mjere odstranjivanja svih vidova antropogenog ugro\u017eavanja jezera i njegovog sliva. Jezero mora biti predmet sistemskih istra\u017eivanja.<\/p>\n<p>&#8211; Eto, tako je govoreno prije gotovo tri decenije uz apel da se za\u0161titi Plavsko jezero, po povr\u0161ini na drugom mjestu me\u0111u ledni\u010dkim jezerima u biv\u0161oj Jugoslaviji, ugro\u017eeno zasipanjem erozivnim materijalom koji u jezero donosi pritoka Lju\u010da. Plavsko jezero ugro\u017eava hidrofilna vegetacija koja je zahvatila ne samo priobalne ve\u0107 i centralne dijelove jezera, smanjuju\u0107i mu dubinu, zapreminu i \u010disto\u0107u vode &#8211; obja\u0161njava Rekovi\u0107.<\/p>\n<p>Sloj mulja na dnu jezera dosti\u017ee debljinu od nekoliko metara i osnova je razvitka hidrofilne vegetacije. To se negativno odra\u017eava na riblju populaciju, koja je posebno ugro\u017eena zaga\u0111ivanjem vode Lima nizvodno do Ivangrada, kao i nepostojanjem riblje staze na brani za hidroelektranu \u201ePotpe\u0107\u201c na Limu, \u010dime je sprije\u010deno prirodno kretanje ribe iz Drine i Lima ka Plavskom jezeru.<\/p>\n<p><strong>Nije bilo para<\/strong><\/p>\n<p>&#8211; Poku\u0161ali smo na mnoge na\u010dine da za\u0161titimo jezero, ali nije i\u0161lo. Zbog neima\u0161tine smo odustali od studije za\u0161tite naru\u010dene kod Instituta \u201eJaroslav \u010cerni\u201c u Beogradu. Kandidovali smo projekat za\u0161tite kod EU, ali nije pro\u0161ao &#8211; ka\u017ee doskora\u0161nji predsjednik Op\u0161tine Plav Skender \u0160arkinovi\u0107, koga i kao gra\u0111anina Plava i dugogodi\u0161njeg turisti\u010dkog radnika na poseban na\u010din \u201eboli\u201c odumiranje jezera.<\/p>\n<p><strong>Ogledalo <\/strong><\/p>\n<p>U vodama jezera na nadmorskoj visini od 906 metara, \u201eogleda\u201c se planina Visitor. Jezero se pru\u017ea pravcem sjever-jug u du\u017eini od 2.160 metara. Prosje\u010dno je \u0161iroko oko 920 metara. Najve\u0107a dubina je preko deset metara. U njega se uliva reka Lju\u010da koju \u010dine Grn\u010dar i Vrulja.<\/p>\n<p>&#8211; Za potrebe turista i jo\u0161 vi\u0161e lokalnog stanovni\u0161tva, potrebno je ulo\u017eiti sve mogu\u0107e snage za za\u0161titu i unapre\u0111enje Plavskog jezera, kao jedinstvenog ekosistema. Neefikasnim merama op\u0161tinskih i dr\u017eavnih inspekcijskih organa, koji nisu radili svoj posao, dopu\u0161teno je da se jezero pretvori u deponiju sme\u0107a i veliku septi\u010dku jamu u koju se ulivaju fekalije iz Gusinja i iz privatnih stambenih i ekonomskih objekata, koji su pravljeni uz samu obalu i bez potrebne dokumentacije &#8211; ka\u017ee na\u0161 sagovornik.<\/p>\n<p>Da se to na vrijeme sprije\u010dilo, a moglo je, sada bismo imali \u010distu vodu i makar malo dublje jezero.<\/p>\n<p>&#8211; Slobodno tvrdim da se tako ne\u0161to ne bi moglo desiti sa Crnim, Biogradskim ili nekim drugim jezerima van op\u0161tine Plav. Dru\u0161tvo bi na sva zvona diglo uzbunu. Te trube su utihnule u ovom slu\u010daju, \u010dime se potvr\u0111uje ma\u0107ehinski odnos dr\u017eave prema svemu \u0161to je vezano za Plav i bolji \u017eivot gra\u0111ana u njemu &#8211; ka\u017ee Rekovi\u0107.<\/p>\n<p>(Novosti)<\/p>\n","protected":false},"excerpt":{"rendered":"<p>Plav &#8211; Prelijepo ledni\u010dko jezero, koje se \u201eugnijezdilo\u201c izme\u0111u Prokletija i Visitora, i u najbolja vremena turizma u ovom kraju, prije pet decenija, na svoje obale privla\u010dilo vi\u0161e turista nego Budva, nestaje. I to sigurno, ali na\u017ealost, ne i polako. &#8211; Nestaje, ubrzano. Allah ili Bog nam ga je darivao, ra\u010dunaju\u0107i da \u0107emo biti svjesni [&hellip;]<\/p>\n","protected":false},"author":14,"featured_media":49512,"comment_status":"open","ping_status":"open","sticky":false,"template":"","format":"standard","meta":{"footnotes":""},"categories":[3,399],"tags":[],"class_list":{"0":"post-49511","1":"post","2":"type-post","3":"status-publish","4":"format-standard","5":"has-post-thumbnail","7":"category-privreda","8":"category-plav_"},"yoast_head":"<!-- This site is optimized with the Yoast SEO Premium plugin v23.1 (Yoast SEO v24.9) - https:\/\/yoast.com\/wordpress\/plugins\/seo\/ -->\n<title>Plavsko Jezero \u201cjedu\u201c pijesak i \u0161a\u0161!<\/title>\n<meta name=\"robots\" content=\"index, follow, max-snippet:-1, max-image-preview:large, max-video-preview:-1\" \/>\n<link rel=\"canonical\" href=\"https:\/\/sandzakpress.net\/arhiva\/plavsko-jezero-\u201cjedu\u201c-pijesak-i-sas\/\" \/>\n<meta property=\"og:locale\" content=\"bs_BA\" \/>\n<meta property=\"og:type\" content=\"article\" \/>\n<meta property=\"og:title\" content=\"Plavsko Jezero \u201cjedu\u201c pijesak i \u0161a\u0161!\" \/>\n<meta property=\"og:description\" content=\"Plav &#8211; Prelijepo ledni\u010dko jezero, koje se \u201eugnijezdilo\u201c izme\u0111u Prokletija i Visitora, i u najbolja vremena turizma u ovom kraju, prije pet decenija, na svoje obale privla\u010dilo vi\u0161e turista nego Budva, nestaje. I to sigurno, ali na\u017ealost, ne i polako. &#8211; Nestaje, ubrzano. Allah ili Bog nam ga je darivao, ra\u010dunaju\u0107i da \u0107emo biti svjesni [&hellip;]\" \/>\n<meta property=\"og:url\" content=\"https:\/\/sandzakpress.net\/arhiva\/plavsko-jezero-\u201cjedu\u201c-pijesak-i-sas\/\" \/>\n<meta property=\"og:site_name\" content=\"Sand\u017eak PRESS\" \/>\n<meta property=\"article:published_time\" content=\"2012-09-03T16:40:38+00:00\" \/>\n<meta property=\"og:image\" content=\"https:\/\/sandzakpress.net\/arhiva\/wp-content\/uploads\/2012\/09\/plavsko-jezero.jpg\" \/>\n\t<meta property=\"og:image:width\" content=\"616\" \/>\n\t<meta property=\"og:image:height\" content=\"356\" \/>\n\t<meta property=\"og:image:type\" content=\"image\/jpeg\" \/>\n<meta name=\"twitter:card\" content=\"summary_large_image\" \/>\n<meta name=\"twitter:label1\" content=\"Written by\" \/>\n\t<meta name=\"twitter:data1\" content=\"\" \/>\n\t<meta name=\"twitter:label2\" content=\"Est. reading time\" \/>\n\t<meta name=\"twitter:data2\" content=\"4 minute\" \/>\n<script type=\"application\/ld+json\" class=\"yoast-schema-graph\">{\"@context\":\"https:\/\/schema.org\",\"@graph\":[{\"@type\":\"Article\",\"@id\":\"https:\/\/sandzakpress.net\/arhiva\/plavsko-jezero-%e2%80%9cjedu%e2%80%9c-pijesak-i-sas\/#article\",\"isPartOf\":{\"@id\":\"https:\/\/sandzakpress.net\/arhiva\/plavsko-jezero-%e2%80%9cjedu%e2%80%9c-pijesak-i-sas\/\"},\"author\":{\"name\":\"\",\"@id\":\"\"},\"headline\":\"Plavsko Jezero \u201cjedu\u201c pijesak i \u0161a\u0161!\",\"datePublished\":\"2012-09-03T16:40:38+00:00\",\"mainEntityOfPage\":{\"@id\":\"https:\/\/sandzakpress.net\/arhiva\/plavsko-jezero-%e2%80%9cjedu%e2%80%9c-pijesak-i-sas\/\"},\"wordCount\":744,\"commentCount\":1,\"publisher\":{\"@id\":\"https:\/\/sandzakpress.net\/arhiva\/#\/schema\/person\/6e72b67d6e51910a1117b3b483ba20bd\"},\"image\":{\"@id\":\"https:\/\/sandzakpress.net\/arhiva\/plavsko-jezero-%e2%80%9cjedu%e2%80%9c-pijesak-i-sas\/#primaryimage\"},\"thumbnailUrl\":\"https:\/\/sandzakpress.net\/arhiva\/wp-content\/uploads\/2012\/09\/plavsko-jezero.jpg\",\"articleSection\":[\"Privreda\",\"Plav\"],\"inLanguage\":\"bs-BA\",\"potentialAction\":[{\"@type\":\"CommentAction\",\"name\":\"Comment\",\"target\":[\"https:\/\/sandzakpress.net\/arhiva\/plavsko-jezero-%e2%80%9cjedu%e2%80%9c-pijesak-i-sas\/#respond\"]}]},{\"@type\":\"WebPage\",\"@id\":\"https:\/\/sandzakpress.net\/arhiva\/plavsko-jezero-%e2%80%9cjedu%e2%80%9c-pijesak-i-sas\/\",\"url\":\"https:\/\/sandzakpress.net\/arhiva\/plavsko-jezero-%e2%80%9cjedu%e2%80%9c-pijesak-i-sas\/\",\"name\":\"Plavsko Jezero \u201cjedu\u201c pijesak i \u0161a\u0161!\",\"isPartOf\":{\"@id\":\"https:\/\/sandzakpress.net\/arhiva\/#website\"},\"primaryImageOfPage\":{\"@id\":\"https:\/\/sandzakpress.net\/arhiva\/plavsko-jezero-%e2%80%9cjedu%e2%80%9c-pijesak-i-sas\/#primaryimage\"},\"image\":{\"@id\":\"https:\/\/sandzakpress.net\/arhiva\/plavsko-jezero-%e2%80%9cjedu%e2%80%9c-pijesak-i-sas\/#primaryimage\"},\"thumbnailUrl\":\"https:\/\/sandzakpress.net\/arhiva\/wp-content\/uploads\/2012\/09\/plavsko-jezero.jpg\",\"datePublished\":\"2012-09-03T16:40:38+00:00\",\"breadcrumb\":{\"@id\":\"https:\/\/sandzakpress.net\/arhiva\/plavsko-jezero-%e2%80%9cjedu%e2%80%9c-pijesak-i-sas\/#breadcrumb\"},\"inLanguage\":\"bs-BA\",\"potentialAction\":[{\"@type\":\"ReadAction\",\"target\":[\"https:\/\/sandzakpress.net\/arhiva\/plavsko-jezero-%e2%80%9cjedu%e2%80%9c-pijesak-i-sas\/\"]}]},{\"@type\":\"ImageObject\",\"inLanguage\":\"bs-BA\",\"@id\":\"https:\/\/sandzakpress.net\/arhiva\/plavsko-jezero-%e2%80%9cjedu%e2%80%9c-pijesak-i-sas\/#primaryimage\",\"url\":\"https:\/\/sandzakpress.net\/arhiva\/wp-content\/uploads\/2012\/09\/plavsko-jezero.jpg\",\"contentUrl\":\"https:\/\/sandzakpress.net\/arhiva\/wp-content\/uploads\/2012\/09\/plavsko-jezero.jpg\",\"width\":616,\"height\":356},{\"@type\":\"BreadcrumbList\",\"@id\":\"https:\/\/sandzakpress.net\/arhiva\/plavsko-jezero-%e2%80%9cjedu%e2%80%9c-pijesak-i-sas\/#breadcrumb\",\"itemListElement\":[{\"@type\":\"ListItem\",\"position\":1,\"name\":\"Home\",\"item\":\"https:\/\/sandzakpress.net\/arhiva\/\"},{\"@type\":\"ListItem\",\"position\":2,\"name\":\"Plavsko Jezero \u201cjedu\u201c pijesak i \u0161a\u0161!\"}]},{\"@type\":\"WebSite\",\"@id\":\"https:\/\/sandzakpress.net\/arhiva\/#website\",\"url\":\"https:\/\/sandzakpress.net\/arhiva\/\",\"name\":\"Sand\u017eak PRESS\",\"description\":\"Prve elektronske novine u Sand\u017eaku\",\"publisher\":{\"@id\":\"https:\/\/sandzakpress.net\/arhiva\/#\/schema\/person\/6e72b67d6e51910a1117b3b483ba20bd\"},\"potentialAction\":[{\"@type\":\"SearchAction\",\"target\":{\"@type\":\"EntryPoint\",\"urlTemplate\":\"https:\/\/sandzakpress.net\/arhiva\/?s={search_term_string}\"},\"query-input\":{\"@type\":\"PropertyValueSpecification\",\"valueRequired\":true,\"valueName\":\"search_term_string\"}}],\"inLanguage\":\"bs-BA\"},{\"@type\":[\"Person\",\"Organization\"],\"@id\":\"https:\/\/sandzakpress.net\/arhiva\/#\/schema\/person\/6e72b67d6e51910a1117b3b483ba20bd\",\"name\":\"Kul\",\"image\":{\"@type\":\"ImageObject\",\"inLanguage\":\"bs-BA\",\"@id\":\"https:\/\/sandzakpress.net\/arhiva\/#\/schema\/person\/image\/\",\"url\":\"https:\/\/secure.gravatar.com\/avatar\/42263f39aa27ac04c43cab85c280eb2e?s=96&d=mm&r=pg\",\"contentUrl\":\"https:\/\/secure.gravatar.com\/avatar\/42263f39aa27ac04c43cab85c280eb2e?s=96&d=mm&r=pg\",\"caption\":\"Kul\"},\"logo\":{\"@id\":\"https:\/\/sandzakpress.net\/arhiva\/#\/schema\/person\/image\/\"}},{\"@type\":\"Person\",\"@id\":\"\",\"url\":\"https:\/\/sandzakpress.net\/arhiva\/author\/\"}]}<\/script>\n<!-- \/ Yoast SEO Premium plugin. -->","yoast_head_json":{"title":"Plavsko Jezero \u201cjedu\u201c pijesak i \u0161a\u0161!","robots":{"index":"index","follow":"follow","max-snippet":"max-snippet:-1","max-image-preview":"max-image-preview:large","max-video-preview":"max-video-preview:-1"},"canonical":"https:\/\/sandzakpress.net\/arhiva\/plavsko-jezero-\u201cjedu\u201c-pijesak-i-sas\/","og_locale":"bs_BA","og_type":"article","og_title":"Plavsko Jezero \u201cjedu\u201c pijesak i \u0161a\u0161!","og_description":"Plav &#8211; Prelijepo ledni\u010dko jezero, koje se \u201eugnijezdilo\u201c izme\u0111u Prokletija i Visitora, i u najbolja vremena turizma u ovom kraju, prije pet decenija, na svoje obale privla\u010dilo vi\u0161e turista nego Budva, nestaje. I to sigurno, ali na\u017ealost, ne i polako. &#8211; Nestaje, ubrzano. Allah ili Bog nam ga je darivao, ra\u010dunaju\u0107i da \u0107emo biti svjesni [&hellip;]","og_url":"https:\/\/sandzakpress.net\/arhiva\/plavsko-jezero-\u201cjedu\u201c-pijesak-i-sas\/","og_site_name":"Sand\u017eak PRESS","article_published_time":"2012-09-03T16:40:38+00:00","og_image":[{"width":616,"height":356,"url":"https:\/\/sandzakpress.net\/arhiva\/wp-content\/uploads\/2012\/09\/plavsko-jezero.jpg","type":"image\/jpeg"}],"twitter_card":"summary_large_image","twitter_misc":{"Written by":"","Est. reading time":"4 minute"},"schema":{"@context":"https:\/\/schema.org","@graph":[{"@type":"Article","@id":"https:\/\/sandzakpress.net\/arhiva\/plavsko-jezero-%e2%80%9cjedu%e2%80%9c-pijesak-i-sas\/#article","isPartOf":{"@id":"https:\/\/sandzakpress.net\/arhiva\/plavsko-jezero-%e2%80%9cjedu%e2%80%9c-pijesak-i-sas\/"},"author":{"name":"","@id":""},"headline":"Plavsko Jezero \u201cjedu\u201c pijesak i \u0161a\u0161!","datePublished":"2012-09-03T16:40:38+00:00","mainEntityOfPage":{"@id":"https:\/\/sandzakpress.net\/arhiva\/plavsko-jezero-%e2%80%9cjedu%e2%80%9c-pijesak-i-sas\/"},"wordCount":744,"commentCount":1,"publisher":{"@id":"https:\/\/sandzakpress.net\/arhiva\/#\/schema\/person\/6e72b67d6e51910a1117b3b483ba20bd"},"image":{"@id":"https:\/\/sandzakpress.net\/arhiva\/plavsko-jezero-%e2%80%9cjedu%e2%80%9c-pijesak-i-sas\/#primaryimage"},"thumbnailUrl":"https:\/\/sandzakpress.net\/arhiva\/wp-content\/uploads\/2012\/09\/plavsko-jezero.jpg","articleSection":["Privreda","Plav"],"inLanguage":"bs-BA","potentialAction":[{"@type":"CommentAction","name":"Comment","target":["https:\/\/sandzakpress.net\/arhiva\/plavsko-jezero-%e2%80%9cjedu%e2%80%9c-pijesak-i-sas\/#respond"]}]},{"@type":"WebPage","@id":"https:\/\/sandzakpress.net\/arhiva\/plavsko-jezero-%e2%80%9cjedu%e2%80%9c-pijesak-i-sas\/","url":"https:\/\/sandzakpress.net\/arhiva\/plavsko-jezero-%e2%80%9cjedu%e2%80%9c-pijesak-i-sas\/","name":"Plavsko Jezero \u201cjedu\u201c pijesak i \u0161a\u0161!","isPartOf":{"@id":"https:\/\/sandzakpress.net\/arhiva\/#website"},"primaryImageOfPage":{"@id":"https:\/\/sandzakpress.net\/arhiva\/plavsko-jezero-%e2%80%9cjedu%e2%80%9c-pijesak-i-sas\/#primaryimage"},"image":{"@id":"https:\/\/sandzakpress.net\/arhiva\/plavsko-jezero-%e2%80%9cjedu%e2%80%9c-pijesak-i-sas\/#primaryimage"},"thumbnailUrl":"https:\/\/sandzakpress.net\/arhiva\/wp-content\/uploads\/2012\/09\/plavsko-jezero.jpg","datePublished":"2012-09-03T16:40:38+00:00","breadcrumb":{"@id":"https:\/\/sandzakpress.net\/arhiva\/plavsko-jezero-%e2%80%9cjedu%e2%80%9c-pijesak-i-sas\/#breadcrumb"},"inLanguage":"bs-BA","potentialAction":[{"@type":"ReadAction","target":["https:\/\/sandzakpress.net\/arhiva\/plavsko-jezero-%e2%80%9cjedu%e2%80%9c-pijesak-i-sas\/"]}]},{"@type":"ImageObject","inLanguage":"bs-BA","@id":"https:\/\/sandzakpress.net\/arhiva\/plavsko-jezero-%e2%80%9cjedu%e2%80%9c-pijesak-i-sas\/#primaryimage","url":"https:\/\/sandzakpress.net\/arhiva\/wp-content\/uploads\/2012\/09\/plavsko-jezero.jpg","contentUrl":"https:\/\/sandzakpress.net\/arhiva\/wp-content\/uploads\/2012\/09\/plavsko-jezero.jpg","width":616,"height":356},{"@type":"BreadcrumbList","@id":"https:\/\/sandzakpress.net\/arhiva\/plavsko-jezero-%e2%80%9cjedu%e2%80%9c-pijesak-i-sas\/#breadcrumb","itemListElement":[{"@type":"ListItem","position":1,"name":"Home","item":"https:\/\/sandzakpress.net\/arhiva\/"},{"@type":"ListItem","position":2,"name":"Plavsko Jezero \u201cjedu\u201c pijesak i \u0161a\u0161!"}]},{"@type":"WebSite","@id":"https:\/\/sandzakpress.net\/arhiva\/#website","url":"https:\/\/sandzakpress.net\/arhiva\/","name":"Sand\u017eak PRESS","description":"Prve elektronske novine u Sand\u017eaku","publisher":{"@id":"https:\/\/sandzakpress.net\/arhiva\/#\/schema\/person\/6e72b67d6e51910a1117b3b483ba20bd"},"potentialAction":[{"@type":"SearchAction","target":{"@type":"EntryPoint","urlTemplate":"https:\/\/sandzakpress.net\/arhiva\/?s={search_term_string}"},"query-input":{"@type":"PropertyValueSpecification","valueRequired":true,"valueName":"search_term_string"}}],"inLanguage":"bs-BA"},{"@type":["Person","Organization"],"@id":"https:\/\/sandzakpress.net\/arhiva\/#\/schema\/person\/6e72b67d6e51910a1117b3b483ba20bd","name":"Kul","image":{"@type":"ImageObject","inLanguage":"bs-BA","@id":"https:\/\/sandzakpress.net\/arhiva\/#\/schema\/person\/image\/","url":"https:\/\/secure.gravatar.com\/avatar\/42263f39aa27ac04c43cab85c280eb2e?s=96&d=mm&r=pg","contentUrl":"https:\/\/secure.gravatar.com\/avatar\/42263f39aa27ac04c43cab85c280eb2e?s=96&d=mm&r=pg","caption":"Kul"},"logo":{"@id":"https:\/\/sandzakpress.net\/arhiva\/#\/schema\/person\/image\/"}},{"@type":"Person","@id":"","url":"https:\/\/sandzakpress.net\/arhiva\/author\/"}]}},"_links":{"self":[{"href":"https:\/\/sandzakpress.net\/arhiva\/wp-json\/wp\/v2\/posts\/49511"}],"collection":[{"href":"https:\/\/sandzakpress.net\/arhiva\/wp-json\/wp\/v2\/posts"}],"about":[{"href":"https:\/\/sandzakpress.net\/arhiva\/wp-json\/wp\/v2\/types\/post"}],"author":[{"embeddable":true,"href":"https:\/\/sandzakpress.net\/arhiva\/wp-json\/wp\/v2\/users\/14"}],"replies":[{"embeddable":true,"href":"https:\/\/sandzakpress.net\/arhiva\/wp-json\/wp\/v2\/comments?post=49511"}],"version-history":[{"count":0,"href":"https:\/\/sandzakpress.net\/arhiva\/wp-json\/wp\/v2\/posts\/49511\/revisions"}],"wp:featuredmedia":[{"embeddable":true,"href":"https:\/\/sandzakpress.net\/arhiva\/wp-json\/wp\/v2\/media\/49512"}],"wp:attachment":[{"href":"https:\/\/sandzakpress.net\/arhiva\/wp-json\/wp\/v2\/media?parent=49511"}],"wp:term":[{"taxonomy":"category","embeddable":true,"href":"https:\/\/sandzakpress.net\/arhiva\/wp-json\/wp\/v2\/categories?post=49511"},{"taxonomy":"post_tag","embeddable":true,"href":"https:\/\/sandzakpress.net\/arhiva\/wp-json\/wp\/v2\/tags?post=49511"}],"curies":[{"name":"wp","href":"https:\/\/api.w.org\/{rel}","templated":true}]}}