{"id":49427,"date":"2012-09-03T12:04:46","date_gmt":"2012-09-03T10:04:46","guid":{"rendered":"https:\/\/sandzakpress.net\/arhiva\/?p=49427"},"modified":"2012-09-03T12:04:46","modified_gmt":"2012-09-03T10:04:46","slug":"susret-reisu-l-uleme-sa-bosnjacima-sjeveroistocne-obale-sad-foto","status":"publish","type":"post","link":"https:\/\/sandzakpress.net\/arhiva\/susret-reisu-l-uleme-sa-bosnjacima-sjeveroistocne-obale-sad-foto\/","title":{"rendered":"Susret Reisu-l-uleme sa Bo\u0161njacima sjeveroisto\u010dne obale SAD (Foto)"},"content":{"rendered":"<p><a href=\"https:\/\/sandzakpress.net\/arhiva\/wp-content\/uploads\/2012\/09\/reisulema_sad-1.jpg\"><img loading=\"lazy\" decoding=\"async\" class=\"aligncenter size-full wp-image-49428\" title=\"reisulema_sad (1)\" src=\"https:\/\/sandzakpress.net\/arhiva\/wp-content\/uploads\/2012\/09\/reisulema_sad-1.jpg\" alt=\"\" width=\"620\" height=\"413\" \/><\/a><\/p>\n<p><strong>Amerika &#8211; Reisu-l-ulema Islamske zajednice u Bosni i Hercegovini dr. Mustafa Ceri\u0107 27. augusta 2012. godine posjetio je d\u017eemat Syracuse (Islamski kulturni centar Bo\u0161njaka Syracuse). <\/strong><\/p>\n<p>U prelijepom ambijentu, do\u010dekan s ljubavlju i po\u0161tovanjem, reisu-l-ulema je proveo ugodnu i prijatnu ve\u010der sa d\u017eematlijama Syracuse-a. Ovaj vrijedni skup je uveli\u010dao i veliki broj Bo\u0161njaka iz ostalih d\u017eemata Petog Med\u017elisa (obuhvata dr\u017eavu New York i cijelu sjeveroisto\u010dnu obalu SAD), predvo\u0111enih svojim imamima. Mnogi od imama i njihovih d\u017eematlija su putovali \u010dak i pet sati automobilima kako bi se dru\u017eili sa cijenjenim reisu-l-ulemom. Radi ilustracije, to je kao da iz Sofije u Bugarskoj putujete u Sarajevo radi jedne lijepe ve\u010deri. To pokazuje kolika je ljubav i privr\u017eenost dobrih Bo\u0161njaka spram aktivnosti reisu-l-uleme i Islamske zajednice.<\/p>\n<p>D\u017eemat Syracuse se nalazi na sjeveroistoku SAD, malo ni\u017ee Ontario jezera. D\u017eemat broji oko 200 porodica, sa oko stotinu mektebskih polaznika. Ve\u0107ina d\u017eematlija su iz Podrinja i to iz Srebrenice, Bratunca i Vlasenice i ve\u0107ina d\u017eematlija su pre\u017eivjeli iz genocida u Srebrenici.\u00a0 Ba\u0161 ovi Bo\u0161njaci su posebno vezani za reisu-l-ulemu zbog njegove nesebi\u010dne borbe za pravdu u Srebrenici pa nas je jo\u0161 vi\u0161e obradovala ova prijatna posjeta.<\/p>\n<p>Program je po\u010deo poslije klanjanog ak\u0161am namaza, u sportskoj sali u gradu Syracuse. Djevojke iz \u201eSabura\u201c, na\u0161eg d\u017eematskog hora, izvele su deset ilahija iz svog repertoara po\u010dev\u0161i sa \u201eSrebreni\u010dkim infernom\u201c nezaobilaznom podsjetnicom Bo\u0161njacima na genocid u Srebrenici i u cijeloj BiH.\u00a0 Mektebska djeca su po\u010dastila Reisu-l-ulemu u\u010denjem Kur'ana i \u010ditanjem recitacija slatkim ameri\u010dkim izgovorom bosanskog jezika.<\/p>\n<p><img decoding=\"async\" src=\"http:\/\/mesihat.org\/images\/stories\/reisulema_posjeta_sad\/reisulema_sad%20%282%29.JPG\" alt=\"\" \/><\/p>\n<p>Najva\u017eniji dio ve\u010deri je, svakako, bio govor reisu-l-uleme gdje se na po\u010detku zahvalio svim prisutnim na dolasku kao i na dugogodi\u0161njoj vjernosti i odanosti Islamskoj zajednici. Otkrio nam je i da mu je poseban osje\u0107aj govoriti ba\u0161 pre\u017eivjelima iz Srebrenice jer je za njih posebno i vezan. U nadahnutom govoru Reisu-l-ulema je naglasio va\u017enost bu\u0111enja nacionalne svijesti Bo\u0161njaka i nacionalnog organizovanja, jer svi narodi biv\u0161e Jugoslavije imaju svoje nacionalne dr\u017eave, jedino u BiH postoje tri predsjednika i jedino na\u0161a dr\u017eava nije prihvatila rezoluciju Evropskog parlamenta o genocidu u Srebrenici jer to sprje\u010dava Milorad Dodik. Zbog svega toga, a i zbog preodstro\u017enosti kako bi sa\u010duvali na\u0161u djecu od slijede\u0107eg genocida, da bi sa\u010duvali na\u0161e k\u0107eri, majke i sestre od mogu\u0107ih silovanja kakva su pre\u017eivjele mnoge Bo\u0161njakinje neophodno je na\u0161e nacionalno bu\u0111enje i bolja nacionalna organizovanost.<\/p>\n<p>Na kraju svog obra\u0107anja reisu-l-ulema je prou\u010dio dovu za popravak stanja Bo\u0161njaka, odao priznanje imamima koji rade veliki posao bore\u0107i se da o\u010duvaju vjeru i tradiciju Bo\u0161njaka u ovom dalekom svijetu.\u00a0 Reisu-l-ulema je pohvalio djecu i omladinu koji su izveli program i s rado\u0161\u0107u kazao da je sa ovakom omladinom ve\u0107a nada da \u0107e na\u0161 narod i na\u0161a nacija opstati i prerasti u pisca i organizatora svoje budu\u0107nosti a ne \u017ertvu ne\u010dijih planova. Reis efendija i njegova hanuma su nagradili izvo\u0111a\u010de programa \u201esrebreni\u010dkim cvjetovima\u201c.<\/p>\n<p><img decoding=\"async\" src=\"http:\/\/mesihat.org\/images\/stories\/reisulema_posjeta_sad\/reisulema_sad%20%283%29.JPG\" alt=\"\" \/><\/p>\n<p>Reisu-l-ulema, nakon Syracuse-a, putuje na drugu stranu Amerike, u San Jose, California a nakon toga u Atlanta-u Georgia, pa u Chicago \u010dime se zavr\u0161ava zvani\u010dna posjeta reisu-l-uleme Islamskoj zajednici Bo\u0161njaka Sjeverne Amerike.<\/p>\n<p>(Rijaset)<\/p>\n","protected":false},"excerpt":{"rendered":"<p>Amerika &#8211; Reisu-l-ulema Islamske zajednice u Bosni i Hercegovini dr. Mustafa Ceri\u0107 27. augusta 2012. godine posjetio je d\u017eemat Syracuse (Islamski kulturni centar Bo\u0161njaka Syracuse). U prelijepom ambijentu, do\u010dekan s ljubavlju i po\u0161tovanjem, reisu-l-ulema je proveo ugodnu i prijatnu ve\u010der sa d\u017eematlijama Syracuse-a. Ovaj vrijedni skup je uveli\u010dao i veliki broj Bo\u0161njaka iz ostalih d\u017eemata [&hellip;]<\/p>\n","protected":false},"author":83,"featured_media":49428,"comment_status":"open","ping_status":"open","sticky":false,"template":"","format":"standard","meta":{"footnotes":""},"categories":[3012,802,8957],"tags":[],"class_list":{"0":"post-49427","1":"post","2":"type-post","3":"status-publish","4":"format-standard","5":"has-post-thumbnail","7":"category-amerika-gradovi","8":"category-islamska_zajednica","9":"category-vijesti-dana"},"yoast_head":"<!-- This site is optimized with the Yoast SEO Premium plugin v23.1 (Yoast SEO v24.9) - https:\/\/yoast.com\/wordpress\/plugins\/seo\/ -->\n<title>Susret Reisu-l-uleme sa Bo\u0161njacima sjeveroisto\u010dne obale SAD (Foto)<\/title>\n<meta name=\"robots\" content=\"index, follow, max-snippet:-1, max-image-preview:large, max-video-preview:-1\" \/>\n<link rel=\"canonical\" href=\"https:\/\/sandzakpress.net\/arhiva\/susret-reisu-l-uleme-sa-bosnjacima-sjeveroistocne-obale-sad-foto\/\" \/>\n<meta property=\"og:locale\" content=\"bs_BA\" \/>\n<meta property=\"og:type\" content=\"article\" \/>\n<meta property=\"og:title\" content=\"Susret Reisu-l-uleme sa Bo\u0161njacima sjeveroisto\u010dne obale SAD (Foto)\" \/>\n<meta property=\"og:description\" content=\"Amerika &#8211; Reisu-l-ulema Islamske zajednice u Bosni i Hercegovini dr. Mustafa Ceri\u0107 27. augusta 2012. godine posjetio je d\u017eemat Syracuse (Islamski kulturni centar Bo\u0161njaka Syracuse). U prelijepom ambijentu, do\u010dekan s ljubavlju i po\u0161tovanjem, reisu-l-ulema je proveo ugodnu i prijatnu ve\u010der sa d\u017eematlijama Syracuse-a. Ovaj vrijedni skup je uveli\u010dao i veliki broj Bo\u0161njaka iz ostalih d\u017eemata [&hellip;]\" \/>\n<meta property=\"og:url\" content=\"https:\/\/sandzakpress.net\/arhiva\/susret-reisu-l-uleme-sa-bosnjacima-sjeveroistocne-obale-sad-foto\/\" \/>\n<meta property=\"og:site_name\" content=\"Sand\u017eak PRESS\" \/>\n<meta property=\"article:published_time\" content=\"2012-09-03T10:04:46+00:00\" \/>\n<meta property=\"og:image\" content=\"https:\/\/sandzakpress.net\/arhiva\/wp-content\/uploads\/2012\/09\/reisulema_sad-1.jpg\" \/>\n\t<meta property=\"og:image:width\" content=\"616\" \/>\n\t<meta property=\"og:image:height\" content=\"410\" \/>\n\t<meta property=\"og:image:type\" content=\"image\/jpeg\" \/>\n<meta name=\"author\" content=\"bosniak\" \/>\n<meta name=\"twitter:card\" content=\"summary_large_image\" \/>\n<meta name=\"twitter:label1\" content=\"Written by\" \/>\n\t<meta name=\"twitter:data1\" content=\"bosniak\" \/>\n\t<meta name=\"twitter:label2\" content=\"Est. reading time\" \/>\n\t<meta name=\"twitter:data2\" content=\"3 minute\" \/>\n<script type=\"application\/ld+json\" class=\"yoast-schema-graph\">{\"@context\":\"https:\/\/schema.org\",\"@graph\":[{\"@type\":\"Article\",\"@id\":\"https:\/\/sandzakpress.net\/arhiva\/susret-reisu-l-uleme-sa-bosnjacima-sjeveroistocne-obale-sad-foto\/#article\",\"isPartOf\":{\"@id\":\"https:\/\/sandzakpress.net\/arhiva\/susret-reisu-l-uleme-sa-bosnjacima-sjeveroistocne-obale-sad-foto\/\"},\"author\":{\"name\":\"bosniak\",\"@id\":\"https:\/\/sandzakpress.net\/arhiva\/#\/schema\/person\/c8baee722073534b583ea7bdb2e36c02\"},\"headline\":\"Susret Reisu-l-uleme sa Bo\u0161njacima sjeveroisto\u010dne obale SAD (Foto)\",\"datePublished\":\"2012-09-03T10:04:46+00:00\",\"mainEntityOfPage\":{\"@id\":\"https:\/\/sandzakpress.net\/arhiva\/susret-reisu-l-uleme-sa-bosnjacima-sjeveroistocne-obale-sad-foto\/\"},\"wordCount\":586,\"commentCount\":0,\"publisher\":{\"@id\":\"https:\/\/sandzakpress.net\/arhiva\/#\/schema\/person\/6e72b67d6e51910a1117b3b483ba20bd\"},\"image\":{\"@id\":\"https:\/\/sandzakpress.net\/arhiva\/susret-reisu-l-uleme-sa-bosnjacima-sjeveroistocne-obale-sad-foto\/#primaryimage\"},\"thumbnailUrl\":\"https:\/\/sandzakpress.net\/arhiva\/wp-content\/uploads\/2012\/09\/reisulema_sad-1.jpg\",\"articleSection\":[\"Amerika\",\"Islamska zajednica\",\"VIJESTI DANA\"],\"inLanguage\":\"bs-BA\",\"potentialAction\":[{\"@type\":\"CommentAction\",\"name\":\"Comment\",\"target\":[\"https:\/\/sandzakpress.net\/arhiva\/susret-reisu-l-uleme-sa-bosnjacima-sjeveroistocne-obale-sad-foto\/#respond\"]}]},{\"@type\":\"WebPage\",\"@id\":\"https:\/\/sandzakpress.net\/arhiva\/susret-reisu-l-uleme-sa-bosnjacima-sjeveroistocne-obale-sad-foto\/\",\"url\":\"https:\/\/sandzakpress.net\/arhiva\/susret-reisu-l-uleme-sa-bosnjacima-sjeveroistocne-obale-sad-foto\/\",\"name\":\"Susret Reisu-l-uleme sa Bo\u0161njacima sjeveroisto\u010dne obale SAD (Foto)\",\"isPartOf\":{\"@id\":\"https:\/\/sandzakpress.net\/arhiva\/#website\"},\"primaryImageOfPage\":{\"@id\":\"https:\/\/sandzakpress.net\/arhiva\/susret-reisu-l-uleme-sa-bosnjacima-sjeveroistocne-obale-sad-foto\/#primaryimage\"},\"image\":{\"@id\":\"https:\/\/sandzakpress.net\/arhiva\/susret-reisu-l-uleme-sa-bosnjacima-sjeveroistocne-obale-sad-foto\/#primaryimage\"},\"thumbnailUrl\":\"https:\/\/sandzakpress.net\/arhiva\/wp-content\/uploads\/2012\/09\/reisulema_sad-1.jpg\",\"datePublished\":\"2012-09-03T10:04:46+00:00\",\"breadcrumb\":{\"@id\":\"https:\/\/sandzakpress.net\/arhiva\/susret-reisu-l-uleme-sa-bosnjacima-sjeveroistocne-obale-sad-foto\/#breadcrumb\"},\"inLanguage\":\"bs-BA\",\"potentialAction\":[{\"@type\":\"ReadAction\",\"target\":[\"https:\/\/sandzakpress.net\/arhiva\/susret-reisu-l-uleme-sa-bosnjacima-sjeveroistocne-obale-sad-foto\/\"]}]},{\"@type\":\"ImageObject\",\"inLanguage\":\"bs-BA\",\"@id\":\"https:\/\/sandzakpress.net\/arhiva\/susret-reisu-l-uleme-sa-bosnjacima-sjeveroistocne-obale-sad-foto\/#primaryimage\",\"url\":\"https:\/\/sandzakpress.net\/arhiva\/wp-content\/uploads\/2012\/09\/reisulema_sad-1.jpg\",\"contentUrl\":\"https:\/\/sandzakpress.net\/arhiva\/wp-content\/uploads\/2012\/09\/reisulema_sad-1.jpg\",\"width\":616,\"height\":410},{\"@type\":\"BreadcrumbList\",\"@id\":\"https:\/\/sandzakpress.net\/arhiva\/susret-reisu-l-uleme-sa-bosnjacima-sjeveroistocne-obale-sad-foto\/#breadcrumb\",\"itemListElement\":[{\"@type\":\"ListItem\",\"position\":1,\"name\":\"Home\",\"item\":\"https:\/\/sandzakpress.net\/arhiva\/\"},{\"@type\":\"ListItem\",\"position\":2,\"name\":\"Susret Reisu-l-uleme sa Bo\u0161njacima sjeveroisto\u010dne obale SAD (Foto)\"}]},{\"@type\":\"WebSite\",\"@id\":\"https:\/\/sandzakpress.net\/arhiva\/#website\",\"url\":\"https:\/\/sandzakpress.net\/arhiva\/\",\"name\":\"Sand\u017eak PRESS\",\"description\":\"Prve elektronske novine u Sand\u017eaku\",\"publisher\":{\"@id\":\"https:\/\/sandzakpress.net\/arhiva\/#\/schema\/person\/6e72b67d6e51910a1117b3b483ba20bd\"},\"potentialAction\":[{\"@type\":\"SearchAction\",\"target\":{\"@type\":\"EntryPoint\",\"urlTemplate\":\"https:\/\/sandzakpress.net\/arhiva\/?s={search_term_string}\"},\"query-input\":{\"@type\":\"PropertyValueSpecification\",\"valueRequired\":true,\"valueName\":\"search_term_string\"}}],\"inLanguage\":\"bs-BA\"},{\"@type\":[\"Person\",\"Organization\"],\"@id\":\"https:\/\/sandzakpress.net\/arhiva\/#\/schema\/person\/6e72b67d6e51910a1117b3b483ba20bd\",\"name\":\"Kul\",\"image\":{\"@type\":\"ImageObject\",\"inLanguage\":\"bs-BA\",\"@id\":\"https:\/\/sandzakpress.net\/arhiva\/#\/schema\/person\/image\/\",\"url\":\"https:\/\/secure.gravatar.com\/avatar\/42263f39aa27ac04c43cab85c280eb2e?s=96&d=mm&r=pg\",\"contentUrl\":\"https:\/\/secure.gravatar.com\/avatar\/42263f39aa27ac04c43cab85c280eb2e?s=96&d=mm&r=pg\",\"caption\":\"Kul\"},\"logo\":{\"@id\":\"https:\/\/sandzakpress.net\/arhiva\/#\/schema\/person\/image\/\"}},{\"@type\":\"Person\",\"@id\":\"https:\/\/sandzakpress.net\/arhiva\/#\/schema\/person\/c8baee722073534b583ea7bdb2e36c02\",\"name\":\"bosniak\",\"image\":{\"@type\":\"ImageObject\",\"inLanguage\":\"bs-BA\",\"@id\":\"https:\/\/sandzakpress.net\/arhiva\/#\/schema\/person\/image\/\",\"url\":\"https:\/\/secure.gravatar.com\/avatar\/a04fd330bfe3a36a72a0ad4a6d89fca7?s=96&d=mm&r=pg\",\"contentUrl\":\"https:\/\/secure.gravatar.com\/avatar\/a04fd330bfe3a36a72a0ad4a6d89fca7?s=96&d=mm&r=pg\",\"caption\":\"bosniak\"},\"url\":\"https:\/\/sandzakpress.net\/arhiva\/author\/bosniak\/\"}]}<\/script>\n<!-- \/ Yoast SEO Premium plugin. -->","yoast_head_json":{"title":"Susret Reisu-l-uleme sa Bo\u0161njacima sjeveroisto\u010dne obale SAD (Foto)","robots":{"index":"index","follow":"follow","max-snippet":"max-snippet:-1","max-image-preview":"max-image-preview:large","max-video-preview":"max-video-preview:-1"},"canonical":"https:\/\/sandzakpress.net\/arhiva\/susret-reisu-l-uleme-sa-bosnjacima-sjeveroistocne-obale-sad-foto\/","og_locale":"bs_BA","og_type":"article","og_title":"Susret Reisu-l-uleme sa Bo\u0161njacima sjeveroisto\u010dne obale SAD (Foto)","og_description":"Amerika &#8211; Reisu-l-ulema Islamske zajednice u Bosni i Hercegovini dr. Mustafa Ceri\u0107 27. augusta 2012. godine posjetio je d\u017eemat Syracuse (Islamski kulturni centar Bo\u0161njaka Syracuse). U prelijepom ambijentu, do\u010dekan s ljubavlju i po\u0161tovanjem, reisu-l-ulema je proveo ugodnu i prijatnu ve\u010der sa d\u017eematlijama Syracuse-a. Ovaj vrijedni skup je uveli\u010dao i veliki broj Bo\u0161njaka iz ostalih d\u017eemata [&hellip;]","og_url":"https:\/\/sandzakpress.net\/arhiva\/susret-reisu-l-uleme-sa-bosnjacima-sjeveroistocne-obale-sad-foto\/","og_site_name":"Sand\u017eak PRESS","article_published_time":"2012-09-03T10:04:46+00:00","og_image":[{"width":616,"height":410,"url":"https:\/\/sandzakpress.net\/arhiva\/wp-content\/uploads\/2012\/09\/reisulema_sad-1.jpg","type":"image\/jpeg"}],"author":"bosniak","twitter_card":"summary_large_image","twitter_misc":{"Written by":"bosniak","Est. reading time":"3 minute"},"schema":{"@context":"https:\/\/schema.org","@graph":[{"@type":"Article","@id":"https:\/\/sandzakpress.net\/arhiva\/susret-reisu-l-uleme-sa-bosnjacima-sjeveroistocne-obale-sad-foto\/#article","isPartOf":{"@id":"https:\/\/sandzakpress.net\/arhiva\/susret-reisu-l-uleme-sa-bosnjacima-sjeveroistocne-obale-sad-foto\/"},"author":{"name":"bosniak","@id":"https:\/\/sandzakpress.net\/arhiva\/#\/schema\/person\/c8baee722073534b583ea7bdb2e36c02"},"headline":"Susret Reisu-l-uleme sa Bo\u0161njacima sjeveroisto\u010dne obale SAD (Foto)","datePublished":"2012-09-03T10:04:46+00:00","mainEntityOfPage":{"@id":"https:\/\/sandzakpress.net\/arhiva\/susret-reisu-l-uleme-sa-bosnjacima-sjeveroistocne-obale-sad-foto\/"},"wordCount":586,"commentCount":0,"publisher":{"@id":"https:\/\/sandzakpress.net\/arhiva\/#\/schema\/person\/6e72b67d6e51910a1117b3b483ba20bd"},"image":{"@id":"https:\/\/sandzakpress.net\/arhiva\/susret-reisu-l-uleme-sa-bosnjacima-sjeveroistocne-obale-sad-foto\/#primaryimage"},"thumbnailUrl":"https:\/\/sandzakpress.net\/arhiva\/wp-content\/uploads\/2012\/09\/reisulema_sad-1.jpg","articleSection":["Amerika","Islamska zajednica","VIJESTI DANA"],"inLanguage":"bs-BA","potentialAction":[{"@type":"CommentAction","name":"Comment","target":["https:\/\/sandzakpress.net\/arhiva\/susret-reisu-l-uleme-sa-bosnjacima-sjeveroistocne-obale-sad-foto\/#respond"]}]},{"@type":"WebPage","@id":"https:\/\/sandzakpress.net\/arhiva\/susret-reisu-l-uleme-sa-bosnjacima-sjeveroistocne-obale-sad-foto\/","url":"https:\/\/sandzakpress.net\/arhiva\/susret-reisu-l-uleme-sa-bosnjacima-sjeveroistocne-obale-sad-foto\/","name":"Susret Reisu-l-uleme sa Bo\u0161njacima sjeveroisto\u010dne obale SAD (Foto)","isPartOf":{"@id":"https:\/\/sandzakpress.net\/arhiva\/#website"},"primaryImageOfPage":{"@id":"https:\/\/sandzakpress.net\/arhiva\/susret-reisu-l-uleme-sa-bosnjacima-sjeveroistocne-obale-sad-foto\/#primaryimage"},"image":{"@id":"https:\/\/sandzakpress.net\/arhiva\/susret-reisu-l-uleme-sa-bosnjacima-sjeveroistocne-obale-sad-foto\/#primaryimage"},"thumbnailUrl":"https:\/\/sandzakpress.net\/arhiva\/wp-content\/uploads\/2012\/09\/reisulema_sad-1.jpg","datePublished":"2012-09-03T10:04:46+00:00","breadcrumb":{"@id":"https:\/\/sandzakpress.net\/arhiva\/susret-reisu-l-uleme-sa-bosnjacima-sjeveroistocne-obale-sad-foto\/#breadcrumb"},"inLanguage":"bs-BA","potentialAction":[{"@type":"ReadAction","target":["https:\/\/sandzakpress.net\/arhiva\/susret-reisu-l-uleme-sa-bosnjacima-sjeveroistocne-obale-sad-foto\/"]}]},{"@type":"ImageObject","inLanguage":"bs-BA","@id":"https:\/\/sandzakpress.net\/arhiva\/susret-reisu-l-uleme-sa-bosnjacima-sjeveroistocne-obale-sad-foto\/#primaryimage","url":"https:\/\/sandzakpress.net\/arhiva\/wp-content\/uploads\/2012\/09\/reisulema_sad-1.jpg","contentUrl":"https:\/\/sandzakpress.net\/arhiva\/wp-content\/uploads\/2012\/09\/reisulema_sad-1.jpg","width":616,"height":410},{"@type":"BreadcrumbList","@id":"https:\/\/sandzakpress.net\/arhiva\/susret-reisu-l-uleme-sa-bosnjacima-sjeveroistocne-obale-sad-foto\/#breadcrumb","itemListElement":[{"@type":"ListItem","position":1,"name":"Home","item":"https:\/\/sandzakpress.net\/arhiva\/"},{"@type":"ListItem","position":2,"name":"Susret Reisu-l-uleme sa Bo\u0161njacima sjeveroisto\u010dne obale SAD (Foto)"}]},{"@type":"WebSite","@id":"https:\/\/sandzakpress.net\/arhiva\/#website","url":"https:\/\/sandzakpress.net\/arhiva\/","name":"Sand\u017eak PRESS","description":"Prve elektronske novine u Sand\u017eaku","publisher":{"@id":"https:\/\/sandzakpress.net\/arhiva\/#\/schema\/person\/6e72b67d6e51910a1117b3b483ba20bd"},"potentialAction":[{"@type":"SearchAction","target":{"@type":"EntryPoint","urlTemplate":"https:\/\/sandzakpress.net\/arhiva\/?s={search_term_string}"},"query-input":{"@type":"PropertyValueSpecification","valueRequired":true,"valueName":"search_term_string"}}],"inLanguage":"bs-BA"},{"@type":["Person","Organization"],"@id":"https:\/\/sandzakpress.net\/arhiva\/#\/schema\/person\/6e72b67d6e51910a1117b3b483ba20bd","name":"Kul","image":{"@type":"ImageObject","inLanguage":"bs-BA","@id":"https:\/\/sandzakpress.net\/arhiva\/#\/schema\/person\/image\/","url":"https:\/\/secure.gravatar.com\/avatar\/42263f39aa27ac04c43cab85c280eb2e?s=96&d=mm&r=pg","contentUrl":"https:\/\/secure.gravatar.com\/avatar\/42263f39aa27ac04c43cab85c280eb2e?s=96&d=mm&r=pg","caption":"Kul"},"logo":{"@id":"https:\/\/sandzakpress.net\/arhiva\/#\/schema\/person\/image\/"}},{"@type":"Person","@id":"https:\/\/sandzakpress.net\/arhiva\/#\/schema\/person\/c8baee722073534b583ea7bdb2e36c02","name":"bosniak","image":{"@type":"ImageObject","inLanguage":"bs-BA","@id":"https:\/\/sandzakpress.net\/arhiva\/#\/schema\/person\/image\/","url":"https:\/\/secure.gravatar.com\/avatar\/a04fd330bfe3a36a72a0ad4a6d89fca7?s=96&d=mm&r=pg","contentUrl":"https:\/\/secure.gravatar.com\/avatar\/a04fd330bfe3a36a72a0ad4a6d89fca7?s=96&d=mm&r=pg","caption":"bosniak"},"url":"https:\/\/sandzakpress.net\/arhiva\/author\/bosniak\/"}]}},"_links":{"self":[{"href":"https:\/\/sandzakpress.net\/arhiva\/wp-json\/wp\/v2\/posts\/49427"}],"collection":[{"href":"https:\/\/sandzakpress.net\/arhiva\/wp-json\/wp\/v2\/posts"}],"about":[{"href":"https:\/\/sandzakpress.net\/arhiva\/wp-json\/wp\/v2\/types\/post"}],"author":[{"embeddable":true,"href":"https:\/\/sandzakpress.net\/arhiva\/wp-json\/wp\/v2\/users\/83"}],"replies":[{"embeddable":true,"href":"https:\/\/sandzakpress.net\/arhiva\/wp-json\/wp\/v2\/comments?post=49427"}],"version-history":[{"count":0,"href":"https:\/\/sandzakpress.net\/arhiva\/wp-json\/wp\/v2\/posts\/49427\/revisions"}],"wp:featuredmedia":[{"embeddable":true,"href":"https:\/\/sandzakpress.net\/arhiva\/wp-json\/wp\/v2\/media\/49428"}],"wp:attachment":[{"href":"https:\/\/sandzakpress.net\/arhiva\/wp-json\/wp\/v2\/media?parent=49427"}],"wp:term":[{"taxonomy":"category","embeddable":true,"href":"https:\/\/sandzakpress.net\/arhiva\/wp-json\/wp\/v2\/categories?post=49427"},{"taxonomy":"post_tag","embeddable":true,"href":"https:\/\/sandzakpress.net\/arhiva\/wp-json\/wp\/v2\/tags?post=49427"}],"curies":[{"name":"wp","href":"https:\/\/api.w.org\/{rel}","templated":true}]}}