{"id":49294,"date":"2012-08-31T16:25:02","date_gmt":"2012-08-31T14:25:02","guid":{"rendered":"https:\/\/sandzakpress.net\/arhiva\/?p=49294"},"modified":"2012-08-31T16:25:02","modified_gmt":"2012-08-31T14:25:02","slug":"tutinske-odbojkasice-zapocele-pripreme","status":"publish","type":"post","link":"https:\/\/sandzakpress.net\/arhiva\/tutinske-odbojkasice-zapocele-pripreme\/","title":{"rendered":"Tutinske odbojka\u0161ice zapo\u010dele pripreme"},"content":{"rendered":"<p><strong><a href=\"https:\/\/sandzakpress.net\/arhiva\/wp-content\/uploads\/2012\/08\/tutinske-odbojkaice-zapocele-pripreme.jpg\"><img loading=\"lazy\" decoding=\"async\" class=\"alignleft size-medium wp-image-49295\" title=\"tutinske odbojkaice zapocele pripreme\" src=\"https:\/\/sandzakpress.net\/arhiva\/wp-content\/uploads\/2012\/08\/tutinske-odbojkaice-zapocele-pripreme-300x201.jpg\" alt=\"\" width=\"300\" height=\"201\" \/><\/a>Tutin &#8211; Odbojka\u0161ice tutinskog Stil Jasena nalaze se na pripremama u Leskovi pred po\u010detak jesenjeg dijela prvenstva.<\/strong><\/p>\n<p>Smje\u0161tene su u O.\u0160. dr Ibrahim Baki\u0107 gdje dnevno odr\u017eavaju po tri treninga.<\/p>\n<p>U spotrskoj sali O.\u0160 dr Ibrahim Baki\u0107 u Leskovi  ovih dana otpo\u010dele su pripreme odbojka\u0161ica tutinskog OK. \u201e Stil Jasen\u201c za predstoje\u0107u takmi\u010darsku sezonu u Drugoj ligi grupe Zapad. Treneri ekipe Osman Habibovi\u0107 i Arnesa Derdemez svakodnevno rade sa ekipom po tri treninga. Prvi trener Osman Habibovi\u0107 ka\u017ee da su ovo bazi\u010dne pripreme na psiho-fizi\u010dkom podizanju sposobnosti odbojka\u0161ica.<\/p>\n<p>\u201eTri puta dnevno treniramo, veoma je naporno, djevojke to dosta dobro izdr\u017eavaju i vjerujem da \u0107e narednih dana sve to do\u0107i na svoje mesto. Sada su jako umorne ali  one to prevazilaze svakog dana i mislim da \u0107e do kraja priprema da bude sve u redu\u201c, rekao je Habibovi\u0107.<\/p>\n<p>Na pripremama je petnaest djevojaka koje \u0107e u prvoj fazi raditi na sticanju kondicije kako bi se \u0161to bolje pripremile za predstoje\u0107e takmi\u010denje.<\/p>\n<p>(Radio Sto plus)<\/p>\n","protected":false},"excerpt":{"rendered":"<p>Tutin &#8211; Odbojka\u0161ice tutinskog Stil Jasena nalaze se na pripremama u Leskovi pred po\u010detak jesenjeg dijela prvenstva. Smje\u0161tene su u O.\u0160. dr Ibrahim Baki\u0107 gdje dnevno odr\u017eavaju po tri treninga. U spotrskoj sali O.\u0160 dr Ibrahim Baki\u0107 u Leskovi ovih dana otpo\u010dele su pripreme odbojka\u0161ica tutinskog OK. \u201e Stil Jasen\u201c za predstoje\u0107u takmi\u010darsku sezonu u [&hellip;]<\/p>\n","protected":false},"author":14,"featured_media":49295,"comment_status":"open","ping_status":"open","sticky":false,"template":"","format":"standard","meta":{"footnotes":""},"categories":[13,327],"tags":[],"class_list":{"0":"post-49294","1":"post","2":"type-post","3":"status-publish","4":"format-standard","5":"has-post-thumbnail","7":"category-sport","8":"category-tutin"},"yoast_head":"<!-- This site is optimized with the Yoast SEO Premium plugin v23.1 (Yoast SEO v24.9) - https:\/\/yoast.com\/wordpress\/plugins\/seo\/ -->\n<title>Tutinske odbojka\u0161ice zapo\u010dele pripreme<\/title>\n<meta name=\"robots\" content=\"index, follow, max-snippet:-1, max-image-preview:large, max-video-preview:-1\" \/>\n<link rel=\"canonical\" href=\"https:\/\/sandzakpress.net\/arhiva\/tutinske-odbojkasice-zapocele-pripreme\/\" \/>\n<meta property=\"og:locale\" content=\"bs_BA\" \/>\n<meta property=\"og:type\" content=\"article\" \/>\n<meta property=\"og:title\" content=\"Tutinske odbojka\u0161ice zapo\u010dele pripreme\" \/>\n<meta property=\"og:description\" content=\"Tutin &#8211; Odbojka\u0161ice tutinskog Stil Jasena nalaze se na pripremama u Leskovi pred po\u010detak jesenjeg dijela prvenstva. Smje\u0161tene su u O.\u0160. dr Ibrahim Baki\u0107 gdje dnevno odr\u017eavaju po tri treninga. U spotrskoj sali O.\u0160 dr Ibrahim Baki\u0107 u Leskovi ovih dana otpo\u010dele su pripreme odbojka\u0161ica tutinskog OK. \u201e Stil Jasen\u201c za predstoje\u0107u takmi\u010darsku sezonu u [&hellip;]\" \/>\n<meta property=\"og:url\" content=\"https:\/\/sandzakpress.net\/arhiva\/tutinske-odbojkasice-zapocele-pripreme\/\" \/>\n<meta property=\"og:site_name\" content=\"Sand\u017eak PRESS\" \/>\n<meta property=\"article:published_time\" content=\"2012-08-31T14:25:02+00:00\" \/>\n<meta property=\"og:image\" content=\"https:\/\/sandzakpress.net\/arhiva\/wp-content\/uploads\/2012\/08\/tutinske-odbojkaice-zapocele-pripreme.jpg\" \/>\n\t<meta property=\"og:image:width\" content=\"450\" \/>\n\t<meta property=\"og:image:height\" content=\"302\" \/>\n\t<meta property=\"og:image:type\" content=\"image\/jpeg\" \/>\n<meta name=\"twitter:card\" content=\"summary_large_image\" \/>\n<meta name=\"twitter:label1\" content=\"Written by\" \/>\n\t<meta name=\"twitter:data1\" content=\"\" \/>\n\t<meta name=\"twitter:label2\" content=\"Est. reading time\" \/>\n\t<meta name=\"twitter:data2\" content=\"1 minuta\" \/>\n<script type=\"application\/ld+json\" class=\"yoast-schema-graph\">{\"@context\":\"https:\/\/schema.org\",\"@graph\":[{\"@type\":\"Article\",\"@id\":\"https:\/\/sandzakpress.net\/arhiva\/tutinske-odbojkasice-zapocele-pripreme\/#article\",\"isPartOf\":{\"@id\":\"https:\/\/sandzakpress.net\/arhiva\/tutinske-odbojkasice-zapocele-pripreme\/\"},\"author\":{\"name\":\"\",\"@id\":\"\"},\"headline\":\"Tutinske odbojka\u0161ice zapo\u010dele pripreme\",\"datePublished\":\"2012-08-31T14:25:02+00:00\",\"mainEntityOfPage\":{\"@id\":\"https:\/\/sandzakpress.net\/arhiva\/tutinske-odbojkasice-zapocele-pripreme\/\"},\"wordCount\":184,\"commentCount\":0,\"publisher\":{\"@id\":\"https:\/\/sandzakpress.net\/arhiva\/#\/schema\/person\/6e72b67d6e51910a1117b3b483ba20bd\"},\"image\":{\"@id\":\"https:\/\/sandzakpress.net\/arhiva\/tutinske-odbojkasice-zapocele-pripreme\/#primaryimage\"},\"thumbnailUrl\":\"https:\/\/sandzakpress.net\/arhiva\/wp-content\/uploads\/2012\/08\/tutinske-odbojkaice-zapocele-pripreme.jpg\",\"articleSection\":[\"Sport\",\"Tutin\"],\"inLanguage\":\"bs-BA\",\"potentialAction\":[{\"@type\":\"CommentAction\",\"name\":\"Comment\",\"target\":[\"https:\/\/sandzakpress.net\/arhiva\/tutinske-odbojkasice-zapocele-pripreme\/#respond\"]}]},{\"@type\":\"WebPage\",\"@id\":\"https:\/\/sandzakpress.net\/arhiva\/tutinske-odbojkasice-zapocele-pripreme\/\",\"url\":\"https:\/\/sandzakpress.net\/arhiva\/tutinske-odbojkasice-zapocele-pripreme\/\",\"name\":\"Tutinske odbojka\u0161ice zapo\u010dele pripreme\",\"isPartOf\":{\"@id\":\"https:\/\/sandzakpress.net\/arhiva\/#website\"},\"primaryImageOfPage\":{\"@id\":\"https:\/\/sandzakpress.net\/arhiva\/tutinske-odbojkasice-zapocele-pripreme\/#primaryimage\"},\"image\":{\"@id\":\"https:\/\/sandzakpress.net\/arhiva\/tutinske-odbojkasice-zapocele-pripreme\/#primaryimage\"},\"thumbnailUrl\":\"https:\/\/sandzakpress.net\/arhiva\/wp-content\/uploads\/2012\/08\/tutinske-odbojkaice-zapocele-pripreme.jpg\",\"datePublished\":\"2012-08-31T14:25:02+00:00\",\"breadcrumb\":{\"@id\":\"https:\/\/sandzakpress.net\/arhiva\/tutinske-odbojkasice-zapocele-pripreme\/#breadcrumb\"},\"inLanguage\":\"bs-BA\",\"potentialAction\":[{\"@type\":\"ReadAction\",\"target\":[\"https:\/\/sandzakpress.net\/arhiva\/tutinske-odbojkasice-zapocele-pripreme\/\"]}]},{\"@type\":\"ImageObject\",\"inLanguage\":\"bs-BA\",\"@id\":\"https:\/\/sandzakpress.net\/arhiva\/tutinske-odbojkasice-zapocele-pripreme\/#primaryimage\",\"url\":\"https:\/\/sandzakpress.net\/arhiva\/wp-content\/uploads\/2012\/08\/tutinske-odbojkaice-zapocele-pripreme.jpg\",\"contentUrl\":\"https:\/\/sandzakpress.net\/arhiva\/wp-content\/uploads\/2012\/08\/tutinske-odbojkaice-zapocele-pripreme.jpg\",\"width\":450,\"height\":302},{\"@type\":\"BreadcrumbList\",\"@id\":\"https:\/\/sandzakpress.net\/arhiva\/tutinske-odbojkasice-zapocele-pripreme\/#breadcrumb\",\"itemListElement\":[{\"@type\":\"ListItem\",\"position\":1,\"name\":\"Home\",\"item\":\"https:\/\/sandzakpress.net\/arhiva\/\"},{\"@type\":\"ListItem\",\"position\":2,\"name\":\"Tutinske odbojka\u0161ice zapo\u010dele pripreme\"}]},{\"@type\":\"WebSite\",\"@id\":\"https:\/\/sandzakpress.net\/arhiva\/#website\",\"url\":\"https:\/\/sandzakpress.net\/arhiva\/\",\"name\":\"Sand\u017eak PRESS\",\"description\":\"Prve elektronske novine u Sand\u017eaku\",\"publisher\":{\"@id\":\"https:\/\/sandzakpress.net\/arhiva\/#\/schema\/person\/6e72b67d6e51910a1117b3b483ba20bd\"},\"potentialAction\":[{\"@type\":\"SearchAction\",\"target\":{\"@type\":\"EntryPoint\",\"urlTemplate\":\"https:\/\/sandzakpress.net\/arhiva\/?s={search_term_string}\"},\"query-input\":{\"@type\":\"PropertyValueSpecification\",\"valueRequired\":true,\"valueName\":\"search_term_string\"}}],\"inLanguage\":\"bs-BA\"},{\"@type\":[\"Person\",\"Organization\"],\"@id\":\"https:\/\/sandzakpress.net\/arhiva\/#\/schema\/person\/6e72b67d6e51910a1117b3b483ba20bd\",\"name\":\"Kul\",\"image\":{\"@type\":\"ImageObject\",\"inLanguage\":\"bs-BA\",\"@id\":\"https:\/\/sandzakpress.net\/arhiva\/#\/schema\/person\/image\/\",\"url\":\"https:\/\/secure.gravatar.com\/avatar\/42263f39aa27ac04c43cab85c280eb2e?s=96&d=mm&r=pg\",\"contentUrl\":\"https:\/\/secure.gravatar.com\/avatar\/42263f39aa27ac04c43cab85c280eb2e?s=96&d=mm&r=pg\",\"caption\":\"Kul\"},\"logo\":{\"@id\":\"https:\/\/sandzakpress.net\/arhiva\/#\/schema\/person\/image\/\"}},{\"@type\":\"Person\",\"@id\":\"\",\"url\":\"https:\/\/sandzakpress.net\/arhiva\/author\/\"}]}<\/script>\n<!-- \/ Yoast SEO Premium plugin. -->","yoast_head_json":{"title":"Tutinske odbojka\u0161ice zapo\u010dele pripreme","robots":{"index":"index","follow":"follow","max-snippet":"max-snippet:-1","max-image-preview":"max-image-preview:large","max-video-preview":"max-video-preview:-1"},"canonical":"https:\/\/sandzakpress.net\/arhiva\/tutinske-odbojkasice-zapocele-pripreme\/","og_locale":"bs_BA","og_type":"article","og_title":"Tutinske odbojka\u0161ice zapo\u010dele pripreme","og_description":"Tutin &#8211; Odbojka\u0161ice tutinskog Stil Jasena nalaze se na pripremama u Leskovi pred po\u010detak jesenjeg dijela prvenstva. Smje\u0161tene su u O.\u0160. dr Ibrahim Baki\u0107 gdje dnevno odr\u017eavaju po tri treninga. U spotrskoj sali O.\u0160 dr Ibrahim Baki\u0107 u Leskovi ovih dana otpo\u010dele su pripreme odbojka\u0161ica tutinskog OK. \u201e Stil Jasen\u201c za predstoje\u0107u takmi\u010darsku sezonu u [&hellip;]","og_url":"https:\/\/sandzakpress.net\/arhiva\/tutinske-odbojkasice-zapocele-pripreme\/","og_site_name":"Sand\u017eak PRESS","article_published_time":"2012-08-31T14:25:02+00:00","og_image":[{"width":450,"height":302,"url":"https:\/\/sandzakpress.net\/arhiva\/wp-content\/uploads\/2012\/08\/tutinske-odbojkaice-zapocele-pripreme.jpg","type":"image\/jpeg"}],"twitter_card":"summary_large_image","twitter_misc":{"Written by":"","Est. reading time":"1 minuta"},"schema":{"@context":"https:\/\/schema.org","@graph":[{"@type":"Article","@id":"https:\/\/sandzakpress.net\/arhiva\/tutinske-odbojkasice-zapocele-pripreme\/#article","isPartOf":{"@id":"https:\/\/sandzakpress.net\/arhiva\/tutinske-odbojkasice-zapocele-pripreme\/"},"author":{"name":"","@id":""},"headline":"Tutinske odbojka\u0161ice zapo\u010dele pripreme","datePublished":"2012-08-31T14:25:02+00:00","mainEntityOfPage":{"@id":"https:\/\/sandzakpress.net\/arhiva\/tutinske-odbojkasice-zapocele-pripreme\/"},"wordCount":184,"commentCount":0,"publisher":{"@id":"https:\/\/sandzakpress.net\/arhiva\/#\/schema\/person\/6e72b67d6e51910a1117b3b483ba20bd"},"image":{"@id":"https:\/\/sandzakpress.net\/arhiva\/tutinske-odbojkasice-zapocele-pripreme\/#primaryimage"},"thumbnailUrl":"https:\/\/sandzakpress.net\/arhiva\/wp-content\/uploads\/2012\/08\/tutinske-odbojkaice-zapocele-pripreme.jpg","articleSection":["Sport","Tutin"],"inLanguage":"bs-BA","potentialAction":[{"@type":"CommentAction","name":"Comment","target":["https:\/\/sandzakpress.net\/arhiva\/tutinske-odbojkasice-zapocele-pripreme\/#respond"]}]},{"@type":"WebPage","@id":"https:\/\/sandzakpress.net\/arhiva\/tutinske-odbojkasice-zapocele-pripreme\/","url":"https:\/\/sandzakpress.net\/arhiva\/tutinske-odbojkasice-zapocele-pripreme\/","name":"Tutinske odbojka\u0161ice zapo\u010dele pripreme","isPartOf":{"@id":"https:\/\/sandzakpress.net\/arhiva\/#website"},"primaryImageOfPage":{"@id":"https:\/\/sandzakpress.net\/arhiva\/tutinske-odbojkasice-zapocele-pripreme\/#primaryimage"},"image":{"@id":"https:\/\/sandzakpress.net\/arhiva\/tutinske-odbojkasice-zapocele-pripreme\/#primaryimage"},"thumbnailUrl":"https:\/\/sandzakpress.net\/arhiva\/wp-content\/uploads\/2012\/08\/tutinske-odbojkaice-zapocele-pripreme.jpg","datePublished":"2012-08-31T14:25:02+00:00","breadcrumb":{"@id":"https:\/\/sandzakpress.net\/arhiva\/tutinske-odbojkasice-zapocele-pripreme\/#breadcrumb"},"inLanguage":"bs-BA","potentialAction":[{"@type":"ReadAction","target":["https:\/\/sandzakpress.net\/arhiva\/tutinske-odbojkasice-zapocele-pripreme\/"]}]},{"@type":"ImageObject","inLanguage":"bs-BA","@id":"https:\/\/sandzakpress.net\/arhiva\/tutinske-odbojkasice-zapocele-pripreme\/#primaryimage","url":"https:\/\/sandzakpress.net\/arhiva\/wp-content\/uploads\/2012\/08\/tutinske-odbojkaice-zapocele-pripreme.jpg","contentUrl":"https:\/\/sandzakpress.net\/arhiva\/wp-content\/uploads\/2012\/08\/tutinske-odbojkaice-zapocele-pripreme.jpg","width":450,"height":302},{"@type":"BreadcrumbList","@id":"https:\/\/sandzakpress.net\/arhiva\/tutinske-odbojkasice-zapocele-pripreme\/#breadcrumb","itemListElement":[{"@type":"ListItem","position":1,"name":"Home","item":"https:\/\/sandzakpress.net\/arhiva\/"},{"@type":"ListItem","position":2,"name":"Tutinske odbojka\u0161ice zapo\u010dele pripreme"}]},{"@type":"WebSite","@id":"https:\/\/sandzakpress.net\/arhiva\/#website","url":"https:\/\/sandzakpress.net\/arhiva\/","name":"Sand\u017eak PRESS","description":"Prve elektronske novine u Sand\u017eaku","publisher":{"@id":"https:\/\/sandzakpress.net\/arhiva\/#\/schema\/person\/6e72b67d6e51910a1117b3b483ba20bd"},"potentialAction":[{"@type":"SearchAction","target":{"@type":"EntryPoint","urlTemplate":"https:\/\/sandzakpress.net\/arhiva\/?s={search_term_string}"},"query-input":{"@type":"PropertyValueSpecification","valueRequired":true,"valueName":"search_term_string"}}],"inLanguage":"bs-BA"},{"@type":["Person","Organization"],"@id":"https:\/\/sandzakpress.net\/arhiva\/#\/schema\/person\/6e72b67d6e51910a1117b3b483ba20bd","name":"Kul","image":{"@type":"ImageObject","inLanguage":"bs-BA","@id":"https:\/\/sandzakpress.net\/arhiva\/#\/schema\/person\/image\/","url":"https:\/\/secure.gravatar.com\/avatar\/42263f39aa27ac04c43cab85c280eb2e?s=96&d=mm&r=pg","contentUrl":"https:\/\/secure.gravatar.com\/avatar\/42263f39aa27ac04c43cab85c280eb2e?s=96&d=mm&r=pg","caption":"Kul"},"logo":{"@id":"https:\/\/sandzakpress.net\/arhiva\/#\/schema\/person\/image\/"}},{"@type":"Person","@id":"","url":"https:\/\/sandzakpress.net\/arhiva\/author\/"}]}},"_links":{"self":[{"href":"https:\/\/sandzakpress.net\/arhiva\/wp-json\/wp\/v2\/posts\/49294"}],"collection":[{"href":"https:\/\/sandzakpress.net\/arhiva\/wp-json\/wp\/v2\/posts"}],"about":[{"href":"https:\/\/sandzakpress.net\/arhiva\/wp-json\/wp\/v2\/types\/post"}],"author":[{"embeddable":true,"href":"https:\/\/sandzakpress.net\/arhiva\/wp-json\/wp\/v2\/users\/14"}],"replies":[{"embeddable":true,"href":"https:\/\/sandzakpress.net\/arhiva\/wp-json\/wp\/v2\/comments?post=49294"}],"version-history":[{"count":0,"href":"https:\/\/sandzakpress.net\/arhiva\/wp-json\/wp\/v2\/posts\/49294\/revisions"}],"wp:featuredmedia":[{"embeddable":true,"href":"https:\/\/sandzakpress.net\/arhiva\/wp-json\/wp\/v2\/media\/49295"}],"wp:attachment":[{"href":"https:\/\/sandzakpress.net\/arhiva\/wp-json\/wp\/v2\/media?parent=49294"}],"wp:term":[{"taxonomy":"category","embeddable":true,"href":"https:\/\/sandzakpress.net\/arhiva\/wp-json\/wp\/v2\/categories?post=49294"},{"taxonomy":"post_tag","embeddable":true,"href":"https:\/\/sandzakpress.net\/arhiva\/wp-json\/wp\/v2\/tags?post=49294"}],"curies":[{"name":"wp","href":"https:\/\/api.w.org\/{rel}","templated":true}]}}