{"id":48956,"date":"2012-08-29T12:49:35","date_gmt":"2012-08-29T10:49:35","guid":{"rendered":"https:\/\/sandzakpress.net\/arhiva\/?p=48956"},"modified":"2012-08-29T12:49:35","modified_gmt":"2012-08-29T10:49:35","slug":"nakon-kratkotrajnog-zatisja-pozari-u-pljevaljskoj-opcini-opet-aktivni","status":"publish","type":"post","link":"https:\/\/sandzakpress.net\/arhiva\/nakon-kratkotrajnog-zatisja-pozari-u-pljevaljskoj-opcini-opet-aktivni\/","title":{"rendered":"Nakon kratkotrajnog zati\u0161ja, po\u017eari u pljevaljskoj op\u0107ini opet aktivni"},"content":{"rendered":"<p><strong><a href=\"https:\/\/sandzakpress.net\/arhiva\/wp-content\/uploads\/2012\/08\/Pljevlja-Pozari1.jpg\"><img loading=\"lazy\" decoding=\"async\" class=\"alignleft size-medium wp-image-48958\" title=\"Pljevlja-Pozari\" src=\"https:\/\/sandzakpress.net\/arhiva\/wp-content\/uploads\/2012\/08\/Pljevlja-Pozari1-300x166.jpg\" alt=\"\" width=\"300\" height=\"166\" \/><\/a>Pljevlja &#8211;\u00a0Nakon \u0161to je u ponedjeljak ki\u0161a pomogla vatrogascima pljevaljske Slu\u017ebe za\u0161tite i spa\u0161avanja, ponovo su se aktivirali svi stari po\u017eari na podru\u010dju op\u0161tine, pa se situacija na terenu iznova iskomplikovala. Najkriti\u010dnije je na tri lokacije: Kozlinova\u010di, Ljuti\u0107ima i Borisavljevi\u0107ima. Izuzetno je te\u0161ko i u rejonu Gliba\u0107a, gdje zbog nepristupa\u010dnosti terena ne postoji mogu\u0107nost intervencije.<\/strong><\/p>\n<p>Stanje se mijenja iz minuta u minut, najvi\u0161e u zavisnosti od vjetra.<\/p>\n<p>Iz Slu\u017ebe za\u0161tite i spa\u0161avanja saop\u0161teno je da ne postoji direktna opasnost po stanovni\u0161tvo i objekte, ali da se situacija mo\u017ee izmijeniti usljed vjetra.<\/p>\n<p>&#8211; \u010cim je malo mirnije, na\u0161e ekipe \u2013 \u010diji je prioritet za\u0161tita stanovni\u0161tva i objekata \u2013 ulaze dublje u podru\u010dje zahva\u0107eno po\u017earom i poku\u0161avaju da se izbore sa vatrenom stihijom \u2013 ka\u017eu u Slu\u017ebi za\u0161tite i spasavanja.<\/p>\n<p>U ga\u0161enju po\u017eara, osim te slu\u017ebe, u\u010destvuju i in\u017einjeri, tehni\u010dari i lugari zapo\u0161ljeni u Upravi za \u0161ume.<\/p>\n<p>&#8211; U selu Ljuti\u0107i, gdje je po\u017ear ga\u0161en iz vazduha, \u0161umarski tehni\u010dar Mi\u0107o Gazdi\u0107 pomogao je stara\u010dkim doma\u0107instvima da sa\u010duvaju ku\u0107e od vatrene stihije. U kasnim poslijepono\u0107nim satima, jednu osobu iz tog sela je, zbog gu\u0161enja od prevelike koli\u010dine dima, prevezao do hitne slu\u017ebe u Pljevljima, gdje joj je ukazana ljekarska pomo\u0107 \u2013 saop\u0161teno je iz Uprave za \u0161ume PJ Pljevlja.<\/p>\n<p>I lugar Simeun Rondovi\u0107, zajedno sa vlasnicima privatnih \u0161uma u selu Prem\u0107ani, danima gasi po\u017ear, poku\u0161avaju\u0107i da od vatrene stihije spasi \u0161to se spasiti mo\u017ee. Kako isti\u010de Slavica Gomilanovi\u0107 iz Slu\u017ebe za odnose sa javno\u0161\u0107u Uprave za \u0161ume, ima jo\u0161 mnogo takvih primjera.<\/p>\n<p>U ga\u0161enju po\u017eara u pljevaljskoj op\u0161tini pripadnicima Slu\u017ebe za\u0161tite i spa\u0161avanja pomo\u0107 pru\u017eaju i Rudnik uglja, JP Vodovod, JP \u010cisto\u0107a, koncesionari \u201eVektra \u2013 Jaki\u0107\u201c i \u201eMaradom\u201c, vlasnici privatnih \u0161uma, \u201eGradir Montenegro\u201c, pripadnici Vojske i mje\u0161tani.<\/p>\n<p>(Pobjeda)<\/p>\n","protected":false},"excerpt":{"rendered":"<p>Pljevlja &#8211;\u00a0Nakon \u0161to je u ponedjeljak ki\u0161a pomogla vatrogascima pljevaljske Slu\u017ebe za\u0161tite i spa\u0161avanja, ponovo su se aktivirali svi stari po\u017eari na podru\u010dju op\u0161tine, pa se situacija na terenu iznova iskomplikovala. Najkriti\u010dnije je na tri lokacije: Kozlinova\u010di, Ljuti\u0107ima i Borisavljevi\u0107ima. Izuzetno je te\u0161ko i u rejonu Gliba\u0107a, gdje zbog nepristupa\u010dnosti terena ne postoji mogu\u0107nost intervencije. [&hellip;]<\/p>\n","protected":false},"author":14,"featured_media":48958,"comment_status":"open","ping_status":"open","sticky":false,"template":"","format":"standard","meta":{"footnotes":""},"categories":[395,801],"tags":[],"class_list":{"0":"post-48956","1":"post","2":"type-post","3":"status-publish","4":"format-standard","5":"has-post-thumbnail","7":"category-pljevlja_","8":"category-crna_hronika"},"yoast_head":"<!-- This site is optimized with the Yoast SEO Premium plugin v23.1 (Yoast SEO v24.9) - https:\/\/yoast.com\/wordpress\/plugins\/seo\/ -->\n<title>Nakon kratkotrajnog zati\u0161ja, po\u017eari u pljevaljskoj op\u0107ini opet aktivni<\/title>\n<meta name=\"robots\" content=\"index, follow, max-snippet:-1, max-image-preview:large, max-video-preview:-1\" \/>\n<link rel=\"canonical\" href=\"https:\/\/sandzakpress.net\/arhiva\/nakon-kratkotrajnog-zatisja-pozari-u-pljevaljskoj-opcini-opet-aktivni\/\" \/>\n<meta property=\"og:locale\" content=\"bs_BA\" \/>\n<meta property=\"og:type\" content=\"article\" \/>\n<meta property=\"og:title\" content=\"Nakon kratkotrajnog zati\u0161ja, po\u017eari u pljevaljskoj op\u0107ini opet aktivni\" \/>\n<meta property=\"og:description\" content=\"Pljevlja &#8211;\u00a0Nakon \u0161to je u ponedjeljak ki\u0161a pomogla vatrogascima pljevaljske Slu\u017ebe za\u0161tite i spa\u0161avanja, ponovo su se aktivirali svi stari po\u017eari na podru\u010dju op\u0161tine, pa se situacija na terenu iznova iskomplikovala. Najkriti\u010dnije je na tri lokacije: Kozlinova\u010di, Ljuti\u0107ima i Borisavljevi\u0107ima. Izuzetno je te\u0161ko i u rejonu Gliba\u0107a, gdje zbog nepristupa\u010dnosti terena ne postoji mogu\u0107nost intervencije. [&hellip;]\" \/>\n<meta property=\"og:url\" content=\"https:\/\/sandzakpress.net\/arhiva\/nakon-kratkotrajnog-zatisja-pozari-u-pljevaljskoj-opcini-opet-aktivni\/\" \/>\n<meta property=\"og:site_name\" content=\"Sand\u017eak PRESS\" \/>\n<meta property=\"article:published_time\" content=\"2012-08-29T10:49:35+00:00\" \/>\n<meta property=\"og:image\" content=\"https:\/\/sandzakpress.net\/arhiva\/wp-content\/uploads\/2012\/08\/Pljevlja-Pozari1.jpg\" \/>\n\t<meta property=\"og:image:width\" content=\"600\" \/>\n\t<meta property=\"og:image:height\" content=\"332\" \/>\n\t<meta property=\"og:image:type\" content=\"image\/jpeg\" \/>\n<meta name=\"twitter:card\" content=\"summary_large_image\" \/>\n<meta name=\"twitter:label1\" content=\"Written by\" \/>\n\t<meta name=\"twitter:data1\" content=\"\" \/>\n\t<meta name=\"twitter:label2\" content=\"Est. reading time\" \/>\n\t<meta name=\"twitter:data2\" content=\"2 minute\" \/>\n<script type=\"application\/ld+json\" class=\"yoast-schema-graph\">{\"@context\":\"https:\/\/schema.org\",\"@graph\":[{\"@type\":\"Article\",\"@id\":\"https:\/\/sandzakpress.net\/arhiva\/nakon-kratkotrajnog-zatisja-pozari-u-pljevaljskoj-opcini-opet-aktivni\/#article\",\"isPartOf\":{\"@id\":\"https:\/\/sandzakpress.net\/arhiva\/nakon-kratkotrajnog-zatisja-pozari-u-pljevaljskoj-opcini-opet-aktivni\/\"},\"author\":{\"name\":\"\",\"@id\":\"\"},\"headline\":\"Nakon kratkotrajnog zati\u0161ja, po\u017eari u pljevaljskoj op\u0107ini opet aktivni\",\"datePublished\":\"2012-08-29T10:49:35+00:00\",\"mainEntityOfPage\":{\"@id\":\"https:\/\/sandzakpress.net\/arhiva\/nakon-kratkotrajnog-zatisja-pozari-u-pljevaljskoj-opcini-opet-aktivni\/\"},\"wordCount\":363,\"commentCount\":0,\"publisher\":{\"@id\":\"https:\/\/sandzakpress.net\/arhiva\/#\/schema\/person\/6e72b67d6e51910a1117b3b483ba20bd\"},\"image\":{\"@id\":\"https:\/\/sandzakpress.net\/arhiva\/nakon-kratkotrajnog-zatisja-pozari-u-pljevaljskoj-opcini-opet-aktivni\/#primaryimage\"},\"thumbnailUrl\":\"https:\/\/sandzakpress.net\/arhiva\/wp-content\/uploads\/2012\/08\/Pljevlja-Pozari1.jpg\",\"articleSection\":[\"Pljevlja\",\"Hronika\"],\"inLanguage\":\"bs-BA\",\"potentialAction\":[{\"@type\":\"CommentAction\",\"name\":\"Comment\",\"target\":[\"https:\/\/sandzakpress.net\/arhiva\/nakon-kratkotrajnog-zatisja-pozari-u-pljevaljskoj-opcini-opet-aktivni\/#respond\"]}]},{\"@type\":\"WebPage\",\"@id\":\"https:\/\/sandzakpress.net\/arhiva\/nakon-kratkotrajnog-zatisja-pozari-u-pljevaljskoj-opcini-opet-aktivni\/\",\"url\":\"https:\/\/sandzakpress.net\/arhiva\/nakon-kratkotrajnog-zatisja-pozari-u-pljevaljskoj-opcini-opet-aktivni\/\",\"name\":\"Nakon kratkotrajnog zati\u0161ja, po\u017eari u pljevaljskoj op\u0107ini opet aktivni\",\"isPartOf\":{\"@id\":\"https:\/\/sandzakpress.net\/arhiva\/#website\"},\"primaryImageOfPage\":{\"@id\":\"https:\/\/sandzakpress.net\/arhiva\/nakon-kratkotrajnog-zatisja-pozari-u-pljevaljskoj-opcini-opet-aktivni\/#primaryimage\"},\"image\":{\"@id\":\"https:\/\/sandzakpress.net\/arhiva\/nakon-kratkotrajnog-zatisja-pozari-u-pljevaljskoj-opcini-opet-aktivni\/#primaryimage\"},\"thumbnailUrl\":\"https:\/\/sandzakpress.net\/arhiva\/wp-content\/uploads\/2012\/08\/Pljevlja-Pozari1.jpg\",\"datePublished\":\"2012-08-29T10:49:35+00:00\",\"breadcrumb\":{\"@id\":\"https:\/\/sandzakpress.net\/arhiva\/nakon-kratkotrajnog-zatisja-pozari-u-pljevaljskoj-opcini-opet-aktivni\/#breadcrumb\"},\"inLanguage\":\"bs-BA\",\"potentialAction\":[{\"@type\":\"ReadAction\",\"target\":[\"https:\/\/sandzakpress.net\/arhiva\/nakon-kratkotrajnog-zatisja-pozari-u-pljevaljskoj-opcini-opet-aktivni\/\"]}]},{\"@type\":\"ImageObject\",\"inLanguage\":\"bs-BA\",\"@id\":\"https:\/\/sandzakpress.net\/arhiva\/nakon-kratkotrajnog-zatisja-pozari-u-pljevaljskoj-opcini-opet-aktivni\/#primaryimage\",\"url\":\"https:\/\/sandzakpress.net\/arhiva\/wp-content\/uploads\/2012\/08\/Pljevlja-Pozari1.jpg\",\"contentUrl\":\"https:\/\/sandzakpress.net\/arhiva\/wp-content\/uploads\/2012\/08\/Pljevlja-Pozari1.jpg\",\"width\":600,\"height\":332},{\"@type\":\"BreadcrumbList\",\"@id\":\"https:\/\/sandzakpress.net\/arhiva\/nakon-kratkotrajnog-zatisja-pozari-u-pljevaljskoj-opcini-opet-aktivni\/#breadcrumb\",\"itemListElement\":[{\"@type\":\"ListItem\",\"position\":1,\"name\":\"Home\",\"item\":\"https:\/\/sandzakpress.net\/arhiva\/\"},{\"@type\":\"ListItem\",\"position\":2,\"name\":\"Nakon kratkotrajnog zati\u0161ja, po\u017eari u pljevaljskoj op\u0107ini opet aktivni\"}]},{\"@type\":\"WebSite\",\"@id\":\"https:\/\/sandzakpress.net\/arhiva\/#website\",\"url\":\"https:\/\/sandzakpress.net\/arhiva\/\",\"name\":\"Sand\u017eak PRESS\",\"description\":\"Prve elektronske novine u Sand\u017eaku\",\"publisher\":{\"@id\":\"https:\/\/sandzakpress.net\/arhiva\/#\/schema\/person\/6e72b67d6e51910a1117b3b483ba20bd\"},\"potentialAction\":[{\"@type\":\"SearchAction\",\"target\":{\"@type\":\"EntryPoint\",\"urlTemplate\":\"https:\/\/sandzakpress.net\/arhiva\/?s={search_term_string}\"},\"query-input\":{\"@type\":\"PropertyValueSpecification\",\"valueRequired\":true,\"valueName\":\"search_term_string\"}}],\"inLanguage\":\"bs-BA\"},{\"@type\":[\"Person\",\"Organization\"],\"@id\":\"https:\/\/sandzakpress.net\/arhiva\/#\/schema\/person\/6e72b67d6e51910a1117b3b483ba20bd\",\"name\":\"Kul\",\"image\":{\"@type\":\"ImageObject\",\"inLanguage\":\"bs-BA\",\"@id\":\"https:\/\/sandzakpress.net\/arhiva\/#\/schema\/person\/image\/\",\"url\":\"https:\/\/secure.gravatar.com\/avatar\/42263f39aa27ac04c43cab85c280eb2e?s=96&d=mm&r=pg\",\"contentUrl\":\"https:\/\/secure.gravatar.com\/avatar\/42263f39aa27ac04c43cab85c280eb2e?s=96&d=mm&r=pg\",\"caption\":\"Kul\"},\"logo\":{\"@id\":\"https:\/\/sandzakpress.net\/arhiva\/#\/schema\/person\/image\/\"}},{\"@type\":\"Person\",\"@id\":\"\",\"url\":\"https:\/\/sandzakpress.net\/arhiva\/author\/\"}]}<\/script>\n<!-- \/ Yoast SEO Premium plugin. -->","yoast_head_json":{"title":"Nakon kratkotrajnog zati\u0161ja, po\u017eari u pljevaljskoj op\u0107ini opet aktivni","robots":{"index":"index","follow":"follow","max-snippet":"max-snippet:-1","max-image-preview":"max-image-preview:large","max-video-preview":"max-video-preview:-1"},"canonical":"https:\/\/sandzakpress.net\/arhiva\/nakon-kratkotrajnog-zatisja-pozari-u-pljevaljskoj-opcini-opet-aktivni\/","og_locale":"bs_BA","og_type":"article","og_title":"Nakon kratkotrajnog zati\u0161ja, po\u017eari u pljevaljskoj op\u0107ini opet aktivni","og_description":"Pljevlja &#8211;\u00a0Nakon \u0161to je u ponedjeljak ki\u0161a pomogla vatrogascima pljevaljske Slu\u017ebe za\u0161tite i spa\u0161avanja, ponovo su se aktivirali svi stari po\u017eari na podru\u010dju op\u0161tine, pa se situacija na terenu iznova iskomplikovala. Najkriti\u010dnije je na tri lokacije: Kozlinova\u010di, Ljuti\u0107ima i Borisavljevi\u0107ima. Izuzetno je te\u0161ko i u rejonu Gliba\u0107a, gdje zbog nepristupa\u010dnosti terena ne postoji mogu\u0107nost intervencije. [&hellip;]","og_url":"https:\/\/sandzakpress.net\/arhiva\/nakon-kratkotrajnog-zatisja-pozari-u-pljevaljskoj-opcini-opet-aktivni\/","og_site_name":"Sand\u017eak PRESS","article_published_time":"2012-08-29T10:49:35+00:00","og_image":[{"width":600,"height":332,"url":"https:\/\/sandzakpress.net\/arhiva\/wp-content\/uploads\/2012\/08\/Pljevlja-Pozari1.jpg","type":"image\/jpeg"}],"twitter_card":"summary_large_image","twitter_misc":{"Written by":"","Est. reading time":"2 minute"},"schema":{"@context":"https:\/\/schema.org","@graph":[{"@type":"Article","@id":"https:\/\/sandzakpress.net\/arhiva\/nakon-kratkotrajnog-zatisja-pozari-u-pljevaljskoj-opcini-opet-aktivni\/#article","isPartOf":{"@id":"https:\/\/sandzakpress.net\/arhiva\/nakon-kratkotrajnog-zatisja-pozari-u-pljevaljskoj-opcini-opet-aktivni\/"},"author":{"name":"","@id":""},"headline":"Nakon kratkotrajnog zati\u0161ja, po\u017eari u pljevaljskoj op\u0107ini opet aktivni","datePublished":"2012-08-29T10:49:35+00:00","mainEntityOfPage":{"@id":"https:\/\/sandzakpress.net\/arhiva\/nakon-kratkotrajnog-zatisja-pozari-u-pljevaljskoj-opcini-opet-aktivni\/"},"wordCount":363,"commentCount":0,"publisher":{"@id":"https:\/\/sandzakpress.net\/arhiva\/#\/schema\/person\/6e72b67d6e51910a1117b3b483ba20bd"},"image":{"@id":"https:\/\/sandzakpress.net\/arhiva\/nakon-kratkotrajnog-zatisja-pozari-u-pljevaljskoj-opcini-opet-aktivni\/#primaryimage"},"thumbnailUrl":"https:\/\/sandzakpress.net\/arhiva\/wp-content\/uploads\/2012\/08\/Pljevlja-Pozari1.jpg","articleSection":["Pljevlja","Hronika"],"inLanguage":"bs-BA","potentialAction":[{"@type":"CommentAction","name":"Comment","target":["https:\/\/sandzakpress.net\/arhiva\/nakon-kratkotrajnog-zatisja-pozari-u-pljevaljskoj-opcini-opet-aktivni\/#respond"]}]},{"@type":"WebPage","@id":"https:\/\/sandzakpress.net\/arhiva\/nakon-kratkotrajnog-zatisja-pozari-u-pljevaljskoj-opcini-opet-aktivni\/","url":"https:\/\/sandzakpress.net\/arhiva\/nakon-kratkotrajnog-zatisja-pozari-u-pljevaljskoj-opcini-opet-aktivni\/","name":"Nakon kratkotrajnog zati\u0161ja, po\u017eari u pljevaljskoj op\u0107ini opet aktivni","isPartOf":{"@id":"https:\/\/sandzakpress.net\/arhiva\/#website"},"primaryImageOfPage":{"@id":"https:\/\/sandzakpress.net\/arhiva\/nakon-kratkotrajnog-zatisja-pozari-u-pljevaljskoj-opcini-opet-aktivni\/#primaryimage"},"image":{"@id":"https:\/\/sandzakpress.net\/arhiva\/nakon-kratkotrajnog-zatisja-pozari-u-pljevaljskoj-opcini-opet-aktivni\/#primaryimage"},"thumbnailUrl":"https:\/\/sandzakpress.net\/arhiva\/wp-content\/uploads\/2012\/08\/Pljevlja-Pozari1.jpg","datePublished":"2012-08-29T10:49:35+00:00","breadcrumb":{"@id":"https:\/\/sandzakpress.net\/arhiva\/nakon-kratkotrajnog-zatisja-pozari-u-pljevaljskoj-opcini-opet-aktivni\/#breadcrumb"},"inLanguage":"bs-BA","potentialAction":[{"@type":"ReadAction","target":["https:\/\/sandzakpress.net\/arhiva\/nakon-kratkotrajnog-zatisja-pozari-u-pljevaljskoj-opcini-opet-aktivni\/"]}]},{"@type":"ImageObject","inLanguage":"bs-BA","@id":"https:\/\/sandzakpress.net\/arhiva\/nakon-kratkotrajnog-zatisja-pozari-u-pljevaljskoj-opcini-opet-aktivni\/#primaryimage","url":"https:\/\/sandzakpress.net\/arhiva\/wp-content\/uploads\/2012\/08\/Pljevlja-Pozari1.jpg","contentUrl":"https:\/\/sandzakpress.net\/arhiva\/wp-content\/uploads\/2012\/08\/Pljevlja-Pozari1.jpg","width":600,"height":332},{"@type":"BreadcrumbList","@id":"https:\/\/sandzakpress.net\/arhiva\/nakon-kratkotrajnog-zatisja-pozari-u-pljevaljskoj-opcini-opet-aktivni\/#breadcrumb","itemListElement":[{"@type":"ListItem","position":1,"name":"Home","item":"https:\/\/sandzakpress.net\/arhiva\/"},{"@type":"ListItem","position":2,"name":"Nakon kratkotrajnog zati\u0161ja, po\u017eari u pljevaljskoj op\u0107ini opet aktivni"}]},{"@type":"WebSite","@id":"https:\/\/sandzakpress.net\/arhiva\/#website","url":"https:\/\/sandzakpress.net\/arhiva\/","name":"Sand\u017eak PRESS","description":"Prve elektronske novine u Sand\u017eaku","publisher":{"@id":"https:\/\/sandzakpress.net\/arhiva\/#\/schema\/person\/6e72b67d6e51910a1117b3b483ba20bd"},"potentialAction":[{"@type":"SearchAction","target":{"@type":"EntryPoint","urlTemplate":"https:\/\/sandzakpress.net\/arhiva\/?s={search_term_string}"},"query-input":{"@type":"PropertyValueSpecification","valueRequired":true,"valueName":"search_term_string"}}],"inLanguage":"bs-BA"},{"@type":["Person","Organization"],"@id":"https:\/\/sandzakpress.net\/arhiva\/#\/schema\/person\/6e72b67d6e51910a1117b3b483ba20bd","name":"Kul","image":{"@type":"ImageObject","inLanguage":"bs-BA","@id":"https:\/\/sandzakpress.net\/arhiva\/#\/schema\/person\/image\/","url":"https:\/\/secure.gravatar.com\/avatar\/42263f39aa27ac04c43cab85c280eb2e?s=96&d=mm&r=pg","contentUrl":"https:\/\/secure.gravatar.com\/avatar\/42263f39aa27ac04c43cab85c280eb2e?s=96&d=mm&r=pg","caption":"Kul"},"logo":{"@id":"https:\/\/sandzakpress.net\/arhiva\/#\/schema\/person\/image\/"}},{"@type":"Person","@id":"","url":"https:\/\/sandzakpress.net\/arhiva\/author\/"}]}},"_links":{"self":[{"href":"https:\/\/sandzakpress.net\/arhiva\/wp-json\/wp\/v2\/posts\/48956"}],"collection":[{"href":"https:\/\/sandzakpress.net\/arhiva\/wp-json\/wp\/v2\/posts"}],"about":[{"href":"https:\/\/sandzakpress.net\/arhiva\/wp-json\/wp\/v2\/types\/post"}],"author":[{"embeddable":true,"href":"https:\/\/sandzakpress.net\/arhiva\/wp-json\/wp\/v2\/users\/14"}],"replies":[{"embeddable":true,"href":"https:\/\/sandzakpress.net\/arhiva\/wp-json\/wp\/v2\/comments?post=48956"}],"version-history":[{"count":0,"href":"https:\/\/sandzakpress.net\/arhiva\/wp-json\/wp\/v2\/posts\/48956\/revisions"}],"wp:featuredmedia":[{"embeddable":true,"href":"https:\/\/sandzakpress.net\/arhiva\/wp-json\/wp\/v2\/media\/48958"}],"wp:attachment":[{"href":"https:\/\/sandzakpress.net\/arhiva\/wp-json\/wp\/v2\/media?parent=48956"}],"wp:term":[{"taxonomy":"category","embeddable":true,"href":"https:\/\/sandzakpress.net\/arhiva\/wp-json\/wp\/v2\/categories?post=48956"},{"taxonomy":"post_tag","embeddable":true,"href":"https:\/\/sandzakpress.net\/arhiva\/wp-json\/wp\/v2\/tags?post=48956"}],"curies":[{"name":"wp","href":"https:\/\/api.w.org\/{rel}","templated":true}]}}