{"id":48851,"date":"2012-08-28T14:45:18","date_gmt":"2012-08-28T12:45:18","guid":{"rendered":"https:\/\/sandzakpress.net\/arhiva\/?p=48851"},"modified":"2012-08-28T14:45:18","modified_gmt":"2012-08-28T12:45:18","slug":"bosnjaci-crne-gore-posjetili-turbe-sultana-murata-i","status":"publish","type":"post","link":"https:\/\/sandzakpress.net\/arhiva\/bosnjaci-crne-gore-posjetili-turbe-sultana-murata-i\/","title":{"rendered":"Bo\u0161njaci Crne Gore posjetili turbe sultana Murata I"},"content":{"rendered":"<p><strong><a href=\"https:\/\/sandzakpress.net\/arhiva\/wp-content\/uploads\/2012\/08\/bo\u0161njaci-CG.jpg\"><img loading=\"lazy\" decoding=\"async\" class=\"alignleft size-medium wp-image-48852\" title=\"bo\u0161njaci CG\" src=\"https:\/\/sandzakpress.net\/arhiva\/wp-content\/uploads\/2012\/08\/bo\u0161njaci-CG-300x208.jpg\" alt=\"\" width=\"300\" height=\"208\" \/><\/a>Ju\u017eni Sand\u017eak, Kosovo &#8211; Delegacija bo\u0161nja\u010dkih zvani\u010dnika iz Crne Gore, u okviru posjete Kosovu, obi\u0161la je turbe sultana Murata I, poznatijeg kao Hudavendigara, koje se nalazi na glavnom putnom pravcu Pri\u0161tina-Mitrovica.<\/strong><\/p>\n<p>Delegaciju bo\u0161nja\u010dkih zvani\u010dnika iz Crne Gore \u010dinili su ministar u Vladi Crne Gore Rafet Husovi\u0107, dr\u017eavni poslanici Sulo Mustafi\u0107 i Amer Halilovi\u0107, na\u010delnik op\u0107ine Plav Orhan \u0160abanovi\u0107, predsjedavaju\u0107i skup\u0161tine Op\u0107ine Podgorica Ne\u0111ad Lje\u0161evi\u0107 i zamjenik predsjednika Bo\u0161nja\u010dke stranke u Crnoj Gori Osman Nurkovi\u0107.<br \/>\n\u010clanovi delegacije izrazili su zadovoljstvo \u0161to su imali priliku da posjete turbe i da prou\u010de dovu za sultana Murata I.<\/p>\n<p>Na\u010delnik op\u0107ine Plav Orhan \u0160abanovi\u0107, za agenciju Anadolija je istakao da bi svaki Bo\u0161njak trebao da posjeti turbe sultana Murata I.<\/p>\n<p>\u201cPrije nego \u0161to smo do\u0161li ovdje, mislili smo da turbe nije renovirano i lijepo ure\u0111eno. Strahovali smo da je zbog ratnih strahota, koje su se ovdje desile, i turbe o\u0161te\u0107eno i oskrnavljeno. Hvala Bogu da je turbe ovako lijepo i uredno ura\u0111eno\u201d, istakao je \u0160abanovi\u0107.<\/p>\n<p>On je kazao kako je presretan \u0161to ima priliku prou\u010diti dovu na mezaru sultana Murata I, te da je ovo turbe sveto mjesto koje bi svaki Bo\u0161njak trebao \u010duvati.<br \/>\n\u0160abanovi\u0107 je istakao da je turbe zna\u010dajno mjesto sa kojeg se islam pro\u0161irio prvo na Balkan, a onda i u ostatak evropskog kontinenta.<\/p>\n<p>U toku posjete turbetu, delegacija bo\u0161nja\u010dkih zvani\u010dnika iz Crne Gore se informisala i o detaljima prve Kosovske bitke.<\/p>\n<p>(Anadolu)<\/p>\n","protected":false},"excerpt":{"rendered":"<p>Ju\u017eni Sand\u017eak, Kosovo &#8211; Delegacija bo\u0161nja\u010dkih zvani\u010dnika iz Crne Gore, u okviru posjete Kosovu, obi\u0161la je turbe sultana Murata I, poznatijeg kao Hudavendigara, koje se nalazi na glavnom putnom pravcu Pri\u0161tina-Mitrovica. Delegaciju bo\u0161nja\u010dkih zvani\u010dnika iz Crne Gore \u010dinili su ministar u Vladi Crne Gore Rafet Husovi\u0107, dr\u017eavni poslanici Sulo Mustafi\u0107 i Amer Halilovi\u0107, na\u010delnik op\u0107ine [&hellip;]<\/p>\n","protected":false},"author":14,"featured_media":48852,"comment_status":"open","ping_status":"open","sticky":false,"template":"","format":"standard","meta":{"footnotes":""},"categories":[398,2690,1,396,395,399],"tags":[],"class_list":{"0":"post-48851","1":"post","2":"type-post","3":"status-publish","4":"format-standard","5":"has-post-thumbnail","7":"category-rozaje","8":"category-kosovo-gradovi","9":"category-politika","10":"category-bijelo_polje","11":"category-pljevlja_","12":"category-plav_"},"yoast_head":"<!-- This site is optimized with the Yoast SEO Premium plugin v23.1 (Yoast SEO v24.9) - https:\/\/yoast.com\/wordpress\/plugins\/seo\/ -->\n<title>Bo\u0161njaci Crne Gore posjetili turbe sultana Murata I<\/title>\n<meta name=\"robots\" content=\"index, follow, max-snippet:-1, max-image-preview:large, max-video-preview:-1\" \/>\n<link rel=\"canonical\" href=\"https:\/\/sandzakpress.net\/arhiva\/bosnjaci-crne-gore-posjetili-turbe-sultana-murata-i\/\" \/>\n<meta property=\"og:locale\" content=\"bs_BA\" \/>\n<meta property=\"og:type\" content=\"article\" \/>\n<meta property=\"og:title\" content=\"Bo\u0161njaci Crne Gore posjetili turbe sultana Murata I\" \/>\n<meta property=\"og:description\" content=\"Ju\u017eni Sand\u017eak, Kosovo &#8211; Delegacija bo\u0161nja\u010dkih zvani\u010dnika iz Crne Gore, u okviru posjete Kosovu, obi\u0161la je turbe sultana Murata I, poznatijeg kao Hudavendigara, koje se nalazi na glavnom putnom pravcu Pri\u0161tina-Mitrovica. Delegaciju bo\u0161nja\u010dkih zvani\u010dnika iz Crne Gore \u010dinili su ministar u Vladi Crne Gore Rafet Husovi\u0107, dr\u017eavni poslanici Sulo Mustafi\u0107 i Amer Halilovi\u0107, na\u010delnik op\u0107ine [&hellip;]\" \/>\n<meta property=\"og:url\" content=\"https:\/\/sandzakpress.net\/arhiva\/bosnjaci-crne-gore-posjetili-turbe-sultana-murata-i\/\" \/>\n<meta property=\"og:site_name\" content=\"Sand\u017eak PRESS\" \/>\n<meta property=\"article:published_time\" content=\"2012-08-28T12:45:18+00:00\" \/>\n<meta property=\"og:image\" content=\"https:\/\/sandzakpress.net\/arhiva\/wp-content\/uploads\/2012\/08\/bo\u0161njaci-CG.jpg\" \/>\n\t<meta property=\"og:image:width\" content=\"609\" \/>\n\t<meta property=\"og:image:height\" content=\"424\" \/>\n\t<meta property=\"og:image:type\" content=\"image\/jpeg\" \/>\n<meta name=\"twitter:card\" content=\"summary_large_image\" \/>\n<meta name=\"twitter:label1\" content=\"Written by\" \/>\n\t<meta name=\"twitter:data1\" content=\"\" \/>\n\t<meta name=\"twitter:label2\" content=\"Est. reading time\" \/>\n\t<meta name=\"twitter:data2\" content=\"1 minuta\" \/>\n<script type=\"application\/ld+json\" class=\"yoast-schema-graph\">{\"@context\":\"https:\/\/schema.org\",\"@graph\":[{\"@type\":\"Article\",\"@id\":\"https:\/\/sandzakpress.net\/arhiva\/bosnjaci-crne-gore-posjetili-turbe-sultana-murata-i\/#article\",\"isPartOf\":{\"@id\":\"https:\/\/sandzakpress.net\/arhiva\/bosnjaci-crne-gore-posjetili-turbe-sultana-murata-i\/\"},\"author\":{\"name\":\"\",\"@id\":\"\"},\"headline\":\"Bo\u0161njaci Crne Gore posjetili turbe sultana Murata I\",\"datePublished\":\"2012-08-28T12:45:18+00:00\",\"mainEntityOfPage\":{\"@id\":\"https:\/\/sandzakpress.net\/arhiva\/bosnjaci-crne-gore-posjetili-turbe-sultana-murata-i\/\"},\"wordCount\":276,\"commentCount\":2,\"publisher\":{\"@id\":\"https:\/\/sandzakpress.net\/arhiva\/#\/schema\/person\/6e72b67d6e51910a1117b3b483ba20bd\"},\"image\":{\"@id\":\"https:\/\/sandzakpress.net\/arhiva\/bosnjaci-crne-gore-posjetili-turbe-sultana-murata-i\/#primaryimage\"},\"thumbnailUrl\":\"https:\/\/sandzakpress.net\/arhiva\/wp-content\/uploads\/2012\/08\/bo\u0161njaci-CG.jpg\",\"articleSection\":[\"Ro\u017eaje\",\"Kosovo\",\"Politika\",\"Bijelo Polje\",\"Pljevlja\",\"Plav\"],\"inLanguage\":\"bs-BA\",\"potentialAction\":[{\"@type\":\"CommentAction\",\"name\":\"Comment\",\"target\":[\"https:\/\/sandzakpress.net\/arhiva\/bosnjaci-crne-gore-posjetili-turbe-sultana-murata-i\/#respond\"]}]},{\"@type\":\"WebPage\",\"@id\":\"https:\/\/sandzakpress.net\/arhiva\/bosnjaci-crne-gore-posjetili-turbe-sultana-murata-i\/\",\"url\":\"https:\/\/sandzakpress.net\/arhiva\/bosnjaci-crne-gore-posjetili-turbe-sultana-murata-i\/\",\"name\":\"Bo\u0161njaci Crne Gore posjetili turbe sultana Murata I\",\"isPartOf\":{\"@id\":\"https:\/\/sandzakpress.net\/arhiva\/#website\"},\"primaryImageOfPage\":{\"@id\":\"https:\/\/sandzakpress.net\/arhiva\/bosnjaci-crne-gore-posjetili-turbe-sultana-murata-i\/#primaryimage\"},\"image\":{\"@id\":\"https:\/\/sandzakpress.net\/arhiva\/bosnjaci-crne-gore-posjetili-turbe-sultana-murata-i\/#primaryimage\"},\"thumbnailUrl\":\"https:\/\/sandzakpress.net\/arhiva\/wp-content\/uploads\/2012\/08\/bo\u0161njaci-CG.jpg\",\"datePublished\":\"2012-08-28T12:45:18+00:00\",\"breadcrumb\":{\"@id\":\"https:\/\/sandzakpress.net\/arhiva\/bosnjaci-crne-gore-posjetili-turbe-sultana-murata-i\/#breadcrumb\"},\"inLanguage\":\"bs-BA\",\"potentialAction\":[{\"@type\":\"ReadAction\",\"target\":[\"https:\/\/sandzakpress.net\/arhiva\/bosnjaci-crne-gore-posjetili-turbe-sultana-murata-i\/\"]}]},{\"@type\":\"ImageObject\",\"inLanguage\":\"bs-BA\",\"@id\":\"https:\/\/sandzakpress.net\/arhiva\/bosnjaci-crne-gore-posjetili-turbe-sultana-murata-i\/#primaryimage\",\"url\":\"https:\/\/sandzakpress.net\/arhiva\/wp-content\/uploads\/2012\/08\/bo\u0161njaci-CG.jpg\",\"contentUrl\":\"https:\/\/sandzakpress.net\/arhiva\/wp-content\/uploads\/2012\/08\/bo\u0161njaci-CG.jpg\",\"width\":609,\"height\":424},{\"@type\":\"BreadcrumbList\",\"@id\":\"https:\/\/sandzakpress.net\/arhiva\/bosnjaci-crne-gore-posjetili-turbe-sultana-murata-i\/#breadcrumb\",\"itemListElement\":[{\"@type\":\"ListItem\",\"position\":1,\"name\":\"Home\",\"item\":\"https:\/\/sandzakpress.net\/arhiva\/\"},{\"@type\":\"ListItem\",\"position\":2,\"name\":\"Bo\u0161njaci Crne Gore posjetili turbe sultana Murata I\"}]},{\"@type\":\"WebSite\",\"@id\":\"https:\/\/sandzakpress.net\/arhiva\/#website\",\"url\":\"https:\/\/sandzakpress.net\/arhiva\/\",\"name\":\"Sand\u017eak PRESS\",\"description\":\"Prve elektronske novine u Sand\u017eaku\",\"publisher\":{\"@id\":\"https:\/\/sandzakpress.net\/arhiva\/#\/schema\/person\/6e72b67d6e51910a1117b3b483ba20bd\"},\"potentialAction\":[{\"@type\":\"SearchAction\",\"target\":{\"@type\":\"EntryPoint\",\"urlTemplate\":\"https:\/\/sandzakpress.net\/arhiva\/?s={search_term_string}\"},\"query-input\":{\"@type\":\"PropertyValueSpecification\",\"valueRequired\":true,\"valueName\":\"search_term_string\"}}],\"inLanguage\":\"bs-BA\"},{\"@type\":[\"Person\",\"Organization\"],\"@id\":\"https:\/\/sandzakpress.net\/arhiva\/#\/schema\/person\/6e72b67d6e51910a1117b3b483ba20bd\",\"name\":\"Kul\",\"image\":{\"@type\":\"ImageObject\",\"inLanguage\":\"bs-BA\",\"@id\":\"https:\/\/sandzakpress.net\/arhiva\/#\/schema\/person\/image\/\",\"url\":\"https:\/\/secure.gravatar.com\/avatar\/42263f39aa27ac04c43cab85c280eb2e?s=96&d=mm&r=pg\",\"contentUrl\":\"https:\/\/secure.gravatar.com\/avatar\/42263f39aa27ac04c43cab85c280eb2e?s=96&d=mm&r=pg\",\"caption\":\"Kul\"},\"logo\":{\"@id\":\"https:\/\/sandzakpress.net\/arhiva\/#\/schema\/person\/image\/\"}},{\"@type\":\"Person\",\"@id\":\"\",\"url\":\"https:\/\/sandzakpress.net\/arhiva\/author\/\"}]}<\/script>\n<!-- \/ Yoast SEO Premium plugin. -->","yoast_head_json":{"title":"Bo\u0161njaci Crne Gore posjetili turbe sultana Murata I","robots":{"index":"index","follow":"follow","max-snippet":"max-snippet:-1","max-image-preview":"max-image-preview:large","max-video-preview":"max-video-preview:-1"},"canonical":"https:\/\/sandzakpress.net\/arhiva\/bosnjaci-crne-gore-posjetili-turbe-sultana-murata-i\/","og_locale":"bs_BA","og_type":"article","og_title":"Bo\u0161njaci Crne Gore posjetili turbe sultana Murata I","og_description":"Ju\u017eni Sand\u017eak, Kosovo &#8211; Delegacija bo\u0161nja\u010dkih zvani\u010dnika iz Crne Gore, u okviru posjete Kosovu, obi\u0161la je turbe sultana Murata I, poznatijeg kao Hudavendigara, koje se nalazi na glavnom putnom pravcu Pri\u0161tina-Mitrovica. Delegaciju bo\u0161nja\u010dkih zvani\u010dnika iz Crne Gore \u010dinili su ministar u Vladi Crne Gore Rafet Husovi\u0107, dr\u017eavni poslanici Sulo Mustafi\u0107 i Amer Halilovi\u0107, na\u010delnik op\u0107ine [&hellip;]","og_url":"https:\/\/sandzakpress.net\/arhiva\/bosnjaci-crne-gore-posjetili-turbe-sultana-murata-i\/","og_site_name":"Sand\u017eak PRESS","article_published_time":"2012-08-28T12:45:18+00:00","og_image":[{"width":609,"height":424,"url":"https:\/\/sandzakpress.net\/arhiva\/wp-content\/uploads\/2012\/08\/bo\u0161njaci-CG.jpg","type":"image\/jpeg"}],"twitter_card":"summary_large_image","twitter_misc":{"Written by":"","Est. reading time":"1 minuta"},"schema":{"@context":"https:\/\/schema.org","@graph":[{"@type":"Article","@id":"https:\/\/sandzakpress.net\/arhiva\/bosnjaci-crne-gore-posjetili-turbe-sultana-murata-i\/#article","isPartOf":{"@id":"https:\/\/sandzakpress.net\/arhiva\/bosnjaci-crne-gore-posjetili-turbe-sultana-murata-i\/"},"author":{"name":"","@id":""},"headline":"Bo\u0161njaci Crne Gore posjetili turbe sultana Murata I","datePublished":"2012-08-28T12:45:18+00:00","mainEntityOfPage":{"@id":"https:\/\/sandzakpress.net\/arhiva\/bosnjaci-crne-gore-posjetili-turbe-sultana-murata-i\/"},"wordCount":276,"commentCount":2,"publisher":{"@id":"https:\/\/sandzakpress.net\/arhiva\/#\/schema\/person\/6e72b67d6e51910a1117b3b483ba20bd"},"image":{"@id":"https:\/\/sandzakpress.net\/arhiva\/bosnjaci-crne-gore-posjetili-turbe-sultana-murata-i\/#primaryimage"},"thumbnailUrl":"https:\/\/sandzakpress.net\/arhiva\/wp-content\/uploads\/2012\/08\/bo\u0161njaci-CG.jpg","articleSection":["Ro\u017eaje","Kosovo","Politika","Bijelo Polje","Pljevlja","Plav"],"inLanguage":"bs-BA","potentialAction":[{"@type":"CommentAction","name":"Comment","target":["https:\/\/sandzakpress.net\/arhiva\/bosnjaci-crne-gore-posjetili-turbe-sultana-murata-i\/#respond"]}]},{"@type":"WebPage","@id":"https:\/\/sandzakpress.net\/arhiva\/bosnjaci-crne-gore-posjetili-turbe-sultana-murata-i\/","url":"https:\/\/sandzakpress.net\/arhiva\/bosnjaci-crne-gore-posjetili-turbe-sultana-murata-i\/","name":"Bo\u0161njaci Crne Gore posjetili turbe sultana Murata I","isPartOf":{"@id":"https:\/\/sandzakpress.net\/arhiva\/#website"},"primaryImageOfPage":{"@id":"https:\/\/sandzakpress.net\/arhiva\/bosnjaci-crne-gore-posjetili-turbe-sultana-murata-i\/#primaryimage"},"image":{"@id":"https:\/\/sandzakpress.net\/arhiva\/bosnjaci-crne-gore-posjetili-turbe-sultana-murata-i\/#primaryimage"},"thumbnailUrl":"https:\/\/sandzakpress.net\/arhiva\/wp-content\/uploads\/2012\/08\/bo\u0161njaci-CG.jpg","datePublished":"2012-08-28T12:45:18+00:00","breadcrumb":{"@id":"https:\/\/sandzakpress.net\/arhiva\/bosnjaci-crne-gore-posjetili-turbe-sultana-murata-i\/#breadcrumb"},"inLanguage":"bs-BA","potentialAction":[{"@type":"ReadAction","target":["https:\/\/sandzakpress.net\/arhiva\/bosnjaci-crne-gore-posjetili-turbe-sultana-murata-i\/"]}]},{"@type":"ImageObject","inLanguage":"bs-BA","@id":"https:\/\/sandzakpress.net\/arhiva\/bosnjaci-crne-gore-posjetili-turbe-sultana-murata-i\/#primaryimage","url":"https:\/\/sandzakpress.net\/arhiva\/wp-content\/uploads\/2012\/08\/bo\u0161njaci-CG.jpg","contentUrl":"https:\/\/sandzakpress.net\/arhiva\/wp-content\/uploads\/2012\/08\/bo\u0161njaci-CG.jpg","width":609,"height":424},{"@type":"BreadcrumbList","@id":"https:\/\/sandzakpress.net\/arhiva\/bosnjaci-crne-gore-posjetili-turbe-sultana-murata-i\/#breadcrumb","itemListElement":[{"@type":"ListItem","position":1,"name":"Home","item":"https:\/\/sandzakpress.net\/arhiva\/"},{"@type":"ListItem","position":2,"name":"Bo\u0161njaci Crne Gore posjetili turbe sultana Murata I"}]},{"@type":"WebSite","@id":"https:\/\/sandzakpress.net\/arhiva\/#website","url":"https:\/\/sandzakpress.net\/arhiva\/","name":"Sand\u017eak PRESS","description":"Prve elektronske novine u Sand\u017eaku","publisher":{"@id":"https:\/\/sandzakpress.net\/arhiva\/#\/schema\/person\/6e72b67d6e51910a1117b3b483ba20bd"},"potentialAction":[{"@type":"SearchAction","target":{"@type":"EntryPoint","urlTemplate":"https:\/\/sandzakpress.net\/arhiva\/?s={search_term_string}"},"query-input":{"@type":"PropertyValueSpecification","valueRequired":true,"valueName":"search_term_string"}}],"inLanguage":"bs-BA"},{"@type":["Person","Organization"],"@id":"https:\/\/sandzakpress.net\/arhiva\/#\/schema\/person\/6e72b67d6e51910a1117b3b483ba20bd","name":"Kul","image":{"@type":"ImageObject","inLanguage":"bs-BA","@id":"https:\/\/sandzakpress.net\/arhiva\/#\/schema\/person\/image\/","url":"https:\/\/secure.gravatar.com\/avatar\/42263f39aa27ac04c43cab85c280eb2e?s=96&d=mm&r=pg","contentUrl":"https:\/\/secure.gravatar.com\/avatar\/42263f39aa27ac04c43cab85c280eb2e?s=96&d=mm&r=pg","caption":"Kul"},"logo":{"@id":"https:\/\/sandzakpress.net\/arhiva\/#\/schema\/person\/image\/"}},{"@type":"Person","@id":"","url":"https:\/\/sandzakpress.net\/arhiva\/author\/"}]}},"_links":{"self":[{"href":"https:\/\/sandzakpress.net\/arhiva\/wp-json\/wp\/v2\/posts\/48851"}],"collection":[{"href":"https:\/\/sandzakpress.net\/arhiva\/wp-json\/wp\/v2\/posts"}],"about":[{"href":"https:\/\/sandzakpress.net\/arhiva\/wp-json\/wp\/v2\/types\/post"}],"author":[{"embeddable":true,"href":"https:\/\/sandzakpress.net\/arhiva\/wp-json\/wp\/v2\/users\/14"}],"replies":[{"embeddable":true,"href":"https:\/\/sandzakpress.net\/arhiva\/wp-json\/wp\/v2\/comments?post=48851"}],"version-history":[{"count":0,"href":"https:\/\/sandzakpress.net\/arhiva\/wp-json\/wp\/v2\/posts\/48851\/revisions"}],"wp:featuredmedia":[{"embeddable":true,"href":"https:\/\/sandzakpress.net\/arhiva\/wp-json\/wp\/v2\/media\/48852"}],"wp:attachment":[{"href":"https:\/\/sandzakpress.net\/arhiva\/wp-json\/wp\/v2\/media?parent=48851"}],"wp:term":[{"taxonomy":"category","embeddable":true,"href":"https:\/\/sandzakpress.net\/arhiva\/wp-json\/wp\/v2\/categories?post=48851"},{"taxonomy":"post_tag","embeddable":true,"href":"https:\/\/sandzakpress.net\/arhiva\/wp-json\/wp\/v2\/tags?post=48851"}],"curies":[{"name":"wp","href":"https:\/\/api.w.org\/{rel}","templated":true}]}}