{"id":48798,"date":"2015-05-14T13:00:40","date_gmt":"2015-05-14T11:00:40","guid":{"rendered":"https:\/\/sandzakpress.net\/arhiva\/?p=48798"},"modified":"2015-05-14T20:31:44","modified_gmt":"2015-05-14T18:31:44","slug":"koje-ratne-zlocine-je-pocinio-draza-mihajlovic","status":"publish","type":"post","link":"https:\/\/sandzakpress.net\/arhiva\/koje-ratne-zlocine-je-pocinio-draza-mihajlovic\/","title":{"rendered":"Koje ratne zlo\u010dine je po\u010dinio Dra\u017ea Mihajlovi\u0107?"},"content":{"rendered":"<p><a href=\"https:\/\/sandzakpress.net\/arhiva\/wp-content\/uploads\/2012\/08\/cetnici.jpg\"><img loading=\"lazy\" decoding=\"async\" class=\"aligncenter size-full wp-image-48799\" title=\"cetnici\" src=\"https:\/\/sandzakpress.net\/arhiva\/wp-content\/uploads\/2012\/08\/cetnici.jpg\" alt=\"\" width=\"616\" height=\"419\" \/><\/a><\/p>\n<p><strong>Za dana\u0161nji dan, 23.3.2012. zakazan je po\u010detak sudske procedure za rehabilitaciju presu\u0111enog i u prisutnosti dr\u017eavnih organa tada\u0161nje FNRJ egzekutiranog ratnog zlo\u010dinca, najve\u0107eg zlikovca i vo\u0111e nacionalisti\u010dko-fa\u0161isti\u010dke \u010detni\u010dke bande u Drugom svjetskom ratu. <\/strong><\/p>\n<p>Rehabilitacija Dra\u017ee Mihailovi\u0107a je, me\u0111utim, samo paravan, odnosno \u201eopipavanje pulsa\u201c me\u0111unarodnoj zajednici za sve budu\u0107e rehabilitacije pripadnika najnovije \u010detni\u010dke generacije bandita, kao naprimjer, Slobodana Milo\u0161evi\u0107a, Radovana Karad\u017ei\u0107a, Biljane Plav\u0161i\u0107, kolja\u010da Batka, te \u010ditave neo\u010detni\u010dke bulumente koja trune u Ha\u0161kom zatvoru ili po zatvorima u Evropi. Ako najrelavantniji politi\u010diki ljudi globalne me\u0111unarodne zajednice i sav slobodarski demokratski svijet utemeljen na antifa\u0161izmu pre\u0111u \u0107utke preko najavljene rahabilitacije ovog kapitalnog ratnog zlo\u010dinca i sluge njema\u010dkih nacista i italijanskih fa\u0161ista, to \u0107e biti jasno \u201ezeleno svjetlo\u201c za rehabilitaciju poglavnika NDH Dr Ante Paveli\u0107a, Maksa Luburi\u0107a i svih usta\u0161a i kompletnog usta\u0161tva. Naime, historijske \u010dinjenice nedvojbeno pokazuju da se izme\u0111u Paveli\u0107a i Mihailovi\u0107a, ta\u010dnije, izme\u0111u usta\u0161tva i \u010detni\u0161tva, mo\u017ee staviti \u010dvrst znak jednakosti. Ne znam, ali se imam razloga pribojavati da \u0107e se u Njema\u010dkoj i Italiji uskoro pojaviti kriti\u010dne mase neonacista i neofa\u0161ista koji \u0107e tra\u017eiti rehabilitaciju nacionalsocijalizma i Adolfa Hitlera, te fa\u0161izma i Benita Mussolinija. Vjerovatno \u0107e i ove godine na ANZAC paradi mar\u0161irati stari i mladi, novoodgojeni \u010detnici i ponosno nositi slike svoga rehabilitiranog vo\u0111e, koji jeste presu\u0111en i strijeljan, ali, vidimo da njegova ideja i ideologija i dalje \u017eivi, \u010dak i ovdje. Tu\u017eno je da Australija, zemlja najvi\u0161ih standarda demokratije i ljudskih sloboda, sebi dozvoljava takvu sramotu kakva je direktno podr\u017eavanje i legalizacija \u010detni\u0161tva i \u010detni\u010dke ideologije.<\/p>\n<p>Evo, i\u0161\u010deprkah dio originalnog teksta optu\u017enice i to samo onaj koji se odnosi na dokazane zlo\u010dine \u010detni\u010dkog vo\u0111e Dra\u017ee Mihailovi\u0107a, a koji \u0107e svakom normalnom \u010dovjeku zorno pokazati o kakvom se krvoloku radilo.<\/p>\n<p><strong>Vojno tu\u017eila\u0161tvo Jugoslovenske armije \u2013 Vrhovnom sudu Federativne Narodne Republike Jugoslavije, Beograd, 31. maj 1946. godine<\/strong><\/p>\n<p><strong>Izvod iz optu\u017enice protivu Mihailovi\u0107 Dragoljuba \u2013 Dra\u017ee, dr Moljevi\u0107 Stevana i \u017dujovi\u0107 Mladena<\/strong><\/p>\n<p><strong>Vojno tu\u017eio\u0161tvo Jugoslovenske armije <\/strong><\/p>\n<p><strong>Br. 711\/46, 31. maja 1946. g.<\/strong><\/p>\n<p><strong>Vrhovnom sudu Federativne Narodne Republike Jugoslavije \u2013 Vojno ve\u0107e, Beograd<\/strong><\/p>\n<p>Na osnovu \u010dlana 46. Zakona o ure\u0111enju narodnih sudova i \u010dlana 14. alineje 2. Zakona o krivi\u010dnim delima protiv naroda i dr\u017eave, a u smislu \u010dlana 7. i \u010dlana 19. Zakona o ure\u0111enju i nadle\u017enosti vojnih sudova u Jugoslovenskoj armiji podnosim tome Sudu<\/p>\n<p><strong>OPTU\u017dNICU<\/strong><\/p>\n<p>protiv slede\u0107ih lica:<\/p>\n<ol>\n<li>1.Mihailovi\u0107 Dragoljuba \u2013 Dra\u017ee, ro\u0111en 27 aprila 1893. godine u Ivanjici, od oca Mihaila i majke Smiljane ro\u0111ene Petrovi\u0107, Srbin, jugoslovenski dr\u017eavljanin, o\u017eenjen, otac dvoje dece, pre rata bio pukovnik biv\u0161e jugoslovenske vojske, a u toku okupacije proizveden u \u010din armijskog generala, bio ministar vojni izbegli\u010dke vlade i na\u010delnik \u0161taba Vrhovne komande takozvane jugoslovenske vojske u otad\u017ebini \u2013 sada je u zatvoru.<\/li>\n<li>2.Dr. Moljevi\u0107 Stevana, ro\u0111en 6 januara 1888. godine u Rudom, od oca Jovana i majke Mitre, ro\u0111ene Babi\u0107, otac dvoje dece, svr\u0161io pravni fakultet u Zagrebu, Srbin, jugoslovenski dr\u017eavljanin, pre rata bio advokat u Banjaluci, a za vreme okupacije bio \u010dlan \u0161taba Vrhovne komande Dra\u017ee Mihailovi\u0107a \u2013 sada u zatvoru.<\/li>\n<li>3.\u017dujovi\u0107 Mladena, ro\u0111en 5 juna 1895 godine u Beogradu, od oca Jevrema i majke Danice, pre rata bio advokatski pripravnik u Beogradu, Srbin, jugoslovenski dr\u017eavljanin, odsutan \u2013 sada u inostranstvu.<\/li>\n<\/ol>\n<p><strong>RATNI ZLO\u010cINI <\/strong><\/p>\n<p>41. Mihailovi\u0107 je putem bezbrojnih raspisa, naredaba, radiograma, direktiva, upu\u0107ivanih svim njegovim komandantima, kao i pojedinim komandantima u konkretnim slu\u010dajevima, po\u010dev od jeseni 1941, izdavao stroga nare\u0111enja da bez milosti uni\u0161tavaju sve borce Narodno-oslobodila\u010dke vojske i partizanskih odreda, zarobljene i ranjene borce, sve simpatizere Narodno-oslobodila\u010dkog pokreta, svakog onoga ko ma \u010dime poma\u017ee Narodno-oslobodila\u010dku vojsku i partizanske odrede, nazivaju\u0107i u svojim depe\u0161ama, raspisima i direktivama sve pripadnike Narodno-oslobodila\u010dkog pokreta komunistima, bolj\u0161evicima, usta\u010dko-bolj\u0161evi\u010dkim bandama i tako dalje.<\/p>\n<p>42. Mihailovi\u0107 je tako\u0111er izdavao nare\u0111enja svojim komandantima da uni\u0161tavaju muslimane (koje je on nazivao Turcima) i Hrvate (koje je on izjedna\u010davao sa usta\u0161ama).<\/p>\n<p>43. Mihailovi\u0107 je uveo u primenu metodu ubijanja ljudi bez suda i ma kakvog ispitivanja krivice. Osude na smrt izricao je on, a to pravo bio je preneo i na svoje komandante korpusa, brigada, pa i bataljona. Osu\u0111ene na smrt je stavljao pod slovo \u201eZ\u201c.<\/p>\n<p>44. Za izvr\u0161enje smrtnih osuda po metodi slova \u201eZ\u201c (slovo \u201eZ\u201c je po\u010detno slovo od re\u010di \u201ezaklati\u201c, a lice stavljeno pod slovo \u201eZ\u201c moralo je biti zaklano), Mihailovi\u0107 je dao direktivu da svaka njegova brigada formira \u201ecrne trojke\u201c koje su konspirativno radile. Po Mihailovi\u0107evim direktivama komandanti brigada su u \u201ecrne trojke\u201c odabirali krvolo\u010dne ljude koji su stupanjem u \u201ecrnu trojku\u201c davali pristanak da izvr\u0161e svako nare\u0111enje bez pogovora, a da u slu\u010daju neizvr\u0161enja nare\u0111enja budu streljani. Mihailovi\u0107 je, \u0161ta vi\u0161e, davao \u201ecrnim trojkama\u201c direktive kako treba da kolju. \u0160ef \u010detni\u010dkih \u201ecrnih trojki\u201c bio je sam Mihailovi\u0107.<\/p>\n<p>45. Pored \u201ecrnih trojki\u201c, Mihailovi\u0107 je mnogo puta izdao nare\u0111enje da svaki \u010detni\u010dki komandant korpusa formira lete\u0107e brigade, kojima je dao isklju\u010divo u zadatak da o\u010diste svoj teren od partizana (ili, kako on ka\u017ee, komunista) i njihovih simpatizera i svih drugih elemenata koji se ne sla\u017eu sa njegovom organizacijom, a da se ne upu\u0161taju ni u kakve sukobe sa okupatorom.<\/p>\n<p>46. Izvr\u0161uju\u0107i Mihailovi\u0107eva nare\u0111enja, njegovi komandanti korpusa i brigada, njegovi korpusi i brigade, njegove \u201ecrne trojke\u201c i lete\u0107e brigade, izvr\u0161ile su u toku rata i okupacije bezbroj raznovrsnih ratnih zlo\u010dina u svim krajevima Jugoslavije, u Srbiji, Crnoj Gori, Sand\u017eaku, Bosni, Hercegovini, Hrvatskoj (naro\u010dito u Dalmaciji i Lici) i Sloveniji pa su tako:<\/p>\n<p>U novembru 1941. \u010detnici su streljali u selu Braji\u0107ima (srez takovski) na mestu Drenovi Vrh oko 500 zarobljenih partizana i pristalica oslobodila\u010dke borbe. Mesto na kojem su partizani streljani nalazi se na kratkom odstojanju od Ravne Gore na kojoj se nalazio Mihailovi\u0107 sa svojim \u0161tabom.<\/p>\n<p>U no\u0107i izme\u0111u 13. i 14. novembra 1941. predao je \u010detni\u010dki komandant Jovan \u0160kava po Mihailovi\u0107evom nare\u0111enju oko 365 partizana Nemcima u selo Slovac (blizu Valjeva), koje su Nemci odveli u Valjevo i streljali u blizini Valjeva, na mestu zvanom Kru\u0161ik.<\/p>\n<p>Po\u010detkom novembra 1941. Mihailovi\u0107ev komandant Ajda\u010di\u0107 zaklao je 13 partizanskih simpatizera u blizini Kosjeri\u0107a, na mestu zvanom Ridovi, me\u0111u kojima i u\u010diteljice Jelenu Subi\u0107-Gmizovi\u0107 i Milevu Kosovac koje su \u010detnici, pre nego \u0161to su ih zaklali, silovali i unakazili usijanim gvo\u017e\u0111em.<\/p>\n<p>Na dan 4. novembra 1941. \u010detnici su ubili blizu Ravne Gore oko 30 partizana koje su bili na prevaru zarobili, me\u0111u kojima je bilo 18 devojaka koje su bile upu\u0107ene u U\u017eice za bolni\u010darke.<\/p>\n<p>U decembru 1941. Mihailovi\u0107evi \u010detnici streljali su, zajedno sa Nemcima, u \u010ca\u010dku, samo u jedan mah, 80 pripadnika Narodno-oslobodila\u010dkog pokreta.<\/p>\n<p>U decembru 1941. u srezu po\u017ee\u0161kom radio je me\u0161oviti njema\u010dko-\u010detni\u010dki sud koji je samo u jedan mah osudio na smrt 12 pristalica partizana.<\/p>\n<p>U decembru 1941. i tokom januara 1942. \u010detnici su poklali preko dve hiljade muslimana \u2013 ljudi, \u017eena i dece iz okoline Fo\u010de, \u010cajni\u010da i Gora\u017eda. Klanja su vr\u0161ili na mostovima na Drini u Fo\u010di i Gora\u017edu.<\/p>\n<p>U toku decembra 1941. i tokom cele 1942. Mihailovi\u0107evi \u010detnici pohapsili su i predali Nemcima u raznim krajevima Srbije hiljade pristalica partizana, koje su Nemci streljali u logorima Banjici, \u0160apcu, Ni\u0161u, U\u017eicu, \u010ca\u010dku i drugim mestima, a pored toga sami \u010detnici su poubijali hiljade pristalica partizana, oplja\u010dkali mnoga sela, batinali hiljade ljudi, a veliki broj \u017eena i devojaka iz partizanskih porodica silovali.<\/p>\n<p>Na dan 1. aprila 1942. godine \u010detnici Rada Radi\u0107a pobili su u Jo\u0161avci 20 ranjenih partizana, a me\u0111u njima i te\u0161ko ranjenog doktora Mladena Stojanovi\u0107a.<\/p>\n<p>Aprila 1942. \u010detnici Lazara te\u0161anovi\u0107a i Rada Radi\u0107a (koji su se bili stavili pod komandu Mihailovi\u0107evog kapetana Ra\u010di\u0107a) ubili su 70 ranjenih partizana.<\/p>\n<p>Krajem aprila 1942. Spasoje Daki\u0107, komandant jednog Mihailovi\u0107evog bataljona u isto\u010dnoj Bosni, zaklao je engleskog majora Terensa Atertona i jednog njegovog radiotelegrafistu, engleskog narednika.<\/p>\n<p>Juna 1942. Mihailovi\u0107evi \u010detnici su u okolini Gacka u selu Izgori zapalili bolnicu sa 10 te\u0161kih partizanskih ranjenika.<\/p>\n<p>Juna 1942 Mihailovi\u0107ev odred pod komandom kapetana \u0110uki\u0107a Vladimira izveo je iz zatvora u Nik\u0161i\u0107u 25 pristalica narodno-oslobodila\u010dkog pokreta i zajedno sa Talijanima ih sve streljao.<\/p>\n<p>Avgusta 1942. Mihailovi\u0107ev komandant Ba\u0107ovi\u0107 ubio je simpatizere NOP \u2013a Rada Pravicu, sudiju, Tomu Galepa, Jovu Ljubibrati\u0107a, Budimira Ukropinu i Tasu Kosovi\u0107a.<\/p>\n<p>Avgusta 1942. Mihailovi\u0107evi \u010detnici pod komandom Petra Ba\u0107ovi\u0107a, prilikom zauze\u0107a Fo\u010de, zaklali su u Fo\u010di, i u grupi sela koja se skupa nazivaju Bukovica, oko 1000 lica muslimanske veroispovesti, me\u0111u kojima je bilo oko 300 \u017eena, dece i staraca.<\/p>\n<p>Avgusta 1942. na terenu oko Ustikoline i Jahorine (isto\u010dna Bosna) Mihailovi\u0107evi \u010detnici pod komandom majora Zaharija Ostoji\u0107a i Petra Ba\u0107ovi\u0107a zaklali su oko 2500 lica muslimanske veroispovesti, a sela popalili.<\/p>\n<p>Septembra 1942. \u010detnici Petra Ba\u0107ovi\u0107a ubili su u selima oko Makarske 900 Hrvata, nekoliko katoli\u010dkih sve\u0161tenika \u017eive odrali i 17 sela zapalili.<\/p>\n<p>Oktobra 1942. \u010detnici Petra Ba\u0107ovi\u0107a ubili su u okolini Prozora, zajedno sa Italijanima kojima je komandovao italijanski poru\u010dnik Vi\u0111ak, oko 2500 muslimana i Hrvata, me\u0111u kojima je bilo \u017eena, dece i staraca, a veliki broj sela popalili.<\/p>\n<p>U oktobru 1942. \u010detnici Petra Ba\u0107ovi\u0107a ubili su u selu Gata, Niklice i \u010ci\u0161lo (sva sela u Dalmaciji), zajedno sa Italijanima, 109 Hrvata kao simpatizera NOP \u2013a.<\/p>\n<p>U jeseni 1942. u Dre\u017enici (Hercegovina) \u010detnici iz okoline Gacka pri pokretu za Prozor zaklali su oko 100 lica muslimanske veroispovesti.<\/p>\n<p>Decembra 1942. u selu Brainci (Mrkai\u0107, isto\u010dna Bosna) i okolnim selima, \u010detnici Mihailovi\u0107evog komandanta Rajka \u010celonje ubili su 160 seljaka i popalili selo Braince i jo\u0161 nekoliko sela. Me\u0111u pobijenima bilo je i \u017eena i dece.<\/p>\n<p>U januaru 1943. Mihailovi\u0107evi \u010detnici zaklali su u selu Banji (kod Aran\u0111elovca) protu Isakovi\u0107a i jo\u0161 18 pristalica partizana.<\/p>\n<p>Januara 1943. zaklao je major Cveti\u0107 16 zarobljenih partizana u okolini U\u017eica.<\/p>\n<p>Januara 1943. pod komandom Komar\u010devi\u0107a Mihailovi\u0107evi \u010detnici su zaklali 72 simpatizera partizana u srezu posavskom.<\/p>\n<p>Januara 1943. \u010detnici Pavla \u0110uri\u0161i\u0107a ubili su u srezu bjelopoljskom oko 400 mu\u0161karaca i oko 1000 \u017eena i dece muslimanske veroispovesti.<\/p>\n<p>U februaru 1943. \u010detnici, pod komandom Zaharija Ostoji\u0107a, Petra Ba\u0107ovi\u0107a, Pavla \u0110uri\u0161i\u0107a, Voje Luka\u010devi\u0107a, Vuka Kalaitovi\u0107a i drugih, u srezovima pljevaljskom, \u010dajni\u010dkom i fo\u010danskom zaklali su 1200 mu\u0161karaca i 8000 staraca, \u017eena i dece i oplja\u010dkali, pa potom spalili oko 2000 domova.<\/p>\n<p>Polovinom jula 1943. u selu Cikoti (isto\u010dna Bosna) \u010detnici su otkrili 80 ranjenika Prve proleterske divizije, oduzeli im oru\u017eje, a sutradan doveli Nemce koji su ih poubijali, a zatim spalili.<\/p>\n<p>Jula 1943. u Bi\u0161ini (Bira\u010d) \u010detnici su otkrili 120 ranjenika Prve i Druge proleterske brigade i izdali ih Nemcima koji su ih pobili.<\/p>\n<p>Decembra 1942. \u010detni\u010dki komandant, major Petri\u010devi\u0107, streljao je u Kola\u0161inu 28 zarobljenih partizana i \u0161est seljaka, pristalica partizana.<\/p>\n<p>Decembra 1943. \u010detni\u010dki komandant \u017divan Lazovi\u0107 zaklao je u selu Selevcu (beogradskog okruga) 15 seljaka, pristalica partizana.<\/p>\n<p>Decembra 1943. zaklali su \u010detnici u okolini Bosanskog Grahova 137 zarobljenih partizana.<\/p>\n<p>Decembra 1943. zaklali su \u010detnici u selu Ti\u010devu, kod Drvara, 28 zarobljenih partizana.<\/p>\n<p>Decembra 1943. zaklali su \u010detnici u Zeti (Crna Gora) 8 seljaka, delegata na Prvoj antifa\u0161isti\u010dkoj skup\u0161tini Crne Gore.<\/p>\n<p>Decembra 1943. zaklali su \u010detnici Nikole Kalabi\u0107a u selu Kopljarima (kod Aran\u0111elovca) 24 seljaka, pristalica partizana.<\/p>\n<p>Decembra 1943. \u010detnici pod komandom Vuka Kalaitovi\u0107a u srezu sjeni\u010dkom (Sand\u017eak) zaklali 18 pristalica partizana.<\/p>\n<p>Decembra 1943. \u010detnici pod komandom potpukovnika Miodraga Palo\u0161evi\u0107a i majora Svete Trifkovi\u0107a zaklali su u selu Vrani\u0107u (srez posavski, okrug beogradski) 72 lica, me\u0111u kojima i jedno dete od dve godine, drugo od 3 meseca. Jednu od \u017ertava su kastrirali. Pored toga oplja\u010dkali su veliki broj selja\u010dkih domova.<\/p>\n<p>Od meseca jula 1941. do marta 1943. Mihailovi\u0107evi \u010detnici, pod komandom Pavla \u0110uri\u0161i\u0107a, osudili su na smrt i streljali oko hiljadu crnogorskih partizana i seljaka zbog toga \u0161to su u\u010destvovali u oslobodila\u010dkom ustanku u Crnoj Gori.<\/p>\n<p>Ma dan 29. aprila 1944. \u010detni\u010dki odredi kapetana \u017divojina Lazovi\u0107a, majora Svetislava Trifkovi\u0107a, Kalabi\u0107a Nikole, Bojovi\u0107a Dragutina, Bogi\u0107evi\u0107a Svete, Dokmanovi\u0107a Radovana i Radi\u0107evi\u0107a Svete u selu Dugovcu (srez podunavski, okrug beogradski) zaklali su 73 lica, me\u0111u kojima i devet \u017eena. Tom prilikom te\u0161ko zlostavljali 37 drugih lica i oplja\u010dkali ih, pa potom popalili 220 domova.<\/p>\n<p>Aprila 1944. \u010detnici su kod Bajine Ba\u0161te zaklali osam simpatizera partizana.<\/p>\n<p>Maja 1944. \u010detnici Dragutina Keserovi\u0107a prona\u0161li su na Jastrepcu partizansku bolnicu, pa su streljali oko 24 ranjenika i \u010detiri bolni\u010darke.<\/p>\n<p>Maja 1944. \u010detnici sa Majevice su otkrili u Semberiji partizanske bolnice i ubili oko 300 te\u0161kih ranjenika.<\/p>\n<p>U leto 1944. \u010detnici su u selu Balinovi\u0107u \u017eivog pekli pred 20 ljudi \u017divana \u0110ur\u0111evi\u0107a, seljaka iz sela Balinovi\u0107a, a potom zaklali njega i njegovog sina.<\/p>\n<p>Po\u010detkom avgusta 1944. Du\u0161an Radovi\u0107, zvani Kondor, komandant Mihailovi\u0107evog zlatiborskog korpusa, zaklao je dva ameri\u010dka avijati\u010dara koji su se bili prinudno spustili padobranima kod reke Lim.<\/p>\n<p>Avgusta 1944. \u010detni\u010dki odred Bogi\u0107evi\u0107a Svete uhvatio je u selu Sepcima (okrug beogradski) Srem\u010devi\u0107a Savu, Vojinovi\u0107 Konstantina, Radojevi\u0107 Iliju i Jakovljevi\u0107 Iliju i, po\u0161to ih je te\u0161ko mu\u010dio da bi im iznudio priznanje o saradnji sa poartizanima, svu \u010detvoricu je zaklao.<\/p>\n<p>47. Nabrojani zlo\u010dini su samo mali deo zlo\u010dina koje su Mihailovi\u0107evi \u010detnici, sprovode\u0107i njegova nare\u0111enja i direktive, izvr\u0161ili u svim krajevima Jugoslavije. Pored toga desetine hiljada ljudi \u010detnici su zlostavljali i batinali, a u Crnoj Gori su bili uveli specijalni sistem batinjanja pomo\u0107u \u201eroglje\u201c. Mihailovi\u0107evi komandanti dostavljali su spiskove pristalica partizana okupatorima i kvinslingovcima na osnovu kojih su ljudi bili hap\u0161eni i streljani. Naro\u010dito je Mihailovi\u0107eva beogradska organizacija tesno sara\u0111ivala sa specijalnom policijom na uni\u0161tavanju pristalica partizana u Beogradu.<\/p>\n<p>Napominjem da je ovo samo dio optu\u017enice koji se odnosi na ratne zlo\u010dine, a cijela optu\u017enica se mo\u017ee na\u0107i na <cite>www.znaci.net\/00001\/60<\/cite> (Prof. dr. Miodrag Ze\u010devi\u0107: Dokumenta sa su\u0111enja Dra\u017ei Mihailovi\u0107u). Drugi izvor je knjiga Vladimira Dedijera i Antuna Mileti\u0107a, Genocid nad muslimanima, Biblioteka \u201cRefleksi\u201d, Svjetlost, Sarajevo, 1990.<\/p>\n<p>(Bo\u0161nja\u010dko oko)<\/p>\n","protected":false},"excerpt":{"rendered":"<p>Za dana\u0161nji dan, 23.3.2012. zakazan je po\u010detak sudske procedure za rehabilitaciju presu\u0111enog i u prisutnosti dr\u017eavnih organa tada\u0161nje FNRJ egzekutiranog ratnog zlo\u010dinca, najve\u0107eg zlikovca i vo\u0111e nacionalisti\u010dko-fa\u0161isti\u010dke \u010detni\u010dke bande u Drugom svjetskom ratu. Rehabilitacija Dra\u017ee Mihailovi\u0107a je, me\u0111utim, samo paravan, odnosno \u201eopipavanje pulsa\u201c me\u0111unarodnoj zajednici za sve budu\u0107e rehabilitacije pripadnika najnovije \u010detni\u010dke generacije bandita, kao [&hellip;]<\/p>\n","protected":false},"author":83,"featured_media":48799,"comment_status":"open","ping_status":"open","sticky":false,"template":"","format":"standard","meta":{"footnotes":""},"categories":[14,8957],"tags":[],"class_list":{"0":"post-48798","1":"post","2":"type-post","3":"status-publish","4":"format-standard","5":"has-post-thumbnail","7":"category-sandzak-historija","8":"category-vijesti-dana"},"yoast_head":"<!-- This site is optimized with the Yoast SEO Premium plugin v23.1 (Yoast SEO v24.9) - https:\/\/yoast.com\/wordpress\/plugins\/seo\/ -->\n<title>Koje ratne zlo\u010dine je po\u010dinio Dra\u017ea Mihajlovi\u0107?<\/title>\n<meta name=\"robots\" content=\"index, follow, max-snippet:-1, max-image-preview:large, max-video-preview:-1\" \/>\n<link rel=\"canonical\" href=\"https:\/\/sandzakpress.net\/arhiva\/koje-ratne-zlocine-je-pocinio-draza-mihajlovic\/\" \/>\n<meta property=\"og:locale\" content=\"bs_BA\" \/>\n<meta property=\"og:type\" content=\"article\" \/>\n<meta property=\"og:title\" content=\"Koje ratne zlo\u010dine je po\u010dinio Dra\u017ea Mihajlovi\u0107?\" \/>\n<meta property=\"og:description\" content=\"Za dana\u0161nji dan, 23.3.2012. zakazan je po\u010detak sudske procedure za rehabilitaciju presu\u0111enog i u prisutnosti dr\u017eavnih organa tada\u0161nje FNRJ egzekutiranog ratnog zlo\u010dinca, najve\u0107eg zlikovca i vo\u0111e nacionalisti\u010dko-fa\u0161isti\u010dke \u010detni\u010dke bande u Drugom svjetskom ratu. Rehabilitacija Dra\u017ee Mihailovi\u0107a je, me\u0111utim, samo paravan, odnosno \u201eopipavanje pulsa\u201c me\u0111unarodnoj zajednici za sve budu\u0107e rehabilitacije pripadnika najnovije \u010detni\u010dke generacije bandita, kao [&hellip;]\" \/>\n<meta property=\"og:url\" content=\"https:\/\/sandzakpress.net\/arhiva\/koje-ratne-zlocine-je-pocinio-draza-mihajlovic\/\" \/>\n<meta property=\"og:site_name\" content=\"Sand\u017eak PRESS\" \/>\n<meta property=\"article:published_time\" content=\"2015-05-14T11:00:40+00:00\" \/>\n<meta property=\"article:modified_time\" content=\"2015-05-14T18:31:44+00:00\" \/>\n<meta property=\"og:image\" content=\"https:\/\/sandzakpress.net\/arhiva\/wp-content\/uploads\/2012\/08\/cetnici.jpg\" \/>\n\t<meta property=\"og:image:width\" content=\"616\" \/>\n\t<meta property=\"og:image:height\" content=\"419\" \/>\n\t<meta property=\"og:image:type\" content=\"image\/jpeg\" \/>\n<meta name=\"author\" content=\"bosniak\" \/>\n<meta name=\"twitter:card\" content=\"summary_large_image\" \/>\n<meta name=\"twitter:label1\" content=\"Written by\" \/>\n\t<meta name=\"twitter:data1\" content=\"bosniak\" \/>\n\t<meta name=\"twitter:label2\" content=\"Est. reading time\" \/>\n\t<meta name=\"twitter:data2\" content=\"12 minuta\" \/>\n<script type=\"application\/ld+json\" class=\"yoast-schema-graph\">{\"@context\":\"https:\/\/schema.org\",\"@graph\":[{\"@type\":\"Article\",\"@id\":\"https:\/\/sandzakpress.net\/arhiva\/koje-ratne-zlocine-je-pocinio-draza-mihajlovic\/#article\",\"isPartOf\":{\"@id\":\"https:\/\/sandzakpress.net\/arhiva\/koje-ratne-zlocine-je-pocinio-draza-mihajlovic\/\"},\"author\":{\"name\":\"bosniak\",\"@id\":\"https:\/\/sandzakpress.net\/arhiva\/#\/schema\/person\/c8baee722073534b583ea7bdb2e36c02\"},\"headline\":\"Koje ratne zlo\u010dine je po\u010dinio Dra\u017ea Mihajlovi\u0107?\",\"datePublished\":\"2015-05-14T11:00:40+00:00\",\"dateModified\":\"2015-05-14T18:31:44+00:00\",\"mainEntityOfPage\":{\"@id\":\"https:\/\/sandzakpress.net\/arhiva\/koje-ratne-zlocine-je-pocinio-draza-mihajlovic\/\"},\"wordCount\":2438,\"commentCount\":57,\"publisher\":{\"@id\":\"https:\/\/sandzakpress.net\/arhiva\/#\/schema\/person\/6e72b67d6e51910a1117b3b483ba20bd\"},\"image\":{\"@id\":\"https:\/\/sandzakpress.net\/arhiva\/koje-ratne-zlocine-je-pocinio-draza-mihajlovic\/#primaryimage\"},\"thumbnailUrl\":\"https:\/\/sandzakpress.net\/arhiva\/wp-content\/uploads\/2012\/08\/cetnici.jpg\",\"articleSection\":[\"Sand\u017eak HISTORIJA\",\"VIJESTI DANA\"],\"inLanguage\":\"bs-BA\",\"potentialAction\":[{\"@type\":\"CommentAction\",\"name\":\"Comment\",\"target\":[\"https:\/\/sandzakpress.net\/arhiva\/koje-ratne-zlocine-je-pocinio-draza-mihajlovic\/#respond\"]}]},{\"@type\":\"WebPage\",\"@id\":\"https:\/\/sandzakpress.net\/arhiva\/koje-ratne-zlocine-je-pocinio-draza-mihajlovic\/\",\"url\":\"https:\/\/sandzakpress.net\/arhiva\/koje-ratne-zlocine-je-pocinio-draza-mihajlovic\/\",\"name\":\"Koje ratne zlo\u010dine je po\u010dinio Dra\u017ea Mihajlovi\u0107?\",\"isPartOf\":{\"@id\":\"https:\/\/sandzakpress.net\/arhiva\/#website\"},\"primaryImageOfPage\":{\"@id\":\"https:\/\/sandzakpress.net\/arhiva\/koje-ratne-zlocine-je-pocinio-draza-mihajlovic\/#primaryimage\"},\"image\":{\"@id\":\"https:\/\/sandzakpress.net\/arhiva\/koje-ratne-zlocine-je-pocinio-draza-mihajlovic\/#primaryimage\"},\"thumbnailUrl\":\"https:\/\/sandzakpress.net\/arhiva\/wp-content\/uploads\/2012\/08\/cetnici.jpg\",\"datePublished\":\"2015-05-14T11:00:40+00:00\",\"dateModified\":\"2015-05-14T18:31:44+00:00\",\"breadcrumb\":{\"@id\":\"https:\/\/sandzakpress.net\/arhiva\/koje-ratne-zlocine-je-pocinio-draza-mihajlovic\/#breadcrumb\"},\"inLanguage\":\"bs-BA\",\"potentialAction\":[{\"@type\":\"ReadAction\",\"target\":[\"https:\/\/sandzakpress.net\/arhiva\/koje-ratne-zlocine-je-pocinio-draza-mihajlovic\/\"]}]},{\"@type\":\"ImageObject\",\"inLanguage\":\"bs-BA\",\"@id\":\"https:\/\/sandzakpress.net\/arhiva\/koje-ratne-zlocine-je-pocinio-draza-mihajlovic\/#primaryimage\",\"url\":\"https:\/\/sandzakpress.net\/arhiva\/wp-content\/uploads\/2012\/08\/cetnici.jpg\",\"contentUrl\":\"https:\/\/sandzakpress.net\/arhiva\/wp-content\/uploads\/2012\/08\/cetnici.jpg\",\"width\":616,\"height\":419},{\"@type\":\"BreadcrumbList\",\"@id\":\"https:\/\/sandzakpress.net\/arhiva\/koje-ratne-zlocine-je-pocinio-draza-mihajlovic\/#breadcrumb\",\"itemListElement\":[{\"@type\":\"ListItem\",\"position\":1,\"name\":\"Home\",\"item\":\"https:\/\/sandzakpress.net\/arhiva\/\"},{\"@type\":\"ListItem\",\"position\":2,\"name\":\"Koje ratne zlo\u010dine je po\u010dinio Dra\u017ea Mihajlovi\u0107?\"}]},{\"@type\":\"WebSite\",\"@id\":\"https:\/\/sandzakpress.net\/arhiva\/#website\",\"url\":\"https:\/\/sandzakpress.net\/arhiva\/\",\"name\":\"Sand\u017eak PRESS\",\"description\":\"Prve elektronske novine u Sand\u017eaku\",\"publisher\":{\"@id\":\"https:\/\/sandzakpress.net\/arhiva\/#\/schema\/person\/6e72b67d6e51910a1117b3b483ba20bd\"},\"potentialAction\":[{\"@type\":\"SearchAction\",\"target\":{\"@type\":\"EntryPoint\",\"urlTemplate\":\"https:\/\/sandzakpress.net\/arhiva\/?s={search_term_string}\"},\"query-input\":{\"@type\":\"PropertyValueSpecification\",\"valueRequired\":true,\"valueName\":\"search_term_string\"}}],\"inLanguage\":\"bs-BA\"},{\"@type\":[\"Person\",\"Organization\"],\"@id\":\"https:\/\/sandzakpress.net\/arhiva\/#\/schema\/person\/6e72b67d6e51910a1117b3b483ba20bd\",\"name\":\"Kul\",\"image\":{\"@type\":\"ImageObject\",\"inLanguage\":\"bs-BA\",\"@id\":\"https:\/\/sandzakpress.net\/arhiva\/#\/schema\/person\/image\/\",\"url\":\"https:\/\/secure.gravatar.com\/avatar\/42263f39aa27ac04c43cab85c280eb2e?s=96&d=mm&r=pg\",\"contentUrl\":\"https:\/\/secure.gravatar.com\/avatar\/42263f39aa27ac04c43cab85c280eb2e?s=96&d=mm&r=pg\",\"caption\":\"Kul\"},\"logo\":{\"@id\":\"https:\/\/sandzakpress.net\/arhiva\/#\/schema\/person\/image\/\"}},{\"@type\":\"Person\",\"@id\":\"https:\/\/sandzakpress.net\/arhiva\/#\/schema\/person\/c8baee722073534b583ea7bdb2e36c02\",\"name\":\"bosniak\",\"image\":{\"@type\":\"ImageObject\",\"inLanguage\":\"bs-BA\",\"@id\":\"https:\/\/sandzakpress.net\/arhiva\/#\/schema\/person\/image\/\",\"url\":\"https:\/\/secure.gravatar.com\/avatar\/a04fd330bfe3a36a72a0ad4a6d89fca7?s=96&d=mm&r=pg\",\"contentUrl\":\"https:\/\/secure.gravatar.com\/avatar\/a04fd330bfe3a36a72a0ad4a6d89fca7?s=96&d=mm&r=pg\",\"caption\":\"bosniak\"},\"url\":\"https:\/\/sandzakpress.net\/arhiva\/author\/bosniak\/\"}]}<\/script>\n<!-- \/ Yoast SEO Premium plugin. -->","yoast_head_json":{"title":"Koje ratne zlo\u010dine je po\u010dinio Dra\u017ea Mihajlovi\u0107?","robots":{"index":"index","follow":"follow","max-snippet":"max-snippet:-1","max-image-preview":"max-image-preview:large","max-video-preview":"max-video-preview:-1"},"canonical":"https:\/\/sandzakpress.net\/arhiva\/koje-ratne-zlocine-je-pocinio-draza-mihajlovic\/","og_locale":"bs_BA","og_type":"article","og_title":"Koje ratne zlo\u010dine je po\u010dinio Dra\u017ea Mihajlovi\u0107?","og_description":"Za dana\u0161nji dan, 23.3.2012. zakazan je po\u010detak sudske procedure za rehabilitaciju presu\u0111enog i u prisutnosti dr\u017eavnih organa tada\u0161nje FNRJ egzekutiranog ratnog zlo\u010dinca, najve\u0107eg zlikovca i vo\u0111e nacionalisti\u010dko-fa\u0161isti\u010dke \u010detni\u010dke bande u Drugom svjetskom ratu. Rehabilitacija Dra\u017ee Mihailovi\u0107a je, me\u0111utim, samo paravan, odnosno \u201eopipavanje pulsa\u201c me\u0111unarodnoj zajednici za sve budu\u0107e rehabilitacije pripadnika najnovije \u010detni\u010dke generacije bandita, kao [&hellip;]","og_url":"https:\/\/sandzakpress.net\/arhiva\/koje-ratne-zlocine-je-pocinio-draza-mihajlovic\/","og_site_name":"Sand\u017eak PRESS","article_published_time":"2015-05-14T11:00:40+00:00","article_modified_time":"2015-05-14T18:31:44+00:00","og_image":[{"width":616,"height":419,"url":"https:\/\/sandzakpress.net\/arhiva\/wp-content\/uploads\/2012\/08\/cetnici.jpg","type":"image\/jpeg"}],"author":"bosniak","twitter_card":"summary_large_image","twitter_misc":{"Written by":"bosniak","Est. reading time":"12 minuta"},"schema":{"@context":"https:\/\/schema.org","@graph":[{"@type":"Article","@id":"https:\/\/sandzakpress.net\/arhiva\/koje-ratne-zlocine-je-pocinio-draza-mihajlovic\/#article","isPartOf":{"@id":"https:\/\/sandzakpress.net\/arhiva\/koje-ratne-zlocine-je-pocinio-draza-mihajlovic\/"},"author":{"name":"bosniak","@id":"https:\/\/sandzakpress.net\/arhiva\/#\/schema\/person\/c8baee722073534b583ea7bdb2e36c02"},"headline":"Koje ratne zlo\u010dine je po\u010dinio Dra\u017ea Mihajlovi\u0107?","datePublished":"2015-05-14T11:00:40+00:00","dateModified":"2015-05-14T18:31:44+00:00","mainEntityOfPage":{"@id":"https:\/\/sandzakpress.net\/arhiva\/koje-ratne-zlocine-je-pocinio-draza-mihajlovic\/"},"wordCount":2438,"commentCount":57,"publisher":{"@id":"https:\/\/sandzakpress.net\/arhiva\/#\/schema\/person\/6e72b67d6e51910a1117b3b483ba20bd"},"image":{"@id":"https:\/\/sandzakpress.net\/arhiva\/koje-ratne-zlocine-je-pocinio-draza-mihajlovic\/#primaryimage"},"thumbnailUrl":"https:\/\/sandzakpress.net\/arhiva\/wp-content\/uploads\/2012\/08\/cetnici.jpg","articleSection":["Sand\u017eak HISTORIJA","VIJESTI DANA"],"inLanguage":"bs-BA","potentialAction":[{"@type":"CommentAction","name":"Comment","target":["https:\/\/sandzakpress.net\/arhiva\/koje-ratne-zlocine-je-pocinio-draza-mihajlovic\/#respond"]}]},{"@type":"WebPage","@id":"https:\/\/sandzakpress.net\/arhiva\/koje-ratne-zlocine-je-pocinio-draza-mihajlovic\/","url":"https:\/\/sandzakpress.net\/arhiva\/koje-ratne-zlocine-je-pocinio-draza-mihajlovic\/","name":"Koje ratne zlo\u010dine je po\u010dinio Dra\u017ea Mihajlovi\u0107?","isPartOf":{"@id":"https:\/\/sandzakpress.net\/arhiva\/#website"},"primaryImageOfPage":{"@id":"https:\/\/sandzakpress.net\/arhiva\/koje-ratne-zlocine-je-pocinio-draza-mihajlovic\/#primaryimage"},"image":{"@id":"https:\/\/sandzakpress.net\/arhiva\/koje-ratne-zlocine-je-pocinio-draza-mihajlovic\/#primaryimage"},"thumbnailUrl":"https:\/\/sandzakpress.net\/arhiva\/wp-content\/uploads\/2012\/08\/cetnici.jpg","datePublished":"2015-05-14T11:00:40+00:00","dateModified":"2015-05-14T18:31:44+00:00","breadcrumb":{"@id":"https:\/\/sandzakpress.net\/arhiva\/koje-ratne-zlocine-je-pocinio-draza-mihajlovic\/#breadcrumb"},"inLanguage":"bs-BA","potentialAction":[{"@type":"ReadAction","target":["https:\/\/sandzakpress.net\/arhiva\/koje-ratne-zlocine-je-pocinio-draza-mihajlovic\/"]}]},{"@type":"ImageObject","inLanguage":"bs-BA","@id":"https:\/\/sandzakpress.net\/arhiva\/koje-ratne-zlocine-je-pocinio-draza-mihajlovic\/#primaryimage","url":"https:\/\/sandzakpress.net\/arhiva\/wp-content\/uploads\/2012\/08\/cetnici.jpg","contentUrl":"https:\/\/sandzakpress.net\/arhiva\/wp-content\/uploads\/2012\/08\/cetnici.jpg","width":616,"height":419},{"@type":"BreadcrumbList","@id":"https:\/\/sandzakpress.net\/arhiva\/koje-ratne-zlocine-je-pocinio-draza-mihajlovic\/#breadcrumb","itemListElement":[{"@type":"ListItem","position":1,"name":"Home","item":"https:\/\/sandzakpress.net\/arhiva\/"},{"@type":"ListItem","position":2,"name":"Koje ratne zlo\u010dine je po\u010dinio Dra\u017ea Mihajlovi\u0107?"}]},{"@type":"WebSite","@id":"https:\/\/sandzakpress.net\/arhiva\/#website","url":"https:\/\/sandzakpress.net\/arhiva\/","name":"Sand\u017eak PRESS","description":"Prve elektronske novine u Sand\u017eaku","publisher":{"@id":"https:\/\/sandzakpress.net\/arhiva\/#\/schema\/person\/6e72b67d6e51910a1117b3b483ba20bd"},"potentialAction":[{"@type":"SearchAction","target":{"@type":"EntryPoint","urlTemplate":"https:\/\/sandzakpress.net\/arhiva\/?s={search_term_string}"},"query-input":{"@type":"PropertyValueSpecification","valueRequired":true,"valueName":"search_term_string"}}],"inLanguage":"bs-BA"},{"@type":["Person","Organization"],"@id":"https:\/\/sandzakpress.net\/arhiva\/#\/schema\/person\/6e72b67d6e51910a1117b3b483ba20bd","name":"Kul","image":{"@type":"ImageObject","inLanguage":"bs-BA","@id":"https:\/\/sandzakpress.net\/arhiva\/#\/schema\/person\/image\/","url":"https:\/\/secure.gravatar.com\/avatar\/42263f39aa27ac04c43cab85c280eb2e?s=96&d=mm&r=pg","contentUrl":"https:\/\/secure.gravatar.com\/avatar\/42263f39aa27ac04c43cab85c280eb2e?s=96&d=mm&r=pg","caption":"Kul"},"logo":{"@id":"https:\/\/sandzakpress.net\/arhiva\/#\/schema\/person\/image\/"}},{"@type":"Person","@id":"https:\/\/sandzakpress.net\/arhiva\/#\/schema\/person\/c8baee722073534b583ea7bdb2e36c02","name":"bosniak","image":{"@type":"ImageObject","inLanguage":"bs-BA","@id":"https:\/\/sandzakpress.net\/arhiva\/#\/schema\/person\/image\/","url":"https:\/\/secure.gravatar.com\/avatar\/a04fd330bfe3a36a72a0ad4a6d89fca7?s=96&d=mm&r=pg","contentUrl":"https:\/\/secure.gravatar.com\/avatar\/a04fd330bfe3a36a72a0ad4a6d89fca7?s=96&d=mm&r=pg","caption":"bosniak"},"url":"https:\/\/sandzakpress.net\/arhiva\/author\/bosniak\/"}]}},"_links":{"self":[{"href":"https:\/\/sandzakpress.net\/arhiva\/wp-json\/wp\/v2\/posts\/48798"}],"collection":[{"href":"https:\/\/sandzakpress.net\/arhiva\/wp-json\/wp\/v2\/posts"}],"about":[{"href":"https:\/\/sandzakpress.net\/arhiva\/wp-json\/wp\/v2\/types\/post"}],"author":[{"embeddable":true,"href":"https:\/\/sandzakpress.net\/arhiva\/wp-json\/wp\/v2\/users\/83"}],"replies":[{"embeddable":true,"href":"https:\/\/sandzakpress.net\/arhiva\/wp-json\/wp\/v2\/comments?post=48798"}],"version-history":[{"count":0,"href":"https:\/\/sandzakpress.net\/arhiva\/wp-json\/wp\/v2\/posts\/48798\/revisions"}],"wp:featuredmedia":[{"embeddable":true,"href":"https:\/\/sandzakpress.net\/arhiva\/wp-json\/wp\/v2\/media\/48799"}],"wp:attachment":[{"href":"https:\/\/sandzakpress.net\/arhiva\/wp-json\/wp\/v2\/media?parent=48798"}],"wp:term":[{"taxonomy":"category","embeddable":true,"href":"https:\/\/sandzakpress.net\/arhiva\/wp-json\/wp\/v2\/categories?post=48798"},{"taxonomy":"post_tag","embeddable":true,"href":"https:\/\/sandzakpress.net\/arhiva\/wp-json\/wp\/v2\/tags?post=48798"}],"curies":[{"name":"wp","href":"https:\/\/api.w.org\/{rel}","templated":true}]}}