{"id":48703,"date":"2012-08-27T15:06:00","date_gmt":"2012-08-27T13:06:00","guid":{"rendered":"https:\/\/sandzakpress.net\/arhiva\/?p=48703"},"modified":"2012-08-27T15:06:00","modified_gmt":"2012-08-27T13:06:00","slug":"za-samo-godinu-imaju-vec-40-000-clanova","status":"publish","type":"post","link":"https:\/\/sandzakpress.net\/arhiva\/za-samo-godinu-imaju-vec-40-000-clanova\/","title":{"rendered":"Za samo godinu imaju ve\u0107 40.000 \u010dlanova"},"content":{"rendered":"<p><strong><a href=\"https:\/\/sandzakpress.net\/arhiva\/wp-content\/uploads\/2012\/08\/mirsad_kuburovic_nova_001.jpg\"><img loading=\"lazy\" decoding=\"async\" class=\"alignleft size-medium wp-image-48704\" title=\"mirsad_kuburovic_nova_001\" src=\"https:\/\/sandzakpress.net\/arhiva\/wp-content\/uploads\/2012\/08\/mirsad_kuburovic_nova_001-300x142.jpg\" alt=\"\" width=\"300\" height=\"142\" \/><\/a>Holandija &#8211; Mirsada Kuburovi\u0107a, 36-godi\u0161njeg uspje\u0161nog preduzetnika sreo sam u Amsterdamu. Mirsu, kako ga prijatelji zovu, znaju mnogi, koji su u Bosni ili Sand\u017eaku morali napustiti svoj ku\u0107ni prag u potrazi za egzistencijom.<\/strong><\/p>\n<p>Ro\u0111en sam u Sjenici, u Sand\u017eaku. U Holandiju sam do\u0161ao s porodicom 2000. godine. Kao i svaki po\u0161teni Bo\u0161njak, bio sam u sukobu s re\u017eimom Slobodana Milo\u0161evi\u0107a. \u010dinio je sve da nam zagor\u010da \u017eivot u Sand\u017eaku i na\u0161oj matici, Bosni i Hercegovini &#8211; ka\u017ee Kuburovi\u0107.<\/p>\n<p><strong>Bolji uvjeti <\/strong><\/p>\n<p>Mirsad je i previ\u0161e skroman da bi pri\u010dao o onome \u0161to on s brojnim zemljacima radi u Holandiji i \u0161irom Evrope da se \u0161to prije zaborave traume srbijanske diktature. U dijaspori znaju i cijene njegovo maksimalno anga\u017eiranje na obezbje\u0111enju boljih uvjeta za Bo\u0161njake iz Sand\u017eaka i BiH.<\/p>\n<p>Na temeljima bo\u0161nja\u010dkog oslobodila\u010dkog pokreta osnovali smo Bo\u0161nja\u010dku demokratsku zajednicu. Ona je ro\u0111ena da bi ostvarivanjem politi\u010dkih ciljeva na demokratski na\u010din zastupala interese Bo\u0161njaka Sand\u017eaka, dr\u017eave Srbije i sand\u017ea\u010dke dijaspore. Njen osnovni zadatak je o\u010duvanje nacionalnog i vjerskog identiteta Bo\u0161njaka, njegovanjekulture, tradicije i bosanskog jezika.<\/p>\n<p>BDZ se zala\u017ee za povrat autonomije Sand\u017eaka, koja je ukinuta Berlinskim kongresom, kao prekograni\u010dne evropske regije uz uva\u017eavanje teritorijalnog suvereniteta Srbije i Crne Gore i radit\u0107e na uspostavljanju specijalnih veza Sand\u017eaka s BiH &#8211; govori Kuburovi\u0107, koordinator ogranka BDZ za zapadnu Evropu.<\/p>\n<p>Mojoj \u017eivotnoj saputnici Ildizi dugujem zahvalnost za podr\u0161ku koju mi pru\u017ea u ovoj na\u0161oj borbi za sveop\u0161te dobro bo\u0161nja\u010dkog naroda. Posebnu radost mi pri\u010dinjavaju k\u0107erka Berina i sin D\u017eenis. Kada se najvi\u0161e umorim, za mene je prava relaksacija do\u0107i ku\u0107i svojoj djeci i supruzi. Za mene su porodica i domovina dvije najve\u0107e ljubavi. Za njih bih u\u010dinio sve.<\/p>\n<p>Mirsad Kuburovi\u0107, s ponosom isti\u010de da za samo godinu, od kada je osnovana BDZ za zapadnu Evropu, ima \u010detrdeset hiljada \u010dlanova i simpatizera, a svaki dan se broj pove\u0107ava. To je najbolja potvrda opravdanosti osnivanja BZD za zapadnu Evropu.<\/p>\n<p><strong>Najbolji kontakt<\/strong><\/p>\n<p>Posebno mi je zadovoljstvo \u0161to je ovo razgovor za inozemno izdanje \u201eDnevnog avaza\u201c, na\u0161e novine. Ona je na\u0161a potpora i najbolji kontakt s domovinom. BDZ i ovom prilikom poziva sva udru\u017eenja sa sand\u017ea\u010dkim i bo\u0161nja\u010dkim predznakom na saradnju i da zajedni\u010dki radimo na o\u010duvanju nacionalnog, vjerskog i kulturnog identiteta Bo\u0161njaka, ma od kuda oni dolazili i gdje se nalazili &#8211; dodaje na\u0161 sagovornik.<\/p>\n<p>BDZ za zapadnu Evropu, u saradnji s mnogim na\u0161im udru\u017eenjima, organizirala je mnoge manifestacije i obilje\u017eavala doga\u0111aje vezane za historiju Sand\u017eaka i BiH.<\/p>\n<p>Tu je na prvom mjestu sje\u0107anje na stra\u0161ni genocid u Srebrenici. To se nikada ne smije zaboraviti, ka\u017eu u BDZ.<\/p>\n<p>(Sand\u017eak-X)<\/p>\n","protected":false},"excerpt":{"rendered":"<p>Holandija &#8211; Mirsada Kuburovi\u0107a, 36-godi\u0161njeg uspje\u0161nog preduzetnika sreo sam u Amsterdamu. Mirsu, kako ga prijatelji zovu, znaju mnogi, koji su u Bosni ili Sand\u017eaku morali napustiti svoj ku\u0107ni prag u potrazi za egzistencijom. Ro\u0111en sam u Sjenici, u Sand\u017eaku. U Holandiju sam do\u0161ao s porodicom 2000. godine. Kao i svaki po\u0161teni Bo\u0161njak, bio sam u [&hellip;]<\/p>\n","protected":false},"author":14,"featured_media":48704,"comment_status":"open","ping_status":"open","sticky":false,"template":"","format":"standard","meta":{"footnotes":""},"categories":[1,9545],"tags":[],"class_list":{"0":"post-48703","1":"post","2":"type-post","3":"status-publish","4":"format-standard","5":"has-post-thumbnail","7":"category-politika","8":"category-holandija-dijaspora-gradovi-vase-vijesti"},"yoast_head":"<!-- This site is optimized with the Yoast SEO Premium plugin v23.1 (Yoast SEO v24.9) - https:\/\/yoast.com\/wordpress\/plugins\/seo\/ -->\n<title>Za samo godinu imaju ve\u0107 40.000 \u010dlanova<\/title>\n<meta name=\"robots\" content=\"index, follow, max-snippet:-1, max-image-preview:large, max-video-preview:-1\" \/>\n<link rel=\"canonical\" href=\"https:\/\/sandzakpress.net\/arhiva\/za-samo-godinu-imaju-vec-40-000-clanova\/\" \/>\n<meta property=\"og:locale\" content=\"bs_BA\" \/>\n<meta property=\"og:type\" content=\"article\" \/>\n<meta property=\"og:title\" content=\"Za samo godinu imaju ve\u0107 40.000 \u010dlanova\" \/>\n<meta property=\"og:description\" content=\"Holandija &#8211; Mirsada Kuburovi\u0107a, 36-godi\u0161njeg uspje\u0161nog preduzetnika sreo sam u Amsterdamu. Mirsu, kako ga prijatelji zovu, znaju mnogi, koji su u Bosni ili Sand\u017eaku morali napustiti svoj ku\u0107ni prag u potrazi za egzistencijom. Ro\u0111en sam u Sjenici, u Sand\u017eaku. U Holandiju sam do\u0161ao s porodicom 2000. godine. Kao i svaki po\u0161teni Bo\u0161njak, bio sam u [&hellip;]\" \/>\n<meta property=\"og:url\" content=\"https:\/\/sandzakpress.net\/arhiva\/za-samo-godinu-imaju-vec-40-000-clanova\/\" \/>\n<meta property=\"og:site_name\" content=\"Sand\u017eak PRESS\" \/>\n<meta property=\"article:published_time\" content=\"2012-08-27T13:06:00+00:00\" \/>\n<meta property=\"og:image\" content=\"https:\/\/sandzakpress.net\/arhiva\/wp-content\/uploads\/2012\/08\/mirsad_kuburovic_nova_001.jpg\" \/>\n\t<meta property=\"og:image:width\" content=\"616\" \/>\n\t<meta property=\"og:image:height\" content=\"292\" \/>\n\t<meta property=\"og:image:type\" content=\"image\/jpeg\" \/>\n<meta name=\"twitter:card\" content=\"summary_large_image\" \/>\n<meta name=\"twitter:label1\" content=\"Written by\" \/>\n\t<meta name=\"twitter:data1\" content=\"\" \/>\n\t<meta name=\"twitter:label2\" content=\"Est. reading time\" \/>\n\t<meta name=\"twitter:data2\" content=\"2 minute\" \/>\n<script type=\"application\/ld+json\" class=\"yoast-schema-graph\">{\"@context\":\"https:\/\/schema.org\",\"@graph\":[{\"@type\":\"Article\",\"@id\":\"https:\/\/sandzakpress.net\/arhiva\/za-samo-godinu-imaju-vec-40-000-clanova\/#article\",\"isPartOf\":{\"@id\":\"https:\/\/sandzakpress.net\/arhiva\/za-samo-godinu-imaju-vec-40-000-clanova\/\"},\"author\":{\"name\":\"\",\"@id\":\"\"},\"headline\":\"Za samo godinu imaju ve\u0107 40.000 \u010dlanova\",\"datePublished\":\"2012-08-27T13:06:00+00:00\",\"mainEntityOfPage\":{\"@id\":\"https:\/\/sandzakpress.net\/arhiva\/za-samo-godinu-imaju-vec-40-000-clanova\/\"},\"wordCount\":504,\"commentCount\":1,\"publisher\":{\"@id\":\"https:\/\/sandzakpress.net\/arhiva\/#\/schema\/person\/6e72b67d6e51910a1117b3b483ba20bd\"},\"image\":{\"@id\":\"https:\/\/sandzakpress.net\/arhiva\/za-samo-godinu-imaju-vec-40-000-clanova\/#primaryimage\"},\"thumbnailUrl\":\"https:\/\/sandzakpress.net\/arhiva\/wp-content\/uploads\/2012\/08\/mirsad_kuburovic_nova_001.jpg\",\"articleSection\":[\"Politika\",\"Holandija\"],\"inLanguage\":\"bs-BA\",\"potentialAction\":[{\"@type\":\"CommentAction\",\"name\":\"Comment\",\"target\":[\"https:\/\/sandzakpress.net\/arhiva\/za-samo-godinu-imaju-vec-40-000-clanova\/#respond\"]}]},{\"@type\":\"WebPage\",\"@id\":\"https:\/\/sandzakpress.net\/arhiva\/za-samo-godinu-imaju-vec-40-000-clanova\/\",\"url\":\"https:\/\/sandzakpress.net\/arhiva\/za-samo-godinu-imaju-vec-40-000-clanova\/\",\"name\":\"Za samo godinu imaju ve\u0107 40.000 \u010dlanova\",\"isPartOf\":{\"@id\":\"https:\/\/sandzakpress.net\/arhiva\/#website\"},\"primaryImageOfPage\":{\"@id\":\"https:\/\/sandzakpress.net\/arhiva\/za-samo-godinu-imaju-vec-40-000-clanova\/#primaryimage\"},\"image\":{\"@id\":\"https:\/\/sandzakpress.net\/arhiva\/za-samo-godinu-imaju-vec-40-000-clanova\/#primaryimage\"},\"thumbnailUrl\":\"https:\/\/sandzakpress.net\/arhiva\/wp-content\/uploads\/2012\/08\/mirsad_kuburovic_nova_001.jpg\",\"datePublished\":\"2012-08-27T13:06:00+00:00\",\"breadcrumb\":{\"@id\":\"https:\/\/sandzakpress.net\/arhiva\/za-samo-godinu-imaju-vec-40-000-clanova\/#breadcrumb\"},\"inLanguage\":\"bs-BA\",\"potentialAction\":[{\"@type\":\"ReadAction\",\"target\":[\"https:\/\/sandzakpress.net\/arhiva\/za-samo-godinu-imaju-vec-40-000-clanova\/\"]}]},{\"@type\":\"ImageObject\",\"inLanguage\":\"bs-BA\",\"@id\":\"https:\/\/sandzakpress.net\/arhiva\/za-samo-godinu-imaju-vec-40-000-clanova\/#primaryimage\",\"url\":\"https:\/\/sandzakpress.net\/arhiva\/wp-content\/uploads\/2012\/08\/mirsad_kuburovic_nova_001.jpg\",\"contentUrl\":\"https:\/\/sandzakpress.net\/arhiva\/wp-content\/uploads\/2012\/08\/mirsad_kuburovic_nova_001.jpg\",\"width\":616,\"height\":292},{\"@type\":\"BreadcrumbList\",\"@id\":\"https:\/\/sandzakpress.net\/arhiva\/za-samo-godinu-imaju-vec-40-000-clanova\/#breadcrumb\",\"itemListElement\":[{\"@type\":\"ListItem\",\"position\":1,\"name\":\"Home\",\"item\":\"https:\/\/sandzakpress.net\/arhiva\/\"},{\"@type\":\"ListItem\",\"position\":2,\"name\":\"Za samo godinu imaju ve\u0107 40.000 \u010dlanova\"}]},{\"@type\":\"WebSite\",\"@id\":\"https:\/\/sandzakpress.net\/arhiva\/#website\",\"url\":\"https:\/\/sandzakpress.net\/arhiva\/\",\"name\":\"Sand\u017eak PRESS\",\"description\":\"Prve elektronske novine u Sand\u017eaku\",\"publisher\":{\"@id\":\"https:\/\/sandzakpress.net\/arhiva\/#\/schema\/person\/6e72b67d6e51910a1117b3b483ba20bd\"},\"potentialAction\":[{\"@type\":\"SearchAction\",\"target\":{\"@type\":\"EntryPoint\",\"urlTemplate\":\"https:\/\/sandzakpress.net\/arhiva\/?s={search_term_string}\"},\"query-input\":{\"@type\":\"PropertyValueSpecification\",\"valueRequired\":true,\"valueName\":\"search_term_string\"}}],\"inLanguage\":\"bs-BA\"},{\"@type\":[\"Person\",\"Organization\"],\"@id\":\"https:\/\/sandzakpress.net\/arhiva\/#\/schema\/person\/6e72b67d6e51910a1117b3b483ba20bd\",\"name\":\"Kul\",\"image\":{\"@type\":\"ImageObject\",\"inLanguage\":\"bs-BA\",\"@id\":\"https:\/\/sandzakpress.net\/arhiva\/#\/schema\/person\/image\/\",\"url\":\"https:\/\/secure.gravatar.com\/avatar\/42263f39aa27ac04c43cab85c280eb2e?s=96&d=mm&r=pg\",\"contentUrl\":\"https:\/\/secure.gravatar.com\/avatar\/42263f39aa27ac04c43cab85c280eb2e?s=96&d=mm&r=pg\",\"caption\":\"Kul\"},\"logo\":{\"@id\":\"https:\/\/sandzakpress.net\/arhiva\/#\/schema\/person\/image\/\"}},{\"@type\":\"Person\",\"@id\":\"\",\"url\":\"https:\/\/sandzakpress.net\/arhiva\/author\/\"}]}<\/script>\n<!-- \/ Yoast SEO Premium plugin. -->","yoast_head_json":{"title":"Za samo godinu imaju ve\u0107 40.000 \u010dlanova","robots":{"index":"index","follow":"follow","max-snippet":"max-snippet:-1","max-image-preview":"max-image-preview:large","max-video-preview":"max-video-preview:-1"},"canonical":"https:\/\/sandzakpress.net\/arhiva\/za-samo-godinu-imaju-vec-40-000-clanova\/","og_locale":"bs_BA","og_type":"article","og_title":"Za samo godinu imaju ve\u0107 40.000 \u010dlanova","og_description":"Holandija &#8211; Mirsada Kuburovi\u0107a, 36-godi\u0161njeg uspje\u0161nog preduzetnika sreo sam u Amsterdamu. Mirsu, kako ga prijatelji zovu, znaju mnogi, koji su u Bosni ili Sand\u017eaku morali napustiti svoj ku\u0107ni prag u potrazi za egzistencijom. Ro\u0111en sam u Sjenici, u Sand\u017eaku. U Holandiju sam do\u0161ao s porodicom 2000. godine. Kao i svaki po\u0161teni Bo\u0161njak, bio sam u [&hellip;]","og_url":"https:\/\/sandzakpress.net\/arhiva\/za-samo-godinu-imaju-vec-40-000-clanova\/","og_site_name":"Sand\u017eak PRESS","article_published_time":"2012-08-27T13:06:00+00:00","og_image":[{"width":616,"height":292,"url":"https:\/\/sandzakpress.net\/arhiva\/wp-content\/uploads\/2012\/08\/mirsad_kuburovic_nova_001.jpg","type":"image\/jpeg"}],"twitter_card":"summary_large_image","twitter_misc":{"Written by":"","Est. reading time":"2 minute"},"schema":{"@context":"https:\/\/schema.org","@graph":[{"@type":"Article","@id":"https:\/\/sandzakpress.net\/arhiva\/za-samo-godinu-imaju-vec-40-000-clanova\/#article","isPartOf":{"@id":"https:\/\/sandzakpress.net\/arhiva\/za-samo-godinu-imaju-vec-40-000-clanova\/"},"author":{"name":"","@id":""},"headline":"Za samo godinu imaju ve\u0107 40.000 \u010dlanova","datePublished":"2012-08-27T13:06:00+00:00","mainEntityOfPage":{"@id":"https:\/\/sandzakpress.net\/arhiva\/za-samo-godinu-imaju-vec-40-000-clanova\/"},"wordCount":504,"commentCount":1,"publisher":{"@id":"https:\/\/sandzakpress.net\/arhiva\/#\/schema\/person\/6e72b67d6e51910a1117b3b483ba20bd"},"image":{"@id":"https:\/\/sandzakpress.net\/arhiva\/za-samo-godinu-imaju-vec-40-000-clanova\/#primaryimage"},"thumbnailUrl":"https:\/\/sandzakpress.net\/arhiva\/wp-content\/uploads\/2012\/08\/mirsad_kuburovic_nova_001.jpg","articleSection":["Politika","Holandija"],"inLanguage":"bs-BA","potentialAction":[{"@type":"CommentAction","name":"Comment","target":["https:\/\/sandzakpress.net\/arhiva\/za-samo-godinu-imaju-vec-40-000-clanova\/#respond"]}]},{"@type":"WebPage","@id":"https:\/\/sandzakpress.net\/arhiva\/za-samo-godinu-imaju-vec-40-000-clanova\/","url":"https:\/\/sandzakpress.net\/arhiva\/za-samo-godinu-imaju-vec-40-000-clanova\/","name":"Za samo godinu imaju ve\u0107 40.000 \u010dlanova","isPartOf":{"@id":"https:\/\/sandzakpress.net\/arhiva\/#website"},"primaryImageOfPage":{"@id":"https:\/\/sandzakpress.net\/arhiva\/za-samo-godinu-imaju-vec-40-000-clanova\/#primaryimage"},"image":{"@id":"https:\/\/sandzakpress.net\/arhiva\/za-samo-godinu-imaju-vec-40-000-clanova\/#primaryimage"},"thumbnailUrl":"https:\/\/sandzakpress.net\/arhiva\/wp-content\/uploads\/2012\/08\/mirsad_kuburovic_nova_001.jpg","datePublished":"2012-08-27T13:06:00+00:00","breadcrumb":{"@id":"https:\/\/sandzakpress.net\/arhiva\/za-samo-godinu-imaju-vec-40-000-clanova\/#breadcrumb"},"inLanguage":"bs-BA","potentialAction":[{"@type":"ReadAction","target":["https:\/\/sandzakpress.net\/arhiva\/za-samo-godinu-imaju-vec-40-000-clanova\/"]}]},{"@type":"ImageObject","inLanguage":"bs-BA","@id":"https:\/\/sandzakpress.net\/arhiva\/za-samo-godinu-imaju-vec-40-000-clanova\/#primaryimage","url":"https:\/\/sandzakpress.net\/arhiva\/wp-content\/uploads\/2012\/08\/mirsad_kuburovic_nova_001.jpg","contentUrl":"https:\/\/sandzakpress.net\/arhiva\/wp-content\/uploads\/2012\/08\/mirsad_kuburovic_nova_001.jpg","width":616,"height":292},{"@type":"BreadcrumbList","@id":"https:\/\/sandzakpress.net\/arhiva\/za-samo-godinu-imaju-vec-40-000-clanova\/#breadcrumb","itemListElement":[{"@type":"ListItem","position":1,"name":"Home","item":"https:\/\/sandzakpress.net\/arhiva\/"},{"@type":"ListItem","position":2,"name":"Za samo godinu imaju ve\u0107 40.000 \u010dlanova"}]},{"@type":"WebSite","@id":"https:\/\/sandzakpress.net\/arhiva\/#website","url":"https:\/\/sandzakpress.net\/arhiva\/","name":"Sand\u017eak PRESS","description":"Prve elektronske novine u Sand\u017eaku","publisher":{"@id":"https:\/\/sandzakpress.net\/arhiva\/#\/schema\/person\/6e72b67d6e51910a1117b3b483ba20bd"},"potentialAction":[{"@type":"SearchAction","target":{"@type":"EntryPoint","urlTemplate":"https:\/\/sandzakpress.net\/arhiva\/?s={search_term_string}"},"query-input":{"@type":"PropertyValueSpecification","valueRequired":true,"valueName":"search_term_string"}}],"inLanguage":"bs-BA"},{"@type":["Person","Organization"],"@id":"https:\/\/sandzakpress.net\/arhiva\/#\/schema\/person\/6e72b67d6e51910a1117b3b483ba20bd","name":"Kul","image":{"@type":"ImageObject","inLanguage":"bs-BA","@id":"https:\/\/sandzakpress.net\/arhiva\/#\/schema\/person\/image\/","url":"https:\/\/secure.gravatar.com\/avatar\/42263f39aa27ac04c43cab85c280eb2e?s=96&d=mm&r=pg","contentUrl":"https:\/\/secure.gravatar.com\/avatar\/42263f39aa27ac04c43cab85c280eb2e?s=96&d=mm&r=pg","caption":"Kul"},"logo":{"@id":"https:\/\/sandzakpress.net\/arhiva\/#\/schema\/person\/image\/"}},{"@type":"Person","@id":"","url":"https:\/\/sandzakpress.net\/arhiva\/author\/"}]}},"_links":{"self":[{"href":"https:\/\/sandzakpress.net\/arhiva\/wp-json\/wp\/v2\/posts\/48703"}],"collection":[{"href":"https:\/\/sandzakpress.net\/arhiva\/wp-json\/wp\/v2\/posts"}],"about":[{"href":"https:\/\/sandzakpress.net\/arhiva\/wp-json\/wp\/v2\/types\/post"}],"author":[{"embeddable":true,"href":"https:\/\/sandzakpress.net\/arhiva\/wp-json\/wp\/v2\/users\/14"}],"replies":[{"embeddable":true,"href":"https:\/\/sandzakpress.net\/arhiva\/wp-json\/wp\/v2\/comments?post=48703"}],"version-history":[{"count":0,"href":"https:\/\/sandzakpress.net\/arhiva\/wp-json\/wp\/v2\/posts\/48703\/revisions"}],"wp:featuredmedia":[{"embeddable":true,"href":"https:\/\/sandzakpress.net\/arhiva\/wp-json\/wp\/v2\/media\/48704"}],"wp:attachment":[{"href":"https:\/\/sandzakpress.net\/arhiva\/wp-json\/wp\/v2\/media?parent=48703"}],"wp:term":[{"taxonomy":"category","embeddable":true,"href":"https:\/\/sandzakpress.net\/arhiva\/wp-json\/wp\/v2\/categories?post=48703"},{"taxonomy":"post_tag","embeddable":true,"href":"https:\/\/sandzakpress.net\/arhiva\/wp-json\/wp\/v2\/tags?post=48703"}],"curies":[{"name":"wp","href":"https:\/\/api.w.org\/{rel}","templated":true}]}}