{"id":48256,"date":"2012-08-20T17:44:12","date_gmt":"2012-08-20T15:44:12","guid":{"rendered":"https:\/\/sandzakpress.net\/arhiva\/?p=48256"},"modified":"2012-08-20T17:44:12","modified_gmt":"2012-08-20T15:44:12","slug":"govor-reisu-l-uleme-na-bajramskom-prijemu","status":"publish","type":"post","link":"https:\/\/sandzakpress.net\/arhiva\/govor-reisu-l-uleme-na-bajramskom-prijemu\/","title":{"rendered":"Govor reisu-l-uleme na bajramskom prijemu"},"content":{"rendered":"<p><strong><a href=\"https:\/\/sandzakpress.net\/arhiva\/wp-content\/uploads\/2012\/08\/reisu-l-ulema-izd-42.jpg\"><img loading=\"lazy\" decoding=\"async\" class=\"alignleft size-medium wp-image-48257\" title=\"reisu-l-ulema-izd-4\" src=\"https:\/\/sandzakpress.net\/arhiva\/wp-content\/uploads\/2012\/08\/reisu-l-ulema-izd-42-300x193.jpg\" alt=\"\" width=\"300\" height=\"193\" \/><\/a>BiH -GOVOR\u00a0REISU-L-ULEME DR. MUSTAFE CERI\u0106A\u00a0NA TRADICIONALNOM BAJRAMSKOM PRIJEMU U GAZI HUSREV-BEGOVOJ BIBLIOTECI:<\/strong><\/p>\n<p>Hvala Vam \u0161to ste se odazvali na\u0161em pozivu da nas po\u010dastite svojim prisustvom na ovom na\u0161em\/va\u0161em tradicionalnom bajramskom prijemu kako biste s nama podijelili radost i blagoslov ramazana, mjeseca posta koji muslimane u\u010di da nikada ne trebaju \u017eivjeti samo za sebe i da njihov mir, blagostanje i sre\u0107a zavisi od mira, blagostanja i sre\u0107e onih koji s njima i uz njih \u017eive. Dobro nam do\u0161li!<\/p>\n<p>Zahvaljujem se na mnogobrojnim pismenim bajramskim \u010destitkama pojedinca, privatnih i dr\u017eavnih institucija. Osim sitnih verbalnih provokacija i nekoliko kamenovanja d\u017eamijskih prozora na podru\u010dju RS-a, sretan sam \u0161to mogu kazati da je ovogodi\u0161nji Ramazan pro\u0161ao u miru i sigurnosti u svim selima i gradovima \u0161irom na\u0161e domovine.<\/p>\n<p>Zbog toplih ljetnih no\u0107i\u00a0 teravih namazi su obavljani na otvorenom u prisustvu velikog broja klanja\u010da, najvi\u0161e omladine. Kao i uvijek, Sarajevo ima posebnu ramazansku dra\u017e, ali ove godine \u010dini mi se da je ramazanska atmosfera bila ljep\u0161a nego ikada.<\/p>\n<p>Radostima na\u0161ih iftara \u010desto su nam se pridru\u017eivali na\u0161e kom\u0161ije, kao i neke ambasade, kojima ovom prilikom iskazujem posebnu zahvalnost. Iftarska dru\u017eenja u Sarajevu upu\u0107uju da je mogu\u0107e \u017eivjeti zajedno u razli\u010ditostima, pa je stoga razumljivo \u0161to je \u00a0Zajednica sv. Egidio iz Rima izabrala Sarajevo da bude doma\u0107in me\u0111unarodnom \u00a0mirovnom susretu pod naslovom &#8220;Living together is the future&#8221; (\u017divjeti zajedno je budu\u0107nost).<\/p>\n<p>Rije\u010d je o\u00a0 najve\u0107em religijskom, kao i\u00a0 politi\u010dkom doga\u0111aju nakon 20 godina od opsade Sarajeva. Na otvaranja 9. septembra o\u010dekuje se oko 3000 gostiju iz oko 60 zemalja svijeta. Sarajevski\u00a0 me\u0111unarodni mirovni susret, kojeg organizira\u00a0 Zajednica sv. Egidio u uskoj suradnji sa Islamskom zajednicom Bosne i Hercegovine, Patrijarhatom Srpske Pravoslavne Crkve, Vrhbosanskom Nadbiskupijom u Sarajevu te \u017didovskom zajednicom u Sarajevu je jedan u nizu godi\u0161njih susreta za mir, kojeg Zajednica s. Egidija ve\u0107 25 godina organizira u razli\u010ditim dijelovima svijeta. Me\u0111unarodni susret mira u Sarajevu \u0107e biti planetarna solidarnost sa \u017ertvama terorizma od 11. septembra, 2001. god. u Nju Jorku i Va\u0161ingtonu.<\/p>\n<p>Nakon toga srce Sarajeva \u0107e 21. septembra ponovo biti u slu\u017ebi mira i sigurnosti, jer to je me\u0111unarodni dan mira. Tog dana, po\u0161to je petak, hatibi \u0107e, ako Bog da, na d\u017euma-namazu govoriti o zna\u010denju i zna\u010daju mira i sigurnosti u islamu, dok \u0107e tog dana na pet sarajevski d\u017eamija biti upaljeni kandilji, kao glasnici mira zajedno sa d\u017eamijama u Jordanu, Tunisu, \u0160ri Lanki, Egiptu, Indiji, Iraku i drugim gradovima u svijetu.<\/p>\n<p>Glas Sarajevskog mira mora se uvijek i daleko \u010duti, posebno na stotu godi\u0161njicu od Prvog svjetskog rata. Ba\u0161 ovdje u Sarajevu glas velikog \u0161kotsko-ameri\u010dkog filantropiste Andrea Karnegija (Andrew Carnegie) mora se \u010duti, jer je to glas koji ima istu vrijednost sada kao i prije sto godina, a to je da je &#8220;mir pravi a rat krivi put&#8221;. Zbog toga je gosp. Karnegi u Nju Jorku 1914. god. osnovao Vije\u0107e za etiku u me\u0111unarodnim odnosima u Nju Jorku i zbog toga njegovi u\u010denici \u017eele da 2014. god. podsjete svijet da bez etike u me\u0111unarodnim odnosima \u010dovje\u010danstvo srlja u propast.<\/p>\n<p>Sretni smo \u0161to \u0107e se u Sarajevu i to ba\u0161 ovdje u ovoj Gazi Husrev-begovoj biblioteci odr\u017eati konferencija 27. juna, 2014. god. o va\u017enosti globalne etike u organizaciji Vije\u0107a Karnegija iz Nju Jorka a povodom stogodi\u0161njice od Prvog svjetskog rata, koji je po\u010deo ba\u0161 ovdje u Sarajevu.<\/p>\n<p>Mi smo sretni \u0161to \u0107e nam se pru\u017eiti prilika da iz ovog hrama vi\u0161evjekovne mudrosti po\u0161aljemo poruku mira. To je mogu\u0107e zahvaljuju\u0107i velikom \u00a0srcu Emira Qatara, Hameda bin Khalife Al Thanija, koji je omogu\u0107io da se podigne ova biblioteka, kao simbol mira i dijaloga me\u0111u ljudima i narodima. Mi se zahvaljujemo narodu, dr\u017eavi i Emiru Qatara na brizi i pa\u017enji za mir u Sarajevu, koji treba da se \u0161iri cijelim svijetom.<\/p>\n<p>Zahvaljujemo se i svima vama koji ste do\u0161li ve\u010deras da budete svjedoci da se ovdje i sada u Sarajevu pale svjetiljke mira i sigurnosti, koje mogu obasjati cijeli svijet, ako Bog da. To smo molili Boga, d\u017e.\u0161., dok smo postili u ramazanu! Stoga ka\u017eimo i ovom prilikom: &#8211;\u00a0<em>Bo\u017ee, neka vlada mir u na\u0161im srcima, u na\u0161im du\u0161ama, u na\u0161im ku\u0107ama, na na\u0161im ulicama, u na\u0161im gradovima i na na\u0161oj planeti. Amin!<\/em><\/p>\n<p>Jo\u0161 jednom dobro do\u0161li, osje\u0107ajte se ugodno i\u00a0<strong>Bajram \u0161erif mubarek olsun<\/strong>!<\/p>\n<p>(Rijaset)<\/p>\n","protected":false},"excerpt":{"rendered":"<p>BiH -GOVOR\u00a0REISU-L-ULEME DR. MUSTAFE CERI\u0106A\u00a0NA TRADICIONALNOM BAJRAMSKOM PRIJEMU U GAZI HUSREV-BEGOVOJ BIBLIOTECI: Hvala Vam \u0161to ste se odazvali na\u0161em pozivu da nas po\u010dastite svojim prisustvom na ovom na\u0161em\/va\u0161em tradicionalnom bajramskom prijemu kako biste s nama podijelili radost i blagoslov ramazana, mjeseca posta koji muslimane u\u010di da nikada ne trebaju \u017eivjeti samo za sebe i da [&hellip;]<\/p>\n","protected":false},"author":14,"featured_media":48257,"comment_status":"open","ping_status":"open","sticky":false,"template":"","format":"standard","meta":{"footnotes":""},"categories":[2860,802],"tags":[],"class_list":{"0":"post-48256","1":"post","2":"type-post","3":"status-publish","4":"format-standard","5":"has-post-thumbnail","7":"category-bosna-i-hercegovina-gradovi","8":"category-islamska_zajednica"},"yoast_head":"<!-- This site is optimized with the Yoast SEO Premium plugin v23.1 (Yoast SEO v24.9) - https:\/\/yoast.com\/wordpress\/plugins\/seo\/ -->\n<title>Govor reisu-l-uleme na bajramskom prijemu<\/title>\n<meta name=\"robots\" content=\"index, follow, max-snippet:-1, max-image-preview:large, max-video-preview:-1\" \/>\n<link rel=\"canonical\" href=\"https:\/\/sandzakpress.net\/arhiva\/govor-reisu-l-uleme-na-bajramskom-prijemu\/\" \/>\n<meta property=\"og:locale\" content=\"bs_BA\" \/>\n<meta property=\"og:type\" content=\"article\" \/>\n<meta property=\"og:title\" content=\"Govor reisu-l-uleme na bajramskom prijemu\" \/>\n<meta property=\"og:description\" content=\"BiH -GOVOR\u00a0REISU-L-ULEME DR. MUSTAFE CERI\u0106A\u00a0NA TRADICIONALNOM BAJRAMSKOM PRIJEMU U GAZI HUSREV-BEGOVOJ BIBLIOTECI: Hvala Vam \u0161to ste se odazvali na\u0161em pozivu da nas po\u010dastite svojim prisustvom na ovom na\u0161em\/va\u0161em tradicionalnom bajramskom prijemu kako biste s nama podijelili radost i blagoslov ramazana, mjeseca posta koji muslimane u\u010di da nikada ne trebaju \u017eivjeti samo za sebe i da [&hellip;]\" \/>\n<meta property=\"og:url\" content=\"https:\/\/sandzakpress.net\/arhiva\/govor-reisu-l-uleme-na-bajramskom-prijemu\/\" \/>\n<meta property=\"og:site_name\" content=\"Sand\u017eak PRESS\" \/>\n<meta property=\"article:published_time\" content=\"2012-08-20T15:44:12+00:00\" \/>\n<meta property=\"og:image\" content=\"https:\/\/sandzakpress.net\/arhiva\/wp-content\/uploads\/2012\/08\/reisu-l-ulema-izd-42.jpg\" \/>\n\t<meta property=\"og:image:width\" content=\"418\" \/>\n\t<meta property=\"og:image:height\" content=\"270\" \/>\n\t<meta property=\"og:image:type\" content=\"image\/jpeg\" \/>\n<meta name=\"twitter:card\" content=\"summary_large_image\" \/>\n<meta name=\"twitter:label1\" content=\"Written by\" \/>\n\t<meta name=\"twitter:data1\" content=\"\" \/>\n\t<meta name=\"twitter:label2\" content=\"Est. reading time\" \/>\n\t<meta name=\"twitter:data2\" content=\"4 minute\" \/>\n<script type=\"application\/ld+json\" class=\"yoast-schema-graph\">{\"@context\":\"https:\/\/schema.org\",\"@graph\":[{\"@type\":\"Article\",\"@id\":\"https:\/\/sandzakpress.net\/arhiva\/govor-reisu-l-uleme-na-bajramskom-prijemu\/#article\",\"isPartOf\":{\"@id\":\"https:\/\/sandzakpress.net\/arhiva\/govor-reisu-l-uleme-na-bajramskom-prijemu\/\"},\"author\":{\"name\":\"\",\"@id\":\"\"},\"headline\":\"Govor reisu-l-uleme na bajramskom prijemu\",\"datePublished\":\"2012-08-20T15:44:12+00:00\",\"mainEntityOfPage\":{\"@id\":\"https:\/\/sandzakpress.net\/arhiva\/govor-reisu-l-uleme-na-bajramskom-prijemu\/\"},\"wordCount\":777,\"commentCount\":0,\"publisher\":{\"@id\":\"https:\/\/sandzakpress.net\/arhiva\/#\/schema\/person\/6e72b67d6e51910a1117b3b483ba20bd\"},\"image\":{\"@id\":\"https:\/\/sandzakpress.net\/arhiva\/govor-reisu-l-uleme-na-bajramskom-prijemu\/#primaryimage\"},\"thumbnailUrl\":\"https:\/\/sandzakpress.net\/arhiva\/wp-content\/uploads\/2012\/08\/reisu-l-ulema-izd-42.jpg\",\"articleSection\":[\"Bosna i Hercegovina\",\"Islamska zajednica\"],\"inLanguage\":\"bs-BA\",\"potentialAction\":[{\"@type\":\"CommentAction\",\"name\":\"Comment\",\"target\":[\"https:\/\/sandzakpress.net\/arhiva\/govor-reisu-l-uleme-na-bajramskom-prijemu\/#respond\"]}]},{\"@type\":\"WebPage\",\"@id\":\"https:\/\/sandzakpress.net\/arhiva\/govor-reisu-l-uleme-na-bajramskom-prijemu\/\",\"url\":\"https:\/\/sandzakpress.net\/arhiva\/govor-reisu-l-uleme-na-bajramskom-prijemu\/\",\"name\":\"Govor reisu-l-uleme na bajramskom prijemu\",\"isPartOf\":{\"@id\":\"https:\/\/sandzakpress.net\/arhiva\/#website\"},\"primaryImageOfPage\":{\"@id\":\"https:\/\/sandzakpress.net\/arhiva\/govor-reisu-l-uleme-na-bajramskom-prijemu\/#primaryimage\"},\"image\":{\"@id\":\"https:\/\/sandzakpress.net\/arhiva\/govor-reisu-l-uleme-na-bajramskom-prijemu\/#primaryimage\"},\"thumbnailUrl\":\"https:\/\/sandzakpress.net\/arhiva\/wp-content\/uploads\/2012\/08\/reisu-l-ulema-izd-42.jpg\",\"datePublished\":\"2012-08-20T15:44:12+00:00\",\"breadcrumb\":{\"@id\":\"https:\/\/sandzakpress.net\/arhiva\/govor-reisu-l-uleme-na-bajramskom-prijemu\/#breadcrumb\"},\"inLanguage\":\"bs-BA\",\"potentialAction\":[{\"@type\":\"ReadAction\",\"target\":[\"https:\/\/sandzakpress.net\/arhiva\/govor-reisu-l-uleme-na-bajramskom-prijemu\/\"]}]},{\"@type\":\"ImageObject\",\"inLanguage\":\"bs-BA\",\"@id\":\"https:\/\/sandzakpress.net\/arhiva\/govor-reisu-l-uleme-na-bajramskom-prijemu\/#primaryimage\",\"url\":\"https:\/\/sandzakpress.net\/arhiva\/wp-content\/uploads\/2012\/08\/reisu-l-ulema-izd-42.jpg\",\"contentUrl\":\"https:\/\/sandzakpress.net\/arhiva\/wp-content\/uploads\/2012\/08\/reisu-l-ulema-izd-42.jpg\",\"width\":418,\"height\":270},{\"@type\":\"BreadcrumbList\",\"@id\":\"https:\/\/sandzakpress.net\/arhiva\/govor-reisu-l-uleme-na-bajramskom-prijemu\/#breadcrumb\",\"itemListElement\":[{\"@type\":\"ListItem\",\"position\":1,\"name\":\"Home\",\"item\":\"https:\/\/sandzakpress.net\/arhiva\/\"},{\"@type\":\"ListItem\",\"position\":2,\"name\":\"Govor reisu-l-uleme na bajramskom prijemu\"}]},{\"@type\":\"WebSite\",\"@id\":\"https:\/\/sandzakpress.net\/arhiva\/#website\",\"url\":\"https:\/\/sandzakpress.net\/arhiva\/\",\"name\":\"Sand\u017eak PRESS\",\"description\":\"Prve elektronske novine u Sand\u017eaku\",\"publisher\":{\"@id\":\"https:\/\/sandzakpress.net\/arhiva\/#\/schema\/person\/6e72b67d6e51910a1117b3b483ba20bd\"},\"potentialAction\":[{\"@type\":\"SearchAction\",\"target\":{\"@type\":\"EntryPoint\",\"urlTemplate\":\"https:\/\/sandzakpress.net\/arhiva\/?s={search_term_string}\"},\"query-input\":{\"@type\":\"PropertyValueSpecification\",\"valueRequired\":true,\"valueName\":\"search_term_string\"}}],\"inLanguage\":\"bs-BA\"},{\"@type\":[\"Person\",\"Organization\"],\"@id\":\"https:\/\/sandzakpress.net\/arhiva\/#\/schema\/person\/6e72b67d6e51910a1117b3b483ba20bd\",\"name\":\"Kul\",\"image\":{\"@type\":\"ImageObject\",\"inLanguage\":\"bs-BA\",\"@id\":\"https:\/\/sandzakpress.net\/arhiva\/#\/schema\/person\/image\/\",\"url\":\"https:\/\/secure.gravatar.com\/avatar\/42263f39aa27ac04c43cab85c280eb2e?s=96&d=mm&r=pg\",\"contentUrl\":\"https:\/\/secure.gravatar.com\/avatar\/42263f39aa27ac04c43cab85c280eb2e?s=96&d=mm&r=pg\",\"caption\":\"Kul\"},\"logo\":{\"@id\":\"https:\/\/sandzakpress.net\/arhiva\/#\/schema\/person\/image\/\"}},{\"@type\":\"Person\",\"@id\":\"\",\"url\":\"https:\/\/sandzakpress.net\/arhiva\/author\/\"}]}<\/script>\n<!-- \/ Yoast SEO Premium plugin. -->","yoast_head_json":{"title":"Govor reisu-l-uleme na bajramskom prijemu","robots":{"index":"index","follow":"follow","max-snippet":"max-snippet:-1","max-image-preview":"max-image-preview:large","max-video-preview":"max-video-preview:-1"},"canonical":"https:\/\/sandzakpress.net\/arhiva\/govor-reisu-l-uleme-na-bajramskom-prijemu\/","og_locale":"bs_BA","og_type":"article","og_title":"Govor reisu-l-uleme na bajramskom prijemu","og_description":"BiH -GOVOR\u00a0REISU-L-ULEME DR. MUSTAFE CERI\u0106A\u00a0NA TRADICIONALNOM BAJRAMSKOM PRIJEMU U GAZI HUSREV-BEGOVOJ BIBLIOTECI: Hvala Vam \u0161to ste se odazvali na\u0161em pozivu da nas po\u010dastite svojim prisustvom na ovom na\u0161em\/va\u0161em tradicionalnom bajramskom prijemu kako biste s nama podijelili radost i blagoslov ramazana, mjeseca posta koji muslimane u\u010di da nikada ne trebaju \u017eivjeti samo za sebe i da [&hellip;]","og_url":"https:\/\/sandzakpress.net\/arhiva\/govor-reisu-l-uleme-na-bajramskom-prijemu\/","og_site_name":"Sand\u017eak PRESS","article_published_time":"2012-08-20T15:44:12+00:00","og_image":[{"width":418,"height":270,"url":"https:\/\/sandzakpress.net\/arhiva\/wp-content\/uploads\/2012\/08\/reisu-l-ulema-izd-42.jpg","type":"image\/jpeg"}],"twitter_card":"summary_large_image","twitter_misc":{"Written by":"","Est. reading time":"4 minute"},"schema":{"@context":"https:\/\/schema.org","@graph":[{"@type":"Article","@id":"https:\/\/sandzakpress.net\/arhiva\/govor-reisu-l-uleme-na-bajramskom-prijemu\/#article","isPartOf":{"@id":"https:\/\/sandzakpress.net\/arhiva\/govor-reisu-l-uleme-na-bajramskom-prijemu\/"},"author":{"name":"","@id":""},"headline":"Govor reisu-l-uleme na bajramskom prijemu","datePublished":"2012-08-20T15:44:12+00:00","mainEntityOfPage":{"@id":"https:\/\/sandzakpress.net\/arhiva\/govor-reisu-l-uleme-na-bajramskom-prijemu\/"},"wordCount":777,"commentCount":0,"publisher":{"@id":"https:\/\/sandzakpress.net\/arhiva\/#\/schema\/person\/6e72b67d6e51910a1117b3b483ba20bd"},"image":{"@id":"https:\/\/sandzakpress.net\/arhiva\/govor-reisu-l-uleme-na-bajramskom-prijemu\/#primaryimage"},"thumbnailUrl":"https:\/\/sandzakpress.net\/arhiva\/wp-content\/uploads\/2012\/08\/reisu-l-ulema-izd-42.jpg","articleSection":["Bosna i Hercegovina","Islamska zajednica"],"inLanguage":"bs-BA","potentialAction":[{"@type":"CommentAction","name":"Comment","target":["https:\/\/sandzakpress.net\/arhiva\/govor-reisu-l-uleme-na-bajramskom-prijemu\/#respond"]}]},{"@type":"WebPage","@id":"https:\/\/sandzakpress.net\/arhiva\/govor-reisu-l-uleme-na-bajramskom-prijemu\/","url":"https:\/\/sandzakpress.net\/arhiva\/govor-reisu-l-uleme-na-bajramskom-prijemu\/","name":"Govor reisu-l-uleme na bajramskom prijemu","isPartOf":{"@id":"https:\/\/sandzakpress.net\/arhiva\/#website"},"primaryImageOfPage":{"@id":"https:\/\/sandzakpress.net\/arhiva\/govor-reisu-l-uleme-na-bajramskom-prijemu\/#primaryimage"},"image":{"@id":"https:\/\/sandzakpress.net\/arhiva\/govor-reisu-l-uleme-na-bajramskom-prijemu\/#primaryimage"},"thumbnailUrl":"https:\/\/sandzakpress.net\/arhiva\/wp-content\/uploads\/2012\/08\/reisu-l-ulema-izd-42.jpg","datePublished":"2012-08-20T15:44:12+00:00","breadcrumb":{"@id":"https:\/\/sandzakpress.net\/arhiva\/govor-reisu-l-uleme-na-bajramskom-prijemu\/#breadcrumb"},"inLanguage":"bs-BA","potentialAction":[{"@type":"ReadAction","target":["https:\/\/sandzakpress.net\/arhiva\/govor-reisu-l-uleme-na-bajramskom-prijemu\/"]}]},{"@type":"ImageObject","inLanguage":"bs-BA","@id":"https:\/\/sandzakpress.net\/arhiva\/govor-reisu-l-uleme-na-bajramskom-prijemu\/#primaryimage","url":"https:\/\/sandzakpress.net\/arhiva\/wp-content\/uploads\/2012\/08\/reisu-l-ulema-izd-42.jpg","contentUrl":"https:\/\/sandzakpress.net\/arhiva\/wp-content\/uploads\/2012\/08\/reisu-l-ulema-izd-42.jpg","width":418,"height":270},{"@type":"BreadcrumbList","@id":"https:\/\/sandzakpress.net\/arhiva\/govor-reisu-l-uleme-na-bajramskom-prijemu\/#breadcrumb","itemListElement":[{"@type":"ListItem","position":1,"name":"Home","item":"https:\/\/sandzakpress.net\/arhiva\/"},{"@type":"ListItem","position":2,"name":"Govor reisu-l-uleme na bajramskom prijemu"}]},{"@type":"WebSite","@id":"https:\/\/sandzakpress.net\/arhiva\/#website","url":"https:\/\/sandzakpress.net\/arhiva\/","name":"Sand\u017eak PRESS","description":"Prve elektronske novine u Sand\u017eaku","publisher":{"@id":"https:\/\/sandzakpress.net\/arhiva\/#\/schema\/person\/6e72b67d6e51910a1117b3b483ba20bd"},"potentialAction":[{"@type":"SearchAction","target":{"@type":"EntryPoint","urlTemplate":"https:\/\/sandzakpress.net\/arhiva\/?s={search_term_string}"},"query-input":{"@type":"PropertyValueSpecification","valueRequired":true,"valueName":"search_term_string"}}],"inLanguage":"bs-BA"},{"@type":["Person","Organization"],"@id":"https:\/\/sandzakpress.net\/arhiva\/#\/schema\/person\/6e72b67d6e51910a1117b3b483ba20bd","name":"Kul","image":{"@type":"ImageObject","inLanguage":"bs-BA","@id":"https:\/\/sandzakpress.net\/arhiva\/#\/schema\/person\/image\/","url":"https:\/\/secure.gravatar.com\/avatar\/42263f39aa27ac04c43cab85c280eb2e?s=96&d=mm&r=pg","contentUrl":"https:\/\/secure.gravatar.com\/avatar\/42263f39aa27ac04c43cab85c280eb2e?s=96&d=mm&r=pg","caption":"Kul"},"logo":{"@id":"https:\/\/sandzakpress.net\/arhiva\/#\/schema\/person\/image\/"}},{"@type":"Person","@id":"","url":"https:\/\/sandzakpress.net\/arhiva\/author\/"}]}},"_links":{"self":[{"href":"https:\/\/sandzakpress.net\/arhiva\/wp-json\/wp\/v2\/posts\/48256"}],"collection":[{"href":"https:\/\/sandzakpress.net\/arhiva\/wp-json\/wp\/v2\/posts"}],"about":[{"href":"https:\/\/sandzakpress.net\/arhiva\/wp-json\/wp\/v2\/types\/post"}],"author":[{"embeddable":true,"href":"https:\/\/sandzakpress.net\/arhiva\/wp-json\/wp\/v2\/users\/14"}],"replies":[{"embeddable":true,"href":"https:\/\/sandzakpress.net\/arhiva\/wp-json\/wp\/v2\/comments?post=48256"}],"version-history":[{"count":0,"href":"https:\/\/sandzakpress.net\/arhiva\/wp-json\/wp\/v2\/posts\/48256\/revisions"}],"wp:featuredmedia":[{"embeddable":true,"href":"https:\/\/sandzakpress.net\/arhiva\/wp-json\/wp\/v2\/media\/48257"}],"wp:attachment":[{"href":"https:\/\/sandzakpress.net\/arhiva\/wp-json\/wp\/v2\/media?parent=48256"}],"wp:term":[{"taxonomy":"category","embeddable":true,"href":"https:\/\/sandzakpress.net\/arhiva\/wp-json\/wp\/v2\/categories?post=48256"},{"taxonomy":"post_tag","embeddable":true,"href":"https:\/\/sandzakpress.net\/arhiva\/wp-json\/wp\/v2\/tags?post=48256"}],"curies":[{"name":"wp","href":"https:\/\/api.w.org\/{rel}","templated":true}]}}