{"id":481,"date":"2009-12-23T16:40:19","date_gmt":"2009-12-23T16:40:19","guid":{"rendered":"https:\/\/sandzakpress.net\/arhiva\/?p=481"},"modified":"2009-12-23T16:40:46","modified_gmt":"2009-12-23T16:40:46","slug":"islamofobija-i-antisemitizam-dva-imena-istog-zla","status":"publish","type":"post","link":"https:\/\/sandzakpress.net\/arhiva\/islamofobija-i-antisemitizam-dva-imena-istog-zla\/","title":{"rendered":"Islamofobija i antisemitizam &#8211; dva imena istog zla"},"content":{"rendered":"<p><a href=\"https:\/\/sandzakpress.net\/arhiva\/wp-content\/uploads\/2009\/12\/islamofobija_antisemitizam.jpg\"><img loading=\"lazy\" decoding=\"async\" class=\"aligncenter size-full wp-image-482\" title=\"islamofobija_antisemitizam\" src=\"https:\/\/sandzakpress.net\/arhiva\/wp-content\/uploads\/2009\/12\/islamofobija_antisemitizam.jpg\" alt=\"\" width=\"620\" height=\"285\" \/><\/a><\/p>\n<p><strong>Ako je 20. stolje\u0107e obilje\u017eio antisemitizam, koji je prethodio holokaustu, jednom od najve\u0107ih zlo\u010dina u povijesti \u010dovje\u010danstva, onda po\u010detak 21. stolje\u0107a prolazi u znaku sve prisutnije islamofobije, \u010dak i u dru\u0161tvima sa dugom demokratskom tradicijom.<\/strong><\/p>\n<p>Nametnuta globalna tema o navodnom islamskom terorizmu i la\u017ena dilema da li je islam militantan ili ne, dobro je poznati scenario zamagljivanja istine i zamjene teza koji je jo\u0161 D\u017eord\u017e Orvel u svom djelu \u201e1984.\u201c opisao kao potrebu svake vlasti da stvori virtuelnog neprijatelja koji bi zaokupio pa\u017enju stanovni\u0161tva i udaljio ga od svakodnevnih problema, tj. u ovom slu\u010daju globalne recesije, a po\u0161to je gvozdena zavjesa pala i Berlinski zid davno sru\u0161en, de\u017eurna opasnost je hid\u017eab, ili minaret, ili neki drugi vid prakticiranja islama, ili neki njegov simbol.<br \/>\nTragi\u010dina je sudbina Egip\u0107anke koja je posjedovala i njema\u010dko dr\u017eavljanstvo Merve \u0160erbini, koja je napadnuta u jednom parku, a potom i ubijena od strane istog po\u010dinioca u zgradi suda, u samoj sudnici, nao\u010digled organa reda.<br \/>\nSamo zato \u0161to je pripadnica islama i samo zato \u0161to je njeno obla\u010denje bilo u skladu sa islamskim propisima dokaz je sve prisutnije islamofobije koja se prvo o\u010ditovala kroz verbalne napade (govore ultradesni\u010darskih lidera u zemljama Zapadne Evrope), da bi se pre\u0161lo na fizi\u010dke napade na muslimane sa najtragi\u010dnijim posljedicama.<\/p>\n<p>Izgleda da taj stra\u0161ni zlo\u010din i sve u\u010destaliji napadi na muslimane, d\u017eamije i mesd\u017eide, motivisani islamofobijom, nisu bili dovoljan znak za uzbunu i pokazatelj da je krajnje vrijeme da se ne\u0161to po ovom pitanju uradi i napokon stane na put islamofobiji. Umjesto toga jedna desni\u010darska partija u \u0160vicarskoj organizovala je referendum sa pitanjem da li treba dozvoliti muslimanima da grade minarete?<br \/>\nSama sadr\u017eina pitanja je skandalozna sama po sebi i predstavlja \u0161kolski primjer kr\u0161enja demokratskih principa. Sa aspekta zdravog razuma, ali i demokratije, neprihvatljivo je da se o izgledu muslimanske bogomolje izja\u0161njavaju nemuslimani i neprihvatljivo je da se u jednom dru\u0161tvu, koje se deklari\u0161e kao demokratsko, vodi kampanja protiv muslimana na na\u010din da direktno podsti\u010de na islamofobiju i na netrpeljivost prema muslimanima, njihovoj kulturi, tradiciji i sve \u0161to podsje\u0107a na islam. Kampanja koju su vodili desni\u010dari u \u0160vicarskoj i zapaljiva retorika koja se mo\u017ee \u010duti od desni\u010darskih i ultradesni\u010darskih partija u Evropi neodoljivo podsje\u0107a na opoziciono djelovanje Hitlerove Nacionalsocijalisti\u010dke partije i njegove vatrene govore 20-tih i 30-tih godina 20. stolje\u0107a kada je pozivao na rje\u0161enje tzv. jevrejskog pitanja na na\u010din \u0161to je prvo pro\u0161irio netrpeljivost ve\u0107inskog stanovni\u0161tva prema Jevrejima. Op\u0161te je poznato da je jedna takva bezumna politika dovela do holokausta i egzodusa Jevreja \u0161irom Evrope.<\/p>\n<p>Druga, ali ne manje bitna \u010dinjenica na koju moramo obratiti pa\u017enju jeste poku\u0161aj \u0161vicarskih vlasti da, prebacuju\u0107i odgovornost sa sebe, sakriju se iza rezultata referenduma. Koliko je tzv. narodna volja na referendumima relativna stvar pokazuje primjer irskog referenduma o Lisabonskom sporazumu koji je poslije niza ponavljanja glasanja jedva pro\u0161ao. Isto tako \u010dinjenica je da su i Hitler i Milo\u0161evi\u0107 na izborima imali ve\u0107inu glasova, a \u0161to opet ne zna\u010di da su glasa\u010di ispravno postupili, ili da su doti\u010dni izabranici bili demokrate i po\u0161tovaoci vladavine prava.<br \/>\nSkandalozan je i poku\u0161aj pojedinih \u0161vicarskih zvani\u010dnika da sramne rezultate referenduma opravdaju proizvoljnom konstatacijom da i u pojedinim muslimanskim zemljama nedostaju crkve i zvonici. Ne\u010duveno!<br \/>\nZar je to jezik demokratije? Zar jedna diskriminacija (ako je ova tvrdnja ta\u010dna) mo\u017ee biti opravdanje za drugu? Zar jedna demokratska Evropa za komparaciju sebi uzima Bliski istok ili zemlje Afrike? Zar ugnjetavanje i obesbravljenost jednih mo\u017ee biti opravdanje za jedno takvo pona\u0161anje? Ako je to civilizacijsko dostignu\u0107e novog doba onda nismo mnogo odmakli od prvobitne ljudske zajednice. Obespravljenost \u0161vicarskih muslimana podsjetila nas je i na na\u0161 svakodnevni \u017eivot prepun diskriminacije, a koja opet proizilazi iz islamofobije koju smi\u0161ljeno plasira Ministarstvo vjera Republike Srbije i sam ministar Bogoljub \u0160ijakovi\u0107. Podsjetilo nas je na \u010dinjenicu da muslimani Beograda, Novog Sada, Ni\u0161a jo\u0161 uvijek nemaju svoje mezarje, niti potreban broj vjerskih objekata gdje bi mogli prakticirati svoju vjeru. Podsjetilo nas je da desetine vjerou\u010ditelja koji zahvaljuju\u0107i nemaru Ministarstva nemaju svoja primanja, na ukidanje dotacija \u201eGlasu islama\u201c, poku\u0161aj ga\u0161enja slobode govora i nategnuti odnos prema svemu \u0161to ima predznak islamskog.<\/p>\n<p>Me\u0111utim, brojni apeli i podr\u0161ke muslimanima koji dolaze od strane nemuslimanskih politi\u010dkih autoriteta i intelektualaca, kao i osuda \u0161vicarskog referenduma, te diskriminatorskog odnosa pojedinih predstavnika vlasti prema muslimanima u Srbiji, ulijeva nadu o ujedinjenoj Evropi u svim svojim razli\u010ditostima, o Evropi kao kolijevci demokratije. Ulijeva nadu da \u0107e i ovaj kontinent iznjedriti svog Barak Husein Obamu, koji \u0107e probuditi nadu i biti dokaz da je i Evropa kontinent prava, pravde i \u0161anse za sve.<\/p>\n<p>Izvor: <strong>Samir Tandir<\/strong><\/p>\n","protected":false},"excerpt":{"rendered":"<p>Ako je 20. stolje\u0107e obilje\u017eio antisemitizam, koji je prethodio holokaustu, jednom od najve\u0107ih zlo\u010dina u povijesti \u010dovje\u010danstva, onda po\u010detak 21. stolje\u0107a prolazi u znaku sve prisutnije islamofobije, \u010dak i u dru\u0161tvima sa dugom demokratskom tradicijom. Nametnuta globalna tema o navodnom islamskom terorizmu i la\u017ena dilema da li je islam militantan ili ne, dobro je poznati [&hellip;]<\/p>\n","protected":false},"author":83,"featured_media":482,"comment_status":"open","ping_status":"open","sticky":false,"template":"","format":"standard","meta":{"footnotes":""},"categories":[16],"tags":[],"class_list":{"0":"post-481","1":"post","2":"type-post","3":"status-publish","4":"format-standard","5":"has-post-thumbnail","7":"category-novine"},"yoast_head":"<!-- This site is optimized with the Yoast SEO Premium plugin v23.1 (Yoast SEO v24.9) - https:\/\/yoast.com\/wordpress\/plugins\/seo\/ -->\n<title>Islamofobija i antisemitizam - dva imena istog zla<\/title>\n<meta name=\"robots\" content=\"index, follow, max-snippet:-1, max-image-preview:large, max-video-preview:-1\" \/>\n<link rel=\"canonical\" href=\"https:\/\/sandzakpress.net\/arhiva\/islamofobija-i-antisemitizam-dva-imena-istog-zla\/\" \/>\n<meta property=\"og:locale\" content=\"bs_BA\" \/>\n<meta property=\"og:type\" content=\"article\" \/>\n<meta property=\"og:title\" content=\"Islamofobija i antisemitizam - dva imena istog zla\" \/>\n<meta property=\"og:description\" content=\"Ako je 20. stolje\u0107e obilje\u017eio antisemitizam, koji je prethodio holokaustu, jednom od najve\u0107ih zlo\u010dina u povijesti \u010dovje\u010danstva, onda po\u010detak 21. stolje\u0107a prolazi u znaku sve prisutnije islamofobije, \u010dak i u dru\u0161tvima sa dugom demokratskom tradicijom. Nametnuta globalna tema o navodnom islamskom terorizmu i la\u017ena dilema da li je islam militantan ili ne, dobro je poznati [&hellip;]\" \/>\n<meta property=\"og:url\" content=\"https:\/\/sandzakpress.net\/arhiva\/islamofobija-i-antisemitizam-dva-imena-istog-zla\/\" \/>\n<meta property=\"og:site_name\" content=\"Sand\u017eak PRESS\" \/>\n<meta property=\"article:published_time\" content=\"2009-12-23T16:40:19+00:00\" \/>\n<meta property=\"article:modified_time\" content=\"2009-12-23T16:40:46+00:00\" \/>\n<meta property=\"og:image\" content=\"https:\/\/sandzakpress.net\/arhiva\/wp-content\/uploads\/2009\/12\/islamofobija_antisemitizam.jpg\" \/>\n\t<meta property=\"og:image:width\" content=\"616\" \/>\n\t<meta property=\"og:image:height\" content=\"283\" \/>\n\t<meta property=\"og:image:type\" content=\"image\/jpeg\" \/>\n<meta name=\"author\" content=\"bosniak\" \/>\n<meta name=\"twitter:card\" content=\"summary_large_image\" \/>\n<meta name=\"twitter:label1\" content=\"Written by\" \/>\n\t<meta name=\"twitter:data1\" content=\"bosniak\" \/>\n\t<meta name=\"twitter:label2\" content=\"Est. reading time\" \/>\n\t<meta name=\"twitter:data2\" content=\"4 minute\" \/>\n<script type=\"application\/ld+json\" class=\"yoast-schema-graph\">{\"@context\":\"https:\/\/schema.org\",\"@graph\":[{\"@type\":\"Article\",\"@id\":\"https:\/\/sandzakpress.net\/arhiva\/islamofobija-i-antisemitizam-dva-imena-istog-zla\/#article\",\"isPartOf\":{\"@id\":\"https:\/\/sandzakpress.net\/arhiva\/islamofobija-i-antisemitizam-dva-imena-istog-zla\/\"},\"author\":{\"name\":\"bosniak\",\"@id\":\"https:\/\/sandzakpress.net\/arhiva\/#\/schema\/person\/c8baee722073534b583ea7bdb2e36c02\"},\"headline\":\"Islamofobija i antisemitizam &#8211; dva imena istog zla\",\"datePublished\":\"2009-12-23T16:40:19+00:00\",\"dateModified\":\"2009-12-23T16:40:46+00:00\",\"mainEntityOfPage\":{\"@id\":\"https:\/\/sandzakpress.net\/arhiva\/islamofobija-i-antisemitizam-dva-imena-istog-zla\/\"},\"wordCount\":837,\"commentCount\":0,\"publisher\":{\"@id\":\"https:\/\/sandzakpress.net\/arhiva\/#\/schema\/person\/6e72b67d6e51910a1117b3b483ba20bd\"},\"image\":{\"@id\":\"https:\/\/sandzakpress.net\/arhiva\/islamofobija-i-antisemitizam-dva-imena-istog-zla\/#primaryimage\"},\"thumbnailUrl\":\"https:\/\/sandzakpress.net\/arhiva\/wp-content\/uploads\/2009\/12\/islamofobija_antisemitizam.jpg\",\"articleSection\":[\"Novine\"],\"inLanguage\":\"bs-BA\",\"potentialAction\":[{\"@type\":\"CommentAction\",\"name\":\"Comment\",\"target\":[\"https:\/\/sandzakpress.net\/arhiva\/islamofobija-i-antisemitizam-dva-imena-istog-zla\/#respond\"]}]},{\"@type\":\"WebPage\",\"@id\":\"https:\/\/sandzakpress.net\/arhiva\/islamofobija-i-antisemitizam-dva-imena-istog-zla\/\",\"url\":\"https:\/\/sandzakpress.net\/arhiva\/islamofobija-i-antisemitizam-dva-imena-istog-zla\/\",\"name\":\"Islamofobija i antisemitizam - dva imena istog zla\",\"isPartOf\":{\"@id\":\"https:\/\/sandzakpress.net\/arhiva\/#website\"},\"primaryImageOfPage\":{\"@id\":\"https:\/\/sandzakpress.net\/arhiva\/islamofobija-i-antisemitizam-dva-imena-istog-zla\/#primaryimage\"},\"image\":{\"@id\":\"https:\/\/sandzakpress.net\/arhiva\/islamofobija-i-antisemitizam-dva-imena-istog-zla\/#primaryimage\"},\"thumbnailUrl\":\"https:\/\/sandzakpress.net\/arhiva\/wp-content\/uploads\/2009\/12\/islamofobija_antisemitizam.jpg\",\"datePublished\":\"2009-12-23T16:40:19+00:00\",\"dateModified\":\"2009-12-23T16:40:46+00:00\",\"breadcrumb\":{\"@id\":\"https:\/\/sandzakpress.net\/arhiva\/islamofobija-i-antisemitizam-dva-imena-istog-zla\/#breadcrumb\"},\"inLanguage\":\"bs-BA\",\"potentialAction\":[{\"@type\":\"ReadAction\",\"target\":[\"https:\/\/sandzakpress.net\/arhiva\/islamofobija-i-antisemitizam-dva-imena-istog-zla\/\"]}]},{\"@type\":\"ImageObject\",\"inLanguage\":\"bs-BA\",\"@id\":\"https:\/\/sandzakpress.net\/arhiva\/islamofobija-i-antisemitizam-dva-imena-istog-zla\/#primaryimage\",\"url\":\"https:\/\/sandzakpress.net\/arhiva\/wp-content\/uploads\/2009\/12\/islamofobija_antisemitizam.jpg\",\"contentUrl\":\"https:\/\/sandzakpress.net\/arhiva\/wp-content\/uploads\/2009\/12\/islamofobija_antisemitizam.jpg\",\"width\":616,\"height\":283},{\"@type\":\"BreadcrumbList\",\"@id\":\"https:\/\/sandzakpress.net\/arhiva\/islamofobija-i-antisemitizam-dva-imena-istog-zla\/#breadcrumb\",\"itemListElement\":[{\"@type\":\"ListItem\",\"position\":1,\"name\":\"Home\",\"item\":\"https:\/\/sandzakpress.net\/arhiva\/\"},{\"@type\":\"ListItem\",\"position\":2,\"name\":\"Islamofobija i antisemitizam &#8211; dva imena istog zla\"}]},{\"@type\":\"WebSite\",\"@id\":\"https:\/\/sandzakpress.net\/arhiva\/#website\",\"url\":\"https:\/\/sandzakpress.net\/arhiva\/\",\"name\":\"Sand\u017eak PRESS\",\"description\":\"Prve elektronske novine u Sand\u017eaku\",\"publisher\":{\"@id\":\"https:\/\/sandzakpress.net\/arhiva\/#\/schema\/person\/6e72b67d6e51910a1117b3b483ba20bd\"},\"potentialAction\":[{\"@type\":\"SearchAction\",\"target\":{\"@type\":\"EntryPoint\",\"urlTemplate\":\"https:\/\/sandzakpress.net\/arhiva\/?s={search_term_string}\"},\"query-input\":{\"@type\":\"PropertyValueSpecification\",\"valueRequired\":true,\"valueName\":\"search_term_string\"}}],\"inLanguage\":\"bs-BA\"},{\"@type\":[\"Person\",\"Organization\"],\"@id\":\"https:\/\/sandzakpress.net\/arhiva\/#\/schema\/person\/6e72b67d6e51910a1117b3b483ba20bd\",\"name\":\"Kul\",\"image\":{\"@type\":\"ImageObject\",\"inLanguage\":\"bs-BA\",\"@id\":\"https:\/\/sandzakpress.net\/arhiva\/#\/schema\/person\/image\/\",\"url\":\"https:\/\/secure.gravatar.com\/avatar\/42263f39aa27ac04c43cab85c280eb2e?s=96&d=mm&r=pg\",\"contentUrl\":\"https:\/\/secure.gravatar.com\/avatar\/42263f39aa27ac04c43cab85c280eb2e?s=96&d=mm&r=pg\",\"caption\":\"Kul\"},\"logo\":{\"@id\":\"https:\/\/sandzakpress.net\/arhiva\/#\/schema\/person\/image\/\"}},{\"@type\":\"Person\",\"@id\":\"https:\/\/sandzakpress.net\/arhiva\/#\/schema\/person\/c8baee722073534b583ea7bdb2e36c02\",\"name\":\"bosniak\",\"image\":{\"@type\":\"ImageObject\",\"inLanguage\":\"bs-BA\",\"@id\":\"https:\/\/sandzakpress.net\/arhiva\/#\/schema\/person\/image\/\",\"url\":\"https:\/\/secure.gravatar.com\/avatar\/a04fd330bfe3a36a72a0ad4a6d89fca7?s=96&d=mm&r=pg\",\"contentUrl\":\"https:\/\/secure.gravatar.com\/avatar\/a04fd330bfe3a36a72a0ad4a6d89fca7?s=96&d=mm&r=pg\",\"caption\":\"bosniak\"},\"url\":\"https:\/\/sandzakpress.net\/arhiva\/author\/bosniak\/\"}]}<\/script>\n<!-- \/ Yoast SEO Premium plugin. -->","yoast_head_json":{"title":"Islamofobija i antisemitizam - dva imena istog zla","robots":{"index":"index","follow":"follow","max-snippet":"max-snippet:-1","max-image-preview":"max-image-preview:large","max-video-preview":"max-video-preview:-1"},"canonical":"https:\/\/sandzakpress.net\/arhiva\/islamofobija-i-antisemitizam-dva-imena-istog-zla\/","og_locale":"bs_BA","og_type":"article","og_title":"Islamofobija i antisemitizam - dva imena istog zla","og_description":"Ako je 20. stolje\u0107e obilje\u017eio antisemitizam, koji je prethodio holokaustu, jednom od najve\u0107ih zlo\u010dina u povijesti \u010dovje\u010danstva, onda po\u010detak 21. stolje\u0107a prolazi u znaku sve prisutnije islamofobije, \u010dak i u dru\u0161tvima sa dugom demokratskom tradicijom. Nametnuta globalna tema o navodnom islamskom terorizmu i la\u017ena dilema da li je islam militantan ili ne, dobro je poznati [&hellip;]","og_url":"https:\/\/sandzakpress.net\/arhiva\/islamofobija-i-antisemitizam-dva-imena-istog-zla\/","og_site_name":"Sand\u017eak PRESS","article_published_time":"2009-12-23T16:40:19+00:00","article_modified_time":"2009-12-23T16:40:46+00:00","og_image":[{"width":616,"height":283,"url":"https:\/\/sandzakpress.net\/arhiva\/wp-content\/uploads\/2009\/12\/islamofobija_antisemitizam.jpg","type":"image\/jpeg"}],"author":"bosniak","twitter_card":"summary_large_image","twitter_misc":{"Written by":"bosniak","Est. reading time":"4 minute"},"schema":{"@context":"https:\/\/schema.org","@graph":[{"@type":"Article","@id":"https:\/\/sandzakpress.net\/arhiva\/islamofobija-i-antisemitizam-dva-imena-istog-zla\/#article","isPartOf":{"@id":"https:\/\/sandzakpress.net\/arhiva\/islamofobija-i-antisemitizam-dva-imena-istog-zla\/"},"author":{"name":"bosniak","@id":"https:\/\/sandzakpress.net\/arhiva\/#\/schema\/person\/c8baee722073534b583ea7bdb2e36c02"},"headline":"Islamofobija i antisemitizam &#8211; dva imena istog zla","datePublished":"2009-12-23T16:40:19+00:00","dateModified":"2009-12-23T16:40:46+00:00","mainEntityOfPage":{"@id":"https:\/\/sandzakpress.net\/arhiva\/islamofobija-i-antisemitizam-dva-imena-istog-zla\/"},"wordCount":837,"commentCount":0,"publisher":{"@id":"https:\/\/sandzakpress.net\/arhiva\/#\/schema\/person\/6e72b67d6e51910a1117b3b483ba20bd"},"image":{"@id":"https:\/\/sandzakpress.net\/arhiva\/islamofobija-i-antisemitizam-dva-imena-istog-zla\/#primaryimage"},"thumbnailUrl":"https:\/\/sandzakpress.net\/arhiva\/wp-content\/uploads\/2009\/12\/islamofobija_antisemitizam.jpg","articleSection":["Novine"],"inLanguage":"bs-BA","potentialAction":[{"@type":"CommentAction","name":"Comment","target":["https:\/\/sandzakpress.net\/arhiva\/islamofobija-i-antisemitizam-dva-imena-istog-zla\/#respond"]}]},{"@type":"WebPage","@id":"https:\/\/sandzakpress.net\/arhiva\/islamofobija-i-antisemitizam-dva-imena-istog-zla\/","url":"https:\/\/sandzakpress.net\/arhiva\/islamofobija-i-antisemitizam-dva-imena-istog-zla\/","name":"Islamofobija i antisemitizam - dva imena istog zla","isPartOf":{"@id":"https:\/\/sandzakpress.net\/arhiva\/#website"},"primaryImageOfPage":{"@id":"https:\/\/sandzakpress.net\/arhiva\/islamofobija-i-antisemitizam-dva-imena-istog-zla\/#primaryimage"},"image":{"@id":"https:\/\/sandzakpress.net\/arhiva\/islamofobija-i-antisemitizam-dva-imena-istog-zla\/#primaryimage"},"thumbnailUrl":"https:\/\/sandzakpress.net\/arhiva\/wp-content\/uploads\/2009\/12\/islamofobija_antisemitizam.jpg","datePublished":"2009-12-23T16:40:19+00:00","dateModified":"2009-12-23T16:40:46+00:00","breadcrumb":{"@id":"https:\/\/sandzakpress.net\/arhiva\/islamofobija-i-antisemitizam-dva-imena-istog-zla\/#breadcrumb"},"inLanguage":"bs-BA","potentialAction":[{"@type":"ReadAction","target":["https:\/\/sandzakpress.net\/arhiva\/islamofobija-i-antisemitizam-dva-imena-istog-zla\/"]}]},{"@type":"ImageObject","inLanguage":"bs-BA","@id":"https:\/\/sandzakpress.net\/arhiva\/islamofobija-i-antisemitizam-dva-imena-istog-zla\/#primaryimage","url":"https:\/\/sandzakpress.net\/arhiva\/wp-content\/uploads\/2009\/12\/islamofobija_antisemitizam.jpg","contentUrl":"https:\/\/sandzakpress.net\/arhiva\/wp-content\/uploads\/2009\/12\/islamofobija_antisemitizam.jpg","width":616,"height":283},{"@type":"BreadcrumbList","@id":"https:\/\/sandzakpress.net\/arhiva\/islamofobija-i-antisemitizam-dva-imena-istog-zla\/#breadcrumb","itemListElement":[{"@type":"ListItem","position":1,"name":"Home","item":"https:\/\/sandzakpress.net\/arhiva\/"},{"@type":"ListItem","position":2,"name":"Islamofobija i antisemitizam &#8211; dva imena istog zla"}]},{"@type":"WebSite","@id":"https:\/\/sandzakpress.net\/arhiva\/#website","url":"https:\/\/sandzakpress.net\/arhiva\/","name":"Sand\u017eak PRESS","description":"Prve elektronske novine u Sand\u017eaku","publisher":{"@id":"https:\/\/sandzakpress.net\/arhiva\/#\/schema\/person\/6e72b67d6e51910a1117b3b483ba20bd"},"potentialAction":[{"@type":"SearchAction","target":{"@type":"EntryPoint","urlTemplate":"https:\/\/sandzakpress.net\/arhiva\/?s={search_term_string}"},"query-input":{"@type":"PropertyValueSpecification","valueRequired":true,"valueName":"search_term_string"}}],"inLanguage":"bs-BA"},{"@type":["Person","Organization"],"@id":"https:\/\/sandzakpress.net\/arhiva\/#\/schema\/person\/6e72b67d6e51910a1117b3b483ba20bd","name":"Kul","image":{"@type":"ImageObject","inLanguage":"bs-BA","@id":"https:\/\/sandzakpress.net\/arhiva\/#\/schema\/person\/image\/","url":"https:\/\/secure.gravatar.com\/avatar\/42263f39aa27ac04c43cab85c280eb2e?s=96&d=mm&r=pg","contentUrl":"https:\/\/secure.gravatar.com\/avatar\/42263f39aa27ac04c43cab85c280eb2e?s=96&d=mm&r=pg","caption":"Kul"},"logo":{"@id":"https:\/\/sandzakpress.net\/arhiva\/#\/schema\/person\/image\/"}},{"@type":"Person","@id":"https:\/\/sandzakpress.net\/arhiva\/#\/schema\/person\/c8baee722073534b583ea7bdb2e36c02","name":"bosniak","image":{"@type":"ImageObject","inLanguage":"bs-BA","@id":"https:\/\/sandzakpress.net\/arhiva\/#\/schema\/person\/image\/","url":"https:\/\/secure.gravatar.com\/avatar\/a04fd330bfe3a36a72a0ad4a6d89fca7?s=96&d=mm&r=pg","contentUrl":"https:\/\/secure.gravatar.com\/avatar\/a04fd330bfe3a36a72a0ad4a6d89fca7?s=96&d=mm&r=pg","caption":"bosniak"},"url":"https:\/\/sandzakpress.net\/arhiva\/author\/bosniak\/"}]}},"_links":{"self":[{"href":"https:\/\/sandzakpress.net\/arhiva\/wp-json\/wp\/v2\/posts\/481"}],"collection":[{"href":"https:\/\/sandzakpress.net\/arhiva\/wp-json\/wp\/v2\/posts"}],"about":[{"href":"https:\/\/sandzakpress.net\/arhiva\/wp-json\/wp\/v2\/types\/post"}],"author":[{"embeddable":true,"href":"https:\/\/sandzakpress.net\/arhiva\/wp-json\/wp\/v2\/users\/83"}],"replies":[{"embeddable":true,"href":"https:\/\/sandzakpress.net\/arhiva\/wp-json\/wp\/v2\/comments?post=481"}],"version-history":[{"count":0,"href":"https:\/\/sandzakpress.net\/arhiva\/wp-json\/wp\/v2\/posts\/481\/revisions"}],"wp:featuredmedia":[{"embeddable":true,"href":"https:\/\/sandzakpress.net\/arhiva\/wp-json\/wp\/v2\/media\/482"}],"wp:attachment":[{"href":"https:\/\/sandzakpress.net\/arhiva\/wp-json\/wp\/v2\/media?parent=481"}],"wp:term":[{"taxonomy":"category","embeddable":true,"href":"https:\/\/sandzakpress.net\/arhiva\/wp-json\/wp\/v2\/categories?post=481"},{"taxonomy":"post_tag","embeddable":true,"href":"https:\/\/sandzakpress.net\/arhiva\/wp-json\/wp\/v2\/tags?post=481"}],"curies":[{"name":"wp","href":"https:\/\/api.w.org\/{rel}","templated":true}]}}