{"id":47973,"date":"2012-08-16T15:57:32","date_gmt":"2012-08-16T13:57:32","guid":{"rendered":"https:\/\/sandzakpress.net\/arhiva\/?p=47973"},"modified":"2012-08-16T19:11:30","modified_gmt":"2012-08-16T17:11:30","slug":"nice-dzamija-u-beogradu","status":"publish","type":"post","link":"https:\/\/sandzakpress.net\/arhiva\/nice-dzamija-u-beogradu\/","title":{"rendered":"Ni\u010de d\u017eamija u Beogradu"},"content":{"rendered":"<p><a href=\"https:\/\/sandzakpress.net\/arhiva\/wp-content\/uploads\/2012\/08\/rep-dzamija.jpg\"><img loading=\"lazy\" decoding=\"async\" class=\"alignleft size-medium wp-image-47974\" title=\"rep-dzamija\" src=\"https:\/\/sandzakpress.net\/arhiva\/wp-content\/uploads\/2012\/08\/rep-dzamija-300x194.jpg\" alt=\"\" width=\"300\" height=\"194\" \/><\/a><strong>Srbija &#8211; <\/strong><strong>Beograd je dobio jo\u0161 jednu d\u017eamiju! Pripadnici udru\u017eenja \u201eIslamska zajednice Roma i ostalih pripadnika\u201c, za samo mjesec dana, na Starom sajmi\u0161tu, bez odgovaraju\u0107ih dozvola, podigli su dvospratni objekat veli\u010dine 340 kvadrata, koji umjesto minareta ima kupolu.<\/strong><\/p>\n<div id=\"_mcePaste\">Nadle\u017eni o objekat, koji je jo\u0161 uvek u \u201esivoj fazi\u201c gradnje, nisu imali pojma. Tek u sredu popodne, inspektori op\u0161tine Novi Beograd su posetili gradili\u0161te.<\/div>\n<div id=\"_mcePaste\">Me\u0111utim, Alija Duljaj, vo\u0111a udru\u017eenja gra\u0111ana, koje uglavnom okuplja Rome sa Kosova i Metohije, kategori\u010dno tvrdi da ima sve potrebne \u201epapire\u201c.<\/div>\n<div id=\"_mcePaste\">&#8211; D\u017eamija je izgra\u0111ena na mestu nekada\u0161njeg molitvenog mesta, koji je izgorelo u maju &#8211; za \u201eNovosti\u201c pri\u010da Duljaj. &#8211; \u017delja nam je da u ovom centru okupimo svu siroma\u0161nu romsku decu i njihove roditelje. Imamo sada 76 mali\u0161ana, od \u010detiri do 17 godina, koji poha\u0111aju na\u0161u \u0161kolu. Tu se mole bogu i u\u010de da ne kradu, da se ne drogiraju i da \u017eive u skladu sa verom.<\/div>\n<div id=\"_mcePaste\">Prema njegovim re\u010dima, novac za izgradnju, pored priloga vernika, dobio je od prijatelja Srba. Sredstva za izgradnju poku\u0161ao je da potra\u017ei i od ambasada arapskih zemalja u Beogradu.<\/div>\n<div id=\"_mcePaste\">&#8211; Ambasadama islamskih zemalja poslali smo dopis, ali niko od njih nije nije nam odgovorio ili poslao novac &#8211; pri\u010da Duljaj, koji je potvrdio da nema nikakavu saradnju sa Rijasetom Islamske zajednice Srbije.<\/div>\n<div id=\"_mcePaste\">Pripadnici, do sada nepoznate \u201eIslamske zajednice Roma i ostalih pripadnika\u201c \u017eele da u novoj d\u017eamiji, u nedelju proslave veliki praznik Ramazanski bajram, u prisustvu oko 300 vernika.<\/div>\n<div><span style=\"color: #ffffff;\">.<\/span><\/div>\n<div id=\"_mcePaste\">Za novopodignuti objekat na Starom sajmi\u0161tu, niko nije \u010duo, pa \u010dak i kom\u0161ije iz okolnih ulica. U ovaj deo Beograda, iako je samo dva kilometra od centra prestonice, malo ko zalazi. Ulice su uske i mra\u010dne. Nema velikih stambenih zgrada. Tu su stare, oronule ku\u0107e i kartonske ud\u017eerice. Posle bombardovanja 1999. godine, u ovaj deo glavnog grada doselilo se oko stotinak porodica sa Kosova. Posle raseljavanja nehigijenskog naselja ispod Gazele, neki su novi dom potra\u017eili, upravo u ovom kvartu.<\/div>\n<div><span style=\"color: #ffffff;\">.<\/span><\/div>\n<h4><strong>NEREGISTROVANI<\/strong><\/h4>\n<div id=\"_mcePaste\">U zvani\u010dnom dr\u017eavnom Registru crkava i verskih zajednica, nema \u201eIslamske zajednice Roma i ostalih pripadnika\u201c. Oni su pravno registrovani maja 2011. godine, ali samo kao obi\u010dno udru\u017eenje gra\u0111ana (APR re\u0161enje br. BU17386\/2011).<\/div>\n<div><span style=\"color: #ffffff;\">.<\/span><\/div>\n<h4><strong>INSPEKTORI OBUSTAVILI RADOVE<\/strong><\/h4>\n<div id=\"_mcePaste\">Gra\u0111evinski inspektori op\u0161tine Novi Beograd nalo\u017eili su da se prekinu svi gra\u0111evinski radovi. Za ud\u017eericu, na kojoj je podignuta d\u017eamija, je 2003. godine podnet zahtev za legalizaciju, pa taj deo objekta ne\u0107e biti diran. Ali dozidani deo, ako bude bio u svrsi stambenog prostora, mora biti sru\u0161en. Prema Duljajevim re\u010dima, re\u010d je o verskom objektu, pa \u0107e kona\u010dnu odluku doneti gradski Sekretarijat za urbanizam, koji jedini i mo\u017ee da da dozvolu za gradnju verskog objekta. Kako \u201eNovosti\u201c saznaju, zona oko Starog sajmi\u0161ta je za\u0161ti\u0107ena i tamo nije dozvoljeno nikakvo zidanje. Prema detaljnom urbanisti\u010dkom planu, na Novom Beogradu jo\u0161 uvek nije definisana lokacija za izgradnju d\u017eamije.<\/div>\n<p>Beograd je dobio jo\u0161 jednu d\u017eamiju! Pripadnici udru\u017eenja \u201eIslamska zajednice Roma i ostalih pripadnika\u201c, za samo mesec dana, na Starom sajmi\u0161tu, bez odgovaraju\u0107ih dozvola, podigli su dvospratni objekat veli\u010dine 340 kvadrata, koji umesto minareta ima kupolu.<br \/>\nNadle\u017eni o objekat, koji je jo\u0161 uvek u \u201esivoj fazi\u201c gradnje, nisu imali pojma. Tek u sredu popodne, inspektori op\u0161tine Novi Beograd su posetili gradili\u0161te.<\/p>\n<p>Me\u0111utim, Alija Duljaj, vo\u0111a udru\u017eenja gra\u0111ana, koje uglavnom okuplja Rome sa Kosova i Metohije, kategori\u010dno tvrdi da ima sve potrebne \u201epapire\u201c.<br \/>\n&#8211; D\u017eamija je izgra\u0111ena na mestu nekada\u0161njeg molitvenog mesta, koji je izgorelo u maju &#8211; za \u201eNovosti\u201c pri\u010da Duljaj. &#8211; \u017delja nam je da u ovom centru okupimo svu siroma\u0161nu romsku decu i njihove roditelje. Imamo sada 76 mali\u0161ana, od \u010detiri do 17 godina, koji poha\u0111aju na\u0161u \u0161kolu. Tu se mole bogu i u\u010de da ne kradu, da se ne drogiraju i da \u017eive u skladu sa verom.<br \/>\nPrema njegovim re\u010dima, novac za izgradnju, pored priloga vernika, dobio je od prijatelja Srba. Sredstva za izgradnju poku\u0161ao je da potra\u017ei i od ambasada arapskih zemalja u Beogradu.<\/p>\n<p><span>(Novosti)<\/span><\/p>\n","protected":false},"excerpt":{"rendered":"<p>Srbija &#8211; Beograd je dobio jo\u0161 jednu d\u017eamiju! Pripadnici udru\u017eenja \u201eIslamska zajednice Roma i ostalih pripadnika\u201c, za samo mjesec dana, na Starom sajmi\u0161tu, bez odgovaraju\u0107ih dozvola, podigli su dvospratni objekat veli\u010dine 340 kvadrata, koji umjesto minareta ima kupolu. Nadle\u017eni o objekat, koji je jo\u0161 uvek u \u201esivoj fazi\u201c gradnje, nisu imali pojma. Tek u sredu [&hellip;]<\/p>\n","protected":false},"author":14,"featured_media":47974,"comment_status":"open","ping_status":"open","sticky":false,"template":"","format":"standard","meta":{"footnotes":""},"categories":[802,8957],"tags":[],"class_list":{"0":"post-47973","1":"post","2":"type-post","3":"status-publish","4":"format-standard","5":"has-post-thumbnail","7":"category-islamska_zajednica","8":"category-vijesti-dana"},"yoast_head":"<!-- This site is optimized with the Yoast SEO Premium plugin v23.1 (Yoast SEO v24.9) - https:\/\/yoast.com\/wordpress\/plugins\/seo\/ -->\n<title>Ni\u010de d\u017eamija u Beogradu<\/title>\n<meta name=\"robots\" content=\"index, follow, max-snippet:-1, max-image-preview:large, max-video-preview:-1\" \/>\n<link rel=\"canonical\" href=\"https:\/\/sandzakpress.net\/arhiva\/nice-dzamija-u-beogradu\/\" \/>\n<meta property=\"og:locale\" content=\"bs_BA\" \/>\n<meta property=\"og:type\" content=\"article\" \/>\n<meta property=\"og:title\" content=\"Ni\u010de d\u017eamija u Beogradu\" \/>\n<meta property=\"og:description\" content=\"Srbija &#8211; Beograd je dobio jo\u0161 jednu d\u017eamiju! Pripadnici udru\u017eenja \u201eIslamska zajednice Roma i ostalih pripadnika\u201c, za samo mjesec dana, na Starom sajmi\u0161tu, bez odgovaraju\u0107ih dozvola, podigli su dvospratni objekat veli\u010dine 340 kvadrata, koji umjesto minareta ima kupolu. Nadle\u017eni o objekat, koji je jo\u0161 uvek u \u201esivoj fazi\u201c gradnje, nisu imali pojma. Tek u sredu [&hellip;]\" \/>\n<meta property=\"og:url\" content=\"https:\/\/sandzakpress.net\/arhiva\/nice-dzamija-u-beogradu\/\" \/>\n<meta property=\"og:site_name\" content=\"Sand\u017eak PRESS\" \/>\n<meta property=\"article:published_time\" content=\"2012-08-16T13:57:32+00:00\" \/>\n<meta property=\"article:modified_time\" content=\"2012-08-16T17:11:30+00:00\" \/>\n<meta property=\"og:image\" content=\"https:\/\/sandzakpress.net\/arhiva\/wp-content\/uploads\/2012\/08\/rep-dzamija.jpg\" \/>\n\t<meta property=\"og:image:width\" content=\"616\" \/>\n\t<meta property=\"og:image:height\" content=\"400\" \/>\n\t<meta property=\"og:image:type\" content=\"image\/jpeg\" \/>\n<meta name=\"twitter:card\" content=\"summary_large_image\" \/>\n<meta name=\"twitter:label1\" content=\"Written by\" \/>\n\t<meta name=\"twitter:data1\" content=\"\" \/>\n\t<meta name=\"twitter:label2\" content=\"Est. reading time\" \/>\n\t<meta name=\"twitter:data2\" content=\"4 minute\" \/>\n<script type=\"application\/ld+json\" class=\"yoast-schema-graph\">{\"@context\":\"https:\/\/schema.org\",\"@graph\":[{\"@type\":\"Article\",\"@id\":\"https:\/\/sandzakpress.net\/arhiva\/nice-dzamija-u-beogradu\/#article\",\"isPartOf\":{\"@id\":\"https:\/\/sandzakpress.net\/arhiva\/nice-dzamija-u-beogradu\/\"},\"author\":{\"name\":\"\",\"@id\":\"\"},\"headline\":\"Ni\u010de d\u017eamija u Beogradu\",\"datePublished\":\"2012-08-16T13:57:32+00:00\",\"dateModified\":\"2012-08-16T17:11:30+00:00\",\"mainEntityOfPage\":{\"@id\":\"https:\/\/sandzakpress.net\/arhiva\/nice-dzamija-u-beogradu\/\"},\"wordCount\":715,\"commentCount\":0,\"publisher\":{\"@id\":\"https:\/\/sandzakpress.net\/arhiva\/#\/schema\/person\/6e72b67d6e51910a1117b3b483ba20bd\"},\"image\":{\"@id\":\"https:\/\/sandzakpress.net\/arhiva\/nice-dzamija-u-beogradu\/#primaryimage\"},\"thumbnailUrl\":\"https:\/\/sandzakpress.net\/arhiva\/wp-content\/uploads\/2012\/08\/rep-dzamija.jpg\",\"articleSection\":[\"Islamska zajednica\",\"VIJESTI DANA\"],\"inLanguage\":\"bs-BA\",\"potentialAction\":[{\"@type\":\"CommentAction\",\"name\":\"Comment\",\"target\":[\"https:\/\/sandzakpress.net\/arhiva\/nice-dzamija-u-beogradu\/#respond\"]}]},{\"@type\":\"WebPage\",\"@id\":\"https:\/\/sandzakpress.net\/arhiva\/nice-dzamija-u-beogradu\/\",\"url\":\"https:\/\/sandzakpress.net\/arhiva\/nice-dzamija-u-beogradu\/\",\"name\":\"Ni\u010de d\u017eamija u Beogradu\",\"isPartOf\":{\"@id\":\"https:\/\/sandzakpress.net\/arhiva\/#website\"},\"primaryImageOfPage\":{\"@id\":\"https:\/\/sandzakpress.net\/arhiva\/nice-dzamija-u-beogradu\/#primaryimage\"},\"image\":{\"@id\":\"https:\/\/sandzakpress.net\/arhiva\/nice-dzamija-u-beogradu\/#primaryimage\"},\"thumbnailUrl\":\"https:\/\/sandzakpress.net\/arhiva\/wp-content\/uploads\/2012\/08\/rep-dzamija.jpg\",\"datePublished\":\"2012-08-16T13:57:32+00:00\",\"dateModified\":\"2012-08-16T17:11:30+00:00\",\"breadcrumb\":{\"@id\":\"https:\/\/sandzakpress.net\/arhiva\/nice-dzamija-u-beogradu\/#breadcrumb\"},\"inLanguage\":\"bs-BA\",\"potentialAction\":[{\"@type\":\"ReadAction\",\"target\":[\"https:\/\/sandzakpress.net\/arhiva\/nice-dzamija-u-beogradu\/\"]}]},{\"@type\":\"ImageObject\",\"inLanguage\":\"bs-BA\",\"@id\":\"https:\/\/sandzakpress.net\/arhiva\/nice-dzamija-u-beogradu\/#primaryimage\",\"url\":\"https:\/\/sandzakpress.net\/arhiva\/wp-content\/uploads\/2012\/08\/rep-dzamija.jpg\",\"contentUrl\":\"https:\/\/sandzakpress.net\/arhiva\/wp-content\/uploads\/2012\/08\/rep-dzamija.jpg\",\"width\":616,\"height\":400},{\"@type\":\"BreadcrumbList\",\"@id\":\"https:\/\/sandzakpress.net\/arhiva\/nice-dzamija-u-beogradu\/#breadcrumb\",\"itemListElement\":[{\"@type\":\"ListItem\",\"position\":1,\"name\":\"Home\",\"item\":\"https:\/\/sandzakpress.net\/arhiva\/\"},{\"@type\":\"ListItem\",\"position\":2,\"name\":\"Ni\u010de d\u017eamija u Beogradu\"}]},{\"@type\":\"WebSite\",\"@id\":\"https:\/\/sandzakpress.net\/arhiva\/#website\",\"url\":\"https:\/\/sandzakpress.net\/arhiva\/\",\"name\":\"Sand\u017eak PRESS\",\"description\":\"Prve elektronske novine u Sand\u017eaku\",\"publisher\":{\"@id\":\"https:\/\/sandzakpress.net\/arhiva\/#\/schema\/person\/6e72b67d6e51910a1117b3b483ba20bd\"},\"potentialAction\":[{\"@type\":\"SearchAction\",\"target\":{\"@type\":\"EntryPoint\",\"urlTemplate\":\"https:\/\/sandzakpress.net\/arhiva\/?s={search_term_string}\"},\"query-input\":{\"@type\":\"PropertyValueSpecification\",\"valueRequired\":true,\"valueName\":\"search_term_string\"}}],\"inLanguage\":\"bs-BA\"},{\"@type\":[\"Person\",\"Organization\"],\"@id\":\"https:\/\/sandzakpress.net\/arhiva\/#\/schema\/person\/6e72b67d6e51910a1117b3b483ba20bd\",\"name\":\"Kul\",\"image\":{\"@type\":\"ImageObject\",\"inLanguage\":\"bs-BA\",\"@id\":\"https:\/\/sandzakpress.net\/arhiva\/#\/schema\/person\/image\/\",\"url\":\"https:\/\/secure.gravatar.com\/avatar\/42263f39aa27ac04c43cab85c280eb2e?s=96&d=mm&r=pg\",\"contentUrl\":\"https:\/\/secure.gravatar.com\/avatar\/42263f39aa27ac04c43cab85c280eb2e?s=96&d=mm&r=pg\",\"caption\":\"Kul\"},\"logo\":{\"@id\":\"https:\/\/sandzakpress.net\/arhiva\/#\/schema\/person\/image\/\"}},{\"@type\":\"Person\",\"@id\":\"\",\"url\":\"https:\/\/sandzakpress.net\/arhiva\/author\/\"}]}<\/script>\n<!-- \/ Yoast SEO Premium plugin. -->","yoast_head_json":{"title":"Ni\u010de d\u017eamija u Beogradu","robots":{"index":"index","follow":"follow","max-snippet":"max-snippet:-1","max-image-preview":"max-image-preview:large","max-video-preview":"max-video-preview:-1"},"canonical":"https:\/\/sandzakpress.net\/arhiva\/nice-dzamija-u-beogradu\/","og_locale":"bs_BA","og_type":"article","og_title":"Ni\u010de d\u017eamija u Beogradu","og_description":"Srbija &#8211; Beograd je dobio jo\u0161 jednu d\u017eamiju! Pripadnici udru\u017eenja \u201eIslamska zajednice Roma i ostalih pripadnika\u201c, za samo mjesec dana, na Starom sajmi\u0161tu, bez odgovaraju\u0107ih dozvola, podigli su dvospratni objekat veli\u010dine 340 kvadrata, koji umjesto minareta ima kupolu. Nadle\u017eni o objekat, koji je jo\u0161 uvek u \u201esivoj fazi\u201c gradnje, nisu imali pojma. Tek u sredu [&hellip;]","og_url":"https:\/\/sandzakpress.net\/arhiva\/nice-dzamija-u-beogradu\/","og_site_name":"Sand\u017eak PRESS","article_published_time":"2012-08-16T13:57:32+00:00","article_modified_time":"2012-08-16T17:11:30+00:00","og_image":[{"width":616,"height":400,"url":"https:\/\/sandzakpress.net\/arhiva\/wp-content\/uploads\/2012\/08\/rep-dzamija.jpg","type":"image\/jpeg"}],"twitter_card":"summary_large_image","twitter_misc":{"Written by":"","Est. reading time":"4 minute"},"schema":{"@context":"https:\/\/schema.org","@graph":[{"@type":"Article","@id":"https:\/\/sandzakpress.net\/arhiva\/nice-dzamija-u-beogradu\/#article","isPartOf":{"@id":"https:\/\/sandzakpress.net\/arhiva\/nice-dzamija-u-beogradu\/"},"author":{"name":"","@id":""},"headline":"Ni\u010de d\u017eamija u Beogradu","datePublished":"2012-08-16T13:57:32+00:00","dateModified":"2012-08-16T17:11:30+00:00","mainEntityOfPage":{"@id":"https:\/\/sandzakpress.net\/arhiva\/nice-dzamija-u-beogradu\/"},"wordCount":715,"commentCount":0,"publisher":{"@id":"https:\/\/sandzakpress.net\/arhiva\/#\/schema\/person\/6e72b67d6e51910a1117b3b483ba20bd"},"image":{"@id":"https:\/\/sandzakpress.net\/arhiva\/nice-dzamija-u-beogradu\/#primaryimage"},"thumbnailUrl":"https:\/\/sandzakpress.net\/arhiva\/wp-content\/uploads\/2012\/08\/rep-dzamija.jpg","articleSection":["Islamska zajednica","VIJESTI DANA"],"inLanguage":"bs-BA","potentialAction":[{"@type":"CommentAction","name":"Comment","target":["https:\/\/sandzakpress.net\/arhiva\/nice-dzamija-u-beogradu\/#respond"]}]},{"@type":"WebPage","@id":"https:\/\/sandzakpress.net\/arhiva\/nice-dzamija-u-beogradu\/","url":"https:\/\/sandzakpress.net\/arhiva\/nice-dzamija-u-beogradu\/","name":"Ni\u010de d\u017eamija u Beogradu","isPartOf":{"@id":"https:\/\/sandzakpress.net\/arhiva\/#website"},"primaryImageOfPage":{"@id":"https:\/\/sandzakpress.net\/arhiva\/nice-dzamija-u-beogradu\/#primaryimage"},"image":{"@id":"https:\/\/sandzakpress.net\/arhiva\/nice-dzamija-u-beogradu\/#primaryimage"},"thumbnailUrl":"https:\/\/sandzakpress.net\/arhiva\/wp-content\/uploads\/2012\/08\/rep-dzamija.jpg","datePublished":"2012-08-16T13:57:32+00:00","dateModified":"2012-08-16T17:11:30+00:00","breadcrumb":{"@id":"https:\/\/sandzakpress.net\/arhiva\/nice-dzamija-u-beogradu\/#breadcrumb"},"inLanguage":"bs-BA","potentialAction":[{"@type":"ReadAction","target":["https:\/\/sandzakpress.net\/arhiva\/nice-dzamija-u-beogradu\/"]}]},{"@type":"ImageObject","inLanguage":"bs-BA","@id":"https:\/\/sandzakpress.net\/arhiva\/nice-dzamija-u-beogradu\/#primaryimage","url":"https:\/\/sandzakpress.net\/arhiva\/wp-content\/uploads\/2012\/08\/rep-dzamija.jpg","contentUrl":"https:\/\/sandzakpress.net\/arhiva\/wp-content\/uploads\/2012\/08\/rep-dzamija.jpg","width":616,"height":400},{"@type":"BreadcrumbList","@id":"https:\/\/sandzakpress.net\/arhiva\/nice-dzamija-u-beogradu\/#breadcrumb","itemListElement":[{"@type":"ListItem","position":1,"name":"Home","item":"https:\/\/sandzakpress.net\/arhiva\/"},{"@type":"ListItem","position":2,"name":"Ni\u010de d\u017eamija u Beogradu"}]},{"@type":"WebSite","@id":"https:\/\/sandzakpress.net\/arhiva\/#website","url":"https:\/\/sandzakpress.net\/arhiva\/","name":"Sand\u017eak PRESS","description":"Prve elektronske novine u Sand\u017eaku","publisher":{"@id":"https:\/\/sandzakpress.net\/arhiva\/#\/schema\/person\/6e72b67d6e51910a1117b3b483ba20bd"},"potentialAction":[{"@type":"SearchAction","target":{"@type":"EntryPoint","urlTemplate":"https:\/\/sandzakpress.net\/arhiva\/?s={search_term_string}"},"query-input":{"@type":"PropertyValueSpecification","valueRequired":true,"valueName":"search_term_string"}}],"inLanguage":"bs-BA"},{"@type":["Person","Organization"],"@id":"https:\/\/sandzakpress.net\/arhiva\/#\/schema\/person\/6e72b67d6e51910a1117b3b483ba20bd","name":"Kul","image":{"@type":"ImageObject","inLanguage":"bs-BA","@id":"https:\/\/sandzakpress.net\/arhiva\/#\/schema\/person\/image\/","url":"https:\/\/secure.gravatar.com\/avatar\/42263f39aa27ac04c43cab85c280eb2e?s=96&d=mm&r=pg","contentUrl":"https:\/\/secure.gravatar.com\/avatar\/42263f39aa27ac04c43cab85c280eb2e?s=96&d=mm&r=pg","caption":"Kul"},"logo":{"@id":"https:\/\/sandzakpress.net\/arhiva\/#\/schema\/person\/image\/"}},{"@type":"Person","@id":"","url":"https:\/\/sandzakpress.net\/arhiva\/author\/"}]}},"_links":{"self":[{"href":"https:\/\/sandzakpress.net\/arhiva\/wp-json\/wp\/v2\/posts\/47973"}],"collection":[{"href":"https:\/\/sandzakpress.net\/arhiva\/wp-json\/wp\/v2\/posts"}],"about":[{"href":"https:\/\/sandzakpress.net\/arhiva\/wp-json\/wp\/v2\/types\/post"}],"author":[{"embeddable":true,"href":"https:\/\/sandzakpress.net\/arhiva\/wp-json\/wp\/v2\/users\/14"}],"replies":[{"embeddable":true,"href":"https:\/\/sandzakpress.net\/arhiva\/wp-json\/wp\/v2\/comments?post=47973"}],"version-history":[{"count":0,"href":"https:\/\/sandzakpress.net\/arhiva\/wp-json\/wp\/v2\/posts\/47973\/revisions"}],"wp:featuredmedia":[{"embeddable":true,"href":"https:\/\/sandzakpress.net\/arhiva\/wp-json\/wp\/v2\/media\/47974"}],"wp:attachment":[{"href":"https:\/\/sandzakpress.net\/arhiva\/wp-json\/wp\/v2\/media?parent=47973"}],"wp:term":[{"taxonomy":"category","embeddable":true,"href":"https:\/\/sandzakpress.net\/arhiva\/wp-json\/wp\/v2\/categories?post=47973"},{"taxonomy":"post_tag","embeddable":true,"href":"https:\/\/sandzakpress.net\/arhiva\/wp-json\/wp\/v2\/tags?post=47973"}],"curies":[{"name":"wp","href":"https:\/\/api.w.org\/{rel}","templated":true}]}}