{"id":47970,"date":"2012-08-16T15:23:03","date_gmt":"2012-08-16T13:23:03","guid":{"rendered":"https:\/\/sandzakpress.net\/arhiva\/?p=47970"},"modified":"2012-08-16T15:23:03","modified_gmt":"2012-08-16T13:23:03","slug":"podijeljene-hurme-dzematima-u-crnoj-gori","status":"publish","type":"post","link":"https:\/\/sandzakpress.net\/arhiva\/podijeljene-hurme-dzematima-u-crnoj-gori\/","title":{"rendered":"Podijeljene hurme d\u017eematima u Crnoj Gori"},"content":{"rendered":"<p><strong><a href=\"https:\/\/sandzakpress.net\/arhiva\/wp-content\/uploads\/2012\/08\/hurme-300x194.jpg\"><img loading=\"lazy\" decoding=\"async\" class=\"alignleft size-full wp-image-47971\" title=\"hurme-300x194\" src=\"https:\/\/sandzakpress.net\/arhiva\/wp-content\/uploads\/2012\/08\/hurme-300x194.jpg\" alt=\"\" width=\"300\" height=\"194\" \/><\/a>Crna Gora, Ju\u017eni Sand\u017eak &#8211; Odbor Islamske Zajednice Podgorica je u toku Ramazana podijelio 1.500 kg hurmi d\u017eematlijama u Podgorici, Tuzima , Baru ,Ro\u017eajama, Plavu i Gusinju .<\/strong><\/p>\n<p>Na zahtjev Odbora Islamske Zajednice Podgorica upu\u0107en \u00a0Ambasadi Ujedinjenih Arapskih Emirata u Podgorici , tra\u017eena koli\u010dina hurmi je dostavljena po\u010detkom mjeseca Ramazana , a hurme su podijeljene u prvoj polovini Ramazana . Ova akcija je nai\u0161la na odu\u0161evljenje d\u017eematlija , tim prije \u0161to je i sam Poslanik a.s. iftario hurmama.<\/p>\n<p>Akciju dijeljenja hurmi su \u00a0sproveli imami D\u017eemo Red\u017eematovi\u0107 i Ismail Daci\u0107 , \u00a0sekretar Esad Meruli\u0107 kao i aktivisti Odbora.<\/p>\n<p>(Monte Islam)<\/p>\n","protected":false},"excerpt":{"rendered":"<p>Crna Gora, Ju\u017eni Sand\u017eak &#8211; Odbor Islamske Zajednice Podgorica je u toku Ramazana podijelio 1.500 kg hurmi d\u017eematlijama u Podgorici, Tuzima , Baru ,Ro\u017eajama, Plavu i Gusinju . Na zahtjev Odbora Islamske Zajednice Podgorica upu\u0107en \u00a0Ambasadi Ujedinjenih Arapskih Emirata u Podgorici , tra\u017eena koli\u010dina hurmi je dostavljena po\u010detkom mjeseca Ramazana , a hurme su podijeljene [&hellip;]<\/p>\n","protected":false},"author":14,"featured_media":47971,"comment_status":"open","ping_status":"open","sticky":false,"template":"","format":"standard","meta":{"footnotes":""},"categories":[398,802,399],"tags":[],"class_list":{"0":"post-47970","1":"post","2":"type-post","3":"status-publish","4":"format-standard","5":"has-post-thumbnail","7":"category-rozaje","8":"category-islamska_zajednica","9":"category-plav_"},"yoast_head":"<!-- This site is optimized with the Yoast SEO Premium plugin v23.1 (Yoast SEO v24.9) - https:\/\/yoast.com\/wordpress\/plugins\/seo\/ -->\n<title>Podijeljene hurme d\u017eematima u Crnoj Gori<\/title>\n<meta name=\"robots\" content=\"index, follow, max-snippet:-1, max-image-preview:large, max-video-preview:-1\" \/>\n<link rel=\"canonical\" href=\"https:\/\/sandzakpress.net\/arhiva\/podijeljene-hurme-dzematima-u-crnoj-gori\/\" \/>\n<meta property=\"og:locale\" content=\"bs_BA\" \/>\n<meta property=\"og:type\" content=\"article\" \/>\n<meta property=\"og:title\" content=\"Podijeljene hurme d\u017eematima u Crnoj Gori\" \/>\n<meta property=\"og:description\" content=\"Crna Gora, Ju\u017eni Sand\u017eak &#8211; Odbor Islamske Zajednice Podgorica je u toku Ramazana podijelio 1.500 kg hurmi d\u017eematlijama u Podgorici, Tuzima , Baru ,Ro\u017eajama, Plavu i Gusinju . Na zahtjev Odbora Islamske Zajednice Podgorica upu\u0107en \u00a0Ambasadi Ujedinjenih Arapskih Emirata u Podgorici , tra\u017eena koli\u010dina hurmi je dostavljena po\u010detkom mjeseca Ramazana , a hurme su podijeljene [&hellip;]\" \/>\n<meta property=\"og:url\" content=\"https:\/\/sandzakpress.net\/arhiva\/podijeljene-hurme-dzematima-u-crnoj-gori\/\" \/>\n<meta property=\"og:site_name\" content=\"Sand\u017eak PRESS\" \/>\n<meta property=\"article:published_time\" content=\"2012-08-16T13:23:03+00:00\" \/>\n<meta property=\"og:image\" content=\"https:\/\/sandzakpress.net\/arhiva\/wp-content\/uploads\/2012\/08\/hurme-300x194.jpg\" \/>\n\t<meta property=\"og:image:width\" content=\"300\" \/>\n\t<meta property=\"og:image:height\" content=\"194\" \/>\n\t<meta property=\"og:image:type\" content=\"image\/jpeg\" \/>\n<meta name=\"twitter:card\" content=\"summary_large_image\" \/>\n<meta name=\"twitter:label1\" content=\"Written by\" \/>\n\t<meta name=\"twitter:data1\" content=\"\" \/>\n\t<meta name=\"twitter:label2\" content=\"Est. reading time\" \/>\n\t<meta name=\"twitter:data2\" content=\"1 minuta\" \/>\n<script type=\"application\/ld+json\" class=\"yoast-schema-graph\">{\"@context\":\"https:\/\/schema.org\",\"@graph\":[{\"@type\":\"Article\",\"@id\":\"https:\/\/sandzakpress.net\/arhiva\/podijeljene-hurme-dzematima-u-crnoj-gori\/#article\",\"isPartOf\":{\"@id\":\"https:\/\/sandzakpress.net\/arhiva\/podijeljene-hurme-dzematima-u-crnoj-gori\/\"},\"author\":{\"name\":\"\",\"@id\":\"\"},\"headline\":\"Podijeljene hurme d\u017eematima u Crnoj Gori\",\"datePublished\":\"2012-08-16T13:23:03+00:00\",\"mainEntityOfPage\":{\"@id\":\"https:\/\/sandzakpress.net\/arhiva\/podijeljene-hurme-dzematima-u-crnoj-gori\/\"},\"wordCount\":112,\"commentCount\":0,\"publisher\":{\"@id\":\"https:\/\/sandzakpress.net\/arhiva\/#\/schema\/person\/6e72b67d6e51910a1117b3b483ba20bd\"},\"image\":{\"@id\":\"https:\/\/sandzakpress.net\/arhiva\/podijeljene-hurme-dzematima-u-crnoj-gori\/#primaryimage\"},\"thumbnailUrl\":\"https:\/\/sandzakpress.net\/arhiva\/wp-content\/uploads\/2012\/08\/hurme-300x194.jpg\",\"articleSection\":[\"Ro\u017eaje\",\"Islamska zajednica\",\"Plav\"],\"inLanguage\":\"bs-BA\",\"potentialAction\":[{\"@type\":\"CommentAction\",\"name\":\"Comment\",\"target\":[\"https:\/\/sandzakpress.net\/arhiva\/podijeljene-hurme-dzematima-u-crnoj-gori\/#respond\"]}]},{\"@type\":\"WebPage\",\"@id\":\"https:\/\/sandzakpress.net\/arhiva\/podijeljene-hurme-dzematima-u-crnoj-gori\/\",\"url\":\"https:\/\/sandzakpress.net\/arhiva\/podijeljene-hurme-dzematima-u-crnoj-gori\/\",\"name\":\"Podijeljene hurme d\u017eematima u Crnoj Gori\",\"isPartOf\":{\"@id\":\"https:\/\/sandzakpress.net\/arhiva\/#website\"},\"primaryImageOfPage\":{\"@id\":\"https:\/\/sandzakpress.net\/arhiva\/podijeljene-hurme-dzematima-u-crnoj-gori\/#primaryimage\"},\"image\":{\"@id\":\"https:\/\/sandzakpress.net\/arhiva\/podijeljene-hurme-dzematima-u-crnoj-gori\/#primaryimage\"},\"thumbnailUrl\":\"https:\/\/sandzakpress.net\/arhiva\/wp-content\/uploads\/2012\/08\/hurme-300x194.jpg\",\"datePublished\":\"2012-08-16T13:23:03+00:00\",\"breadcrumb\":{\"@id\":\"https:\/\/sandzakpress.net\/arhiva\/podijeljene-hurme-dzematima-u-crnoj-gori\/#breadcrumb\"},\"inLanguage\":\"bs-BA\",\"potentialAction\":[{\"@type\":\"ReadAction\",\"target\":[\"https:\/\/sandzakpress.net\/arhiva\/podijeljene-hurme-dzematima-u-crnoj-gori\/\"]}]},{\"@type\":\"ImageObject\",\"inLanguage\":\"bs-BA\",\"@id\":\"https:\/\/sandzakpress.net\/arhiva\/podijeljene-hurme-dzematima-u-crnoj-gori\/#primaryimage\",\"url\":\"https:\/\/sandzakpress.net\/arhiva\/wp-content\/uploads\/2012\/08\/hurme-300x194.jpg\",\"contentUrl\":\"https:\/\/sandzakpress.net\/arhiva\/wp-content\/uploads\/2012\/08\/hurme-300x194.jpg\",\"width\":300,\"height\":194},{\"@type\":\"BreadcrumbList\",\"@id\":\"https:\/\/sandzakpress.net\/arhiva\/podijeljene-hurme-dzematima-u-crnoj-gori\/#breadcrumb\",\"itemListElement\":[{\"@type\":\"ListItem\",\"position\":1,\"name\":\"Home\",\"item\":\"https:\/\/sandzakpress.net\/arhiva\/\"},{\"@type\":\"ListItem\",\"position\":2,\"name\":\"Podijeljene hurme d\u017eematima u Crnoj Gori\"}]},{\"@type\":\"WebSite\",\"@id\":\"https:\/\/sandzakpress.net\/arhiva\/#website\",\"url\":\"https:\/\/sandzakpress.net\/arhiva\/\",\"name\":\"Sand\u017eak PRESS\",\"description\":\"Prve elektronske novine u Sand\u017eaku\",\"publisher\":{\"@id\":\"https:\/\/sandzakpress.net\/arhiva\/#\/schema\/person\/6e72b67d6e51910a1117b3b483ba20bd\"},\"potentialAction\":[{\"@type\":\"SearchAction\",\"target\":{\"@type\":\"EntryPoint\",\"urlTemplate\":\"https:\/\/sandzakpress.net\/arhiva\/?s={search_term_string}\"},\"query-input\":{\"@type\":\"PropertyValueSpecification\",\"valueRequired\":true,\"valueName\":\"search_term_string\"}}],\"inLanguage\":\"bs-BA\"},{\"@type\":[\"Person\",\"Organization\"],\"@id\":\"https:\/\/sandzakpress.net\/arhiva\/#\/schema\/person\/6e72b67d6e51910a1117b3b483ba20bd\",\"name\":\"Kul\",\"image\":{\"@type\":\"ImageObject\",\"inLanguage\":\"bs-BA\",\"@id\":\"https:\/\/sandzakpress.net\/arhiva\/#\/schema\/person\/image\/\",\"url\":\"https:\/\/secure.gravatar.com\/avatar\/42263f39aa27ac04c43cab85c280eb2e?s=96&d=mm&r=pg\",\"contentUrl\":\"https:\/\/secure.gravatar.com\/avatar\/42263f39aa27ac04c43cab85c280eb2e?s=96&d=mm&r=pg\",\"caption\":\"Kul\"},\"logo\":{\"@id\":\"https:\/\/sandzakpress.net\/arhiva\/#\/schema\/person\/image\/\"}},{\"@type\":\"Person\",\"@id\":\"\",\"url\":\"https:\/\/sandzakpress.net\/arhiva\/author\/\"}]}<\/script>\n<!-- \/ Yoast SEO Premium plugin. -->","yoast_head_json":{"title":"Podijeljene hurme d\u017eematima u Crnoj Gori","robots":{"index":"index","follow":"follow","max-snippet":"max-snippet:-1","max-image-preview":"max-image-preview:large","max-video-preview":"max-video-preview:-1"},"canonical":"https:\/\/sandzakpress.net\/arhiva\/podijeljene-hurme-dzematima-u-crnoj-gori\/","og_locale":"bs_BA","og_type":"article","og_title":"Podijeljene hurme d\u017eematima u Crnoj Gori","og_description":"Crna Gora, Ju\u017eni Sand\u017eak &#8211; Odbor Islamske Zajednice Podgorica je u toku Ramazana podijelio 1.500 kg hurmi d\u017eematlijama u Podgorici, Tuzima , Baru ,Ro\u017eajama, Plavu i Gusinju . Na zahtjev Odbora Islamske Zajednice Podgorica upu\u0107en \u00a0Ambasadi Ujedinjenih Arapskih Emirata u Podgorici , tra\u017eena koli\u010dina hurmi je dostavljena po\u010detkom mjeseca Ramazana , a hurme su podijeljene [&hellip;]","og_url":"https:\/\/sandzakpress.net\/arhiva\/podijeljene-hurme-dzematima-u-crnoj-gori\/","og_site_name":"Sand\u017eak PRESS","article_published_time":"2012-08-16T13:23:03+00:00","og_image":[{"width":300,"height":194,"url":"https:\/\/sandzakpress.net\/arhiva\/wp-content\/uploads\/2012\/08\/hurme-300x194.jpg","type":"image\/jpeg"}],"twitter_card":"summary_large_image","twitter_misc":{"Written by":"","Est. reading time":"1 minuta"},"schema":{"@context":"https:\/\/schema.org","@graph":[{"@type":"Article","@id":"https:\/\/sandzakpress.net\/arhiva\/podijeljene-hurme-dzematima-u-crnoj-gori\/#article","isPartOf":{"@id":"https:\/\/sandzakpress.net\/arhiva\/podijeljene-hurme-dzematima-u-crnoj-gori\/"},"author":{"name":"","@id":""},"headline":"Podijeljene hurme d\u017eematima u Crnoj Gori","datePublished":"2012-08-16T13:23:03+00:00","mainEntityOfPage":{"@id":"https:\/\/sandzakpress.net\/arhiva\/podijeljene-hurme-dzematima-u-crnoj-gori\/"},"wordCount":112,"commentCount":0,"publisher":{"@id":"https:\/\/sandzakpress.net\/arhiva\/#\/schema\/person\/6e72b67d6e51910a1117b3b483ba20bd"},"image":{"@id":"https:\/\/sandzakpress.net\/arhiva\/podijeljene-hurme-dzematima-u-crnoj-gori\/#primaryimage"},"thumbnailUrl":"https:\/\/sandzakpress.net\/arhiva\/wp-content\/uploads\/2012\/08\/hurme-300x194.jpg","articleSection":["Ro\u017eaje","Islamska zajednica","Plav"],"inLanguage":"bs-BA","potentialAction":[{"@type":"CommentAction","name":"Comment","target":["https:\/\/sandzakpress.net\/arhiva\/podijeljene-hurme-dzematima-u-crnoj-gori\/#respond"]}]},{"@type":"WebPage","@id":"https:\/\/sandzakpress.net\/arhiva\/podijeljene-hurme-dzematima-u-crnoj-gori\/","url":"https:\/\/sandzakpress.net\/arhiva\/podijeljene-hurme-dzematima-u-crnoj-gori\/","name":"Podijeljene hurme d\u017eematima u Crnoj Gori","isPartOf":{"@id":"https:\/\/sandzakpress.net\/arhiva\/#website"},"primaryImageOfPage":{"@id":"https:\/\/sandzakpress.net\/arhiva\/podijeljene-hurme-dzematima-u-crnoj-gori\/#primaryimage"},"image":{"@id":"https:\/\/sandzakpress.net\/arhiva\/podijeljene-hurme-dzematima-u-crnoj-gori\/#primaryimage"},"thumbnailUrl":"https:\/\/sandzakpress.net\/arhiva\/wp-content\/uploads\/2012\/08\/hurme-300x194.jpg","datePublished":"2012-08-16T13:23:03+00:00","breadcrumb":{"@id":"https:\/\/sandzakpress.net\/arhiva\/podijeljene-hurme-dzematima-u-crnoj-gori\/#breadcrumb"},"inLanguage":"bs-BA","potentialAction":[{"@type":"ReadAction","target":["https:\/\/sandzakpress.net\/arhiva\/podijeljene-hurme-dzematima-u-crnoj-gori\/"]}]},{"@type":"ImageObject","inLanguage":"bs-BA","@id":"https:\/\/sandzakpress.net\/arhiva\/podijeljene-hurme-dzematima-u-crnoj-gori\/#primaryimage","url":"https:\/\/sandzakpress.net\/arhiva\/wp-content\/uploads\/2012\/08\/hurme-300x194.jpg","contentUrl":"https:\/\/sandzakpress.net\/arhiva\/wp-content\/uploads\/2012\/08\/hurme-300x194.jpg","width":300,"height":194},{"@type":"BreadcrumbList","@id":"https:\/\/sandzakpress.net\/arhiva\/podijeljene-hurme-dzematima-u-crnoj-gori\/#breadcrumb","itemListElement":[{"@type":"ListItem","position":1,"name":"Home","item":"https:\/\/sandzakpress.net\/arhiva\/"},{"@type":"ListItem","position":2,"name":"Podijeljene hurme d\u017eematima u Crnoj Gori"}]},{"@type":"WebSite","@id":"https:\/\/sandzakpress.net\/arhiva\/#website","url":"https:\/\/sandzakpress.net\/arhiva\/","name":"Sand\u017eak PRESS","description":"Prve elektronske novine u Sand\u017eaku","publisher":{"@id":"https:\/\/sandzakpress.net\/arhiva\/#\/schema\/person\/6e72b67d6e51910a1117b3b483ba20bd"},"potentialAction":[{"@type":"SearchAction","target":{"@type":"EntryPoint","urlTemplate":"https:\/\/sandzakpress.net\/arhiva\/?s={search_term_string}"},"query-input":{"@type":"PropertyValueSpecification","valueRequired":true,"valueName":"search_term_string"}}],"inLanguage":"bs-BA"},{"@type":["Person","Organization"],"@id":"https:\/\/sandzakpress.net\/arhiva\/#\/schema\/person\/6e72b67d6e51910a1117b3b483ba20bd","name":"Kul","image":{"@type":"ImageObject","inLanguage":"bs-BA","@id":"https:\/\/sandzakpress.net\/arhiva\/#\/schema\/person\/image\/","url":"https:\/\/secure.gravatar.com\/avatar\/42263f39aa27ac04c43cab85c280eb2e?s=96&d=mm&r=pg","contentUrl":"https:\/\/secure.gravatar.com\/avatar\/42263f39aa27ac04c43cab85c280eb2e?s=96&d=mm&r=pg","caption":"Kul"},"logo":{"@id":"https:\/\/sandzakpress.net\/arhiva\/#\/schema\/person\/image\/"}},{"@type":"Person","@id":"","url":"https:\/\/sandzakpress.net\/arhiva\/author\/"}]}},"_links":{"self":[{"href":"https:\/\/sandzakpress.net\/arhiva\/wp-json\/wp\/v2\/posts\/47970"}],"collection":[{"href":"https:\/\/sandzakpress.net\/arhiva\/wp-json\/wp\/v2\/posts"}],"about":[{"href":"https:\/\/sandzakpress.net\/arhiva\/wp-json\/wp\/v2\/types\/post"}],"author":[{"embeddable":true,"href":"https:\/\/sandzakpress.net\/arhiva\/wp-json\/wp\/v2\/users\/14"}],"replies":[{"embeddable":true,"href":"https:\/\/sandzakpress.net\/arhiva\/wp-json\/wp\/v2\/comments?post=47970"}],"version-history":[{"count":0,"href":"https:\/\/sandzakpress.net\/arhiva\/wp-json\/wp\/v2\/posts\/47970\/revisions"}],"wp:featuredmedia":[{"embeddable":true,"href":"https:\/\/sandzakpress.net\/arhiva\/wp-json\/wp\/v2\/media\/47971"}],"wp:attachment":[{"href":"https:\/\/sandzakpress.net\/arhiva\/wp-json\/wp\/v2\/media?parent=47970"}],"wp:term":[{"taxonomy":"category","embeddable":true,"href":"https:\/\/sandzakpress.net\/arhiva\/wp-json\/wp\/v2\/categories?post=47970"},{"taxonomy":"post_tag","embeddable":true,"href":"https:\/\/sandzakpress.net\/arhiva\/wp-json\/wp\/v2\/tags?post=47970"}],"curies":[{"name":"wp","href":"https:\/\/api.w.org\/{rel}","templated":true}]}}