{"id":47893,"date":"2012-08-15T15:32:40","date_gmt":"2012-08-15T13:32:40","guid":{"rendered":"https:\/\/sandzakpress.net\/arhiva\/?p=47893"},"modified":"2012-08-15T15:32:40","modified_gmt":"2012-08-15T13:32:40","slug":"najava-%e2%80%93-na-rtcg1-film-%e2%80%9cthe-message%e2%80%9d-u-nedjelju-19-avgusta-u-16-00-h","status":"publish","type":"post","link":"https:\/\/sandzakpress.net\/arhiva\/najava-%e2%80%93-na-rtcg1-film-%e2%80%9cthe-message%e2%80%9d-u-nedjelju-19-avgusta-u-16-00-h\/","title":{"rendered":"Najava \u2013 Na RTCG1 film \u201cThe Message\u201d u nedjelju 19. avgusta u 16.00 h."},"content":{"rendered":"<p><strong><a href=\"https:\/\/sandzakpress.net\/arhiva\/wp-content\/uploads\/2012\/08\/the-message.jpg\"><img loading=\"lazy\" decoding=\"async\" class=\"alignleft size-medium wp-image-47894\" title=\"the-message\" src=\"https:\/\/sandzakpress.net\/arhiva\/wp-content\/uploads\/2012\/08\/the-message-300x228.jpg\" alt=\"\" width=\"300\" height=\"228\" \/><\/a>Crna Gora, Ju\u017eni Sand\u017eak &#8211; Na molbu Me\u0161ihata IZCG koju je uputio reis Rifat ef. Fejzi\u0107 generalnom direktoru RTCG gdinu Radu Vojvodi\u0107u za prikazivanje filma o ranoj islamskoj historiji i poslaniku Muhammedu, s.a.v.s., \u201cThe Message\u201d ili bolje poznatom pod nazivom \u201cPod zastavom Muhammeda, s.a.v.s.\u201d, Javni servis \u0107e u nedjelju 19. avgusta, prvog dana Bajrama, u popodnevnom terminu u 16.00 \u010dasova prikazati ovaj film. <\/strong><\/p>\n<p>U ovom filmu glume poznati ameri\u010dki glumac Anthony Quinn i gr\u010dka glumica Irenne Papas. Re\u017eiser filma Muastafa Akkad je na ovom filmu radio 7 godina a film je zavr\u0161en 1977. godine sa utro\u0161enim bud\u017eetom od preko sto miliona dolara. Ovaj film je dobio odobrenje od Azharskog Vije\u0107a za fetve. Film traje 177 min.<\/p>\n<p>(Monte Islam)<\/p>\n","protected":false},"excerpt":{"rendered":"<p>Crna Gora, Ju\u017eni Sand\u017eak &#8211; Na molbu Me\u0161ihata IZCG koju je uputio reis Rifat ef. Fejzi\u0107 generalnom direktoru RTCG gdinu Radu Vojvodi\u0107u za prikazivanje filma o ranoj islamskoj historiji i poslaniku Muhammedu, s.a.v.s., \u201cThe Message\u201d ili bolje poznatom pod nazivom \u201cPod zastavom Muhammeda, s.a.v.s.\u201d, Javni servis \u0107e u nedjelju 19. avgusta, prvog dana Bajrama, u [&hellip;]<\/p>\n","protected":false},"author":14,"featured_media":47894,"comment_status":"open","ping_status":"open","sticky":false,"template":"","format":"standard","meta":{"footnotes":""},"categories":[398,397,396,395,802,399],"tags":[],"class_list":{"0":"post-47893","1":"post","2":"type-post","3":"status-publish","4":"format-standard","5":"has-post-thumbnail","7":"category-rozaje","8":"category-berane","9":"category-bijelo_polje","10":"category-pljevlja_","11":"category-islamska_zajednica","12":"category-plav_"},"yoast_head":"<!-- This site is optimized with the Yoast SEO Premium plugin v23.1 (Yoast SEO v24.9) - https:\/\/yoast.com\/wordpress\/plugins\/seo\/ -->\n<title>Najava \u2013 Na RTCG1 film \u201cThe Message\u201d u nedjelju 19. avgusta u 16.00 h.<\/title>\n<meta name=\"robots\" content=\"index, follow, max-snippet:-1, max-image-preview:large, max-video-preview:-1\" \/>\n<link rel=\"canonical\" href=\"https:\/\/sandzakpress.net\/arhiva\/najava-\u2013-na-rtcg1-film-\u201cthe-message\u201d-u-nedjelju-19-avgusta-u-16-00-h\/\" \/>\n<meta property=\"og:locale\" content=\"bs_BA\" \/>\n<meta property=\"og:type\" content=\"article\" \/>\n<meta property=\"og:title\" content=\"Najava \u2013 Na RTCG1 film \u201cThe Message\u201d u nedjelju 19. avgusta u 16.00 h.\" \/>\n<meta property=\"og:description\" content=\"Crna Gora, Ju\u017eni Sand\u017eak &#8211; Na molbu Me\u0161ihata IZCG koju je uputio reis Rifat ef. Fejzi\u0107 generalnom direktoru RTCG gdinu Radu Vojvodi\u0107u za prikazivanje filma o ranoj islamskoj historiji i poslaniku Muhammedu, s.a.v.s., \u201cThe Message\u201d ili bolje poznatom pod nazivom \u201cPod zastavom Muhammeda, s.a.v.s.\u201d, Javni servis \u0107e u nedjelju 19. avgusta, prvog dana Bajrama, u [&hellip;]\" \/>\n<meta property=\"og:url\" content=\"https:\/\/sandzakpress.net\/arhiva\/najava-\u2013-na-rtcg1-film-\u201cthe-message\u201d-u-nedjelju-19-avgusta-u-16-00-h\/\" \/>\n<meta property=\"og:site_name\" content=\"Sand\u017eak PRESS\" \/>\n<meta property=\"article:published_time\" content=\"2012-08-15T13:32:40+00:00\" \/>\n<meta property=\"og:image\" content=\"https:\/\/sandzakpress.net\/arhiva\/wp-content\/uploads\/2012\/08\/the-message.jpg\" \/>\n\t<meta property=\"og:image:width\" content=\"441\" \/>\n\t<meta property=\"og:image:height\" content=\"336\" \/>\n\t<meta property=\"og:image:type\" content=\"image\/jpeg\" \/>\n<meta name=\"twitter:card\" content=\"summary_large_image\" \/>\n<meta name=\"twitter:label1\" content=\"Written by\" \/>\n\t<meta name=\"twitter:data1\" content=\"\" \/>\n\t<meta name=\"twitter:label2\" content=\"Est. reading time\" \/>\n\t<meta name=\"twitter:data2\" content=\"1 minuta\" \/>\n<script type=\"application\/ld+json\" class=\"yoast-schema-graph\">{\"@context\":\"https:\/\/schema.org\",\"@graph\":[{\"@type\":\"Article\",\"@id\":\"https:\/\/sandzakpress.net\/arhiva\/najava-%e2%80%93-na-rtcg1-film-%e2%80%9cthe-message%e2%80%9d-u-nedjelju-19-avgusta-u-16-00-h\/#article\",\"isPartOf\":{\"@id\":\"https:\/\/sandzakpress.net\/arhiva\/najava-%e2%80%93-na-rtcg1-film-%e2%80%9cthe-message%e2%80%9d-u-nedjelju-19-avgusta-u-16-00-h\/\"},\"author\":{\"name\":\"\",\"@id\":\"\"},\"headline\":\"Najava \u2013 Na RTCG1 film \u201cThe Message\u201d u nedjelju 19. avgusta u 16.00 h.\",\"datePublished\":\"2012-08-15T13:32:40+00:00\",\"mainEntityOfPage\":{\"@id\":\"https:\/\/sandzakpress.net\/arhiva\/najava-%e2%80%93-na-rtcg1-film-%e2%80%9cthe-message%e2%80%9d-u-nedjelju-19-avgusta-u-16-00-h\/\"},\"wordCount\":141,\"commentCount\":0,\"publisher\":{\"@id\":\"https:\/\/sandzakpress.net\/arhiva\/#\/schema\/person\/6e72b67d6e51910a1117b3b483ba20bd\"},\"image\":{\"@id\":\"https:\/\/sandzakpress.net\/arhiva\/najava-%e2%80%93-na-rtcg1-film-%e2%80%9cthe-message%e2%80%9d-u-nedjelju-19-avgusta-u-16-00-h\/#primaryimage\"},\"thumbnailUrl\":\"https:\/\/sandzakpress.net\/arhiva\/wp-content\/uploads\/2012\/08\/the-message.jpg\",\"articleSection\":[\"Ro\u017eaje\",\"Berane\",\"Bijelo Polje\",\"Pljevlja\",\"Islamska zajednica\",\"Plav\"],\"inLanguage\":\"bs-BA\",\"potentialAction\":[{\"@type\":\"CommentAction\",\"name\":\"Comment\",\"target\":[\"https:\/\/sandzakpress.net\/arhiva\/najava-%e2%80%93-na-rtcg1-film-%e2%80%9cthe-message%e2%80%9d-u-nedjelju-19-avgusta-u-16-00-h\/#respond\"]}]},{\"@type\":\"WebPage\",\"@id\":\"https:\/\/sandzakpress.net\/arhiva\/najava-%e2%80%93-na-rtcg1-film-%e2%80%9cthe-message%e2%80%9d-u-nedjelju-19-avgusta-u-16-00-h\/\",\"url\":\"https:\/\/sandzakpress.net\/arhiva\/najava-%e2%80%93-na-rtcg1-film-%e2%80%9cthe-message%e2%80%9d-u-nedjelju-19-avgusta-u-16-00-h\/\",\"name\":\"Najava \u2013 Na RTCG1 film \u201cThe Message\u201d u nedjelju 19. avgusta u 16.00 h.\",\"isPartOf\":{\"@id\":\"https:\/\/sandzakpress.net\/arhiva\/#website\"},\"primaryImageOfPage\":{\"@id\":\"https:\/\/sandzakpress.net\/arhiva\/najava-%e2%80%93-na-rtcg1-film-%e2%80%9cthe-message%e2%80%9d-u-nedjelju-19-avgusta-u-16-00-h\/#primaryimage\"},\"image\":{\"@id\":\"https:\/\/sandzakpress.net\/arhiva\/najava-%e2%80%93-na-rtcg1-film-%e2%80%9cthe-message%e2%80%9d-u-nedjelju-19-avgusta-u-16-00-h\/#primaryimage\"},\"thumbnailUrl\":\"https:\/\/sandzakpress.net\/arhiva\/wp-content\/uploads\/2012\/08\/the-message.jpg\",\"datePublished\":\"2012-08-15T13:32:40+00:00\",\"breadcrumb\":{\"@id\":\"https:\/\/sandzakpress.net\/arhiva\/najava-%e2%80%93-na-rtcg1-film-%e2%80%9cthe-message%e2%80%9d-u-nedjelju-19-avgusta-u-16-00-h\/#breadcrumb\"},\"inLanguage\":\"bs-BA\",\"potentialAction\":[{\"@type\":\"ReadAction\",\"target\":[\"https:\/\/sandzakpress.net\/arhiva\/najava-%e2%80%93-na-rtcg1-film-%e2%80%9cthe-message%e2%80%9d-u-nedjelju-19-avgusta-u-16-00-h\/\"]}]},{\"@type\":\"ImageObject\",\"inLanguage\":\"bs-BA\",\"@id\":\"https:\/\/sandzakpress.net\/arhiva\/najava-%e2%80%93-na-rtcg1-film-%e2%80%9cthe-message%e2%80%9d-u-nedjelju-19-avgusta-u-16-00-h\/#primaryimage\",\"url\":\"https:\/\/sandzakpress.net\/arhiva\/wp-content\/uploads\/2012\/08\/the-message.jpg\",\"contentUrl\":\"https:\/\/sandzakpress.net\/arhiva\/wp-content\/uploads\/2012\/08\/the-message.jpg\",\"width\":441,\"height\":336},{\"@type\":\"BreadcrumbList\",\"@id\":\"https:\/\/sandzakpress.net\/arhiva\/najava-%e2%80%93-na-rtcg1-film-%e2%80%9cthe-message%e2%80%9d-u-nedjelju-19-avgusta-u-16-00-h\/#breadcrumb\",\"itemListElement\":[{\"@type\":\"ListItem\",\"position\":1,\"name\":\"Home\",\"item\":\"https:\/\/sandzakpress.net\/arhiva\/\"},{\"@type\":\"ListItem\",\"position\":2,\"name\":\"Najava \u2013 Na RTCG1 film \u201cThe Message\u201d u nedjelju 19. avgusta u 16.00 h.\"}]},{\"@type\":\"WebSite\",\"@id\":\"https:\/\/sandzakpress.net\/arhiva\/#website\",\"url\":\"https:\/\/sandzakpress.net\/arhiva\/\",\"name\":\"Sand\u017eak PRESS\",\"description\":\"Prve elektronske novine u Sand\u017eaku\",\"publisher\":{\"@id\":\"https:\/\/sandzakpress.net\/arhiva\/#\/schema\/person\/6e72b67d6e51910a1117b3b483ba20bd\"},\"potentialAction\":[{\"@type\":\"SearchAction\",\"target\":{\"@type\":\"EntryPoint\",\"urlTemplate\":\"https:\/\/sandzakpress.net\/arhiva\/?s={search_term_string}\"},\"query-input\":{\"@type\":\"PropertyValueSpecification\",\"valueRequired\":true,\"valueName\":\"search_term_string\"}}],\"inLanguage\":\"bs-BA\"},{\"@type\":[\"Person\",\"Organization\"],\"@id\":\"https:\/\/sandzakpress.net\/arhiva\/#\/schema\/person\/6e72b67d6e51910a1117b3b483ba20bd\",\"name\":\"Kul\",\"image\":{\"@type\":\"ImageObject\",\"inLanguage\":\"bs-BA\",\"@id\":\"https:\/\/sandzakpress.net\/arhiva\/#\/schema\/person\/image\/\",\"url\":\"https:\/\/secure.gravatar.com\/avatar\/42263f39aa27ac04c43cab85c280eb2e?s=96&d=mm&r=pg\",\"contentUrl\":\"https:\/\/secure.gravatar.com\/avatar\/42263f39aa27ac04c43cab85c280eb2e?s=96&d=mm&r=pg\",\"caption\":\"Kul\"},\"logo\":{\"@id\":\"https:\/\/sandzakpress.net\/arhiva\/#\/schema\/person\/image\/\"}},{\"@type\":\"Person\",\"@id\":\"\",\"url\":\"https:\/\/sandzakpress.net\/arhiva\/author\/\"}]}<\/script>\n<!-- \/ Yoast SEO Premium plugin. -->","yoast_head_json":{"title":"Najava \u2013 Na RTCG1 film \u201cThe Message\u201d u nedjelju 19. avgusta u 16.00 h.","robots":{"index":"index","follow":"follow","max-snippet":"max-snippet:-1","max-image-preview":"max-image-preview:large","max-video-preview":"max-video-preview:-1"},"canonical":"https:\/\/sandzakpress.net\/arhiva\/najava-\u2013-na-rtcg1-film-\u201cthe-message\u201d-u-nedjelju-19-avgusta-u-16-00-h\/","og_locale":"bs_BA","og_type":"article","og_title":"Najava \u2013 Na RTCG1 film \u201cThe Message\u201d u nedjelju 19. avgusta u 16.00 h.","og_description":"Crna Gora, Ju\u017eni Sand\u017eak &#8211; Na molbu Me\u0161ihata IZCG koju je uputio reis Rifat ef. Fejzi\u0107 generalnom direktoru RTCG gdinu Radu Vojvodi\u0107u za prikazivanje filma o ranoj islamskoj historiji i poslaniku Muhammedu, s.a.v.s., \u201cThe Message\u201d ili bolje poznatom pod nazivom \u201cPod zastavom Muhammeda, s.a.v.s.\u201d, Javni servis \u0107e u nedjelju 19. avgusta, prvog dana Bajrama, u [&hellip;]","og_url":"https:\/\/sandzakpress.net\/arhiva\/najava-\u2013-na-rtcg1-film-\u201cthe-message\u201d-u-nedjelju-19-avgusta-u-16-00-h\/","og_site_name":"Sand\u017eak PRESS","article_published_time":"2012-08-15T13:32:40+00:00","og_image":[{"width":441,"height":336,"url":"https:\/\/sandzakpress.net\/arhiva\/wp-content\/uploads\/2012\/08\/the-message.jpg","type":"image\/jpeg"}],"twitter_card":"summary_large_image","twitter_misc":{"Written by":"","Est. reading time":"1 minuta"},"schema":{"@context":"https:\/\/schema.org","@graph":[{"@type":"Article","@id":"https:\/\/sandzakpress.net\/arhiva\/najava-%e2%80%93-na-rtcg1-film-%e2%80%9cthe-message%e2%80%9d-u-nedjelju-19-avgusta-u-16-00-h\/#article","isPartOf":{"@id":"https:\/\/sandzakpress.net\/arhiva\/najava-%e2%80%93-na-rtcg1-film-%e2%80%9cthe-message%e2%80%9d-u-nedjelju-19-avgusta-u-16-00-h\/"},"author":{"name":"","@id":""},"headline":"Najava \u2013 Na RTCG1 film \u201cThe Message\u201d u nedjelju 19. avgusta u 16.00 h.","datePublished":"2012-08-15T13:32:40+00:00","mainEntityOfPage":{"@id":"https:\/\/sandzakpress.net\/arhiva\/najava-%e2%80%93-na-rtcg1-film-%e2%80%9cthe-message%e2%80%9d-u-nedjelju-19-avgusta-u-16-00-h\/"},"wordCount":141,"commentCount":0,"publisher":{"@id":"https:\/\/sandzakpress.net\/arhiva\/#\/schema\/person\/6e72b67d6e51910a1117b3b483ba20bd"},"image":{"@id":"https:\/\/sandzakpress.net\/arhiva\/najava-%e2%80%93-na-rtcg1-film-%e2%80%9cthe-message%e2%80%9d-u-nedjelju-19-avgusta-u-16-00-h\/#primaryimage"},"thumbnailUrl":"https:\/\/sandzakpress.net\/arhiva\/wp-content\/uploads\/2012\/08\/the-message.jpg","articleSection":["Ro\u017eaje","Berane","Bijelo Polje","Pljevlja","Islamska zajednica","Plav"],"inLanguage":"bs-BA","potentialAction":[{"@type":"CommentAction","name":"Comment","target":["https:\/\/sandzakpress.net\/arhiva\/najava-%e2%80%93-na-rtcg1-film-%e2%80%9cthe-message%e2%80%9d-u-nedjelju-19-avgusta-u-16-00-h\/#respond"]}]},{"@type":"WebPage","@id":"https:\/\/sandzakpress.net\/arhiva\/najava-%e2%80%93-na-rtcg1-film-%e2%80%9cthe-message%e2%80%9d-u-nedjelju-19-avgusta-u-16-00-h\/","url":"https:\/\/sandzakpress.net\/arhiva\/najava-%e2%80%93-na-rtcg1-film-%e2%80%9cthe-message%e2%80%9d-u-nedjelju-19-avgusta-u-16-00-h\/","name":"Najava \u2013 Na RTCG1 film \u201cThe Message\u201d u nedjelju 19. avgusta u 16.00 h.","isPartOf":{"@id":"https:\/\/sandzakpress.net\/arhiva\/#website"},"primaryImageOfPage":{"@id":"https:\/\/sandzakpress.net\/arhiva\/najava-%e2%80%93-na-rtcg1-film-%e2%80%9cthe-message%e2%80%9d-u-nedjelju-19-avgusta-u-16-00-h\/#primaryimage"},"image":{"@id":"https:\/\/sandzakpress.net\/arhiva\/najava-%e2%80%93-na-rtcg1-film-%e2%80%9cthe-message%e2%80%9d-u-nedjelju-19-avgusta-u-16-00-h\/#primaryimage"},"thumbnailUrl":"https:\/\/sandzakpress.net\/arhiva\/wp-content\/uploads\/2012\/08\/the-message.jpg","datePublished":"2012-08-15T13:32:40+00:00","breadcrumb":{"@id":"https:\/\/sandzakpress.net\/arhiva\/najava-%e2%80%93-na-rtcg1-film-%e2%80%9cthe-message%e2%80%9d-u-nedjelju-19-avgusta-u-16-00-h\/#breadcrumb"},"inLanguage":"bs-BA","potentialAction":[{"@type":"ReadAction","target":["https:\/\/sandzakpress.net\/arhiva\/najava-%e2%80%93-na-rtcg1-film-%e2%80%9cthe-message%e2%80%9d-u-nedjelju-19-avgusta-u-16-00-h\/"]}]},{"@type":"ImageObject","inLanguage":"bs-BA","@id":"https:\/\/sandzakpress.net\/arhiva\/najava-%e2%80%93-na-rtcg1-film-%e2%80%9cthe-message%e2%80%9d-u-nedjelju-19-avgusta-u-16-00-h\/#primaryimage","url":"https:\/\/sandzakpress.net\/arhiva\/wp-content\/uploads\/2012\/08\/the-message.jpg","contentUrl":"https:\/\/sandzakpress.net\/arhiva\/wp-content\/uploads\/2012\/08\/the-message.jpg","width":441,"height":336},{"@type":"BreadcrumbList","@id":"https:\/\/sandzakpress.net\/arhiva\/najava-%e2%80%93-na-rtcg1-film-%e2%80%9cthe-message%e2%80%9d-u-nedjelju-19-avgusta-u-16-00-h\/#breadcrumb","itemListElement":[{"@type":"ListItem","position":1,"name":"Home","item":"https:\/\/sandzakpress.net\/arhiva\/"},{"@type":"ListItem","position":2,"name":"Najava \u2013 Na RTCG1 film \u201cThe Message\u201d u nedjelju 19. avgusta u 16.00 h."}]},{"@type":"WebSite","@id":"https:\/\/sandzakpress.net\/arhiva\/#website","url":"https:\/\/sandzakpress.net\/arhiva\/","name":"Sand\u017eak PRESS","description":"Prve elektronske novine u Sand\u017eaku","publisher":{"@id":"https:\/\/sandzakpress.net\/arhiva\/#\/schema\/person\/6e72b67d6e51910a1117b3b483ba20bd"},"potentialAction":[{"@type":"SearchAction","target":{"@type":"EntryPoint","urlTemplate":"https:\/\/sandzakpress.net\/arhiva\/?s={search_term_string}"},"query-input":{"@type":"PropertyValueSpecification","valueRequired":true,"valueName":"search_term_string"}}],"inLanguage":"bs-BA"},{"@type":["Person","Organization"],"@id":"https:\/\/sandzakpress.net\/arhiva\/#\/schema\/person\/6e72b67d6e51910a1117b3b483ba20bd","name":"Kul","image":{"@type":"ImageObject","inLanguage":"bs-BA","@id":"https:\/\/sandzakpress.net\/arhiva\/#\/schema\/person\/image\/","url":"https:\/\/secure.gravatar.com\/avatar\/42263f39aa27ac04c43cab85c280eb2e?s=96&d=mm&r=pg","contentUrl":"https:\/\/secure.gravatar.com\/avatar\/42263f39aa27ac04c43cab85c280eb2e?s=96&d=mm&r=pg","caption":"Kul"},"logo":{"@id":"https:\/\/sandzakpress.net\/arhiva\/#\/schema\/person\/image\/"}},{"@type":"Person","@id":"","url":"https:\/\/sandzakpress.net\/arhiva\/author\/"}]}},"_links":{"self":[{"href":"https:\/\/sandzakpress.net\/arhiva\/wp-json\/wp\/v2\/posts\/47893"}],"collection":[{"href":"https:\/\/sandzakpress.net\/arhiva\/wp-json\/wp\/v2\/posts"}],"about":[{"href":"https:\/\/sandzakpress.net\/arhiva\/wp-json\/wp\/v2\/types\/post"}],"author":[{"embeddable":true,"href":"https:\/\/sandzakpress.net\/arhiva\/wp-json\/wp\/v2\/users\/14"}],"replies":[{"embeddable":true,"href":"https:\/\/sandzakpress.net\/arhiva\/wp-json\/wp\/v2\/comments?post=47893"}],"version-history":[{"count":0,"href":"https:\/\/sandzakpress.net\/arhiva\/wp-json\/wp\/v2\/posts\/47893\/revisions"}],"wp:featuredmedia":[{"embeddable":true,"href":"https:\/\/sandzakpress.net\/arhiva\/wp-json\/wp\/v2\/media\/47894"}],"wp:attachment":[{"href":"https:\/\/sandzakpress.net\/arhiva\/wp-json\/wp\/v2\/media?parent=47893"}],"wp:term":[{"taxonomy":"category","embeddable":true,"href":"https:\/\/sandzakpress.net\/arhiva\/wp-json\/wp\/v2\/categories?post=47893"},{"taxonomy":"post_tag","embeddable":true,"href":"https:\/\/sandzakpress.net\/arhiva\/wp-json\/wp\/v2\/tags?post=47893"}],"curies":[{"name":"wp","href":"https:\/\/api.w.org\/{rel}","templated":true}]}}