{"id":47772,"date":"2012-08-14T15:30:28","date_gmt":"2012-08-14T13:30:28","guid":{"rendered":"https:\/\/sandzakpress.net\/arhiva\/?p=47772"},"modified":"2012-08-14T15:30:28","modified_gmt":"2012-08-14T13:30:28","slug":"reis-rifat-ef-fejzic-u-ramazanskom-zijaretu-plavo-gusinjskom-kraju","status":"publish","type":"post","link":"https:\/\/sandzakpress.net\/arhiva\/reis-rifat-ef-fejzic-u-ramazanskom-zijaretu-plavo-gusinjskom-kraju\/","title":{"rendered":"Reis Rifat ef. Fejzi\u0107 u ramazanskom zijaretu Plavo-Gusinjskom kraju"},"content":{"rendered":"<p><strong><a href=\"https:\/\/sandzakpress.net\/arhiva\/wp-content\/uploads\/2012\/08\/fejzic-plav.jpg\"><img loading=\"lazy\" decoding=\"async\" class=\"alignleft size-medium wp-image-47778\" title=\"fejzic-plav\" src=\"https:\/\/sandzakpress.net\/arhiva\/wp-content\/uploads\/2012\/08\/fejzic-plav-300x225.jpg\" alt=\"\" width=\"300\" height=\"225\" \/><\/a>Plav, Gusinje\u00a0&#8211;\u00a0U ponedeljak, 13.08.2012. godine, reis Islamske zajednice u Crnoj Gori, Rifat ef. Fejzi\u0107, sa saradnicima Sadmirom ef. Had\u017eiji\u0107emi\u00a0Fuadom ef. \u010ceki\u0107em, boravio je u ramazanskom zijaretu Plavo-Gusinjskom kraju. Na zajedni\u010dkom iftaru u holu Centra za kulturu u Plavu, pored d\u017eematlija iz Plava i Gusinja, prisustvovali su brojni uticajni gra\u0111ani ovog kraja: predsjednik Skup\u0161tine op\u0161tine Plav Sait \u010ceki\u0107, poslanik u dr\u017eavnom Parlamentu\u00a0Kemal Puri\u0161i\u0107, ombusman\u00a0\u0160u\u0107ko Bakovi\u0107, predsjednici Odbora Islamske zajednice iz Plava i Gusinja, glavni imami i imami iz ova dva grada, direktori javnih ustanova, i drugi.<\/strong><\/p>\n<p>Prisutne je na po\u010detku poselamio glavni imam Odbora IZ-e Plav,\u00a0\u00a0Sinan ef. Lati\u0107, zahvaliv\u0161i se svima na prisustvu, posebno rukovodstvu Islamske zajednice na \u010delu sa reisom. Nakon njega, prisutnima se obratio reis Rifat ef. Fejzi\u0107, koji je izrazio puno zadovoljstvo ovim skupom. U svom izlaganju, on je govorio o temeljnim postulatima vjerovanja, rekav\u0161i da islam opstoji na \u0161ehadetu, koje je glavni nose\u0107i stub ove vjere. U \u0161ehadetu nema kompromisa, nema izgovora i izuze\u0107a koji \u010dine \u010dovjeka slobodnim da prestane vjerovati u \u0161ehadet, a da istovremeno ostane biti musliman. Nakon \u0161ehadeta, su\u0161tinski bitan oslonac ove vjere je namaz, za kojeg vjerniku nema izuze\u0107a, makar bio bolestan,\u00a0 u bilo kom stanju \u2013 du\u017ean je obavljati namaz, makar i mimikom. Post je nakon toga ibadet u kom prednja\u010di intimnost i bliskost \u010dovjeka sa njegovim Gospodarom. Zbog te bliskosti Poslanik, s.a.v.s., i prenosi rije\u010di Uzvi\u0161enog Allaha: \u201ePost je moj, i samo ja za njega nagradu dajem\u201c. Zekat i had\u017e su stubovi vjere koji tretiraju imovinski sna\u017enije muslimane. Me\u0111utim, sr\u017e svakog od ovih stubova je iskrenost.<\/p>\n<p>\u201eOvdje smo ve\u010deras da potvrdimo \u010dvrsto jedinstvo Islamske zajednice, koja ne poznaje niti priznaje sve ono \u0161to dva vjernika mo\u017ee udaljiti jednog od drugog. Ova vjera nije samo vjera Bo\u0161nja\u010dke niti Albanske niti neke druge nacije. Ona je vjera svih ljudi, ma kojim drugim identitetom se deklarisali. Islamska zajednica je tu, da nas sviju ujedini u vjerovanju u Jednog i Jedinog Boga,\u201c rekao je izme\u0111u ostalog reis Fejzi\u0107.<\/p>\n<p>Nakon toga, reis je u \u0160abovi\u0107a d\u017eamiji u Plavu klanjao teravih-namaz, te se nakon njega obratio prisutnim d\u017eematlijama. Govore\u0107i o vrijednostima Lejletul-Karda, reis je istakao da kako u vjeri ne smije biti sumnje, ova mubarek no\u0107 nas treba inspirisati da i ljudima otklonimo svaku sumnju u pogledu ispravnosti onoga u \u0161ta vjerujemo. On je naveo jedan upe\u010datljiv primjer: \u201ePrilikom otvaranja kompleksa Sulejmanije d\u017eamije, uz prisustvo svih uglednika, samog sultana i mno\u0161tva svijeta, mimar Sinan, autor ovog impozantnog zdanja je bio prisutan ceremoniji. Pored njega je stajao jedan malouman mladi\u0107, koji po\u010de tvrditi da je jedna munara d\u017eamije kriva. Mimar Sinan ga upita o kojoj se munari radi, a ovaj mu pokaza na jednu od njih, koja bje\u0161e sasvim prava. Me\u0111utim, Sinan naredi majstorima da munaru ve\u017eu konopcima i vuku je, a mladi\u0107u da im ka\u017ee kada bude dovoljno ispravljena da stanu. Naravno da niti je munara bila kriva, niti su je ljudi mogli prostom vu\u010dom konopima ispraviti. Ali, ovaj postupak smiri mladi\u0107a, i on nastavi tvrditi da je sad svaka munara prava. Sinanovi neimari se za\u010dudi\u0161e ovom postupku, a on im pojasni da je u njemu bilo hajra. Jer, da mladi\u0107u nije otklonio sumnju, on bi me\u0111u svijetom tvrdio da je munara kriva, i na\u0161lo bi se mnogo onih koji bi mu povjerovali. Tako i mi, u na\u0161im postupcima poka\u017eimo da ne postoji nikakva manjkavost u na\u0161oj vjeri,\u201c rekao je reis Fejzi\u0107.<\/p>\n<p>Osim reisa Rifata ef. Fejzi\u0107a, prof. Sadmir ef. Had\u017eiji\u0107 je klanjao teravih-namaz u Vezirovoj d\u017eamiji u Gusinju, gdje je nakon namaza prisutnim d\u017eematlijama uputio prigodne ramazanske nasihate.<\/p>\n<p>(Monte Islam)<\/p>\n","protected":false},"excerpt":{"rendered":"<p>Plav, Gusinje\u00a0&#8211;\u00a0U ponedeljak, 13.08.2012. godine, reis Islamske zajednice u Crnoj Gori, Rifat ef. Fejzi\u0107, sa saradnicima Sadmirom ef. Had\u017eiji\u0107emi\u00a0Fuadom ef. \u010ceki\u0107em, boravio je u ramazanskom zijaretu Plavo-Gusinjskom kraju. Na zajedni\u010dkom iftaru u holu Centra za kulturu u Plavu, pored d\u017eematlija iz Plava i Gusinja, prisustvovali su brojni uticajni gra\u0111ani ovog kraja: predsjednik Skup\u0161tine op\u0161tine Plav [&hellip;]<\/p>\n","protected":false},"author":14,"featured_media":47778,"comment_status":"open","ping_status":"open","sticky":false,"template":"","format":"standard","meta":{"footnotes":""},"categories":[802,399],"tags":[],"class_list":{"0":"post-47772","1":"post","2":"type-post","3":"status-publish","4":"format-standard","5":"has-post-thumbnail","7":"category-islamska_zajednica","8":"category-plav_"},"yoast_head":"<!-- This site is optimized with the Yoast SEO Premium plugin v23.1 (Yoast SEO v24.9) - https:\/\/yoast.com\/wordpress\/plugins\/seo\/ -->\n<title>Reis Rifat ef. Fejzi\u0107 u ramazanskom zijaretu Plavo-Gusinjskom kraju<\/title>\n<meta name=\"robots\" content=\"index, follow, max-snippet:-1, max-image-preview:large, max-video-preview:-1\" \/>\n<link rel=\"canonical\" href=\"https:\/\/sandzakpress.net\/arhiva\/reis-rifat-ef-fejzic-u-ramazanskom-zijaretu-plavo-gusinjskom-kraju\/\" \/>\n<meta property=\"og:locale\" content=\"bs_BA\" \/>\n<meta property=\"og:type\" content=\"article\" \/>\n<meta property=\"og:title\" content=\"Reis Rifat ef. Fejzi\u0107 u ramazanskom zijaretu Plavo-Gusinjskom kraju\" \/>\n<meta property=\"og:description\" content=\"Plav, Gusinje\u00a0&#8211;\u00a0U ponedeljak, 13.08.2012. godine, reis Islamske zajednice u Crnoj Gori, Rifat ef. Fejzi\u0107, sa saradnicima Sadmirom ef. Had\u017eiji\u0107emi\u00a0Fuadom ef. \u010ceki\u0107em, boravio je u ramazanskom zijaretu Plavo-Gusinjskom kraju. Na zajedni\u010dkom iftaru u holu Centra za kulturu u Plavu, pored d\u017eematlija iz Plava i Gusinja, prisustvovali su brojni uticajni gra\u0111ani ovog kraja: predsjednik Skup\u0161tine op\u0161tine Plav [&hellip;]\" \/>\n<meta property=\"og:url\" content=\"https:\/\/sandzakpress.net\/arhiva\/reis-rifat-ef-fejzic-u-ramazanskom-zijaretu-plavo-gusinjskom-kraju\/\" \/>\n<meta property=\"og:site_name\" content=\"Sand\u017eak PRESS\" \/>\n<meta property=\"article:published_time\" content=\"2012-08-14T13:30:28+00:00\" \/>\n<meta property=\"og:image\" content=\"https:\/\/sandzakpress.net\/arhiva\/wp-content\/uploads\/2012\/08\/fejzic-plav.jpg\" \/>\n\t<meta property=\"og:image:width\" content=\"616\" \/>\n\t<meta property=\"og:image:height\" content=\"462\" \/>\n\t<meta property=\"og:image:type\" content=\"image\/jpeg\" \/>\n<meta name=\"twitter:card\" content=\"summary_large_image\" \/>\n<meta name=\"twitter:label1\" content=\"Written by\" \/>\n\t<meta name=\"twitter:data1\" content=\"\" \/>\n\t<meta name=\"twitter:label2\" content=\"Est. reading time\" \/>\n\t<meta name=\"twitter:data2\" content=\"3 minute\" \/>\n<script type=\"application\/ld+json\" class=\"yoast-schema-graph\">{\"@context\":\"https:\/\/schema.org\",\"@graph\":[{\"@type\":\"Article\",\"@id\":\"https:\/\/sandzakpress.net\/arhiva\/reis-rifat-ef-fejzic-u-ramazanskom-zijaretu-plavo-gusinjskom-kraju\/#article\",\"isPartOf\":{\"@id\":\"https:\/\/sandzakpress.net\/arhiva\/reis-rifat-ef-fejzic-u-ramazanskom-zijaretu-plavo-gusinjskom-kraju\/\"},\"author\":{\"name\":\"\",\"@id\":\"\"},\"headline\":\"Reis Rifat ef. Fejzi\u0107 u ramazanskom zijaretu Plavo-Gusinjskom kraju\",\"datePublished\":\"2012-08-14T13:30:28+00:00\",\"mainEntityOfPage\":{\"@id\":\"https:\/\/sandzakpress.net\/arhiva\/reis-rifat-ef-fejzic-u-ramazanskom-zijaretu-plavo-gusinjskom-kraju\/\"},\"wordCount\":657,\"commentCount\":0,\"publisher\":{\"@id\":\"https:\/\/sandzakpress.net\/arhiva\/#\/schema\/person\/6e72b67d6e51910a1117b3b483ba20bd\"},\"image\":{\"@id\":\"https:\/\/sandzakpress.net\/arhiva\/reis-rifat-ef-fejzic-u-ramazanskom-zijaretu-plavo-gusinjskom-kraju\/#primaryimage\"},\"thumbnailUrl\":\"https:\/\/sandzakpress.net\/arhiva\/wp-content\/uploads\/2012\/08\/fejzic-plav.jpg\",\"articleSection\":[\"Islamska zajednica\",\"Plav\"],\"inLanguage\":\"bs-BA\",\"potentialAction\":[{\"@type\":\"CommentAction\",\"name\":\"Comment\",\"target\":[\"https:\/\/sandzakpress.net\/arhiva\/reis-rifat-ef-fejzic-u-ramazanskom-zijaretu-plavo-gusinjskom-kraju\/#respond\"]}]},{\"@type\":\"WebPage\",\"@id\":\"https:\/\/sandzakpress.net\/arhiva\/reis-rifat-ef-fejzic-u-ramazanskom-zijaretu-plavo-gusinjskom-kraju\/\",\"url\":\"https:\/\/sandzakpress.net\/arhiva\/reis-rifat-ef-fejzic-u-ramazanskom-zijaretu-plavo-gusinjskom-kraju\/\",\"name\":\"Reis Rifat ef. Fejzi\u0107 u ramazanskom zijaretu Plavo-Gusinjskom kraju\",\"isPartOf\":{\"@id\":\"https:\/\/sandzakpress.net\/arhiva\/#website\"},\"primaryImageOfPage\":{\"@id\":\"https:\/\/sandzakpress.net\/arhiva\/reis-rifat-ef-fejzic-u-ramazanskom-zijaretu-plavo-gusinjskom-kraju\/#primaryimage\"},\"image\":{\"@id\":\"https:\/\/sandzakpress.net\/arhiva\/reis-rifat-ef-fejzic-u-ramazanskom-zijaretu-plavo-gusinjskom-kraju\/#primaryimage\"},\"thumbnailUrl\":\"https:\/\/sandzakpress.net\/arhiva\/wp-content\/uploads\/2012\/08\/fejzic-plav.jpg\",\"datePublished\":\"2012-08-14T13:30:28+00:00\",\"breadcrumb\":{\"@id\":\"https:\/\/sandzakpress.net\/arhiva\/reis-rifat-ef-fejzic-u-ramazanskom-zijaretu-plavo-gusinjskom-kraju\/#breadcrumb\"},\"inLanguage\":\"bs-BA\",\"potentialAction\":[{\"@type\":\"ReadAction\",\"target\":[\"https:\/\/sandzakpress.net\/arhiva\/reis-rifat-ef-fejzic-u-ramazanskom-zijaretu-plavo-gusinjskom-kraju\/\"]}]},{\"@type\":\"ImageObject\",\"inLanguage\":\"bs-BA\",\"@id\":\"https:\/\/sandzakpress.net\/arhiva\/reis-rifat-ef-fejzic-u-ramazanskom-zijaretu-plavo-gusinjskom-kraju\/#primaryimage\",\"url\":\"https:\/\/sandzakpress.net\/arhiva\/wp-content\/uploads\/2012\/08\/fejzic-plav.jpg\",\"contentUrl\":\"https:\/\/sandzakpress.net\/arhiva\/wp-content\/uploads\/2012\/08\/fejzic-plav.jpg\",\"width\":616,\"height\":462},{\"@type\":\"BreadcrumbList\",\"@id\":\"https:\/\/sandzakpress.net\/arhiva\/reis-rifat-ef-fejzic-u-ramazanskom-zijaretu-plavo-gusinjskom-kraju\/#breadcrumb\",\"itemListElement\":[{\"@type\":\"ListItem\",\"position\":1,\"name\":\"Home\",\"item\":\"https:\/\/sandzakpress.net\/arhiva\/\"},{\"@type\":\"ListItem\",\"position\":2,\"name\":\"Reis Rifat ef. Fejzi\u0107 u ramazanskom zijaretu Plavo-Gusinjskom kraju\"}]},{\"@type\":\"WebSite\",\"@id\":\"https:\/\/sandzakpress.net\/arhiva\/#website\",\"url\":\"https:\/\/sandzakpress.net\/arhiva\/\",\"name\":\"Sand\u017eak PRESS\",\"description\":\"Prve elektronske novine u Sand\u017eaku\",\"publisher\":{\"@id\":\"https:\/\/sandzakpress.net\/arhiva\/#\/schema\/person\/6e72b67d6e51910a1117b3b483ba20bd\"},\"potentialAction\":[{\"@type\":\"SearchAction\",\"target\":{\"@type\":\"EntryPoint\",\"urlTemplate\":\"https:\/\/sandzakpress.net\/arhiva\/?s={search_term_string}\"},\"query-input\":{\"@type\":\"PropertyValueSpecification\",\"valueRequired\":true,\"valueName\":\"search_term_string\"}}],\"inLanguage\":\"bs-BA\"},{\"@type\":[\"Person\",\"Organization\"],\"@id\":\"https:\/\/sandzakpress.net\/arhiva\/#\/schema\/person\/6e72b67d6e51910a1117b3b483ba20bd\",\"name\":\"Kul\",\"image\":{\"@type\":\"ImageObject\",\"inLanguage\":\"bs-BA\",\"@id\":\"https:\/\/sandzakpress.net\/arhiva\/#\/schema\/person\/image\/\",\"url\":\"https:\/\/secure.gravatar.com\/avatar\/42263f39aa27ac04c43cab85c280eb2e?s=96&d=mm&r=pg\",\"contentUrl\":\"https:\/\/secure.gravatar.com\/avatar\/42263f39aa27ac04c43cab85c280eb2e?s=96&d=mm&r=pg\",\"caption\":\"Kul\"},\"logo\":{\"@id\":\"https:\/\/sandzakpress.net\/arhiva\/#\/schema\/person\/image\/\"}},{\"@type\":\"Person\",\"@id\":\"\",\"url\":\"https:\/\/sandzakpress.net\/arhiva\/author\/\"}]}<\/script>\n<!-- \/ Yoast SEO Premium plugin. -->","yoast_head_json":{"title":"Reis Rifat ef. Fejzi\u0107 u ramazanskom zijaretu Plavo-Gusinjskom kraju","robots":{"index":"index","follow":"follow","max-snippet":"max-snippet:-1","max-image-preview":"max-image-preview:large","max-video-preview":"max-video-preview:-1"},"canonical":"https:\/\/sandzakpress.net\/arhiva\/reis-rifat-ef-fejzic-u-ramazanskom-zijaretu-plavo-gusinjskom-kraju\/","og_locale":"bs_BA","og_type":"article","og_title":"Reis Rifat ef. Fejzi\u0107 u ramazanskom zijaretu Plavo-Gusinjskom kraju","og_description":"Plav, Gusinje\u00a0&#8211;\u00a0U ponedeljak, 13.08.2012. godine, reis Islamske zajednice u Crnoj Gori, Rifat ef. Fejzi\u0107, sa saradnicima Sadmirom ef. Had\u017eiji\u0107emi\u00a0Fuadom ef. \u010ceki\u0107em, boravio je u ramazanskom zijaretu Plavo-Gusinjskom kraju. Na zajedni\u010dkom iftaru u holu Centra za kulturu u Plavu, pored d\u017eematlija iz Plava i Gusinja, prisustvovali su brojni uticajni gra\u0111ani ovog kraja: predsjednik Skup\u0161tine op\u0161tine Plav [&hellip;]","og_url":"https:\/\/sandzakpress.net\/arhiva\/reis-rifat-ef-fejzic-u-ramazanskom-zijaretu-plavo-gusinjskom-kraju\/","og_site_name":"Sand\u017eak PRESS","article_published_time":"2012-08-14T13:30:28+00:00","og_image":[{"width":616,"height":462,"url":"https:\/\/sandzakpress.net\/arhiva\/wp-content\/uploads\/2012\/08\/fejzic-plav.jpg","type":"image\/jpeg"}],"twitter_card":"summary_large_image","twitter_misc":{"Written by":"","Est. reading time":"3 minute"},"schema":{"@context":"https:\/\/schema.org","@graph":[{"@type":"Article","@id":"https:\/\/sandzakpress.net\/arhiva\/reis-rifat-ef-fejzic-u-ramazanskom-zijaretu-plavo-gusinjskom-kraju\/#article","isPartOf":{"@id":"https:\/\/sandzakpress.net\/arhiva\/reis-rifat-ef-fejzic-u-ramazanskom-zijaretu-plavo-gusinjskom-kraju\/"},"author":{"name":"","@id":""},"headline":"Reis Rifat ef. Fejzi\u0107 u ramazanskom zijaretu Plavo-Gusinjskom kraju","datePublished":"2012-08-14T13:30:28+00:00","mainEntityOfPage":{"@id":"https:\/\/sandzakpress.net\/arhiva\/reis-rifat-ef-fejzic-u-ramazanskom-zijaretu-plavo-gusinjskom-kraju\/"},"wordCount":657,"commentCount":0,"publisher":{"@id":"https:\/\/sandzakpress.net\/arhiva\/#\/schema\/person\/6e72b67d6e51910a1117b3b483ba20bd"},"image":{"@id":"https:\/\/sandzakpress.net\/arhiva\/reis-rifat-ef-fejzic-u-ramazanskom-zijaretu-plavo-gusinjskom-kraju\/#primaryimage"},"thumbnailUrl":"https:\/\/sandzakpress.net\/arhiva\/wp-content\/uploads\/2012\/08\/fejzic-plav.jpg","articleSection":["Islamska zajednica","Plav"],"inLanguage":"bs-BA","potentialAction":[{"@type":"CommentAction","name":"Comment","target":["https:\/\/sandzakpress.net\/arhiva\/reis-rifat-ef-fejzic-u-ramazanskom-zijaretu-plavo-gusinjskom-kraju\/#respond"]}]},{"@type":"WebPage","@id":"https:\/\/sandzakpress.net\/arhiva\/reis-rifat-ef-fejzic-u-ramazanskom-zijaretu-plavo-gusinjskom-kraju\/","url":"https:\/\/sandzakpress.net\/arhiva\/reis-rifat-ef-fejzic-u-ramazanskom-zijaretu-plavo-gusinjskom-kraju\/","name":"Reis Rifat ef. Fejzi\u0107 u ramazanskom zijaretu Plavo-Gusinjskom kraju","isPartOf":{"@id":"https:\/\/sandzakpress.net\/arhiva\/#website"},"primaryImageOfPage":{"@id":"https:\/\/sandzakpress.net\/arhiva\/reis-rifat-ef-fejzic-u-ramazanskom-zijaretu-plavo-gusinjskom-kraju\/#primaryimage"},"image":{"@id":"https:\/\/sandzakpress.net\/arhiva\/reis-rifat-ef-fejzic-u-ramazanskom-zijaretu-plavo-gusinjskom-kraju\/#primaryimage"},"thumbnailUrl":"https:\/\/sandzakpress.net\/arhiva\/wp-content\/uploads\/2012\/08\/fejzic-plav.jpg","datePublished":"2012-08-14T13:30:28+00:00","breadcrumb":{"@id":"https:\/\/sandzakpress.net\/arhiva\/reis-rifat-ef-fejzic-u-ramazanskom-zijaretu-plavo-gusinjskom-kraju\/#breadcrumb"},"inLanguage":"bs-BA","potentialAction":[{"@type":"ReadAction","target":["https:\/\/sandzakpress.net\/arhiva\/reis-rifat-ef-fejzic-u-ramazanskom-zijaretu-plavo-gusinjskom-kraju\/"]}]},{"@type":"ImageObject","inLanguage":"bs-BA","@id":"https:\/\/sandzakpress.net\/arhiva\/reis-rifat-ef-fejzic-u-ramazanskom-zijaretu-plavo-gusinjskom-kraju\/#primaryimage","url":"https:\/\/sandzakpress.net\/arhiva\/wp-content\/uploads\/2012\/08\/fejzic-plav.jpg","contentUrl":"https:\/\/sandzakpress.net\/arhiva\/wp-content\/uploads\/2012\/08\/fejzic-plav.jpg","width":616,"height":462},{"@type":"BreadcrumbList","@id":"https:\/\/sandzakpress.net\/arhiva\/reis-rifat-ef-fejzic-u-ramazanskom-zijaretu-plavo-gusinjskom-kraju\/#breadcrumb","itemListElement":[{"@type":"ListItem","position":1,"name":"Home","item":"https:\/\/sandzakpress.net\/arhiva\/"},{"@type":"ListItem","position":2,"name":"Reis Rifat ef. Fejzi\u0107 u ramazanskom zijaretu Plavo-Gusinjskom kraju"}]},{"@type":"WebSite","@id":"https:\/\/sandzakpress.net\/arhiva\/#website","url":"https:\/\/sandzakpress.net\/arhiva\/","name":"Sand\u017eak PRESS","description":"Prve elektronske novine u Sand\u017eaku","publisher":{"@id":"https:\/\/sandzakpress.net\/arhiva\/#\/schema\/person\/6e72b67d6e51910a1117b3b483ba20bd"},"potentialAction":[{"@type":"SearchAction","target":{"@type":"EntryPoint","urlTemplate":"https:\/\/sandzakpress.net\/arhiva\/?s={search_term_string}"},"query-input":{"@type":"PropertyValueSpecification","valueRequired":true,"valueName":"search_term_string"}}],"inLanguage":"bs-BA"},{"@type":["Person","Organization"],"@id":"https:\/\/sandzakpress.net\/arhiva\/#\/schema\/person\/6e72b67d6e51910a1117b3b483ba20bd","name":"Kul","image":{"@type":"ImageObject","inLanguage":"bs-BA","@id":"https:\/\/sandzakpress.net\/arhiva\/#\/schema\/person\/image\/","url":"https:\/\/secure.gravatar.com\/avatar\/42263f39aa27ac04c43cab85c280eb2e?s=96&d=mm&r=pg","contentUrl":"https:\/\/secure.gravatar.com\/avatar\/42263f39aa27ac04c43cab85c280eb2e?s=96&d=mm&r=pg","caption":"Kul"},"logo":{"@id":"https:\/\/sandzakpress.net\/arhiva\/#\/schema\/person\/image\/"}},{"@type":"Person","@id":"","url":"https:\/\/sandzakpress.net\/arhiva\/author\/"}]}},"_links":{"self":[{"href":"https:\/\/sandzakpress.net\/arhiva\/wp-json\/wp\/v2\/posts\/47772"}],"collection":[{"href":"https:\/\/sandzakpress.net\/arhiva\/wp-json\/wp\/v2\/posts"}],"about":[{"href":"https:\/\/sandzakpress.net\/arhiva\/wp-json\/wp\/v2\/types\/post"}],"author":[{"embeddable":true,"href":"https:\/\/sandzakpress.net\/arhiva\/wp-json\/wp\/v2\/users\/14"}],"replies":[{"embeddable":true,"href":"https:\/\/sandzakpress.net\/arhiva\/wp-json\/wp\/v2\/comments?post=47772"}],"version-history":[{"count":0,"href":"https:\/\/sandzakpress.net\/arhiva\/wp-json\/wp\/v2\/posts\/47772\/revisions"}],"wp:featuredmedia":[{"embeddable":true,"href":"https:\/\/sandzakpress.net\/arhiva\/wp-json\/wp\/v2\/media\/47778"}],"wp:attachment":[{"href":"https:\/\/sandzakpress.net\/arhiva\/wp-json\/wp\/v2\/media?parent=47772"}],"wp:term":[{"taxonomy":"category","embeddable":true,"href":"https:\/\/sandzakpress.net\/arhiva\/wp-json\/wp\/v2\/categories?post=47772"},{"taxonomy":"post_tag","embeddable":true,"href":"https:\/\/sandzakpress.net\/arhiva\/wp-json\/wp\/v2\/tags?post=47772"}],"curies":[{"name":"wp","href":"https:\/\/api.w.org\/{rel}","templated":true}]}}