{"id":4777,"date":"2010-06-15T23:49:11","date_gmt":"2010-06-15T23:49:11","guid":{"rendered":"https:\/\/sandzakpress.net\/arhiva\/?p=4777"},"modified":"2010-06-19T18:59:36","modified_gmt":"2010-06-19T18:59:36","slug":"necemo-zabiti-noz-u-leda-srbiji","status":"publish","type":"post","link":"https:\/\/sandzakpress.net\/arhiva\/necemo-zabiti-noz-u-leda-srbiji\/","title":{"rendered":"Ne\u0107emo zabiti no\u017e u le\u0111a Srbiji"},"content":{"rendered":"<p><strong><a href=\"https:\/\/sandzakpress.net\/arhiva\/wp-content\/uploads\/2010\/06\/zukorlic3.jpg\"><img loading=\"lazy\" decoding=\"async\" class=\"alignleft size-full wp-image-4778\" title=\"zukorlic3\" src=\"https:\/\/sandzakpress.net\/arhiva\/wp-content\/uploads\/2010\/06\/zukorlic3.jpg\" alt=\"\" width=\"250\" height=\"196\" \/><\/a>Srbija &#8211; Glavni muftija Islamske zajednice u Srbiji muftija Muamer Zukorli\u0107 izjavio je da njegova Bo\u0161nja\u010dka kulturna zajednica (BKZ), koja je osvojila najvi\u0161e mandata posle izbora za Nacionalni savjet Bo\u0161njaka, ne \u017eeli destabilizaciju Sand\u017eaka niti da zabije no\u017e u le\u0111a Srbiji.<\/strong><\/p>\n<p>&#8220;Te\u0161ko mi pada da stalno dokazujem da ne \u017eelim destabilizaciju. Nisam od ju\u010der, jer 17 godina sam na va\u017enim funkcijama, pa i u vrijeme posrnu\u0107a dr\u017eave Srbije, u vrijeme rata u Bosni ili na Kosovu kada je bilo potrebno veoma malo da se ona destabilizuje, i nismo Srbiji zabili no\u017e u le\u0111a. I tada je Islamska zajednica bila faktor stabilnosti. To nije pitanje trenutka nego na\u0161eg opredjeljenja&#8221;, izjavio je muftija Zukorli\u0107, prenose beogradski mediji.<\/p>\n<p>On ka\u017ee da je Sand\u017eak jugozapadni, ugaoni stub Srbije, strate\u0161ki va\u017ean i za dr\u017eavu, zbog blizine BiH, Crne Gore i Kosova, i da se &#8220;Srbija mora pobrinuti da od Bo\u0161njaka pravi prijatelje, a ne poltrone, jer to je i njoj u interesu&#8221;.<\/p>\n<p>Zukorli\u0107 ka\u017ee da je znak nepovjerenja to \u0161to njegov cilj &#8211; kulturno-prosvjetnu autonomiju Sand\u017eaka- jednima miri\u0161e na separatizam, a drugima zvu\u010di kao autonomija Sand\u017eaka.<\/p>\n<p>&#8220;Kulturno-prosvjetna autonomija je najni\u017ei oblik za o\u010duvanje identiteta jednog naroda ili jednog prostora, a odmah se satanizuje. To je dokaz da nema povjerenja. A zvani\u010dna Srbija od nas tra\u017ei da joj vjerujemo stoprocentno, da na\u0161e \u017eivote i cijeli narod stavimo na raspolaganje suverenitetu Republike Srbije. Mi smo na to spremni, ali ne jednostrano, ve\u0107 dvosmjerno&#8221;, kazao je muftija Zukorli\u0107.<\/p>\n<p>Izvor: <strong>Glas-Javnosti.rs<\/strong><\/p>\n","protected":false},"excerpt":{"rendered":"<p>Srbija &#8211; Glavni muftija Islamske zajednice u Srbiji muftija Muamer Zukorli\u0107 izjavio je da njegova Bo\u0161nja\u010dka kulturna zajednica (BKZ), koja je osvojila najvi\u0161e mandata posle izbora za Nacionalni savjet Bo\u0161njaka, ne \u017eeli destabilizaciju Sand\u017eaka niti da zabije no\u017e u le\u0111a Srbiji. &#8220;Te\u0161ko mi pada da stalno dokazujem da ne \u017eelim destabilizaciju. Nisam od ju\u010der, jer [&hellip;]<\/p>\n","protected":false},"author":83,"featured_media":4778,"comment_status":"open","ping_status":"open","sticky":false,"template":"","format":"standard","meta":{"footnotes":""},"categories":[72,1,52,327,392,393,394],"tags":[],"class_list":{"0":"post-4777","1":"post","2":"type-post","3":"status-publish","4":"format-standard","5":"has-post-thumbnail","7":"category-novi-pazar","8":"category-politika","9":"category-sjenica","10":"category-tutin","11":"category-prijepolje_","12":"category-priboj","13":"category-nova-varos"},"yoast_head":"<!-- This site is optimized with the Yoast SEO Premium plugin v23.1 (Yoast SEO v24.9) - https:\/\/yoast.com\/wordpress\/plugins\/seo\/ -->\n<title>Ne\u0107emo zabiti no\u017e u le\u0111a Srbiji<\/title>\n<meta name=\"robots\" content=\"index, follow, max-snippet:-1, max-image-preview:large, max-video-preview:-1\" \/>\n<link rel=\"canonical\" href=\"https:\/\/sandzakpress.net\/arhiva\/necemo-zabiti-noz-u-leda-srbiji\/\" \/>\n<meta property=\"og:locale\" content=\"bs_BA\" \/>\n<meta property=\"og:type\" content=\"article\" \/>\n<meta property=\"og:title\" content=\"Ne\u0107emo zabiti no\u017e u le\u0111a Srbiji\" \/>\n<meta property=\"og:description\" content=\"Srbija &#8211; Glavni muftija Islamske zajednice u Srbiji muftija Muamer Zukorli\u0107 izjavio je da njegova Bo\u0161nja\u010dka kulturna zajednica (BKZ), koja je osvojila najvi\u0161e mandata posle izbora za Nacionalni savjet Bo\u0161njaka, ne \u017eeli destabilizaciju Sand\u017eaka niti da zabije no\u017e u le\u0111a Srbiji. &#8220;Te\u0161ko mi pada da stalno dokazujem da ne \u017eelim destabilizaciju. Nisam od ju\u010der, jer [&hellip;]\" \/>\n<meta property=\"og:url\" content=\"https:\/\/sandzakpress.net\/arhiva\/necemo-zabiti-noz-u-leda-srbiji\/\" \/>\n<meta property=\"og:site_name\" content=\"Sand\u017eak PRESS\" \/>\n<meta property=\"article:published_time\" content=\"2010-06-15T23:49:11+00:00\" \/>\n<meta property=\"article:modified_time\" content=\"2010-06-19T18:59:36+00:00\" \/>\n<meta property=\"og:image\" content=\"https:\/\/sandzakpress.net\/arhiva\/wp-content\/uploads\/2010\/06\/zukorlic3.jpg\" \/>\n\t<meta property=\"og:image:width\" content=\"250\" \/>\n\t<meta property=\"og:image:height\" content=\"196\" \/>\n\t<meta property=\"og:image:type\" content=\"image\/jpeg\" \/>\n<meta name=\"author\" content=\"bosniak\" \/>\n<meta name=\"twitter:card\" content=\"summary_large_image\" \/>\n<meta name=\"twitter:label1\" content=\"Written by\" \/>\n\t<meta name=\"twitter:data1\" content=\"bosniak\" \/>\n\t<meta name=\"twitter:label2\" content=\"Est. reading time\" \/>\n\t<meta name=\"twitter:data2\" content=\"1 minuta\" \/>\n<script type=\"application\/ld+json\" class=\"yoast-schema-graph\">{\"@context\":\"https:\/\/schema.org\",\"@graph\":[{\"@type\":\"Article\",\"@id\":\"https:\/\/sandzakpress.net\/arhiva\/necemo-zabiti-noz-u-leda-srbiji\/#article\",\"isPartOf\":{\"@id\":\"https:\/\/sandzakpress.net\/arhiva\/necemo-zabiti-noz-u-leda-srbiji\/\"},\"author\":{\"name\":\"bosniak\",\"@id\":\"https:\/\/sandzakpress.net\/arhiva\/#\/schema\/person\/c8baee722073534b583ea7bdb2e36c02\"},\"headline\":\"Ne\u0107emo zabiti no\u017e u le\u0111a Srbiji\",\"datePublished\":\"2010-06-15T23:49:11+00:00\",\"dateModified\":\"2010-06-19T18:59:36+00:00\",\"mainEntityOfPage\":{\"@id\":\"https:\/\/sandzakpress.net\/arhiva\/necemo-zabiti-noz-u-leda-srbiji\/\"},\"wordCount\":279,\"commentCount\":36,\"publisher\":{\"@id\":\"https:\/\/sandzakpress.net\/arhiva\/#\/schema\/person\/6e72b67d6e51910a1117b3b483ba20bd\"},\"image\":{\"@id\":\"https:\/\/sandzakpress.net\/arhiva\/necemo-zabiti-noz-u-leda-srbiji\/#primaryimage\"},\"thumbnailUrl\":\"https:\/\/sandzakpress.net\/arhiva\/wp-content\/uploads\/2010\/06\/zukorlic3.jpg\",\"articleSection\":[\"Novi Pazar\",\"Politika\",\"Sjenica\",\"Tutin\",\"Prijepolje\",\"Priboj\",\"Nova Varo\u0161\"],\"inLanguage\":\"bs-BA\",\"potentialAction\":[{\"@type\":\"CommentAction\",\"name\":\"Comment\",\"target\":[\"https:\/\/sandzakpress.net\/arhiva\/necemo-zabiti-noz-u-leda-srbiji\/#respond\"]}]},{\"@type\":\"WebPage\",\"@id\":\"https:\/\/sandzakpress.net\/arhiva\/necemo-zabiti-noz-u-leda-srbiji\/\",\"url\":\"https:\/\/sandzakpress.net\/arhiva\/necemo-zabiti-noz-u-leda-srbiji\/\",\"name\":\"Ne\u0107emo zabiti no\u017e u le\u0111a Srbiji\",\"isPartOf\":{\"@id\":\"https:\/\/sandzakpress.net\/arhiva\/#website\"},\"primaryImageOfPage\":{\"@id\":\"https:\/\/sandzakpress.net\/arhiva\/necemo-zabiti-noz-u-leda-srbiji\/#primaryimage\"},\"image\":{\"@id\":\"https:\/\/sandzakpress.net\/arhiva\/necemo-zabiti-noz-u-leda-srbiji\/#primaryimage\"},\"thumbnailUrl\":\"https:\/\/sandzakpress.net\/arhiva\/wp-content\/uploads\/2010\/06\/zukorlic3.jpg\",\"datePublished\":\"2010-06-15T23:49:11+00:00\",\"dateModified\":\"2010-06-19T18:59:36+00:00\",\"breadcrumb\":{\"@id\":\"https:\/\/sandzakpress.net\/arhiva\/necemo-zabiti-noz-u-leda-srbiji\/#breadcrumb\"},\"inLanguage\":\"bs-BA\",\"potentialAction\":[{\"@type\":\"ReadAction\",\"target\":[\"https:\/\/sandzakpress.net\/arhiva\/necemo-zabiti-noz-u-leda-srbiji\/\"]}]},{\"@type\":\"ImageObject\",\"inLanguage\":\"bs-BA\",\"@id\":\"https:\/\/sandzakpress.net\/arhiva\/necemo-zabiti-noz-u-leda-srbiji\/#primaryimage\",\"url\":\"https:\/\/sandzakpress.net\/arhiva\/wp-content\/uploads\/2010\/06\/zukorlic3.jpg\",\"contentUrl\":\"https:\/\/sandzakpress.net\/arhiva\/wp-content\/uploads\/2010\/06\/zukorlic3.jpg\",\"width\":250,\"height\":196},{\"@type\":\"BreadcrumbList\",\"@id\":\"https:\/\/sandzakpress.net\/arhiva\/necemo-zabiti-noz-u-leda-srbiji\/#breadcrumb\",\"itemListElement\":[{\"@type\":\"ListItem\",\"position\":1,\"name\":\"Home\",\"item\":\"https:\/\/sandzakpress.net\/arhiva\/\"},{\"@type\":\"ListItem\",\"position\":2,\"name\":\"Ne\u0107emo zabiti no\u017e u le\u0111a Srbiji\"}]},{\"@type\":\"WebSite\",\"@id\":\"https:\/\/sandzakpress.net\/arhiva\/#website\",\"url\":\"https:\/\/sandzakpress.net\/arhiva\/\",\"name\":\"Sand\u017eak PRESS\",\"description\":\"Prve elektronske novine u Sand\u017eaku\",\"publisher\":{\"@id\":\"https:\/\/sandzakpress.net\/arhiva\/#\/schema\/person\/6e72b67d6e51910a1117b3b483ba20bd\"},\"potentialAction\":[{\"@type\":\"SearchAction\",\"target\":{\"@type\":\"EntryPoint\",\"urlTemplate\":\"https:\/\/sandzakpress.net\/arhiva\/?s={search_term_string}\"},\"query-input\":{\"@type\":\"PropertyValueSpecification\",\"valueRequired\":true,\"valueName\":\"search_term_string\"}}],\"inLanguage\":\"bs-BA\"},{\"@type\":[\"Person\",\"Organization\"],\"@id\":\"https:\/\/sandzakpress.net\/arhiva\/#\/schema\/person\/6e72b67d6e51910a1117b3b483ba20bd\",\"name\":\"Kul\",\"image\":{\"@type\":\"ImageObject\",\"inLanguage\":\"bs-BA\",\"@id\":\"https:\/\/sandzakpress.net\/arhiva\/#\/schema\/person\/image\/\",\"url\":\"https:\/\/secure.gravatar.com\/avatar\/42263f39aa27ac04c43cab85c280eb2e?s=96&d=mm&r=pg\",\"contentUrl\":\"https:\/\/secure.gravatar.com\/avatar\/42263f39aa27ac04c43cab85c280eb2e?s=96&d=mm&r=pg\",\"caption\":\"Kul\"},\"logo\":{\"@id\":\"https:\/\/sandzakpress.net\/arhiva\/#\/schema\/person\/image\/\"}},{\"@type\":\"Person\",\"@id\":\"https:\/\/sandzakpress.net\/arhiva\/#\/schema\/person\/c8baee722073534b583ea7bdb2e36c02\",\"name\":\"bosniak\",\"image\":{\"@type\":\"ImageObject\",\"inLanguage\":\"bs-BA\",\"@id\":\"https:\/\/sandzakpress.net\/arhiva\/#\/schema\/person\/image\/\",\"url\":\"https:\/\/secure.gravatar.com\/avatar\/a04fd330bfe3a36a72a0ad4a6d89fca7?s=96&d=mm&r=pg\",\"contentUrl\":\"https:\/\/secure.gravatar.com\/avatar\/a04fd330bfe3a36a72a0ad4a6d89fca7?s=96&d=mm&r=pg\",\"caption\":\"bosniak\"},\"url\":\"https:\/\/sandzakpress.net\/arhiva\/author\/bosniak\/\"}]}<\/script>\n<!-- \/ Yoast SEO Premium plugin. -->","yoast_head_json":{"title":"Ne\u0107emo zabiti no\u017e u le\u0111a Srbiji","robots":{"index":"index","follow":"follow","max-snippet":"max-snippet:-1","max-image-preview":"max-image-preview:large","max-video-preview":"max-video-preview:-1"},"canonical":"https:\/\/sandzakpress.net\/arhiva\/necemo-zabiti-noz-u-leda-srbiji\/","og_locale":"bs_BA","og_type":"article","og_title":"Ne\u0107emo zabiti no\u017e u le\u0111a Srbiji","og_description":"Srbija &#8211; Glavni muftija Islamske zajednice u Srbiji muftija Muamer Zukorli\u0107 izjavio je da njegova Bo\u0161nja\u010dka kulturna zajednica (BKZ), koja je osvojila najvi\u0161e mandata posle izbora za Nacionalni savjet Bo\u0161njaka, ne \u017eeli destabilizaciju Sand\u017eaka niti da zabije no\u017e u le\u0111a Srbiji. &#8220;Te\u0161ko mi pada da stalno dokazujem da ne \u017eelim destabilizaciju. Nisam od ju\u010der, jer [&hellip;]","og_url":"https:\/\/sandzakpress.net\/arhiva\/necemo-zabiti-noz-u-leda-srbiji\/","og_site_name":"Sand\u017eak PRESS","article_published_time":"2010-06-15T23:49:11+00:00","article_modified_time":"2010-06-19T18:59:36+00:00","og_image":[{"width":250,"height":196,"url":"https:\/\/sandzakpress.net\/arhiva\/wp-content\/uploads\/2010\/06\/zukorlic3.jpg","type":"image\/jpeg"}],"author":"bosniak","twitter_card":"summary_large_image","twitter_misc":{"Written by":"bosniak","Est. reading time":"1 minuta"},"schema":{"@context":"https:\/\/schema.org","@graph":[{"@type":"Article","@id":"https:\/\/sandzakpress.net\/arhiva\/necemo-zabiti-noz-u-leda-srbiji\/#article","isPartOf":{"@id":"https:\/\/sandzakpress.net\/arhiva\/necemo-zabiti-noz-u-leda-srbiji\/"},"author":{"name":"bosniak","@id":"https:\/\/sandzakpress.net\/arhiva\/#\/schema\/person\/c8baee722073534b583ea7bdb2e36c02"},"headline":"Ne\u0107emo zabiti no\u017e u le\u0111a Srbiji","datePublished":"2010-06-15T23:49:11+00:00","dateModified":"2010-06-19T18:59:36+00:00","mainEntityOfPage":{"@id":"https:\/\/sandzakpress.net\/arhiva\/necemo-zabiti-noz-u-leda-srbiji\/"},"wordCount":279,"commentCount":36,"publisher":{"@id":"https:\/\/sandzakpress.net\/arhiva\/#\/schema\/person\/6e72b67d6e51910a1117b3b483ba20bd"},"image":{"@id":"https:\/\/sandzakpress.net\/arhiva\/necemo-zabiti-noz-u-leda-srbiji\/#primaryimage"},"thumbnailUrl":"https:\/\/sandzakpress.net\/arhiva\/wp-content\/uploads\/2010\/06\/zukorlic3.jpg","articleSection":["Novi Pazar","Politika","Sjenica","Tutin","Prijepolje","Priboj","Nova Varo\u0161"],"inLanguage":"bs-BA","potentialAction":[{"@type":"CommentAction","name":"Comment","target":["https:\/\/sandzakpress.net\/arhiva\/necemo-zabiti-noz-u-leda-srbiji\/#respond"]}]},{"@type":"WebPage","@id":"https:\/\/sandzakpress.net\/arhiva\/necemo-zabiti-noz-u-leda-srbiji\/","url":"https:\/\/sandzakpress.net\/arhiva\/necemo-zabiti-noz-u-leda-srbiji\/","name":"Ne\u0107emo zabiti no\u017e u le\u0111a Srbiji","isPartOf":{"@id":"https:\/\/sandzakpress.net\/arhiva\/#website"},"primaryImageOfPage":{"@id":"https:\/\/sandzakpress.net\/arhiva\/necemo-zabiti-noz-u-leda-srbiji\/#primaryimage"},"image":{"@id":"https:\/\/sandzakpress.net\/arhiva\/necemo-zabiti-noz-u-leda-srbiji\/#primaryimage"},"thumbnailUrl":"https:\/\/sandzakpress.net\/arhiva\/wp-content\/uploads\/2010\/06\/zukorlic3.jpg","datePublished":"2010-06-15T23:49:11+00:00","dateModified":"2010-06-19T18:59:36+00:00","breadcrumb":{"@id":"https:\/\/sandzakpress.net\/arhiva\/necemo-zabiti-noz-u-leda-srbiji\/#breadcrumb"},"inLanguage":"bs-BA","potentialAction":[{"@type":"ReadAction","target":["https:\/\/sandzakpress.net\/arhiva\/necemo-zabiti-noz-u-leda-srbiji\/"]}]},{"@type":"ImageObject","inLanguage":"bs-BA","@id":"https:\/\/sandzakpress.net\/arhiva\/necemo-zabiti-noz-u-leda-srbiji\/#primaryimage","url":"https:\/\/sandzakpress.net\/arhiva\/wp-content\/uploads\/2010\/06\/zukorlic3.jpg","contentUrl":"https:\/\/sandzakpress.net\/arhiva\/wp-content\/uploads\/2010\/06\/zukorlic3.jpg","width":250,"height":196},{"@type":"BreadcrumbList","@id":"https:\/\/sandzakpress.net\/arhiva\/necemo-zabiti-noz-u-leda-srbiji\/#breadcrumb","itemListElement":[{"@type":"ListItem","position":1,"name":"Home","item":"https:\/\/sandzakpress.net\/arhiva\/"},{"@type":"ListItem","position":2,"name":"Ne\u0107emo zabiti no\u017e u le\u0111a Srbiji"}]},{"@type":"WebSite","@id":"https:\/\/sandzakpress.net\/arhiva\/#website","url":"https:\/\/sandzakpress.net\/arhiva\/","name":"Sand\u017eak PRESS","description":"Prve elektronske novine u Sand\u017eaku","publisher":{"@id":"https:\/\/sandzakpress.net\/arhiva\/#\/schema\/person\/6e72b67d6e51910a1117b3b483ba20bd"},"potentialAction":[{"@type":"SearchAction","target":{"@type":"EntryPoint","urlTemplate":"https:\/\/sandzakpress.net\/arhiva\/?s={search_term_string}"},"query-input":{"@type":"PropertyValueSpecification","valueRequired":true,"valueName":"search_term_string"}}],"inLanguage":"bs-BA"},{"@type":["Person","Organization"],"@id":"https:\/\/sandzakpress.net\/arhiva\/#\/schema\/person\/6e72b67d6e51910a1117b3b483ba20bd","name":"Kul","image":{"@type":"ImageObject","inLanguage":"bs-BA","@id":"https:\/\/sandzakpress.net\/arhiva\/#\/schema\/person\/image\/","url":"https:\/\/secure.gravatar.com\/avatar\/42263f39aa27ac04c43cab85c280eb2e?s=96&d=mm&r=pg","contentUrl":"https:\/\/secure.gravatar.com\/avatar\/42263f39aa27ac04c43cab85c280eb2e?s=96&d=mm&r=pg","caption":"Kul"},"logo":{"@id":"https:\/\/sandzakpress.net\/arhiva\/#\/schema\/person\/image\/"}},{"@type":"Person","@id":"https:\/\/sandzakpress.net\/arhiva\/#\/schema\/person\/c8baee722073534b583ea7bdb2e36c02","name":"bosniak","image":{"@type":"ImageObject","inLanguage":"bs-BA","@id":"https:\/\/sandzakpress.net\/arhiva\/#\/schema\/person\/image\/","url":"https:\/\/secure.gravatar.com\/avatar\/a04fd330bfe3a36a72a0ad4a6d89fca7?s=96&d=mm&r=pg","contentUrl":"https:\/\/secure.gravatar.com\/avatar\/a04fd330bfe3a36a72a0ad4a6d89fca7?s=96&d=mm&r=pg","caption":"bosniak"},"url":"https:\/\/sandzakpress.net\/arhiva\/author\/bosniak\/"}]}},"_links":{"self":[{"href":"https:\/\/sandzakpress.net\/arhiva\/wp-json\/wp\/v2\/posts\/4777"}],"collection":[{"href":"https:\/\/sandzakpress.net\/arhiva\/wp-json\/wp\/v2\/posts"}],"about":[{"href":"https:\/\/sandzakpress.net\/arhiva\/wp-json\/wp\/v2\/types\/post"}],"author":[{"embeddable":true,"href":"https:\/\/sandzakpress.net\/arhiva\/wp-json\/wp\/v2\/users\/83"}],"replies":[{"embeddable":true,"href":"https:\/\/sandzakpress.net\/arhiva\/wp-json\/wp\/v2\/comments?post=4777"}],"version-history":[{"count":0,"href":"https:\/\/sandzakpress.net\/arhiva\/wp-json\/wp\/v2\/posts\/4777\/revisions"}],"wp:featuredmedia":[{"embeddable":true,"href":"https:\/\/sandzakpress.net\/arhiva\/wp-json\/wp\/v2\/media\/4778"}],"wp:attachment":[{"href":"https:\/\/sandzakpress.net\/arhiva\/wp-json\/wp\/v2\/media?parent=4777"}],"wp:term":[{"taxonomy":"category","embeddable":true,"href":"https:\/\/sandzakpress.net\/arhiva\/wp-json\/wp\/v2\/categories?post=4777"},{"taxonomy":"post_tag","embeddable":true,"href":"https:\/\/sandzakpress.net\/arhiva\/wp-json\/wp\/v2\/tags?post=4777"}],"curies":[{"name":"wp","href":"https:\/\/api.w.org\/{rel}","templated":true}]}}