{"id":47743,"date":"2012-08-14T08:31:13","date_gmt":"2012-08-14T06:31:13","guid":{"rendered":"https:\/\/sandzakpress.net\/arhiva\/?p=47743"},"modified":"2012-08-14T15:08:26","modified_gmt":"2012-08-14T13:08:26","slug":"muftija-zukorlic-acif-efendija-je-nas-heroj","status":"publish","type":"post","link":"https:\/\/sandzakpress.net\/arhiva\/muftija-zukorlic-acif-efendija-je-nas-heroj\/","title":{"rendered":"Muftija Zukorli\u0107: &#8220;A\u0107if efendija je na\u0161 heroj&#8221;"},"content":{"rendered":"<p><strong><a href=\"https:\/\/sandzakpress.net\/arhiva\/wp-content\/uploads\/2012\/08\/festival_islama_np_2012_15.jpg\"><img loading=\"lazy\" decoding=\"async\" class=\"alignleft size-medium wp-image-47744\" title=\"festival_islama_np_2012_15\" src=\"https:\/\/sandzakpress.net\/arhiva\/wp-content\/uploads\/2012\/08\/festival_islama_np_2012_15-300x199.jpg\" alt=\"\" width=\"300\" height=\"199\" \/><\/a>Novi Pazar &#8211; Glavni muftija Muamer ef. Zukorli\u0107 obra\u0107aju\u0107i se na Trgu Gazi Isa-bega Ishakovi\u0107a na manifestaciji \u201eFestival islama 2012\u201c kazao je da je u tradiciji Bo\u0161njaka dobro\u010dinstvo, ali su Bo\u0161njaci zbog svojeg dobro\u010dinstva stradali i do\u017eivljavali genocide. On je jasno i glasno istakao da je A\u0107if efendija na\u0161 heroj i branitelj na\u0161ega grada. <!--more--><\/strong><\/p>\n<p>\u201eNije dobro da se bude toliko dobar da bi se stradalo. Mi smo dobri i Bo\u0161njaci nemaju ni\u0161ta sa niti jednom totalitarnom ideologijim. \u017delim da podvu\u010dem da su Bo\u0161njaci jedini narod u Evropi koji nikada nije imao fa\u0161isti\u010dku niti bilo koju srodnu ideologiju. Jedini narod koji nikada nije imao fa\u0161isti\u010dki pokret, i u doba pojave fa\u0161isti\u010dkog pokreta niti danas u bilo kom obliku neo fa\u0161izma i neo nacizma. Svaki poku\u0161aj da se to Bo\u0161njacima spo\u010ditava je izmi\u0161lotina i nije osnovano. \u017delim da istaknem da je A\u0107if efendija na\u0161 heroj. A\u0107if efendija je organizovao odbranu ovoga grada od \u010detnika. Da nije bilo te odbrane broj Bo\u0161njaka bi danas bio kao u Priboju, Novoj Varo\u0161i i Pljevljima. To dobro mu nikada ne\u0107emo zaboraviti i ne\u0107emo prihvatiti ni od koga da \u010dine ono \u0161to su \u010dinili decenijama. Uvijek je postojao poku\u0161aj da ekstremisti\u010dki pokreti u srpskom i hrvatskom narodu, kao \u0161to su bili \u010detnici i usta\u0161e, da se na\u0111e neko u bo\u0161nja\u010dkom narodu pa da se eto i mi stavimo na tas vage. Mi to u na\u0161oj tradiciji nemamo. A ono \u0161to se de\u0161avalo u Sand\u017eaku i Novom Pazaru, ako postoje neki elementi kolaboracije sa njema\u010dkim okupatorom svi znaju, i prijatelji i neprijatelji da nije bilo niti jednog elementa ideolo\u0161ke kolaboracije, ve\u0107 da se radilo o najnu\u017enijem pre\u017eivljavanju gdje su se na\u0161i prvaci na \u010delu sa A\u0107if efendijom borili svim mogu\u0107im sredstvima da ovaj narod sa\u010duvaju. U tome su uspijeli i neka im je halal, i neka im je mubarek i vje\u010dno \u0107emo im za to biti zahvalni. A oni koji se odri\u010du A\u0107if efendije, oni sa nama nemaju ni\u0161ta. Oni su se odrkli i na\u0161e vjere, oni su se odrekli i na\u0161e kulture, i na\u0161e nacije, i na\u0161e tradicije, ja o njima u ovoj mubarek ve\u010deri ne \u017eelim ni\u0161ta da govorim.\u201c &#8211; rekao je Glavni muftija.<\/p>\n<p style=\"text-align: center;\"><object classid=\"clsid:d27cdb6e-ae6d-11cf-96b8-444553540000\" width=\"420\" height=\"315\" codebase=\"http:\/\/download.macromedia.com\/pub\/shockwave\/cabs\/flash\/swflash.cab#version=6,0,40,0\"><param name=\"allowFullScreen\" value=\"true\" \/><param name=\"allowscriptaccess\" value=\"always\" \/><param name=\"src\" value=\"http:\/\/www.youtube.com\/v\/IlH917NwfSE?version=3&amp;hl=en_US\" \/><param name=\"allowfullscreen\" value=\"true\" \/><embed type=\"application\/x-shockwave-flash\" width=\"420\" height=\"315\" src=\"http:\/\/www.youtube.com\/v\/IlH917NwfSE?version=3&amp;hl=en_US\" allowscriptaccess=\"always\" allowfullscreen=\"true\"><\/embed><\/object><\/p>\n<p style=\"text-align: left;\">(Me\u0161ihat)<\/p>\n","protected":false},"excerpt":{"rendered":"<p>Novi Pazar &#8211; Glavni muftija Muamer ef. Zukorli\u0107 obra\u0107aju\u0107i se na Trgu Gazi Isa-bega Ishakovi\u0107a na manifestaciji \u201eFestival islama 2012\u201c kazao je da je u tradiciji Bo\u0161njaka dobro\u010dinstvo, ali su Bo\u0161njaci zbog svojeg dobro\u010dinstva stradali i do\u017eivljavali genocide. On je jasno i glasno istakao da je A\u0107if efendija na\u0161 heroj i branitelj na\u0161ega grada.<\/p>\n","protected":false},"author":83,"featured_media":47744,"comment_status":"open","ping_status":"open","sticky":false,"template":"","format":"standard","meta":{"footnotes":""},"categories":[72,800,8957],"tags":[],"class_list":{"0":"post-47743","1":"post","2":"type-post","3":"status-publish","4":"format-standard","5":"has-post-thumbnail","7":"category-novi-pazar","8":"category-nacija","9":"category-vijesti-dana"},"yoast_head":"<!-- This site is optimized with the Yoast SEO Premium plugin v23.1 (Yoast SEO v24.9) - https:\/\/yoast.com\/wordpress\/plugins\/seo\/ -->\n<title>Muftija Zukorli\u0107: &quot;A\u0107if efendija je na\u0161 heroj&quot;<\/title>\n<meta name=\"robots\" content=\"index, follow, max-snippet:-1, max-image-preview:large, max-video-preview:-1\" \/>\n<link rel=\"canonical\" href=\"https:\/\/sandzakpress.net\/arhiva\/muftija-zukorlic-acif-efendija-je-nas-heroj\/\" \/>\n<meta property=\"og:locale\" content=\"bs_BA\" \/>\n<meta property=\"og:type\" content=\"article\" \/>\n<meta property=\"og:title\" content=\"Muftija Zukorli\u0107: &quot;A\u0107if efendija je na\u0161 heroj&quot;\" \/>\n<meta property=\"og:description\" content=\"Novi Pazar &#8211; Glavni muftija Muamer ef. Zukorli\u0107 obra\u0107aju\u0107i se na Trgu Gazi Isa-bega Ishakovi\u0107a na manifestaciji \u201eFestival islama 2012\u201c kazao je da je u tradiciji Bo\u0161njaka dobro\u010dinstvo, ali su Bo\u0161njaci zbog svojeg dobro\u010dinstva stradali i do\u017eivljavali genocide. On je jasno i glasno istakao da je A\u0107if efendija na\u0161 heroj i branitelj na\u0161ega grada.\" \/>\n<meta property=\"og:url\" content=\"https:\/\/sandzakpress.net\/arhiva\/muftija-zukorlic-acif-efendija-je-nas-heroj\/\" \/>\n<meta property=\"og:site_name\" content=\"Sand\u017eak PRESS\" \/>\n<meta property=\"article:published_time\" content=\"2012-08-14T06:31:13+00:00\" \/>\n<meta property=\"article:modified_time\" content=\"2012-08-14T13:08:26+00:00\" \/>\n<meta property=\"og:image\" content=\"https:\/\/sandzakpress.net\/arhiva\/wp-content\/uploads\/2012\/08\/festival_islama_np_2012_15.jpg\" \/>\n\t<meta property=\"og:image:width\" content=\"616\" \/>\n\t<meta property=\"og:image:height\" content=\"409\" \/>\n\t<meta property=\"og:image:type\" content=\"image\/jpeg\" \/>\n<meta name=\"author\" content=\"bosniak\" \/>\n<meta name=\"twitter:card\" content=\"summary_large_image\" \/>\n<meta name=\"twitter:label1\" content=\"Written by\" \/>\n\t<meta name=\"twitter:data1\" content=\"bosniak\" \/>\n\t<meta name=\"twitter:label2\" content=\"Est. reading time\" \/>\n\t<meta name=\"twitter:data2\" content=\"2 minute\" \/>\n<script type=\"application\/ld+json\" class=\"yoast-schema-graph\">{\"@context\":\"https:\/\/schema.org\",\"@graph\":[{\"@type\":\"Article\",\"@id\":\"https:\/\/sandzakpress.net\/arhiva\/muftija-zukorlic-acif-efendija-je-nas-heroj\/#article\",\"isPartOf\":{\"@id\":\"https:\/\/sandzakpress.net\/arhiva\/muftija-zukorlic-acif-efendija-je-nas-heroj\/\"},\"author\":{\"name\":\"bosniak\",\"@id\":\"https:\/\/sandzakpress.net\/arhiva\/#\/schema\/person\/c8baee722073534b583ea7bdb2e36c02\"},\"headline\":\"Muftija Zukorli\u0107: &#8220;A\u0107if efendija je na\u0161 heroj&#8221;\",\"datePublished\":\"2012-08-14T06:31:13+00:00\",\"dateModified\":\"2012-08-14T13:08:26+00:00\",\"mainEntityOfPage\":{\"@id\":\"https:\/\/sandzakpress.net\/arhiva\/muftija-zukorlic-acif-efendija-je-nas-heroj\/\"},\"wordCount\":425,\"commentCount\":32,\"publisher\":{\"@id\":\"https:\/\/sandzakpress.net\/arhiva\/#\/schema\/person\/6e72b67d6e51910a1117b3b483ba20bd\"},\"image\":{\"@id\":\"https:\/\/sandzakpress.net\/arhiva\/muftija-zukorlic-acif-efendija-je-nas-heroj\/#primaryimage\"},\"thumbnailUrl\":\"https:\/\/sandzakpress.net\/arhiva\/wp-content\/uploads\/2012\/08\/festival_islama_np_2012_15.jpg\",\"articleSection\":[\"Novi Pazar\",\"Nacija\",\"VIJESTI DANA\"],\"inLanguage\":\"bs-BA\",\"potentialAction\":[{\"@type\":\"CommentAction\",\"name\":\"Comment\",\"target\":[\"https:\/\/sandzakpress.net\/arhiva\/muftija-zukorlic-acif-efendija-je-nas-heroj\/#respond\"]}]},{\"@type\":\"WebPage\",\"@id\":\"https:\/\/sandzakpress.net\/arhiva\/muftija-zukorlic-acif-efendija-je-nas-heroj\/\",\"url\":\"https:\/\/sandzakpress.net\/arhiva\/muftija-zukorlic-acif-efendija-je-nas-heroj\/\",\"name\":\"Muftija Zukorli\u0107: \\\"A\u0107if efendija je na\u0161 heroj\\\"\",\"isPartOf\":{\"@id\":\"https:\/\/sandzakpress.net\/arhiva\/#website\"},\"primaryImageOfPage\":{\"@id\":\"https:\/\/sandzakpress.net\/arhiva\/muftija-zukorlic-acif-efendija-je-nas-heroj\/#primaryimage\"},\"image\":{\"@id\":\"https:\/\/sandzakpress.net\/arhiva\/muftija-zukorlic-acif-efendija-je-nas-heroj\/#primaryimage\"},\"thumbnailUrl\":\"https:\/\/sandzakpress.net\/arhiva\/wp-content\/uploads\/2012\/08\/festival_islama_np_2012_15.jpg\",\"datePublished\":\"2012-08-14T06:31:13+00:00\",\"dateModified\":\"2012-08-14T13:08:26+00:00\",\"breadcrumb\":{\"@id\":\"https:\/\/sandzakpress.net\/arhiva\/muftija-zukorlic-acif-efendija-je-nas-heroj\/#breadcrumb\"},\"inLanguage\":\"bs-BA\",\"potentialAction\":[{\"@type\":\"ReadAction\",\"target\":[\"https:\/\/sandzakpress.net\/arhiva\/muftija-zukorlic-acif-efendija-je-nas-heroj\/\"]}]},{\"@type\":\"ImageObject\",\"inLanguage\":\"bs-BA\",\"@id\":\"https:\/\/sandzakpress.net\/arhiva\/muftija-zukorlic-acif-efendija-je-nas-heroj\/#primaryimage\",\"url\":\"https:\/\/sandzakpress.net\/arhiva\/wp-content\/uploads\/2012\/08\/festival_islama_np_2012_15.jpg\",\"contentUrl\":\"https:\/\/sandzakpress.net\/arhiva\/wp-content\/uploads\/2012\/08\/festival_islama_np_2012_15.jpg\",\"width\":616,\"height\":409},{\"@type\":\"BreadcrumbList\",\"@id\":\"https:\/\/sandzakpress.net\/arhiva\/muftija-zukorlic-acif-efendija-je-nas-heroj\/#breadcrumb\",\"itemListElement\":[{\"@type\":\"ListItem\",\"position\":1,\"name\":\"Home\",\"item\":\"https:\/\/sandzakpress.net\/arhiva\/\"},{\"@type\":\"ListItem\",\"position\":2,\"name\":\"Muftija Zukorli\u0107: &#8220;A\u0107if efendija je na\u0161 heroj&#8221;\"}]},{\"@type\":\"WebSite\",\"@id\":\"https:\/\/sandzakpress.net\/arhiva\/#website\",\"url\":\"https:\/\/sandzakpress.net\/arhiva\/\",\"name\":\"Sand\u017eak PRESS\",\"description\":\"Prve elektronske novine u Sand\u017eaku\",\"publisher\":{\"@id\":\"https:\/\/sandzakpress.net\/arhiva\/#\/schema\/person\/6e72b67d6e51910a1117b3b483ba20bd\"},\"potentialAction\":[{\"@type\":\"SearchAction\",\"target\":{\"@type\":\"EntryPoint\",\"urlTemplate\":\"https:\/\/sandzakpress.net\/arhiva\/?s={search_term_string}\"},\"query-input\":{\"@type\":\"PropertyValueSpecification\",\"valueRequired\":true,\"valueName\":\"search_term_string\"}}],\"inLanguage\":\"bs-BA\"},{\"@type\":[\"Person\",\"Organization\"],\"@id\":\"https:\/\/sandzakpress.net\/arhiva\/#\/schema\/person\/6e72b67d6e51910a1117b3b483ba20bd\",\"name\":\"Kul\",\"image\":{\"@type\":\"ImageObject\",\"inLanguage\":\"bs-BA\",\"@id\":\"https:\/\/sandzakpress.net\/arhiva\/#\/schema\/person\/image\/\",\"url\":\"https:\/\/secure.gravatar.com\/avatar\/42263f39aa27ac04c43cab85c280eb2e?s=96&d=mm&r=pg\",\"contentUrl\":\"https:\/\/secure.gravatar.com\/avatar\/42263f39aa27ac04c43cab85c280eb2e?s=96&d=mm&r=pg\",\"caption\":\"Kul\"},\"logo\":{\"@id\":\"https:\/\/sandzakpress.net\/arhiva\/#\/schema\/person\/image\/\"}},{\"@type\":\"Person\",\"@id\":\"https:\/\/sandzakpress.net\/arhiva\/#\/schema\/person\/c8baee722073534b583ea7bdb2e36c02\",\"name\":\"bosniak\",\"image\":{\"@type\":\"ImageObject\",\"inLanguage\":\"bs-BA\",\"@id\":\"https:\/\/sandzakpress.net\/arhiva\/#\/schema\/person\/image\/\",\"url\":\"https:\/\/secure.gravatar.com\/avatar\/a04fd330bfe3a36a72a0ad4a6d89fca7?s=96&d=mm&r=pg\",\"contentUrl\":\"https:\/\/secure.gravatar.com\/avatar\/a04fd330bfe3a36a72a0ad4a6d89fca7?s=96&d=mm&r=pg\",\"caption\":\"bosniak\"},\"url\":\"https:\/\/sandzakpress.net\/arhiva\/author\/bosniak\/\"}]}<\/script>\n<!-- \/ Yoast SEO Premium plugin. -->","yoast_head_json":{"title":"Muftija Zukorli\u0107: \"A\u0107if efendija je na\u0161 heroj\"","robots":{"index":"index","follow":"follow","max-snippet":"max-snippet:-1","max-image-preview":"max-image-preview:large","max-video-preview":"max-video-preview:-1"},"canonical":"https:\/\/sandzakpress.net\/arhiva\/muftija-zukorlic-acif-efendija-je-nas-heroj\/","og_locale":"bs_BA","og_type":"article","og_title":"Muftija Zukorli\u0107: \"A\u0107if efendija je na\u0161 heroj\"","og_description":"Novi Pazar &#8211; Glavni muftija Muamer ef. Zukorli\u0107 obra\u0107aju\u0107i se na Trgu Gazi Isa-bega Ishakovi\u0107a na manifestaciji \u201eFestival islama 2012\u201c kazao je da je u tradiciji Bo\u0161njaka dobro\u010dinstvo, ali su Bo\u0161njaci zbog svojeg dobro\u010dinstva stradali i do\u017eivljavali genocide. On je jasno i glasno istakao da je A\u0107if efendija na\u0161 heroj i branitelj na\u0161ega grada.","og_url":"https:\/\/sandzakpress.net\/arhiva\/muftija-zukorlic-acif-efendija-je-nas-heroj\/","og_site_name":"Sand\u017eak PRESS","article_published_time":"2012-08-14T06:31:13+00:00","article_modified_time":"2012-08-14T13:08:26+00:00","og_image":[{"width":616,"height":409,"url":"https:\/\/sandzakpress.net\/arhiva\/wp-content\/uploads\/2012\/08\/festival_islama_np_2012_15.jpg","type":"image\/jpeg"}],"author":"bosniak","twitter_card":"summary_large_image","twitter_misc":{"Written by":"bosniak","Est. reading time":"2 minute"},"schema":{"@context":"https:\/\/schema.org","@graph":[{"@type":"Article","@id":"https:\/\/sandzakpress.net\/arhiva\/muftija-zukorlic-acif-efendija-je-nas-heroj\/#article","isPartOf":{"@id":"https:\/\/sandzakpress.net\/arhiva\/muftija-zukorlic-acif-efendija-je-nas-heroj\/"},"author":{"name":"bosniak","@id":"https:\/\/sandzakpress.net\/arhiva\/#\/schema\/person\/c8baee722073534b583ea7bdb2e36c02"},"headline":"Muftija Zukorli\u0107: &#8220;A\u0107if efendija je na\u0161 heroj&#8221;","datePublished":"2012-08-14T06:31:13+00:00","dateModified":"2012-08-14T13:08:26+00:00","mainEntityOfPage":{"@id":"https:\/\/sandzakpress.net\/arhiva\/muftija-zukorlic-acif-efendija-je-nas-heroj\/"},"wordCount":425,"commentCount":32,"publisher":{"@id":"https:\/\/sandzakpress.net\/arhiva\/#\/schema\/person\/6e72b67d6e51910a1117b3b483ba20bd"},"image":{"@id":"https:\/\/sandzakpress.net\/arhiva\/muftija-zukorlic-acif-efendija-je-nas-heroj\/#primaryimage"},"thumbnailUrl":"https:\/\/sandzakpress.net\/arhiva\/wp-content\/uploads\/2012\/08\/festival_islama_np_2012_15.jpg","articleSection":["Novi Pazar","Nacija","VIJESTI DANA"],"inLanguage":"bs-BA","potentialAction":[{"@type":"CommentAction","name":"Comment","target":["https:\/\/sandzakpress.net\/arhiva\/muftija-zukorlic-acif-efendija-je-nas-heroj\/#respond"]}]},{"@type":"WebPage","@id":"https:\/\/sandzakpress.net\/arhiva\/muftija-zukorlic-acif-efendija-je-nas-heroj\/","url":"https:\/\/sandzakpress.net\/arhiva\/muftija-zukorlic-acif-efendija-je-nas-heroj\/","name":"Muftija Zukorli\u0107: \"A\u0107if efendija je na\u0161 heroj\"","isPartOf":{"@id":"https:\/\/sandzakpress.net\/arhiva\/#website"},"primaryImageOfPage":{"@id":"https:\/\/sandzakpress.net\/arhiva\/muftija-zukorlic-acif-efendija-je-nas-heroj\/#primaryimage"},"image":{"@id":"https:\/\/sandzakpress.net\/arhiva\/muftija-zukorlic-acif-efendija-je-nas-heroj\/#primaryimage"},"thumbnailUrl":"https:\/\/sandzakpress.net\/arhiva\/wp-content\/uploads\/2012\/08\/festival_islama_np_2012_15.jpg","datePublished":"2012-08-14T06:31:13+00:00","dateModified":"2012-08-14T13:08:26+00:00","breadcrumb":{"@id":"https:\/\/sandzakpress.net\/arhiva\/muftija-zukorlic-acif-efendija-je-nas-heroj\/#breadcrumb"},"inLanguage":"bs-BA","potentialAction":[{"@type":"ReadAction","target":["https:\/\/sandzakpress.net\/arhiva\/muftija-zukorlic-acif-efendija-je-nas-heroj\/"]}]},{"@type":"ImageObject","inLanguage":"bs-BA","@id":"https:\/\/sandzakpress.net\/arhiva\/muftija-zukorlic-acif-efendija-je-nas-heroj\/#primaryimage","url":"https:\/\/sandzakpress.net\/arhiva\/wp-content\/uploads\/2012\/08\/festival_islama_np_2012_15.jpg","contentUrl":"https:\/\/sandzakpress.net\/arhiva\/wp-content\/uploads\/2012\/08\/festival_islama_np_2012_15.jpg","width":616,"height":409},{"@type":"BreadcrumbList","@id":"https:\/\/sandzakpress.net\/arhiva\/muftija-zukorlic-acif-efendija-je-nas-heroj\/#breadcrumb","itemListElement":[{"@type":"ListItem","position":1,"name":"Home","item":"https:\/\/sandzakpress.net\/arhiva\/"},{"@type":"ListItem","position":2,"name":"Muftija Zukorli\u0107: &#8220;A\u0107if efendija je na\u0161 heroj&#8221;"}]},{"@type":"WebSite","@id":"https:\/\/sandzakpress.net\/arhiva\/#website","url":"https:\/\/sandzakpress.net\/arhiva\/","name":"Sand\u017eak PRESS","description":"Prve elektronske novine u Sand\u017eaku","publisher":{"@id":"https:\/\/sandzakpress.net\/arhiva\/#\/schema\/person\/6e72b67d6e51910a1117b3b483ba20bd"},"potentialAction":[{"@type":"SearchAction","target":{"@type":"EntryPoint","urlTemplate":"https:\/\/sandzakpress.net\/arhiva\/?s={search_term_string}"},"query-input":{"@type":"PropertyValueSpecification","valueRequired":true,"valueName":"search_term_string"}}],"inLanguage":"bs-BA"},{"@type":["Person","Organization"],"@id":"https:\/\/sandzakpress.net\/arhiva\/#\/schema\/person\/6e72b67d6e51910a1117b3b483ba20bd","name":"Kul","image":{"@type":"ImageObject","inLanguage":"bs-BA","@id":"https:\/\/sandzakpress.net\/arhiva\/#\/schema\/person\/image\/","url":"https:\/\/secure.gravatar.com\/avatar\/42263f39aa27ac04c43cab85c280eb2e?s=96&d=mm&r=pg","contentUrl":"https:\/\/secure.gravatar.com\/avatar\/42263f39aa27ac04c43cab85c280eb2e?s=96&d=mm&r=pg","caption":"Kul"},"logo":{"@id":"https:\/\/sandzakpress.net\/arhiva\/#\/schema\/person\/image\/"}},{"@type":"Person","@id":"https:\/\/sandzakpress.net\/arhiva\/#\/schema\/person\/c8baee722073534b583ea7bdb2e36c02","name":"bosniak","image":{"@type":"ImageObject","inLanguage":"bs-BA","@id":"https:\/\/sandzakpress.net\/arhiva\/#\/schema\/person\/image\/","url":"https:\/\/secure.gravatar.com\/avatar\/a04fd330bfe3a36a72a0ad4a6d89fca7?s=96&d=mm&r=pg","contentUrl":"https:\/\/secure.gravatar.com\/avatar\/a04fd330bfe3a36a72a0ad4a6d89fca7?s=96&d=mm&r=pg","caption":"bosniak"},"url":"https:\/\/sandzakpress.net\/arhiva\/author\/bosniak\/"}]}},"_links":{"self":[{"href":"https:\/\/sandzakpress.net\/arhiva\/wp-json\/wp\/v2\/posts\/47743"}],"collection":[{"href":"https:\/\/sandzakpress.net\/arhiva\/wp-json\/wp\/v2\/posts"}],"about":[{"href":"https:\/\/sandzakpress.net\/arhiva\/wp-json\/wp\/v2\/types\/post"}],"author":[{"embeddable":true,"href":"https:\/\/sandzakpress.net\/arhiva\/wp-json\/wp\/v2\/users\/83"}],"replies":[{"embeddable":true,"href":"https:\/\/sandzakpress.net\/arhiva\/wp-json\/wp\/v2\/comments?post=47743"}],"version-history":[{"count":0,"href":"https:\/\/sandzakpress.net\/arhiva\/wp-json\/wp\/v2\/posts\/47743\/revisions"}],"wp:featuredmedia":[{"embeddable":true,"href":"https:\/\/sandzakpress.net\/arhiva\/wp-json\/wp\/v2\/media\/47744"}],"wp:attachment":[{"href":"https:\/\/sandzakpress.net\/arhiva\/wp-json\/wp\/v2\/media?parent=47743"}],"wp:term":[{"taxonomy":"category","embeddable":true,"href":"https:\/\/sandzakpress.net\/arhiva\/wp-json\/wp\/v2\/categories?post=47743"},{"taxonomy":"post_tag","embeddable":true,"href":"https:\/\/sandzakpress.net\/arhiva\/wp-json\/wp\/v2\/tags?post=47743"}],"curies":[{"name":"wp","href":"https:\/\/api.w.org\/{rel}","templated":true}]}}