{"id":4762,"date":"2010-06-15T23:27:57","date_gmt":"2010-06-15T23:27:57","guid":{"rendered":"https:\/\/sandzakpress.net\/arhiva\/?p=4762"},"modified":"2010-06-19T18:53:18","modified_gmt":"2010-06-19T18:53:18","slug":"sjenicko-vece-u-sarajevskom-holivudu","status":"publish","type":"post","link":"https:\/\/sandzakpress.net\/arhiva\/sjenicko-vece-u-sarajevskom-holivudu\/","title":{"rendered":"Sjeni\u010dko ve\u010de u sarajevskom Holivudu"},"content":{"rendered":"<p><strong><a href=\"https:\/\/sandzakpress.net\/arhiva\/wp-content\/uploads\/2010\/06\/DSC_0120.jpg\"><img loading=\"lazy\" decoding=\"async\" class=\"alignleft size-medium wp-image-4763\" title=\"DSC_0120\" src=\"https:\/\/sandzakpress.net\/arhiva\/wp-content\/uploads\/2010\/06\/DSC_0120-300x199.jpg\" alt=\"\" width=\"300\" height=\"199\" \/><\/a>Sjenica &#8211; \u201eSjenica u srcu\u201c bila je moto okupljanja oko 500 Sand\u017eaklija koji \u017eive u Sarajevu.\u00a0 Pod pokroviteljstvom firme \u201eDuljevi\u0107\u201c, 12. juna 2010. godine okupili su se Sand\u017eaklije koji \u017eive u Sarajevu i cijeloj Bosni na sve\u010danosti pod nazivom \u201eSjeni\u010dko ve\u010de\u201c. Udru\u017eenje gra\u0111ana porijeklom iz Sand\u017eaka djeluje sa 12 ispostava. Ovaj skup ispostave Sjenica u Sarajevu bio je prvi poslije deset godina.<\/strong><\/p>\n<p>Ova sve\u010danost bila je druga\u010dija od prethodnih zbog prisustva predstavnika Islamske zajednice. Na poziv organizatora skupu se odazvao glavni muftija Muamer-ef. Zukorli\u0107 sa saradnicima Emirom Elfi\u0107em &#8211; generalnim direktorom TV Universa i Seadom \u0160a\u0107irovi\u0107em &#8211; glavnim i odgovornim urednikom \u201eGlasa islama\u201c.<\/p>\n<p>Prisustvovali su tako\u0111er i predstavnici op\u0161tinske vlasti iz Sjenice: predsjednik Muriz Turkovi\u0107, potpredsjednik Mensur Gi\u010devi\u0107, predsjednik Skup\u0161tine Harun Hajradinovi\u0107, predsjednik stranke Narodni pokret Sand\u017eaka D\u017eemail Suljevi\u0107, predstavnik Zajednice sand\u017ea\u010dke dijaspore za Zapadnu Evropu Ahmed Ahmatovi\u0107, zatim ratni ministar u Vladi BiH Avdo Hebib, predsjednik Zlatnih ljiljana general D\u017eevad Rad\u017ea, poznati glumac Josip Pejakovi\u0107, kao mnogi ugledni bosanski privrednici porijeklom iz Sand\u017eaka.<br \/>\nSkup je otvorio predsjednik podru\u017enice Sjenica pri Udru\u017eenju gra\u0111ana porijeklom iz Sand\u017eaka dr. Rasim Lakota. Nakon selama koje je uputio gostima iz Sand\u017eaka, dr. Lakota je kazao da poslije vi\u0161e godina pauze ovo udru\u017eenje ponovo prire\u0111uje okupljanje u cilju afirmacije kvaliteta koje posjeduju Sand\u017eaklije koji \u017eive u Sarajevu.<br \/>\nPotom se obratio glavni muftija Muamer-ef. Zukorli\u0107 koji nije krio odu\u0161evljenje \u0161to se nalazi na mjestu gdje se ljudi okupljaju bez ikakvih interesa radi dru\u017eenja i u\u010dvr\u0161\u0107ivanja rodbinskih veza.<br \/>\nMuftija je naglasio da su Bo\u0161njaci jedini narod u Evropi koji ne u\u017eivaju blagodati nacionalne dr\u017eave, kao i da se vjera i kultura jednog naroda ne mogu odvojiti.<br \/>\n\u201eSvi narodi svijeta ili ve\u0107ina njih je uspjela na\u0107i dio tog \u0107ilima kroz nacionalne dr\u017eave i na taj na\u010din obezbijediti opstanak svog nacionalnog i kulturnog identiteta, bez velikog rizika za svoju budu\u0107nost i za svoje posebnosti. Mi Bo\u0161njaci smo jedini narod u Evropi koji nije u mogu\u0107nosti da u\u017eiva blagodati svoje nacionalne dr\u017eave.<br \/>\nOnaj koji nema dobar krov nad glavom mora imati dodatne mehanizme, poseban imunitet i snagu pre\u017eivjeti sve te polupane pend\u017eere, promahe i nedostatke kako bi opstao. Jako je te\u0161ko odr\u017eati te rezervne potencijale. Bo\u0161njaci su prinu\u0111eni na to i nemaju posebno mogu\u0107nosti izbora. Zato je okretanje ka vjeri i duhovnosti neosporni temelj opstajanja svake kulture. Nasilje je poku\u0161avati odvojiti duhovnost i kulturni identitet. To se u civilizovanom svijetu ne radi. Ali se to Bo\u0161njacima \u010desto de\u0161ava, posebno sa pozicija unutar Bo\u0161njaka\u201c, kazao je Muftija.<br \/>\nU svom obra\u0107anju Muftija je kazao da se Bo\u0161njaci mogu ponositi svojim duhovnim kapacitetima, te da preuzimanje modela koji nisu nama svojstveni vode u propast.<br \/>\n\u201eBo\u0161njaci nemaju razloga libiti se svojih duhovnih kapaciteta i da poku\u0161avamo preuzeti neke modele koji nisu na\u0161i i nama svojstveni kako bi na neki na\u010din li\u010dili vi\u0161e drugima, a na neki na\u010din mo\u017eda bili i po\u0161te\u0111eni. Taj koncept je gubitni\u010dki. Imamo \u0161ansu da uspijemo samo ako budemo ono \u0161to jesmo.\u201c<br \/>\nTako\u0111er, Muftija je istakao da Bo\u0161njaci nisu oboljeli od bolesti osvete iako su jedini narod u Evropi koji je pre\u017eivio 11 genocida.<br \/>\n\u201eJedini smo narod u Evropi koji nikada nije imao svoj fa\u0161isti\u010dki pokret, narod koji je pre\u017eivio 11 genocida. A i pored toga nismo oboljeli od mr\u017enje i osvete. Ne mo\u017eete sresti Bo\u0161njaka koji u svom srcu nosi osvetu, iako je bilo razloga za to.<br \/>\nZa\u0161to onda Bo\u0161njak mora pognuto hodati? Za\u0161to Bo\u0161njak mora da se pravda? Za\u0161to onda da obja\u0161njavamo da smo muslimani, a nismo teroristi?<br \/>\nMuslimani ne mogu biti teroristi. Zato \u0161to islam poti\u010de od rije\u010di selam, a selam zna\u010di mir. Rije\u010d islam zna\u010di predanost Bogu i svemu onome \u0161to je dobro. Osnovna odrednica islama je da je najbolji onaj me\u0111u vama koji najvi\u0161e koristi ljudima\u201c, kazao je Glavni muftija, izme\u0111u ostalog, u svom obra\u0107anju prisutnima.<br \/>\nKao generalni sponzor ovog okupljanja obratio se i Hako Duljevi\u0107 ispred Kluba privrednika pri ovom udru\u017eenju. U tom smislu on je govorio o Udru\u017eenju i naglasio da ljudi koji u ovom Klubu predstavljaju temelj privrede Kantona Sarajevo.<br \/>\n\u201eLjudi na\u0161eg Kluba, unato\u010d svim vjetrometinama, uspjeli su da naprave kvalitetne firme kakvima mogu pozavidjeti i najmodernije evropske, bilo da se radi o hotelijerstvu, ugostiteljstvu i ostalim bran\u0161ama\u201c, naglasio je Duljevi\u0107.<\/p>\n<p>Nakon ovih obra\u0107anja prisutnima su se obratili i Muriz Turkovi\u0107 i Avdo Hebib. A veliko interesovanje izazvao je specijalni gost Josip Pejakovi\u0107, koji je, obra\u0107aju\u0107i se, govorio o Sjenici i utiscima koje nosi prilikom jedne posjete, a na kraju je po ko zna koji put izveo onu svoju \u201eKako bolan nema Bosne?\u201c<\/p>\n<p>Drugi dio sve\u010danosti bio je posve\u0107en sevdalinkama koje pjevaju o Sand\u017eaku.<\/p>\n<p>Izvor:<strong> IslamskaZajednica.org<\/strong><\/p>\n","protected":false},"excerpt":{"rendered":"<p>Sjenica &#8211; \u201eSjenica u srcu\u201c bila je moto okupljanja oko 500 Sand\u017eaklija koji \u017eive u Sarajevu.\u00a0 Pod pokroviteljstvom firme \u201eDuljevi\u0107\u201c, 12. juna 2010. godine okupili su se Sand\u017eaklije koji \u017eive u Sarajevu i cijeloj Bosni na sve\u010danosti pod nazivom \u201eSjeni\u010dko ve\u010de\u201c. Udru\u017eenje gra\u0111ana porijeklom iz Sand\u017eaka djeluje sa 12 ispostava. Ovaj skup ispostave Sjenica u [&hellip;]<\/p>\n","protected":false},"author":83,"featured_media":4763,"comment_status":"open","ping_status":"open","sticky":false,"template":"","format":"standard","meta":{"footnotes":""},"categories":[52],"tags":[],"class_list":{"0":"post-4762","1":"post","2":"type-post","3":"status-publish","4":"format-standard","5":"has-post-thumbnail","7":"category-sjenica"},"yoast_head":"<!-- This site is optimized with the Yoast SEO Premium plugin v23.1 (Yoast SEO v24.9) - https:\/\/yoast.com\/wordpress\/plugins\/seo\/ -->\n<title>Sjeni\u010dko ve\u010de u sarajevskom Holivudu<\/title>\n<meta name=\"robots\" content=\"index, follow, max-snippet:-1, max-image-preview:large, max-video-preview:-1\" \/>\n<link rel=\"canonical\" href=\"https:\/\/sandzakpress.net\/arhiva\/sjenicko-vece-u-sarajevskom-holivudu\/\" \/>\n<meta property=\"og:locale\" content=\"bs_BA\" \/>\n<meta property=\"og:type\" content=\"article\" \/>\n<meta property=\"og:title\" content=\"Sjeni\u010dko ve\u010de u sarajevskom Holivudu\" \/>\n<meta property=\"og:description\" content=\"Sjenica &#8211; \u201eSjenica u srcu\u201c bila je moto okupljanja oko 500 Sand\u017eaklija koji \u017eive u Sarajevu.\u00a0 Pod pokroviteljstvom firme \u201eDuljevi\u0107\u201c, 12. juna 2010. godine okupili su se Sand\u017eaklije koji \u017eive u Sarajevu i cijeloj Bosni na sve\u010danosti pod nazivom \u201eSjeni\u010dko ve\u010de\u201c. Udru\u017eenje gra\u0111ana porijeklom iz Sand\u017eaka djeluje sa 12 ispostava. Ovaj skup ispostave Sjenica u [&hellip;]\" \/>\n<meta property=\"og:url\" content=\"https:\/\/sandzakpress.net\/arhiva\/sjenicko-vece-u-sarajevskom-holivudu\/\" \/>\n<meta property=\"og:site_name\" content=\"Sand\u017eak PRESS\" \/>\n<meta property=\"article:published_time\" content=\"2010-06-15T23:27:57+00:00\" \/>\n<meta property=\"article:modified_time\" content=\"2010-06-19T18:53:18+00:00\" \/>\n<meta property=\"og:image\" content=\"https:\/\/sandzakpress.net\/arhiva\/wp-content\/uploads\/2010\/06\/DSC_0120.jpg\" \/>\n\t<meta property=\"og:image:width\" content=\"500\" \/>\n\t<meta property=\"og:image:height\" content=\"332\" \/>\n\t<meta property=\"og:image:type\" content=\"image\/jpeg\" \/>\n<meta name=\"author\" content=\"bosniak\" \/>\n<meta name=\"twitter:card\" content=\"summary_large_image\" \/>\n<meta name=\"twitter:label1\" content=\"Written by\" \/>\n\t<meta name=\"twitter:data1\" content=\"bosniak\" \/>\n\t<meta name=\"twitter:label2\" content=\"Est. reading time\" \/>\n\t<meta name=\"twitter:data2\" content=\"4 minute\" \/>\n<script type=\"application\/ld+json\" class=\"yoast-schema-graph\">{\"@context\":\"https:\/\/schema.org\",\"@graph\":[{\"@type\":\"Article\",\"@id\":\"https:\/\/sandzakpress.net\/arhiva\/sjenicko-vece-u-sarajevskom-holivudu\/#article\",\"isPartOf\":{\"@id\":\"https:\/\/sandzakpress.net\/arhiva\/sjenicko-vece-u-sarajevskom-holivudu\/\"},\"author\":{\"name\":\"bosniak\",\"@id\":\"https:\/\/sandzakpress.net\/arhiva\/#\/schema\/person\/c8baee722073534b583ea7bdb2e36c02\"},\"headline\":\"Sjeni\u010dko ve\u010de u sarajevskom Holivudu\",\"datePublished\":\"2010-06-15T23:27:57+00:00\",\"dateModified\":\"2010-06-19T18:53:18+00:00\",\"mainEntityOfPage\":{\"@id\":\"https:\/\/sandzakpress.net\/arhiva\/sjenicko-vece-u-sarajevskom-holivudu\/\"},\"wordCount\":861,\"commentCount\":1,\"publisher\":{\"@id\":\"https:\/\/sandzakpress.net\/arhiva\/#\/schema\/person\/6e72b67d6e51910a1117b3b483ba20bd\"},\"image\":{\"@id\":\"https:\/\/sandzakpress.net\/arhiva\/sjenicko-vece-u-sarajevskom-holivudu\/#primaryimage\"},\"thumbnailUrl\":\"https:\/\/sandzakpress.net\/arhiva\/wp-content\/uploads\/2010\/06\/DSC_0120.jpg\",\"articleSection\":[\"Sjenica\"],\"inLanguage\":\"bs-BA\",\"potentialAction\":[{\"@type\":\"CommentAction\",\"name\":\"Comment\",\"target\":[\"https:\/\/sandzakpress.net\/arhiva\/sjenicko-vece-u-sarajevskom-holivudu\/#respond\"]}]},{\"@type\":\"WebPage\",\"@id\":\"https:\/\/sandzakpress.net\/arhiva\/sjenicko-vece-u-sarajevskom-holivudu\/\",\"url\":\"https:\/\/sandzakpress.net\/arhiva\/sjenicko-vece-u-sarajevskom-holivudu\/\",\"name\":\"Sjeni\u010dko ve\u010de u sarajevskom Holivudu\",\"isPartOf\":{\"@id\":\"https:\/\/sandzakpress.net\/arhiva\/#website\"},\"primaryImageOfPage\":{\"@id\":\"https:\/\/sandzakpress.net\/arhiva\/sjenicko-vece-u-sarajevskom-holivudu\/#primaryimage\"},\"image\":{\"@id\":\"https:\/\/sandzakpress.net\/arhiva\/sjenicko-vece-u-sarajevskom-holivudu\/#primaryimage\"},\"thumbnailUrl\":\"https:\/\/sandzakpress.net\/arhiva\/wp-content\/uploads\/2010\/06\/DSC_0120.jpg\",\"datePublished\":\"2010-06-15T23:27:57+00:00\",\"dateModified\":\"2010-06-19T18:53:18+00:00\",\"breadcrumb\":{\"@id\":\"https:\/\/sandzakpress.net\/arhiva\/sjenicko-vece-u-sarajevskom-holivudu\/#breadcrumb\"},\"inLanguage\":\"bs-BA\",\"potentialAction\":[{\"@type\":\"ReadAction\",\"target\":[\"https:\/\/sandzakpress.net\/arhiva\/sjenicko-vece-u-sarajevskom-holivudu\/\"]}]},{\"@type\":\"ImageObject\",\"inLanguage\":\"bs-BA\",\"@id\":\"https:\/\/sandzakpress.net\/arhiva\/sjenicko-vece-u-sarajevskom-holivudu\/#primaryimage\",\"url\":\"https:\/\/sandzakpress.net\/arhiva\/wp-content\/uploads\/2010\/06\/DSC_0120.jpg\",\"contentUrl\":\"https:\/\/sandzakpress.net\/arhiva\/wp-content\/uploads\/2010\/06\/DSC_0120.jpg\",\"width\":500,\"height\":332},{\"@type\":\"BreadcrumbList\",\"@id\":\"https:\/\/sandzakpress.net\/arhiva\/sjenicko-vece-u-sarajevskom-holivudu\/#breadcrumb\",\"itemListElement\":[{\"@type\":\"ListItem\",\"position\":1,\"name\":\"Home\",\"item\":\"https:\/\/sandzakpress.net\/arhiva\/\"},{\"@type\":\"ListItem\",\"position\":2,\"name\":\"Sjeni\u010dko ve\u010de u sarajevskom Holivudu\"}]},{\"@type\":\"WebSite\",\"@id\":\"https:\/\/sandzakpress.net\/arhiva\/#website\",\"url\":\"https:\/\/sandzakpress.net\/arhiva\/\",\"name\":\"Sand\u017eak PRESS\",\"description\":\"Prve elektronske novine u Sand\u017eaku\",\"publisher\":{\"@id\":\"https:\/\/sandzakpress.net\/arhiva\/#\/schema\/person\/6e72b67d6e51910a1117b3b483ba20bd\"},\"potentialAction\":[{\"@type\":\"SearchAction\",\"target\":{\"@type\":\"EntryPoint\",\"urlTemplate\":\"https:\/\/sandzakpress.net\/arhiva\/?s={search_term_string}\"},\"query-input\":{\"@type\":\"PropertyValueSpecification\",\"valueRequired\":true,\"valueName\":\"search_term_string\"}}],\"inLanguage\":\"bs-BA\"},{\"@type\":[\"Person\",\"Organization\"],\"@id\":\"https:\/\/sandzakpress.net\/arhiva\/#\/schema\/person\/6e72b67d6e51910a1117b3b483ba20bd\",\"name\":\"Kul\",\"image\":{\"@type\":\"ImageObject\",\"inLanguage\":\"bs-BA\",\"@id\":\"https:\/\/sandzakpress.net\/arhiva\/#\/schema\/person\/image\/\",\"url\":\"https:\/\/secure.gravatar.com\/avatar\/42263f39aa27ac04c43cab85c280eb2e?s=96&d=mm&r=pg\",\"contentUrl\":\"https:\/\/secure.gravatar.com\/avatar\/42263f39aa27ac04c43cab85c280eb2e?s=96&d=mm&r=pg\",\"caption\":\"Kul\"},\"logo\":{\"@id\":\"https:\/\/sandzakpress.net\/arhiva\/#\/schema\/person\/image\/\"}},{\"@type\":\"Person\",\"@id\":\"https:\/\/sandzakpress.net\/arhiva\/#\/schema\/person\/c8baee722073534b583ea7bdb2e36c02\",\"name\":\"bosniak\",\"image\":{\"@type\":\"ImageObject\",\"inLanguage\":\"bs-BA\",\"@id\":\"https:\/\/sandzakpress.net\/arhiva\/#\/schema\/person\/image\/\",\"url\":\"https:\/\/secure.gravatar.com\/avatar\/a04fd330bfe3a36a72a0ad4a6d89fca7?s=96&d=mm&r=pg\",\"contentUrl\":\"https:\/\/secure.gravatar.com\/avatar\/a04fd330bfe3a36a72a0ad4a6d89fca7?s=96&d=mm&r=pg\",\"caption\":\"bosniak\"},\"url\":\"https:\/\/sandzakpress.net\/arhiva\/author\/bosniak\/\"}]}<\/script>\n<!-- \/ Yoast SEO Premium plugin. -->","yoast_head_json":{"title":"Sjeni\u010dko ve\u010de u sarajevskom Holivudu","robots":{"index":"index","follow":"follow","max-snippet":"max-snippet:-1","max-image-preview":"max-image-preview:large","max-video-preview":"max-video-preview:-1"},"canonical":"https:\/\/sandzakpress.net\/arhiva\/sjenicko-vece-u-sarajevskom-holivudu\/","og_locale":"bs_BA","og_type":"article","og_title":"Sjeni\u010dko ve\u010de u sarajevskom Holivudu","og_description":"Sjenica &#8211; \u201eSjenica u srcu\u201c bila je moto okupljanja oko 500 Sand\u017eaklija koji \u017eive u Sarajevu.\u00a0 Pod pokroviteljstvom firme \u201eDuljevi\u0107\u201c, 12. juna 2010. godine okupili su se Sand\u017eaklije koji \u017eive u Sarajevu i cijeloj Bosni na sve\u010danosti pod nazivom \u201eSjeni\u010dko ve\u010de\u201c. Udru\u017eenje gra\u0111ana porijeklom iz Sand\u017eaka djeluje sa 12 ispostava. Ovaj skup ispostave Sjenica u [&hellip;]","og_url":"https:\/\/sandzakpress.net\/arhiva\/sjenicko-vece-u-sarajevskom-holivudu\/","og_site_name":"Sand\u017eak PRESS","article_published_time":"2010-06-15T23:27:57+00:00","article_modified_time":"2010-06-19T18:53:18+00:00","og_image":[{"width":500,"height":332,"url":"https:\/\/sandzakpress.net\/arhiva\/wp-content\/uploads\/2010\/06\/DSC_0120.jpg","type":"image\/jpeg"}],"author":"bosniak","twitter_card":"summary_large_image","twitter_misc":{"Written by":"bosniak","Est. reading time":"4 minute"},"schema":{"@context":"https:\/\/schema.org","@graph":[{"@type":"Article","@id":"https:\/\/sandzakpress.net\/arhiva\/sjenicko-vece-u-sarajevskom-holivudu\/#article","isPartOf":{"@id":"https:\/\/sandzakpress.net\/arhiva\/sjenicko-vece-u-sarajevskom-holivudu\/"},"author":{"name":"bosniak","@id":"https:\/\/sandzakpress.net\/arhiva\/#\/schema\/person\/c8baee722073534b583ea7bdb2e36c02"},"headline":"Sjeni\u010dko ve\u010de u sarajevskom Holivudu","datePublished":"2010-06-15T23:27:57+00:00","dateModified":"2010-06-19T18:53:18+00:00","mainEntityOfPage":{"@id":"https:\/\/sandzakpress.net\/arhiva\/sjenicko-vece-u-sarajevskom-holivudu\/"},"wordCount":861,"commentCount":1,"publisher":{"@id":"https:\/\/sandzakpress.net\/arhiva\/#\/schema\/person\/6e72b67d6e51910a1117b3b483ba20bd"},"image":{"@id":"https:\/\/sandzakpress.net\/arhiva\/sjenicko-vece-u-sarajevskom-holivudu\/#primaryimage"},"thumbnailUrl":"https:\/\/sandzakpress.net\/arhiva\/wp-content\/uploads\/2010\/06\/DSC_0120.jpg","articleSection":["Sjenica"],"inLanguage":"bs-BA","potentialAction":[{"@type":"CommentAction","name":"Comment","target":["https:\/\/sandzakpress.net\/arhiva\/sjenicko-vece-u-sarajevskom-holivudu\/#respond"]}]},{"@type":"WebPage","@id":"https:\/\/sandzakpress.net\/arhiva\/sjenicko-vece-u-sarajevskom-holivudu\/","url":"https:\/\/sandzakpress.net\/arhiva\/sjenicko-vece-u-sarajevskom-holivudu\/","name":"Sjeni\u010dko ve\u010de u sarajevskom Holivudu","isPartOf":{"@id":"https:\/\/sandzakpress.net\/arhiva\/#website"},"primaryImageOfPage":{"@id":"https:\/\/sandzakpress.net\/arhiva\/sjenicko-vece-u-sarajevskom-holivudu\/#primaryimage"},"image":{"@id":"https:\/\/sandzakpress.net\/arhiva\/sjenicko-vece-u-sarajevskom-holivudu\/#primaryimage"},"thumbnailUrl":"https:\/\/sandzakpress.net\/arhiva\/wp-content\/uploads\/2010\/06\/DSC_0120.jpg","datePublished":"2010-06-15T23:27:57+00:00","dateModified":"2010-06-19T18:53:18+00:00","breadcrumb":{"@id":"https:\/\/sandzakpress.net\/arhiva\/sjenicko-vece-u-sarajevskom-holivudu\/#breadcrumb"},"inLanguage":"bs-BA","potentialAction":[{"@type":"ReadAction","target":["https:\/\/sandzakpress.net\/arhiva\/sjenicko-vece-u-sarajevskom-holivudu\/"]}]},{"@type":"ImageObject","inLanguage":"bs-BA","@id":"https:\/\/sandzakpress.net\/arhiva\/sjenicko-vece-u-sarajevskom-holivudu\/#primaryimage","url":"https:\/\/sandzakpress.net\/arhiva\/wp-content\/uploads\/2010\/06\/DSC_0120.jpg","contentUrl":"https:\/\/sandzakpress.net\/arhiva\/wp-content\/uploads\/2010\/06\/DSC_0120.jpg","width":500,"height":332},{"@type":"BreadcrumbList","@id":"https:\/\/sandzakpress.net\/arhiva\/sjenicko-vece-u-sarajevskom-holivudu\/#breadcrumb","itemListElement":[{"@type":"ListItem","position":1,"name":"Home","item":"https:\/\/sandzakpress.net\/arhiva\/"},{"@type":"ListItem","position":2,"name":"Sjeni\u010dko ve\u010de u sarajevskom Holivudu"}]},{"@type":"WebSite","@id":"https:\/\/sandzakpress.net\/arhiva\/#website","url":"https:\/\/sandzakpress.net\/arhiva\/","name":"Sand\u017eak PRESS","description":"Prve elektronske novine u Sand\u017eaku","publisher":{"@id":"https:\/\/sandzakpress.net\/arhiva\/#\/schema\/person\/6e72b67d6e51910a1117b3b483ba20bd"},"potentialAction":[{"@type":"SearchAction","target":{"@type":"EntryPoint","urlTemplate":"https:\/\/sandzakpress.net\/arhiva\/?s={search_term_string}"},"query-input":{"@type":"PropertyValueSpecification","valueRequired":true,"valueName":"search_term_string"}}],"inLanguage":"bs-BA"},{"@type":["Person","Organization"],"@id":"https:\/\/sandzakpress.net\/arhiva\/#\/schema\/person\/6e72b67d6e51910a1117b3b483ba20bd","name":"Kul","image":{"@type":"ImageObject","inLanguage":"bs-BA","@id":"https:\/\/sandzakpress.net\/arhiva\/#\/schema\/person\/image\/","url":"https:\/\/secure.gravatar.com\/avatar\/42263f39aa27ac04c43cab85c280eb2e?s=96&d=mm&r=pg","contentUrl":"https:\/\/secure.gravatar.com\/avatar\/42263f39aa27ac04c43cab85c280eb2e?s=96&d=mm&r=pg","caption":"Kul"},"logo":{"@id":"https:\/\/sandzakpress.net\/arhiva\/#\/schema\/person\/image\/"}},{"@type":"Person","@id":"https:\/\/sandzakpress.net\/arhiva\/#\/schema\/person\/c8baee722073534b583ea7bdb2e36c02","name":"bosniak","image":{"@type":"ImageObject","inLanguage":"bs-BA","@id":"https:\/\/sandzakpress.net\/arhiva\/#\/schema\/person\/image\/","url":"https:\/\/secure.gravatar.com\/avatar\/a04fd330bfe3a36a72a0ad4a6d89fca7?s=96&d=mm&r=pg","contentUrl":"https:\/\/secure.gravatar.com\/avatar\/a04fd330bfe3a36a72a0ad4a6d89fca7?s=96&d=mm&r=pg","caption":"bosniak"},"url":"https:\/\/sandzakpress.net\/arhiva\/author\/bosniak\/"}]}},"_links":{"self":[{"href":"https:\/\/sandzakpress.net\/arhiva\/wp-json\/wp\/v2\/posts\/4762"}],"collection":[{"href":"https:\/\/sandzakpress.net\/arhiva\/wp-json\/wp\/v2\/posts"}],"about":[{"href":"https:\/\/sandzakpress.net\/arhiva\/wp-json\/wp\/v2\/types\/post"}],"author":[{"embeddable":true,"href":"https:\/\/sandzakpress.net\/arhiva\/wp-json\/wp\/v2\/users\/83"}],"replies":[{"embeddable":true,"href":"https:\/\/sandzakpress.net\/arhiva\/wp-json\/wp\/v2\/comments?post=4762"}],"version-history":[{"count":0,"href":"https:\/\/sandzakpress.net\/arhiva\/wp-json\/wp\/v2\/posts\/4762\/revisions"}],"wp:featuredmedia":[{"embeddable":true,"href":"https:\/\/sandzakpress.net\/arhiva\/wp-json\/wp\/v2\/media\/4763"}],"wp:attachment":[{"href":"https:\/\/sandzakpress.net\/arhiva\/wp-json\/wp\/v2\/media?parent=4762"}],"wp:term":[{"taxonomy":"category","embeddable":true,"href":"https:\/\/sandzakpress.net\/arhiva\/wp-json\/wp\/v2\/categories?post=4762"},{"taxonomy":"post_tag","embeddable":true,"href":"https:\/\/sandzakpress.net\/arhiva\/wp-json\/wp\/v2\/tags?post=4762"}],"curies":[{"name":"wp","href":"https:\/\/api.w.org\/{rel}","templated":true}]}}