{"id":47515,"date":"2012-08-10T15:56:07","date_gmt":"2012-08-10T13:56:07","guid":{"rendered":"https:\/\/sandzakpress.net\/arhiva\/?p=47515"},"modified":"2012-08-10T15:56:07","modified_gmt":"2012-08-10T13:56:07","slug":"cetvrta-ramazanska-hutba-reisu-l-uleme","status":"publish","type":"post","link":"https:\/\/sandzakpress.net\/arhiva\/cetvrta-ramazanska-hutba-reisu-l-uleme\/","title":{"rendered":"\u010cetvrta ramazanska hutba reisu-l-uleme"},"content":{"rendered":"<p><strong><a href=\"https:\/\/sandzakpress.net\/arhiva\/wp-content\/uploads\/2012\/08\/images2.jpg\"><img loading=\"lazy\" decoding=\"async\" class=\"alignleft size-full wp-image-47516\" title=\"images\" src=\"https:\/\/sandzakpress.net\/arhiva\/wp-content\/uploads\/2012\/08\/images2.jpg\" alt=\"\" width=\"191\" height=\"263\" \/><\/a>BiH &#8211; Reisu-l-ulema dr. Mustafa Ceri\u0107 je danas u Gazi Husrev begovoj d\u017eamiji u Sarajevu imamio d\u017eumu namaz i odr\u017eao hutbu. <\/strong><\/p>\n<p>\u010cetvrtu ramazansku hutbu Reisu-l-uleme MINA prenosi u cijelosti:<\/p>\n<p>\u0625\u0646 \u0627\u0644\u062d\u0645\u062f \u0644\u0644\u0647\u060c  \u0646\u062d\u0645\u062f\u0647 \u0648\u0646\u0633\u062a\u0639\u064a\u0646\u0647 \u0648\u0646\u0633\u062a\u063a\u0641\u0631\u0647\u060c \u0648\u0646\u0639\u0648\u0630 \u0628\u0627\u0644\u0644\u0647 \u0645\u0646 \u0634\u0631\u0648\u0631 \u0623\u0646\u0641\u0633\u0646\u0627 \u0648\u0633\u064a\u0651\u0626\u0627\u062a \u0623\u0639\u0645\u0627\u0644\u0646\u0627\u060c \u0645\u0646  \u064a\u0647\u062f \u0627\u0644\u0644\u0647 \u0641\u0644\u0627 \u0645\u0636\u0644\u0651 \u0644\u0647\u060c \u0648\u0645\u0646 \u064a\u0636\u0644\u0644\u0647 \u0641\u0644\u0627 \u0647\u0627\u062f\u064a \u0644\u0647\u060c \u0648\u0623\u0634\u0647\u062f \u0623\u0646 \u0644\u0627 \u0625\u0644\u0647 \u0625\u0644\u0627\u0651 \u0627\u0644\u0644\u0647  \u0648\u062d\u062f\u0647 \u0644\u0627 \u0634\u0631\u064a\u0643 \u0644\u0647\u060c \u0648\u0623\u0634\u0647\u062f \u0623\u0646 \u0645\u062d\u0645\u062f\u0627\u064b \u0639\u0628\u062f\u0647 \u0648\u0631\u0633\u0648\u0644\u0647\u0642\u0627\u0644 \u0627\u0644\u0644\u0647 \u0633\u0628\u062d\u0627\u0646\u0647 \u0648\u062a\u0639\u0627\u0644\u064a \u0641\u064a  \u0643\u062a\u0627\u0628\u0647 \u0627\u0644\u0643\u0631\u064a\u0645:<\/p>\n<p>\u064a\u064e\u0627 \u0623\u064e\u064a\u064f\u0651\u0647\u064e\u0627 \u0627\u0644\u0646\u064e\u0651\u0627\u0633\u064f \u0642\u064e\u062f\u0652 \u062c\u064e\u0627\u0621\u0643\u064f\u0645 \u0628\u064f\u0631\u0652\u0647\u064e\u0627\u0646\u064c \u0645\u0650\u0651\u0646 \u0631\u064e\u0651\u0628\u0650\u0651\u0643\u064f\u0645\u0652 \u0648\u064e\u0623\u064e\u0646\u0632\u064e\u0644\u0652\u0646\u064e\u0627 \u0625\u0650\u0644\u064e\u064a\u0652\u0643\u064f\u0645\u0652 \u0646\u064f\u0648\u0631\u064b\u0627 \u0645\u064f\u0651\u0628\u0650\u064a\u0646\u064b\u0627 (4:174)  \u0641\u064e\u0623\u064e\u0645\u064e\u0651\u0627 \u0627\u0644\u064e\u0651\u0630\u0650\u064a\u0646\u064e \u0622\u0645\u064e\u0646\u064f\u0648\u0627\u0652 \u0628\u0650\u0627\u0644\u0644\u0651\u0647\u0650 \u0648\u064e\u0627\u0639\u0652\u062a\u064e\u0635\u064e\u0645\u064f\u0648\u0627\u0652 \u0628\u0650\u0647\u0650  \u0641\u064e\u0633\u064e\u064a\u064f\u062f\u0652\u062e\u0650\u0644\u064f\u0647\u064f\u0645\u0652 \u0641\u0650\u064a \u0631\u064e\u062d\u0652\u0645\u064e\u0629\u064d \u0645\u0650\u0651\u0646\u0652\u0647\u064f \u0648\u064e\u0641\u064e\u0636\u0652\u0644\u064d \u0648\u064e\u064a\u064e\u0647\u0652\u062f\u0650\u064a\u0647\u0650\u0645\u0652 \u0625\u0650\u0644\u064e\u064a\u0652\u0647\u0650  \u0635\u0650\u0631\u064e\u0627\u0637\u064b\u0627 \u0645\u064f\u0651\u0633\u0652\u062a\u064e\u0642\u0650\u064a\u0645\u064b\u0627 (4:175)<\/p>\n<p>Hvala Allahu Svevi\u0161njem na nimetu imana, na bereketu islama i na faziletu ihsana!<\/p>\n<p>Hvala Allahu Plemenitom na ljepoti ramazana, na daru posta i na radosti iftara!<\/p>\n<p>Hvala Allahu Milostivom na blagodati bratstva u vjeri, na blagodati ljubavi u porodici i na blagodati mira u domovini!<\/p>\n<p>Hvala Allahu Dobro\u010dinitelju koji je  preko svog Miljenika i posljednjeg Poslanika Muhammeda, a.s., poslao  Kur'an u mjesecu ramazanu da bude svjetlo koje osvjetljava put \u010dovjeku  kako se ne bi izgubio u mraku.<\/p>\n<p>Draga bra\u0107o i sestre,<\/p>\n<p>U no\u0107i Isra i Mi'rad\u017ea kad je Allahov Poslanik Muhammed, a.s., stigao do Ar\u0161-i rahm\u0101na izgovorio je ove rije\u010di: \u0627\u0644\u062a\u062d\u064a\u0651\u0627\u062a \u0644\u0644\u0647 \u0648\u0627\u0644\u0635\u0644\u0648\u0627\u062a \u0648 \u0627\u0644\u0637\u064a\u0651\u0628\u0627\u062a \u00a0&#8211; Allahova je vlast, i mo\u0107, i \u017eivot, i blagoslov, i lijepa rije\u010d.<\/p>\n<p>Uzvi\u0161eni Allah je Alejhisselamu odgovorio: \u0627\u0644\u0633\u0644\u0627\u0645 \u0639\u0644\u064a\u0643 \u0623\u064a\u0647\u0627 \u0627\u0644\u0646\u0628\u064a\u0651 \u0648\u0631\u062d\u0645\u0629 \u0627\u0644\u0644\u0647 \u0648\u0628\u0631\u0643\u0627\u062a\u0647 &#8211; Neka je mir i spas na tebe, o vjerovjesni\u010de, i neka te prati Allahova milost i blagoslov.<\/p>\n<p>Svjestan gdje se nalazi, Allahov Poslanik Muhammed, a.s., nije zaboravio svoj ummet, nije zaboravio ljude i zato je dodao: \u0627\u0644\u0633\u0644\u0627\u0645 \u0639\u0644\u064a\u0646\u0627 \u0648\u0639\u0644\u064a \u0639\u0628\u0627\u062f \u0627\u0644\u0644\u0647 \u0627\u0644\u0635\u0627\u0644\u062d\u064a\u0646 \u00a0&#8211; I neka je mir i spas na sve nas i na sve dobre ljude, koji su Allahu pokorni.<\/p>\n<p>Kada su sve to \u010duli, meleki su svi uglas prou\u010dili:\u0627\u0644\u0644\u0647\u0645\u0651  \u0635\u0644\u0651\u064a \u0639\u0644\u064a \u0645\u062d\u0645\u0651\u062f \u0648\u0639\u0644\u064a \u0622\u0644 \u0645\u062d\u0645\u0651\u062f \u0643\u0645\u0627 \u0635\u0644\u0651\u064a\u062a \u0639\u0644\u064a \u0625\u0628\u0631\u0627\u0647\u064a\u0645 \u0648\u0639\u0644\u064a \u0622\u0644 \u0625\u0628\u0631\u0627\u0647\u064a\u0645 \u0648  \u0628\u0627\u0631\u0643 \u0639\u0644\u064a \u0645\u062d\u0645\u0651\u062f \u0643\u0645\u0627 \u0628\u0627\u0631\u0643\u062a \u0639\u0644\u064a \u0625\u0628\u0631\u0627\u0647\u064a\u0645 \u0648\u0639\u0644\u064a \u0622\u0644 \u0625\u0628\u0631\u0627\u0647\u064a\u0645 \u0641\u064a \u0627\u0644\u0639\u0627\u0644\u0645\u064a\u0646 \u0625\u0646\u0651\u0643  \u062d\u0645\u064a\u062f \u0645\u062c\u064a\u062f \u00a0\u00a0&#8211; Bo\u017ee, blagoslovi Muhammeda i njegovu porodicu kao  \u0161to si blagoslovio Ibrahima i njegovu porodicu! Bo\u017ee, obdari Muhammeda i  njegovu porodicu kao \u0161to si obdario Ibrahima i njegovu porodicu uvijek i  na svakom mjestu, na svim svjetovima, Ti, Bo\u017ee, koji si Hvaljen i  Slavljen!<\/p>\n<p>\u0627\u0644\u0644\u0647\u0645\u0651 \u0627\u062c\u0639\u0644\u0646\u0627 \u0645\u0646 \u0627\u0644\u0639\u0628\u0627\u062f \u0627\u0644\u0635\u0627\u0644\u062d\u064a\u0646! \u0627\u0644\u0644\u0647\u0645\u0651 \u0635\u0644\u0651 \u0648\u0633\u0644\u0651\u0645 \u0648\u0628\u0627\u0631\u0643 \u0639\u0644\u064a \u0633\u064a\u0651\u062f\u0646\u0627 \u0645\u062d\u0645\u0651\u062f \u0635\u0644\u0627\u0629 \u062a\u0631\u0636\u064a\u0643 \u0648\u062a\u0631\u0636\u064a\u0647 \u0648 \u062a\u0631\u0636\u064a \u0628\u0647\u0627 \u0639\u0644\u064a\u0646\u0627 \u064a\u0627 \u0623\u0631\u062d\u0645 \u0627\u0644\u0631\u0627\u062d\u0645\u064a\u0646<\/p>\n<p>&#8211; Bo\u017ee, u\u010dini nas da budemo me\u0111u dobrim  ljudima, koji su Tebi pokorni! Bo\u017ee, blagoslovi, smiluj se i obraduj  na\u0161eg u\u010ditelja i uzora Muhammeda blagoslovom koji \u0107e Tebe zadovoljiti, i  koji \u0107e Muhammeda zadovoljiti, i koji \u0107e sve nas zadovoljiti, o Ti,  koji si najmilostiviji!<\/p>\n<p>Ako ste se zapitali da li to zna\u010di da  kad smo na ettehijjatu u namazu da je to kao da smo na Ar\u0161i-i rahm\u0101nu,  gdje do\u017eivljavamo te\u0161ehhud, neposredni kontakt sa Allahom kao \u0161to ga je  do\u017eivio Alejhisselam na m\u012brad\u017eu &#8211; odgovor je DA, tako je, kad smo u  namazu, mi smo kao na m\u012brad\u017eu, kao \u0161to se ka\u017ee u hadisu: \u0627\u0644\u0635\u0644\u0627\u0629 \u0645\u0639\u0631\u0627\u062c \u0627\u0644\u0645\u0624\u0645\u0646 &#8211; Namaz je m\u012brad\u017e vjernika.<\/p>\n<p>Dakle, u namazu sjede\u0107i izgovaramo iste  rije\u010de (ettehijjatu) koje je Allahov Poslanik izgovorio na Ar\u0161-i rahm\u0101nu  i tako svjedo\u010dimo (te\u0161ehhud) Allahovu vlast, mo\u0107 i milost, koju  osje\u0107amo dok izgovaramo selam kojeg Uzvi\u0161eni Allah upu\u0107uje svom  Miljeniku Muhammedu (\u0627\u0644\u0633\u0644\u0627\u0645 \u0639\u0644\u064a\u0643 \u0623\u064a\u0651\u0647\u0627 \u0627\u0644\u0646\u0628\u064a\u0651 \u0648 \u0631\u062d\u0645\u0629 \u0627\u0644\u0644\u0647 \u0648\u0628\u0631\u0643\u0627\u062a\u0647 &#8211; neka je mir i spas na tebe, o vjerovjesni\u010de, i neka te prati Allahova milost i blagoslov).<\/p>\n<p>Allahov selam Alejhisselamu je selam  svim onima koji Alejhisselama vole, po\u0161tuju i slijede, jer onaj koji  voli Allahovog Miljenika, voli Allaha, jer onaj koji po\u0161tuje Allahovog  Vjerovjesnika, po\u0161tuje Allaha, jer onaj koji slijedi Allahovog  Poslanika, pokoran je Allahu Uzvi\u0161enom.<\/p>\n<p>Naravno, Alejihsselam nije zaboravio da  se na Ar\u0161-i rahm\u0101nu sjeti svog ummete, nije zaboravio da tra\u017ei mir i  spas za sve ljude dobrog srca pa je zato dodao (\u0627\u0644\u0633\u0644\u0627\u0645 \u0639\u0644\u064a\u0646\u0627 \u0648\u0639\u0644\u064a \u0639\u0628\u0627\u062f \u0627\u0644\u0644\u0647 \u0627\u0644\u0635\u0627\u0644\u062d\u064a\u0646 \u00a0\u00a0&#8211;  i neka je mir i spas na sve nas i na sve dobre ljude, koji su Allahu  pokorni), jer Alejihisselam nije \u017eivo za sebe samoga, ve\u0107 za dobrobit  svjetova, tj., multiverza a ne samo univerza (\u0648\u0645\u0627 \u0623\u0631\u0633\u0644\u0646\u0627\u0643 \u0625\u0644\u0627 \u0631\u062d\u0645\u0629 \u0644\u0644\u0639\u0627\u0644\u0645\u064a\u0646).<\/p>\n<p>Istinski vjernik uvijek osje\u0107a tu  Alejihisselamovu milost, posebno u ibadetu posta kad je vjerni\u010dka du\u0161a  kao na Ar\u0161-i rahm\u0101nu, gdje mo\u017ee da se odmori i oslobodi od dunjalu\u010dkog  smrada, koji dolazi od pokvarenog nefsa &#8211; du\u0161e, zluradog zanna -uma i  poganog lis\u0101na &#8211; jezika.<\/p>\n<p>Sretan je onaj koji na ettehijjatu  do\u017eivi istinski te\u0161ehhud, svjedo\u010danstvo vjere, iskren je onaj koji kroz  ibadet posta preporodi svoj nefs-du\u0161u, po\u0161ten je onaj koji u ramazanu  svoj qalb-srce oslobodi od zanna-la\u017enog mi\u0161ljenja o ljudima, spa\u0161en je  onaj koji kroz namaz i post o\u010disti svoj lisan-jezik od prljavog govora,  koji zaga\u0111uje okolinu. I, dakako, uspje\u0161an je onaj koji u ramazanu  o\u010disti svoj imetak tako \u0161to \u0107e odvojiti iz svog imetka onoliko koliko je  Allah propisao da\u00a0 bude milost, pomo\u0107 i radost nekom drugom kao \u0161to je  Allah dao njemu milost, pomo\u0107 i radost u njegovom imetku.<\/p>\n<p>Nemojmo zaboraviti da ni\u0161ta na dunjaluku  nije vje\u010dno, da je na dunjaluku sve promjenljivo od bogatstva do  siroma\u0161tva, ali i od siroma\u0161tva do bogatstva; od visokog do niskog  polo\u017eaja, ali i od niskog do visokog; od zdravlja do bolesti, ali i od  bolesti do zdravlja; od radosti do tuge, ali i od tuge do radosti; od  neimanja do imanja, ali i od imanja do neimanja. Nema osiguranja koje  mo\u017ee osigurati trajnost imetka osim Allahovog osiguranja ustanovljenog u  instituciji zekata, kao jednog od pet glavnih temelja islama.<\/p>\n<p>Glad, siroma\u0161tvo, bijeda, nepismenost,  zapu\u0161tenost, napu\u0161tenost i usamljenost kojom su danas pogo\u0111eni mnogi  muslimani u svijetu posljedica je ne po\u0161tivanja i ne izvr\u0161avanja propisa  zekata, kojeg je Allah propisao,\u00a0 Njegov Vjerovjesnik primjenjivao u  praksi te nakon njega pravedni halife bez pogovora izvr\u0161avali na radost i  napredak sveukupnog muslimanskog dru\u0161tva.<\/p>\n<p>Ne mo\u017ee se ni\u010dim opravdati tako veliki  jaz izme\u0111u bogatih i siroma\u0161nih pojedinaca i grupa u muslimanskom  svijetu kojem je Allah Uzvi\u0161eni propisao zekat kao na\u010din slobode od  siroma\u0161tva, kao \u0161to se ne mo\u017ee objasniti ni tako prisutno nepovjerenje  me\u0111u muslimanskim dr\u017eavama\u00a0 \u010diji narodi su neraskidivo uvezani u \u010dvrsto  u\u017ee vjere islama (\u0627\u0644\u0639\u0631\u0648\u0629 \u0627\u0644\u0648\u062b\u0642\u064a).<\/p>\n<p>Nema razumnog \u010dovjeka koji mo\u017ee ostati  ravnodu\u0161an naspram krvoproli\u0107a koje gledamo u Siriji, niti mo\u017ee biti  miran savjestan \u010dovjek, gledaju\u0107i progon i ubijanja muslimana u Burmi.  Muslimani danas boluju mnoge bolesti od kojih su neke uvezene, ali  ve\u0107ina tih bolesti su doma\u0107e infekcije.<\/p>\n<p>Zbog toga, muslimani moraju tra\u017eiti  lijek za svoje bolesti u sebi samima, jer ga je tu jedino mogu\u0107e na\u0107i.  To, naravno, va\u017ei i za na\u0161e bolesti ovdje. Lijek je u nama, u na\u0161em  odnosu prema Bogu, u na\u0161em odnosu prema nama samima i u na\u0161em odnosu  prema drugima. Bolesti siroma\u0161tva, bijede, nepismenosti, korupcije te  bolesti me\u0111usobnog optu\u017eivanja sa la\u017enim predrasudama i li\u010dnim sujetama,  kao i nepo\u0161tivanje i omalova\u017eavanje ljudskog ugleda i \u010dasti duboko i  \u0161iroku su zahvatile na\u0161e dru\u0161tvo i na\u0161u zajednicu i zato se osje\u0107am  obaveznim da to danas i ovdje ka\u017eem i da vas pozovem da se u ovom \u010dasnom  danu, u ovom mubarek ramazanu, u ovom \u010dasnom ibadetu posta, kao na  Ar\u0161-i rahm\u0101nu, sami sebi ka\u017eemo da smo svjesni da je zekat put da  lije\u010dimo bolest siroma\u0161tva, bijede i nepismenosti u na\u0161oj zajednici, ali  i da zekat treba da bude na\u010din na\u0161e odbrane i borbe protiv genocida.<\/p>\n<p>Tako\u0111er, pozivam vas da se danas i ovdje  zavjetujemo da prvo u sebi samima, pa onda u na\u0161oj porodici, u na\u0161oj  rodbini, u na\u0161em kom\u0161iluku i u na\u0161em u\u017eem i \u0161irem dru\u0161tvu u\u010dinimo sve  \u0161to je u na\u0161oj mo\u0107i da suzbijemo korupciju i radimo na vra\u0107anju  povjerenja me\u0111u ljudima tako \u0161to \u0107emo po\u0161tivati sva\u010diji ugled i \u010dast,  kao svog brata. Ako smo svjesni svoje bolesti, onda smo obavezni da se  lije\u010dimo, a lijek nam se nudi u Kur'anu \u010casnom, posebno u ovih zadnjih  deset dana ramazana, odnosno u dvadeset sedmoj no\u0107i, koja je bolja od  hiljadu mjeseci. Zato nam se Uzvi\u0161eni Allah obra\u0107a i ka\u017ee:<\/p>\n<p>: \u064a\u064e\u0627 \u0623\u064e\u064a\u064f\u0651\u0647\u064e\u0627 \u0627\u0644\u0646\u064e\u0651\u0627\u0633\u064f \u0642\u064e\u062f\u0652 \u062c\u064e\u0627\u0621\u0643\u064f\u0645 \u0628\u064f\u0631\u0652\u0647\u064e\u0627\u0646\u064c \u0645\u0650\u0651\u0646 \u0631\u064e\u0651\u0628\u0650\u0651\u0643\u064f\u0645\u0652 \u0648\u064e\u0623\u064e\u0646\u0632\u064e\u0644\u0652\u0646\u064e\u0627 \u0625\u0650\u0644\u064e\u064a\u0652\u0643\u064f\u0645\u0652 \u0646\u064f\u0648\u0631\u064b\u0627 \u0645\u064f\u0651\u0628\u0650\u064a\u0646\u064b\u0627 (4:174)  \u0641\u064e\u0623\u064e\u0645\u064e\u0651\u0627 \u0627\u0644\u064e\u0651\u0630\u0650\u064a\u0646\u064e \u0622\u0645\u064e\u0646\u064f\u0648\u0627\u0652 \u0628\u0650\u0627\u0644\u0644\u0651\u0647\u0650 \u0648\u064e\u0627\u0639\u0652\u062a\u064e\u0635\u064e\u0645\u064f\u0648\u0627\u0652 \u0628\u0650\u0647\u0650  \u0641\u064e\u0633\u064e\u064a\u064f\u062f\u0652\u062e\u0650\u0644\u064f\u0647\u064f\u0645\u0652 \u0641\u0650\u064a \u0631\u064e\u062d\u0652\u0645\u064e\u0629\u064d \u0645\u0650\u0651\u0646\u0652\u0647\u064f \u0648\u064e\u0641\u064e\u0636\u0652\u0644\u064d \u0648\u064e\u064a\u064e\u0647\u0652\u062f\u0650\u064a\u0647\u0650\u0645\u0652 \u0625\u0650\u0644\u064e\u064a\u0652\u0647\u0650  \u0635\u0650\u0631\u064e\u0627\u0637\u064b\u0627 \u0645\u064f\u0651\u0633\u0652\u062a\u064e\u0642\u0650\u064a\u0645\u064b\u0627 (4:175)<\/p>\n<p>&#8211; O ljudi, do\u0161ao vam je jasan dokaz od  va\u0161eg Gospodara i poslano vam je jasno svjetlo. Oni koji budu vjerovali u  Allaha i koji se budu ujedinili na pravom putu, Allah \u0107e ih uvesti u  Svoju milost, uputit \u0107e ih i voditi pravim putem do \u017eeljenog cilja  (Kur'an, 4:174-175).<\/p>\n<p>Allahu Svemogu\u0107i, osna\u017ei nas da  ustrajemo na putu dobra i dobro\u010dinstva! Osna\u017ei nas da nadvladamo li\u010dne  sujete u korist na\u0161eg jedinstva i me\u0111usobnog povjerenja radi mira i  sigurnosti na\u0161e djece!<\/p>\n<p>Allahu Sveznaju\u0107i, pou\u010di nas kako da do\u017eivimo istinski te\u0161ehhud i da nam svako ettehijatu bude kao da smo na Ar\u0161-i rahmanu!<\/p>\n<p>Allahu Milostivi, omili nam izvr\u0161avanje zekata i poka\u017ei nam put do lijeka za na\u0161e bolesti!<\/p>\n<p>(Rijaset)<\/p>\n","protected":false},"excerpt":{"rendered":"<p>BiH &#8211; Reisu-l-ulema dr. Mustafa Ceri\u0107 je danas u Gazi Husrev begovoj d\u017eamiji u Sarajevu imamio d\u017eumu namaz i odr\u017eao hutbu. \u010cetvrtu ramazansku hutbu Reisu-l-uleme MINA prenosi u cijelosti: \u0625\u0646 \u0627\u0644\u062d\u0645\u062f \u0644\u0644\u0647\u060c \u0646\u062d\u0645\u062f\u0647 \u0648\u0646\u0633\u062a\u0639\u064a\u0646\u0647 \u0648\u0646\u0633\u062a\u063a\u0641\u0631\u0647\u060c \u0648\u0646\u0639\u0648\u0630 \u0628\u0627\u0644\u0644\u0647 \u0645\u0646 \u0634\u0631\u0648\u0631 \u0623\u0646\u0641\u0633\u0646\u0627 \u0648\u0633\u064a\u0651\u0626\u0627\u062a \u0623\u0639\u0645\u0627\u0644\u0646\u0627\u060c \u0645\u0646 \u064a\u0647\u062f \u0627\u0644\u0644\u0647 \u0641\u0644\u0627 \u0645\u0636\u0644\u0651 \u0644\u0647\u060c \u0648\u0645\u0646 \u064a\u0636\u0644\u0644\u0647 \u0641\u0644\u0627 \u0647\u0627\u062f\u064a \u0644\u0647\u060c \u0648\u0623\u0634\u0647\u062f \u0623\u0646 [&hellip;]<\/p>\n","protected":false},"author":13,"featured_media":47516,"comment_status":"open","ping_status":"open","sticky":false,"template":"","format":"standard","meta":{"footnotes":""},"categories":[2860,802],"tags":[],"class_list":{"0":"post-47515","1":"post","2":"type-post","3":"status-publish","4":"format-standard","5":"has-post-thumbnail","7":"category-bosna-i-hercegovina-gradovi","8":"category-islamska_zajednica"},"yoast_head":"<!-- This site is optimized with the Yoast SEO Premium plugin v23.1 (Yoast SEO v24.9) - https:\/\/yoast.com\/wordpress\/plugins\/seo\/ -->\n<title>\u010cetvrta ramazanska hutba reisu-l-uleme<\/title>\n<meta name=\"robots\" content=\"index, follow, max-snippet:-1, max-image-preview:large, max-video-preview:-1\" \/>\n<link rel=\"canonical\" href=\"https:\/\/sandzakpress.net\/arhiva\/cetvrta-ramazanska-hutba-reisu-l-uleme\/\" \/>\n<meta property=\"og:locale\" content=\"bs_BA\" \/>\n<meta property=\"og:type\" content=\"article\" \/>\n<meta property=\"og:title\" content=\"\u010cetvrta ramazanska hutba reisu-l-uleme\" \/>\n<meta property=\"og:description\" content=\"BiH &#8211; Reisu-l-ulema dr. Mustafa Ceri\u0107 je danas u Gazi Husrev begovoj d\u017eamiji u Sarajevu imamio d\u017eumu namaz i odr\u017eao hutbu. \u010cetvrtu ramazansku hutbu Reisu-l-uleme MINA prenosi u cijelosti: \u0625\u0646 \u0627\u0644\u062d\u0645\u062f \u0644\u0644\u0647\u060c \u0646\u062d\u0645\u062f\u0647 \u0648\u0646\u0633\u062a\u0639\u064a\u0646\u0647 \u0648\u0646\u0633\u062a\u063a\u0641\u0631\u0647\u060c \u0648\u0646\u0639\u0648\u0630 \u0628\u0627\u0644\u0644\u0647 \u0645\u0646 \u0634\u0631\u0648\u0631 \u0623\u0646\u0641\u0633\u0646\u0627 \u0648\u0633\u064a\u0651\u0626\u0627\u062a \u0623\u0639\u0645\u0627\u0644\u0646\u0627\u060c \u0645\u0646 \u064a\u0647\u062f \u0627\u0644\u0644\u0647 \u0641\u0644\u0627 \u0645\u0636\u0644\u0651 \u0644\u0647\u060c \u0648\u0645\u0646 \u064a\u0636\u0644\u0644\u0647 \u0641\u0644\u0627 \u0647\u0627\u062f\u064a \u0644\u0647\u060c \u0648\u0623\u0634\u0647\u062f \u0623\u0646 [&hellip;]\" \/>\n<meta property=\"og:url\" content=\"https:\/\/sandzakpress.net\/arhiva\/cetvrta-ramazanska-hutba-reisu-l-uleme\/\" \/>\n<meta property=\"og:site_name\" content=\"Sand\u017eak PRESS\" \/>\n<meta property=\"article:published_time\" content=\"2012-08-10T13:56:07+00:00\" \/>\n<meta property=\"og:image\" content=\"https:\/\/sandzakpress.net\/arhiva\/wp-content\/uploads\/2012\/08\/images2.jpg\" \/>\n\t<meta property=\"og:image:width\" content=\"191\" \/>\n\t<meta property=\"og:image:height\" content=\"263\" \/>\n\t<meta property=\"og:image:type\" content=\"image\/jpeg\" \/>\n<meta name=\"twitter:card\" content=\"summary_large_image\" \/>\n<meta name=\"twitter:label1\" content=\"Written by\" \/>\n\t<meta name=\"twitter:data1\" content=\"\" \/>\n\t<meta name=\"twitter:label2\" content=\"Est. reading time\" \/>\n\t<meta name=\"twitter:data2\" content=\"7 minuta\" \/>\n<script type=\"application\/ld+json\" class=\"yoast-schema-graph\">{\"@context\":\"https:\/\/schema.org\",\"@graph\":[{\"@type\":\"Article\",\"@id\":\"https:\/\/sandzakpress.net\/arhiva\/cetvrta-ramazanska-hutba-reisu-l-uleme\/#article\",\"isPartOf\":{\"@id\":\"https:\/\/sandzakpress.net\/arhiva\/cetvrta-ramazanska-hutba-reisu-l-uleme\/\"},\"author\":{\"name\":\"\",\"@id\":\"\"},\"headline\":\"\u010cetvrta ramazanska hutba reisu-l-uleme\",\"datePublished\":\"2012-08-10T13:56:07+00:00\",\"mainEntityOfPage\":{\"@id\":\"https:\/\/sandzakpress.net\/arhiva\/cetvrta-ramazanska-hutba-reisu-l-uleme\/\"},\"wordCount\":1449,\"commentCount\":0,\"publisher\":{\"@id\":\"https:\/\/sandzakpress.net\/arhiva\/#\/schema\/person\/6e72b67d6e51910a1117b3b483ba20bd\"},\"image\":{\"@id\":\"https:\/\/sandzakpress.net\/arhiva\/cetvrta-ramazanska-hutba-reisu-l-uleme\/#primaryimage\"},\"thumbnailUrl\":\"https:\/\/sandzakpress.net\/arhiva\/wp-content\/uploads\/2012\/08\/images2.jpg\",\"articleSection\":[\"Bosna i Hercegovina\",\"Islamska zajednica\"],\"inLanguage\":\"bs-BA\",\"potentialAction\":[{\"@type\":\"CommentAction\",\"name\":\"Comment\",\"target\":[\"https:\/\/sandzakpress.net\/arhiva\/cetvrta-ramazanska-hutba-reisu-l-uleme\/#respond\"]}]},{\"@type\":\"WebPage\",\"@id\":\"https:\/\/sandzakpress.net\/arhiva\/cetvrta-ramazanska-hutba-reisu-l-uleme\/\",\"url\":\"https:\/\/sandzakpress.net\/arhiva\/cetvrta-ramazanska-hutba-reisu-l-uleme\/\",\"name\":\"\u010cetvrta ramazanska hutba reisu-l-uleme\",\"isPartOf\":{\"@id\":\"https:\/\/sandzakpress.net\/arhiva\/#website\"},\"primaryImageOfPage\":{\"@id\":\"https:\/\/sandzakpress.net\/arhiva\/cetvrta-ramazanska-hutba-reisu-l-uleme\/#primaryimage\"},\"image\":{\"@id\":\"https:\/\/sandzakpress.net\/arhiva\/cetvrta-ramazanska-hutba-reisu-l-uleme\/#primaryimage\"},\"thumbnailUrl\":\"https:\/\/sandzakpress.net\/arhiva\/wp-content\/uploads\/2012\/08\/images2.jpg\",\"datePublished\":\"2012-08-10T13:56:07+00:00\",\"breadcrumb\":{\"@id\":\"https:\/\/sandzakpress.net\/arhiva\/cetvrta-ramazanska-hutba-reisu-l-uleme\/#breadcrumb\"},\"inLanguage\":\"bs-BA\",\"potentialAction\":[{\"@type\":\"ReadAction\",\"target\":[\"https:\/\/sandzakpress.net\/arhiva\/cetvrta-ramazanska-hutba-reisu-l-uleme\/\"]}]},{\"@type\":\"ImageObject\",\"inLanguage\":\"bs-BA\",\"@id\":\"https:\/\/sandzakpress.net\/arhiva\/cetvrta-ramazanska-hutba-reisu-l-uleme\/#primaryimage\",\"url\":\"https:\/\/sandzakpress.net\/arhiva\/wp-content\/uploads\/2012\/08\/images2.jpg\",\"contentUrl\":\"https:\/\/sandzakpress.net\/arhiva\/wp-content\/uploads\/2012\/08\/images2.jpg\",\"width\":191,\"height\":263},{\"@type\":\"BreadcrumbList\",\"@id\":\"https:\/\/sandzakpress.net\/arhiva\/cetvrta-ramazanska-hutba-reisu-l-uleme\/#breadcrumb\",\"itemListElement\":[{\"@type\":\"ListItem\",\"position\":1,\"name\":\"Home\",\"item\":\"https:\/\/sandzakpress.net\/arhiva\/\"},{\"@type\":\"ListItem\",\"position\":2,\"name\":\"\u010cetvrta ramazanska hutba reisu-l-uleme\"}]},{\"@type\":\"WebSite\",\"@id\":\"https:\/\/sandzakpress.net\/arhiva\/#website\",\"url\":\"https:\/\/sandzakpress.net\/arhiva\/\",\"name\":\"Sand\u017eak PRESS\",\"description\":\"Prve elektronske novine u Sand\u017eaku\",\"publisher\":{\"@id\":\"https:\/\/sandzakpress.net\/arhiva\/#\/schema\/person\/6e72b67d6e51910a1117b3b483ba20bd\"},\"potentialAction\":[{\"@type\":\"SearchAction\",\"target\":{\"@type\":\"EntryPoint\",\"urlTemplate\":\"https:\/\/sandzakpress.net\/arhiva\/?s={search_term_string}\"},\"query-input\":{\"@type\":\"PropertyValueSpecification\",\"valueRequired\":true,\"valueName\":\"search_term_string\"}}],\"inLanguage\":\"bs-BA\"},{\"@type\":[\"Person\",\"Organization\"],\"@id\":\"https:\/\/sandzakpress.net\/arhiva\/#\/schema\/person\/6e72b67d6e51910a1117b3b483ba20bd\",\"name\":\"Kul\",\"image\":{\"@type\":\"ImageObject\",\"inLanguage\":\"bs-BA\",\"@id\":\"https:\/\/sandzakpress.net\/arhiva\/#\/schema\/person\/image\/\",\"url\":\"https:\/\/secure.gravatar.com\/avatar\/42263f39aa27ac04c43cab85c280eb2e?s=96&d=mm&r=pg\",\"contentUrl\":\"https:\/\/secure.gravatar.com\/avatar\/42263f39aa27ac04c43cab85c280eb2e?s=96&d=mm&r=pg\",\"caption\":\"Kul\"},\"logo\":{\"@id\":\"https:\/\/sandzakpress.net\/arhiva\/#\/schema\/person\/image\/\"}},{\"@type\":\"Person\",\"@id\":\"\",\"url\":\"https:\/\/sandzakpress.net\/arhiva\/author\/\"}]}<\/script>\n<!-- \/ Yoast SEO Premium plugin. -->","yoast_head_json":{"title":"\u010cetvrta ramazanska hutba reisu-l-uleme","robots":{"index":"index","follow":"follow","max-snippet":"max-snippet:-1","max-image-preview":"max-image-preview:large","max-video-preview":"max-video-preview:-1"},"canonical":"https:\/\/sandzakpress.net\/arhiva\/cetvrta-ramazanska-hutba-reisu-l-uleme\/","og_locale":"bs_BA","og_type":"article","og_title":"\u010cetvrta ramazanska hutba reisu-l-uleme","og_description":"BiH &#8211; Reisu-l-ulema dr. Mustafa Ceri\u0107 je danas u Gazi Husrev begovoj d\u017eamiji u Sarajevu imamio d\u017eumu namaz i odr\u017eao hutbu. \u010cetvrtu ramazansku hutbu Reisu-l-uleme MINA prenosi u cijelosti: \u0625\u0646 \u0627\u0644\u062d\u0645\u062f \u0644\u0644\u0647\u060c \u0646\u062d\u0645\u062f\u0647 \u0648\u0646\u0633\u062a\u0639\u064a\u0646\u0647 \u0648\u0646\u0633\u062a\u063a\u0641\u0631\u0647\u060c \u0648\u0646\u0639\u0648\u0630 \u0628\u0627\u0644\u0644\u0647 \u0645\u0646 \u0634\u0631\u0648\u0631 \u0623\u0646\u0641\u0633\u0646\u0627 \u0648\u0633\u064a\u0651\u0626\u0627\u062a \u0623\u0639\u0645\u0627\u0644\u0646\u0627\u060c \u0645\u0646 \u064a\u0647\u062f \u0627\u0644\u0644\u0647 \u0641\u0644\u0627 \u0645\u0636\u0644\u0651 \u0644\u0647\u060c \u0648\u0645\u0646 \u064a\u0636\u0644\u0644\u0647 \u0641\u0644\u0627 \u0647\u0627\u062f\u064a \u0644\u0647\u060c \u0648\u0623\u0634\u0647\u062f \u0623\u0646 [&hellip;]","og_url":"https:\/\/sandzakpress.net\/arhiva\/cetvrta-ramazanska-hutba-reisu-l-uleme\/","og_site_name":"Sand\u017eak PRESS","article_published_time":"2012-08-10T13:56:07+00:00","og_image":[{"width":191,"height":263,"url":"https:\/\/sandzakpress.net\/arhiva\/wp-content\/uploads\/2012\/08\/images2.jpg","type":"image\/jpeg"}],"twitter_card":"summary_large_image","twitter_misc":{"Written by":"","Est. reading time":"7 minuta"},"schema":{"@context":"https:\/\/schema.org","@graph":[{"@type":"Article","@id":"https:\/\/sandzakpress.net\/arhiva\/cetvrta-ramazanska-hutba-reisu-l-uleme\/#article","isPartOf":{"@id":"https:\/\/sandzakpress.net\/arhiva\/cetvrta-ramazanska-hutba-reisu-l-uleme\/"},"author":{"name":"","@id":""},"headline":"\u010cetvrta ramazanska hutba reisu-l-uleme","datePublished":"2012-08-10T13:56:07+00:00","mainEntityOfPage":{"@id":"https:\/\/sandzakpress.net\/arhiva\/cetvrta-ramazanska-hutba-reisu-l-uleme\/"},"wordCount":1449,"commentCount":0,"publisher":{"@id":"https:\/\/sandzakpress.net\/arhiva\/#\/schema\/person\/6e72b67d6e51910a1117b3b483ba20bd"},"image":{"@id":"https:\/\/sandzakpress.net\/arhiva\/cetvrta-ramazanska-hutba-reisu-l-uleme\/#primaryimage"},"thumbnailUrl":"https:\/\/sandzakpress.net\/arhiva\/wp-content\/uploads\/2012\/08\/images2.jpg","articleSection":["Bosna i Hercegovina","Islamska zajednica"],"inLanguage":"bs-BA","potentialAction":[{"@type":"CommentAction","name":"Comment","target":["https:\/\/sandzakpress.net\/arhiva\/cetvrta-ramazanska-hutba-reisu-l-uleme\/#respond"]}]},{"@type":"WebPage","@id":"https:\/\/sandzakpress.net\/arhiva\/cetvrta-ramazanska-hutba-reisu-l-uleme\/","url":"https:\/\/sandzakpress.net\/arhiva\/cetvrta-ramazanska-hutba-reisu-l-uleme\/","name":"\u010cetvrta ramazanska hutba reisu-l-uleme","isPartOf":{"@id":"https:\/\/sandzakpress.net\/arhiva\/#website"},"primaryImageOfPage":{"@id":"https:\/\/sandzakpress.net\/arhiva\/cetvrta-ramazanska-hutba-reisu-l-uleme\/#primaryimage"},"image":{"@id":"https:\/\/sandzakpress.net\/arhiva\/cetvrta-ramazanska-hutba-reisu-l-uleme\/#primaryimage"},"thumbnailUrl":"https:\/\/sandzakpress.net\/arhiva\/wp-content\/uploads\/2012\/08\/images2.jpg","datePublished":"2012-08-10T13:56:07+00:00","breadcrumb":{"@id":"https:\/\/sandzakpress.net\/arhiva\/cetvrta-ramazanska-hutba-reisu-l-uleme\/#breadcrumb"},"inLanguage":"bs-BA","potentialAction":[{"@type":"ReadAction","target":["https:\/\/sandzakpress.net\/arhiva\/cetvrta-ramazanska-hutba-reisu-l-uleme\/"]}]},{"@type":"ImageObject","inLanguage":"bs-BA","@id":"https:\/\/sandzakpress.net\/arhiva\/cetvrta-ramazanska-hutba-reisu-l-uleme\/#primaryimage","url":"https:\/\/sandzakpress.net\/arhiva\/wp-content\/uploads\/2012\/08\/images2.jpg","contentUrl":"https:\/\/sandzakpress.net\/arhiva\/wp-content\/uploads\/2012\/08\/images2.jpg","width":191,"height":263},{"@type":"BreadcrumbList","@id":"https:\/\/sandzakpress.net\/arhiva\/cetvrta-ramazanska-hutba-reisu-l-uleme\/#breadcrumb","itemListElement":[{"@type":"ListItem","position":1,"name":"Home","item":"https:\/\/sandzakpress.net\/arhiva\/"},{"@type":"ListItem","position":2,"name":"\u010cetvrta ramazanska hutba reisu-l-uleme"}]},{"@type":"WebSite","@id":"https:\/\/sandzakpress.net\/arhiva\/#website","url":"https:\/\/sandzakpress.net\/arhiva\/","name":"Sand\u017eak PRESS","description":"Prve elektronske novine u Sand\u017eaku","publisher":{"@id":"https:\/\/sandzakpress.net\/arhiva\/#\/schema\/person\/6e72b67d6e51910a1117b3b483ba20bd"},"potentialAction":[{"@type":"SearchAction","target":{"@type":"EntryPoint","urlTemplate":"https:\/\/sandzakpress.net\/arhiva\/?s={search_term_string}"},"query-input":{"@type":"PropertyValueSpecification","valueRequired":true,"valueName":"search_term_string"}}],"inLanguage":"bs-BA"},{"@type":["Person","Organization"],"@id":"https:\/\/sandzakpress.net\/arhiva\/#\/schema\/person\/6e72b67d6e51910a1117b3b483ba20bd","name":"Kul","image":{"@type":"ImageObject","inLanguage":"bs-BA","@id":"https:\/\/sandzakpress.net\/arhiva\/#\/schema\/person\/image\/","url":"https:\/\/secure.gravatar.com\/avatar\/42263f39aa27ac04c43cab85c280eb2e?s=96&d=mm&r=pg","contentUrl":"https:\/\/secure.gravatar.com\/avatar\/42263f39aa27ac04c43cab85c280eb2e?s=96&d=mm&r=pg","caption":"Kul"},"logo":{"@id":"https:\/\/sandzakpress.net\/arhiva\/#\/schema\/person\/image\/"}},{"@type":"Person","@id":"","url":"https:\/\/sandzakpress.net\/arhiva\/author\/"}]}},"_links":{"self":[{"href":"https:\/\/sandzakpress.net\/arhiva\/wp-json\/wp\/v2\/posts\/47515"}],"collection":[{"href":"https:\/\/sandzakpress.net\/arhiva\/wp-json\/wp\/v2\/posts"}],"about":[{"href":"https:\/\/sandzakpress.net\/arhiva\/wp-json\/wp\/v2\/types\/post"}],"author":[{"embeddable":true,"href":"https:\/\/sandzakpress.net\/arhiva\/wp-json\/wp\/v2\/users\/13"}],"replies":[{"embeddable":true,"href":"https:\/\/sandzakpress.net\/arhiva\/wp-json\/wp\/v2\/comments?post=47515"}],"version-history":[{"count":0,"href":"https:\/\/sandzakpress.net\/arhiva\/wp-json\/wp\/v2\/posts\/47515\/revisions"}],"wp:featuredmedia":[{"embeddable":true,"href":"https:\/\/sandzakpress.net\/arhiva\/wp-json\/wp\/v2\/media\/47516"}],"wp:attachment":[{"href":"https:\/\/sandzakpress.net\/arhiva\/wp-json\/wp\/v2\/media?parent=47515"}],"wp:term":[{"taxonomy":"category","embeddable":true,"href":"https:\/\/sandzakpress.net\/arhiva\/wp-json\/wp\/v2\/categories?post=47515"},{"taxonomy":"post_tag","embeddable":true,"href":"https:\/\/sandzakpress.net\/arhiva\/wp-json\/wp\/v2\/tags?post=47515"}],"curies":[{"name":"wp","href":"https:\/\/api.w.org\/{rel}","templated":true}]}}