{"id":47416,"date":"2012-08-08T14:45:19","date_gmt":"2012-08-08T12:45:19","guid":{"rendered":"https:\/\/sandzakpress.net\/arhiva\/?p=47416"},"modified":"2012-08-08T14:45:19","modified_gmt":"2012-08-08T12:45:19","slug":"posjeta-delegacije-islamske-zajednice-kuvajtu","status":"publish","type":"post","link":"https:\/\/sandzakpress.net\/arhiva\/posjeta-delegacije-islamske-zajednice-kuvajtu\/","title":{"rendered":"Posjeta delegacije Islamske zajednice Kuvajtu"},"content":{"rendered":"<p><strong><a href=\"https:\/\/sandzakpress.net\/arhiva\/wp-content\/uploads\/2012\/08\/del-iz-kuv-08-2012-1.jpg\"><img loading=\"lazy\" decoding=\"async\" class=\"alignleft size-medium wp-image-47417\" title=\"del-iz-kuv-08-2012-1\" src=\"https:\/\/sandzakpress.net\/arhiva\/wp-content\/uploads\/2012\/08\/del-iz-kuv-08-2012-1-300x198.jpg\" alt=\"\" width=\"300\" height=\"198\" \/><\/a>BiH &#8211; Na poziv Ministarstva vakufa Kuvajta u  slu\u017ebenoj posjeti ovoj dr\u017eavi od 29. jula do 5. avgusta boravila je  visoka delegacija Islamske zajednice na \u010delu sa reisu-l-ulemom dr.  Mustafom Ceri\u0107em. <\/strong><\/p>\n<p>Pored reisu-l-uleme u delegaciji su bili: mr. Senaid  Zajimovi\u0107, direktor Vakufske direkcije, Vesim Subhi, koordinator u Uredu  za odnose sa islamskim svijetom i mr. Senad \u0106eman, direktor Centra za  dijalog \u2013 vesetija.<\/p>\n<p><strong>Reisu-l-ulema i direktor Vakufske direkcije kod Emira Kuvajta Sabaha Al-Ahmeda Sabaha<\/strong><\/p>\n<p>Cilj posjete bio je prijem kod Emira  Kuvajta, potpisivanje Memoranduma o saradnji i razumijevanju izme\u0111u  Me\u0111unarodnog centra za promociju srednjeg puta \u2013 al-wasatijja iz Kuvajta  i Islamske zajednice u BiH, te posjeta institucijama s kojima IZ  sara\u0111uje na planu ja\u010danja i razvijanja vakufa.<\/p>\n<p><strong>Prijem kod Emira Kuvajta<\/strong><\/p>\n<p>Emir Kuvajta Sabah al-Ahmad Sabah je u  prisustvu ministra divana e\u0161-\u0161ejha Ali D\u017eerraha, primio reisu-l-ulemu  dr. Mustafu Ceri\u0107a i hafiza mr. Senaida Zajimovi\u0107a, direktora Vakufske  direkcije.<\/p>\n<p>Reisu-l-ulema je prenio tople selame  Emiru Kuvajta Sabahu al-Ahmedu Sabahu i zahvalio mu se na brizi i pomo\u0107i  koju on osobno i narod Kuvajta pru\u017eaju u obnovi Bosne i Hercegovine.<\/p>\n<p>\u201eVa\u0161a visosti, od srca Vam \u017eelim sretan  mubarek ramazan i koristim se ovom prilikom da Vam u ime Islamske  zajednice u Bosni i Hercegovini po\u017eelim dug \u017eivot i dobro zdravlje\u201c &#8211;  kazao je izme\u0111u ostalog reisu-l-ulema obra\u0107aju\u0107i se Emiru Kuvajta.<\/p>\n<p>Reisu-l-ulema je zatim ukratko  predstavio Emiru Kuvajta aktivnosti Islamske zajednice u Bosni i  Hercegovini, sa posebnim osvrtom na projekte koje trenutno realizira IZ.  Posebno je predstavljen projekat vesetijje \u2013 promocije srednjeg puta.<\/p>\n<p>Emir Kuvajta Sabah al-Ahmad Sabah se  zahvalio reisu-l-ulemi Ceri\u0107u na \u010destitkama i zamolio ga da prenese  iskrene pozdrave svim gra\u0111anima na\u0161e zemlje sa \u017eeljom da Bosna i  Hercegovina nastavi svoj put mira i pomirenja za dobrobit svih ljudi  dobre volje. Ina\u010de je ovo druga posjeta Reisu-l-uleme Emiru Kuvajta.<\/p>\n<p><strong>Me\u0111unarodni centar Al-Wasatijja<\/strong><\/p>\n<p>Delegaciju IZ primio je dr. Adil Felah,  zamjenik ministra vakufa Kuvajta i predsjednik Me\u0111unarodnog centra za  promociju srednjeg puta \u2013 al-wasatijja. Radi se o Centru koji promovira  umjerenost i ideju o srednjem konceptu u promi\u0161ljanju i pona\u0161anju. Bori  se protiv intelektualnih i moralnih devijacija. Poziva ljude na put  islama i put pozitivne interakcije izme\u0111u civilizacija na temelju  univerzalnosti islama i misije koja zagovara mir i su\u017eivot.<\/p>\n<p>Od samog po\u010detka, Ministarstvo vakufa i  islamskih poslova Kuvajta ideju umjerenosti je postavilo temeljem i  principom rada i djelovanja svojih slu\u017ebenika.<\/p>\n<p>Reisu-l-ulema, u ime Islamske zajednice u  BiH i dr. Adil Felah, u ime Me\u0111unarodnog centra za promociju srednjeg  puta \u2013 al-wasatijja, potpisali su Memorandum o razumijevanju i suradnji.  Memorandum, izme\u0111u ostalog, predvi\u0111a i pomo\u0107 u finansiranju rada Centra  u BiH, kao i osnivanje predstavni\u0161tava u drugim zemljama na Balkanu.  Naime, Sabor IZ je ove godine donio odluku o osnivanju Centra za dijalog  \u2013 vesatijja koji \u0107e se baviti promocijom srednjeg puta u tuma\u010denju  islama.<\/p>\n<p><strong>Posjeta Generalnom sekretarijatu vakufa Kuvajta<\/strong><\/p>\n<p>Delegaciju Islamske zajednice u Bosni i  Hercegovini primio je i dr. Abdul-Muhsin el-Hurafi, generalni sekretar  Kuvajtskog generalnog sekretarijata za vakufe i njegov zamjenik gosp.  Muhammed el-D\u017eelahimeh.<\/p>\n<p>Reisu-l-ulema se zahvalio generalnom  sekretaru na pomo\u0107i koju Generalni kuvajtski sekretarijat pru\u017ea IZ,  posebno na uspje\u0161noj realizaciji dosada\u0161njih projekata. Na sastanku je  reisu-l-ulema istakao da je glavni razlog posjete Kuvajtu, pored posjete  Emiru Kuvajta i potpisivanja Memoranduma o saradnji i razumijevanju,  ustvari, ja\u010danje veza i konkretiziranje saradnje izme\u0111u kuvajtskih  vakufskih institucija i IZ u BiH. Razgovarano je o do sada uspje\u0161no  realiziranim projektima koje ispred IZ vodi Vakufska direkcija, kao i o  projektima \u010dija je realizacija u toku, posebno o projektu identifikacije  i uknji\u017ebe vakufa u RS. Zatim o uspje\u0161no organiziranim seminarima u  Sarajevu i Kuvajtu. Konstatovano je da je Vakufska direkcija dostojan  partner u realizaciji projekata Generalnog kuvajtskog sekretarijata. Na  sastanku je dogovorena saradnja u svim segmentima, a posebno obuka  kadrova Vakufske direkcije u oblasti upravljanja, razvoja i  investicijskog poslovanja u vakufima. Tako\u0111er, na sastanku je dogovorena  realizacija novih projekata od op\u0107eg interesa za muslimane u BiH.<\/p>\n<p><strong>Posjeta Me\u0111unarodnoj islamskoj humanitarnoj organizaciji<\/strong><\/p>\n<p>Me\u0111unarodna islamska humanitarna  organizacija pru\u017ea humanitarne usluge potla\u010denim i potrebnim u cijelom  svijetu, bez diskriminacije ili netrpeljivosti daleko od uplitanja u  politiku i etni\u010dke sukobe. Humanitarne aktivnosti ove organizacije  odvijaju se kroz ekonomske, zdravstvene, obrazovne, kulturne i socijalne  programe. Osnovana je 1986. godine.<\/p>\n<p>Doma\u0107in na\u0161oj delegaciji bio je dr.  Abdullah Ma'tuk, generalni direktor Organizacije i biv\u0161i ministar vakufa  u vladi Kuvajta. Razgovarano je o mogu\u0107nosti jo\u0161 ve\u0107e saradnje izme\u0111u  Me\u0111unarodne islamske humanitarne organizacije i IZ u BiH.<\/p>\n<p><strong>Bejt ez-zekat<\/strong><\/p>\n<p>Kuvajtski Fond Zekata osnovan je 1982.  kao javna ustanova s neovisnim bud\u017eetom. Djeluje pod nadzorom ministra  vakufa i islamskih poslova. Njegovim osnivanjem olak\u0161an je put  prikupljanja i raspodjele zekata kao i njegova podjela i to na najbolji i  naju\u010dinkovitiji na\u010din u skladu sa zakonom i potrebama dru\u0161tva.  Kuvajtski Fond zekata vrlo je aktivno u\u010destvovao u projektima Islamske  zajednice i oporavka bh. dru\u0161tva. Osim redovnih projekata sa IZ, ovaj  Fond ve\u0107 nekoliko godina putem Fonda \u201eBo\u0161njaci&#8221; koji djeluje u sastavu  Vakufske direkcije, stipendira 50 studenata na godi\u0161njem nivou.<\/p>\n<p>U Bejt ez-zekatu delegaciju IZ primio je  Halid el-Husejni, zamjenik generalnog direktora Bejt ez-zekata.  Sastanku su prisustvovali \u0161efovi pojedinih slu\u017ebi, posebno onih koje ve\u0107  imaju saradnju sa IZ u BiH. Reisu-l-ulema se u svom obra\u0107anju zahvalio  na dosada\u0161njoj pomo\u0107i ove va\u017ene i sna\u017ene institucije. Objasnio je  doma\u0107inima sistem funkcioniranja Ureda za zekat IZ u BiH kao i na\u010din  ubiranja i distribucije zekata u BiH. Na sastanku je dogovoreno  organiziranje seminara za kadrove koji u BiH direktno ili indirektno  rade na ubiranju i distribuciji zekata. Predvi\u0111eno je da se seminar  organizira u Kuvajtu u maju 2013. godine. Ovaj projekat bio bi uvod u  jo\u0161 tje\u0161nju saradnju izme\u0111u Fonda zekata iz Kuvajta i Ureda za zekat pri  IZ u BiH.<\/p>\n<p>Osim ovih posjeta delegacija IZ se  sastala i sa drugim va\u017enim vjerskim, politi\u010dkim i ekonomskim li\u010dnostima  Kuvajta. Me\u0111u njima su i dr. Mutlak el-Karawi, pomo\u0107nik zamjenika  ministra vakufa i \u010dlan Upravnog odbora Centra za dijalog \u2013 vesatijja u  BiH, dr. Abdul-Vehhab \u0160ai'a, predsjednik Upravnog odbora Centra za  kulturu i suradnju, te mnogi drugi prijatelji IZ i BiH.<\/p>\n<p>(Rijaset)<\/p>\n","protected":false},"excerpt":{"rendered":"<p>BiH &#8211; Na poziv Ministarstva vakufa Kuvajta u slu\u017ebenoj posjeti ovoj dr\u017eavi od 29. jula do 5. avgusta boravila je visoka delegacija Islamske zajednice na \u010delu sa reisu-l-ulemom dr. Mustafom Ceri\u0107em. Pored reisu-l-uleme u delegaciji su bili: mr. Senaid Zajimovi\u0107, direktor Vakufske direkcije, Vesim Subhi, koordinator u Uredu za odnose sa islamskim svijetom i mr. [&hellip;]<\/p>\n","protected":false},"author":13,"featured_media":47417,"comment_status":"open","ping_status":"open","sticky":false,"template":"","format":"standard","meta":{"footnotes":""},"categories":[2860,802],"tags":[],"class_list":{"0":"post-47416","1":"post","2":"type-post","3":"status-publish","4":"format-standard","5":"has-post-thumbnail","7":"category-bosna-i-hercegovina-gradovi","8":"category-islamska_zajednica"},"yoast_head":"<!-- This site is optimized with the Yoast SEO Premium plugin v23.1 (Yoast SEO v24.9) - https:\/\/yoast.com\/wordpress\/plugins\/seo\/ -->\n<title>Posjeta delegacije Islamske zajednice Kuvajtu<\/title>\n<meta name=\"robots\" content=\"index, follow, max-snippet:-1, max-image-preview:large, max-video-preview:-1\" \/>\n<link rel=\"canonical\" href=\"https:\/\/sandzakpress.net\/arhiva\/posjeta-delegacije-islamske-zajednice-kuvajtu\/\" \/>\n<meta property=\"og:locale\" content=\"bs_BA\" \/>\n<meta property=\"og:type\" content=\"article\" \/>\n<meta property=\"og:title\" content=\"Posjeta delegacije Islamske zajednice Kuvajtu\" \/>\n<meta property=\"og:description\" content=\"BiH &#8211; Na poziv Ministarstva vakufa Kuvajta u slu\u017ebenoj posjeti ovoj dr\u017eavi od 29. jula do 5. avgusta boravila je visoka delegacija Islamske zajednice na \u010delu sa reisu-l-ulemom dr. Mustafom Ceri\u0107em. Pored reisu-l-uleme u delegaciji su bili: mr. Senaid Zajimovi\u0107, direktor Vakufske direkcije, Vesim Subhi, koordinator u Uredu za odnose sa islamskim svijetom i mr. [&hellip;]\" \/>\n<meta property=\"og:url\" content=\"https:\/\/sandzakpress.net\/arhiva\/posjeta-delegacije-islamske-zajednice-kuvajtu\/\" \/>\n<meta property=\"og:site_name\" content=\"Sand\u017eak PRESS\" \/>\n<meta property=\"article:published_time\" content=\"2012-08-08T12:45:19+00:00\" \/>\n<meta property=\"og:image\" content=\"https:\/\/sandzakpress.net\/arhiva\/wp-content\/uploads\/2012\/08\/del-iz-kuv-08-2012-1.jpg\" \/>\n\t<meta property=\"og:image:width\" content=\"616\" \/>\n\t<meta property=\"og:image:height\" content=\"408\" \/>\n\t<meta property=\"og:image:type\" content=\"image\/jpeg\" \/>\n<meta name=\"twitter:card\" content=\"summary_large_image\" \/>\n<meta name=\"twitter:label1\" content=\"Written by\" \/>\n\t<meta name=\"twitter:data1\" content=\"\" \/>\n\t<meta name=\"twitter:label2\" content=\"Est. reading time\" \/>\n\t<meta name=\"twitter:data2\" content=\"5 minuta\" \/>\n<script type=\"application\/ld+json\" class=\"yoast-schema-graph\">{\"@context\":\"https:\/\/schema.org\",\"@graph\":[{\"@type\":\"Article\",\"@id\":\"https:\/\/sandzakpress.net\/arhiva\/posjeta-delegacije-islamske-zajednice-kuvajtu\/#article\",\"isPartOf\":{\"@id\":\"https:\/\/sandzakpress.net\/arhiva\/posjeta-delegacije-islamske-zajednice-kuvajtu\/\"},\"author\":{\"name\":\"\",\"@id\":\"\"},\"headline\":\"Posjeta delegacije Islamske zajednice Kuvajtu\",\"datePublished\":\"2012-08-08T12:45:19+00:00\",\"mainEntityOfPage\":{\"@id\":\"https:\/\/sandzakpress.net\/arhiva\/posjeta-delegacije-islamske-zajednice-kuvajtu\/\"},\"wordCount\":1066,\"commentCount\":0,\"publisher\":{\"@id\":\"https:\/\/sandzakpress.net\/arhiva\/#\/schema\/person\/6e72b67d6e51910a1117b3b483ba20bd\"},\"image\":{\"@id\":\"https:\/\/sandzakpress.net\/arhiva\/posjeta-delegacije-islamske-zajednice-kuvajtu\/#primaryimage\"},\"thumbnailUrl\":\"https:\/\/sandzakpress.net\/arhiva\/wp-content\/uploads\/2012\/08\/del-iz-kuv-08-2012-1.jpg\",\"articleSection\":[\"Bosna i Hercegovina\",\"Islamska zajednica\"],\"inLanguage\":\"bs-BA\",\"potentialAction\":[{\"@type\":\"CommentAction\",\"name\":\"Comment\",\"target\":[\"https:\/\/sandzakpress.net\/arhiva\/posjeta-delegacije-islamske-zajednice-kuvajtu\/#respond\"]}]},{\"@type\":\"WebPage\",\"@id\":\"https:\/\/sandzakpress.net\/arhiva\/posjeta-delegacije-islamske-zajednice-kuvajtu\/\",\"url\":\"https:\/\/sandzakpress.net\/arhiva\/posjeta-delegacije-islamske-zajednice-kuvajtu\/\",\"name\":\"Posjeta delegacije Islamske zajednice Kuvajtu\",\"isPartOf\":{\"@id\":\"https:\/\/sandzakpress.net\/arhiva\/#website\"},\"primaryImageOfPage\":{\"@id\":\"https:\/\/sandzakpress.net\/arhiva\/posjeta-delegacije-islamske-zajednice-kuvajtu\/#primaryimage\"},\"image\":{\"@id\":\"https:\/\/sandzakpress.net\/arhiva\/posjeta-delegacije-islamske-zajednice-kuvajtu\/#primaryimage\"},\"thumbnailUrl\":\"https:\/\/sandzakpress.net\/arhiva\/wp-content\/uploads\/2012\/08\/del-iz-kuv-08-2012-1.jpg\",\"datePublished\":\"2012-08-08T12:45:19+00:00\",\"breadcrumb\":{\"@id\":\"https:\/\/sandzakpress.net\/arhiva\/posjeta-delegacije-islamske-zajednice-kuvajtu\/#breadcrumb\"},\"inLanguage\":\"bs-BA\",\"potentialAction\":[{\"@type\":\"ReadAction\",\"target\":[\"https:\/\/sandzakpress.net\/arhiva\/posjeta-delegacije-islamske-zajednice-kuvajtu\/\"]}]},{\"@type\":\"ImageObject\",\"inLanguage\":\"bs-BA\",\"@id\":\"https:\/\/sandzakpress.net\/arhiva\/posjeta-delegacije-islamske-zajednice-kuvajtu\/#primaryimage\",\"url\":\"https:\/\/sandzakpress.net\/arhiva\/wp-content\/uploads\/2012\/08\/del-iz-kuv-08-2012-1.jpg\",\"contentUrl\":\"https:\/\/sandzakpress.net\/arhiva\/wp-content\/uploads\/2012\/08\/del-iz-kuv-08-2012-1.jpg\",\"width\":616,\"height\":408},{\"@type\":\"BreadcrumbList\",\"@id\":\"https:\/\/sandzakpress.net\/arhiva\/posjeta-delegacije-islamske-zajednice-kuvajtu\/#breadcrumb\",\"itemListElement\":[{\"@type\":\"ListItem\",\"position\":1,\"name\":\"Home\",\"item\":\"https:\/\/sandzakpress.net\/arhiva\/\"},{\"@type\":\"ListItem\",\"position\":2,\"name\":\"Posjeta delegacije Islamske zajednice Kuvajtu\"}]},{\"@type\":\"WebSite\",\"@id\":\"https:\/\/sandzakpress.net\/arhiva\/#website\",\"url\":\"https:\/\/sandzakpress.net\/arhiva\/\",\"name\":\"Sand\u017eak PRESS\",\"description\":\"Prve elektronske novine u Sand\u017eaku\",\"publisher\":{\"@id\":\"https:\/\/sandzakpress.net\/arhiva\/#\/schema\/person\/6e72b67d6e51910a1117b3b483ba20bd\"},\"potentialAction\":[{\"@type\":\"SearchAction\",\"target\":{\"@type\":\"EntryPoint\",\"urlTemplate\":\"https:\/\/sandzakpress.net\/arhiva\/?s={search_term_string}\"},\"query-input\":{\"@type\":\"PropertyValueSpecification\",\"valueRequired\":true,\"valueName\":\"search_term_string\"}}],\"inLanguage\":\"bs-BA\"},{\"@type\":[\"Person\",\"Organization\"],\"@id\":\"https:\/\/sandzakpress.net\/arhiva\/#\/schema\/person\/6e72b67d6e51910a1117b3b483ba20bd\",\"name\":\"Kul\",\"image\":{\"@type\":\"ImageObject\",\"inLanguage\":\"bs-BA\",\"@id\":\"https:\/\/sandzakpress.net\/arhiva\/#\/schema\/person\/image\/\",\"url\":\"https:\/\/secure.gravatar.com\/avatar\/42263f39aa27ac04c43cab85c280eb2e?s=96&d=mm&r=pg\",\"contentUrl\":\"https:\/\/secure.gravatar.com\/avatar\/42263f39aa27ac04c43cab85c280eb2e?s=96&d=mm&r=pg\",\"caption\":\"Kul\"},\"logo\":{\"@id\":\"https:\/\/sandzakpress.net\/arhiva\/#\/schema\/person\/image\/\"}},{\"@type\":\"Person\",\"@id\":\"\",\"url\":\"https:\/\/sandzakpress.net\/arhiva\/author\/\"}]}<\/script>\n<!-- \/ Yoast SEO Premium plugin. -->","yoast_head_json":{"title":"Posjeta delegacije Islamske zajednice Kuvajtu","robots":{"index":"index","follow":"follow","max-snippet":"max-snippet:-1","max-image-preview":"max-image-preview:large","max-video-preview":"max-video-preview:-1"},"canonical":"https:\/\/sandzakpress.net\/arhiva\/posjeta-delegacije-islamske-zajednice-kuvajtu\/","og_locale":"bs_BA","og_type":"article","og_title":"Posjeta delegacije Islamske zajednice Kuvajtu","og_description":"BiH &#8211; Na poziv Ministarstva vakufa Kuvajta u slu\u017ebenoj posjeti ovoj dr\u017eavi od 29. jula do 5. avgusta boravila je visoka delegacija Islamske zajednice na \u010delu sa reisu-l-ulemom dr. Mustafom Ceri\u0107em. Pored reisu-l-uleme u delegaciji su bili: mr. Senaid Zajimovi\u0107, direktor Vakufske direkcije, Vesim Subhi, koordinator u Uredu za odnose sa islamskim svijetom i mr. [&hellip;]","og_url":"https:\/\/sandzakpress.net\/arhiva\/posjeta-delegacije-islamske-zajednice-kuvajtu\/","og_site_name":"Sand\u017eak PRESS","article_published_time":"2012-08-08T12:45:19+00:00","og_image":[{"width":616,"height":408,"url":"https:\/\/sandzakpress.net\/arhiva\/wp-content\/uploads\/2012\/08\/del-iz-kuv-08-2012-1.jpg","type":"image\/jpeg"}],"twitter_card":"summary_large_image","twitter_misc":{"Written by":"","Est. reading time":"5 minuta"},"schema":{"@context":"https:\/\/schema.org","@graph":[{"@type":"Article","@id":"https:\/\/sandzakpress.net\/arhiva\/posjeta-delegacije-islamske-zajednice-kuvajtu\/#article","isPartOf":{"@id":"https:\/\/sandzakpress.net\/arhiva\/posjeta-delegacije-islamske-zajednice-kuvajtu\/"},"author":{"name":"","@id":""},"headline":"Posjeta delegacije Islamske zajednice Kuvajtu","datePublished":"2012-08-08T12:45:19+00:00","mainEntityOfPage":{"@id":"https:\/\/sandzakpress.net\/arhiva\/posjeta-delegacije-islamske-zajednice-kuvajtu\/"},"wordCount":1066,"commentCount":0,"publisher":{"@id":"https:\/\/sandzakpress.net\/arhiva\/#\/schema\/person\/6e72b67d6e51910a1117b3b483ba20bd"},"image":{"@id":"https:\/\/sandzakpress.net\/arhiva\/posjeta-delegacije-islamske-zajednice-kuvajtu\/#primaryimage"},"thumbnailUrl":"https:\/\/sandzakpress.net\/arhiva\/wp-content\/uploads\/2012\/08\/del-iz-kuv-08-2012-1.jpg","articleSection":["Bosna i Hercegovina","Islamska zajednica"],"inLanguage":"bs-BA","potentialAction":[{"@type":"CommentAction","name":"Comment","target":["https:\/\/sandzakpress.net\/arhiva\/posjeta-delegacije-islamske-zajednice-kuvajtu\/#respond"]}]},{"@type":"WebPage","@id":"https:\/\/sandzakpress.net\/arhiva\/posjeta-delegacije-islamske-zajednice-kuvajtu\/","url":"https:\/\/sandzakpress.net\/arhiva\/posjeta-delegacije-islamske-zajednice-kuvajtu\/","name":"Posjeta delegacije Islamske zajednice Kuvajtu","isPartOf":{"@id":"https:\/\/sandzakpress.net\/arhiva\/#website"},"primaryImageOfPage":{"@id":"https:\/\/sandzakpress.net\/arhiva\/posjeta-delegacije-islamske-zajednice-kuvajtu\/#primaryimage"},"image":{"@id":"https:\/\/sandzakpress.net\/arhiva\/posjeta-delegacije-islamske-zajednice-kuvajtu\/#primaryimage"},"thumbnailUrl":"https:\/\/sandzakpress.net\/arhiva\/wp-content\/uploads\/2012\/08\/del-iz-kuv-08-2012-1.jpg","datePublished":"2012-08-08T12:45:19+00:00","breadcrumb":{"@id":"https:\/\/sandzakpress.net\/arhiva\/posjeta-delegacije-islamske-zajednice-kuvajtu\/#breadcrumb"},"inLanguage":"bs-BA","potentialAction":[{"@type":"ReadAction","target":["https:\/\/sandzakpress.net\/arhiva\/posjeta-delegacije-islamske-zajednice-kuvajtu\/"]}]},{"@type":"ImageObject","inLanguage":"bs-BA","@id":"https:\/\/sandzakpress.net\/arhiva\/posjeta-delegacije-islamske-zajednice-kuvajtu\/#primaryimage","url":"https:\/\/sandzakpress.net\/arhiva\/wp-content\/uploads\/2012\/08\/del-iz-kuv-08-2012-1.jpg","contentUrl":"https:\/\/sandzakpress.net\/arhiva\/wp-content\/uploads\/2012\/08\/del-iz-kuv-08-2012-1.jpg","width":616,"height":408},{"@type":"BreadcrumbList","@id":"https:\/\/sandzakpress.net\/arhiva\/posjeta-delegacije-islamske-zajednice-kuvajtu\/#breadcrumb","itemListElement":[{"@type":"ListItem","position":1,"name":"Home","item":"https:\/\/sandzakpress.net\/arhiva\/"},{"@type":"ListItem","position":2,"name":"Posjeta delegacije Islamske zajednice Kuvajtu"}]},{"@type":"WebSite","@id":"https:\/\/sandzakpress.net\/arhiva\/#website","url":"https:\/\/sandzakpress.net\/arhiva\/","name":"Sand\u017eak PRESS","description":"Prve elektronske novine u Sand\u017eaku","publisher":{"@id":"https:\/\/sandzakpress.net\/arhiva\/#\/schema\/person\/6e72b67d6e51910a1117b3b483ba20bd"},"potentialAction":[{"@type":"SearchAction","target":{"@type":"EntryPoint","urlTemplate":"https:\/\/sandzakpress.net\/arhiva\/?s={search_term_string}"},"query-input":{"@type":"PropertyValueSpecification","valueRequired":true,"valueName":"search_term_string"}}],"inLanguage":"bs-BA"},{"@type":["Person","Organization"],"@id":"https:\/\/sandzakpress.net\/arhiva\/#\/schema\/person\/6e72b67d6e51910a1117b3b483ba20bd","name":"Kul","image":{"@type":"ImageObject","inLanguage":"bs-BA","@id":"https:\/\/sandzakpress.net\/arhiva\/#\/schema\/person\/image\/","url":"https:\/\/secure.gravatar.com\/avatar\/42263f39aa27ac04c43cab85c280eb2e?s=96&d=mm&r=pg","contentUrl":"https:\/\/secure.gravatar.com\/avatar\/42263f39aa27ac04c43cab85c280eb2e?s=96&d=mm&r=pg","caption":"Kul"},"logo":{"@id":"https:\/\/sandzakpress.net\/arhiva\/#\/schema\/person\/image\/"}},{"@type":"Person","@id":"","url":"https:\/\/sandzakpress.net\/arhiva\/author\/"}]}},"_links":{"self":[{"href":"https:\/\/sandzakpress.net\/arhiva\/wp-json\/wp\/v2\/posts\/47416"}],"collection":[{"href":"https:\/\/sandzakpress.net\/arhiva\/wp-json\/wp\/v2\/posts"}],"about":[{"href":"https:\/\/sandzakpress.net\/arhiva\/wp-json\/wp\/v2\/types\/post"}],"author":[{"embeddable":true,"href":"https:\/\/sandzakpress.net\/arhiva\/wp-json\/wp\/v2\/users\/13"}],"replies":[{"embeddable":true,"href":"https:\/\/sandzakpress.net\/arhiva\/wp-json\/wp\/v2\/comments?post=47416"}],"version-history":[{"count":0,"href":"https:\/\/sandzakpress.net\/arhiva\/wp-json\/wp\/v2\/posts\/47416\/revisions"}],"wp:featuredmedia":[{"embeddable":true,"href":"https:\/\/sandzakpress.net\/arhiva\/wp-json\/wp\/v2\/media\/47417"}],"wp:attachment":[{"href":"https:\/\/sandzakpress.net\/arhiva\/wp-json\/wp\/v2\/media?parent=47416"}],"wp:term":[{"taxonomy":"category","embeddable":true,"href":"https:\/\/sandzakpress.net\/arhiva\/wp-json\/wp\/v2\/categories?post=47416"},{"taxonomy":"post_tag","embeddable":true,"href":"https:\/\/sandzakpress.net\/arhiva\/wp-json\/wp\/v2\/tags?post=47416"}],"curies":[{"name":"wp","href":"https:\/\/api.w.org\/{rel}","templated":true}]}}