{"id":47333,"date":"2012-08-07T16:06:01","date_gmt":"2012-08-07T14:06:01","guid":{"rendered":"https:\/\/sandzakpress.net\/arhiva\/?p=47333"},"modified":"2012-08-07T16:06:01","modified_gmt":"2012-08-07T14:06:01","slug":"press-opet-vucic-preslisava-ugljanina","status":"publish","type":"post","link":"https:\/\/sandzakpress.net\/arhiva\/press-opet-vucic-preslisava-ugljanina\/","title":{"rendered":"Press opet: Vu\u010di\u0107 presli\u0161ava Ugljanina"},"content":{"rendered":"<p><strong><a href=\"https:\/\/sandzakpress.net\/arhiva\/wp-content\/uploads\/2012\/08\/0201-Fonet.jpg\"><img loading=\"lazy\" decoding=\"async\" class=\"alignleft size-medium wp-image-47348\" title=\"0201-Fonet\" src=\"https:\/\/sandzakpress.net\/arhiva\/wp-content\/uploads\/2012\/08\/0201-Fonet-300x207.jpg\" alt=\"\" width=\"300\" height=\"207\" \/><\/a>Sjeverni Sand\u017eak &#8211; Prvi potpredsjednik Vlade Srbije Aleksandar Vu\u010di\u0107 danas \u0107e prije ili na samoj sjednici Vlade zatra\u017eiti obja\u0161njenje od ministra bez portfelja Sulejmana Ugljanina zbog podr\u0161ke postavljanju spomen-plo\u010de nacisti A\u0107if-efendiji u centru Novog Pazara<\/strong><\/p>\n<p>Kao \u0161to je Press ju\u010der objavio, Vu\u010di\u0107 \u0107e razgovarati sa Ugljaninom zbog njegovog prisustva toj ceremoniji, po\u0161to potpredsjednik Vlade smatra da je A\u0107if-efendija bio zloglasni nacisti\u010dki komandant Novog Pazara, jedan od osniva\u010da nacisti\u010dke kvislin\u0161ke \u201evelike Albanije&#8221;, da je u\u010destvovao u ubistvu vi\u0161e hiljada pripadnika kraljevske vojske, dok je kasnije nemilosrdno ubijao i partizane. Efendija je, ina\u010de, 1945. osu\u0111en i strijeljan zbog monstruoznih zlo\u010dina i ubistva najmanje 7.000 Srba.<\/p>\n<p><strong>Krije se iza stranke<\/strong><\/p>\n<p>Ugljanin se jo\u0161 nije oglasio, ali jeste njegova partija SDA Sand\u017eaka, koja je navela da je A\u0107if Had\u017eiahmetovi\u0107, poznatiji kao A\u0107if-efendija, bio \u201elegitimni predstavnik Bo\u0161njaka&#8221; koji bi trebalo da bude spomenut u historiji tog naroda.<\/p>\n<p>U Ugljaninovoj stranci isti\u010du i da je obaveza te stranke da \u201eispravi ono \u0161to je o A\u0107ifu Had\u017eiahmetovi\u0107u pisano u historiji koju je re\u017eirao Centralni komitet Komunisti\u010dke partije&#8221;.<\/p>\n<div>\n<div><img loading=\"lazy\" decoding=\"async\" src=\"http:\/\/www.pressonline.rs\/upload\/boxImageData\/2012\/7\/6\/192192\/0201-Fonet-2.jpg\" border=\"0\" alt=\"\" width=\"400\" height=\"463\" \/><\/div>\n<\/div>\n<p>&#8211; Sudi se \u010dovjeku o kome zapravo ne znamo ni\u0161ta. Zato smatramo da se ovdje radi o klasi\u010dnoj historijskoj neobavije\u0161tenosti &#8211; smatra SDA.<\/p>\n<p>Ceremoniji postavljanja sporne plo\u010de prisustvovao je i predsednik Bo\u0161nja\u010dkog nacionalnog ve\u0107a Esad D\u017eud\u017eevi\u0107, koji za Press ka\u017ee da je cijela pri\u010da pogre\u0161no predstavljena kao politi\u010dka senzacija. On je naveo da je to ve\u0107e pokrenulo proces rehabilitacije mnogih bo\u0161nja\u010dkih li\u010dnosti od 1941. do 1945. godine, a me\u0111u njima je A\u0107if-efendija.<\/p>\n<p>&#8211; A\u0107if-efendija je bio znamenita historijska li\u010dnost i nema niko pravo da od ovog pravi politi\u010dku senzaciju &#8211; smatra D\u017eud\u017eevi\u0107.<\/p>\n<h3>D\u017eud\u017eevi\u0107: Niko nema pravo da skloni A\u0107ifa<\/h3>\n<p>Upitan da prokomentari\u0161e osudu postavljanja spomen-plo\u010de, jer je A\u0107if-efendija bio nacista, te da li \u0107e zbog tih kritika obilje\u017eje biti uklonjeno, Esad D\u017eud\u017eevi\u0107 je odgovario:<\/p>\n<div>\n<div><img loading=\"lazy\" decoding=\"async\" src=\"http:\/\/www.pressonline.rs\/upload\/boxImageData\/2012\/7\/6\/192193\/0201-Fonet-3.jpg\" border=\"0\" alt=\"\" width=\"400\" height=\"559\" \/><\/div>\n<\/div>\n<p>&#8211; To je eminentan, ekskluzivan kulturni doga\u0111aj. Plo\u010du mo\u017ee skinuti samo Vrhovni sud Srbije, ukoliko odlu\u010di da je u pitanju sporna historijska li\u010dnost. Nema niko pravo, ni Ljaji\u0107, ni Vu\u010di\u0107, ni Da\u010di\u0107, da od kulturnog doga\u0111aja pravi skandal.<\/p>\n<p>A\u0107if-efendija izazvao je buru u javnosti i 2009. godine, nakon \u0161to su navija\u010di FK \u201eNovi Pazar&#8221; na utakmici sa Crvenom zvijezdom na tribinama postavili transparent \u201eStadion A\u0107if-efendija&#8221;. Tada je Vu\u010di\u0107 prvi javno osudio ovaj \u010din.<\/p>\n<p>Postavljanje spomen-plo\u010de osudio je i potpredsjednik Vlade i ministar za spoljnu i unutra\u0161nju trgovinu Rasim Ljaji\u0107.<\/p>\n<p>(Press)<\/p>\n","protected":false},"excerpt":{"rendered":"<p>Sjeverni Sand\u017eak &#8211; Prvi potpredsjednik Vlade Srbije Aleksandar Vu\u010di\u0107 danas \u0107e prije ili na samoj sjednici Vlade zatra\u017eiti obja\u0161njenje od ministra bez portfelja Sulejmana Ugljanina zbog podr\u0161ke postavljanju spomen-plo\u010de nacisti A\u0107if-efendiji u centru Novog Pazara Kao \u0161to je Press ju\u010der objavio, Vu\u010di\u0107 \u0107e razgovarati sa Ugljaninom zbog njegovog prisustva toj ceremoniji, po\u0161to potpredsjednik Vlade smatra [&hellip;]<\/p>\n","protected":false},"author":83,"featured_media":47348,"comment_status":"open","ping_status":"open","sticky":false,"template":"","format":"standard","meta":{"footnotes":""},"categories":[72,1,52,327,392,393,8957],"tags":[],"class_list":{"0":"post-47333","1":"post","2":"type-post","3":"status-publish","4":"format-standard","5":"has-post-thumbnail","7":"category-novi-pazar","8":"category-politika","9":"category-sjenica","10":"category-tutin","11":"category-prijepolje_","12":"category-priboj","13":"category-vijesti-dana"},"yoast_head":"<!-- This site is optimized with the Yoast SEO Premium plugin v23.1 (Yoast SEO v24.9) - https:\/\/yoast.com\/wordpress\/plugins\/seo\/ -->\n<title>Press opet: Vu\u010di\u0107 presli\u0161ava Ugljanina<\/title>\n<meta name=\"robots\" content=\"index, follow, max-snippet:-1, max-image-preview:large, max-video-preview:-1\" \/>\n<link rel=\"canonical\" href=\"https:\/\/sandzakpress.net\/arhiva\/press-opet-vucic-preslisava-ugljanina\/\" \/>\n<meta property=\"og:locale\" content=\"bs_BA\" \/>\n<meta property=\"og:type\" content=\"article\" \/>\n<meta property=\"og:title\" content=\"Press opet: Vu\u010di\u0107 presli\u0161ava Ugljanina\" \/>\n<meta property=\"og:description\" content=\"Sjeverni Sand\u017eak &#8211; Prvi potpredsjednik Vlade Srbije Aleksandar Vu\u010di\u0107 danas \u0107e prije ili na samoj sjednici Vlade zatra\u017eiti obja\u0161njenje od ministra bez portfelja Sulejmana Ugljanina zbog podr\u0161ke postavljanju spomen-plo\u010de nacisti A\u0107if-efendiji u centru Novog Pazara Kao \u0161to je Press ju\u010der objavio, Vu\u010di\u0107 \u0107e razgovarati sa Ugljaninom zbog njegovog prisustva toj ceremoniji, po\u0161to potpredsjednik Vlade smatra [&hellip;]\" \/>\n<meta property=\"og:url\" content=\"https:\/\/sandzakpress.net\/arhiva\/press-opet-vucic-preslisava-ugljanina\/\" \/>\n<meta property=\"og:site_name\" content=\"Sand\u017eak PRESS\" \/>\n<meta property=\"article:published_time\" content=\"2012-08-07T14:06:01+00:00\" \/>\n<meta property=\"og:image\" content=\"https:\/\/sandzakpress.net\/arhiva\/wp-content\/uploads\/2012\/08\/0201-Fonet.jpg\" \/>\n\t<meta property=\"og:image:width\" content=\"400\" \/>\n\t<meta property=\"og:image:height\" content=\"277\" \/>\n\t<meta property=\"og:image:type\" content=\"image\/jpeg\" \/>\n<meta name=\"author\" content=\"bosniak\" \/>\n<meta name=\"twitter:card\" content=\"summary_large_image\" \/>\n<meta name=\"twitter:label1\" content=\"Written by\" \/>\n\t<meta name=\"twitter:data1\" content=\"bosniak\" \/>\n\t<meta name=\"twitter:label2\" content=\"Est. reading time\" \/>\n\t<meta name=\"twitter:data2\" content=\"2 minute\" \/>\n<script type=\"application\/ld+json\" class=\"yoast-schema-graph\">{\"@context\":\"https:\/\/schema.org\",\"@graph\":[{\"@type\":\"Article\",\"@id\":\"https:\/\/sandzakpress.net\/arhiva\/press-opet-vucic-preslisava-ugljanina\/#article\",\"isPartOf\":{\"@id\":\"https:\/\/sandzakpress.net\/arhiva\/press-opet-vucic-preslisava-ugljanina\/\"},\"author\":{\"name\":\"bosniak\",\"@id\":\"https:\/\/sandzakpress.net\/arhiva\/#\/schema\/person\/c8baee722073534b583ea7bdb2e36c02\"},\"headline\":\"Press opet: Vu\u010di\u0107 presli\u0161ava Ugljanina\",\"datePublished\":\"2012-08-07T14:06:01+00:00\",\"mainEntityOfPage\":{\"@id\":\"https:\/\/sandzakpress.net\/arhiva\/press-opet-vucic-preslisava-ugljanina\/\"},\"wordCount\":464,\"commentCount\":8,\"publisher\":{\"@id\":\"https:\/\/sandzakpress.net\/arhiva\/#\/schema\/person\/6e72b67d6e51910a1117b3b483ba20bd\"},\"image\":{\"@id\":\"https:\/\/sandzakpress.net\/arhiva\/press-opet-vucic-preslisava-ugljanina\/#primaryimage\"},\"thumbnailUrl\":\"https:\/\/sandzakpress.net\/arhiva\/wp-content\/uploads\/2012\/08\/0201-Fonet.jpg\",\"articleSection\":[\"Novi Pazar\",\"Politika\",\"Sjenica\",\"Tutin\",\"Prijepolje\",\"Priboj\",\"VIJESTI DANA\"],\"inLanguage\":\"bs-BA\",\"potentialAction\":[{\"@type\":\"CommentAction\",\"name\":\"Comment\",\"target\":[\"https:\/\/sandzakpress.net\/arhiva\/press-opet-vucic-preslisava-ugljanina\/#respond\"]}]},{\"@type\":\"WebPage\",\"@id\":\"https:\/\/sandzakpress.net\/arhiva\/press-opet-vucic-preslisava-ugljanina\/\",\"url\":\"https:\/\/sandzakpress.net\/arhiva\/press-opet-vucic-preslisava-ugljanina\/\",\"name\":\"Press opet: Vu\u010di\u0107 presli\u0161ava Ugljanina\",\"isPartOf\":{\"@id\":\"https:\/\/sandzakpress.net\/arhiva\/#website\"},\"primaryImageOfPage\":{\"@id\":\"https:\/\/sandzakpress.net\/arhiva\/press-opet-vucic-preslisava-ugljanina\/#primaryimage\"},\"image\":{\"@id\":\"https:\/\/sandzakpress.net\/arhiva\/press-opet-vucic-preslisava-ugljanina\/#primaryimage\"},\"thumbnailUrl\":\"https:\/\/sandzakpress.net\/arhiva\/wp-content\/uploads\/2012\/08\/0201-Fonet.jpg\",\"datePublished\":\"2012-08-07T14:06:01+00:00\",\"breadcrumb\":{\"@id\":\"https:\/\/sandzakpress.net\/arhiva\/press-opet-vucic-preslisava-ugljanina\/#breadcrumb\"},\"inLanguage\":\"bs-BA\",\"potentialAction\":[{\"@type\":\"ReadAction\",\"target\":[\"https:\/\/sandzakpress.net\/arhiva\/press-opet-vucic-preslisava-ugljanina\/\"]}]},{\"@type\":\"ImageObject\",\"inLanguage\":\"bs-BA\",\"@id\":\"https:\/\/sandzakpress.net\/arhiva\/press-opet-vucic-preslisava-ugljanina\/#primaryimage\",\"url\":\"https:\/\/sandzakpress.net\/arhiva\/wp-content\/uploads\/2012\/08\/0201-Fonet.jpg\",\"contentUrl\":\"https:\/\/sandzakpress.net\/arhiva\/wp-content\/uploads\/2012\/08\/0201-Fonet.jpg\",\"width\":400,\"height\":277},{\"@type\":\"BreadcrumbList\",\"@id\":\"https:\/\/sandzakpress.net\/arhiva\/press-opet-vucic-preslisava-ugljanina\/#breadcrumb\",\"itemListElement\":[{\"@type\":\"ListItem\",\"position\":1,\"name\":\"Home\",\"item\":\"https:\/\/sandzakpress.net\/arhiva\/\"},{\"@type\":\"ListItem\",\"position\":2,\"name\":\"Press opet: Vu\u010di\u0107 presli\u0161ava Ugljanina\"}]},{\"@type\":\"WebSite\",\"@id\":\"https:\/\/sandzakpress.net\/arhiva\/#website\",\"url\":\"https:\/\/sandzakpress.net\/arhiva\/\",\"name\":\"Sand\u017eak PRESS\",\"description\":\"Prve elektronske novine u Sand\u017eaku\",\"publisher\":{\"@id\":\"https:\/\/sandzakpress.net\/arhiva\/#\/schema\/person\/6e72b67d6e51910a1117b3b483ba20bd\"},\"potentialAction\":[{\"@type\":\"SearchAction\",\"target\":{\"@type\":\"EntryPoint\",\"urlTemplate\":\"https:\/\/sandzakpress.net\/arhiva\/?s={search_term_string}\"},\"query-input\":{\"@type\":\"PropertyValueSpecification\",\"valueRequired\":true,\"valueName\":\"search_term_string\"}}],\"inLanguage\":\"bs-BA\"},{\"@type\":[\"Person\",\"Organization\"],\"@id\":\"https:\/\/sandzakpress.net\/arhiva\/#\/schema\/person\/6e72b67d6e51910a1117b3b483ba20bd\",\"name\":\"Kul\",\"image\":{\"@type\":\"ImageObject\",\"inLanguage\":\"bs-BA\",\"@id\":\"https:\/\/sandzakpress.net\/arhiva\/#\/schema\/person\/image\/\",\"url\":\"https:\/\/secure.gravatar.com\/avatar\/42263f39aa27ac04c43cab85c280eb2e?s=96&d=mm&r=pg\",\"contentUrl\":\"https:\/\/secure.gravatar.com\/avatar\/42263f39aa27ac04c43cab85c280eb2e?s=96&d=mm&r=pg\",\"caption\":\"Kul\"},\"logo\":{\"@id\":\"https:\/\/sandzakpress.net\/arhiva\/#\/schema\/person\/image\/\"}},{\"@type\":\"Person\",\"@id\":\"https:\/\/sandzakpress.net\/arhiva\/#\/schema\/person\/c8baee722073534b583ea7bdb2e36c02\",\"name\":\"bosniak\",\"image\":{\"@type\":\"ImageObject\",\"inLanguage\":\"bs-BA\",\"@id\":\"https:\/\/sandzakpress.net\/arhiva\/#\/schema\/person\/image\/\",\"url\":\"https:\/\/secure.gravatar.com\/avatar\/a04fd330bfe3a36a72a0ad4a6d89fca7?s=96&d=mm&r=pg\",\"contentUrl\":\"https:\/\/secure.gravatar.com\/avatar\/a04fd330bfe3a36a72a0ad4a6d89fca7?s=96&d=mm&r=pg\",\"caption\":\"bosniak\"},\"url\":\"https:\/\/sandzakpress.net\/arhiva\/author\/bosniak\/\"}]}<\/script>\n<!-- \/ Yoast SEO Premium plugin. -->","yoast_head_json":{"title":"Press opet: Vu\u010di\u0107 presli\u0161ava Ugljanina","robots":{"index":"index","follow":"follow","max-snippet":"max-snippet:-1","max-image-preview":"max-image-preview:large","max-video-preview":"max-video-preview:-1"},"canonical":"https:\/\/sandzakpress.net\/arhiva\/press-opet-vucic-preslisava-ugljanina\/","og_locale":"bs_BA","og_type":"article","og_title":"Press opet: Vu\u010di\u0107 presli\u0161ava Ugljanina","og_description":"Sjeverni Sand\u017eak &#8211; Prvi potpredsjednik Vlade Srbije Aleksandar Vu\u010di\u0107 danas \u0107e prije ili na samoj sjednici Vlade zatra\u017eiti obja\u0161njenje od ministra bez portfelja Sulejmana Ugljanina zbog podr\u0161ke postavljanju spomen-plo\u010de nacisti A\u0107if-efendiji u centru Novog Pazara Kao \u0161to je Press ju\u010der objavio, Vu\u010di\u0107 \u0107e razgovarati sa Ugljaninom zbog njegovog prisustva toj ceremoniji, po\u0161to potpredsjednik Vlade smatra [&hellip;]","og_url":"https:\/\/sandzakpress.net\/arhiva\/press-opet-vucic-preslisava-ugljanina\/","og_site_name":"Sand\u017eak PRESS","article_published_time":"2012-08-07T14:06:01+00:00","og_image":[{"width":400,"height":277,"url":"https:\/\/sandzakpress.net\/arhiva\/wp-content\/uploads\/2012\/08\/0201-Fonet.jpg","type":"image\/jpeg"}],"author":"bosniak","twitter_card":"summary_large_image","twitter_misc":{"Written by":"bosniak","Est. reading time":"2 minute"},"schema":{"@context":"https:\/\/schema.org","@graph":[{"@type":"Article","@id":"https:\/\/sandzakpress.net\/arhiva\/press-opet-vucic-preslisava-ugljanina\/#article","isPartOf":{"@id":"https:\/\/sandzakpress.net\/arhiva\/press-opet-vucic-preslisava-ugljanina\/"},"author":{"name":"bosniak","@id":"https:\/\/sandzakpress.net\/arhiva\/#\/schema\/person\/c8baee722073534b583ea7bdb2e36c02"},"headline":"Press opet: Vu\u010di\u0107 presli\u0161ava Ugljanina","datePublished":"2012-08-07T14:06:01+00:00","mainEntityOfPage":{"@id":"https:\/\/sandzakpress.net\/arhiva\/press-opet-vucic-preslisava-ugljanina\/"},"wordCount":464,"commentCount":8,"publisher":{"@id":"https:\/\/sandzakpress.net\/arhiva\/#\/schema\/person\/6e72b67d6e51910a1117b3b483ba20bd"},"image":{"@id":"https:\/\/sandzakpress.net\/arhiva\/press-opet-vucic-preslisava-ugljanina\/#primaryimage"},"thumbnailUrl":"https:\/\/sandzakpress.net\/arhiva\/wp-content\/uploads\/2012\/08\/0201-Fonet.jpg","articleSection":["Novi Pazar","Politika","Sjenica","Tutin","Prijepolje","Priboj","VIJESTI DANA"],"inLanguage":"bs-BA","potentialAction":[{"@type":"CommentAction","name":"Comment","target":["https:\/\/sandzakpress.net\/arhiva\/press-opet-vucic-preslisava-ugljanina\/#respond"]}]},{"@type":"WebPage","@id":"https:\/\/sandzakpress.net\/arhiva\/press-opet-vucic-preslisava-ugljanina\/","url":"https:\/\/sandzakpress.net\/arhiva\/press-opet-vucic-preslisava-ugljanina\/","name":"Press opet: Vu\u010di\u0107 presli\u0161ava Ugljanina","isPartOf":{"@id":"https:\/\/sandzakpress.net\/arhiva\/#website"},"primaryImageOfPage":{"@id":"https:\/\/sandzakpress.net\/arhiva\/press-opet-vucic-preslisava-ugljanina\/#primaryimage"},"image":{"@id":"https:\/\/sandzakpress.net\/arhiva\/press-opet-vucic-preslisava-ugljanina\/#primaryimage"},"thumbnailUrl":"https:\/\/sandzakpress.net\/arhiva\/wp-content\/uploads\/2012\/08\/0201-Fonet.jpg","datePublished":"2012-08-07T14:06:01+00:00","breadcrumb":{"@id":"https:\/\/sandzakpress.net\/arhiva\/press-opet-vucic-preslisava-ugljanina\/#breadcrumb"},"inLanguage":"bs-BA","potentialAction":[{"@type":"ReadAction","target":["https:\/\/sandzakpress.net\/arhiva\/press-opet-vucic-preslisava-ugljanina\/"]}]},{"@type":"ImageObject","inLanguage":"bs-BA","@id":"https:\/\/sandzakpress.net\/arhiva\/press-opet-vucic-preslisava-ugljanina\/#primaryimage","url":"https:\/\/sandzakpress.net\/arhiva\/wp-content\/uploads\/2012\/08\/0201-Fonet.jpg","contentUrl":"https:\/\/sandzakpress.net\/arhiva\/wp-content\/uploads\/2012\/08\/0201-Fonet.jpg","width":400,"height":277},{"@type":"BreadcrumbList","@id":"https:\/\/sandzakpress.net\/arhiva\/press-opet-vucic-preslisava-ugljanina\/#breadcrumb","itemListElement":[{"@type":"ListItem","position":1,"name":"Home","item":"https:\/\/sandzakpress.net\/arhiva\/"},{"@type":"ListItem","position":2,"name":"Press opet: Vu\u010di\u0107 presli\u0161ava Ugljanina"}]},{"@type":"WebSite","@id":"https:\/\/sandzakpress.net\/arhiva\/#website","url":"https:\/\/sandzakpress.net\/arhiva\/","name":"Sand\u017eak PRESS","description":"Prve elektronske novine u Sand\u017eaku","publisher":{"@id":"https:\/\/sandzakpress.net\/arhiva\/#\/schema\/person\/6e72b67d6e51910a1117b3b483ba20bd"},"potentialAction":[{"@type":"SearchAction","target":{"@type":"EntryPoint","urlTemplate":"https:\/\/sandzakpress.net\/arhiva\/?s={search_term_string}"},"query-input":{"@type":"PropertyValueSpecification","valueRequired":true,"valueName":"search_term_string"}}],"inLanguage":"bs-BA"},{"@type":["Person","Organization"],"@id":"https:\/\/sandzakpress.net\/arhiva\/#\/schema\/person\/6e72b67d6e51910a1117b3b483ba20bd","name":"Kul","image":{"@type":"ImageObject","inLanguage":"bs-BA","@id":"https:\/\/sandzakpress.net\/arhiva\/#\/schema\/person\/image\/","url":"https:\/\/secure.gravatar.com\/avatar\/42263f39aa27ac04c43cab85c280eb2e?s=96&d=mm&r=pg","contentUrl":"https:\/\/secure.gravatar.com\/avatar\/42263f39aa27ac04c43cab85c280eb2e?s=96&d=mm&r=pg","caption":"Kul"},"logo":{"@id":"https:\/\/sandzakpress.net\/arhiva\/#\/schema\/person\/image\/"}},{"@type":"Person","@id":"https:\/\/sandzakpress.net\/arhiva\/#\/schema\/person\/c8baee722073534b583ea7bdb2e36c02","name":"bosniak","image":{"@type":"ImageObject","inLanguage":"bs-BA","@id":"https:\/\/sandzakpress.net\/arhiva\/#\/schema\/person\/image\/","url":"https:\/\/secure.gravatar.com\/avatar\/a04fd330bfe3a36a72a0ad4a6d89fca7?s=96&d=mm&r=pg","contentUrl":"https:\/\/secure.gravatar.com\/avatar\/a04fd330bfe3a36a72a0ad4a6d89fca7?s=96&d=mm&r=pg","caption":"bosniak"},"url":"https:\/\/sandzakpress.net\/arhiva\/author\/bosniak\/"}]}},"_links":{"self":[{"href":"https:\/\/sandzakpress.net\/arhiva\/wp-json\/wp\/v2\/posts\/47333"}],"collection":[{"href":"https:\/\/sandzakpress.net\/arhiva\/wp-json\/wp\/v2\/posts"}],"about":[{"href":"https:\/\/sandzakpress.net\/arhiva\/wp-json\/wp\/v2\/types\/post"}],"author":[{"embeddable":true,"href":"https:\/\/sandzakpress.net\/arhiva\/wp-json\/wp\/v2\/users\/83"}],"replies":[{"embeddable":true,"href":"https:\/\/sandzakpress.net\/arhiva\/wp-json\/wp\/v2\/comments?post=47333"}],"version-history":[{"count":0,"href":"https:\/\/sandzakpress.net\/arhiva\/wp-json\/wp\/v2\/posts\/47333\/revisions"}],"wp:featuredmedia":[{"embeddable":true,"href":"https:\/\/sandzakpress.net\/arhiva\/wp-json\/wp\/v2\/media\/47348"}],"wp:attachment":[{"href":"https:\/\/sandzakpress.net\/arhiva\/wp-json\/wp\/v2\/media?parent=47333"}],"wp:term":[{"taxonomy":"category","embeddable":true,"href":"https:\/\/sandzakpress.net\/arhiva\/wp-json\/wp\/v2\/categories?post=47333"},{"taxonomy":"post_tag","embeddable":true,"href":"https:\/\/sandzakpress.net\/arhiva\/wp-json\/wp\/v2\/tags?post=47333"}],"curies":[{"name":"wp","href":"https:\/\/api.w.org\/{rel}","templated":true}]}}