{"id":47316,"date":"2012-08-07T15:40:27","date_gmt":"2012-08-07T13:40:27","guid":{"rendered":"https:\/\/sandzakpress.net\/arhiva\/?p=47316"},"modified":"2012-08-07T15:40:40","modified_gmt":"2012-08-07T13:40:40","slug":"svicarac-markus-uzima-najljepse-ime-na-dunjaluku-muhammed","status":"publish","type":"post","link":"https:\/\/sandzakpress.net\/arhiva\/svicarac-markus-uzima-najljepse-ime-na-dunjaluku-muhammed\/","title":{"rendered":"\u0160vicarac Markus uzima najljep\u0161e ime na dunjaluku, Muhammed"},"content":{"rendered":"<p><strong><a href=\"https:\/\/sandzakpress.net\/arhiva\/wp-content\/uploads\/2012\/08\/primanje-islama-u-bdz-u-s.jpg\"><img loading=\"lazy\" decoding=\"async\" class=\"alignleft size-medium wp-image-47323\" title=\"primanje islama u bdz u s\" src=\"https:\/\/sandzakpress.net\/arhiva\/wp-content\/uploads\/2012\/08\/primanje-islama-u-bdz-u-s-300x225.jpg\" alt=\"\" width=\"300\" height=\"225\" \/><\/a>\u0160vicarska &#8211; <\/strong><strong>Petak, 15\u00a0 Ramazana 1433 H.G. t. j. 03 Avgusta 2012 god. nakon teravih namaza u prostorijama IKC &#8220;D\u017eemat Wattwil&#8221; dogodio se nesvakida\u0161nji doga\u0111aj gdje je \u0160vicarac Markus promijenio ime i uzeo najljep\u0161e ime na dunjaluku, Muhammed. Ovo je svakako jedan od najzna\u010dajnijih doga\u0111aja u desetogodi\u0161njoj povjesti post-ojanja IKC &#8220;D\u017eemat Wattwil&#8221;. <\/strong><\/p>\n<p>Pred Ramazanskim Imamom prof. Islamskih nauka Eldin ef. Pepi\u0107em iz Ro\u017eaja te softom, svr\u0161enikom druge godine Podgori\u010dke Medrese, mladim Duljkom Sken-derovi\u0107em\u00a0 i D\u017eematlijama IKC &#8220;D\u017eemat Wattwil&#8221;, veli\u010danstvene rije\u010di svedo\u010denja Kelime i \u0160ehadeta, o\u010diju punih suza radosnica, izgovorio je \u0160vicarac, Markus te ja-vno izrazio \u017eelju da ostatak svoga \u017eivota ponovo nastavi u Uzvi\u0161enoj vjeri Islamu nose\u0107i ime najve\u0107eg i Allahu s.w.t. najdra\u017eeg \u010dovjeka, poslednjeg Allahovog Posl-anika Muhammeda a.s.<\/p>\n<p>Iz saosje\u0107aja spram stradanja na\u0161e bra\u0107e i sestara u Siriji, Burmi te diljem svijeta brat Muhammed je zamolio\u00a0 na\u0161eg uva\u017eenog Imama\u00a0Eldin\u00a0ef. da prou\u010dimo zajed-ni\u010dku dovu za sve Muslimane te Uzvi\u0161enog Allaha s.w.t. zamolimo za prestanak stradanja na\u0161e bra\u0107e diljem svijeta.<\/p>\n<p>Ovo je ujedno i najdra\u017ea Ramazanska hedija na\u0161em d\u017eematu i na\u0161em uva\u017eenom Imamu\u00a0Eldin\u00a0ef. Pepi\u0107u koji je svojim dirljivim odgovorima na postavljena pitanja po\u010detkom Ramazani \u0161erifa prosto, voljom Allaha d\u017e.l.\u0161. otvorio srce i razgalio du-\u0161u tada samo znati\u017eeljnog prolaznika, Markusa, koji je \u0161etaju\u0107i svoga \u0107uku-psa znati\u017eeljno svratio pred objektom\u00a0IKC &#8220;D\u017eemat Wattwil&#8221; gdje se sre\u0107e sa Eldin ef. i softom, Duljkom Skenderovi\u0107em.<\/p>\n<p>Za\u0161to ba\u0161 toga dana,\u00a0Petak,\u00a0poslije d\u017eume namaza,\u00a0osmog dana \u0160ehru Ramaza-na\u00a0da Markus, \u0160vicarac, tada jo\u0161 uvijek ne Musliman a sada brat Muhammed do-\u0111e ba\u0161 ispred objekta Islamske zajednice kod toliko drugih ku\u0107a u neposrednoj blizini? Dal on sam ili slu\u010dajno slijede\u0107i svoga psa kojeg je sa sobom vodio? Ako je i tim slijedom do\u0161ao svi dobro znamo da je pas iskreni i odani prijatelj ljudski spreman svoj \u017eivot za svoga gazdu polo\u017eiti. Za one koji iskreno u Allaha vjeruju od-govor je jasan. Za one sujevjerne nek uzmu koji god razlog ho\u0107e. Oba razloga vo-de jednom odgovoru i potvrdi Milosti Bo\u017eje iskazate u \u0160ehru Ramazanu u najoda-branijem danu u hefti te najodabranijem trenutku u tom danu. Toga trenutka Uzv-i\u0161eni Allah je izlio Milost svoju na brata Muhammeda, Imama,\u00a0Eldin\u00a0ef. te mladog budu\u0107eg Imama, in\u0161aAllah, Duljka Skenderovi\u0107a. Uzvi\u0161eni ih je svih trojicu sasta-vio sa jasnim ciljem da se me\u0111usobno potpomognu kako bi se me\u0111usobno svi razumjeli i kako bi ljepotu vjere svoje, Islama potpuno razumno i autenti\u010dno pred-stavili znati\u017eeljnom tada Markusu. Blago se svim trojici. Allah da ih svakim dobrom ovog i budu\u0107eg svijeta nagradi.<\/p>\n<p>Dirljivi momenti iz \u017eivota na\u0161eg uzora\u00a0 i na\u0161eg i Allahovog Miljenika Muhammeda s.a.w. koje je u svojem upoznavanju sa Islamom znati\u017eeljnog prolaznika ispri\u010dao Eldin ef. tolko su dirnuli Markusa da je jecaju\u0107i slu\u0161ao i poput sun\u0111era vodu, upij-ao svaku izgovorenu rije\u010d na\u0161eg cjenjenog Imama. Tolko je iskrenih emocija i lju-bavi spram Allahovog Poslanika Muhammeda s.a.v. ispoljio da je i sam Eldin ef. i softa, Duljko, koji je bio prevodilac sa njema\u010dkog na Bosanski i obrnuto, zajecali od uzbu\u0111enja izlivanja Allahove Milosti nad njima.<\/p>\n<p>Svim tim nabujalim emocijama je bio uzrok istiniti doga\u0111aj iz \u017eivota Muhammeda s.a.v. kada je njegov do tog momenta ogorjeli neprijatelj, ashab Fudail htio no\u017eem zadati smrtonosni udarac Muhammedu s.a.v. dok je Poslanik obavljao tavaf oko Kjabe. Ba\u0161 u momentu kada jie podigao ruku da taj gnusni \u010din u\u010dini Muhammed a.s. se okre\u0107e Fudailu govore\u0107 mu, &#8220;o Fudaile na \u0161ta te to ta tvoja du\u0161a- nefs nav-odi&#8221;\u00a0 te mu \u0161aku desne ruke svoje stavlja na srce. Po\u0161to je Poslanik s.a.v. makao ruku sa njegovog srca progovara Fudail govore\u0107i, &#8220;do sada si bio \u010dovjek kojeg sam najvi\u0161e mrzio a od sada si \u010dovjek za kojeg sam spreman svoj \u017eivot dati&#8221; (pre-pri\u010davanje). Ovaj doga\u0111aj je Allahovom voljom bio inspiracija istinskog bu\u0111enja Markusovog. Tako istog dana, bio je petak, poslije druge Ramazanske d\u017eume isk-azuje \u017eelju da prisustvuje Teravih namazu a Eldin ef. i mladi softa Duljko mu pokl-anjaju Kur`\u00a0an sa prijevodom na Njema\u010dki jezik.<\/p>\n<p>De\u0161avanja u Siriji, Burmi i diljem svijeta, te pokolji Muslimana od strane nevjerni-ka, dodatno su probudili emocije nepravde i ravnodu\u0161nosti zapada i njegove dub-oke umije\u0161anosti i sau\u010desni\u0161tva u svim zlo\u010dinima nad nemo\u0107nim \u017eenama, djec-om, starcima i golorukim Muslimanima.<\/p>\n<p>Razmi\u0161ljanje Markusovo nije dugo trajalo. Allahovu s.w.t. istinu je veoma brzo pre-poznao. Za par dana je ve\u0107 donio svoju odluku i\u00a0 smiraj srca svoga i rasprostranj-enost du\u0161e svoje je osje\u0107ao samo tada kada je razmi\u0161ljao o Islamu \u0161etaju\u0107i sam sa svojim \u0107ukom-psom obalama Wattwilske rijeke.<\/p>\n<p>Svog najboljeg prijatelja, \u0160vicarca je e-mailom informisao o svojoj sudbonosnoj odluci da od Petka,\u00a003 Avgusta 2012 god. zvani\u010dno postaje Musliman i da vi\u0161e nije Markus ve\u0107 Muhammed. Prijatelj mu odgovara slede\u0107im rije\u010dima: &#8220;sa ovim mojim e-mailom na\u0161e prijateljstvo prestaje za sva vremena&#8221; . Ne \u017eelim biti prijatelj sa teroristom. Nije ga to ni najmanje iznenadilo niti u bilo \u010demu pokolebalo ve\u0107 nasuprot jo\u0161 vi\u0161e ga je u ispravnoj odluki u\u010dvrstilo. Zna on dobro razmi\u0161ljanje svo-jih sunarodnika ne Muslimana o nama i o Islamu. Ova istina koju nam brat Muha-mmed otkri ve\u010deras, sama po sebi govori i najbolje oslikava razmi\u0161ljanje zapad-no-evropskih nevjernika i dinn du\u0161mana o nama Muslimanima i na\u0161oj Uzvi\u0161enoj vjeri Islamu. Al ipak, Allah upu\u0107uje koga ON Uzvi\u0161eni ho\u0107e i blago se onim koji kr-enu putem spasa, putem na\u0161eg brata Muhammeda.<\/p>\n<p>Uprava\u00a0D\u017eemata je poslije sve\u010danog \u010dina\u00a0konvertiranja\u00a0u restoranskom dijelu ce-ntra priredila kola\u010de sa raznim mineralnim i toplim napitcima na \u010demu im od sveg srca dovu Uzvi\u0161enom Allahu upu\u0107ujemo da im podari svako dobro ovog i budu\u0107-eg svijeta.<\/p>\n<p>(Mesihat)<\/p>\n","protected":false},"excerpt":{"rendered":"<p>\u0160vicarska &#8211; Petak, 15\u00a0 Ramazana 1433 H.G. t. j. 03 Avgusta 2012 god. nakon teravih namaza u prostorijama IKC &#8220;D\u017eemat Wattwil&#8221; dogodio se nesvakida\u0161nji doga\u0111aj gdje je \u0160vicarac Markus promijenio ime i uzeo najljep\u0161e ime na dunjaluku, Muhammed. Ovo je svakako jedan od najzna\u010dajnijih doga\u0111aja u desetogodi\u0161njoj povjesti post-ojanja IKC &#8220;D\u017eemat Wattwil&#8221;. Pred Ramazanskim Imamom [&hellip;]<\/p>\n","protected":false},"author":13,"featured_media":47323,"comment_status":"open","ping_status":"open","sticky":false,"template":"","format":"standard","meta":{"footnotes":""},"categories":[9544,802],"tags":[],"class_list":{"0":"post-47316","1":"post","2":"type-post","3":"status-publish","4":"format-standard","5":"has-post-thumbnail","7":"category-svicarska-dijaspora-gradovi-vase-vijesti","8":"category-islamska_zajednica"},"yoast_head":"<!-- This site is optimized with the Yoast SEO Premium plugin v23.1 (Yoast SEO v24.9) - https:\/\/yoast.com\/wordpress\/plugins\/seo\/ -->\n<title>\u0160vicarac Markus uzima najljep\u0161e ime na dunjaluku, Muhammed<\/title>\n<meta name=\"robots\" content=\"index, follow, max-snippet:-1, max-image-preview:large, max-video-preview:-1\" \/>\n<link rel=\"canonical\" href=\"https:\/\/sandzakpress.net\/arhiva\/svicarac-markus-uzima-najljepse-ime-na-dunjaluku-muhammed\/\" \/>\n<meta property=\"og:locale\" content=\"bs_BA\" \/>\n<meta property=\"og:type\" content=\"article\" \/>\n<meta property=\"og:title\" content=\"\u0160vicarac Markus uzima najljep\u0161e ime na dunjaluku, Muhammed\" \/>\n<meta property=\"og:description\" content=\"\u0160vicarska &#8211; Petak, 15\u00a0 Ramazana 1433 H.G. t. j. 03 Avgusta 2012 god. nakon teravih namaza u prostorijama IKC &#8220;D\u017eemat Wattwil&#8221; dogodio se nesvakida\u0161nji doga\u0111aj gdje je \u0160vicarac Markus promijenio ime i uzeo najljep\u0161e ime na dunjaluku, Muhammed. Ovo je svakako jedan od najzna\u010dajnijih doga\u0111aja u desetogodi\u0161njoj povjesti post-ojanja IKC &#8220;D\u017eemat Wattwil&#8221;. Pred Ramazanskim Imamom [&hellip;]\" \/>\n<meta property=\"og:url\" content=\"https:\/\/sandzakpress.net\/arhiva\/svicarac-markus-uzima-najljepse-ime-na-dunjaluku-muhammed\/\" \/>\n<meta property=\"og:site_name\" content=\"Sand\u017eak PRESS\" \/>\n<meta property=\"article:published_time\" content=\"2012-08-07T13:40:27+00:00\" \/>\n<meta property=\"article:modified_time\" content=\"2012-08-07T13:40:40+00:00\" \/>\n<meta property=\"og:image\" content=\"https:\/\/sandzakpress.net\/arhiva\/wp-content\/uploads\/2012\/08\/primanje-islama-u-bdz-u-s.jpg\" \/>\n\t<meta property=\"og:image:width\" content=\"616\" \/>\n\t<meta property=\"og:image:height\" content=\"462\" \/>\n\t<meta property=\"og:image:type\" content=\"image\/jpeg\" \/>\n<meta name=\"twitter:card\" content=\"summary_large_image\" \/>\n<meta name=\"twitter:label1\" content=\"Written by\" \/>\n\t<meta name=\"twitter:data1\" content=\"\" \/>\n\t<meta name=\"twitter:label2\" content=\"Est. reading time\" \/>\n\t<meta name=\"twitter:data2\" content=\"5 minuta\" \/>\n<script type=\"application\/ld+json\" class=\"yoast-schema-graph\">{\"@context\":\"https:\/\/schema.org\",\"@graph\":[{\"@type\":\"Article\",\"@id\":\"https:\/\/sandzakpress.net\/arhiva\/svicarac-markus-uzima-najljepse-ime-na-dunjaluku-muhammed\/#article\",\"isPartOf\":{\"@id\":\"https:\/\/sandzakpress.net\/arhiva\/svicarac-markus-uzima-najljepse-ime-na-dunjaluku-muhammed\/\"},\"author\":{\"name\":\"\",\"@id\":\"\"},\"headline\":\"\u0160vicarac Markus uzima najljep\u0161e ime na dunjaluku, Muhammed\",\"datePublished\":\"2012-08-07T13:40:27+00:00\",\"dateModified\":\"2012-08-07T13:40:40+00:00\",\"mainEntityOfPage\":{\"@id\":\"https:\/\/sandzakpress.net\/arhiva\/svicarac-markus-uzima-najljepse-ime-na-dunjaluku-muhammed\/\"},\"wordCount\":1047,\"commentCount\":0,\"publisher\":{\"@id\":\"https:\/\/sandzakpress.net\/arhiva\/#\/schema\/person\/6e72b67d6e51910a1117b3b483ba20bd\"},\"image\":{\"@id\":\"https:\/\/sandzakpress.net\/arhiva\/svicarac-markus-uzima-najljepse-ime-na-dunjaluku-muhammed\/#primaryimage\"},\"thumbnailUrl\":\"https:\/\/sandzakpress.net\/arhiva\/wp-content\/uploads\/2012\/08\/primanje-islama-u-bdz-u-s.jpg\",\"articleSection\":[\"\u0160vicarska\",\"Islamska zajednica\"],\"inLanguage\":\"bs-BA\",\"potentialAction\":[{\"@type\":\"CommentAction\",\"name\":\"Comment\",\"target\":[\"https:\/\/sandzakpress.net\/arhiva\/svicarac-markus-uzima-najljepse-ime-na-dunjaluku-muhammed\/#respond\"]}]},{\"@type\":\"WebPage\",\"@id\":\"https:\/\/sandzakpress.net\/arhiva\/svicarac-markus-uzima-najljepse-ime-na-dunjaluku-muhammed\/\",\"url\":\"https:\/\/sandzakpress.net\/arhiva\/svicarac-markus-uzima-najljepse-ime-na-dunjaluku-muhammed\/\",\"name\":\"\u0160vicarac Markus uzima najljep\u0161e ime na dunjaluku, Muhammed\",\"isPartOf\":{\"@id\":\"https:\/\/sandzakpress.net\/arhiva\/#website\"},\"primaryImageOfPage\":{\"@id\":\"https:\/\/sandzakpress.net\/arhiva\/svicarac-markus-uzima-najljepse-ime-na-dunjaluku-muhammed\/#primaryimage\"},\"image\":{\"@id\":\"https:\/\/sandzakpress.net\/arhiva\/svicarac-markus-uzima-najljepse-ime-na-dunjaluku-muhammed\/#primaryimage\"},\"thumbnailUrl\":\"https:\/\/sandzakpress.net\/arhiva\/wp-content\/uploads\/2012\/08\/primanje-islama-u-bdz-u-s.jpg\",\"datePublished\":\"2012-08-07T13:40:27+00:00\",\"dateModified\":\"2012-08-07T13:40:40+00:00\",\"breadcrumb\":{\"@id\":\"https:\/\/sandzakpress.net\/arhiva\/svicarac-markus-uzima-najljepse-ime-na-dunjaluku-muhammed\/#breadcrumb\"},\"inLanguage\":\"bs-BA\",\"potentialAction\":[{\"@type\":\"ReadAction\",\"target\":[\"https:\/\/sandzakpress.net\/arhiva\/svicarac-markus-uzima-najljepse-ime-na-dunjaluku-muhammed\/\"]}]},{\"@type\":\"ImageObject\",\"inLanguage\":\"bs-BA\",\"@id\":\"https:\/\/sandzakpress.net\/arhiva\/svicarac-markus-uzima-najljepse-ime-na-dunjaluku-muhammed\/#primaryimage\",\"url\":\"https:\/\/sandzakpress.net\/arhiva\/wp-content\/uploads\/2012\/08\/primanje-islama-u-bdz-u-s.jpg\",\"contentUrl\":\"https:\/\/sandzakpress.net\/arhiva\/wp-content\/uploads\/2012\/08\/primanje-islama-u-bdz-u-s.jpg\",\"width\":616,\"height\":462},{\"@type\":\"BreadcrumbList\",\"@id\":\"https:\/\/sandzakpress.net\/arhiva\/svicarac-markus-uzima-najljepse-ime-na-dunjaluku-muhammed\/#breadcrumb\",\"itemListElement\":[{\"@type\":\"ListItem\",\"position\":1,\"name\":\"Home\",\"item\":\"https:\/\/sandzakpress.net\/arhiva\/\"},{\"@type\":\"ListItem\",\"position\":2,\"name\":\"\u0160vicarac Markus uzima najljep\u0161e ime na dunjaluku, Muhammed\"}]},{\"@type\":\"WebSite\",\"@id\":\"https:\/\/sandzakpress.net\/arhiva\/#website\",\"url\":\"https:\/\/sandzakpress.net\/arhiva\/\",\"name\":\"Sand\u017eak PRESS\",\"description\":\"Prve elektronske novine u Sand\u017eaku\",\"publisher\":{\"@id\":\"https:\/\/sandzakpress.net\/arhiva\/#\/schema\/person\/6e72b67d6e51910a1117b3b483ba20bd\"},\"potentialAction\":[{\"@type\":\"SearchAction\",\"target\":{\"@type\":\"EntryPoint\",\"urlTemplate\":\"https:\/\/sandzakpress.net\/arhiva\/?s={search_term_string}\"},\"query-input\":{\"@type\":\"PropertyValueSpecification\",\"valueRequired\":true,\"valueName\":\"search_term_string\"}}],\"inLanguage\":\"bs-BA\"},{\"@type\":[\"Person\",\"Organization\"],\"@id\":\"https:\/\/sandzakpress.net\/arhiva\/#\/schema\/person\/6e72b67d6e51910a1117b3b483ba20bd\",\"name\":\"Kul\",\"image\":{\"@type\":\"ImageObject\",\"inLanguage\":\"bs-BA\",\"@id\":\"https:\/\/sandzakpress.net\/arhiva\/#\/schema\/person\/image\/\",\"url\":\"https:\/\/secure.gravatar.com\/avatar\/42263f39aa27ac04c43cab85c280eb2e?s=96&d=mm&r=pg\",\"contentUrl\":\"https:\/\/secure.gravatar.com\/avatar\/42263f39aa27ac04c43cab85c280eb2e?s=96&d=mm&r=pg\",\"caption\":\"Kul\"},\"logo\":{\"@id\":\"https:\/\/sandzakpress.net\/arhiva\/#\/schema\/person\/image\/\"}},{\"@type\":\"Person\",\"@id\":\"\",\"url\":\"https:\/\/sandzakpress.net\/arhiva\/author\/\"}]}<\/script>\n<!-- \/ Yoast SEO Premium plugin. -->","yoast_head_json":{"title":"\u0160vicarac Markus uzima najljep\u0161e ime na dunjaluku, Muhammed","robots":{"index":"index","follow":"follow","max-snippet":"max-snippet:-1","max-image-preview":"max-image-preview:large","max-video-preview":"max-video-preview:-1"},"canonical":"https:\/\/sandzakpress.net\/arhiva\/svicarac-markus-uzima-najljepse-ime-na-dunjaluku-muhammed\/","og_locale":"bs_BA","og_type":"article","og_title":"\u0160vicarac Markus uzima najljep\u0161e ime na dunjaluku, Muhammed","og_description":"\u0160vicarska &#8211; Petak, 15\u00a0 Ramazana 1433 H.G. t. j. 03 Avgusta 2012 god. nakon teravih namaza u prostorijama IKC &#8220;D\u017eemat Wattwil&#8221; dogodio se nesvakida\u0161nji doga\u0111aj gdje je \u0160vicarac Markus promijenio ime i uzeo najljep\u0161e ime na dunjaluku, Muhammed. Ovo je svakako jedan od najzna\u010dajnijih doga\u0111aja u desetogodi\u0161njoj povjesti post-ojanja IKC &#8220;D\u017eemat Wattwil&#8221;. Pred Ramazanskim Imamom [&hellip;]","og_url":"https:\/\/sandzakpress.net\/arhiva\/svicarac-markus-uzima-najljepse-ime-na-dunjaluku-muhammed\/","og_site_name":"Sand\u017eak PRESS","article_published_time":"2012-08-07T13:40:27+00:00","article_modified_time":"2012-08-07T13:40:40+00:00","og_image":[{"width":616,"height":462,"url":"https:\/\/sandzakpress.net\/arhiva\/wp-content\/uploads\/2012\/08\/primanje-islama-u-bdz-u-s.jpg","type":"image\/jpeg"}],"twitter_card":"summary_large_image","twitter_misc":{"Written by":"","Est. reading time":"5 minuta"},"schema":{"@context":"https:\/\/schema.org","@graph":[{"@type":"Article","@id":"https:\/\/sandzakpress.net\/arhiva\/svicarac-markus-uzima-najljepse-ime-na-dunjaluku-muhammed\/#article","isPartOf":{"@id":"https:\/\/sandzakpress.net\/arhiva\/svicarac-markus-uzima-najljepse-ime-na-dunjaluku-muhammed\/"},"author":{"name":"","@id":""},"headline":"\u0160vicarac Markus uzima najljep\u0161e ime na dunjaluku, Muhammed","datePublished":"2012-08-07T13:40:27+00:00","dateModified":"2012-08-07T13:40:40+00:00","mainEntityOfPage":{"@id":"https:\/\/sandzakpress.net\/arhiva\/svicarac-markus-uzima-najljepse-ime-na-dunjaluku-muhammed\/"},"wordCount":1047,"commentCount":0,"publisher":{"@id":"https:\/\/sandzakpress.net\/arhiva\/#\/schema\/person\/6e72b67d6e51910a1117b3b483ba20bd"},"image":{"@id":"https:\/\/sandzakpress.net\/arhiva\/svicarac-markus-uzima-najljepse-ime-na-dunjaluku-muhammed\/#primaryimage"},"thumbnailUrl":"https:\/\/sandzakpress.net\/arhiva\/wp-content\/uploads\/2012\/08\/primanje-islama-u-bdz-u-s.jpg","articleSection":["\u0160vicarska","Islamska zajednica"],"inLanguage":"bs-BA","potentialAction":[{"@type":"CommentAction","name":"Comment","target":["https:\/\/sandzakpress.net\/arhiva\/svicarac-markus-uzima-najljepse-ime-na-dunjaluku-muhammed\/#respond"]}]},{"@type":"WebPage","@id":"https:\/\/sandzakpress.net\/arhiva\/svicarac-markus-uzima-najljepse-ime-na-dunjaluku-muhammed\/","url":"https:\/\/sandzakpress.net\/arhiva\/svicarac-markus-uzima-najljepse-ime-na-dunjaluku-muhammed\/","name":"\u0160vicarac Markus uzima najljep\u0161e ime na dunjaluku, Muhammed","isPartOf":{"@id":"https:\/\/sandzakpress.net\/arhiva\/#website"},"primaryImageOfPage":{"@id":"https:\/\/sandzakpress.net\/arhiva\/svicarac-markus-uzima-najljepse-ime-na-dunjaluku-muhammed\/#primaryimage"},"image":{"@id":"https:\/\/sandzakpress.net\/arhiva\/svicarac-markus-uzima-najljepse-ime-na-dunjaluku-muhammed\/#primaryimage"},"thumbnailUrl":"https:\/\/sandzakpress.net\/arhiva\/wp-content\/uploads\/2012\/08\/primanje-islama-u-bdz-u-s.jpg","datePublished":"2012-08-07T13:40:27+00:00","dateModified":"2012-08-07T13:40:40+00:00","breadcrumb":{"@id":"https:\/\/sandzakpress.net\/arhiva\/svicarac-markus-uzima-najljepse-ime-na-dunjaluku-muhammed\/#breadcrumb"},"inLanguage":"bs-BA","potentialAction":[{"@type":"ReadAction","target":["https:\/\/sandzakpress.net\/arhiva\/svicarac-markus-uzima-najljepse-ime-na-dunjaluku-muhammed\/"]}]},{"@type":"ImageObject","inLanguage":"bs-BA","@id":"https:\/\/sandzakpress.net\/arhiva\/svicarac-markus-uzima-najljepse-ime-na-dunjaluku-muhammed\/#primaryimage","url":"https:\/\/sandzakpress.net\/arhiva\/wp-content\/uploads\/2012\/08\/primanje-islama-u-bdz-u-s.jpg","contentUrl":"https:\/\/sandzakpress.net\/arhiva\/wp-content\/uploads\/2012\/08\/primanje-islama-u-bdz-u-s.jpg","width":616,"height":462},{"@type":"BreadcrumbList","@id":"https:\/\/sandzakpress.net\/arhiva\/svicarac-markus-uzima-najljepse-ime-na-dunjaluku-muhammed\/#breadcrumb","itemListElement":[{"@type":"ListItem","position":1,"name":"Home","item":"https:\/\/sandzakpress.net\/arhiva\/"},{"@type":"ListItem","position":2,"name":"\u0160vicarac Markus uzima najljep\u0161e ime na dunjaluku, Muhammed"}]},{"@type":"WebSite","@id":"https:\/\/sandzakpress.net\/arhiva\/#website","url":"https:\/\/sandzakpress.net\/arhiva\/","name":"Sand\u017eak PRESS","description":"Prve elektronske novine u Sand\u017eaku","publisher":{"@id":"https:\/\/sandzakpress.net\/arhiva\/#\/schema\/person\/6e72b67d6e51910a1117b3b483ba20bd"},"potentialAction":[{"@type":"SearchAction","target":{"@type":"EntryPoint","urlTemplate":"https:\/\/sandzakpress.net\/arhiva\/?s={search_term_string}"},"query-input":{"@type":"PropertyValueSpecification","valueRequired":true,"valueName":"search_term_string"}}],"inLanguage":"bs-BA"},{"@type":["Person","Organization"],"@id":"https:\/\/sandzakpress.net\/arhiva\/#\/schema\/person\/6e72b67d6e51910a1117b3b483ba20bd","name":"Kul","image":{"@type":"ImageObject","inLanguage":"bs-BA","@id":"https:\/\/sandzakpress.net\/arhiva\/#\/schema\/person\/image\/","url":"https:\/\/secure.gravatar.com\/avatar\/42263f39aa27ac04c43cab85c280eb2e?s=96&d=mm&r=pg","contentUrl":"https:\/\/secure.gravatar.com\/avatar\/42263f39aa27ac04c43cab85c280eb2e?s=96&d=mm&r=pg","caption":"Kul"},"logo":{"@id":"https:\/\/sandzakpress.net\/arhiva\/#\/schema\/person\/image\/"}},{"@type":"Person","@id":"","url":"https:\/\/sandzakpress.net\/arhiva\/author\/"}]}},"_links":{"self":[{"href":"https:\/\/sandzakpress.net\/arhiva\/wp-json\/wp\/v2\/posts\/47316"}],"collection":[{"href":"https:\/\/sandzakpress.net\/arhiva\/wp-json\/wp\/v2\/posts"}],"about":[{"href":"https:\/\/sandzakpress.net\/arhiva\/wp-json\/wp\/v2\/types\/post"}],"author":[{"embeddable":true,"href":"https:\/\/sandzakpress.net\/arhiva\/wp-json\/wp\/v2\/users\/13"}],"replies":[{"embeddable":true,"href":"https:\/\/sandzakpress.net\/arhiva\/wp-json\/wp\/v2\/comments?post=47316"}],"version-history":[{"count":0,"href":"https:\/\/sandzakpress.net\/arhiva\/wp-json\/wp\/v2\/posts\/47316\/revisions"}],"wp:featuredmedia":[{"embeddable":true,"href":"https:\/\/sandzakpress.net\/arhiva\/wp-json\/wp\/v2\/media\/47323"}],"wp:attachment":[{"href":"https:\/\/sandzakpress.net\/arhiva\/wp-json\/wp\/v2\/media?parent=47316"}],"wp:term":[{"taxonomy":"category","embeddable":true,"href":"https:\/\/sandzakpress.net\/arhiva\/wp-json\/wp\/v2\/categories?post=47316"},{"taxonomy":"post_tag","embeddable":true,"href":"https:\/\/sandzakpress.net\/arhiva\/wp-json\/wp\/v2\/tags?post=47316"}],"curies":[{"name":"wp","href":"https:\/\/api.w.org\/{rel}","templated":true}]}}