{"id":47297,"date":"2012-08-07T15:25:02","date_gmt":"2012-08-07T13:25:02","guid":{"rendered":"https:\/\/sandzakpress.net\/arhiva\/?p=47297"},"modified":"2012-08-07T15:25:02","modified_gmt":"2012-08-07T13:25:02","slug":"meho-omerovic-upravlja-farmaceutskom-kompanijom-jugoremedija","status":"publish","type":"post","link":"https:\/\/sandzakpress.net\/arhiva\/meho-omerovic-upravlja-farmaceutskom-kompanijom-jugoremedija\/","title":{"rendered":"Meho Omerovi\u0107 upravlja farmaceutskom kompanijom &#8216;Jugoremedija&#8217;"},"content":{"rendered":"<p><strong><a href=\"https:\/\/sandzakpress.net\/arhiva\/wp-content\/uploads\/2012\/08\/882117_18-Omerovic_Meho_01.jpg\"><img loading=\"lazy\" decoding=\"async\" class=\"alignleft size-full wp-image-47298\" title=\"882117_18-Omerovic_Meho_01\" src=\"https:\/\/sandzakpress.net\/arhiva\/wp-content\/uploads\/2012\/08\/882117_18-Omerovic_Meho_01.jpg\" alt=\"\" width=\"260\" height=\"255\" \/><\/a>Srbija &#8211; Srbiji je danas neophodno, 8 milijardi evra finansijskog kapitala, da bi se pokrenuo ekonomsko-razvojni to\u010dak, podsti\u010du\u0107i prije svega ozbiljan rast sada\u0161njeg katastrofalno niskog BDP-a<\/strong><\/p>\n<p>Vlada Ivice Da\u010di\u0107a startovala je protekle nedjelje. Malo nervozno. Em se MUP \u201eodjednom\u201c sjetio i zatr\u010dao u \u201eJugoremediju\u201c i pritvorio rukovodstvo te zrenjaninske farmaceutske fabrike, em su time unervozili Rasima Ljaji\u0107a \u010diji je strana\u010dki kolega Meho Omerovi\u0107 predsjednik Upravnog odbora te kompanije.<\/p>\n<p>Kari\u0107i, Dragomir i Milanka, najavili su dugo pri\u017eeljkivan povratak Bogoljuba Kari\u0107a, ali i podboli izjavama koalicionog im partnera Mla\u0111ana Dinki\u0107a, \u010diji je URS reagovao saop\u0161tenjem i demantijem na optu\u017ebe kao na \u201eizvo\u0111a\u010da grubih radova\u201c u slu\u010daju \u201eMobtel\u201c. Ovog puta Kari\u0107i nisu spominjali Miroslava Mi\u0161kovi\u0107a. Oni valjda znaju za\u0161to.<\/p>\n<p>Zaista nervozan i pomalo haoti\u010dan start u prvoj nedjelji nove vlade, zar ne? Bojim se da u drugoj nedjelji vlade Ivice Da\u010di\u0107a, ovoj, sledi jo\u0161 nervoznih i haoti\u010dnih poteza poput onih iz predo\u010denog mi plana o \u201edesantu\u201c na \u201eGaleniku\u201c, koji bi trebao zaobi\u0107i predsjednika UO te farmaceutske kompanije Dejana Backovi\u0107a, ina\u010de direktora SPS-a<\/p>\n<p>i neka druga lica. Nevaljao plan, haoti\u010dan, besmislen i nervozan, ima lo\u0161 prizvuk i jo\u0161 lo\u0161iju pozadinu, \u0161tetnu po kredibilitet proklamovane odlu\u010dnosti i borbe protiv korupcije i organizovanog kriminala novoformirane Vlade Srbije.<\/p>\n<p>Valjda \u0107e strategiji borbe protiv korupcije i organizovanog kriminala doprinijeti zvani\u010dno imenovanje Aleksandra Vu\u010di\u0107a za sekretara Savjeta za nacionalnu bezbjednost i imenovanje Neboj\u0161e Rodi\u0107a za direktora BIA-e, kako bi se u narednim danima<\/p>\n<p>(Akter)<\/p>\n","protected":false},"excerpt":{"rendered":"<p>Srbija &#8211; Srbiji je danas neophodno, 8 milijardi evra finansijskog kapitala, da bi se pokrenuo ekonomsko-razvojni to\u010dak, podsti\u010du\u0107i prije svega ozbiljan rast sada\u0161njeg katastrofalno niskog BDP-a Vlada Ivice Da\u010di\u0107a startovala je protekle nedjelje. Malo nervozno. Em se MUP \u201eodjednom\u201c sjetio i zatr\u010dao u \u201eJugoremediju\u201c i pritvorio rukovodstvo te zrenjaninske farmaceutske fabrike, em su time unervozili [&hellip;]<\/p>\n","protected":false},"author":83,"featured_media":47298,"comment_status":"open","ping_status":"open","sticky":false,"template":"","format":"standard","meta":{"footnotes":""},"categories":[8957],"tags":[],"class_list":{"0":"post-47297","1":"post","2":"type-post","3":"status-publish","4":"format-standard","5":"has-post-thumbnail","7":"category-vijesti-dana"},"yoast_head":"<!-- This site is optimized with the Yoast SEO Premium plugin v23.1 (Yoast SEO v24.9) - https:\/\/yoast.com\/wordpress\/plugins\/seo\/ -->\n<title>Meho Omerovi\u0107 upravlja farmaceutskom kompanijom &#039;Jugoremedija&#039;<\/title>\n<meta name=\"robots\" content=\"index, follow, max-snippet:-1, max-image-preview:large, max-video-preview:-1\" \/>\n<link rel=\"canonical\" href=\"https:\/\/sandzakpress.net\/arhiva\/meho-omerovic-upravlja-farmaceutskom-kompanijom-jugoremedija\/\" \/>\n<meta property=\"og:locale\" content=\"bs_BA\" \/>\n<meta property=\"og:type\" content=\"article\" \/>\n<meta property=\"og:title\" content=\"Meho Omerovi\u0107 upravlja farmaceutskom kompanijom &#039;Jugoremedija&#039;\" \/>\n<meta property=\"og:description\" content=\"Srbija &#8211; Srbiji je danas neophodno, 8 milijardi evra finansijskog kapitala, da bi se pokrenuo ekonomsko-razvojni to\u010dak, podsti\u010du\u0107i prije svega ozbiljan rast sada\u0161njeg katastrofalno niskog BDP-a Vlada Ivice Da\u010di\u0107a startovala je protekle nedjelje. Malo nervozno. Em se MUP \u201eodjednom\u201c sjetio i zatr\u010dao u \u201eJugoremediju\u201c i pritvorio rukovodstvo te zrenjaninske farmaceutske fabrike, em su time unervozili [&hellip;]\" \/>\n<meta property=\"og:url\" content=\"https:\/\/sandzakpress.net\/arhiva\/meho-omerovic-upravlja-farmaceutskom-kompanijom-jugoremedija\/\" \/>\n<meta property=\"og:site_name\" content=\"Sand\u017eak PRESS\" \/>\n<meta property=\"article:published_time\" content=\"2012-08-07T13:25:02+00:00\" \/>\n<meta property=\"og:image\" content=\"https:\/\/sandzakpress.net\/arhiva\/wp-content\/uploads\/2012\/08\/882117_18-Omerovic_Meho_01.jpg\" \/>\n\t<meta property=\"og:image:width\" content=\"260\" \/>\n\t<meta property=\"og:image:height\" content=\"255\" \/>\n\t<meta property=\"og:image:type\" content=\"image\/jpeg\" \/>\n<meta name=\"author\" content=\"bosniak\" \/>\n<meta name=\"twitter:card\" content=\"summary_large_image\" \/>\n<meta name=\"twitter:label1\" content=\"Written by\" \/>\n\t<meta name=\"twitter:data1\" content=\"bosniak\" \/>\n\t<meta name=\"twitter:label2\" content=\"Est. reading time\" \/>\n\t<meta name=\"twitter:data2\" content=\"1 minuta\" \/>\n<script type=\"application\/ld+json\" class=\"yoast-schema-graph\">{\"@context\":\"https:\/\/schema.org\",\"@graph\":[{\"@type\":\"Article\",\"@id\":\"https:\/\/sandzakpress.net\/arhiva\/meho-omerovic-upravlja-farmaceutskom-kompanijom-jugoremedija\/#article\",\"isPartOf\":{\"@id\":\"https:\/\/sandzakpress.net\/arhiva\/meho-omerovic-upravlja-farmaceutskom-kompanijom-jugoremedija\/\"},\"author\":{\"name\":\"bosniak\",\"@id\":\"https:\/\/sandzakpress.net\/arhiva\/#\/schema\/person\/c8baee722073534b583ea7bdb2e36c02\"},\"headline\":\"Meho Omerovi\u0107 upravlja farmaceutskom kompanijom &#8216;Jugoremedija&#8217;\",\"datePublished\":\"2012-08-07T13:25:02+00:00\",\"mainEntityOfPage\":{\"@id\":\"https:\/\/sandzakpress.net\/arhiva\/meho-omerovic-upravlja-farmaceutskom-kompanijom-jugoremedija\/\"},\"wordCount\":279,\"commentCount\":2,\"publisher\":{\"@id\":\"https:\/\/sandzakpress.net\/arhiva\/#\/schema\/person\/6e72b67d6e51910a1117b3b483ba20bd\"},\"image\":{\"@id\":\"https:\/\/sandzakpress.net\/arhiva\/meho-omerovic-upravlja-farmaceutskom-kompanijom-jugoremedija\/#primaryimage\"},\"thumbnailUrl\":\"https:\/\/sandzakpress.net\/arhiva\/wp-content\/uploads\/2012\/08\/882117_18-Omerovic_Meho_01.jpg\",\"articleSection\":[\"VIJESTI DANA\"],\"inLanguage\":\"bs-BA\",\"potentialAction\":[{\"@type\":\"CommentAction\",\"name\":\"Comment\",\"target\":[\"https:\/\/sandzakpress.net\/arhiva\/meho-omerovic-upravlja-farmaceutskom-kompanijom-jugoremedija\/#respond\"]}]},{\"@type\":\"WebPage\",\"@id\":\"https:\/\/sandzakpress.net\/arhiva\/meho-omerovic-upravlja-farmaceutskom-kompanijom-jugoremedija\/\",\"url\":\"https:\/\/sandzakpress.net\/arhiva\/meho-omerovic-upravlja-farmaceutskom-kompanijom-jugoremedija\/\",\"name\":\"Meho Omerovi\u0107 upravlja farmaceutskom kompanijom 'Jugoremedija'\",\"isPartOf\":{\"@id\":\"https:\/\/sandzakpress.net\/arhiva\/#website\"},\"primaryImageOfPage\":{\"@id\":\"https:\/\/sandzakpress.net\/arhiva\/meho-omerovic-upravlja-farmaceutskom-kompanijom-jugoremedija\/#primaryimage\"},\"image\":{\"@id\":\"https:\/\/sandzakpress.net\/arhiva\/meho-omerovic-upravlja-farmaceutskom-kompanijom-jugoremedija\/#primaryimage\"},\"thumbnailUrl\":\"https:\/\/sandzakpress.net\/arhiva\/wp-content\/uploads\/2012\/08\/882117_18-Omerovic_Meho_01.jpg\",\"datePublished\":\"2012-08-07T13:25:02+00:00\",\"breadcrumb\":{\"@id\":\"https:\/\/sandzakpress.net\/arhiva\/meho-omerovic-upravlja-farmaceutskom-kompanijom-jugoremedija\/#breadcrumb\"},\"inLanguage\":\"bs-BA\",\"potentialAction\":[{\"@type\":\"ReadAction\",\"target\":[\"https:\/\/sandzakpress.net\/arhiva\/meho-omerovic-upravlja-farmaceutskom-kompanijom-jugoremedija\/\"]}]},{\"@type\":\"ImageObject\",\"inLanguage\":\"bs-BA\",\"@id\":\"https:\/\/sandzakpress.net\/arhiva\/meho-omerovic-upravlja-farmaceutskom-kompanijom-jugoremedija\/#primaryimage\",\"url\":\"https:\/\/sandzakpress.net\/arhiva\/wp-content\/uploads\/2012\/08\/882117_18-Omerovic_Meho_01.jpg\",\"contentUrl\":\"https:\/\/sandzakpress.net\/arhiva\/wp-content\/uploads\/2012\/08\/882117_18-Omerovic_Meho_01.jpg\",\"width\":260,\"height\":255},{\"@type\":\"BreadcrumbList\",\"@id\":\"https:\/\/sandzakpress.net\/arhiva\/meho-omerovic-upravlja-farmaceutskom-kompanijom-jugoremedija\/#breadcrumb\",\"itemListElement\":[{\"@type\":\"ListItem\",\"position\":1,\"name\":\"Home\",\"item\":\"https:\/\/sandzakpress.net\/arhiva\/\"},{\"@type\":\"ListItem\",\"position\":2,\"name\":\"Meho Omerovi\u0107 upravlja farmaceutskom kompanijom &#8216;Jugoremedija&#8217;\"}]},{\"@type\":\"WebSite\",\"@id\":\"https:\/\/sandzakpress.net\/arhiva\/#website\",\"url\":\"https:\/\/sandzakpress.net\/arhiva\/\",\"name\":\"Sand\u017eak PRESS\",\"description\":\"Prve elektronske novine u Sand\u017eaku\",\"publisher\":{\"@id\":\"https:\/\/sandzakpress.net\/arhiva\/#\/schema\/person\/6e72b67d6e51910a1117b3b483ba20bd\"},\"potentialAction\":[{\"@type\":\"SearchAction\",\"target\":{\"@type\":\"EntryPoint\",\"urlTemplate\":\"https:\/\/sandzakpress.net\/arhiva\/?s={search_term_string}\"},\"query-input\":{\"@type\":\"PropertyValueSpecification\",\"valueRequired\":true,\"valueName\":\"search_term_string\"}}],\"inLanguage\":\"bs-BA\"},{\"@type\":[\"Person\",\"Organization\"],\"@id\":\"https:\/\/sandzakpress.net\/arhiva\/#\/schema\/person\/6e72b67d6e51910a1117b3b483ba20bd\",\"name\":\"Kul\",\"image\":{\"@type\":\"ImageObject\",\"inLanguage\":\"bs-BA\",\"@id\":\"https:\/\/sandzakpress.net\/arhiva\/#\/schema\/person\/image\/\",\"url\":\"https:\/\/secure.gravatar.com\/avatar\/42263f39aa27ac04c43cab85c280eb2e?s=96&d=mm&r=pg\",\"contentUrl\":\"https:\/\/secure.gravatar.com\/avatar\/42263f39aa27ac04c43cab85c280eb2e?s=96&d=mm&r=pg\",\"caption\":\"Kul\"},\"logo\":{\"@id\":\"https:\/\/sandzakpress.net\/arhiva\/#\/schema\/person\/image\/\"}},{\"@type\":\"Person\",\"@id\":\"https:\/\/sandzakpress.net\/arhiva\/#\/schema\/person\/c8baee722073534b583ea7bdb2e36c02\",\"name\":\"bosniak\",\"image\":{\"@type\":\"ImageObject\",\"inLanguage\":\"bs-BA\",\"@id\":\"https:\/\/sandzakpress.net\/arhiva\/#\/schema\/person\/image\/\",\"url\":\"https:\/\/secure.gravatar.com\/avatar\/a04fd330bfe3a36a72a0ad4a6d89fca7?s=96&d=mm&r=pg\",\"contentUrl\":\"https:\/\/secure.gravatar.com\/avatar\/a04fd330bfe3a36a72a0ad4a6d89fca7?s=96&d=mm&r=pg\",\"caption\":\"bosniak\"},\"url\":\"https:\/\/sandzakpress.net\/arhiva\/author\/bosniak\/\"}]}<\/script>\n<!-- \/ Yoast SEO Premium plugin. -->","yoast_head_json":{"title":"Meho Omerovi\u0107 upravlja farmaceutskom kompanijom 'Jugoremedija'","robots":{"index":"index","follow":"follow","max-snippet":"max-snippet:-1","max-image-preview":"max-image-preview:large","max-video-preview":"max-video-preview:-1"},"canonical":"https:\/\/sandzakpress.net\/arhiva\/meho-omerovic-upravlja-farmaceutskom-kompanijom-jugoremedija\/","og_locale":"bs_BA","og_type":"article","og_title":"Meho Omerovi\u0107 upravlja farmaceutskom kompanijom 'Jugoremedija'","og_description":"Srbija &#8211; Srbiji je danas neophodno, 8 milijardi evra finansijskog kapitala, da bi se pokrenuo ekonomsko-razvojni to\u010dak, podsti\u010du\u0107i prije svega ozbiljan rast sada\u0161njeg katastrofalno niskog BDP-a Vlada Ivice Da\u010di\u0107a startovala je protekle nedjelje. Malo nervozno. Em se MUP \u201eodjednom\u201c sjetio i zatr\u010dao u \u201eJugoremediju\u201c i pritvorio rukovodstvo te zrenjaninske farmaceutske fabrike, em su time unervozili [&hellip;]","og_url":"https:\/\/sandzakpress.net\/arhiva\/meho-omerovic-upravlja-farmaceutskom-kompanijom-jugoremedija\/","og_site_name":"Sand\u017eak PRESS","article_published_time":"2012-08-07T13:25:02+00:00","og_image":[{"width":260,"height":255,"url":"https:\/\/sandzakpress.net\/arhiva\/wp-content\/uploads\/2012\/08\/882117_18-Omerovic_Meho_01.jpg","type":"image\/jpeg"}],"author":"bosniak","twitter_card":"summary_large_image","twitter_misc":{"Written by":"bosniak","Est. reading time":"1 minuta"},"schema":{"@context":"https:\/\/schema.org","@graph":[{"@type":"Article","@id":"https:\/\/sandzakpress.net\/arhiva\/meho-omerovic-upravlja-farmaceutskom-kompanijom-jugoremedija\/#article","isPartOf":{"@id":"https:\/\/sandzakpress.net\/arhiva\/meho-omerovic-upravlja-farmaceutskom-kompanijom-jugoremedija\/"},"author":{"name":"bosniak","@id":"https:\/\/sandzakpress.net\/arhiva\/#\/schema\/person\/c8baee722073534b583ea7bdb2e36c02"},"headline":"Meho Omerovi\u0107 upravlja farmaceutskom kompanijom &#8216;Jugoremedija&#8217;","datePublished":"2012-08-07T13:25:02+00:00","mainEntityOfPage":{"@id":"https:\/\/sandzakpress.net\/arhiva\/meho-omerovic-upravlja-farmaceutskom-kompanijom-jugoremedija\/"},"wordCount":279,"commentCount":2,"publisher":{"@id":"https:\/\/sandzakpress.net\/arhiva\/#\/schema\/person\/6e72b67d6e51910a1117b3b483ba20bd"},"image":{"@id":"https:\/\/sandzakpress.net\/arhiva\/meho-omerovic-upravlja-farmaceutskom-kompanijom-jugoremedija\/#primaryimage"},"thumbnailUrl":"https:\/\/sandzakpress.net\/arhiva\/wp-content\/uploads\/2012\/08\/882117_18-Omerovic_Meho_01.jpg","articleSection":["VIJESTI DANA"],"inLanguage":"bs-BA","potentialAction":[{"@type":"CommentAction","name":"Comment","target":["https:\/\/sandzakpress.net\/arhiva\/meho-omerovic-upravlja-farmaceutskom-kompanijom-jugoremedija\/#respond"]}]},{"@type":"WebPage","@id":"https:\/\/sandzakpress.net\/arhiva\/meho-omerovic-upravlja-farmaceutskom-kompanijom-jugoremedija\/","url":"https:\/\/sandzakpress.net\/arhiva\/meho-omerovic-upravlja-farmaceutskom-kompanijom-jugoremedija\/","name":"Meho Omerovi\u0107 upravlja farmaceutskom kompanijom 'Jugoremedija'","isPartOf":{"@id":"https:\/\/sandzakpress.net\/arhiva\/#website"},"primaryImageOfPage":{"@id":"https:\/\/sandzakpress.net\/arhiva\/meho-omerovic-upravlja-farmaceutskom-kompanijom-jugoremedija\/#primaryimage"},"image":{"@id":"https:\/\/sandzakpress.net\/arhiva\/meho-omerovic-upravlja-farmaceutskom-kompanijom-jugoremedija\/#primaryimage"},"thumbnailUrl":"https:\/\/sandzakpress.net\/arhiva\/wp-content\/uploads\/2012\/08\/882117_18-Omerovic_Meho_01.jpg","datePublished":"2012-08-07T13:25:02+00:00","breadcrumb":{"@id":"https:\/\/sandzakpress.net\/arhiva\/meho-omerovic-upravlja-farmaceutskom-kompanijom-jugoremedija\/#breadcrumb"},"inLanguage":"bs-BA","potentialAction":[{"@type":"ReadAction","target":["https:\/\/sandzakpress.net\/arhiva\/meho-omerovic-upravlja-farmaceutskom-kompanijom-jugoremedija\/"]}]},{"@type":"ImageObject","inLanguage":"bs-BA","@id":"https:\/\/sandzakpress.net\/arhiva\/meho-omerovic-upravlja-farmaceutskom-kompanijom-jugoremedija\/#primaryimage","url":"https:\/\/sandzakpress.net\/arhiva\/wp-content\/uploads\/2012\/08\/882117_18-Omerovic_Meho_01.jpg","contentUrl":"https:\/\/sandzakpress.net\/arhiva\/wp-content\/uploads\/2012\/08\/882117_18-Omerovic_Meho_01.jpg","width":260,"height":255},{"@type":"BreadcrumbList","@id":"https:\/\/sandzakpress.net\/arhiva\/meho-omerovic-upravlja-farmaceutskom-kompanijom-jugoremedija\/#breadcrumb","itemListElement":[{"@type":"ListItem","position":1,"name":"Home","item":"https:\/\/sandzakpress.net\/arhiva\/"},{"@type":"ListItem","position":2,"name":"Meho Omerovi\u0107 upravlja farmaceutskom kompanijom &#8216;Jugoremedija&#8217;"}]},{"@type":"WebSite","@id":"https:\/\/sandzakpress.net\/arhiva\/#website","url":"https:\/\/sandzakpress.net\/arhiva\/","name":"Sand\u017eak PRESS","description":"Prve elektronske novine u Sand\u017eaku","publisher":{"@id":"https:\/\/sandzakpress.net\/arhiva\/#\/schema\/person\/6e72b67d6e51910a1117b3b483ba20bd"},"potentialAction":[{"@type":"SearchAction","target":{"@type":"EntryPoint","urlTemplate":"https:\/\/sandzakpress.net\/arhiva\/?s={search_term_string}"},"query-input":{"@type":"PropertyValueSpecification","valueRequired":true,"valueName":"search_term_string"}}],"inLanguage":"bs-BA"},{"@type":["Person","Organization"],"@id":"https:\/\/sandzakpress.net\/arhiva\/#\/schema\/person\/6e72b67d6e51910a1117b3b483ba20bd","name":"Kul","image":{"@type":"ImageObject","inLanguage":"bs-BA","@id":"https:\/\/sandzakpress.net\/arhiva\/#\/schema\/person\/image\/","url":"https:\/\/secure.gravatar.com\/avatar\/42263f39aa27ac04c43cab85c280eb2e?s=96&d=mm&r=pg","contentUrl":"https:\/\/secure.gravatar.com\/avatar\/42263f39aa27ac04c43cab85c280eb2e?s=96&d=mm&r=pg","caption":"Kul"},"logo":{"@id":"https:\/\/sandzakpress.net\/arhiva\/#\/schema\/person\/image\/"}},{"@type":"Person","@id":"https:\/\/sandzakpress.net\/arhiva\/#\/schema\/person\/c8baee722073534b583ea7bdb2e36c02","name":"bosniak","image":{"@type":"ImageObject","inLanguage":"bs-BA","@id":"https:\/\/sandzakpress.net\/arhiva\/#\/schema\/person\/image\/","url":"https:\/\/secure.gravatar.com\/avatar\/a04fd330bfe3a36a72a0ad4a6d89fca7?s=96&d=mm&r=pg","contentUrl":"https:\/\/secure.gravatar.com\/avatar\/a04fd330bfe3a36a72a0ad4a6d89fca7?s=96&d=mm&r=pg","caption":"bosniak"},"url":"https:\/\/sandzakpress.net\/arhiva\/author\/bosniak\/"}]}},"_links":{"self":[{"href":"https:\/\/sandzakpress.net\/arhiva\/wp-json\/wp\/v2\/posts\/47297"}],"collection":[{"href":"https:\/\/sandzakpress.net\/arhiva\/wp-json\/wp\/v2\/posts"}],"about":[{"href":"https:\/\/sandzakpress.net\/arhiva\/wp-json\/wp\/v2\/types\/post"}],"author":[{"embeddable":true,"href":"https:\/\/sandzakpress.net\/arhiva\/wp-json\/wp\/v2\/users\/83"}],"replies":[{"embeddable":true,"href":"https:\/\/sandzakpress.net\/arhiva\/wp-json\/wp\/v2\/comments?post=47297"}],"version-history":[{"count":0,"href":"https:\/\/sandzakpress.net\/arhiva\/wp-json\/wp\/v2\/posts\/47297\/revisions"}],"wp:featuredmedia":[{"embeddable":true,"href":"https:\/\/sandzakpress.net\/arhiva\/wp-json\/wp\/v2\/media\/47298"}],"wp:attachment":[{"href":"https:\/\/sandzakpress.net\/arhiva\/wp-json\/wp\/v2\/media?parent=47297"}],"wp:term":[{"taxonomy":"category","embeddable":true,"href":"https:\/\/sandzakpress.net\/arhiva\/wp-json\/wp\/v2\/categories?post=47297"},{"taxonomy":"post_tag","embeddable":true,"href":"https:\/\/sandzakpress.net\/arhiva\/wp-json\/wp\/v2\/tags?post=47297"}],"curies":[{"name":"wp","href":"https:\/\/api.w.org\/{rel}","templated":true}]}}