{"id":4723,"date":"2010-06-12T17:58:44","date_gmt":"2010-06-12T17:58:44","guid":{"rendered":"https:\/\/sandzakpress.net\/arhiva\/?p=4723"},"modified":"2010-07-16T17:23:37","modified_gmt":"2010-07-16T17:23:37","slug":"kotromanici-i-nemanjici","status":"publish","type":"post","link":"https:\/\/sandzakpress.net\/arhiva\/kotromanici-i-nemanjici\/","title":{"rendered":"Kotromani\u0107i i Nemanji\u0107i"},"content":{"rendered":"<p style=\"text-align: center;\"><a href=\"https:\/\/sandzakpress.net\/arhiva\/wp-content\/uploads\/2010\/06\/bosna-i-srbija1.jpg\"><img loading=\"lazy\" decoding=\"async\" class=\"aligncenter size-full wp-image-4731\" title=\"bosna i srbija\" src=\"https:\/\/sandzakpress.net\/arhiva\/wp-content\/uploads\/2010\/06\/bosna-i-srbija1.jpg\" alt=\"\" width=\"616\" height=\"370\" \/><\/a><\/p>\n<p style=\"text-align: center;\"><strong>&#8220;Od Kulina bana i dobrijeh dana&#8221;<\/strong> &#8211; bo\u0161nja\u010dka izreka<\/p>\n<p>Na prostoru dana\u0161njeg Sand\u017eaka, u Srednjem vijeku, naizmjeni\u010dno su vladale bo\u0161nja\u010dke i srpske dinastije. Bosnom su vladali Kotromani\u0107i, a Ra\u0161kom, kako se spominje, kasnije Srbijom, Nemanji\u0107i. Doseljavanjem Slovena, po dokumentima kao robova \u2013 servus, na prostor Sand\u017eaka pod uticajem tada\u0161nje Vizantije dolazi do formiranja srpske nacije i raseljavanja i asimilacije ve\u0107eg broja ilirskih plemena Autirijata i Dardanaca koji su prvobitni i autohtoni stanovnici Sand\u017eaka, preci dana\u0161njih Bo\u0161njaka.<\/p>\n<figure id=\"attachment_4724\" aria-describedby=\"caption-attachment-4724\" style=\"width: 200px\" class=\"wp-caption alignright\"><a href=\"https:\/\/sandzakpress.net\/arhiva\/wp-content\/uploads\/2010\/06\/stefan-nemanja.jpg\"><img loading=\"lazy\" decoding=\"async\" class=\"size-full wp-image-4724 \" title=\"stefan nemanja\" src=\"https:\/\/sandzakpress.net\/arhiva\/wp-content\/uploads\/2010\/06\/stefan-nemanja.jpg\" alt=\"\" width=\"200\" height=\"200\" srcset=\"https:\/\/sandzakpress.net\/arhiva\/wp-content\/uploads\/2010\/06\/stefan-nemanja.jpg 200w, https:\/\/sandzakpress.net\/arhiva\/wp-content\/uploads\/2010\/06\/stefan-nemanja-150x150.jpg 150w, https:\/\/sandzakpress.net\/arhiva\/wp-content\/uploads\/2010\/06\/stefan-nemanja-90x90.jpg 90w, https:\/\/sandzakpress.net\/arhiva\/wp-content\/uploads\/2010\/06\/stefan-nemanja-125x125.jpg 125w\" sizes=\"(max-width: 200px) 100vw, 200px\" \/><\/a><figcaption id=\"caption-attachment-4724\" class=\"wp-caption-text\">Stefan Nemanja<\/figcaption><\/figure>\n<p>Nemanji\u0107i su prva srpska dinastija i zavladali su dijelom dana\u0161njeg Sand\u017eaka, ta\u010dnije Ra\u0161kom. Rodona\u010delnik Nemanji\u0107a bio je Stefan Nemanja (vl. 1168-1196). Naziv teritorije Ra\u0161ke je ilirskog porijekla i po njoj se zove i rijeka nad kojom se nalazi tvr\u0111ava. Teritorija Ra\u0161ke obuhvata okolinu tvr\u0111ave i rijeke Ra\u0161ke. Kada je Nemanja postao \u017eupan, svoju prijestolnicu je smjestio u Arsu i vremenom je ta tvr\u0111ava mijenjala naziv od Arsa u Rasa &#8211; Ras, stari ilirski grad. On je kr\u0161ten kao katolik i u po\u010detku ga je privla\u010dio katoli\u010dki Zapad. Imao je \u017eelju da sklopi savez sa Karlom Fridrihom Barbarosom, njema\u010dkim carem. On je u pohodu na Jerusalim (Kuds) pro\u0161ao kroz Sand\u017eak i o\u010dekivao je to u\u010diniti u njegovom povratku, ali se on sa ovog putovanja nije nikada vratio. Nemanji je, poslije toga, bilo neizbje\u017eno potpadanje pod uticaj Vizantijske crkve, jer je Vizantija u to doba bila veoma jaka.<\/p>\n<figure id=\"attachment_4725\" aria-describedby=\"caption-attachment-4725\" style=\"width: 191px\" class=\"wp-caption alignleft\"><a href=\"https:\/\/sandzakpress.net\/arhiva\/wp-content\/uploads\/2010\/06\/povelja_kulina_bana.jpg\"><img loading=\"lazy\" decoding=\"async\" class=\"size-medium wp-image-4725\" title=\"povelja_kulina_bana\" src=\"https:\/\/sandzakpress.net\/arhiva\/wp-content\/uploads\/2010\/06\/povelja_kulina_bana-191x300.jpg\" alt=\"\" width=\"191\" height=\"300\" \/><\/a><figcaption id=\"caption-attachment-4725\" class=\"wp-caption-text\">povelja Kulina bana<\/figcaption><\/figure>\n<p>Sa druge strane Drine vladao je Kulin ban (vl. 1180-1204), najpoznatiji bosanski vladar. Bio je Bo\u0161njanin, kako sebe opisuje u dokumentima, i prvi vladar sljedbenik bogumilskog vjerovanja. Njegova teritorija je bila znatno ja\u010da od Nemanjine. Poznata je njegova povelja Dubrov\u010danima i garantovanje im slobode kretanja. On je u Bosni sagradio prvu bogumilsku bogomolju. Njega je ugarski kralj Emerik prijavio kod pape Ino\u0107entije III zbog njegovog slije\u0111enja bogumilstva i Papa, po\u0161to je u Evropi njegovim blagoslovom stradalo oko milion sljedbenika ovakvog vjerovanja, progla\u0161ava krsta\u0161ki rat protiv Bosne. Ban Kulin, da bi sa\u010duvao svoj narod, pred Papinim izaslanicima samo formalno prima katoli\u010danstvo.<\/p>\n<p>Jedan od poznatih Kulinovih nasljednika je ban Stjepan (vl. 1204-1232). Njega je Katoli\u010dka crkva uspjela smijeniti i postaviti Mateju Ninoslava (vl. 1232-1253), ali se i on otima njihovoj kontroli, prima vjeru bogumila i po\u010dinje je javno ispovijedati. Protiv njega i Bo\u0161njana se ponovno progla\u0161ava krsta\u0161ki rat u kome ih je jako puno stradalo. Uprkos svemu, ban Mateja uspijeva sa\u010duvati svoju vjeru i odbraniti svoju dr\u017eavu. Jedan od poznatih vladara Bosne je i Stjepan II Kotromani\u0107 (vl. 1314-1353). On je upam\u0107en kao veoma odlu\u010dan i sposoban dr\u017eavnik i teritoriju je uspio pro\u0161iriti u pravcu Jadrana, \u010dime se dokopao mora i Bosni otvorio put u svijet.<\/p>\n<figure id=\"attachment_4726\" aria-describedby=\"caption-attachment-4726\" style=\"width: 218px\" class=\"wp-caption alignright\"><a href=\"https:\/\/sandzakpress.net\/arhiva\/wp-content\/uploads\/2010\/06\/cardusan.jpg\"><img loading=\"lazy\" decoding=\"async\" class=\"size-medium wp-image-4726\" title=\"cardusan\" src=\"https:\/\/sandzakpress.net\/arhiva\/wp-content\/uploads\/2010\/06\/cardusan-218x300.jpg\" alt=\"\" width=\"218\" height=\"300\" \/><\/a><figcaption id=\"caption-attachment-4726\" class=\"wp-caption-text\">Du\u0161en Nemanji\u0107<\/figcaption><\/figure>\n<p>\u0160to se ti\u010de Ra\u0161ke, jedan od poznatih Nemanjinih nasljednika je Stefan De\u010danski. Ra\u0161ka se polako \u0161irila ka istoku i jugu i tako se on kruni\u0161e za kralja i svoju teritoriju naziva Sprskom kraljevinom.\u00a0 Poslije njega najpoznatiji je Milutin Nemanji\u0107 (vl. 1282-1321). On je na Kosovu sagradio najve\u0107i broj manastira. Poslije njega najzna\u010dajniji za Srbe postaje vladar Du\u0161an Nemanji\u0107 (vl. 1331-1355). Du\u0161an je prozvan \u201esilnim\u201c jer je svoju teritoriju pro\u0161irio na sjever do Dunava, na istok do Bugarske, na jug do Egejskog mora, ali jedino na zapad nije imao puno osvaja\u010dke sre\u0107e. Uspio je osvojiti samo Hum (dana\u0161nja Hercegovina). Godine 1346. Du\u0161an Nemanji\u0107 se u Skoplju kruni\u0161e za cara Srba, Grka, Bugara i Albanaca, me\u0111utim to mu Vizantija i Rim nisu priznali. Car Du\u0161an je u nekoliko navrata poku\u0161ao da pokori bana Stjepana II i tako je vi\u0161e puta opsjedao glavni grad Bobovac. U Bosni je do\u017eivio te\u0161ke neuspjehe i potom bio primoran da od Bosne digne ruke. Njegovim povla\u010denjem ban Stjepan II vra\u0107a pod svoju kontrolu osvojeni Hum. Pred neo\u010dekivanu smrt, Du\u0161an Nemanji\u0107 premje\u0161ta svoju prijestolnicu iz Rasa u Prizren. Njegovom smr\u0107u naslje\u0111uje ga njegov sin Uro\u0161, koji je zbog upropa\u0161tavanja carstva prozvan \u201enejakim\u201c.<\/p>\n<p>Vladavina bana i kralja Tvrtka Kotromani\u0107a (vl. 1353-1366. i 1367-1391) bila je najdu\u017ea i najva\u017enija u istoriji Bosne. On je u\u010dvrstio svoju vlast i Bosnu oja\u010dao na svim poljima. Njega je uzeo u za\u0161titu ugarski kralj i nametnuo mu zadatak da proganja sljedbenike bogumilskog vjerovanja. Zbog toga njega Bo\u0161njani-bogumili, na \u010delu sa njegovim ro\u0111enim bratom Uro\u0161em, proganjaju iz Bosne, ali se on ubrzo, uz pomo\u0107 ugarskog kralja, vra\u0107a. Bosna je u njegovo vrijeme imala najve\u0107u teritoriju na Balkanu, cijelu dana\u0161nju Bosnu, Dalmaciju, Crnu Goru,\u00a0 Sand\u017eak i isto\u010dne dijelove Srbije. U Sand\u017eaku je ta\u010dnije obuhvatala teritorije dana\u0161njih op\u0161tina Priboj, Pljevlja, Prijepolje, Nova Varo\u0161, Sjenica, Bijelo Polje i Donji Kola\u0161in. Sve ove teritorije su sljede\u0107ih 505 godina bile u sastavu Bosne, a poslije u sastavu Novopazarskog Sand\u017eaka jo\u0161 34 godine Po povratku iz Ugarske, Tvrtko Kotromani\u0107 se 1377. godine\u00a0 kruni\u0161e za kralja Srbije, Bosne, Primorija i zapadnih strana u manastiru Mili\u0161evo kod Prijepolja (koje se danas nalazi u Sand\u017eaku). Ovu \u010dinjenicu niko ne pori\u010de, ali smo u osnovnoj \u0161koli u\u010dili da je Tvrtko bio \u201dkralj Srbije\u201d, \u0161to je, dakle, o\u010digledna obmana. S druge strane Drine brojni srpski velika\u0161i su vodili borbu oko vlasti. Kao pobjednik izlazi Lazar Hrebeljanovi\u0107 (vl. 1371-1389) i progla\u0161ava se za kneza Srbije (koja je obuhvatala dana\u0161nju Centralnu Srbiju sa sjedi\u0161tem u Kru\u0161evcu). Protiv njega se jo\u0161 jedino pobunio \u017eupan Nikola Altomanovi\u0107. Knez Lazar, da bi ga porazio, ulazi u savez sa kraljom Tvrtkom i tako i on biva ugu\u0161en.<\/p>\n<figure id=\"attachment_4727\" aria-describedby=\"caption-attachment-4727\" style=\"width: 500px\" class=\"wp-caption aligncenter\"><a href=\"https:\/\/sandzakpress.net\/arhiva\/wp-content\/uploads\/2010\/06\/13-kraljevina-bosna.jpg\"><img loading=\"lazy\" decoding=\"async\" class=\"size-full wp-image-4727\" title=\"13 - kraljevina bosna\" src=\"https:\/\/sandzakpress.net\/arhiva\/wp-content\/uploads\/2010\/06\/13-kraljevina-bosna.jpg\" alt=\"\" width=\"500\" height=\"282\" \/><\/a><figcaption id=\"caption-attachment-4727\" class=\"wp-caption-text\">Bosna 1390.<\/figcaption><\/figure>\n<p>Velikosrpski istori\u010dari kao dokaz za svoje ideje navode \u0161to kralj Tvrtko Kotromani\u0107 ka\u017ee za sebe da je \u201ekralj Srbljem\u201c. Znamo da je Tvrtko bio nosilac bosanske kraljevske krune, ali po raspadu i rascjepu dr\u017eave Srbije, on sebe, time \u0161to osvaja njene dijelove, naziva i kraljem Srba, odnosno kako se spominje \u201eKralj Srbljem\u201c. Taj \u010din je imao politi\u010dki karakter jer je na taj na\u010din poku\u0161ao pridobiti pravoslavno stanovni\u0161tvo i dobiti me\u0111unarodno priznaje za bosansku krunu. Pored politi\u010dkog, ovaj \u010din je imao i ekonomski karakter, jer je on tim progla\u0161enjem zadobio pravo na \u201eMitrovdanski prinos\u201c koji su Dubrov\u010dani pla\u0107ali Srbiji. Da je Kralju Tvrtku titula \u201cKralj Srbljem\u201d bila samo od ceremonijalne va\u017enosti pokazuje i \u010dinjenica da Kralj Tvrtko 1390. godine odbacuje tu titulu u potpunosti, te od tada njegova titula glasi \u201dKralj Ra\u0161ke, Bosne, Dalmacije, Hrvatske i Primorja\u201d<\/p>\n<p>Kao zaklju\u010dak svim ovim tvrdnjama o postojanju dvije zasebne nacije Bo\u0161njaka i Srba bit \u0107e i to da mi danas znamo izgled svih spomenutih srpskih vladara, i to putem freski i ikona koje su crtane u crkvama, ali ne znamo izgled nijednog od spomenutih bosanskih vladara, jer oni nisu naslikavani, jer nisu bili kr\u0161\u0107ani!<\/p>\n<p>Auutor: <strong>Usame Zukorli\u0107<\/strong><\/p>\n<p>Izvor:<strong> Glas-Islama.info<\/strong><\/p>\n<p>\u2014\u2014\u2014\u2014\u2014\u2014\u2014\u2014\u2014\u2014-<\/p>\n<p>Literatura:<\/p>\n<ol>\n<li><em>\/Sand\u017eak, porobljena zemlja\/<\/em>,\u00a0 Harun Crnovr\u0161anin, Nuro  Sadikovi\u0107<\/li>\n<li><em>\/Kako se kalio Sand\u017eak\/<\/em>,\u00a0 Harun Crnovr\u0161anin, Nuro Sadikovi\u0107<\/li>\n<li>\/Bo\u0161njani i Sabri u srednjem vijeku\/, Medresa.net<\/li>\n<li>BS.Wikipedia.org<\/li>\n<\/ol>\n","protected":false},"excerpt":{"rendered":"<p>&#8220;Od Kulina bana i dobrijeh dana&#8221; &#8211; bo\u0161nja\u010dka izreka Na prostoru dana\u0161njeg Sand\u017eaka, u Srednjem vijeku, naizmjeni\u010dno su vladale bo\u0161nja\u010dke i srpske dinastije. Bosnom su vladali Kotromani\u0107i, a Ra\u0161kom, kako se spominje, kasnije Srbijom, Nemanji\u0107i. Doseljavanjem Slovena, po dokumentima kao robova \u2013 servus, na prostor Sand\u017eaka pod uticajem tada\u0161nje Vizantije dolazi do formiranja srpske nacije [&hellip;]<\/p>\n","protected":false},"author":83,"featured_media":4731,"comment_status":"open","ping_status":"open","sticky":false,"template":"","format":"standard","meta":{"footnotes":""},"categories":[14],"tags":[],"class_list":{"0":"post-4723","1":"post","2":"type-post","3":"status-publish","4":"format-standard","5":"has-post-thumbnail","7":"category-sandzak-historija"},"yoast_head":"<!-- This site is optimized with the Yoast SEO Premium plugin v23.1 (Yoast SEO v24.9) - https:\/\/yoast.com\/wordpress\/plugins\/seo\/ -->\n<title>Kotromani\u0107i i Nemanji\u0107i<\/title>\n<meta name=\"robots\" content=\"index, follow, max-snippet:-1, max-image-preview:large, max-video-preview:-1\" \/>\n<link rel=\"canonical\" href=\"https:\/\/sandzakpress.net\/arhiva\/kotromanici-i-nemanjici\/\" \/>\n<meta property=\"og:locale\" content=\"bs_BA\" \/>\n<meta property=\"og:type\" content=\"article\" \/>\n<meta property=\"og:title\" content=\"Kotromani\u0107i i Nemanji\u0107i\" \/>\n<meta property=\"og:description\" content=\"&#8220;Od Kulina bana i dobrijeh dana&#8221; &#8211; bo\u0161nja\u010dka izreka Na prostoru dana\u0161njeg Sand\u017eaka, u Srednjem vijeku, naizmjeni\u010dno su vladale bo\u0161nja\u010dke i srpske dinastije. Bosnom su vladali Kotromani\u0107i, a Ra\u0161kom, kako se spominje, kasnije Srbijom, Nemanji\u0107i. Doseljavanjem Slovena, po dokumentima kao robova \u2013 servus, na prostor Sand\u017eaka pod uticajem tada\u0161nje Vizantije dolazi do formiranja srpske nacije [&hellip;]\" \/>\n<meta property=\"og:url\" content=\"https:\/\/sandzakpress.net\/arhiva\/kotromanici-i-nemanjici\/\" \/>\n<meta property=\"og:site_name\" content=\"Sand\u017eak PRESS\" \/>\n<meta property=\"article:published_time\" content=\"2010-06-12T17:58:44+00:00\" \/>\n<meta property=\"article:modified_time\" content=\"2010-07-16T17:23:37+00:00\" \/>\n<meta property=\"og:image\" content=\"https:\/\/sandzakpress.net\/arhiva\/wp-content\/uploads\/2010\/06\/bosna-i-srbija1.jpg\" \/>\n\t<meta property=\"og:image:width\" content=\"616\" \/>\n\t<meta property=\"og:image:height\" content=\"370\" \/>\n\t<meta property=\"og:image:type\" content=\"image\/jpeg\" \/>\n<meta name=\"author\" content=\"bosniak\" \/>\n<meta name=\"twitter:card\" content=\"summary_large_image\" \/>\n<meta name=\"twitter:label1\" content=\"Written by\" \/>\n\t<meta name=\"twitter:data1\" content=\"bosniak\" \/>\n\t<meta name=\"twitter:label2\" content=\"Est. reading time\" \/>\n\t<meta name=\"twitter:data2\" content=\"6 minuta\" \/>\n<script type=\"application\/ld+json\" class=\"yoast-schema-graph\">{\"@context\":\"https:\/\/schema.org\",\"@graph\":[{\"@type\":\"Article\",\"@id\":\"https:\/\/sandzakpress.net\/arhiva\/kotromanici-i-nemanjici\/#article\",\"isPartOf\":{\"@id\":\"https:\/\/sandzakpress.net\/arhiva\/kotromanici-i-nemanjici\/\"},\"author\":{\"name\":\"bosniak\",\"@id\":\"https:\/\/sandzakpress.net\/arhiva\/#\/schema\/person\/c8baee722073534b583ea7bdb2e36c02\"},\"headline\":\"Kotromani\u0107i i Nemanji\u0107i\",\"datePublished\":\"2010-06-12T17:58:44+00:00\",\"dateModified\":\"2010-07-16T17:23:37+00:00\",\"mainEntityOfPage\":{\"@id\":\"https:\/\/sandzakpress.net\/arhiva\/kotromanici-i-nemanjici\/\"},\"wordCount\":1269,\"commentCount\":24,\"publisher\":{\"@id\":\"https:\/\/sandzakpress.net\/arhiva\/#\/schema\/person\/6e72b67d6e51910a1117b3b483ba20bd\"},\"image\":{\"@id\":\"https:\/\/sandzakpress.net\/arhiva\/kotromanici-i-nemanjici\/#primaryimage\"},\"thumbnailUrl\":\"https:\/\/sandzakpress.net\/arhiva\/wp-content\/uploads\/2010\/06\/bosna-i-srbija1.jpg\",\"articleSection\":[\"Sand\u017eak HISTORIJA\"],\"inLanguage\":\"bs-BA\",\"potentialAction\":[{\"@type\":\"CommentAction\",\"name\":\"Comment\",\"target\":[\"https:\/\/sandzakpress.net\/arhiva\/kotromanici-i-nemanjici\/#respond\"]}]},{\"@type\":\"WebPage\",\"@id\":\"https:\/\/sandzakpress.net\/arhiva\/kotromanici-i-nemanjici\/\",\"url\":\"https:\/\/sandzakpress.net\/arhiva\/kotromanici-i-nemanjici\/\",\"name\":\"Kotromani\u0107i i Nemanji\u0107i\",\"isPartOf\":{\"@id\":\"https:\/\/sandzakpress.net\/arhiva\/#website\"},\"primaryImageOfPage\":{\"@id\":\"https:\/\/sandzakpress.net\/arhiva\/kotromanici-i-nemanjici\/#primaryimage\"},\"image\":{\"@id\":\"https:\/\/sandzakpress.net\/arhiva\/kotromanici-i-nemanjici\/#primaryimage\"},\"thumbnailUrl\":\"https:\/\/sandzakpress.net\/arhiva\/wp-content\/uploads\/2010\/06\/bosna-i-srbija1.jpg\",\"datePublished\":\"2010-06-12T17:58:44+00:00\",\"dateModified\":\"2010-07-16T17:23:37+00:00\",\"breadcrumb\":{\"@id\":\"https:\/\/sandzakpress.net\/arhiva\/kotromanici-i-nemanjici\/#breadcrumb\"},\"inLanguage\":\"bs-BA\",\"potentialAction\":[{\"@type\":\"ReadAction\",\"target\":[\"https:\/\/sandzakpress.net\/arhiva\/kotromanici-i-nemanjici\/\"]}]},{\"@type\":\"ImageObject\",\"inLanguage\":\"bs-BA\",\"@id\":\"https:\/\/sandzakpress.net\/arhiva\/kotromanici-i-nemanjici\/#primaryimage\",\"url\":\"https:\/\/sandzakpress.net\/arhiva\/wp-content\/uploads\/2010\/06\/bosna-i-srbija1.jpg\",\"contentUrl\":\"https:\/\/sandzakpress.net\/arhiva\/wp-content\/uploads\/2010\/06\/bosna-i-srbija1.jpg\",\"width\":616,\"height\":370},{\"@type\":\"BreadcrumbList\",\"@id\":\"https:\/\/sandzakpress.net\/arhiva\/kotromanici-i-nemanjici\/#breadcrumb\",\"itemListElement\":[{\"@type\":\"ListItem\",\"position\":1,\"name\":\"Home\",\"item\":\"https:\/\/sandzakpress.net\/arhiva\/\"},{\"@type\":\"ListItem\",\"position\":2,\"name\":\"Kotromani\u0107i i Nemanji\u0107i\"}]},{\"@type\":\"WebSite\",\"@id\":\"https:\/\/sandzakpress.net\/arhiva\/#website\",\"url\":\"https:\/\/sandzakpress.net\/arhiva\/\",\"name\":\"Sand\u017eak PRESS\",\"description\":\"Prve elektronske novine u Sand\u017eaku\",\"publisher\":{\"@id\":\"https:\/\/sandzakpress.net\/arhiva\/#\/schema\/person\/6e72b67d6e51910a1117b3b483ba20bd\"},\"potentialAction\":[{\"@type\":\"SearchAction\",\"target\":{\"@type\":\"EntryPoint\",\"urlTemplate\":\"https:\/\/sandzakpress.net\/arhiva\/?s={search_term_string}\"},\"query-input\":{\"@type\":\"PropertyValueSpecification\",\"valueRequired\":true,\"valueName\":\"search_term_string\"}}],\"inLanguage\":\"bs-BA\"},{\"@type\":[\"Person\",\"Organization\"],\"@id\":\"https:\/\/sandzakpress.net\/arhiva\/#\/schema\/person\/6e72b67d6e51910a1117b3b483ba20bd\",\"name\":\"Kul\",\"image\":{\"@type\":\"ImageObject\",\"inLanguage\":\"bs-BA\",\"@id\":\"https:\/\/sandzakpress.net\/arhiva\/#\/schema\/person\/image\/\",\"url\":\"https:\/\/secure.gravatar.com\/avatar\/42263f39aa27ac04c43cab85c280eb2e?s=96&d=mm&r=pg\",\"contentUrl\":\"https:\/\/secure.gravatar.com\/avatar\/42263f39aa27ac04c43cab85c280eb2e?s=96&d=mm&r=pg\",\"caption\":\"Kul\"},\"logo\":{\"@id\":\"https:\/\/sandzakpress.net\/arhiva\/#\/schema\/person\/image\/\"}},{\"@type\":\"Person\",\"@id\":\"https:\/\/sandzakpress.net\/arhiva\/#\/schema\/person\/c8baee722073534b583ea7bdb2e36c02\",\"name\":\"bosniak\",\"image\":{\"@type\":\"ImageObject\",\"inLanguage\":\"bs-BA\",\"@id\":\"https:\/\/sandzakpress.net\/arhiva\/#\/schema\/person\/image\/\",\"url\":\"https:\/\/secure.gravatar.com\/avatar\/a04fd330bfe3a36a72a0ad4a6d89fca7?s=96&d=mm&r=pg\",\"contentUrl\":\"https:\/\/secure.gravatar.com\/avatar\/a04fd330bfe3a36a72a0ad4a6d89fca7?s=96&d=mm&r=pg\",\"caption\":\"bosniak\"},\"url\":\"https:\/\/sandzakpress.net\/arhiva\/author\/bosniak\/\"}]}<\/script>\n<!-- \/ Yoast SEO Premium plugin. -->","yoast_head_json":{"title":"Kotromani\u0107i i Nemanji\u0107i","robots":{"index":"index","follow":"follow","max-snippet":"max-snippet:-1","max-image-preview":"max-image-preview:large","max-video-preview":"max-video-preview:-1"},"canonical":"https:\/\/sandzakpress.net\/arhiva\/kotromanici-i-nemanjici\/","og_locale":"bs_BA","og_type":"article","og_title":"Kotromani\u0107i i Nemanji\u0107i","og_description":"&#8220;Od Kulina bana i dobrijeh dana&#8221; &#8211; bo\u0161nja\u010dka izreka Na prostoru dana\u0161njeg Sand\u017eaka, u Srednjem vijeku, naizmjeni\u010dno su vladale bo\u0161nja\u010dke i srpske dinastije. Bosnom su vladali Kotromani\u0107i, a Ra\u0161kom, kako se spominje, kasnije Srbijom, Nemanji\u0107i. Doseljavanjem Slovena, po dokumentima kao robova \u2013 servus, na prostor Sand\u017eaka pod uticajem tada\u0161nje Vizantije dolazi do formiranja srpske nacije [&hellip;]","og_url":"https:\/\/sandzakpress.net\/arhiva\/kotromanici-i-nemanjici\/","og_site_name":"Sand\u017eak PRESS","article_published_time":"2010-06-12T17:58:44+00:00","article_modified_time":"2010-07-16T17:23:37+00:00","og_image":[{"width":616,"height":370,"url":"https:\/\/sandzakpress.net\/arhiva\/wp-content\/uploads\/2010\/06\/bosna-i-srbija1.jpg","type":"image\/jpeg"}],"author":"bosniak","twitter_card":"summary_large_image","twitter_misc":{"Written by":"bosniak","Est. reading time":"6 minuta"},"schema":{"@context":"https:\/\/schema.org","@graph":[{"@type":"Article","@id":"https:\/\/sandzakpress.net\/arhiva\/kotromanici-i-nemanjici\/#article","isPartOf":{"@id":"https:\/\/sandzakpress.net\/arhiva\/kotromanici-i-nemanjici\/"},"author":{"name":"bosniak","@id":"https:\/\/sandzakpress.net\/arhiva\/#\/schema\/person\/c8baee722073534b583ea7bdb2e36c02"},"headline":"Kotromani\u0107i i Nemanji\u0107i","datePublished":"2010-06-12T17:58:44+00:00","dateModified":"2010-07-16T17:23:37+00:00","mainEntityOfPage":{"@id":"https:\/\/sandzakpress.net\/arhiva\/kotromanici-i-nemanjici\/"},"wordCount":1269,"commentCount":24,"publisher":{"@id":"https:\/\/sandzakpress.net\/arhiva\/#\/schema\/person\/6e72b67d6e51910a1117b3b483ba20bd"},"image":{"@id":"https:\/\/sandzakpress.net\/arhiva\/kotromanici-i-nemanjici\/#primaryimage"},"thumbnailUrl":"https:\/\/sandzakpress.net\/arhiva\/wp-content\/uploads\/2010\/06\/bosna-i-srbija1.jpg","articleSection":["Sand\u017eak HISTORIJA"],"inLanguage":"bs-BA","potentialAction":[{"@type":"CommentAction","name":"Comment","target":["https:\/\/sandzakpress.net\/arhiva\/kotromanici-i-nemanjici\/#respond"]}]},{"@type":"WebPage","@id":"https:\/\/sandzakpress.net\/arhiva\/kotromanici-i-nemanjici\/","url":"https:\/\/sandzakpress.net\/arhiva\/kotromanici-i-nemanjici\/","name":"Kotromani\u0107i i Nemanji\u0107i","isPartOf":{"@id":"https:\/\/sandzakpress.net\/arhiva\/#website"},"primaryImageOfPage":{"@id":"https:\/\/sandzakpress.net\/arhiva\/kotromanici-i-nemanjici\/#primaryimage"},"image":{"@id":"https:\/\/sandzakpress.net\/arhiva\/kotromanici-i-nemanjici\/#primaryimage"},"thumbnailUrl":"https:\/\/sandzakpress.net\/arhiva\/wp-content\/uploads\/2010\/06\/bosna-i-srbija1.jpg","datePublished":"2010-06-12T17:58:44+00:00","dateModified":"2010-07-16T17:23:37+00:00","breadcrumb":{"@id":"https:\/\/sandzakpress.net\/arhiva\/kotromanici-i-nemanjici\/#breadcrumb"},"inLanguage":"bs-BA","potentialAction":[{"@type":"ReadAction","target":["https:\/\/sandzakpress.net\/arhiva\/kotromanici-i-nemanjici\/"]}]},{"@type":"ImageObject","inLanguage":"bs-BA","@id":"https:\/\/sandzakpress.net\/arhiva\/kotromanici-i-nemanjici\/#primaryimage","url":"https:\/\/sandzakpress.net\/arhiva\/wp-content\/uploads\/2010\/06\/bosna-i-srbija1.jpg","contentUrl":"https:\/\/sandzakpress.net\/arhiva\/wp-content\/uploads\/2010\/06\/bosna-i-srbija1.jpg","width":616,"height":370},{"@type":"BreadcrumbList","@id":"https:\/\/sandzakpress.net\/arhiva\/kotromanici-i-nemanjici\/#breadcrumb","itemListElement":[{"@type":"ListItem","position":1,"name":"Home","item":"https:\/\/sandzakpress.net\/arhiva\/"},{"@type":"ListItem","position":2,"name":"Kotromani\u0107i i Nemanji\u0107i"}]},{"@type":"WebSite","@id":"https:\/\/sandzakpress.net\/arhiva\/#website","url":"https:\/\/sandzakpress.net\/arhiva\/","name":"Sand\u017eak PRESS","description":"Prve elektronske novine u Sand\u017eaku","publisher":{"@id":"https:\/\/sandzakpress.net\/arhiva\/#\/schema\/person\/6e72b67d6e51910a1117b3b483ba20bd"},"potentialAction":[{"@type":"SearchAction","target":{"@type":"EntryPoint","urlTemplate":"https:\/\/sandzakpress.net\/arhiva\/?s={search_term_string}"},"query-input":{"@type":"PropertyValueSpecification","valueRequired":true,"valueName":"search_term_string"}}],"inLanguage":"bs-BA"},{"@type":["Person","Organization"],"@id":"https:\/\/sandzakpress.net\/arhiva\/#\/schema\/person\/6e72b67d6e51910a1117b3b483ba20bd","name":"Kul","image":{"@type":"ImageObject","inLanguage":"bs-BA","@id":"https:\/\/sandzakpress.net\/arhiva\/#\/schema\/person\/image\/","url":"https:\/\/secure.gravatar.com\/avatar\/42263f39aa27ac04c43cab85c280eb2e?s=96&d=mm&r=pg","contentUrl":"https:\/\/secure.gravatar.com\/avatar\/42263f39aa27ac04c43cab85c280eb2e?s=96&d=mm&r=pg","caption":"Kul"},"logo":{"@id":"https:\/\/sandzakpress.net\/arhiva\/#\/schema\/person\/image\/"}},{"@type":"Person","@id":"https:\/\/sandzakpress.net\/arhiva\/#\/schema\/person\/c8baee722073534b583ea7bdb2e36c02","name":"bosniak","image":{"@type":"ImageObject","inLanguage":"bs-BA","@id":"https:\/\/sandzakpress.net\/arhiva\/#\/schema\/person\/image\/","url":"https:\/\/secure.gravatar.com\/avatar\/a04fd330bfe3a36a72a0ad4a6d89fca7?s=96&d=mm&r=pg","contentUrl":"https:\/\/secure.gravatar.com\/avatar\/a04fd330bfe3a36a72a0ad4a6d89fca7?s=96&d=mm&r=pg","caption":"bosniak"},"url":"https:\/\/sandzakpress.net\/arhiva\/author\/bosniak\/"}]}},"_links":{"self":[{"href":"https:\/\/sandzakpress.net\/arhiva\/wp-json\/wp\/v2\/posts\/4723"}],"collection":[{"href":"https:\/\/sandzakpress.net\/arhiva\/wp-json\/wp\/v2\/posts"}],"about":[{"href":"https:\/\/sandzakpress.net\/arhiva\/wp-json\/wp\/v2\/types\/post"}],"author":[{"embeddable":true,"href":"https:\/\/sandzakpress.net\/arhiva\/wp-json\/wp\/v2\/users\/83"}],"replies":[{"embeddable":true,"href":"https:\/\/sandzakpress.net\/arhiva\/wp-json\/wp\/v2\/comments?post=4723"}],"version-history":[{"count":0,"href":"https:\/\/sandzakpress.net\/arhiva\/wp-json\/wp\/v2\/posts\/4723\/revisions"}],"wp:featuredmedia":[{"embeddable":true,"href":"https:\/\/sandzakpress.net\/arhiva\/wp-json\/wp\/v2\/media\/4731"}],"wp:attachment":[{"href":"https:\/\/sandzakpress.net\/arhiva\/wp-json\/wp\/v2\/media?parent=4723"}],"wp:term":[{"taxonomy":"category","embeddable":true,"href":"https:\/\/sandzakpress.net\/arhiva\/wp-json\/wp\/v2\/categories?post=4723"},{"taxonomy":"post_tag","embeddable":true,"href":"https:\/\/sandzakpress.net\/arhiva\/wp-json\/wp\/v2\/tags?post=4723"}],"curies":[{"name":"wp","href":"https:\/\/api.w.org\/{rel}","templated":true}]}}