{"id":46990,"date":"2012-08-03T16:38:57","date_gmt":"2012-08-03T14:38:57","guid":{"rendered":"https:\/\/sandzakpress.net\/arhiva\/?p=46990"},"modified":"2012-08-03T16:38:57","modified_gmt":"2012-08-03T14:38:57","slug":"milo-dukanovic-i-rafet-husovic-da-ispostuju-ono-sto-su-potpisali-za-sandzak-video","status":"publish","type":"post","link":"https:\/\/sandzakpress.net\/arhiva\/milo-dukanovic-i-rafet-husovic-da-ispostuju-ono-sto-su-potpisali-za-sandzak-video\/","title":{"rendered":"&#8216;Milo \u0110ukanovi\u0107 i Rafet Husovi\u0107 da ispo\u0161tuju ono \u0161to su potpisali za Sand\u017eak&#8217; (Video)"},"content":{"rendered":"<p><strong><a href=\"https:\/\/sandzakpress.net\/arhiva\/wp-content\/uploads\/2012\/08\/fest_isl_bp_23.jpg\"><img loading=\"lazy\" decoding=\"async\" class=\"alignleft size-medium wp-image-46995\" title=\"fest_isl_bp_23\" src=\"https:\/\/sandzakpress.net\/arhiva\/wp-content\/uploads\/2012\/08\/fest_isl_bp_23-300x205.jpg\" alt=\"\" width=\"300\" height=\"205\" \/><\/a>Ju\u017eni Sand\u017eak &#8211; Muftija Sand\u017ea\u010dki Muamer ef. Zukorli\u0107 govorio je sino\u0107 na zajedni\u010dkom iftaru u Bijelom Polju koji je prire\u0111en u okviru manifestacije \u201eFestival islama\u201c.<\/strong><\/p>\n<p>Muftija se je, izme\u0111u ostaloga, osvrnuo na pitanje Sand\u017eaka naglasiv\u0161i da je srce Sand\u017eaka nekada bilo Bijelo Polje i Prijepolje, ali da se pod raznim pritiscima ime Sand\u017eak po svaku cijenu nastoji izbrisati iz sje\u0107anja.<\/p>\n<p>\u201eNedavno na jednom okruglom stolu u Banja Luci akademik Ferid Muhi\u0107 je kazao jednu fantasti\u010dnu re\u010denicu: &#8216;Ime se ne ukida radi imena, ve\u0107 radi namjere o ukidanju imenovanog&#8217;. Dakle, ukidanje imena zna\u010di ukidanje svega \u0161to je zna\u010dilo to ime a to ime zna\u010di jednu teritoriju na kojoj \u017eivimo, koja se historijski zove Sand\u017eak i na kojoj su prete\u017eno \u017eivjeli Bo\u0161njaci, naravno, i drugi gra\u0111ani. I namjera ukidanja Sand\u017eaka je sa ciljem ukidanja te teritorije i ukidanja tog naroda.\u201c<\/p>\n<p>Potenciraju\u0107i da nema \u017eelju za cijepanjem dr\u017eava Muftija Sand\u017ea\u010dki Muamer ef. Zukorli\u0107 poru\u010dio je \u010delnicima Bo\u0161nja\u010dke stranke i DPS-a da ispo\u0161tuju Ugovor o Sand\u017eaku kao prekograni\u010dnoj regiji, kojeg su potpisali.<\/p>\n<p>\u201eTaj ugovor je bio zalog da Bo\u0161njaci daju glasove za nezavisnost Crne Gore. Bo\u0161njaci su unijeli u nezavisnu Crnu Goru svoju historiju, teritoriju, sebe kao naciju i taj Ugovor o Sand\u017eaku kao prekograni\u010dnoj regiji. Zato pozivam i prozivam i gospodina Mila \u0110ukanovi\u0107a i gospodina Rafeta Husovi\u0107a kao potpisnike da ne sklanjaju taj sporazum ve\u0107 da ga ispo\u0161tuju.<\/p>\n<p>Tako\u0111er, od Vlasti u Crnoj Gori tra\u017eimo da Bo\u0161njake op\u0107enito ne smatraju kao materijal za popunjavanje izvjesnih nedostataka u broju drugih nacija. Samo nama se de\u0161ava da se vr\u0161i popis na \u010detiri kolone. Nemojmo to dopustiti.<\/p>\n<p>Ako izbri\u0161emo svijest o Sand\u017eaku, dolazimo na politi\u010dki status Roma. I onda \u0107e se svi nama baviti kao ugro\u017eenom vrstom, progla\u0161avati nam dekade a mi propadati. Jer onaj koji nema teritoriju pod nogama kao autohton narod, njemu prijeti potpuni prestanak.<\/p>\n<p>Prema tome, bra\u0107o i sestre, nedajte svoje vjere, ne dajte svoje nacije, ne dajte svoga Sand\u017eaka i nedajte svoje slobode&#8221; &#8211; javljaju Agencije.<\/p>\n<p><iframe loading=\"lazy\" width=\"616\" height=\"350\" src=\"http:\/\/www.youtube.com\/embed\/upDYchrm3Tg\" frameborder=\"0\" allowfullscreen><\/iframe><\/p>\n<p>(Anadolu)<\/p>\n","protected":false},"excerpt":{"rendered":"<p>Ju\u017eni Sand\u017eak &#8211; Muftija Sand\u017ea\u010dki Muamer ef. Zukorli\u0107 govorio je sino\u0107 na zajedni\u010dkom iftaru u Bijelom Polju koji je prire\u0111en u okviru manifestacije \u201eFestival islama\u201c. Muftija se je, izme\u0111u ostaloga, osvrnuo na pitanje Sand\u017eaka naglasiv\u0161i da je srce Sand\u017eaka nekada bilo Bijelo Polje i Prijepolje, ali da se pod raznim pritiscima ime Sand\u017eak po svaku [&hellip;]<\/p>\n","protected":false},"author":83,"featured_media":46995,"comment_status":"open","ping_status":"open","sticky":false,"template":"","format":"standard","meta":{"footnotes":""},"categories":[398,800,397,396,395,399,8957],"tags":[],"class_list":{"0":"post-46990","1":"post","2":"type-post","3":"status-publish","4":"format-standard","5":"has-post-thumbnail","7":"category-rozaje","8":"category-nacija","9":"category-berane","10":"category-bijelo_polje","11":"category-pljevlja_","12":"category-plav_","13":"category-vijesti-dana"},"yoast_head":"<!-- This site is optimized with the Yoast SEO Premium plugin v23.1 (Yoast SEO v24.9) - https:\/\/yoast.com\/wordpress\/plugins\/seo\/ -->\n<title>&#039;Milo \u0110ukanovi\u0107 i Rafet Husovi\u0107 da ispo\u0161tuju ono \u0161to su potpisali za Sand\u017eak&#039; (Video)<\/title>\n<meta name=\"robots\" content=\"index, follow, max-snippet:-1, max-image-preview:large, max-video-preview:-1\" \/>\n<link rel=\"canonical\" href=\"https:\/\/sandzakpress.net\/arhiva\/milo-dukanovic-i-rafet-husovic-da-ispostuju-ono-sto-su-potpisali-za-sandzak-video\/\" \/>\n<meta property=\"og:locale\" content=\"bs_BA\" \/>\n<meta property=\"og:type\" content=\"article\" \/>\n<meta property=\"og:title\" content=\"&#039;Milo \u0110ukanovi\u0107 i Rafet Husovi\u0107 da ispo\u0161tuju ono \u0161to su potpisali za Sand\u017eak&#039; (Video)\" \/>\n<meta property=\"og:description\" content=\"Ju\u017eni Sand\u017eak &#8211; Muftija Sand\u017ea\u010dki Muamer ef. Zukorli\u0107 govorio je sino\u0107 na zajedni\u010dkom iftaru u Bijelom Polju koji je prire\u0111en u okviru manifestacije \u201eFestival islama\u201c. Muftija se je, izme\u0111u ostaloga, osvrnuo na pitanje Sand\u017eaka naglasiv\u0161i da je srce Sand\u017eaka nekada bilo Bijelo Polje i Prijepolje, ali da se pod raznim pritiscima ime Sand\u017eak po svaku [&hellip;]\" \/>\n<meta property=\"og:url\" content=\"https:\/\/sandzakpress.net\/arhiva\/milo-dukanovic-i-rafet-husovic-da-ispostuju-ono-sto-su-potpisali-za-sandzak-video\/\" \/>\n<meta property=\"og:site_name\" content=\"Sand\u017eak PRESS\" \/>\n<meta property=\"article:published_time\" content=\"2012-08-03T14:38:57+00:00\" \/>\n<meta property=\"og:image\" content=\"https:\/\/sandzakpress.net\/arhiva\/wp-content\/uploads\/2012\/08\/fest_isl_bp_23.jpg\" \/>\n\t<meta property=\"og:image:width\" content=\"451\" \/>\n\t<meta property=\"og:image:height\" content=\"309\" \/>\n\t<meta property=\"og:image:type\" content=\"image\/jpeg\" \/>\n<meta name=\"author\" content=\"bosniak\" \/>\n<meta name=\"twitter:card\" content=\"summary_large_image\" \/>\n<meta name=\"twitter:label1\" content=\"Written by\" \/>\n\t<meta name=\"twitter:data1\" content=\"bosniak\" \/>\n\t<meta name=\"twitter:label2\" content=\"Est. reading time\" \/>\n\t<meta name=\"twitter:data2\" content=\"2 minute\" \/>\n<script type=\"application\/ld+json\" class=\"yoast-schema-graph\">{\"@context\":\"https:\/\/schema.org\",\"@graph\":[{\"@type\":\"Article\",\"@id\":\"https:\/\/sandzakpress.net\/arhiva\/milo-dukanovic-i-rafet-husovic-da-ispostuju-ono-sto-su-potpisali-za-sandzak-video\/#article\",\"isPartOf\":{\"@id\":\"https:\/\/sandzakpress.net\/arhiva\/milo-dukanovic-i-rafet-husovic-da-ispostuju-ono-sto-su-potpisali-za-sandzak-video\/\"},\"author\":{\"name\":\"bosniak\",\"@id\":\"https:\/\/sandzakpress.net\/arhiva\/#\/schema\/person\/c8baee722073534b583ea7bdb2e36c02\"},\"headline\":\"&#8216;Milo \u0110ukanovi\u0107 i Rafet Husovi\u0107 da ispo\u0161tuju ono \u0161to su potpisali za Sand\u017eak&#8217; (Video)\",\"datePublished\":\"2012-08-03T14:38:57+00:00\",\"mainEntityOfPage\":{\"@id\":\"https:\/\/sandzakpress.net\/arhiva\/milo-dukanovic-i-rafet-husovic-da-ispostuju-ono-sto-su-potpisali-za-sandzak-video\/\"},\"wordCount\":393,\"commentCount\":4,\"publisher\":{\"@id\":\"https:\/\/sandzakpress.net\/arhiva\/#\/schema\/person\/6e72b67d6e51910a1117b3b483ba20bd\"},\"image\":{\"@id\":\"https:\/\/sandzakpress.net\/arhiva\/milo-dukanovic-i-rafet-husovic-da-ispostuju-ono-sto-su-potpisali-za-sandzak-video\/#primaryimage\"},\"thumbnailUrl\":\"https:\/\/sandzakpress.net\/arhiva\/wp-content\/uploads\/2012\/08\/fest_isl_bp_23.jpg\",\"articleSection\":[\"Ro\u017eaje\",\"Nacija\",\"Berane\",\"Bijelo Polje\",\"Pljevlja\",\"Plav\",\"VIJESTI DANA\"],\"inLanguage\":\"bs-BA\",\"potentialAction\":[{\"@type\":\"CommentAction\",\"name\":\"Comment\",\"target\":[\"https:\/\/sandzakpress.net\/arhiva\/milo-dukanovic-i-rafet-husovic-da-ispostuju-ono-sto-su-potpisali-za-sandzak-video\/#respond\"]}]},{\"@type\":\"WebPage\",\"@id\":\"https:\/\/sandzakpress.net\/arhiva\/milo-dukanovic-i-rafet-husovic-da-ispostuju-ono-sto-su-potpisali-za-sandzak-video\/\",\"url\":\"https:\/\/sandzakpress.net\/arhiva\/milo-dukanovic-i-rafet-husovic-da-ispostuju-ono-sto-su-potpisali-za-sandzak-video\/\",\"name\":\"'Milo \u0110ukanovi\u0107 i Rafet Husovi\u0107 da ispo\u0161tuju ono \u0161to su potpisali za Sand\u017eak' (Video)\",\"isPartOf\":{\"@id\":\"https:\/\/sandzakpress.net\/arhiva\/#website\"},\"primaryImageOfPage\":{\"@id\":\"https:\/\/sandzakpress.net\/arhiva\/milo-dukanovic-i-rafet-husovic-da-ispostuju-ono-sto-su-potpisali-za-sandzak-video\/#primaryimage\"},\"image\":{\"@id\":\"https:\/\/sandzakpress.net\/arhiva\/milo-dukanovic-i-rafet-husovic-da-ispostuju-ono-sto-su-potpisali-za-sandzak-video\/#primaryimage\"},\"thumbnailUrl\":\"https:\/\/sandzakpress.net\/arhiva\/wp-content\/uploads\/2012\/08\/fest_isl_bp_23.jpg\",\"datePublished\":\"2012-08-03T14:38:57+00:00\",\"breadcrumb\":{\"@id\":\"https:\/\/sandzakpress.net\/arhiva\/milo-dukanovic-i-rafet-husovic-da-ispostuju-ono-sto-su-potpisali-za-sandzak-video\/#breadcrumb\"},\"inLanguage\":\"bs-BA\",\"potentialAction\":[{\"@type\":\"ReadAction\",\"target\":[\"https:\/\/sandzakpress.net\/arhiva\/milo-dukanovic-i-rafet-husovic-da-ispostuju-ono-sto-su-potpisali-za-sandzak-video\/\"]}]},{\"@type\":\"ImageObject\",\"inLanguage\":\"bs-BA\",\"@id\":\"https:\/\/sandzakpress.net\/arhiva\/milo-dukanovic-i-rafet-husovic-da-ispostuju-ono-sto-su-potpisali-za-sandzak-video\/#primaryimage\",\"url\":\"https:\/\/sandzakpress.net\/arhiva\/wp-content\/uploads\/2012\/08\/fest_isl_bp_23.jpg\",\"contentUrl\":\"https:\/\/sandzakpress.net\/arhiva\/wp-content\/uploads\/2012\/08\/fest_isl_bp_23.jpg\",\"width\":451,\"height\":309},{\"@type\":\"BreadcrumbList\",\"@id\":\"https:\/\/sandzakpress.net\/arhiva\/milo-dukanovic-i-rafet-husovic-da-ispostuju-ono-sto-su-potpisali-za-sandzak-video\/#breadcrumb\",\"itemListElement\":[{\"@type\":\"ListItem\",\"position\":1,\"name\":\"Home\",\"item\":\"https:\/\/sandzakpress.net\/arhiva\/\"},{\"@type\":\"ListItem\",\"position\":2,\"name\":\"&#8216;Milo \u0110ukanovi\u0107 i Rafet Husovi\u0107 da ispo\u0161tuju ono \u0161to su potpisali za Sand\u017eak&#8217; (Video)\"}]},{\"@type\":\"WebSite\",\"@id\":\"https:\/\/sandzakpress.net\/arhiva\/#website\",\"url\":\"https:\/\/sandzakpress.net\/arhiva\/\",\"name\":\"Sand\u017eak PRESS\",\"description\":\"Prve elektronske novine u Sand\u017eaku\",\"publisher\":{\"@id\":\"https:\/\/sandzakpress.net\/arhiva\/#\/schema\/person\/6e72b67d6e51910a1117b3b483ba20bd\"},\"potentialAction\":[{\"@type\":\"SearchAction\",\"target\":{\"@type\":\"EntryPoint\",\"urlTemplate\":\"https:\/\/sandzakpress.net\/arhiva\/?s={search_term_string}\"},\"query-input\":{\"@type\":\"PropertyValueSpecification\",\"valueRequired\":true,\"valueName\":\"search_term_string\"}}],\"inLanguage\":\"bs-BA\"},{\"@type\":[\"Person\",\"Organization\"],\"@id\":\"https:\/\/sandzakpress.net\/arhiva\/#\/schema\/person\/6e72b67d6e51910a1117b3b483ba20bd\",\"name\":\"Kul\",\"image\":{\"@type\":\"ImageObject\",\"inLanguage\":\"bs-BA\",\"@id\":\"https:\/\/sandzakpress.net\/arhiva\/#\/schema\/person\/image\/\",\"url\":\"https:\/\/secure.gravatar.com\/avatar\/42263f39aa27ac04c43cab85c280eb2e?s=96&d=mm&r=pg\",\"contentUrl\":\"https:\/\/secure.gravatar.com\/avatar\/42263f39aa27ac04c43cab85c280eb2e?s=96&d=mm&r=pg\",\"caption\":\"Kul\"},\"logo\":{\"@id\":\"https:\/\/sandzakpress.net\/arhiva\/#\/schema\/person\/image\/\"}},{\"@type\":\"Person\",\"@id\":\"https:\/\/sandzakpress.net\/arhiva\/#\/schema\/person\/c8baee722073534b583ea7bdb2e36c02\",\"name\":\"bosniak\",\"image\":{\"@type\":\"ImageObject\",\"inLanguage\":\"bs-BA\",\"@id\":\"https:\/\/sandzakpress.net\/arhiva\/#\/schema\/person\/image\/\",\"url\":\"https:\/\/secure.gravatar.com\/avatar\/a04fd330bfe3a36a72a0ad4a6d89fca7?s=96&d=mm&r=pg\",\"contentUrl\":\"https:\/\/secure.gravatar.com\/avatar\/a04fd330bfe3a36a72a0ad4a6d89fca7?s=96&d=mm&r=pg\",\"caption\":\"bosniak\"},\"url\":\"https:\/\/sandzakpress.net\/arhiva\/author\/bosniak\/\"}]}<\/script>\n<!-- \/ Yoast SEO Premium plugin. -->","yoast_head_json":{"title":"'Milo \u0110ukanovi\u0107 i Rafet Husovi\u0107 da ispo\u0161tuju ono \u0161to su potpisali za Sand\u017eak' (Video)","robots":{"index":"index","follow":"follow","max-snippet":"max-snippet:-1","max-image-preview":"max-image-preview:large","max-video-preview":"max-video-preview:-1"},"canonical":"https:\/\/sandzakpress.net\/arhiva\/milo-dukanovic-i-rafet-husovic-da-ispostuju-ono-sto-su-potpisali-za-sandzak-video\/","og_locale":"bs_BA","og_type":"article","og_title":"'Milo \u0110ukanovi\u0107 i Rafet Husovi\u0107 da ispo\u0161tuju ono \u0161to su potpisali za Sand\u017eak' (Video)","og_description":"Ju\u017eni Sand\u017eak &#8211; Muftija Sand\u017ea\u010dki Muamer ef. Zukorli\u0107 govorio je sino\u0107 na zajedni\u010dkom iftaru u Bijelom Polju koji je prire\u0111en u okviru manifestacije \u201eFestival islama\u201c. Muftija se je, izme\u0111u ostaloga, osvrnuo na pitanje Sand\u017eaka naglasiv\u0161i da je srce Sand\u017eaka nekada bilo Bijelo Polje i Prijepolje, ali da se pod raznim pritiscima ime Sand\u017eak po svaku [&hellip;]","og_url":"https:\/\/sandzakpress.net\/arhiva\/milo-dukanovic-i-rafet-husovic-da-ispostuju-ono-sto-su-potpisali-za-sandzak-video\/","og_site_name":"Sand\u017eak PRESS","article_published_time":"2012-08-03T14:38:57+00:00","og_image":[{"width":451,"height":309,"url":"https:\/\/sandzakpress.net\/arhiva\/wp-content\/uploads\/2012\/08\/fest_isl_bp_23.jpg","type":"image\/jpeg"}],"author":"bosniak","twitter_card":"summary_large_image","twitter_misc":{"Written by":"bosniak","Est. reading time":"2 minute"},"schema":{"@context":"https:\/\/schema.org","@graph":[{"@type":"Article","@id":"https:\/\/sandzakpress.net\/arhiva\/milo-dukanovic-i-rafet-husovic-da-ispostuju-ono-sto-su-potpisali-za-sandzak-video\/#article","isPartOf":{"@id":"https:\/\/sandzakpress.net\/arhiva\/milo-dukanovic-i-rafet-husovic-da-ispostuju-ono-sto-su-potpisali-za-sandzak-video\/"},"author":{"name":"bosniak","@id":"https:\/\/sandzakpress.net\/arhiva\/#\/schema\/person\/c8baee722073534b583ea7bdb2e36c02"},"headline":"&#8216;Milo \u0110ukanovi\u0107 i Rafet Husovi\u0107 da ispo\u0161tuju ono \u0161to su potpisali za Sand\u017eak&#8217; (Video)","datePublished":"2012-08-03T14:38:57+00:00","mainEntityOfPage":{"@id":"https:\/\/sandzakpress.net\/arhiva\/milo-dukanovic-i-rafet-husovic-da-ispostuju-ono-sto-su-potpisali-za-sandzak-video\/"},"wordCount":393,"commentCount":4,"publisher":{"@id":"https:\/\/sandzakpress.net\/arhiva\/#\/schema\/person\/6e72b67d6e51910a1117b3b483ba20bd"},"image":{"@id":"https:\/\/sandzakpress.net\/arhiva\/milo-dukanovic-i-rafet-husovic-da-ispostuju-ono-sto-su-potpisali-za-sandzak-video\/#primaryimage"},"thumbnailUrl":"https:\/\/sandzakpress.net\/arhiva\/wp-content\/uploads\/2012\/08\/fest_isl_bp_23.jpg","articleSection":["Ro\u017eaje","Nacija","Berane","Bijelo Polje","Pljevlja","Plav","VIJESTI DANA"],"inLanguage":"bs-BA","potentialAction":[{"@type":"CommentAction","name":"Comment","target":["https:\/\/sandzakpress.net\/arhiva\/milo-dukanovic-i-rafet-husovic-da-ispostuju-ono-sto-su-potpisali-za-sandzak-video\/#respond"]}]},{"@type":"WebPage","@id":"https:\/\/sandzakpress.net\/arhiva\/milo-dukanovic-i-rafet-husovic-da-ispostuju-ono-sto-su-potpisali-za-sandzak-video\/","url":"https:\/\/sandzakpress.net\/arhiva\/milo-dukanovic-i-rafet-husovic-da-ispostuju-ono-sto-su-potpisali-za-sandzak-video\/","name":"'Milo \u0110ukanovi\u0107 i Rafet Husovi\u0107 da ispo\u0161tuju ono \u0161to su potpisali za Sand\u017eak' (Video)","isPartOf":{"@id":"https:\/\/sandzakpress.net\/arhiva\/#website"},"primaryImageOfPage":{"@id":"https:\/\/sandzakpress.net\/arhiva\/milo-dukanovic-i-rafet-husovic-da-ispostuju-ono-sto-su-potpisali-za-sandzak-video\/#primaryimage"},"image":{"@id":"https:\/\/sandzakpress.net\/arhiva\/milo-dukanovic-i-rafet-husovic-da-ispostuju-ono-sto-su-potpisali-za-sandzak-video\/#primaryimage"},"thumbnailUrl":"https:\/\/sandzakpress.net\/arhiva\/wp-content\/uploads\/2012\/08\/fest_isl_bp_23.jpg","datePublished":"2012-08-03T14:38:57+00:00","breadcrumb":{"@id":"https:\/\/sandzakpress.net\/arhiva\/milo-dukanovic-i-rafet-husovic-da-ispostuju-ono-sto-su-potpisali-za-sandzak-video\/#breadcrumb"},"inLanguage":"bs-BA","potentialAction":[{"@type":"ReadAction","target":["https:\/\/sandzakpress.net\/arhiva\/milo-dukanovic-i-rafet-husovic-da-ispostuju-ono-sto-su-potpisali-za-sandzak-video\/"]}]},{"@type":"ImageObject","inLanguage":"bs-BA","@id":"https:\/\/sandzakpress.net\/arhiva\/milo-dukanovic-i-rafet-husovic-da-ispostuju-ono-sto-su-potpisali-za-sandzak-video\/#primaryimage","url":"https:\/\/sandzakpress.net\/arhiva\/wp-content\/uploads\/2012\/08\/fest_isl_bp_23.jpg","contentUrl":"https:\/\/sandzakpress.net\/arhiva\/wp-content\/uploads\/2012\/08\/fest_isl_bp_23.jpg","width":451,"height":309},{"@type":"BreadcrumbList","@id":"https:\/\/sandzakpress.net\/arhiva\/milo-dukanovic-i-rafet-husovic-da-ispostuju-ono-sto-su-potpisali-za-sandzak-video\/#breadcrumb","itemListElement":[{"@type":"ListItem","position":1,"name":"Home","item":"https:\/\/sandzakpress.net\/arhiva\/"},{"@type":"ListItem","position":2,"name":"&#8216;Milo \u0110ukanovi\u0107 i Rafet Husovi\u0107 da ispo\u0161tuju ono \u0161to su potpisali za Sand\u017eak&#8217; (Video)"}]},{"@type":"WebSite","@id":"https:\/\/sandzakpress.net\/arhiva\/#website","url":"https:\/\/sandzakpress.net\/arhiva\/","name":"Sand\u017eak PRESS","description":"Prve elektronske novine u Sand\u017eaku","publisher":{"@id":"https:\/\/sandzakpress.net\/arhiva\/#\/schema\/person\/6e72b67d6e51910a1117b3b483ba20bd"},"potentialAction":[{"@type":"SearchAction","target":{"@type":"EntryPoint","urlTemplate":"https:\/\/sandzakpress.net\/arhiva\/?s={search_term_string}"},"query-input":{"@type":"PropertyValueSpecification","valueRequired":true,"valueName":"search_term_string"}}],"inLanguage":"bs-BA"},{"@type":["Person","Organization"],"@id":"https:\/\/sandzakpress.net\/arhiva\/#\/schema\/person\/6e72b67d6e51910a1117b3b483ba20bd","name":"Kul","image":{"@type":"ImageObject","inLanguage":"bs-BA","@id":"https:\/\/sandzakpress.net\/arhiva\/#\/schema\/person\/image\/","url":"https:\/\/secure.gravatar.com\/avatar\/42263f39aa27ac04c43cab85c280eb2e?s=96&d=mm&r=pg","contentUrl":"https:\/\/secure.gravatar.com\/avatar\/42263f39aa27ac04c43cab85c280eb2e?s=96&d=mm&r=pg","caption":"Kul"},"logo":{"@id":"https:\/\/sandzakpress.net\/arhiva\/#\/schema\/person\/image\/"}},{"@type":"Person","@id":"https:\/\/sandzakpress.net\/arhiva\/#\/schema\/person\/c8baee722073534b583ea7bdb2e36c02","name":"bosniak","image":{"@type":"ImageObject","inLanguage":"bs-BA","@id":"https:\/\/sandzakpress.net\/arhiva\/#\/schema\/person\/image\/","url":"https:\/\/secure.gravatar.com\/avatar\/a04fd330bfe3a36a72a0ad4a6d89fca7?s=96&d=mm&r=pg","contentUrl":"https:\/\/secure.gravatar.com\/avatar\/a04fd330bfe3a36a72a0ad4a6d89fca7?s=96&d=mm&r=pg","caption":"bosniak"},"url":"https:\/\/sandzakpress.net\/arhiva\/author\/bosniak\/"}]}},"_links":{"self":[{"href":"https:\/\/sandzakpress.net\/arhiva\/wp-json\/wp\/v2\/posts\/46990"}],"collection":[{"href":"https:\/\/sandzakpress.net\/arhiva\/wp-json\/wp\/v2\/posts"}],"about":[{"href":"https:\/\/sandzakpress.net\/arhiva\/wp-json\/wp\/v2\/types\/post"}],"author":[{"embeddable":true,"href":"https:\/\/sandzakpress.net\/arhiva\/wp-json\/wp\/v2\/users\/83"}],"replies":[{"embeddable":true,"href":"https:\/\/sandzakpress.net\/arhiva\/wp-json\/wp\/v2\/comments?post=46990"}],"version-history":[{"count":0,"href":"https:\/\/sandzakpress.net\/arhiva\/wp-json\/wp\/v2\/posts\/46990\/revisions"}],"wp:featuredmedia":[{"embeddable":true,"href":"https:\/\/sandzakpress.net\/arhiva\/wp-json\/wp\/v2\/media\/46995"}],"wp:attachment":[{"href":"https:\/\/sandzakpress.net\/arhiva\/wp-json\/wp\/v2\/media?parent=46990"}],"wp:term":[{"taxonomy":"category","embeddable":true,"href":"https:\/\/sandzakpress.net\/arhiva\/wp-json\/wp\/v2\/categories?post=46990"},{"taxonomy":"post_tag","embeddable":true,"href":"https:\/\/sandzakpress.net\/arhiva\/wp-json\/wp\/v2\/tags?post=46990"}],"curies":[{"name":"wp","href":"https:\/\/api.w.org\/{rel}","templated":true}]}}