{"id":4695,"date":"2010-06-12T02:44:18","date_gmt":"2010-06-12T02:44:18","guid":{"rendered":"https:\/\/sandzakpress.net\/arhiva\/?p=4695"},"modified":"2010-06-19T18:58:10","modified_gmt":"2010-06-19T18:58:10","slug":"otvoren-i-meydan-u-komsiluku-gaziye","status":"publish","type":"post","link":"https:\/\/sandzakpress.net\/arhiva\/otvoren-i-meydan-u-komsiluku-gaziye\/","title":{"rendered":"Otvoren i Meydan u kom\u0161iluku Gaziye"},"content":{"rendered":"<p><strong><a href=\"https:\/\/sandzakpress.net\/arhiva\/wp-content\/uploads\/2010\/06\/meydan1.jpg\"><img loading=\"lazy\" decoding=\"async\" class=\"alignleft size-full wp-image-4696\" title=\"meydan\" src=\"https:\/\/sandzakpress.net\/arhiva\/wp-content\/uploads\/2010\/06\/meydan1.jpg\" alt=\"\" width=\"270\" height=\"141\" \/><\/a>Novi Pazar &#8211; Nakon sve\u010danog otvaranja etno restorana \u201eGaziya\u201c prvog etno restorana u Novom Pazaru i \u0161ire uslijedilo je i sve\u010dano otvaranje &#8220;caffe Meydana&#8221;. Sve\u010dano otvaranje i dova za hairli i uspje\u0161an rad uprili\u010deno je 20. maja 2010. godine nakon ak\u0161am-namaza. Doma\u0107ini su za goste pripremili lijepu zakusku, pi\u0107e, slatki\u0161e i dr.<\/strong><\/p>\n<p>Meydan je bio prepun. Pored velikog broja gostiju prisustvovao je i Glavni muftija Islamske zajedncie u Srbiji kao specijalan gost. Prozvan od strane doma\u0107ina da se u njihovo ime obrati gostima, Glavni muftija je izme\u0111u ostalog kazao:<\/p>\n<p>\u201eUgostiteljski objekti pored one svoje elementarne funkcije da prime goste imaju va\u017enu civilizacijsku ulogu posebno u ovim vremenima koja nisu lahka posebno za omladinu. Izuzetno je va\u017eno da postoje mjesta gdje roditelj mo\u017ee poslati dijete a da ne brine kako \u0107e njegovom djetetu tamo biti, kako \u0107e biti uslu\u017eeno, da li \u0107e biti prevareno, da li \u0107e mu ne\u0161to biti podvaljeno, da li \u0107e biti otrovano ili neznam ti \u010dime zvedeno. Mislim da je to jako va\u017eno. Izuzetno je va\u017eno da ovaj na\u0161 grad i \u0161iri prostor imaju \u0161to vi\u0161e ovakvih objekata, jednom rije\u010dju \u010distih prostorija.\u201c<br \/>\nDovu za hairli rad i nafaku doma\u0107inima prou\u010dio je muftija Re\u0161ad ef. Plojovi\u0107.<\/p>\n<p>Izvor:<strong> SandzakPRESS.net<\/strong><\/p>\n","protected":false},"excerpt":{"rendered":"<p>Novi Pazar &#8211; Nakon sve\u010danog otvaranja etno restorana \u201eGaziya\u201c prvog etno restorana u Novom Pazaru i \u0161ire uslijedilo je i sve\u010dano otvaranje &#8220;caffe Meydana&#8221;. Sve\u010dano otvaranje i dova za hairli i uspje\u0161an rad uprili\u010deno je 20. maja 2010. godine nakon ak\u0161am-namaza. Doma\u0107ini su za goste pripremili lijepu zakusku, pi\u0107e, slatki\u0161e i dr. Meydan je bio [&hellip;]<\/p>\n","protected":false},"author":83,"featured_media":4696,"comment_status":"closed","ping_status":"open","sticky":false,"template":"","format":"standard","meta":{"footnotes":""},"categories":[72,3],"tags":[],"class_list":{"0":"post-4695","1":"post","2":"type-post","3":"status-publish","4":"format-standard","5":"has-post-thumbnail","7":"category-novi-pazar","8":"category-privreda"},"yoast_head":"<!-- This site is optimized with the Yoast SEO Premium plugin v23.1 (Yoast SEO v24.9) - https:\/\/yoast.com\/wordpress\/plugins\/seo\/ -->\n<title>Otvoren i Meydan u kom\u0161iluku Gaziye<\/title>\n<meta name=\"robots\" content=\"index, follow, max-snippet:-1, max-image-preview:large, max-video-preview:-1\" \/>\n<link rel=\"canonical\" href=\"https:\/\/sandzakpress.net\/arhiva\/otvoren-i-meydan-u-komsiluku-gaziye\/\" \/>\n<meta property=\"og:locale\" content=\"bs_BA\" \/>\n<meta property=\"og:type\" content=\"article\" \/>\n<meta property=\"og:title\" content=\"Otvoren i Meydan u kom\u0161iluku Gaziye\" \/>\n<meta property=\"og:description\" content=\"Novi Pazar &#8211; Nakon sve\u010danog otvaranja etno restorana \u201eGaziya\u201c prvog etno restorana u Novom Pazaru i \u0161ire uslijedilo je i sve\u010dano otvaranje &#8220;caffe Meydana&#8221;. Sve\u010dano otvaranje i dova za hairli i uspje\u0161an rad uprili\u010deno je 20. maja 2010. godine nakon ak\u0161am-namaza. Doma\u0107ini su za goste pripremili lijepu zakusku, pi\u0107e, slatki\u0161e i dr. Meydan je bio [&hellip;]\" \/>\n<meta property=\"og:url\" content=\"https:\/\/sandzakpress.net\/arhiva\/otvoren-i-meydan-u-komsiluku-gaziye\/\" \/>\n<meta property=\"og:site_name\" content=\"Sand\u017eak PRESS\" \/>\n<meta property=\"article:published_time\" content=\"2010-06-12T02:44:18+00:00\" \/>\n<meta property=\"article:modified_time\" content=\"2010-06-19T18:58:10+00:00\" \/>\n<meta property=\"og:image\" content=\"https:\/\/sandzakpress.net\/arhiva\/wp-content\/uploads\/2010\/06\/meydan1.jpg\" \/>\n\t<meta property=\"og:image:width\" content=\"270\" \/>\n\t<meta property=\"og:image:height\" content=\"141\" \/>\n\t<meta property=\"og:image:type\" content=\"image\/jpeg\" \/>\n<meta name=\"author\" content=\"bosniak\" \/>\n<meta name=\"twitter:card\" content=\"summary_large_image\" \/>\n<meta name=\"twitter:label1\" content=\"Written by\" \/>\n\t<meta name=\"twitter:data1\" content=\"bosniak\" \/>\n\t<meta name=\"twitter:label2\" content=\"Est. reading time\" \/>\n\t<meta name=\"twitter:data2\" content=\"1 minuta\" \/>\n<script type=\"application\/ld+json\" class=\"yoast-schema-graph\">{\"@context\":\"https:\/\/schema.org\",\"@graph\":[{\"@type\":\"Article\",\"@id\":\"https:\/\/sandzakpress.net\/arhiva\/otvoren-i-meydan-u-komsiluku-gaziye\/#article\",\"isPartOf\":{\"@id\":\"https:\/\/sandzakpress.net\/arhiva\/otvoren-i-meydan-u-komsiluku-gaziye\/\"},\"author\":{\"name\":\"bosniak\",\"@id\":\"https:\/\/sandzakpress.net\/arhiva\/#\/schema\/person\/c8baee722073534b583ea7bdb2e36c02\"},\"headline\":\"Otvoren i Meydan u kom\u0161iluku Gaziye\",\"datePublished\":\"2010-06-12T02:44:18+00:00\",\"dateModified\":\"2010-06-19T18:58:10+00:00\",\"mainEntityOfPage\":{\"@id\":\"https:\/\/sandzakpress.net\/arhiva\/otvoren-i-meydan-u-komsiluku-gaziye\/\"},\"wordCount\":229,\"publisher\":{\"@id\":\"https:\/\/sandzakpress.net\/arhiva\/#\/schema\/person\/6e72b67d6e51910a1117b3b483ba20bd\"},\"image\":{\"@id\":\"https:\/\/sandzakpress.net\/arhiva\/otvoren-i-meydan-u-komsiluku-gaziye\/#primaryimage\"},\"thumbnailUrl\":\"https:\/\/sandzakpress.net\/arhiva\/wp-content\/uploads\/2010\/06\/meydan1.jpg\",\"articleSection\":[\"Novi Pazar\",\"Privreda\"],\"inLanguage\":\"bs-BA\"},{\"@type\":\"WebPage\",\"@id\":\"https:\/\/sandzakpress.net\/arhiva\/otvoren-i-meydan-u-komsiluku-gaziye\/\",\"url\":\"https:\/\/sandzakpress.net\/arhiva\/otvoren-i-meydan-u-komsiluku-gaziye\/\",\"name\":\"Otvoren i Meydan u kom\u0161iluku Gaziye\",\"isPartOf\":{\"@id\":\"https:\/\/sandzakpress.net\/arhiva\/#website\"},\"primaryImageOfPage\":{\"@id\":\"https:\/\/sandzakpress.net\/arhiva\/otvoren-i-meydan-u-komsiluku-gaziye\/#primaryimage\"},\"image\":{\"@id\":\"https:\/\/sandzakpress.net\/arhiva\/otvoren-i-meydan-u-komsiluku-gaziye\/#primaryimage\"},\"thumbnailUrl\":\"https:\/\/sandzakpress.net\/arhiva\/wp-content\/uploads\/2010\/06\/meydan1.jpg\",\"datePublished\":\"2010-06-12T02:44:18+00:00\",\"dateModified\":\"2010-06-19T18:58:10+00:00\",\"breadcrumb\":{\"@id\":\"https:\/\/sandzakpress.net\/arhiva\/otvoren-i-meydan-u-komsiluku-gaziye\/#breadcrumb\"},\"inLanguage\":\"bs-BA\",\"potentialAction\":[{\"@type\":\"ReadAction\",\"target\":[\"https:\/\/sandzakpress.net\/arhiva\/otvoren-i-meydan-u-komsiluku-gaziye\/\"]}]},{\"@type\":\"ImageObject\",\"inLanguage\":\"bs-BA\",\"@id\":\"https:\/\/sandzakpress.net\/arhiva\/otvoren-i-meydan-u-komsiluku-gaziye\/#primaryimage\",\"url\":\"https:\/\/sandzakpress.net\/arhiva\/wp-content\/uploads\/2010\/06\/meydan1.jpg\",\"contentUrl\":\"https:\/\/sandzakpress.net\/arhiva\/wp-content\/uploads\/2010\/06\/meydan1.jpg\",\"width\":270,\"height\":141},{\"@type\":\"BreadcrumbList\",\"@id\":\"https:\/\/sandzakpress.net\/arhiva\/otvoren-i-meydan-u-komsiluku-gaziye\/#breadcrumb\",\"itemListElement\":[{\"@type\":\"ListItem\",\"position\":1,\"name\":\"Home\",\"item\":\"https:\/\/sandzakpress.net\/arhiva\/\"},{\"@type\":\"ListItem\",\"position\":2,\"name\":\"Otvoren i Meydan u kom\u0161iluku Gaziye\"}]},{\"@type\":\"WebSite\",\"@id\":\"https:\/\/sandzakpress.net\/arhiva\/#website\",\"url\":\"https:\/\/sandzakpress.net\/arhiva\/\",\"name\":\"Sand\u017eak PRESS\",\"description\":\"Prve elektronske novine u Sand\u017eaku\",\"publisher\":{\"@id\":\"https:\/\/sandzakpress.net\/arhiva\/#\/schema\/person\/6e72b67d6e51910a1117b3b483ba20bd\"},\"potentialAction\":[{\"@type\":\"SearchAction\",\"target\":{\"@type\":\"EntryPoint\",\"urlTemplate\":\"https:\/\/sandzakpress.net\/arhiva\/?s={search_term_string}\"},\"query-input\":{\"@type\":\"PropertyValueSpecification\",\"valueRequired\":true,\"valueName\":\"search_term_string\"}}],\"inLanguage\":\"bs-BA\"},{\"@type\":[\"Person\",\"Organization\"],\"@id\":\"https:\/\/sandzakpress.net\/arhiva\/#\/schema\/person\/6e72b67d6e51910a1117b3b483ba20bd\",\"name\":\"Kul\",\"image\":{\"@type\":\"ImageObject\",\"inLanguage\":\"bs-BA\",\"@id\":\"https:\/\/sandzakpress.net\/arhiva\/#\/schema\/person\/image\/\",\"url\":\"https:\/\/secure.gravatar.com\/avatar\/42263f39aa27ac04c43cab85c280eb2e?s=96&d=mm&r=pg\",\"contentUrl\":\"https:\/\/secure.gravatar.com\/avatar\/42263f39aa27ac04c43cab85c280eb2e?s=96&d=mm&r=pg\",\"caption\":\"Kul\"},\"logo\":{\"@id\":\"https:\/\/sandzakpress.net\/arhiva\/#\/schema\/person\/image\/\"}},{\"@type\":\"Person\",\"@id\":\"https:\/\/sandzakpress.net\/arhiva\/#\/schema\/person\/c8baee722073534b583ea7bdb2e36c02\",\"name\":\"bosniak\",\"image\":{\"@type\":\"ImageObject\",\"inLanguage\":\"bs-BA\",\"@id\":\"https:\/\/sandzakpress.net\/arhiva\/#\/schema\/person\/image\/\",\"url\":\"https:\/\/secure.gravatar.com\/avatar\/a04fd330bfe3a36a72a0ad4a6d89fca7?s=96&d=mm&r=pg\",\"contentUrl\":\"https:\/\/secure.gravatar.com\/avatar\/a04fd330bfe3a36a72a0ad4a6d89fca7?s=96&d=mm&r=pg\",\"caption\":\"bosniak\"},\"url\":\"https:\/\/sandzakpress.net\/arhiva\/author\/bosniak\/\"}]}<\/script>\n<!-- \/ Yoast SEO Premium plugin. -->","yoast_head_json":{"title":"Otvoren i Meydan u kom\u0161iluku Gaziye","robots":{"index":"index","follow":"follow","max-snippet":"max-snippet:-1","max-image-preview":"max-image-preview:large","max-video-preview":"max-video-preview:-1"},"canonical":"https:\/\/sandzakpress.net\/arhiva\/otvoren-i-meydan-u-komsiluku-gaziye\/","og_locale":"bs_BA","og_type":"article","og_title":"Otvoren i Meydan u kom\u0161iluku Gaziye","og_description":"Novi Pazar &#8211; Nakon sve\u010danog otvaranja etno restorana \u201eGaziya\u201c prvog etno restorana u Novom Pazaru i \u0161ire uslijedilo je i sve\u010dano otvaranje &#8220;caffe Meydana&#8221;. Sve\u010dano otvaranje i dova za hairli i uspje\u0161an rad uprili\u010deno je 20. maja 2010. godine nakon ak\u0161am-namaza. Doma\u0107ini su za goste pripremili lijepu zakusku, pi\u0107e, slatki\u0161e i dr. Meydan je bio [&hellip;]","og_url":"https:\/\/sandzakpress.net\/arhiva\/otvoren-i-meydan-u-komsiluku-gaziye\/","og_site_name":"Sand\u017eak PRESS","article_published_time":"2010-06-12T02:44:18+00:00","article_modified_time":"2010-06-19T18:58:10+00:00","og_image":[{"width":270,"height":141,"url":"https:\/\/sandzakpress.net\/arhiva\/wp-content\/uploads\/2010\/06\/meydan1.jpg","type":"image\/jpeg"}],"author":"bosniak","twitter_card":"summary_large_image","twitter_misc":{"Written by":"bosniak","Est. reading time":"1 minuta"},"schema":{"@context":"https:\/\/schema.org","@graph":[{"@type":"Article","@id":"https:\/\/sandzakpress.net\/arhiva\/otvoren-i-meydan-u-komsiluku-gaziye\/#article","isPartOf":{"@id":"https:\/\/sandzakpress.net\/arhiva\/otvoren-i-meydan-u-komsiluku-gaziye\/"},"author":{"name":"bosniak","@id":"https:\/\/sandzakpress.net\/arhiva\/#\/schema\/person\/c8baee722073534b583ea7bdb2e36c02"},"headline":"Otvoren i Meydan u kom\u0161iluku Gaziye","datePublished":"2010-06-12T02:44:18+00:00","dateModified":"2010-06-19T18:58:10+00:00","mainEntityOfPage":{"@id":"https:\/\/sandzakpress.net\/arhiva\/otvoren-i-meydan-u-komsiluku-gaziye\/"},"wordCount":229,"publisher":{"@id":"https:\/\/sandzakpress.net\/arhiva\/#\/schema\/person\/6e72b67d6e51910a1117b3b483ba20bd"},"image":{"@id":"https:\/\/sandzakpress.net\/arhiva\/otvoren-i-meydan-u-komsiluku-gaziye\/#primaryimage"},"thumbnailUrl":"https:\/\/sandzakpress.net\/arhiva\/wp-content\/uploads\/2010\/06\/meydan1.jpg","articleSection":["Novi Pazar","Privreda"],"inLanguage":"bs-BA"},{"@type":"WebPage","@id":"https:\/\/sandzakpress.net\/arhiva\/otvoren-i-meydan-u-komsiluku-gaziye\/","url":"https:\/\/sandzakpress.net\/arhiva\/otvoren-i-meydan-u-komsiluku-gaziye\/","name":"Otvoren i Meydan u kom\u0161iluku Gaziye","isPartOf":{"@id":"https:\/\/sandzakpress.net\/arhiva\/#website"},"primaryImageOfPage":{"@id":"https:\/\/sandzakpress.net\/arhiva\/otvoren-i-meydan-u-komsiluku-gaziye\/#primaryimage"},"image":{"@id":"https:\/\/sandzakpress.net\/arhiva\/otvoren-i-meydan-u-komsiluku-gaziye\/#primaryimage"},"thumbnailUrl":"https:\/\/sandzakpress.net\/arhiva\/wp-content\/uploads\/2010\/06\/meydan1.jpg","datePublished":"2010-06-12T02:44:18+00:00","dateModified":"2010-06-19T18:58:10+00:00","breadcrumb":{"@id":"https:\/\/sandzakpress.net\/arhiva\/otvoren-i-meydan-u-komsiluku-gaziye\/#breadcrumb"},"inLanguage":"bs-BA","potentialAction":[{"@type":"ReadAction","target":["https:\/\/sandzakpress.net\/arhiva\/otvoren-i-meydan-u-komsiluku-gaziye\/"]}]},{"@type":"ImageObject","inLanguage":"bs-BA","@id":"https:\/\/sandzakpress.net\/arhiva\/otvoren-i-meydan-u-komsiluku-gaziye\/#primaryimage","url":"https:\/\/sandzakpress.net\/arhiva\/wp-content\/uploads\/2010\/06\/meydan1.jpg","contentUrl":"https:\/\/sandzakpress.net\/arhiva\/wp-content\/uploads\/2010\/06\/meydan1.jpg","width":270,"height":141},{"@type":"BreadcrumbList","@id":"https:\/\/sandzakpress.net\/arhiva\/otvoren-i-meydan-u-komsiluku-gaziye\/#breadcrumb","itemListElement":[{"@type":"ListItem","position":1,"name":"Home","item":"https:\/\/sandzakpress.net\/arhiva\/"},{"@type":"ListItem","position":2,"name":"Otvoren i Meydan u kom\u0161iluku Gaziye"}]},{"@type":"WebSite","@id":"https:\/\/sandzakpress.net\/arhiva\/#website","url":"https:\/\/sandzakpress.net\/arhiva\/","name":"Sand\u017eak PRESS","description":"Prve elektronske novine u Sand\u017eaku","publisher":{"@id":"https:\/\/sandzakpress.net\/arhiva\/#\/schema\/person\/6e72b67d6e51910a1117b3b483ba20bd"},"potentialAction":[{"@type":"SearchAction","target":{"@type":"EntryPoint","urlTemplate":"https:\/\/sandzakpress.net\/arhiva\/?s={search_term_string}"},"query-input":{"@type":"PropertyValueSpecification","valueRequired":true,"valueName":"search_term_string"}}],"inLanguage":"bs-BA"},{"@type":["Person","Organization"],"@id":"https:\/\/sandzakpress.net\/arhiva\/#\/schema\/person\/6e72b67d6e51910a1117b3b483ba20bd","name":"Kul","image":{"@type":"ImageObject","inLanguage":"bs-BA","@id":"https:\/\/sandzakpress.net\/arhiva\/#\/schema\/person\/image\/","url":"https:\/\/secure.gravatar.com\/avatar\/42263f39aa27ac04c43cab85c280eb2e?s=96&d=mm&r=pg","contentUrl":"https:\/\/secure.gravatar.com\/avatar\/42263f39aa27ac04c43cab85c280eb2e?s=96&d=mm&r=pg","caption":"Kul"},"logo":{"@id":"https:\/\/sandzakpress.net\/arhiva\/#\/schema\/person\/image\/"}},{"@type":"Person","@id":"https:\/\/sandzakpress.net\/arhiva\/#\/schema\/person\/c8baee722073534b583ea7bdb2e36c02","name":"bosniak","image":{"@type":"ImageObject","inLanguage":"bs-BA","@id":"https:\/\/sandzakpress.net\/arhiva\/#\/schema\/person\/image\/","url":"https:\/\/secure.gravatar.com\/avatar\/a04fd330bfe3a36a72a0ad4a6d89fca7?s=96&d=mm&r=pg","contentUrl":"https:\/\/secure.gravatar.com\/avatar\/a04fd330bfe3a36a72a0ad4a6d89fca7?s=96&d=mm&r=pg","caption":"bosniak"},"url":"https:\/\/sandzakpress.net\/arhiva\/author\/bosniak\/"}]}},"_links":{"self":[{"href":"https:\/\/sandzakpress.net\/arhiva\/wp-json\/wp\/v2\/posts\/4695"}],"collection":[{"href":"https:\/\/sandzakpress.net\/arhiva\/wp-json\/wp\/v2\/posts"}],"about":[{"href":"https:\/\/sandzakpress.net\/arhiva\/wp-json\/wp\/v2\/types\/post"}],"author":[{"embeddable":true,"href":"https:\/\/sandzakpress.net\/arhiva\/wp-json\/wp\/v2\/users\/83"}],"replies":[{"embeddable":true,"href":"https:\/\/sandzakpress.net\/arhiva\/wp-json\/wp\/v2\/comments?post=4695"}],"version-history":[{"count":0,"href":"https:\/\/sandzakpress.net\/arhiva\/wp-json\/wp\/v2\/posts\/4695\/revisions"}],"wp:featuredmedia":[{"embeddable":true,"href":"https:\/\/sandzakpress.net\/arhiva\/wp-json\/wp\/v2\/media\/4696"}],"wp:attachment":[{"href":"https:\/\/sandzakpress.net\/arhiva\/wp-json\/wp\/v2\/media?parent=4695"}],"wp:term":[{"taxonomy":"category","embeddable":true,"href":"https:\/\/sandzakpress.net\/arhiva\/wp-json\/wp\/v2\/categories?post=4695"},{"taxonomy":"post_tag","embeddable":true,"href":"https:\/\/sandzakpress.net\/arhiva\/wp-json\/wp\/v2\/tags?post=4695"}],"curies":[{"name":"wp","href":"https:\/\/api.w.org\/{rel}","templated":true}]}}