{"id":46735,"date":"2012-08-01T14:27:39","date_gmt":"2012-08-01T12:27:39","guid":{"rendered":"https:\/\/sandzakpress.net\/arhiva\/?p=46735"},"modified":"2012-08-03T15:47:40","modified_gmt":"2012-08-03T13:47:40","slug":"festival-islama-u-sjenici-emanet-ramazana-je-teuba-3","status":"publish","type":"post","link":"https:\/\/sandzakpress.net\/arhiva\/festival-islama-u-sjenici-emanet-ramazana-je-teuba-3\/","title":{"rendered":"Festival islama u Sjenici (Foto)"},"content":{"rendered":"<p><strong><a href=\"https:\/\/sandzakpress.net\/arhiva\/wp-content\/uploads\/2012\/08\/fest_isl_sj-11.jpg\"><img loading=\"lazy\" decoding=\"async\" class=\"alignleft size-medium wp-image-46747\" title=\"fest_isl_sj (11)\" src=\"https:\/\/sandzakpress.net\/arhiva\/wp-content\/uploads\/2012\/08\/fest_isl_sj-11-300x199.jpg\" alt=\"\" width=\"300\" height=\"199\" \/><\/a>Sjenica &#8211; Doma\u0107in \u010detvrte ve\u010deri odr\u017eavanja manifestacije \u201eFestival islama\u201c bila je Sjenica, gdje je u Gradskom parku, 31. 7. 2012., uprili\u010den iftar za vi\u0161e od 1000 ljudi. <\/strong><\/p>\n<p>U prediftarskim trenutcima, u\u010denjem ilahija, kasida i Kur'ana \u010dasnog, prisutne vjernike po\u010dastili su horovi \u201eMerd\u017ean\u201c iz Novog Pazara i \u201eFirdevs\u201c iz Sjenice, dok su posebnu pa\u017enju zavrijedili polaznici \u0160kole Kur'ana \u010dasnog u Sjenici.<\/p>\n<p>.<\/p>\n<p>.<\/p>\n<p>.<\/p>\n<p><a href=\"https:\/\/sandzakpress.net\/arhiva\/wp-content\/uploads\/2012\/08\/fest_isl_sj-041.jpg\"><img loading=\"lazy\" decoding=\"async\" class=\"aligncenter size-full wp-image-46736\" title=\"fest_isl_sj (04)\" src=\"https:\/\/sandzakpress.net\/arhiva\/wp-content\/uploads\/2012\/08\/fest_isl_sj-041.jpg\" alt=\"\" width=\"620\" height=\"412\" \/><\/a><\/p>\n<p><a href=\"https:\/\/sandzakpress.net\/arhiva\/wp-content\/uploads\/2012\/08\/fest_isl_sj-062.jpg\"><img loading=\"lazy\" decoding=\"async\" class=\"aligncenter size-full wp-image-46738\" title=\"fest_isl_sj (06)\" src=\"https:\/\/sandzakpress.net\/arhiva\/wp-content\/uploads\/2012\/08\/fest_isl_sj-062.jpg\" alt=\"\" width=\"620\" height=\"412\" \/><\/a><a href=\"https:\/\/sandzakpress.net\/arhiva\/wp-content\/uploads\/2012\/08\/fest_isl_sj-102.jpg\"><img loading=\"lazy\" decoding=\"async\" class=\"aligncenter size-full wp-image-46740\" title=\"fest_isl_sj (10)\" src=\"https:\/\/sandzakpress.net\/arhiva\/wp-content\/uploads\/2012\/08\/fest_isl_sj-102.jpg\" alt=\"\" width=\"620\" height=\"412\" \/><\/a><\/p>\n<p>U ime doma\u0107ina obratio se glavni imam Med\u017elisa IZ-e Sjenica Ramiz Hamidovi\u0107, koji je u kratkom obra\u0107anju poselamio prisutne vjernike, posebno goste sa strane, glavnog muftiju Muamer-ef. Zukorli\u0107a i ostale velikodostojnike Islamske zajednice, po\u017eeliv\u0161i im da se ugodno i prijatno osje\u0107aju u Sjenici.<\/p>\n<p><a href=\"https:\/\/sandzakpress.net\/arhiva\/wp-content\/uploads\/2012\/08\/fest_isl_sj-081.jpg\"><img loading=\"lazy\" decoding=\"async\" class=\"aligncenter size-full wp-image-46741\" title=\"fest_isl_sj (08)\" src=\"https:\/\/sandzakpress.net\/arhiva\/wp-content\/uploads\/2012\/08\/fest_isl_sj-081.jpg\" alt=\"\" width=\"620\" height=\"412\" \/><\/a><\/p>\n<p>Ezanom je ogla\u0161eno nastupanje iftara, nakon kojeg se prisutnima obratio Glavni muftija i govorio o Ramazanu kao posebnom programu kojeg je Uzvi\u0161eni Allah propisao ljudima iz milosti prema njima:<\/p>\n<p>\u201eZa\u0161to nam je Allah, d\u017e. \u0161., propisao post, kada Njemu Uzvi\u0161enom nismo potrebni mi kao i na\u0161i ibadeti. \u010cemu onda da gladujemo po cijeli dan na ovom ljetnjem suncu? Zato \u0161to je to nama potrebno, bra\u0107o i sestre. To je Uzvi\u0161eni propisao iz milosti prema nama.\u201c<\/p>\n<p><a href=\"https:\/\/sandzakpress.net\/arhiva\/wp-content\/uploads\/2012\/08\/fest_isl_sj-121.jpg\"><img loading=\"lazy\" decoding=\"async\" class=\"aligncenter size-full wp-image-46743\" title=\"fest_isl_sj (12)\" src=\"https:\/\/sandzakpress.net\/arhiva\/wp-content\/uploads\/2012\/08\/fest_isl_sj-121.jpg\" alt=\"\" width=\"620\" height=\"412\" \/><\/a><\/p>\n<p>Muftija je podvukao da u \u010dovjeku postoje \u017eivotinjske i ljudske potrebe, te da, u koliko do\u0111e do nadvladavanja \u017eivotinjskih nad ljudskim porivima, dolazi do deformisanja \u010dovjeka kao razumnog ljudskog bi\u0107a:<\/p>\n<p>\u201e\u0160ta se de\u0161ava \u010dovjeku bez Ramazana i posta? De\u0161ava se da njegov stomak, njegov \u017eeludac, njegova biologija, tj. \u017eivotinjska dimenzija u \u010dovjeku toliko poazgini, oja\u010da i nadja\u010da onu njegovu ljudskost. I \u010dovjek se pretvara u \u017eivotinju. Toliko postaju gramzivi i pohlepni da po\u010dnu posezati za tu\u0111im imetkom, obrazom, \u010da\u0161\u0107u, \u017eivotom. Odatle se ra\u0111aju lopovi, kriminalci, korupcija i razne krvopije koje ljude uni\u0161tavaju. Da, upravo iz tog ljudskog stomaka.<\/p>\n<p>Sve \u0161to se danas u svijetu de\u0161ava od zuluma, korupcije, otima\u010dine, ratova, ubijanja, zloupotreba, ucjena, ga\u017eenja dostojanstva \u010dovjeka, proizvod je samo\u017eivosti i ljudske pohlepe.<\/p>\n<p>Zato posta\u010d ka\u017ee: &#8216;Ja sam ja\u010di od te \u017eivotinje u meni i ne\u0107u jesti i piti do iftara. Disciplinirat \u0107u je i pokazati da imam karakter&#8217;. Jer, samo ljudi sa karakterom mogu postiti.\u201c<\/p>\n<p><a href=\"https:\/\/sandzakpress.net\/arhiva\/wp-content\/uploads\/2012\/08\/fest_isl_sj-14.jpg\"><img loading=\"lazy\" decoding=\"async\" class=\"aligncenter size-full wp-image-46745\" title=\"fest_isl_sj (14)\" src=\"https:\/\/sandzakpress.net\/arhiva\/wp-content\/uploads\/2012\/08\/fest_isl_sj-14.jpg\" alt=\"\" width=\"620\" height=\"412\" \/><\/a><\/p>\n<p>Muftija je kazao da su protekla vremena u\u010dinila ljude neslobodnim i udaljila ih od vjere i posta, te priliku Ramazana iskoristio i pozvao ljude da se pokaju i poste:<\/p>\n<p>\u201eEvo, ve\u010deras pred stvoriteljem i pred vama, uzimam vas sve za svjedoke da sam vas pozvao da postite: Pozivam vas da postite i klanjate. Ja sam ovime skinuo svoju obavezu i zaradio svoj sevab. Ako me poslu\u0161ate bit \u0107e za dobrobit vama i va\u0161im porodicama. Ako me ne poslu\u0161ate, meni ne\u0107ete umanjiti sevab.<\/p>\n<p>EMANET: \u201eMoj emanet ovog Ramazana i ve\u010deras: U\u010dinite teubu! Vratite se vjeri i d\u017eamiji. Ostavite ono \u0161to ne valja. Prestanite se pokoravati svojim porivima i strastima, Pokorite se Uzvi\u0161enom Allahu.\u201c<\/p>\n<p>Na kraju je dovu prou\u010dio direktor Medrese Re\u0161ad-ef. Plojovi\u0107.<\/p>\n<p><a href=\"https:\/\/sandzakpress.net\/arhiva\/wp-content\/uploads\/2012\/08\/fest_isl_sj-16.jpg\"><img loading=\"lazy\" decoding=\"async\" class=\"aligncenter size-full wp-image-46746\" title=\"fest_isl_sj (16)\" src=\"https:\/\/sandzakpress.net\/arhiva\/wp-content\/uploads\/2012\/08\/fest_isl_sj-16.jpg\" alt=\"\" width=\"620\" height=\"412\" \/><\/a><\/p>\n<p>(Me\u0161ihat)<\/p>\n","protected":false},"excerpt":{"rendered":"<p>Sjenica &#8211; Doma\u0107in \u010detvrte ve\u010deri odr\u017eavanja manifestacije \u201eFestival islama\u201c bila je Sjenica, gdje je u Gradskom parku, 31. 7. 2012., uprili\u010den iftar za vi\u0161e od 1000 ljudi. U prediftarskim trenutcima, u\u010denjem ilahija, kasida i Kur'ana \u010dasnog, prisutne vjernike po\u010dastili su horovi \u201eMerd\u017ean\u201c iz Novog Pazara i \u201eFirdevs\u201c iz Sjenice, dok su posebnu pa\u017enju zavrijedili polaznici [&hellip;]<\/p>\n","protected":false},"author":14,"featured_media":46747,"comment_status":"open","ping_status":"open","sticky":false,"template":"","format":"standard","meta":{"footnotes":""},"categories":[800,52,8957],"tags":[],"class_list":{"0":"post-46735","1":"post","2":"type-post","3":"status-publish","4":"format-standard","5":"has-post-thumbnail","7":"category-nacija","8":"category-sjenica","9":"category-vijesti-dana"},"yoast_head":"<!-- This site is optimized with the Yoast SEO Premium plugin v23.1 (Yoast SEO v24.9) - https:\/\/yoast.com\/wordpress\/plugins\/seo\/ -->\n<title>Festival islama u Sjenici (Foto)<\/title>\n<meta name=\"robots\" content=\"index, follow, max-snippet:-1, max-image-preview:large, max-video-preview:-1\" \/>\n<link rel=\"canonical\" href=\"https:\/\/sandzakpress.net\/arhiva\/festival-islama-u-sjenici-emanet-ramazana-je-teuba-3\/\" \/>\n<meta property=\"og:locale\" content=\"bs_BA\" \/>\n<meta property=\"og:type\" content=\"article\" \/>\n<meta property=\"og:title\" content=\"Festival islama u Sjenici (Foto)\" \/>\n<meta property=\"og:description\" content=\"Sjenica &#8211; Doma\u0107in \u010detvrte ve\u010deri odr\u017eavanja manifestacije \u201eFestival islama\u201c bila je Sjenica, gdje je u Gradskom parku, 31. 7. 2012., uprili\u010den iftar za vi\u0161e od 1000 ljudi. U prediftarskim trenutcima, u\u010denjem ilahija, kasida i Kur&#039;ana \u010dasnog, prisutne vjernike po\u010dastili su horovi \u201eMerd\u017ean\u201c iz Novog Pazara i \u201eFirdevs\u201c iz Sjenice, dok su posebnu pa\u017enju zavrijedili polaznici [&hellip;]\" \/>\n<meta property=\"og:url\" content=\"https:\/\/sandzakpress.net\/arhiva\/festival-islama-u-sjenici-emanet-ramazana-je-teuba-3\/\" \/>\n<meta property=\"og:site_name\" content=\"Sand\u017eak PRESS\" \/>\n<meta property=\"article:published_time\" content=\"2012-08-01T12:27:39+00:00\" \/>\n<meta property=\"article:modified_time\" content=\"2012-08-03T13:47:40+00:00\" \/>\n<meta property=\"og:image\" content=\"https:\/\/sandzakpress.net\/arhiva\/wp-content\/uploads\/2012\/08\/fest_isl_sj-11.jpg\" \/>\n\t<meta property=\"og:image:width\" content=\"616\" \/>\n\t<meta property=\"og:image:height\" content=\"409\" \/>\n\t<meta property=\"og:image:type\" content=\"image\/jpeg\" \/>\n<meta name=\"twitter:card\" content=\"summary_large_image\" \/>\n<meta name=\"twitter:label1\" content=\"Written by\" \/>\n\t<meta name=\"twitter:data1\" content=\"\" \/>\n\t<meta name=\"twitter:label2\" content=\"Est. reading time\" \/>\n\t<meta name=\"twitter:data2\" content=\"3 minute\" \/>\n<script type=\"application\/ld+json\" class=\"yoast-schema-graph\">{\"@context\":\"https:\/\/schema.org\",\"@graph\":[{\"@type\":\"Article\",\"@id\":\"https:\/\/sandzakpress.net\/arhiva\/festival-islama-u-sjenici-emanet-ramazana-je-teuba-3\/#article\",\"isPartOf\":{\"@id\":\"https:\/\/sandzakpress.net\/arhiva\/festival-islama-u-sjenici-emanet-ramazana-je-teuba-3\/\"},\"author\":{\"name\":\"\",\"@id\":\"\"},\"headline\":\"Festival islama u Sjenici (Foto)\",\"datePublished\":\"2012-08-01T12:27:39+00:00\",\"dateModified\":\"2012-08-03T13:47:40+00:00\",\"mainEntityOfPage\":{\"@id\":\"https:\/\/sandzakpress.net\/arhiva\/festival-islama-u-sjenici-emanet-ramazana-je-teuba-3\/\"},\"wordCount\":511,\"commentCount\":1,\"publisher\":{\"@id\":\"https:\/\/sandzakpress.net\/arhiva\/#\/schema\/person\/6e72b67d6e51910a1117b3b483ba20bd\"},\"image\":{\"@id\":\"https:\/\/sandzakpress.net\/arhiva\/festival-islama-u-sjenici-emanet-ramazana-je-teuba-3\/#primaryimage\"},\"thumbnailUrl\":\"https:\/\/sandzakpress.net\/arhiva\/wp-content\/uploads\/2012\/08\/fest_isl_sj-11.jpg\",\"articleSection\":[\"Nacija\",\"Sjenica\",\"VIJESTI DANA\"],\"inLanguage\":\"bs-BA\",\"potentialAction\":[{\"@type\":\"CommentAction\",\"name\":\"Comment\",\"target\":[\"https:\/\/sandzakpress.net\/arhiva\/festival-islama-u-sjenici-emanet-ramazana-je-teuba-3\/#respond\"]}]},{\"@type\":\"WebPage\",\"@id\":\"https:\/\/sandzakpress.net\/arhiva\/festival-islama-u-sjenici-emanet-ramazana-je-teuba-3\/\",\"url\":\"https:\/\/sandzakpress.net\/arhiva\/festival-islama-u-sjenici-emanet-ramazana-je-teuba-3\/\",\"name\":\"Festival islama u Sjenici (Foto)\",\"isPartOf\":{\"@id\":\"https:\/\/sandzakpress.net\/arhiva\/#website\"},\"primaryImageOfPage\":{\"@id\":\"https:\/\/sandzakpress.net\/arhiva\/festival-islama-u-sjenici-emanet-ramazana-je-teuba-3\/#primaryimage\"},\"image\":{\"@id\":\"https:\/\/sandzakpress.net\/arhiva\/festival-islama-u-sjenici-emanet-ramazana-je-teuba-3\/#primaryimage\"},\"thumbnailUrl\":\"https:\/\/sandzakpress.net\/arhiva\/wp-content\/uploads\/2012\/08\/fest_isl_sj-11.jpg\",\"datePublished\":\"2012-08-01T12:27:39+00:00\",\"dateModified\":\"2012-08-03T13:47:40+00:00\",\"breadcrumb\":{\"@id\":\"https:\/\/sandzakpress.net\/arhiva\/festival-islama-u-sjenici-emanet-ramazana-je-teuba-3\/#breadcrumb\"},\"inLanguage\":\"bs-BA\",\"potentialAction\":[{\"@type\":\"ReadAction\",\"target\":[\"https:\/\/sandzakpress.net\/arhiva\/festival-islama-u-sjenici-emanet-ramazana-je-teuba-3\/\"]}]},{\"@type\":\"ImageObject\",\"inLanguage\":\"bs-BA\",\"@id\":\"https:\/\/sandzakpress.net\/arhiva\/festival-islama-u-sjenici-emanet-ramazana-je-teuba-3\/#primaryimage\",\"url\":\"https:\/\/sandzakpress.net\/arhiva\/wp-content\/uploads\/2012\/08\/fest_isl_sj-11.jpg\",\"contentUrl\":\"https:\/\/sandzakpress.net\/arhiva\/wp-content\/uploads\/2012\/08\/fest_isl_sj-11.jpg\",\"width\":616,\"height\":409},{\"@type\":\"BreadcrumbList\",\"@id\":\"https:\/\/sandzakpress.net\/arhiva\/festival-islama-u-sjenici-emanet-ramazana-je-teuba-3\/#breadcrumb\",\"itemListElement\":[{\"@type\":\"ListItem\",\"position\":1,\"name\":\"Home\",\"item\":\"https:\/\/sandzakpress.net\/arhiva\/\"},{\"@type\":\"ListItem\",\"position\":2,\"name\":\"Festival islama u Sjenici (Foto)\"}]},{\"@type\":\"WebSite\",\"@id\":\"https:\/\/sandzakpress.net\/arhiva\/#website\",\"url\":\"https:\/\/sandzakpress.net\/arhiva\/\",\"name\":\"Sand\u017eak PRESS\",\"description\":\"Prve elektronske novine u Sand\u017eaku\",\"publisher\":{\"@id\":\"https:\/\/sandzakpress.net\/arhiva\/#\/schema\/person\/6e72b67d6e51910a1117b3b483ba20bd\"},\"potentialAction\":[{\"@type\":\"SearchAction\",\"target\":{\"@type\":\"EntryPoint\",\"urlTemplate\":\"https:\/\/sandzakpress.net\/arhiva\/?s={search_term_string}\"},\"query-input\":{\"@type\":\"PropertyValueSpecification\",\"valueRequired\":true,\"valueName\":\"search_term_string\"}}],\"inLanguage\":\"bs-BA\"},{\"@type\":[\"Person\",\"Organization\"],\"@id\":\"https:\/\/sandzakpress.net\/arhiva\/#\/schema\/person\/6e72b67d6e51910a1117b3b483ba20bd\",\"name\":\"Kul\",\"image\":{\"@type\":\"ImageObject\",\"inLanguage\":\"bs-BA\",\"@id\":\"https:\/\/sandzakpress.net\/arhiva\/#\/schema\/person\/image\/\",\"url\":\"https:\/\/secure.gravatar.com\/avatar\/42263f39aa27ac04c43cab85c280eb2e?s=96&d=mm&r=pg\",\"contentUrl\":\"https:\/\/secure.gravatar.com\/avatar\/42263f39aa27ac04c43cab85c280eb2e?s=96&d=mm&r=pg\",\"caption\":\"Kul\"},\"logo\":{\"@id\":\"https:\/\/sandzakpress.net\/arhiva\/#\/schema\/person\/image\/\"}},{\"@type\":\"Person\",\"@id\":\"\",\"url\":\"https:\/\/sandzakpress.net\/arhiva\/author\/\"}]}<\/script>\n<!-- \/ Yoast SEO Premium plugin. -->","yoast_head_json":{"title":"Festival islama u Sjenici (Foto)","robots":{"index":"index","follow":"follow","max-snippet":"max-snippet:-1","max-image-preview":"max-image-preview:large","max-video-preview":"max-video-preview:-1"},"canonical":"https:\/\/sandzakpress.net\/arhiva\/festival-islama-u-sjenici-emanet-ramazana-je-teuba-3\/","og_locale":"bs_BA","og_type":"article","og_title":"Festival islama u Sjenici (Foto)","og_description":"Sjenica &#8211; Doma\u0107in \u010detvrte ve\u010deri odr\u017eavanja manifestacije \u201eFestival islama\u201c bila je Sjenica, gdje je u Gradskom parku, 31. 7. 2012., uprili\u010den iftar za vi\u0161e od 1000 ljudi. U prediftarskim trenutcima, u\u010denjem ilahija, kasida i Kur'ana \u010dasnog, prisutne vjernike po\u010dastili su horovi \u201eMerd\u017ean\u201c iz Novog Pazara i \u201eFirdevs\u201c iz Sjenice, dok su posebnu pa\u017enju zavrijedili polaznici [&hellip;]","og_url":"https:\/\/sandzakpress.net\/arhiva\/festival-islama-u-sjenici-emanet-ramazana-je-teuba-3\/","og_site_name":"Sand\u017eak PRESS","article_published_time":"2012-08-01T12:27:39+00:00","article_modified_time":"2012-08-03T13:47:40+00:00","og_image":[{"width":616,"height":409,"url":"https:\/\/sandzakpress.net\/arhiva\/wp-content\/uploads\/2012\/08\/fest_isl_sj-11.jpg","type":"image\/jpeg"}],"twitter_card":"summary_large_image","twitter_misc":{"Written by":"","Est. reading time":"3 minute"},"schema":{"@context":"https:\/\/schema.org","@graph":[{"@type":"Article","@id":"https:\/\/sandzakpress.net\/arhiva\/festival-islama-u-sjenici-emanet-ramazana-je-teuba-3\/#article","isPartOf":{"@id":"https:\/\/sandzakpress.net\/arhiva\/festival-islama-u-sjenici-emanet-ramazana-je-teuba-3\/"},"author":{"name":"","@id":""},"headline":"Festival islama u Sjenici (Foto)","datePublished":"2012-08-01T12:27:39+00:00","dateModified":"2012-08-03T13:47:40+00:00","mainEntityOfPage":{"@id":"https:\/\/sandzakpress.net\/arhiva\/festival-islama-u-sjenici-emanet-ramazana-je-teuba-3\/"},"wordCount":511,"commentCount":1,"publisher":{"@id":"https:\/\/sandzakpress.net\/arhiva\/#\/schema\/person\/6e72b67d6e51910a1117b3b483ba20bd"},"image":{"@id":"https:\/\/sandzakpress.net\/arhiva\/festival-islama-u-sjenici-emanet-ramazana-je-teuba-3\/#primaryimage"},"thumbnailUrl":"https:\/\/sandzakpress.net\/arhiva\/wp-content\/uploads\/2012\/08\/fest_isl_sj-11.jpg","articleSection":["Nacija","Sjenica","VIJESTI DANA"],"inLanguage":"bs-BA","potentialAction":[{"@type":"CommentAction","name":"Comment","target":["https:\/\/sandzakpress.net\/arhiva\/festival-islama-u-sjenici-emanet-ramazana-je-teuba-3\/#respond"]}]},{"@type":"WebPage","@id":"https:\/\/sandzakpress.net\/arhiva\/festival-islama-u-sjenici-emanet-ramazana-je-teuba-3\/","url":"https:\/\/sandzakpress.net\/arhiva\/festival-islama-u-sjenici-emanet-ramazana-je-teuba-3\/","name":"Festival islama u Sjenici (Foto)","isPartOf":{"@id":"https:\/\/sandzakpress.net\/arhiva\/#website"},"primaryImageOfPage":{"@id":"https:\/\/sandzakpress.net\/arhiva\/festival-islama-u-sjenici-emanet-ramazana-je-teuba-3\/#primaryimage"},"image":{"@id":"https:\/\/sandzakpress.net\/arhiva\/festival-islama-u-sjenici-emanet-ramazana-je-teuba-3\/#primaryimage"},"thumbnailUrl":"https:\/\/sandzakpress.net\/arhiva\/wp-content\/uploads\/2012\/08\/fest_isl_sj-11.jpg","datePublished":"2012-08-01T12:27:39+00:00","dateModified":"2012-08-03T13:47:40+00:00","breadcrumb":{"@id":"https:\/\/sandzakpress.net\/arhiva\/festival-islama-u-sjenici-emanet-ramazana-je-teuba-3\/#breadcrumb"},"inLanguage":"bs-BA","potentialAction":[{"@type":"ReadAction","target":["https:\/\/sandzakpress.net\/arhiva\/festival-islama-u-sjenici-emanet-ramazana-je-teuba-3\/"]}]},{"@type":"ImageObject","inLanguage":"bs-BA","@id":"https:\/\/sandzakpress.net\/arhiva\/festival-islama-u-sjenici-emanet-ramazana-je-teuba-3\/#primaryimage","url":"https:\/\/sandzakpress.net\/arhiva\/wp-content\/uploads\/2012\/08\/fest_isl_sj-11.jpg","contentUrl":"https:\/\/sandzakpress.net\/arhiva\/wp-content\/uploads\/2012\/08\/fest_isl_sj-11.jpg","width":616,"height":409},{"@type":"BreadcrumbList","@id":"https:\/\/sandzakpress.net\/arhiva\/festival-islama-u-sjenici-emanet-ramazana-je-teuba-3\/#breadcrumb","itemListElement":[{"@type":"ListItem","position":1,"name":"Home","item":"https:\/\/sandzakpress.net\/arhiva\/"},{"@type":"ListItem","position":2,"name":"Festival islama u Sjenici (Foto)"}]},{"@type":"WebSite","@id":"https:\/\/sandzakpress.net\/arhiva\/#website","url":"https:\/\/sandzakpress.net\/arhiva\/","name":"Sand\u017eak PRESS","description":"Prve elektronske novine u Sand\u017eaku","publisher":{"@id":"https:\/\/sandzakpress.net\/arhiva\/#\/schema\/person\/6e72b67d6e51910a1117b3b483ba20bd"},"potentialAction":[{"@type":"SearchAction","target":{"@type":"EntryPoint","urlTemplate":"https:\/\/sandzakpress.net\/arhiva\/?s={search_term_string}"},"query-input":{"@type":"PropertyValueSpecification","valueRequired":true,"valueName":"search_term_string"}}],"inLanguage":"bs-BA"},{"@type":["Person","Organization"],"@id":"https:\/\/sandzakpress.net\/arhiva\/#\/schema\/person\/6e72b67d6e51910a1117b3b483ba20bd","name":"Kul","image":{"@type":"ImageObject","inLanguage":"bs-BA","@id":"https:\/\/sandzakpress.net\/arhiva\/#\/schema\/person\/image\/","url":"https:\/\/secure.gravatar.com\/avatar\/42263f39aa27ac04c43cab85c280eb2e?s=96&d=mm&r=pg","contentUrl":"https:\/\/secure.gravatar.com\/avatar\/42263f39aa27ac04c43cab85c280eb2e?s=96&d=mm&r=pg","caption":"Kul"},"logo":{"@id":"https:\/\/sandzakpress.net\/arhiva\/#\/schema\/person\/image\/"}},{"@type":"Person","@id":"","url":"https:\/\/sandzakpress.net\/arhiva\/author\/"}]}},"_links":{"self":[{"href":"https:\/\/sandzakpress.net\/arhiva\/wp-json\/wp\/v2\/posts\/46735"}],"collection":[{"href":"https:\/\/sandzakpress.net\/arhiva\/wp-json\/wp\/v2\/posts"}],"about":[{"href":"https:\/\/sandzakpress.net\/arhiva\/wp-json\/wp\/v2\/types\/post"}],"author":[{"embeddable":true,"href":"https:\/\/sandzakpress.net\/arhiva\/wp-json\/wp\/v2\/users\/14"}],"replies":[{"embeddable":true,"href":"https:\/\/sandzakpress.net\/arhiva\/wp-json\/wp\/v2\/comments?post=46735"}],"version-history":[{"count":0,"href":"https:\/\/sandzakpress.net\/arhiva\/wp-json\/wp\/v2\/posts\/46735\/revisions"}],"wp:featuredmedia":[{"embeddable":true,"href":"https:\/\/sandzakpress.net\/arhiva\/wp-json\/wp\/v2\/media\/46747"}],"wp:attachment":[{"href":"https:\/\/sandzakpress.net\/arhiva\/wp-json\/wp\/v2\/media?parent=46735"}],"wp:term":[{"taxonomy":"category","embeddable":true,"href":"https:\/\/sandzakpress.net\/arhiva\/wp-json\/wp\/v2\/categories?post=46735"},{"taxonomy":"post_tag","embeddable":true,"href":"https:\/\/sandzakpress.net\/arhiva\/wp-json\/wp\/v2\/tags?post=46735"}],"curies":[{"name":"wp","href":"https:\/\/api.w.org\/{rel}","templated":true}]}}