{"id":46722,"date":"2012-08-01T12:49:46","date_gmt":"2012-08-01T10:49:46","guid":{"rendered":"https:\/\/sandzakpress.net\/arhiva\/?p=46722"},"modified":"2012-08-01T16:25:16","modified_gmt":"2012-08-01T14:25:16","slug":"festival-islama-u-sjenici-emanet-ramazana-je-teuba","status":"publish","type":"post","link":"https:\/\/sandzakpress.net\/arhiva\/festival-islama-u-sjenici-emanet-ramazana-je-teuba\/","title":{"rendered":"Na referendumu \u010detvrtog avgusta Petnjicu i Bihor \u0107e ugrijati sunce slobode"},"content":{"rendered":"<p><strong> <\/strong><\/p>\n<p><strong> <\/strong><\/p>\n<p><strong><\/p>\n<figure id=\"attachment_46723\" aria-describedby=\"caption-attachment-46723\" style=\"width: 300px\" class=\"wp-caption alignleft\"><a href=\"https:\/\/sandzakpress.net\/arhiva\/wp-content\/uploads\/2012\/08\/almir-muratovic.jpg\"><img loading=\"lazy\" decoding=\"async\" class=\"size-medium wp-image-46723\" title=\"almir muratovic\" src=\"https:\/\/sandzakpress.net\/arhiva\/wp-content\/uploads\/2012\/08\/almir-muratovic-300x246.jpg\" alt=\"\" width=\"300\" height=\"246\" \/><\/a><figcaption id=\"caption-attachment-46723\" class=\"wp-caption-text\">Almir Muratovi\u0107, predsjednik BKZ-a Petnjice<\/figcaption><\/figure>\n<p><\/strong><\/p>\n<p><strong> <\/strong><\/p>\n<p><strong>Berane &#8211; Intervju sa predsjednikom BKZ-a Petnjice, Almirom Muratovi\u0107em.<\/strong><\/p>\n<p>Po\u0161tovani gospodine Muratovi\u0107u, predsjednik ste Bo\u0161nja\u010dke kulturne zajednice \u2013 BKZ u Petnjici \u2013 Berane. Upoznajte nas, kada je do\u0161lo do formiranja BKZ-a u Petnjici, te u \u010demu se prenstveno ogleda Va\u0161 dosada\u0161nji anga\u017eman?<\/p>\n<p>MURATOVI\u0106: BKZ Petnjica-Berane je formirana pro\u0161le godine i sada negdje je ta\u010dno godina dana njenog postojanja. U prvoj godini imali smo organizaciju Iftara, Dana zastave, organizovanje mekteba u saradnji sa imamima petnji\u010dkih d\u017eamija \u2013 a to sve u cilju o\u010duvanja na\u0161e vjere, kulture i tradicije, a ujedno i \u017eelimo pokazati da su Bo\u0161njaci ovih krajeva ponosni na svoj identitet i svoje kulturolo\u0161ko-vjersko naslije\u0111e.<\/p>\n<p>Da li je i u kojoj mjeri, bo\u0161nja\u010dko stanovni\u0161tvo u petnji\u010dkom regionu, prepoznalo va\u017enost Va\u0161eg postojanja i rada?<br \/>\nMURATOVI\u0106: Svakako da jeste. Nekada mi se \u010dak \u010dini kao da su bili \u017eeljni ispoljavanja ne\u010dega \u0161to ih godinama gu\u0161i, a to se vidjelo prilikom projekata koje smo zajedni\u010dki odradili.<\/p>\n<p>Poznato je da je stanovni\u0161tvo nekada\u0161nje op\u0161tine Petnjica raseljeno, a na\u017ealost, taj negativni trend je i dalje aktuelan. Veliki broj nekada\u0161njih Petnji\u010dana i stanovnka okolnih sela je bolji \u017eivot potra\u017eio u Zapadnoj Evropi. Upravo i putuju\u0107i k vama, primjetio sam nemali broj automobila s registracijama raznih evropskih zemalja. S hodno tome, zanimljivo bi bilo saznati, kakva je Va\u0161a suradnja s mnogobrojnom dijasporom ovog kraja?<\/p>\n<p>MURATOVI\u0106: Mogu Vam re\u0107i da sam prijatno iznena\u0111en odnosom dijaspore prema BKZ-u, a i prema bo\u0161nja\u0161tvu, jer \u010dini mi se da su ranije bili rezervisani prema \u201csebi samima\u201d. Sada to ide jednim pozitivnim tokom, jer je o\u010dito da na\u0161 narod \u017eeljan da bude ono \u0161to jeste a ne da ga svojeta ko stigne i da mu se koje\u0161ta podme\u0107e.<\/p>\n<p>Gospodine Muratovi\u0107u, bli\u017ei se 4. avgust \u2013 dan za kada je raspisan referendum na kojem \u0107e se stanovnici ovog kraja mo\u0107i izjasniti: da li su za ili protiv povratka Petnjici statusa op\u0161tine? U tom kontekstu, \u017eelio bih da zna\u010dajan dio ovog na\u0161eg razgovora posvetimo tom doga\u0111aju. Koji bi po Vama mogli biti pozitivni efekti ukoliko se narod na referendumu izjasni pozitivno, te Petnjica kona\u010dno povrati bespravno oduzet status?<\/p>\n<p>MURATOVI\u0106: Kona\u010dno, na referendumu \u010detvrtog avgusta Petnjicu Ii Bihor \u0107e ugrijati sunce slobode. Samim tim ako referendum uspije, u \u0161ta ne sumnjam, \u0161alje se \u201cpozitivna\u201dslika onima koji su bili \u201cnegativni\u201d prema Bihoru i u velikoj mjeri \u0107e se zaustaviti proces iseljavanja Bihora. S druge strane \u017eelimo razvoj ovog kraja i da rodni toprak ne tra\u017eimo po tu\u0111ini. Sa ovim referendumom \u0107emo pokazati da mi odavde vi\u0161e ne\u0107emo i\u0107i!<\/p>\n<p>Da li je BKZ u Petnjici aktivna i u tom kontekstu, dakle, u predreferendumskoj kampanji?<\/p>\n<p>MURATOVI\u0106: Naravno, i kroz Odbor za povratak statusa op\u0161tine gdje imamo na\u0161e \u010dlanove a i individualno. Koristim ovu priliku da pozovem glasa\u010de da u \u0161to ve\u0107em broju iza\u0111u i glasaju ZA op\u0161tinu Petnjica.<br \/>\nUzimaju\u0107i u obzir da ste dobar poznavalac prilika u ovom kraju, mo\u017eete li podijeliti s na\u0161im uva\u017eenim \u010ditateljstvom Va\u0161e osobne prognoze vezano za rezultate predstoje\u0107eg referenduma?<\/p>\n<p>MURATOVI\u0106: Ne vjerujem da su ba\u0161 s velikom voljom vlasti omogu\u0107ile izja\u0161njavanje na referendumu i bojim se da \u0107e biti pritisaka, ali Bihorci su ovih dana jedinstveni bez obzira na strana\u010dku opredijeljenost i referendum \u0107e pokazati da mi jarko \u017eelimo da nam se vrati opstina.<\/p>\n<p>Gospodine Muratovi\u0107u. Za kraj na\u0161eg razgovora, \u017eelja mi je da Vas upitam sljede\u0107e. Poznato je da je ovaj dio Sand\u017eaka izrodio nemali broj vrsnih pisaca, pjesnika i drugih umjetnika. Ali i generala, doktora i profesora, kao i vrsnih alima, s kojima se ne ponosi samo ovaj kraj, ve\u0107 i \u010ditav Sand\u017eak, kao i cjelokupni bo\u0161nja\u010dki korpus. U tom kontekstu, \u017eelio bih upitati, vjerujete li da predstoje bolji dani za ovaj region, te da li je period kada \u0107e ovaj kraj podariti najvrsnije velikane bo\u0161nja\u010dkom narodu tek pred nama?<br \/>\nMURATOVI\u0106: Ja \u010desto ka\u017eem da \u0107e do\u0107i vrijeme kada \u0107e Bihor sve iznenaditi, jer mnogima se \u010dini da je Bihor \u201cuga\u0161en\u201d, ali uvjeravam sve da \u0107e ga mala iskra pokrenuti i to \u0107e biti, ako Bog da, naja\u010di bo\u0161nja\u010dki \u201cplamen\u201dna ovim prostorima.<\/p>\n<p>Srda\u010dno Vam se zahvaljujem na ovom razgovoru, te Vam \u017eelim sre\u0107u 4. avgusta, i puno uspjeha u Va\u0161em daljem anga\u017emanu.<\/p>\n<p>MURATOVI\u0106: Hvala i Vama. Srda\u010dan selam i hairli ramazanski mubarek dani.<\/p>\n<p>Razgovarao: Muhamed \u0106eman<\/p>\n<p>(Bo\u0161njaci.net)<\/p>\n","protected":false},"excerpt":{"rendered":"<p>Berane &#8211; Intervju sa predsjednikom BKZ-a Petnjice, Almirom Muratovi\u0107em. Po\u0161tovani gospodine Muratovi\u0107u, predsjednik ste Bo\u0161nja\u010dke kulturne zajednice \u2013 BKZ u Petnjici \u2013 Berane. Upoznajte nas, kada je do\u0161lo do formiranja BKZ-a u Petnjici, te u \u010demu se prenstveno ogleda Va\u0161 dosada\u0161nji anga\u017eman? MURATOVI\u0106: BKZ Petnjica-Berane je formirana pro\u0161le godine i sada negdje je ta\u010dno godina [&hellip;]<\/p>\n","protected":false},"author":14,"featured_media":46723,"comment_status":"open","ping_status":"open","sticky":false,"template":"","format":"standard","meta":{"footnotes":""},"categories":[800,397,8957],"tags":[],"class_list":{"0":"post-46722","1":"post","2":"type-post","3":"status-publish","4":"format-standard","5":"has-post-thumbnail","7":"category-nacija","8":"category-berane","9":"category-vijesti-dana"},"yoast_head":"<!-- This site is optimized with the Yoast SEO Premium plugin v23.1 (Yoast SEO v24.9) - https:\/\/yoast.com\/wordpress\/plugins\/seo\/ -->\n<title>Na referendumu \u010detvrtog avgusta Petnjicu i Bihor \u0107e ugrijati sunce slobode<\/title>\n<meta name=\"robots\" content=\"index, follow, max-snippet:-1, max-image-preview:large, max-video-preview:-1\" \/>\n<link rel=\"canonical\" href=\"https:\/\/sandzakpress.net\/arhiva\/festival-islama-u-sjenici-emanet-ramazana-je-teuba\/\" \/>\n<meta property=\"og:locale\" content=\"bs_BA\" \/>\n<meta property=\"og:type\" content=\"article\" \/>\n<meta property=\"og:title\" content=\"Na referendumu \u010detvrtog avgusta Petnjicu i Bihor \u0107e ugrijati sunce slobode\" \/>\n<meta property=\"og:description\" content=\"Berane &#8211; Intervju sa predsjednikom BKZ-a Petnjice, Almirom Muratovi\u0107em. Po\u0161tovani gospodine Muratovi\u0107u, predsjednik ste Bo\u0161nja\u010dke kulturne zajednice \u2013 BKZ u Petnjici \u2013 Berane. Upoznajte nas, kada je do\u0161lo do formiranja BKZ-a u Petnjici, te u \u010demu se prenstveno ogleda Va\u0161 dosada\u0161nji anga\u017eman? MURATOVI\u0106: BKZ Petnjica-Berane je formirana pro\u0161le godine i sada negdje je ta\u010dno godina [&hellip;]\" \/>\n<meta property=\"og:url\" content=\"https:\/\/sandzakpress.net\/arhiva\/festival-islama-u-sjenici-emanet-ramazana-je-teuba\/\" \/>\n<meta property=\"og:site_name\" content=\"Sand\u017eak PRESS\" \/>\n<meta property=\"article:published_time\" content=\"2012-08-01T10:49:46+00:00\" \/>\n<meta property=\"article:modified_time\" content=\"2012-08-01T14:25:16+00:00\" \/>\n<meta property=\"og:image\" content=\"https:\/\/sandzakpress.net\/arhiva\/wp-content\/uploads\/2012\/08\/almir-muratovic.jpg\" \/>\n\t<meta property=\"og:image:width\" content=\"373\" \/>\n\t<meta property=\"og:image:height\" content=\"307\" \/>\n\t<meta property=\"og:image:type\" content=\"image\/jpeg\" \/>\n<meta name=\"twitter:card\" content=\"summary_large_image\" \/>\n<meta name=\"twitter:label1\" content=\"Written by\" \/>\n\t<meta name=\"twitter:data1\" content=\"\" \/>\n\t<meta name=\"twitter:label2\" content=\"Est. reading time\" \/>\n\t<meta name=\"twitter:data2\" content=\"4 minute\" \/>\n<script type=\"application\/ld+json\" class=\"yoast-schema-graph\">{\"@context\":\"https:\/\/schema.org\",\"@graph\":[{\"@type\":\"Article\",\"@id\":\"https:\/\/sandzakpress.net\/arhiva\/festival-islama-u-sjenici-emanet-ramazana-je-teuba\/#article\",\"isPartOf\":{\"@id\":\"https:\/\/sandzakpress.net\/arhiva\/festival-islama-u-sjenici-emanet-ramazana-je-teuba\/\"},\"author\":{\"name\":\"\",\"@id\":\"\"},\"headline\":\"Na referendumu \u010detvrtog avgusta Petnjicu i Bihor \u0107e ugrijati sunce slobode\",\"datePublished\":\"2012-08-01T10:49:46+00:00\",\"dateModified\":\"2012-08-01T14:25:16+00:00\",\"mainEntityOfPage\":{\"@id\":\"https:\/\/sandzakpress.net\/arhiva\/festival-islama-u-sjenici-emanet-ramazana-je-teuba\/\"},\"wordCount\":809,\"commentCount\":0,\"publisher\":{\"@id\":\"https:\/\/sandzakpress.net\/arhiva\/#\/schema\/person\/6e72b67d6e51910a1117b3b483ba20bd\"},\"image\":{\"@id\":\"https:\/\/sandzakpress.net\/arhiva\/festival-islama-u-sjenici-emanet-ramazana-je-teuba\/#primaryimage\"},\"thumbnailUrl\":\"https:\/\/sandzakpress.net\/arhiva\/wp-content\/uploads\/2012\/08\/almir-muratovic.jpg\",\"articleSection\":[\"Nacija\",\"Berane\",\"VIJESTI DANA\"],\"inLanguage\":\"bs-BA\",\"potentialAction\":[{\"@type\":\"CommentAction\",\"name\":\"Comment\",\"target\":[\"https:\/\/sandzakpress.net\/arhiva\/festival-islama-u-sjenici-emanet-ramazana-je-teuba\/#respond\"]}]},{\"@type\":\"WebPage\",\"@id\":\"https:\/\/sandzakpress.net\/arhiva\/festival-islama-u-sjenici-emanet-ramazana-je-teuba\/\",\"url\":\"https:\/\/sandzakpress.net\/arhiva\/festival-islama-u-sjenici-emanet-ramazana-je-teuba\/\",\"name\":\"Na referendumu \u010detvrtog avgusta Petnjicu i Bihor \u0107e ugrijati sunce slobode\",\"isPartOf\":{\"@id\":\"https:\/\/sandzakpress.net\/arhiva\/#website\"},\"primaryImageOfPage\":{\"@id\":\"https:\/\/sandzakpress.net\/arhiva\/festival-islama-u-sjenici-emanet-ramazana-je-teuba\/#primaryimage\"},\"image\":{\"@id\":\"https:\/\/sandzakpress.net\/arhiva\/festival-islama-u-sjenici-emanet-ramazana-je-teuba\/#primaryimage\"},\"thumbnailUrl\":\"https:\/\/sandzakpress.net\/arhiva\/wp-content\/uploads\/2012\/08\/almir-muratovic.jpg\",\"datePublished\":\"2012-08-01T10:49:46+00:00\",\"dateModified\":\"2012-08-01T14:25:16+00:00\",\"breadcrumb\":{\"@id\":\"https:\/\/sandzakpress.net\/arhiva\/festival-islama-u-sjenici-emanet-ramazana-je-teuba\/#breadcrumb\"},\"inLanguage\":\"bs-BA\",\"potentialAction\":[{\"@type\":\"ReadAction\",\"target\":[\"https:\/\/sandzakpress.net\/arhiva\/festival-islama-u-sjenici-emanet-ramazana-je-teuba\/\"]}]},{\"@type\":\"ImageObject\",\"inLanguage\":\"bs-BA\",\"@id\":\"https:\/\/sandzakpress.net\/arhiva\/festival-islama-u-sjenici-emanet-ramazana-je-teuba\/#primaryimage\",\"url\":\"https:\/\/sandzakpress.net\/arhiva\/wp-content\/uploads\/2012\/08\/almir-muratovic.jpg\",\"contentUrl\":\"https:\/\/sandzakpress.net\/arhiva\/wp-content\/uploads\/2012\/08\/almir-muratovic.jpg\",\"width\":373,\"height\":307,\"caption\":\"Almir Muratovi\u0107, predsjednik BKZ-a Petnjice\"},{\"@type\":\"BreadcrumbList\",\"@id\":\"https:\/\/sandzakpress.net\/arhiva\/festival-islama-u-sjenici-emanet-ramazana-je-teuba\/#breadcrumb\",\"itemListElement\":[{\"@type\":\"ListItem\",\"position\":1,\"name\":\"Home\",\"item\":\"https:\/\/sandzakpress.net\/arhiva\/\"},{\"@type\":\"ListItem\",\"position\":2,\"name\":\"Na referendumu \u010detvrtog avgusta Petnjicu i Bihor \u0107e ugrijati sunce slobode\"}]},{\"@type\":\"WebSite\",\"@id\":\"https:\/\/sandzakpress.net\/arhiva\/#website\",\"url\":\"https:\/\/sandzakpress.net\/arhiva\/\",\"name\":\"Sand\u017eak PRESS\",\"description\":\"Prve elektronske novine u Sand\u017eaku\",\"publisher\":{\"@id\":\"https:\/\/sandzakpress.net\/arhiva\/#\/schema\/person\/6e72b67d6e51910a1117b3b483ba20bd\"},\"potentialAction\":[{\"@type\":\"SearchAction\",\"target\":{\"@type\":\"EntryPoint\",\"urlTemplate\":\"https:\/\/sandzakpress.net\/arhiva\/?s={search_term_string}\"},\"query-input\":{\"@type\":\"PropertyValueSpecification\",\"valueRequired\":true,\"valueName\":\"search_term_string\"}}],\"inLanguage\":\"bs-BA\"},{\"@type\":[\"Person\",\"Organization\"],\"@id\":\"https:\/\/sandzakpress.net\/arhiva\/#\/schema\/person\/6e72b67d6e51910a1117b3b483ba20bd\",\"name\":\"Kul\",\"image\":{\"@type\":\"ImageObject\",\"inLanguage\":\"bs-BA\",\"@id\":\"https:\/\/sandzakpress.net\/arhiva\/#\/schema\/person\/image\/\",\"url\":\"https:\/\/secure.gravatar.com\/avatar\/42263f39aa27ac04c43cab85c280eb2e?s=96&d=mm&r=pg\",\"contentUrl\":\"https:\/\/secure.gravatar.com\/avatar\/42263f39aa27ac04c43cab85c280eb2e?s=96&d=mm&r=pg\",\"caption\":\"Kul\"},\"logo\":{\"@id\":\"https:\/\/sandzakpress.net\/arhiva\/#\/schema\/person\/image\/\"}},{\"@type\":\"Person\",\"@id\":\"\",\"url\":\"https:\/\/sandzakpress.net\/arhiva\/author\/\"}]}<\/script>\n<!-- \/ Yoast SEO Premium plugin. -->","yoast_head_json":{"title":"Na referendumu \u010detvrtog avgusta Petnjicu i Bihor \u0107e ugrijati sunce slobode","robots":{"index":"index","follow":"follow","max-snippet":"max-snippet:-1","max-image-preview":"max-image-preview:large","max-video-preview":"max-video-preview:-1"},"canonical":"https:\/\/sandzakpress.net\/arhiva\/festival-islama-u-sjenici-emanet-ramazana-je-teuba\/","og_locale":"bs_BA","og_type":"article","og_title":"Na referendumu \u010detvrtog avgusta Petnjicu i Bihor \u0107e ugrijati sunce slobode","og_description":"Berane &#8211; Intervju sa predsjednikom BKZ-a Petnjice, Almirom Muratovi\u0107em. Po\u0161tovani gospodine Muratovi\u0107u, predsjednik ste Bo\u0161nja\u010dke kulturne zajednice \u2013 BKZ u Petnjici \u2013 Berane. Upoznajte nas, kada je do\u0161lo do formiranja BKZ-a u Petnjici, te u \u010demu se prenstveno ogleda Va\u0161 dosada\u0161nji anga\u017eman? MURATOVI\u0106: BKZ Petnjica-Berane je formirana pro\u0161le godine i sada negdje je ta\u010dno godina [&hellip;]","og_url":"https:\/\/sandzakpress.net\/arhiva\/festival-islama-u-sjenici-emanet-ramazana-je-teuba\/","og_site_name":"Sand\u017eak PRESS","article_published_time":"2012-08-01T10:49:46+00:00","article_modified_time":"2012-08-01T14:25:16+00:00","og_image":[{"width":373,"height":307,"url":"https:\/\/sandzakpress.net\/arhiva\/wp-content\/uploads\/2012\/08\/almir-muratovic.jpg","type":"image\/jpeg"}],"twitter_card":"summary_large_image","twitter_misc":{"Written by":"","Est. reading time":"4 minute"},"schema":{"@context":"https:\/\/schema.org","@graph":[{"@type":"Article","@id":"https:\/\/sandzakpress.net\/arhiva\/festival-islama-u-sjenici-emanet-ramazana-je-teuba\/#article","isPartOf":{"@id":"https:\/\/sandzakpress.net\/arhiva\/festival-islama-u-sjenici-emanet-ramazana-je-teuba\/"},"author":{"name":"","@id":""},"headline":"Na referendumu \u010detvrtog avgusta Petnjicu i Bihor \u0107e ugrijati sunce slobode","datePublished":"2012-08-01T10:49:46+00:00","dateModified":"2012-08-01T14:25:16+00:00","mainEntityOfPage":{"@id":"https:\/\/sandzakpress.net\/arhiva\/festival-islama-u-sjenici-emanet-ramazana-je-teuba\/"},"wordCount":809,"commentCount":0,"publisher":{"@id":"https:\/\/sandzakpress.net\/arhiva\/#\/schema\/person\/6e72b67d6e51910a1117b3b483ba20bd"},"image":{"@id":"https:\/\/sandzakpress.net\/arhiva\/festival-islama-u-sjenici-emanet-ramazana-je-teuba\/#primaryimage"},"thumbnailUrl":"https:\/\/sandzakpress.net\/arhiva\/wp-content\/uploads\/2012\/08\/almir-muratovic.jpg","articleSection":["Nacija","Berane","VIJESTI DANA"],"inLanguage":"bs-BA","potentialAction":[{"@type":"CommentAction","name":"Comment","target":["https:\/\/sandzakpress.net\/arhiva\/festival-islama-u-sjenici-emanet-ramazana-je-teuba\/#respond"]}]},{"@type":"WebPage","@id":"https:\/\/sandzakpress.net\/arhiva\/festival-islama-u-sjenici-emanet-ramazana-je-teuba\/","url":"https:\/\/sandzakpress.net\/arhiva\/festival-islama-u-sjenici-emanet-ramazana-je-teuba\/","name":"Na referendumu \u010detvrtog avgusta Petnjicu i Bihor \u0107e ugrijati sunce slobode","isPartOf":{"@id":"https:\/\/sandzakpress.net\/arhiva\/#website"},"primaryImageOfPage":{"@id":"https:\/\/sandzakpress.net\/arhiva\/festival-islama-u-sjenici-emanet-ramazana-je-teuba\/#primaryimage"},"image":{"@id":"https:\/\/sandzakpress.net\/arhiva\/festival-islama-u-sjenici-emanet-ramazana-je-teuba\/#primaryimage"},"thumbnailUrl":"https:\/\/sandzakpress.net\/arhiva\/wp-content\/uploads\/2012\/08\/almir-muratovic.jpg","datePublished":"2012-08-01T10:49:46+00:00","dateModified":"2012-08-01T14:25:16+00:00","breadcrumb":{"@id":"https:\/\/sandzakpress.net\/arhiva\/festival-islama-u-sjenici-emanet-ramazana-je-teuba\/#breadcrumb"},"inLanguage":"bs-BA","potentialAction":[{"@type":"ReadAction","target":["https:\/\/sandzakpress.net\/arhiva\/festival-islama-u-sjenici-emanet-ramazana-je-teuba\/"]}]},{"@type":"ImageObject","inLanguage":"bs-BA","@id":"https:\/\/sandzakpress.net\/arhiva\/festival-islama-u-sjenici-emanet-ramazana-je-teuba\/#primaryimage","url":"https:\/\/sandzakpress.net\/arhiva\/wp-content\/uploads\/2012\/08\/almir-muratovic.jpg","contentUrl":"https:\/\/sandzakpress.net\/arhiva\/wp-content\/uploads\/2012\/08\/almir-muratovic.jpg","width":373,"height":307,"caption":"Almir Muratovi\u0107, predsjednik BKZ-a Petnjice"},{"@type":"BreadcrumbList","@id":"https:\/\/sandzakpress.net\/arhiva\/festival-islama-u-sjenici-emanet-ramazana-je-teuba\/#breadcrumb","itemListElement":[{"@type":"ListItem","position":1,"name":"Home","item":"https:\/\/sandzakpress.net\/arhiva\/"},{"@type":"ListItem","position":2,"name":"Na referendumu \u010detvrtog avgusta Petnjicu i Bihor \u0107e ugrijati sunce slobode"}]},{"@type":"WebSite","@id":"https:\/\/sandzakpress.net\/arhiva\/#website","url":"https:\/\/sandzakpress.net\/arhiva\/","name":"Sand\u017eak PRESS","description":"Prve elektronske novine u Sand\u017eaku","publisher":{"@id":"https:\/\/sandzakpress.net\/arhiva\/#\/schema\/person\/6e72b67d6e51910a1117b3b483ba20bd"},"potentialAction":[{"@type":"SearchAction","target":{"@type":"EntryPoint","urlTemplate":"https:\/\/sandzakpress.net\/arhiva\/?s={search_term_string}"},"query-input":{"@type":"PropertyValueSpecification","valueRequired":true,"valueName":"search_term_string"}}],"inLanguage":"bs-BA"},{"@type":["Person","Organization"],"@id":"https:\/\/sandzakpress.net\/arhiva\/#\/schema\/person\/6e72b67d6e51910a1117b3b483ba20bd","name":"Kul","image":{"@type":"ImageObject","inLanguage":"bs-BA","@id":"https:\/\/sandzakpress.net\/arhiva\/#\/schema\/person\/image\/","url":"https:\/\/secure.gravatar.com\/avatar\/42263f39aa27ac04c43cab85c280eb2e?s=96&d=mm&r=pg","contentUrl":"https:\/\/secure.gravatar.com\/avatar\/42263f39aa27ac04c43cab85c280eb2e?s=96&d=mm&r=pg","caption":"Kul"},"logo":{"@id":"https:\/\/sandzakpress.net\/arhiva\/#\/schema\/person\/image\/"}},{"@type":"Person","@id":"","url":"https:\/\/sandzakpress.net\/arhiva\/author\/"}]}},"_links":{"self":[{"href":"https:\/\/sandzakpress.net\/arhiva\/wp-json\/wp\/v2\/posts\/46722"}],"collection":[{"href":"https:\/\/sandzakpress.net\/arhiva\/wp-json\/wp\/v2\/posts"}],"about":[{"href":"https:\/\/sandzakpress.net\/arhiva\/wp-json\/wp\/v2\/types\/post"}],"author":[{"embeddable":true,"href":"https:\/\/sandzakpress.net\/arhiva\/wp-json\/wp\/v2\/users\/14"}],"replies":[{"embeddable":true,"href":"https:\/\/sandzakpress.net\/arhiva\/wp-json\/wp\/v2\/comments?post=46722"}],"version-history":[{"count":0,"href":"https:\/\/sandzakpress.net\/arhiva\/wp-json\/wp\/v2\/posts\/46722\/revisions"}],"wp:featuredmedia":[{"embeddable":true,"href":"https:\/\/sandzakpress.net\/arhiva\/wp-json\/wp\/v2\/media\/46723"}],"wp:attachment":[{"href":"https:\/\/sandzakpress.net\/arhiva\/wp-json\/wp\/v2\/media?parent=46722"}],"wp:term":[{"taxonomy":"category","embeddable":true,"href":"https:\/\/sandzakpress.net\/arhiva\/wp-json\/wp\/v2\/categories?post=46722"},{"taxonomy":"post_tag","embeddable":true,"href":"https:\/\/sandzakpress.net\/arhiva\/wp-json\/wp\/v2\/tags?post=46722"}],"curies":[{"name":"wp","href":"https:\/\/api.w.org\/{rel}","templated":true}]}}