{"id":46625,"date":"2012-07-31T15:36:27","date_gmt":"2012-07-31T13:36:27","guid":{"rendered":"https:\/\/sandzakpress.net\/arhiva\/?p=46625"},"modified":"2012-07-31T15:36:27","modified_gmt":"2012-07-31T13:36:27","slug":"festival-islama-u-novoj-varosi-foto-2","status":"publish","type":"post","link":"https:\/\/sandzakpress.net\/arhiva\/festival-islama-u-novoj-varosi-foto-2\/","title":{"rendered":"Festival islama u Novoj Varo\u0161i (Foto)"},"content":{"rendered":"<p><a href=\"https:\/\/sandzakpress.net\/arhiva\/wp-content\/uploads\/2012\/07\/fest_isl_nv-07.jpg\"><img loading=\"lazy\" decoding=\"async\" class=\"aligncenter size-full wp-image-46626\" title=\"fest_isl_nv (07)\" src=\"https:\/\/sandzakpress.net\/arhiva\/wp-content\/uploads\/2012\/07\/fest_isl_nv-07.jpg\" alt=\"\" width=\"620\" height=\"412\" \/><\/a><\/p>\n<p><strong>Nova Varo\u0161 &#8211; U ponedjeljak, 30. 7. 2012. godine, u dvori\u0161tu Vakufske zgrade u Novoj Varo\u0161i uprili\u010dena je prigodna ramazanska sve\u010danost i zajedni\u010dki iftar u sklopu manifestacije \u201eFestival islama\u201c koju organiziraju Bo\u0161nja\u010dka kulturna zajednica, CHR \u201eHajrat\u201c i IKC \u201eAltun alem\u201c a pod pokroviteljstvom Me\u0161ihata Islamke zajednice u Srbiji.<\/strong><\/p>\n<p>Sve\u010danost je otpo\u010dela u 19h, nastupom hora \u201eLjiljani\u201c iz Prijepolja.<\/p>\n<p style=\"text-align: center;\"><img decoding=\"async\" class=\"aligncenter\" src=\"http:\/\/mesihat.org\/images\/stories\/festival%20islama%202012%20-%20nvaros%20-%2030.7.2012\/fest_isl_nv%20%2811%29.jpg\" alt=\"\" \/><\/p>\n<p>U ime doma\u0107ina obratio se predsjednik Med\u017elisa IZ Nova Varo\u0161 Enis Rahmani. On je uputio selame prisutnom Varo\u0161anima, gostima sa strane, predstavnicima BKZ-a iz dijaspore te visokoj delegaciji Islamske zajednice. Posebnu zahvalnost izrazio je glavnom muftiji Muamer-ef. Zukorli\u0107u koji je po\u010dastio doma\u0107ine svojim prisustvom.<\/p>\n<p>\u201ePovod ve\u010dera\u0161njeg skupa zasigurno nije samo jelo i pi\u0107e. Ve\u0107 ne\u0161to \u0161to spaja na\u0161a srca, a to je dini-islam. Dolazak svakog od Vas govori o dobroti va\u0161ih du\u0161a, koju treba njegovati lijepom rije\u010dju na ovakvim manifestacijama.\u201c \u2013 kazao je Rahmani.<\/p>\n<p style=\"text-align: center;\"><img decoding=\"async\" class=\"aligncenter\" src=\"http:\/\/mesihat.org\/images\/stories\/festival%20islama%202012%20-%20nvaros%20-%2030.7.2012\/fest_isl_nv%20%2817%29.jpg\" alt=\"\" \/><\/p>\n<p><strong>Da ljudsko nadvlada \u017eivotinjsko u \u010dovjeku<\/strong><\/p>\n<p>Neposredno prije iftara obratio se glavni muftija Muamer ef. Zukorli\u0107 i govorio o neiscrpnim dimenzijama Ramazana i ramazanskog posta. On je ukazao na jednakost svih posta\u010da u prediftarskim trenutcima, kao posebnoj dimenziji Ramazana:<\/p>\n<p>Danas smo ovdje da zajedni\u010dki osjetimo radost posta, koja je posebna kada se pribli\u017eava iftar. Sami ovi prediftarski trenutci su najve\u0107a potvrda zna\u010daja, kvaliteta i veli\u010dine ramazanskog posta. Mladi i stari, ja\u010di i slabiji, mo\u0107ni, manje mo\u0107ni i nemo\u0107ni kada poste u prediftarskim trenutcima su svi jednaki. Nekako, svi su mirni. Nema mo\u0107nih posta\u010da neposredno pred iftar. Oni pokazuju rezultate \u0161kole i lekcije koja se zove mubarek Ramazan i ramazanski post. Svrha posta je da \u010dovjeku poja\u010da ljudskost a da mu smanji \u017eivotinjstvo. Jer \u010dovjek u sebi ima i insana i hajavana.\u201c<\/p>\n<p style=\"text-align: center;\"><img decoding=\"async\" class=\"aligncenter\" src=\"http:\/\/mesihat.org\/images\/stories\/festival%20islama%202012%20-%20nvaros%20-%2030.7.2012\/fest_isl_nv%20%2815%29.jpg\" alt=\"\" \/><\/p>\n<p>Muftija se kratko osvrnuo na vremena koja su iza nas, a koja su upam\u0107ena po poku\u0161ajima brisanja vjere, a posebno Islama, iz srca vjernika, te diskriminatorskom odnosu tada\u0161njih vlasti i represijom prema svima koji nisu podlegli pritiscima i ostali \u010dvrsti u svojoj vjeri:<\/p>\n<p>\u201eZnamo \u0161to nam je vrijeme iza nas u\u010dinilo. Pa nam je od islama ponegdje ostalo ime, a ponegdje ni ime. No vi\u0161e se na ta vremena ne mo\u017eemo vaditi, iako nam ni sada nije lahko. Ali, barem vam niko ne brani da budete u ibadetu prema Uzvi\u0161enom Allahu. Ono \u0161to je bilo ne mo\u017eemo vratiti, ali mo\u017eemo novu stranicu otvoriti.\u201c<\/p>\n<p>Ramazan je prilika za rez<\/p>\n<p>\u201eZato napravite presjek. Ka\u017eite sebi: &#8216;Ne\u0107u vi\u0161e propu\u0161tati ramazan, ne\u0107u dozvoliti da niti jedan dan Ramazana provedem bez posta, ne\u0107u vi\u0161e prolaziti pored d\u017eamije dok ezan u\u010di i gledati samo spolja. Ho\u0107u da u\u0111em na sabah, ak\u0161am, jaciju, teraviju&#8230; Jer je u njoj meni mjesto.'Jer bez ovoga nema, sre\u0107e. Ovo je klju\u010d sre\u0107e. Bez ovoga ne\u0107ete osjetiti sre\u0107u nikada, bez obzira bili siroma\u0161ni ili bogati. Zamolite Allaha, d\u017e.\u0161., da vam oprosti ono \u0161to je bilo, a za u budu\u0107e se potrudite. Donesite \u010dvrstu odluku.\u201c \u2013 kazao je Glavni muftija.<\/p>\n<p style=\"text-align: center;\"><img decoding=\"async\" class=\"aligncenter\" src=\"http:\/\/mesihat.org\/images\/stories\/festival%20islama%202012%20-%20nvaros%20-%2030.7.2012\/fest_isl_nv%20%2822%29.jpg\" alt=\"\" \/><\/p>\n<p>Da li se, Bo\u0161nja\u010de, odri\u010de\u0161 slobode!?<\/p>\n<p>Muftija se osvrnuo i na pitanje slobode, tj. neslobode stanovnika Sand\u017eaka, posebno Bo\u0161njaka, te poru\u010dio Bo\u0161njacima da se sloboda ne daje ve\u0107 se uzima, tako da je svaki neslobodan Bo\u0161njak i krivac djelimi\u010dno za svoju neslobodu:<\/p>\n<p>\u201eZnam, vi osje\u0107ate da nemate potpunu slobodu ovdje u Varo\u0161i, kao i mi op\u0107enito u Sand\u017eaku. \u010cim mora\u0161 da pripazi\u0161 gdje \u0107e\u0161 glasno nazvati selam a gdje ne\u0107e\u0161, gdje \u0107e\u0161 ga nazvati a gdje ne\u0107e\u0161, zna\u010di da nema\u0161 slobodu. Ali, to \u0161to nema\u0161 slobodu mo\u017eda je do protivnika, a Boga mi je mo\u017eda i do tebe. Zato, provjerite da li je do vas. Da li se ti, Bo\u0161nja\u010de, muslimanu, odri\u010de\u0161 slobode i tamo gdje ti ne zabranjuju. Ali, to ne mo\u017ee\u0161 probati bez Allaha, d\u017eamije, d\u017eemata i posta. Ostat \u0107e\u0161 rob do vijeka.\u201c<\/p>\n<p>Bogat rob ne postoji<\/p>\n<p>\u201eI oni koji su potr\u010dali da prodaju nekoj partiji ili politici obraz i glas za dvadeset eura, mislite li da su danas sretni. Nisu! Oni gledaju u pod i posti\u0111eni su. Jer su se jako jeftino prodali. I sigurno se za to kaju. Ali vjerujte i oni koji su dobili radno mjesto tamo, ni oni nisu sretni. Jeste li ikada vidjeli bogatoga roba? Ne! Rob ne mo\u017ee biti bogat. Jer rob kada ne\u0161to zaradi on pripada svom robovlasniku sa onim \u0161to je zaradio.\u201c \u2013istakao je Glavni muftija.<\/p>\n<p>Ne mogu gledati kako moj narod propada<\/p>\n<p>\u201eNe znam za\u0161to se ljutim kada o ovome govorim. Ali, ne mogu da gledam kako moj narod propada. \u017dao mi je! Ka\u017eu mi: &#8216;Muftija, nisu te poslu\u0161ali&#8217;. Pa djeca roditelja ne poslu\u0161aju ba\u0161 uvijek. Ali kada ga god ne poslu\u0161aju, prevare se. Poslije govore: &#8216;Babo je bio u pravu&#8217;. Ali i kada ga ne poslu\u0161aju \u2013 Babo ostaje babo. I opet \u0107e tr\u010dati za djecom i spa\u0161avati ih. Naravno, ima pravo malo se poljutiti, zato dozvolite da se i ja po malo ljutim. Ali, razumijte jo\u0161 jednu stvar. Dok ovo \u010dinim, ja ispunjavam svoju obavezu. I ja moj sevab kada zavrim, ako Bog da, zaradih i odhoh. A vi va\u0161 sevab ho\u0107ete li uzeti ili ne, sami odlu\u010dite.\u201c \u2013 podvukao je Glavni muftija.<\/p>\n<p style=\"text-align: center;\"><img decoding=\"async\" class=\"aligncenter\" src=\"http:\/\/mesihat.org\/images\/stories\/festival%20islama%202012%20-%20nvaros%20-%2030.7.2012\/fest_isl_nv%20%2819%29.jpg\" alt=\"\" \/><\/p>\n<p>Dova<\/p>\n<p>Na kraju obra\u0107anja Muftija je uputio dovu Allahu, d\u017e.\u0161., za doma\u0107ine iftara, sve koji su u\u010destvovali u organizaciji iftara, prisutne goste jer su izdvojili vrijeme za zajedni\u010dko ramazansko dru\u017eenje, ali i dovu za sve vjernike koji nisu imali hrabrosti da prisustvuju Festivalu islama.<\/p>\n<p>\u201eMolim Gospodara da nam se smiluje, obaspe nas bereketom, da nam pomogne da na\u0161u djecu odgajamo u islamu. Molim Ga da Vas sviju nagradi, da nam podari snage i upute, da budemo samo njemu pokorni.<\/p>\n<p>Molim Allaha da nagradi organizatora, predvodnike Med\u017elisa IZ u Novoj Varo\u0161i, sa glavnim imamom i predsjednikom Med\u017elisa, \u010delnike BKZ-a koji su koorganizatori skupa, sve aktiviste koji su doprinijeli da do\u0111e do ovako dobro organiziranog skupa, da nagradi sve one koji su u\u010de\u0161\u0107em u spremanju iftara.<\/p>\n<p>Molim Allaha da sve vas uputi, ali i da uputi sve one koji nisu imali snage da do\u0111u ovdje ve\u010deras. Njima nije lahko. Oni znaju da im je ovdje mjesto, da im se Allah smiluje.\u201c<\/p>\n<p>Dovu za hairli zavr\u0161etak manifestacije prou\u010dio je dekan Fakulteta za islamske studije hfz. dr. Almir Pramenkovi\u0107.<\/p>\n<p>(Me\u0161ihat)<\/p>\n","protected":false},"excerpt":{"rendered":"<p>Nova Varo\u0161 &#8211; U ponedjeljak, 30. 7. 2012. godine, u dvori\u0161tu Vakufske zgrade u Novoj Varo\u0161i uprili\u010dena je prigodna ramazanska sve\u010danost i zajedni\u010dki iftar u sklopu manifestacije \u201eFestival islama\u201c koju organiziraju Bo\u0161nja\u010dka kulturna zajednica, CHR \u201eHajrat\u201c i IKC \u201eAltun alem\u201c a pod pokroviteljstvom Me\u0161ihata Islamke zajednice u Srbiji. Sve\u010danost je otpo\u010dela u 19h, nastupom hora [&hellip;]<\/p>\n","protected":false},"author":83,"featured_media":46626,"comment_status":"open","ping_status":"open","sticky":false,"template":"","format":"standard","meta":{"footnotes":""},"categories":[800,394,8957],"tags":[],"class_list":{"0":"post-46625","1":"post","2":"type-post","3":"status-publish","4":"format-standard","5":"has-post-thumbnail","7":"category-nacija","8":"category-nova-varos","9":"category-vijesti-dana"},"yoast_head":"<!-- This site is optimized with the Yoast SEO Premium plugin v23.1 (Yoast SEO v24.9) - https:\/\/yoast.com\/wordpress\/plugins\/seo\/ -->\n<title>Festival islama u Novoj Varo\u0161i (Foto)<\/title>\n<meta name=\"robots\" content=\"index, follow, max-snippet:-1, max-image-preview:large, max-video-preview:-1\" \/>\n<link rel=\"canonical\" href=\"https:\/\/sandzakpress.net\/arhiva\/festival-islama-u-novoj-varosi-foto-2\/\" \/>\n<meta property=\"og:locale\" content=\"bs_BA\" \/>\n<meta property=\"og:type\" content=\"article\" \/>\n<meta property=\"og:title\" content=\"Festival islama u Novoj Varo\u0161i (Foto)\" \/>\n<meta property=\"og:description\" content=\"Nova Varo\u0161 &#8211; U ponedjeljak, 30. 7. 2012. godine, u dvori\u0161tu Vakufske zgrade u Novoj Varo\u0161i uprili\u010dena je prigodna ramazanska sve\u010danost i zajedni\u010dki iftar u sklopu manifestacije \u201eFestival islama\u201c koju organiziraju Bo\u0161nja\u010dka kulturna zajednica, CHR \u201eHajrat\u201c i IKC \u201eAltun alem\u201c a pod pokroviteljstvom Me\u0161ihata Islamke zajednice u Srbiji. Sve\u010danost je otpo\u010dela u 19h, nastupom hora [&hellip;]\" \/>\n<meta property=\"og:url\" content=\"https:\/\/sandzakpress.net\/arhiva\/festival-islama-u-novoj-varosi-foto-2\/\" \/>\n<meta property=\"og:site_name\" content=\"Sand\u017eak PRESS\" \/>\n<meta property=\"article:published_time\" content=\"2012-07-31T13:36:27+00:00\" \/>\n<meta property=\"og:image\" content=\"https:\/\/sandzakpress.net\/arhiva\/wp-content\/uploads\/2012\/07\/fest_isl_nv-07.jpg\" \/>\n\t<meta property=\"og:image:width\" content=\"616\" \/>\n\t<meta property=\"og:image:height\" content=\"409\" \/>\n\t<meta property=\"og:image:type\" content=\"image\/jpeg\" \/>\n<meta name=\"author\" content=\"bosniak\" \/>\n<meta name=\"twitter:card\" content=\"summary_large_image\" \/>\n<meta name=\"twitter:label1\" content=\"Written by\" \/>\n\t<meta name=\"twitter:data1\" content=\"bosniak\" \/>\n\t<meta name=\"twitter:label2\" content=\"Est. reading time\" \/>\n\t<meta name=\"twitter:data2\" content=\"6 minuta\" \/>\n<script type=\"application\/ld+json\" class=\"yoast-schema-graph\">{\"@context\":\"https:\/\/schema.org\",\"@graph\":[{\"@type\":\"Article\",\"@id\":\"https:\/\/sandzakpress.net\/arhiva\/festival-islama-u-novoj-varosi-foto-2\/#article\",\"isPartOf\":{\"@id\":\"https:\/\/sandzakpress.net\/arhiva\/festival-islama-u-novoj-varosi-foto-2\/\"},\"author\":{\"name\":\"bosniak\",\"@id\":\"https:\/\/sandzakpress.net\/arhiva\/#\/schema\/person\/c8baee722073534b583ea7bdb2e36c02\"},\"headline\":\"Festival islama u Novoj Varo\u0161i (Foto)\",\"datePublished\":\"2012-07-31T13:36:27+00:00\",\"mainEntityOfPage\":{\"@id\":\"https:\/\/sandzakpress.net\/arhiva\/festival-islama-u-novoj-varosi-foto-2\/\"},\"wordCount\":1122,\"commentCount\":1,\"publisher\":{\"@id\":\"https:\/\/sandzakpress.net\/arhiva\/#\/schema\/person\/6e72b67d6e51910a1117b3b483ba20bd\"},\"image\":{\"@id\":\"https:\/\/sandzakpress.net\/arhiva\/festival-islama-u-novoj-varosi-foto-2\/#primaryimage\"},\"thumbnailUrl\":\"https:\/\/sandzakpress.net\/arhiva\/wp-content\/uploads\/2012\/07\/fest_isl_nv-07.jpg\",\"articleSection\":[\"Nacija\",\"Nova Varo\u0161\",\"VIJESTI DANA\"],\"inLanguage\":\"bs-BA\",\"potentialAction\":[{\"@type\":\"CommentAction\",\"name\":\"Comment\",\"target\":[\"https:\/\/sandzakpress.net\/arhiva\/festival-islama-u-novoj-varosi-foto-2\/#respond\"]}]},{\"@type\":\"WebPage\",\"@id\":\"https:\/\/sandzakpress.net\/arhiva\/festival-islama-u-novoj-varosi-foto-2\/\",\"url\":\"https:\/\/sandzakpress.net\/arhiva\/festival-islama-u-novoj-varosi-foto-2\/\",\"name\":\"Festival islama u Novoj Varo\u0161i (Foto)\",\"isPartOf\":{\"@id\":\"https:\/\/sandzakpress.net\/arhiva\/#website\"},\"primaryImageOfPage\":{\"@id\":\"https:\/\/sandzakpress.net\/arhiva\/festival-islama-u-novoj-varosi-foto-2\/#primaryimage\"},\"image\":{\"@id\":\"https:\/\/sandzakpress.net\/arhiva\/festival-islama-u-novoj-varosi-foto-2\/#primaryimage\"},\"thumbnailUrl\":\"https:\/\/sandzakpress.net\/arhiva\/wp-content\/uploads\/2012\/07\/fest_isl_nv-07.jpg\",\"datePublished\":\"2012-07-31T13:36:27+00:00\",\"breadcrumb\":{\"@id\":\"https:\/\/sandzakpress.net\/arhiva\/festival-islama-u-novoj-varosi-foto-2\/#breadcrumb\"},\"inLanguage\":\"bs-BA\",\"potentialAction\":[{\"@type\":\"ReadAction\",\"target\":[\"https:\/\/sandzakpress.net\/arhiva\/festival-islama-u-novoj-varosi-foto-2\/\"]}]},{\"@type\":\"ImageObject\",\"inLanguage\":\"bs-BA\",\"@id\":\"https:\/\/sandzakpress.net\/arhiva\/festival-islama-u-novoj-varosi-foto-2\/#primaryimage\",\"url\":\"https:\/\/sandzakpress.net\/arhiva\/wp-content\/uploads\/2012\/07\/fest_isl_nv-07.jpg\",\"contentUrl\":\"https:\/\/sandzakpress.net\/arhiva\/wp-content\/uploads\/2012\/07\/fest_isl_nv-07.jpg\",\"width\":616,\"height\":409},{\"@type\":\"BreadcrumbList\",\"@id\":\"https:\/\/sandzakpress.net\/arhiva\/festival-islama-u-novoj-varosi-foto-2\/#breadcrumb\",\"itemListElement\":[{\"@type\":\"ListItem\",\"position\":1,\"name\":\"Home\",\"item\":\"https:\/\/sandzakpress.net\/arhiva\/\"},{\"@type\":\"ListItem\",\"position\":2,\"name\":\"Festival islama u Novoj Varo\u0161i (Foto)\"}]},{\"@type\":\"WebSite\",\"@id\":\"https:\/\/sandzakpress.net\/arhiva\/#website\",\"url\":\"https:\/\/sandzakpress.net\/arhiva\/\",\"name\":\"Sand\u017eak PRESS\",\"description\":\"Prve elektronske novine u Sand\u017eaku\",\"publisher\":{\"@id\":\"https:\/\/sandzakpress.net\/arhiva\/#\/schema\/person\/6e72b67d6e51910a1117b3b483ba20bd\"},\"potentialAction\":[{\"@type\":\"SearchAction\",\"target\":{\"@type\":\"EntryPoint\",\"urlTemplate\":\"https:\/\/sandzakpress.net\/arhiva\/?s={search_term_string}\"},\"query-input\":{\"@type\":\"PropertyValueSpecification\",\"valueRequired\":true,\"valueName\":\"search_term_string\"}}],\"inLanguage\":\"bs-BA\"},{\"@type\":[\"Person\",\"Organization\"],\"@id\":\"https:\/\/sandzakpress.net\/arhiva\/#\/schema\/person\/6e72b67d6e51910a1117b3b483ba20bd\",\"name\":\"Kul\",\"image\":{\"@type\":\"ImageObject\",\"inLanguage\":\"bs-BA\",\"@id\":\"https:\/\/sandzakpress.net\/arhiva\/#\/schema\/person\/image\/\",\"url\":\"https:\/\/secure.gravatar.com\/avatar\/42263f39aa27ac04c43cab85c280eb2e?s=96&d=mm&r=pg\",\"contentUrl\":\"https:\/\/secure.gravatar.com\/avatar\/42263f39aa27ac04c43cab85c280eb2e?s=96&d=mm&r=pg\",\"caption\":\"Kul\"},\"logo\":{\"@id\":\"https:\/\/sandzakpress.net\/arhiva\/#\/schema\/person\/image\/\"}},{\"@type\":\"Person\",\"@id\":\"https:\/\/sandzakpress.net\/arhiva\/#\/schema\/person\/c8baee722073534b583ea7bdb2e36c02\",\"name\":\"bosniak\",\"image\":{\"@type\":\"ImageObject\",\"inLanguage\":\"bs-BA\",\"@id\":\"https:\/\/sandzakpress.net\/arhiva\/#\/schema\/person\/image\/\",\"url\":\"https:\/\/secure.gravatar.com\/avatar\/a04fd330bfe3a36a72a0ad4a6d89fca7?s=96&d=mm&r=pg\",\"contentUrl\":\"https:\/\/secure.gravatar.com\/avatar\/a04fd330bfe3a36a72a0ad4a6d89fca7?s=96&d=mm&r=pg\",\"caption\":\"bosniak\"},\"url\":\"https:\/\/sandzakpress.net\/arhiva\/author\/bosniak\/\"}]}<\/script>\n<!-- \/ Yoast SEO Premium plugin. -->","yoast_head_json":{"title":"Festival islama u Novoj Varo\u0161i (Foto)","robots":{"index":"index","follow":"follow","max-snippet":"max-snippet:-1","max-image-preview":"max-image-preview:large","max-video-preview":"max-video-preview:-1"},"canonical":"https:\/\/sandzakpress.net\/arhiva\/festival-islama-u-novoj-varosi-foto-2\/","og_locale":"bs_BA","og_type":"article","og_title":"Festival islama u Novoj Varo\u0161i (Foto)","og_description":"Nova Varo\u0161 &#8211; U ponedjeljak, 30. 7. 2012. godine, u dvori\u0161tu Vakufske zgrade u Novoj Varo\u0161i uprili\u010dena je prigodna ramazanska sve\u010danost i zajedni\u010dki iftar u sklopu manifestacije \u201eFestival islama\u201c koju organiziraju Bo\u0161nja\u010dka kulturna zajednica, CHR \u201eHajrat\u201c i IKC \u201eAltun alem\u201c a pod pokroviteljstvom Me\u0161ihata Islamke zajednice u Srbiji. Sve\u010danost je otpo\u010dela u 19h, nastupom hora [&hellip;]","og_url":"https:\/\/sandzakpress.net\/arhiva\/festival-islama-u-novoj-varosi-foto-2\/","og_site_name":"Sand\u017eak PRESS","article_published_time":"2012-07-31T13:36:27+00:00","og_image":[{"width":616,"height":409,"url":"https:\/\/sandzakpress.net\/arhiva\/wp-content\/uploads\/2012\/07\/fest_isl_nv-07.jpg","type":"image\/jpeg"}],"author":"bosniak","twitter_card":"summary_large_image","twitter_misc":{"Written by":"bosniak","Est. reading time":"6 minuta"},"schema":{"@context":"https:\/\/schema.org","@graph":[{"@type":"Article","@id":"https:\/\/sandzakpress.net\/arhiva\/festival-islama-u-novoj-varosi-foto-2\/#article","isPartOf":{"@id":"https:\/\/sandzakpress.net\/arhiva\/festival-islama-u-novoj-varosi-foto-2\/"},"author":{"name":"bosniak","@id":"https:\/\/sandzakpress.net\/arhiva\/#\/schema\/person\/c8baee722073534b583ea7bdb2e36c02"},"headline":"Festival islama u Novoj Varo\u0161i (Foto)","datePublished":"2012-07-31T13:36:27+00:00","mainEntityOfPage":{"@id":"https:\/\/sandzakpress.net\/arhiva\/festival-islama-u-novoj-varosi-foto-2\/"},"wordCount":1122,"commentCount":1,"publisher":{"@id":"https:\/\/sandzakpress.net\/arhiva\/#\/schema\/person\/6e72b67d6e51910a1117b3b483ba20bd"},"image":{"@id":"https:\/\/sandzakpress.net\/arhiva\/festival-islama-u-novoj-varosi-foto-2\/#primaryimage"},"thumbnailUrl":"https:\/\/sandzakpress.net\/arhiva\/wp-content\/uploads\/2012\/07\/fest_isl_nv-07.jpg","articleSection":["Nacija","Nova Varo\u0161","VIJESTI DANA"],"inLanguage":"bs-BA","potentialAction":[{"@type":"CommentAction","name":"Comment","target":["https:\/\/sandzakpress.net\/arhiva\/festival-islama-u-novoj-varosi-foto-2\/#respond"]}]},{"@type":"WebPage","@id":"https:\/\/sandzakpress.net\/arhiva\/festival-islama-u-novoj-varosi-foto-2\/","url":"https:\/\/sandzakpress.net\/arhiva\/festival-islama-u-novoj-varosi-foto-2\/","name":"Festival islama u Novoj Varo\u0161i (Foto)","isPartOf":{"@id":"https:\/\/sandzakpress.net\/arhiva\/#website"},"primaryImageOfPage":{"@id":"https:\/\/sandzakpress.net\/arhiva\/festival-islama-u-novoj-varosi-foto-2\/#primaryimage"},"image":{"@id":"https:\/\/sandzakpress.net\/arhiva\/festival-islama-u-novoj-varosi-foto-2\/#primaryimage"},"thumbnailUrl":"https:\/\/sandzakpress.net\/arhiva\/wp-content\/uploads\/2012\/07\/fest_isl_nv-07.jpg","datePublished":"2012-07-31T13:36:27+00:00","breadcrumb":{"@id":"https:\/\/sandzakpress.net\/arhiva\/festival-islama-u-novoj-varosi-foto-2\/#breadcrumb"},"inLanguage":"bs-BA","potentialAction":[{"@type":"ReadAction","target":["https:\/\/sandzakpress.net\/arhiva\/festival-islama-u-novoj-varosi-foto-2\/"]}]},{"@type":"ImageObject","inLanguage":"bs-BA","@id":"https:\/\/sandzakpress.net\/arhiva\/festival-islama-u-novoj-varosi-foto-2\/#primaryimage","url":"https:\/\/sandzakpress.net\/arhiva\/wp-content\/uploads\/2012\/07\/fest_isl_nv-07.jpg","contentUrl":"https:\/\/sandzakpress.net\/arhiva\/wp-content\/uploads\/2012\/07\/fest_isl_nv-07.jpg","width":616,"height":409},{"@type":"BreadcrumbList","@id":"https:\/\/sandzakpress.net\/arhiva\/festival-islama-u-novoj-varosi-foto-2\/#breadcrumb","itemListElement":[{"@type":"ListItem","position":1,"name":"Home","item":"https:\/\/sandzakpress.net\/arhiva\/"},{"@type":"ListItem","position":2,"name":"Festival islama u Novoj Varo\u0161i (Foto)"}]},{"@type":"WebSite","@id":"https:\/\/sandzakpress.net\/arhiva\/#website","url":"https:\/\/sandzakpress.net\/arhiva\/","name":"Sand\u017eak PRESS","description":"Prve elektronske novine u Sand\u017eaku","publisher":{"@id":"https:\/\/sandzakpress.net\/arhiva\/#\/schema\/person\/6e72b67d6e51910a1117b3b483ba20bd"},"potentialAction":[{"@type":"SearchAction","target":{"@type":"EntryPoint","urlTemplate":"https:\/\/sandzakpress.net\/arhiva\/?s={search_term_string}"},"query-input":{"@type":"PropertyValueSpecification","valueRequired":true,"valueName":"search_term_string"}}],"inLanguage":"bs-BA"},{"@type":["Person","Organization"],"@id":"https:\/\/sandzakpress.net\/arhiva\/#\/schema\/person\/6e72b67d6e51910a1117b3b483ba20bd","name":"Kul","image":{"@type":"ImageObject","inLanguage":"bs-BA","@id":"https:\/\/sandzakpress.net\/arhiva\/#\/schema\/person\/image\/","url":"https:\/\/secure.gravatar.com\/avatar\/42263f39aa27ac04c43cab85c280eb2e?s=96&d=mm&r=pg","contentUrl":"https:\/\/secure.gravatar.com\/avatar\/42263f39aa27ac04c43cab85c280eb2e?s=96&d=mm&r=pg","caption":"Kul"},"logo":{"@id":"https:\/\/sandzakpress.net\/arhiva\/#\/schema\/person\/image\/"}},{"@type":"Person","@id":"https:\/\/sandzakpress.net\/arhiva\/#\/schema\/person\/c8baee722073534b583ea7bdb2e36c02","name":"bosniak","image":{"@type":"ImageObject","inLanguage":"bs-BA","@id":"https:\/\/sandzakpress.net\/arhiva\/#\/schema\/person\/image\/","url":"https:\/\/secure.gravatar.com\/avatar\/a04fd330bfe3a36a72a0ad4a6d89fca7?s=96&d=mm&r=pg","contentUrl":"https:\/\/secure.gravatar.com\/avatar\/a04fd330bfe3a36a72a0ad4a6d89fca7?s=96&d=mm&r=pg","caption":"bosniak"},"url":"https:\/\/sandzakpress.net\/arhiva\/author\/bosniak\/"}]}},"_links":{"self":[{"href":"https:\/\/sandzakpress.net\/arhiva\/wp-json\/wp\/v2\/posts\/46625"}],"collection":[{"href":"https:\/\/sandzakpress.net\/arhiva\/wp-json\/wp\/v2\/posts"}],"about":[{"href":"https:\/\/sandzakpress.net\/arhiva\/wp-json\/wp\/v2\/types\/post"}],"author":[{"embeddable":true,"href":"https:\/\/sandzakpress.net\/arhiva\/wp-json\/wp\/v2\/users\/83"}],"replies":[{"embeddable":true,"href":"https:\/\/sandzakpress.net\/arhiva\/wp-json\/wp\/v2\/comments?post=46625"}],"version-history":[{"count":0,"href":"https:\/\/sandzakpress.net\/arhiva\/wp-json\/wp\/v2\/posts\/46625\/revisions"}],"wp:featuredmedia":[{"embeddable":true,"href":"https:\/\/sandzakpress.net\/arhiva\/wp-json\/wp\/v2\/media\/46626"}],"wp:attachment":[{"href":"https:\/\/sandzakpress.net\/arhiva\/wp-json\/wp\/v2\/media?parent=46625"}],"wp:term":[{"taxonomy":"category","embeddable":true,"href":"https:\/\/sandzakpress.net\/arhiva\/wp-json\/wp\/v2\/categories?post=46625"},{"taxonomy":"post_tag","embeddable":true,"href":"https:\/\/sandzakpress.net\/arhiva\/wp-json\/wp\/v2\/tags?post=46625"}],"curies":[{"name":"wp","href":"https:\/\/api.w.org\/{rel}","templated":true}]}}