{"id":46520,"date":"2012-07-30T16:35:51","date_gmt":"2012-07-30T14:35:51","guid":{"rendered":"https:\/\/sandzakpress.net\/arhiva\/?p=46520"},"modified":"2012-07-30T16:35:51","modified_gmt":"2012-07-30T14:35:51","slug":"tezak-ramazan-za-muslimane-iz-burme","status":"publish","type":"post","link":"https:\/\/sandzakpress.net\/arhiva\/tezak-ramazan-za-muslimane-iz-burme\/","title":{"rendered":"Te\u017eak ramazan za muslimane iz Burme"},"content":{"rendered":"<p><a href=\"https:\/\/sandzakpress.net\/arhiva\/wp-content\/uploads\/2012\/07\/copyright_aabadoluajansi_2012_201207301432151.jpg\"><img loading=\"lazy\" decoding=\"async\" class=\"aligncenter size-full wp-image-46522\" title=\"copyright_aabadoluajansi_2012_20120730143215\" src=\"https:\/\/sandzakpress.net\/arhiva\/wp-content\/uploads\/2012\/07\/copyright_aabadoluajansi_2012_201207301432151.jpg\" alt=\"\" width=\"616\" height=\"429\" \/><\/a><\/p>\n<p><strong>Burma &#8211; Pri\u010da o tri \u017eene, protjerane iz svojih domova u Mijanmaru, koje su brodom uspjele pobje\u0107i u Banglade\u0161 nastavlja se u &#8220;izbjegli\u010dkoj&#8221; zemlji.<\/strong><\/p>\n<p>Slike tro\u0161ne kolibe, u kojoj tri hrabre \u017eene poku\u0161avaju prehraniti jo\u0161 nejaku djecu, nerijetka su pojava u izbjegli\u010dkim kampovima u Banglade\u0161u, gdje su smje\u0161teni Mijanmarski muslimani, nakon \u0161to su pre\u017eivjeli pokolj u svojoj zemlji.<\/p>\n<p>Da bi spasili svoje \u017eivote Rohingya muslimani bje\u017ee u Banglade\u0161 gdje i nisu najbolje do\u010dekani. Mjesec ramazan provode u te\u0161kim uslovima, bez stalnog i pristojnog mjesta za stanovanje, nedostatku sigurnosti i prehrambenih proizvoda.<\/p>\n<p>Hiljade Rohingya muslimana zbog straha od policije ne odlazi u izbjegli\u010dke logore nego se skrivaju u selima Cox Bazara i osamljenim ulicama.<\/p>\n<p>Hamide, Reyhana i Arafa su samo neke od onih koji spas tra\u017ee u Banglade\u0161u. \u017dive u kolibama sa djecom i zbog straha da ih ne uhvati lokalna policija i ne vrati u Mijanmar one ne izlaze van.<br \/>\n\u017dive zajedno u jednoj prostoriji u kojoj kuhaju, peru i spavaju. Spavaju na vre\u0107ama postavljenim na tlo. Izvr\u0161avanje vjerskih du\u017enosti u ovim te\u0161kim uslovima je gotovo nemogu\u0107, me\u0111utim, one se dr\u017ee svojih navika. Sehure i iftare sa nemasnom i neslanom ri\u017eom.<\/p>\n<p>Mijanmarski muslimani, njih oko 2,5 miliona, \u010dine pet posto od ukupnog broja stanovnika u ovoj zemlji. Ovda\u0161nji muslimani izlo\u017eeni su nasilju, a prema izvje\u0161tajima UN-a, najugro\u017eenija su manjina na svijetu.<\/p>\n<p>(Anadolu)<\/p>\n","protected":false},"excerpt":{"rendered":"<p>Burma &#8211; Pri\u010da o tri \u017eene, protjerane iz svojih domova u Mijanmaru, koje su brodom uspjele pobje\u0107i u Banglade\u0161 nastavlja se u &#8220;izbjegli\u010dkoj&#8221; zemlji. Slike tro\u0161ne kolibe, u kojoj tri hrabre \u017eene poku\u0161avaju prehraniti jo\u0161 nejaku djecu, nerijetka su pojava u izbjegli\u010dkim kampovima u Banglade\u0161u, gdje su smje\u0161teni Mijanmarski muslimani, nakon \u0161to su pre\u017eivjeli pokolj [&hellip;]<\/p>\n","protected":false},"author":83,"featured_media":46522,"comment_status":"open","ping_status":"open","sticky":false,"template":"","format":"standard","meta":{"footnotes":""},"categories":[9,8957],"tags":[],"class_list":{"0":"post-46520","1":"post","2":"type-post","3":"status-publish","4":"format-standard","5":"has-post-thumbnail","7":"category-svijet","8":"category-vijesti-dana"},"yoast_head":"<!-- This site is optimized with the Yoast SEO Premium plugin v23.1 (Yoast SEO v24.9) - https:\/\/yoast.com\/wordpress\/plugins\/seo\/ -->\n<title>Te\u017eak ramazan za muslimane iz Burme<\/title>\n<meta name=\"robots\" content=\"index, follow, max-snippet:-1, max-image-preview:large, max-video-preview:-1\" \/>\n<link rel=\"canonical\" href=\"https:\/\/sandzakpress.net\/arhiva\/tezak-ramazan-za-muslimane-iz-burme\/\" \/>\n<meta property=\"og:locale\" content=\"bs_BA\" \/>\n<meta property=\"og:type\" content=\"article\" \/>\n<meta property=\"og:title\" content=\"Te\u017eak ramazan za muslimane iz Burme\" \/>\n<meta property=\"og:description\" content=\"Burma &#8211; Pri\u010da o tri \u017eene, protjerane iz svojih domova u Mijanmaru, koje su brodom uspjele pobje\u0107i u Banglade\u0161 nastavlja se u &#8220;izbjegli\u010dkoj&#8221; zemlji. Slike tro\u0161ne kolibe, u kojoj tri hrabre \u017eene poku\u0161avaju prehraniti jo\u0161 nejaku djecu, nerijetka su pojava u izbjegli\u010dkim kampovima u Banglade\u0161u, gdje su smje\u0161teni Mijanmarski muslimani, nakon \u0161to su pre\u017eivjeli pokolj [&hellip;]\" \/>\n<meta property=\"og:url\" content=\"https:\/\/sandzakpress.net\/arhiva\/tezak-ramazan-za-muslimane-iz-burme\/\" \/>\n<meta property=\"og:site_name\" content=\"Sand\u017eak PRESS\" \/>\n<meta property=\"article:published_time\" content=\"2012-07-30T14:35:51+00:00\" \/>\n<meta property=\"og:image\" content=\"https:\/\/sandzakpress.net\/arhiva\/wp-content\/uploads\/2012\/07\/copyright_aabadoluajansi_2012_201207301432151.jpg\" \/>\n\t<meta property=\"og:image:width\" content=\"616\" \/>\n\t<meta property=\"og:image:height\" content=\"429\" \/>\n\t<meta property=\"og:image:type\" content=\"image\/jpeg\" \/>\n<meta name=\"author\" content=\"bosniak\" \/>\n<meta name=\"twitter:card\" content=\"summary_large_image\" \/>\n<meta name=\"twitter:label1\" content=\"Written by\" \/>\n\t<meta name=\"twitter:data1\" content=\"bosniak\" \/>\n\t<meta name=\"twitter:label2\" content=\"Est. reading time\" \/>\n\t<meta name=\"twitter:data2\" content=\"1 minuta\" \/>\n<script type=\"application\/ld+json\" class=\"yoast-schema-graph\">{\"@context\":\"https:\/\/schema.org\",\"@graph\":[{\"@type\":\"Article\",\"@id\":\"https:\/\/sandzakpress.net\/arhiva\/tezak-ramazan-za-muslimane-iz-burme\/#article\",\"isPartOf\":{\"@id\":\"https:\/\/sandzakpress.net\/arhiva\/tezak-ramazan-za-muslimane-iz-burme\/\"},\"author\":{\"name\":\"bosniak\",\"@id\":\"https:\/\/sandzakpress.net\/arhiva\/#\/schema\/person\/c8baee722073534b583ea7bdb2e36c02\"},\"headline\":\"Te\u017eak ramazan za muslimane iz Burme\",\"datePublished\":\"2012-07-30T14:35:51+00:00\",\"mainEntityOfPage\":{\"@id\":\"https:\/\/sandzakpress.net\/arhiva\/tezak-ramazan-za-muslimane-iz-burme\/\"},\"wordCount\":254,\"commentCount\":0,\"publisher\":{\"@id\":\"https:\/\/sandzakpress.net\/arhiva\/#\/schema\/person\/6e72b67d6e51910a1117b3b483ba20bd\"},\"image\":{\"@id\":\"https:\/\/sandzakpress.net\/arhiva\/tezak-ramazan-za-muslimane-iz-burme\/#primaryimage\"},\"thumbnailUrl\":\"https:\/\/sandzakpress.net\/arhiva\/wp-content\/uploads\/2012\/07\/copyright_aabadoluajansi_2012_201207301432151.jpg\",\"articleSection\":[\"Svijet\",\"VIJESTI DANA\"],\"inLanguage\":\"bs-BA\",\"potentialAction\":[{\"@type\":\"CommentAction\",\"name\":\"Comment\",\"target\":[\"https:\/\/sandzakpress.net\/arhiva\/tezak-ramazan-za-muslimane-iz-burme\/#respond\"]}]},{\"@type\":\"WebPage\",\"@id\":\"https:\/\/sandzakpress.net\/arhiva\/tezak-ramazan-za-muslimane-iz-burme\/\",\"url\":\"https:\/\/sandzakpress.net\/arhiva\/tezak-ramazan-za-muslimane-iz-burme\/\",\"name\":\"Te\u017eak ramazan za muslimane iz Burme\",\"isPartOf\":{\"@id\":\"https:\/\/sandzakpress.net\/arhiva\/#website\"},\"primaryImageOfPage\":{\"@id\":\"https:\/\/sandzakpress.net\/arhiva\/tezak-ramazan-za-muslimane-iz-burme\/#primaryimage\"},\"image\":{\"@id\":\"https:\/\/sandzakpress.net\/arhiva\/tezak-ramazan-za-muslimane-iz-burme\/#primaryimage\"},\"thumbnailUrl\":\"https:\/\/sandzakpress.net\/arhiva\/wp-content\/uploads\/2012\/07\/copyright_aabadoluajansi_2012_201207301432151.jpg\",\"datePublished\":\"2012-07-30T14:35:51+00:00\",\"breadcrumb\":{\"@id\":\"https:\/\/sandzakpress.net\/arhiva\/tezak-ramazan-za-muslimane-iz-burme\/#breadcrumb\"},\"inLanguage\":\"bs-BA\",\"potentialAction\":[{\"@type\":\"ReadAction\",\"target\":[\"https:\/\/sandzakpress.net\/arhiva\/tezak-ramazan-za-muslimane-iz-burme\/\"]}]},{\"@type\":\"ImageObject\",\"inLanguage\":\"bs-BA\",\"@id\":\"https:\/\/sandzakpress.net\/arhiva\/tezak-ramazan-za-muslimane-iz-burme\/#primaryimage\",\"url\":\"https:\/\/sandzakpress.net\/arhiva\/wp-content\/uploads\/2012\/07\/copyright_aabadoluajansi_2012_201207301432151.jpg\",\"contentUrl\":\"https:\/\/sandzakpress.net\/arhiva\/wp-content\/uploads\/2012\/07\/copyright_aabadoluajansi_2012_201207301432151.jpg\",\"width\":616,\"height\":429},{\"@type\":\"BreadcrumbList\",\"@id\":\"https:\/\/sandzakpress.net\/arhiva\/tezak-ramazan-za-muslimane-iz-burme\/#breadcrumb\",\"itemListElement\":[{\"@type\":\"ListItem\",\"position\":1,\"name\":\"Home\",\"item\":\"https:\/\/sandzakpress.net\/arhiva\/\"},{\"@type\":\"ListItem\",\"position\":2,\"name\":\"Te\u017eak ramazan za muslimane iz Burme\"}]},{\"@type\":\"WebSite\",\"@id\":\"https:\/\/sandzakpress.net\/arhiva\/#website\",\"url\":\"https:\/\/sandzakpress.net\/arhiva\/\",\"name\":\"Sand\u017eak PRESS\",\"description\":\"Prve elektronske novine u Sand\u017eaku\",\"publisher\":{\"@id\":\"https:\/\/sandzakpress.net\/arhiva\/#\/schema\/person\/6e72b67d6e51910a1117b3b483ba20bd\"},\"potentialAction\":[{\"@type\":\"SearchAction\",\"target\":{\"@type\":\"EntryPoint\",\"urlTemplate\":\"https:\/\/sandzakpress.net\/arhiva\/?s={search_term_string}\"},\"query-input\":{\"@type\":\"PropertyValueSpecification\",\"valueRequired\":true,\"valueName\":\"search_term_string\"}}],\"inLanguage\":\"bs-BA\"},{\"@type\":[\"Person\",\"Organization\"],\"@id\":\"https:\/\/sandzakpress.net\/arhiva\/#\/schema\/person\/6e72b67d6e51910a1117b3b483ba20bd\",\"name\":\"Kul\",\"image\":{\"@type\":\"ImageObject\",\"inLanguage\":\"bs-BA\",\"@id\":\"https:\/\/sandzakpress.net\/arhiva\/#\/schema\/person\/image\/\",\"url\":\"https:\/\/secure.gravatar.com\/avatar\/42263f39aa27ac04c43cab85c280eb2e?s=96&d=mm&r=pg\",\"contentUrl\":\"https:\/\/secure.gravatar.com\/avatar\/42263f39aa27ac04c43cab85c280eb2e?s=96&d=mm&r=pg\",\"caption\":\"Kul\"},\"logo\":{\"@id\":\"https:\/\/sandzakpress.net\/arhiva\/#\/schema\/person\/image\/\"}},{\"@type\":\"Person\",\"@id\":\"https:\/\/sandzakpress.net\/arhiva\/#\/schema\/person\/c8baee722073534b583ea7bdb2e36c02\",\"name\":\"bosniak\",\"image\":{\"@type\":\"ImageObject\",\"inLanguage\":\"bs-BA\",\"@id\":\"https:\/\/sandzakpress.net\/arhiva\/#\/schema\/person\/image\/\",\"url\":\"https:\/\/secure.gravatar.com\/avatar\/a04fd330bfe3a36a72a0ad4a6d89fca7?s=96&d=mm&r=pg\",\"contentUrl\":\"https:\/\/secure.gravatar.com\/avatar\/a04fd330bfe3a36a72a0ad4a6d89fca7?s=96&d=mm&r=pg\",\"caption\":\"bosniak\"},\"url\":\"https:\/\/sandzakpress.net\/arhiva\/author\/bosniak\/\"}]}<\/script>\n<!-- \/ Yoast SEO Premium plugin. -->","yoast_head_json":{"title":"Te\u017eak ramazan za muslimane iz Burme","robots":{"index":"index","follow":"follow","max-snippet":"max-snippet:-1","max-image-preview":"max-image-preview:large","max-video-preview":"max-video-preview:-1"},"canonical":"https:\/\/sandzakpress.net\/arhiva\/tezak-ramazan-za-muslimane-iz-burme\/","og_locale":"bs_BA","og_type":"article","og_title":"Te\u017eak ramazan za muslimane iz Burme","og_description":"Burma &#8211; Pri\u010da o tri \u017eene, protjerane iz svojih domova u Mijanmaru, koje su brodom uspjele pobje\u0107i u Banglade\u0161 nastavlja se u &#8220;izbjegli\u010dkoj&#8221; zemlji. Slike tro\u0161ne kolibe, u kojoj tri hrabre \u017eene poku\u0161avaju prehraniti jo\u0161 nejaku djecu, nerijetka su pojava u izbjegli\u010dkim kampovima u Banglade\u0161u, gdje su smje\u0161teni Mijanmarski muslimani, nakon \u0161to su pre\u017eivjeli pokolj [&hellip;]","og_url":"https:\/\/sandzakpress.net\/arhiva\/tezak-ramazan-za-muslimane-iz-burme\/","og_site_name":"Sand\u017eak PRESS","article_published_time":"2012-07-30T14:35:51+00:00","og_image":[{"width":616,"height":429,"url":"https:\/\/sandzakpress.net\/arhiva\/wp-content\/uploads\/2012\/07\/copyright_aabadoluajansi_2012_201207301432151.jpg","type":"image\/jpeg"}],"author":"bosniak","twitter_card":"summary_large_image","twitter_misc":{"Written by":"bosniak","Est. reading time":"1 minuta"},"schema":{"@context":"https:\/\/schema.org","@graph":[{"@type":"Article","@id":"https:\/\/sandzakpress.net\/arhiva\/tezak-ramazan-za-muslimane-iz-burme\/#article","isPartOf":{"@id":"https:\/\/sandzakpress.net\/arhiva\/tezak-ramazan-za-muslimane-iz-burme\/"},"author":{"name":"bosniak","@id":"https:\/\/sandzakpress.net\/arhiva\/#\/schema\/person\/c8baee722073534b583ea7bdb2e36c02"},"headline":"Te\u017eak ramazan za muslimane iz Burme","datePublished":"2012-07-30T14:35:51+00:00","mainEntityOfPage":{"@id":"https:\/\/sandzakpress.net\/arhiva\/tezak-ramazan-za-muslimane-iz-burme\/"},"wordCount":254,"commentCount":0,"publisher":{"@id":"https:\/\/sandzakpress.net\/arhiva\/#\/schema\/person\/6e72b67d6e51910a1117b3b483ba20bd"},"image":{"@id":"https:\/\/sandzakpress.net\/arhiva\/tezak-ramazan-za-muslimane-iz-burme\/#primaryimage"},"thumbnailUrl":"https:\/\/sandzakpress.net\/arhiva\/wp-content\/uploads\/2012\/07\/copyright_aabadoluajansi_2012_201207301432151.jpg","articleSection":["Svijet","VIJESTI DANA"],"inLanguage":"bs-BA","potentialAction":[{"@type":"CommentAction","name":"Comment","target":["https:\/\/sandzakpress.net\/arhiva\/tezak-ramazan-za-muslimane-iz-burme\/#respond"]}]},{"@type":"WebPage","@id":"https:\/\/sandzakpress.net\/arhiva\/tezak-ramazan-za-muslimane-iz-burme\/","url":"https:\/\/sandzakpress.net\/arhiva\/tezak-ramazan-za-muslimane-iz-burme\/","name":"Te\u017eak ramazan za muslimane iz Burme","isPartOf":{"@id":"https:\/\/sandzakpress.net\/arhiva\/#website"},"primaryImageOfPage":{"@id":"https:\/\/sandzakpress.net\/arhiva\/tezak-ramazan-za-muslimane-iz-burme\/#primaryimage"},"image":{"@id":"https:\/\/sandzakpress.net\/arhiva\/tezak-ramazan-za-muslimane-iz-burme\/#primaryimage"},"thumbnailUrl":"https:\/\/sandzakpress.net\/arhiva\/wp-content\/uploads\/2012\/07\/copyright_aabadoluajansi_2012_201207301432151.jpg","datePublished":"2012-07-30T14:35:51+00:00","breadcrumb":{"@id":"https:\/\/sandzakpress.net\/arhiva\/tezak-ramazan-za-muslimane-iz-burme\/#breadcrumb"},"inLanguage":"bs-BA","potentialAction":[{"@type":"ReadAction","target":["https:\/\/sandzakpress.net\/arhiva\/tezak-ramazan-za-muslimane-iz-burme\/"]}]},{"@type":"ImageObject","inLanguage":"bs-BA","@id":"https:\/\/sandzakpress.net\/arhiva\/tezak-ramazan-za-muslimane-iz-burme\/#primaryimage","url":"https:\/\/sandzakpress.net\/arhiva\/wp-content\/uploads\/2012\/07\/copyright_aabadoluajansi_2012_201207301432151.jpg","contentUrl":"https:\/\/sandzakpress.net\/arhiva\/wp-content\/uploads\/2012\/07\/copyright_aabadoluajansi_2012_201207301432151.jpg","width":616,"height":429},{"@type":"BreadcrumbList","@id":"https:\/\/sandzakpress.net\/arhiva\/tezak-ramazan-za-muslimane-iz-burme\/#breadcrumb","itemListElement":[{"@type":"ListItem","position":1,"name":"Home","item":"https:\/\/sandzakpress.net\/arhiva\/"},{"@type":"ListItem","position":2,"name":"Te\u017eak ramazan za muslimane iz Burme"}]},{"@type":"WebSite","@id":"https:\/\/sandzakpress.net\/arhiva\/#website","url":"https:\/\/sandzakpress.net\/arhiva\/","name":"Sand\u017eak PRESS","description":"Prve elektronske novine u Sand\u017eaku","publisher":{"@id":"https:\/\/sandzakpress.net\/arhiva\/#\/schema\/person\/6e72b67d6e51910a1117b3b483ba20bd"},"potentialAction":[{"@type":"SearchAction","target":{"@type":"EntryPoint","urlTemplate":"https:\/\/sandzakpress.net\/arhiva\/?s={search_term_string}"},"query-input":{"@type":"PropertyValueSpecification","valueRequired":true,"valueName":"search_term_string"}}],"inLanguage":"bs-BA"},{"@type":["Person","Organization"],"@id":"https:\/\/sandzakpress.net\/arhiva\/#\/schema\/person\/6e72b67d6e51910a1117b3b483ba20bd","name":"Kul","image":{"@type":"ImageObject","inLanguage":"bs-BA","@id":"https:\/\/sandzakpress.net\/arhiva\/#\/schema\/person\/image\/","url":"https:\/\/secure.gravatar.com\/avatar\/42263f39aa27ac04c43cab85c280eb2e?s=96&d=mm&r=pg","contentUrl":"https:\/\/secure.gravatar.com\/avatar\/42263f39aa27ac04c43cab85c280eb2e?s=96&d=mm&r=pg","caption":"Kul"},"logo":{"@id":"https:\/\/sandzakpress.net\/arhiva\/#\/schema\/person\/image\/"}},{"@type":"Person","@id":"https:\/\/sandzakpress.net\/arhiva\/#\/schema\/person\/c8baee722073534b583ea7bdb2e36c02","name":"bosniak","image":{"@type":"ImageObject","inLanguage":"bs-BA","@id":"https:\/\/sandzakpress.net\/arhiva\/#\/schema\/person\/image\/","url":"https:\/\/secure.gravatar.com\/avatar\/a04fd330bfe3a36a72a0ad4a6d89fca7?s=96&d=mm&r=pg","contentUrl":"https:\/\/secure.gravatar.com\/avatar\/a04fd330bfe3a36a72a0ad4a6d89fca7?s=96&d=mm&r=pg","caption":"bosniak"},"url":"https:\/\/sandzakpress.net\/arhiva\/author\/bosniak\/"}]}},"_links":{"self":[{"href":"https:\/\/sandzakpress.net\/arhiva\/wp-json\/wp\/v2\/posts\/46520"}],"collection":[{"href":"https:\/\/sandzakpress.net\/arhiva\/wp-json\/wp\/v2\/posts"}],"about":[{"href":"https:\/\/sandzakpress.net\/arhiva\/wp-json\/wp\/v2\/types\/post"}],"author":[{"embeddable":true,"href":"https:\/\/sandzakpress.net\/arhiva\/wp-json\/wp\/v2\/users\/83"}],"replies":[{"embeddable":true,"href":"https:\/\/sandzakpress.net\/arhiva\/wp-json\/wp\/v2\/comments?post=46520"}],"version-history":[{"count":0,"href":"https:\/\/sandzakpress.net\/arhiva\/wp-json\/wp\/v2\/posts\/46520\/revisions"}],"wp:featuredmedia":[{"embeddable":true,"href":"https:\/\/sandzakpress.net\/arhiva\/wp-json\/wp\/v2\/media\/46522"}],"wp:attachment":[{"href":"https:\/\/sandzakpress.net\/arhiva\/wp-json\/wp\/v2\/media?parent=46520"}],"wp:term":[{"taxonomy":"category","embeddable":true,"href":"https:\/\/sandzakpress.net\/arhiva\/wp-json\/wp\/v2\/categories?post=46520"},{"taxonomy":"post_tag","embeddable":true,"href":"https:\/\/sandzakpress.net\/arhiva\/wp-json\/wp\/v2\/tags?post=46520"}],"curies":[{"name":"wp","href":"https:\/\/api.w.org\/{rel}","templated":true}]}}