{"id":46509,"date":"2012-07-30T16:50:07","date_gmt":"2012-07-30T14:50:07","guid":{"rendered":"https:\/\/sandzakpress.net\/arhiva\/?p=46509"},"modified":"2012-07-30T16:51:23","modified_gmt":"2012-07-30T14:51:23","slug":"sdaa-mijenja-nacionalni-sastav-zaposlenih-u-drzavnim-institucijama","status":"publish","type":"post","link":"https:\/\/sandzakpress.net\/arhiva\/sdaa-mijenja-nacionalni-sastav-zaposlenih-u-drzavnim-institucijama\/","title":{"rendered":"Ugljanin nakon 22 god. obe\u0107ao Bo\u0161njacima radna mjesta u dr\u017eavnim institucijama"},"content":{"rendered":"<p><strong><a href=\"https:\/\/sandzakpress.net\/arhiva\/wp-content\/uploads\/2012\/07\/sda-sandzaka-mladi.jpg\"><img loading=\"lazy\" decoding=\"async\" class=\"alignleft size-full wp-image-46510\" title=\"sda-sandzaka-mladi\" src=\"https:\/\/sandzakpress.net\/arhiva\/wp-content\/uploads\/2012\/07\/sda-sandzaka-mladi.jpg\" alt=\"\" width=\"276\" height=\"183\" \/><\/a>Novi Pazar &#8211; Predsjednik SDA Sand\u017eaka Sulejman Ugljanin izjavio da je ta stranka dobila \u010detiri mjesta dr\u017eavnih sekretara u ministarstvima bitnim za Sand\u017eak.<\/strong><\/p>\n<p>\u201cTi dr\u017eavni sekretari radi\u0107e u ministarstvima prosvjete, poljoprivrede, policije i energetike ili infrastrukture\u201c, rekao je Ugljanin u Novom Pazaru na iftaru, koji je organizovala Asocijacija mladih povodom 22. godi\u0161njice njegove stranke.<\/p>\n<p>\u201cPrema sporazumu, dobi\u0107emo i 50 odsto republi\u010dkih rukovode\u0107ih funkcija u svim sand\u017ea\u010dkim gradovima. Dobi\u0107emo i pravo da u kratkom periodu izvr\u0161imo balans nacionalnog sastava zaposlenih u dr\u017eavnim institucijama, prije svega u tu\u017eila\u0161tvu, sudstvu, organima za prekr\u0161aje, policiji, carini i svim drugim ustanovama u onom procentu koliko nas ima u tom gradu\u201c, rekao je Ugljanin.<\/p>\n<p>On je naveo da je trenutno stanje vrlo \u0161tetno za Bo\u0161njake i da \u0107e to ispraviti najkasnije u prvoj polovini mandata.  Ugljanin je istakao da je novi mandat u Vladi Srbije prihvatio da bi stvorio uslove za maksimalnu integraciju Bo\u0161njaka iz Sand\u017eaka u svim dr\u017eavnim institucijama na lokalnom, regionalnom i republi\u010dkom nivou, ali i zbog br\u017eeg socijalno-ekonomskog razvoja Sand\u017eaka, ali i svih drugih nedovoljno razvijenih podru\u010dja u zemlji.<\/p>\n<p>\u201cProtiv toga sam da formiramo \u0161alter za \u017ealbe i da se nekome \u017ealimo, ve\u0107 sam za to da zakonskim rje\u0161enjima stvorimo uslove da vi mladi imate mogu\u0107nosti da budete uspje\u0161ni. \u017delja mi je da stvorimo dobre uslove za va\u0161e i obrazovanje va\u0161ih potomaka, da stvorimo institucije kroz koje \u0107emo mi Bo\u0161njaci u Sand\u017eaku, ali i ostali gra\u0111ani Srbije, mo\u0107i da ostvarujemo, unapre\u0111ujemo i \u0161titimo svoj identitet i ljudska, gra\u0111anska i nacionalna prava\u201c, rekao je Ugljanin.<\/p>\n<p>(TV Jedinstvo)<\/p>\n","protected":false},"excerpt":{"rendered":"<p>Novi Pazar &#8211; Predsjednik SDA Sand\u017eaka Sulejman Ugljanin izjavio da je ta stranka dobila \u010detiri mjesta dr\u017eavnih sekretara u ministarstvima bitnim za Sand\u017eak. \u201cTi dr\u017eavni sekretari radi\u0107e u ministarstvima prosvjete, poljoprivrede, policije i energetike ili infrastrukture\u201c, rekao je Ugljanin u Novom Pazaru na iftaru, koji je organizovala Asocijacija mladih povodom 22. godi\u0161njice njegove stranke. \u201cPrema [&hellip;]<\/p>\n","protected":false},"author":14,"featured_media":46510,"comment_status":"open","ping_status":"open","sticky":false,"template":"","format":"standard","meta":{"footnotes":""},"categories":[72,1,8957],"tags":[],"class_list":{"0":"post-46509","1":"post","2":"type-post","3":"status-publish","4":"format-standard","5":"has-post-thumbnail","7":"category-novi-pazar","8":"category-politika","9":"category-vijesti-dana"},"yoast_head":"<!-- This site is optimized with the Yoast SEO Premium plugin v23.1 (Yoast SEO v24.9) - https:\/\/yoast.com\/wordpress\/plugins\/seo\/ -->\n<title>Ugljanin nakon 22 god. obe\u0107ao Bo\u0161njacima radna mjesta u dr\u017eavnim institucijama<\/title>\n<meta name=\"robots\" content=\"index, follow, max-snippet:-1, max-image-preview:large, max-video-preview:-1\" \/>\n<link rel=\"canonical\" href=\"https:\/\/sandzakpress.net\/arhiva\/sdaa-mijenja-nacionalni-sastav-zaposlenih-u-drzavnim-institucijama\/\" \/>\n<meta property=\"og:locale\" content=\"bs_BA\" \/>\n<meta property=\"og:type\" content=\"article\" \/>\n<meta property=\"og:title\" content=\"Ugljanin nakon 22 god. obe\u0107ao Bo\u0161njacima radna mjesta u dr\u017eavnim institucijama\" \/>\n<meta property=\"og:description\" content=\"Novi Pazar &#8211; Predsjednik SDA Sand\u017eaka Sulejman Ugljanin izjavio da je ta stranka dobila \u010detiri mjesta dr\u017eavnih sekretara u ministarstvima bitnim za Sand\u017eak. \u201cTi dr\u017eavni sekretari radi\u0107e u ministarstvima prosvjete, poljoprivrede, policije i energetike ili infrastrukture\u201c, rekao je Ugljanin u Novom Pazaru na iftaru, koji je organizovala Asocijacija mladih povodom 22. godi\u0161njice njegove stranke. \u201cPrema [&hellip;]\" \/>\n<meta property=\"og:url\" content=\"https:\/\/sandzakpress.net\/arhiva\/sdaa-mijenja-nacionalni-sastav-zaposlenih-u-drzavnim-institucijama\/\" \/>\n<meta property=\"og:site_name\" content=\"Sand\u017eak PRESS\" \/>\n<meta property=\"article:published_time\" content=\"2012-07-30T14:50:07+00:00\" \/>\n<meta property=\"article:modified_time\" content=\"2012-07-30T14:51:23+00:00\" \/>\n<meta property=\"og:image\" content=\"https:\/\/sandzakpress.net\/arhiva\/wp-content\/uploads\/2012\/07\/sda-sandzaka-mladi.jpg\" \/>\n\t<meta property=\"og:image:width\" content=\"276\" \/>\n\t<meta property=\"og:image:height\" content=\"183\" \/>\n\t<meta property=\"og:image:type\" content=\"image\/jpeg\" \/>\n<meta name=\"twitter:card\" content=\"summary_large_image\" \/>\n<meta name=\"twitter:label1\" content=\"Written by\" \/>\n\t<meta name=\"twitter:data1\" content=\"\" \/>\n\t<meta name=\"twitter:label2\" content=\"Est. reading time\" \/>\n\t<meta name=\"twitter:data2\" content=\"1 minuta\" \/>\n<script type=\"application\/ld+json\" class=\"yoast-schema-graph\">{\"@context\":\"https:\/\/schema.org\",\"@graph\":[{\"@type\":\"Article\",\"@id\":\"https:\/\/sandzakpress.net\/arhiva\/sdaa-mijenja-nacionalni-sastav-zaposlenih-u-drzavnim-institucijama\/#article\",\"isPartOf\":{\"@id\":\"https:\/\/sandzakpress.net\/arhiva\/sdaa-mijenja-nacionalni-sastav-zaposlenih-u-drzavnim-institucijama\/\"},\"author\":{\"name\":\"\",\"@id\":\"\"},\"headline\":\"Ugljanin nakon 22 god. obe\u0107ao Bo\u0161njacima radna mjesta u dr\u017eavnim institucijama\",\"datePublished\":\"2012-07-30T14:50:07+00:00\",\"dateModified\":\"2012-07-30T14:51:23+00:00\",\"mainEntityOfPage\":{\"@id\":\"https:\/\/sandzakpress.net\/arhiva\/sdaa-mijenja-nacionalni-sastav-zaposlenih-u-drzavnim-institucijama\/\"},\"wordCount\":300,\"commentCount\":12,\"publisher\":{\"@id\":\"https:\/\/sandzakpress.net\/arhiva\/#\/schema\/person\/6e72b67d6e51910a1117b3b483ba20bd\"},\"image\":{\"@id\":\"https:\/\/sandzakpress.net\/arhiva\/sdaa-mijenja-nacionalni-sastav-zaposlenih-u-drzavnim-institucijama\/#primaryimage\"},\"thumbnailUrl\":\"https:\/\/sandzakpress.net\/arhiva\/wp-content\/uploads\/2012\/07\/sda-sandzaka-mladi.jpg\",\"articleSection\":[\"Novi Pazar\",\"Politika\",\"VIJESTI DANA\"],\"inLanguage\":\"bs-BA\",\"potentialAction\":[{\"@type\":\"CommentAction\",\"name\":\"Comment\",\"target\":[\"https:\/\/sandzakpress.net\/arhiva\/sdaa-mijenja-nacionalni-sastav-zaposlenih-u-drzavnim-institucijama\/#respond\"]}]},{\"@type\":\"WebPage\",\"@id\":\"https:\/\/sandzakpress.net\/arhiva\/sdaa-mijenja-nacionalni-sastav-zaposlenih-u-drzavnim-institucijama\/\",\"url\":\"https:\/\/sandzakpress.net\/arhiva\/sdaa-mijenja-nacionalni-sastav-zaposlenih-u-drzavnim-institucijama\/\",\"name\":\"Ugljanin nakon 22 god. obe\u0107ao Bo\u0161njacima radna mjesta u dr\u017eavnim institucijama\",\"isPartOf\":{\"@id\":\"https:\/\/sandzakpress.net\/arhiva\/#website\"},\"primaryImageOfPage\":{\"@id\":\"https:\/\/sandzakpress.net\/arhiva\/sdaa-mijenja-nacionalni-sastav-zaposlenih-u-drzavnim-institucijama\/#primaryimage\"},\"image\":{\"@id\":\"https:\/\/sandzakpress.net\/arhiva\/sdaa-mijenja-nacionalni-sastav-zaposlenih-u-drzavnim-institucijama\/#primaryimage\"},\"thumbnailUrl\":\"https:\/\/sandzakpress.net\/arhiva\/wp-content\/uploads\/2012\/07\/sda-sandzaka-mladi.jpg\",\"datePublished\":\"2012-07-30T14:50:07+00:00\",\"dateModified\":\"2012-07-30T14:51:23+00:00\",\"breadcrumb\":{\"@id\":\"https:\/\/sandzakpress.net\/arhiva\/sdaa-mijenja-nacionalni-sastav-zaposlenih-u-drzavnim-institucijama\/#breadcrumb\"},\"inLanguage\":\"bs-BA\",\"potentialAction\":[{\"@type\":\"ReadAction\",\"target\":[\"https:\/\/sandzakpress.net\/arhiva\/sdaa-mijenja-nacionalni-sastav-zaposlenih-u-drzavnim-institucijama\/\"]}]},{\"@type\":\"ImageObject\",\"inLanguage\":\"bs-BA\",\"@id\":\"https:\/\/sandzakpress.net\/arhiva\/sdaa-mijenja-nacionalni-sastav-zaposlenih-u-drzavnim-institucijama\/#primaryimage\",\"url\":\"https:\/\/sandzakpress.net\/arhiva\/wp-content\/uploads\/2012\/07\/sda-sandzaka-mladi.jpg\",\"contentUrl\":\"https:\/\/sandzakpress.net\/arhiva\/wp-content\/uploads\/2012\/07\/sda-sandzaka-mladi.jpg\",\"width\":276,\"height\":183},{\"@type\":\"BreadcrumbList\",\"@id\":\"https:\/\/sandzakpress.net\/arhiva\/sdaa-mijenja-nacionalni-sastav-zaposlenih-u-drzavnim-institucijama\/#breadcrumb\",\"itemListElement\":[{\"@type\":\"ListItem\",\"position\":1,\"name\":\"Home\",\"item\":\"https:\/\/sandzakpress.net\/arhiva\/\"},{\"@type\":\"ListItem\",\"position\":2,\"name\":\"Ugljanin nakon 22 god. obe\u0107ao Bo\u0161njacima radna mjesta u dr\u017eavnim institucijama\"}]},{\"@type\":\"WebSite\",\"@id\":\"https:\/\/sandzakpress.net\/arhiva\/#website\",\"url\":\"https:\/\/sandzakpress.net\/arhiva\/\",\"name\":\"Sand\u017eak PRESS\",\"description\":\"Prve elektronske novine u Sand\u017eaku\",\"publisher\":{\"@id\":\"https:\/\/sandzakpress.net\/arhiva\/#\/schema\/person\/6e72b67d6e51910a1117b3b483ba20bd\"},\"potentialAction\":[{\"@type\":\"SearchAction\",\"target\":{\"@type\":\"EntryPoint\",\"urlTemplate\":\"https:\/\/sandzakpress.net\/arhiva\/?s={search_term_string}\"},\"query-input\":{\"@type\":\"PropertyValueSpecification\",\"valueRequired\":true,\"valueName\":\"search_term_string\"}}],\"inLanguage\":\"bs-BA\"},{\"@type\":[\"Person\",\"Organization\"],\"@id\":\"https:\/\/sandzakpress.net\/arhiva\/#\/schema\/person\/6e72b67d6e51910a1117b3b483ba20bd\",\"name\":\"Kul\",\"image\":{\"@type\":\"ImageObject\",\"inLanguage\":\"bs-BA\",\"@id\":\"https:\/\/sandzakpress.net\/arhiva\/#\/schema\/person\/image\/\",\"url\":\"https:\/\/secure.gravatar.com\/avatar\/42263f39aa27ac04c43cab85c280eb2e?s=96&d=mm&r=pg\",\"contentUrl\":\"https:\/\/secure.gravatar.com\/avatar\/42263f39aa27ac04c43cab85c280eb2e?s=96&d=mm&r=pg\",\"caption\":\"Kul\"},\"logo\":{\"@id\":\"https:\/\/sandzakpress.net\/arhiva\/#\/schema\/person\/image\/\"}},{\"@type\":\"Person\",\"@id\":\"\",\"url\":\"https:\/\/sandzakpress.net\/arhiva\/author\/\"}]}<\/script>\n<!-- \/ Yoast SEO Premium plugin. -->","yoast_head_json":{"title":"Ugljanin nakon 22 god. obe\u0107ao Bo\u0161njacima radna mjesta u dr\u017eavnim institucijama","robots":{"index":"index","follow":"follow","max-snippet":"max-snippet:-1","max-image-preview":"max-image-preview:large","max-video-preview":"max-video-preview:-1"},"canonical":"https:\/\/sandzakpress.net\/arhiva\/sdaa-mijenja-nacionalni-sastav-zaposlenih-u-drzavnim-institucijama\/","og_locale":"bs_BA","og_type":"article","og_title":"Ugljanin nakon 22 god. obe\u0107ao Bo\u0161njacima radna mjesta u dr\u017eavnim institucijama","og_description":"Novi Pazar &#8211; Predsjednik SDA Sand\u017eaka Sulejman Ugljanin izjavio da je ta stranka dobila \u010detiri mjesta dr\u017eavnih sekretara u ministarstvima bitnim za Sand\u017eak. \u201cTi dr\u017eavni sekretari radi\u0107e u ministarstvima prosvjete, poljoprivrede, policije i energetike ili infrastrukture\u201c, rekao je Ugljanin u Novom Pazaru na iftaru, koji je organizovala Asocijacija mladih povodom 22. godi\u0161njice njegove stranke. \u201cPrema [&hellip;]","og_url":"https:\/\/sandzakpress.net\/arhiva\/sdaa-mijenja-nacionalni-sastav-zaposlenih-u-drzavnim-institucijama\/","og_site_name":"Sand\u017eak PRESS","article_published_time":"2012-07-30T14:50:07+00:00","article_modified_time":"2012-07-30T14:51:23+00:00","og_image":[{"width":276,"height":183,"url":"https:\/\/sandzakpress.net\/arhiva\/wp-content\/uploads\/2012\/07\/sda-sandzaka-mladi.jpg","type":"image\/jpeg"}],"twitter_card":"summary_large_image","twitter_misc":{"Written by":"","Est. reading time":"1 minuta"},"schema":{"@context":"https:\/\/schema.org","@graph":[{"@type":"Article","@id":"https:\/\/sandzakpress.net\/arhiva\/sdaa-mijenja-nacionalni-sastav-zaposlenih-u-drzavnim-institucijama\/#article","isPartOf":{"@id":"https:\/\/sandzakpress.net\/arhiva\/sdaa-mijenja-nacionalni-sastav-zaposlenih-u-drzavnim-institucijama\/"},"author":{"name":"","@id":""},"headline":"Ugljanin nakon 22 god. obe\u0107ao Bo\u0161njacima radna mjesta u dr\u017eavnim institucijama","datePublished":"2012-07-30T14:50:07+00:00","dateModified":"2012-07-30T14:51:23+00:00","mainEntityOfPage":{"@id":"https:\/\/sandzakpress.net\/arhiva\/sdaa-mijenja-nacionalni-sastav-zaposlenih-u-drzavnim-institucijama\/"},"wordCount":300,"commentCount":12,"publisher":{"@id":"https:\/\/sandzakpress.net\/arhiva\/#\/schema\/person\/6e72b67d6e51910a1117b3b483ba20bd"},"image":{"@id":"https:\/\/sandzakpress.net\/arhiva\/sdaa-mijenja-nacionalni-sastav-zaposlenih-u-drzavnim-institucijama\/#primaryimage"},"thumbnailUrl":"https:\/\/sandzakpress.net\/arhiva\/wp-content\/uploads\/2012\/07\/sda-sandzaka-mladi.jpg","articleSection":["Novi Pazar","Politika","VIJESTI DANA"],"inLanguage":"bs-BA","potentialAction":[{"@type":"CommentAction","name":"Comment","target":["https:\/\/sandzakpress.net\/arhiva\/sdaa-mijenja-nacionalni-sastav-zaposlenih-u-drzavnim-institucijama\/#respond"]}]},{"@type":"WebPage","@id":"https:\/\/sandzakpress.net\/arhiva\/sdaa-mijenja-nacionalni-sastav-zaposlenih-u-drzavnim-institucijama\/","url":"https:\/\/sandzakpress.net\/arhiva\/sdaa-mijenja-nacionalni-sastav-zaposlenih-u-drzavnim-institucijama\/","name":"Ugljanin nakon 22 god. obe\u0107ao Bo\u0161njacima radna mjesta u dr\u017eavnim institucijama","isPartOf":{"@id":"https:\/\/sandzakpress.net\/arhiva\/#website"},"primaryImageOfPage":{"@id":"https:\/\/sandzakpress.net\/arhiva\/sdaa-mijenja-nacionalni-sastav-zaposlenih-u-drzavnim-institucijama\/#primaryimage"},"image":{"@id":"https:\/\/sandzakpress.net\/arhiva\/sdaa-mijenja-nacionalni-sastav-zaposlenih-u-drzavnim-institucijama\/#primaryimage"},"thumbnailUrl":"https:\/\/sandzakpress.net\/arhiva\/wp-content\/uploads\/2012\/07\/sda-sandzaka-mladi.jpg","datePublished":"2012-07-30T14:50:07+00:00","dateModified":"2012-07-30T14:51:23+00:00","breadcrumb":{"@id":"https:\/\/sandzakpress.net\/arhiva\/sdaa-mijenja-nacionalni-sastav-zaposlenih-u-drzavnim-institucijama\/#breadcrumb"},"inLanguage":"bs-BA","potentialAction":[{"@type":"ReadAction","target":["https:\/\/sandzakpress.net\/arhiva\/sdaa-mijenja-nacionalni-sastav-zaposlenih-u-drzavnim-institucijama\/"]}]},{"@type":"ImageObject","inLanguage":"bs-BA","@id":"https:\/\/sandzakpress.net\/arhiva\/sdaa-mijenja-nacionalni-sastav-zaposlenih-u-drzavnim-institucijama\/#primaryimage","url":"https:\/\/sandzakpress.net\/arhiva\/wp-content\/uploads\/2012\/07\/sda-sandzaka-mladi.jpg","contentUrl":"https:\/\/sandzakpress.net\/arhiva\/wp-content\/uploads\/2012\/07\/sda-sandzaka-mladi.jpg","width":276,"height":183},{"@type":"BreadcrumbList","@id":"https:\/\/sandzakpress.net\/arhiva\/sdaa-mijenja-nacionalni-sastav-zaposlenih-u-drzavnim-institucijama\/#breadcrumb","itemListElement":[{"@type":"ListItem","position":1,"name":"Home","item":"https:\/\/sandzakpress.net\/arhiva\/"},{"@type":"ListItem","position":2,"name":"Ugljanin nakon 22 god. obe\u0107ao Bo\u0161njacima radna mjesta u dr\u017eavnim institucijama"}]},{"@type":"WebSite","@id":"https:\/\/sandzakpress.net\/arhiva\/#website","url":"https:\/\/sandzakpress.net\/arhiva\/","name":"Sand\u017eak PRESS","description":"Prve elektronske novine u Sand\u017eaku","publisher":{"@id":"https:\/\/sandzakpress.net\/arhiva\/#\/schema\/person\/6e72b67d6e51910a1117b3b483ba20bd"},"potentialAction":[{"@type":"SearchAction","target":{"@type":"EntryPoint","urlTemplate":"https:\/\/sandzakpress.net\/arhiva\/?s={search_term_string}"},"query-input":{"@type":"PropertyValueSpecification","valueRequired":true,"valueName":"search_term_string"}}],"inLanguage":"bs-BA"},{"@type":["Person","Organization"],"@id":"https:\/\/sandzakpress.net\/arhiva\/#\/schema\/person\/6e72b67d6e51910a1117b3b483ba20bd","name":"Kul","image":{"@type":"ImageObject","inLanguage":"bs-BA","@id":"https:\/\/sandzakpress.net\/arhiva\/#\/schema\/person\/image\/","url":"https:\/\/secure.gravatar.com\/avatar\/42263f39aa27ac04c43cab85c280eb2e?s=96&d=mm&r=pg","contentUrl":"https:\/\/secure.gravatar.com\/avatar\/42263f39aa27ac04c43cab85c280eb2e?s=96&d=mm&r=pg","caption":"Kul"},"logo":{"@id":"https:\/\/sandzakpress.net\/arhiva\/#\/schema\/person\/image\/"}},{"@type":"Person","@id":"","url":"https:\/\/sandzakpress.net\/arhiva\/author\/"}]}},"_links":{"self":[{"href":"https:\/\/sandzakpress.net\/arhiva\/wp-json\/wp\/v2\/posts\/46509"}],"collection":[{"href":"https:\/\/sandzakpress.net\/arhiva\/wp-json\/wp\/v2\/posts"}],"about":[{"href":"https:\/\/sandzakpress.net\/arhiva\/wp-json\/wp\/v2\/types\/post"}],"author":[{"embeddable":true,"href":"https:\/\/sandzakpress.net\/arhiva\/wp-json\/wp\/v2\/users\/14"}],"replies":[{"embeddable":true,"href":"https:\/\/sandzakpress.net\/arhiva\/wp-json\/wp\/v2\/comments?post=46509"}],"version-history":[{"count":0,"href":"https:\/\/sandzakpress.net\/arhiva\/wp-json\/wp\/v2\/posts\/46509\/revisions"}],"wp:featuredmedia":[{"embeddable":true,"href":"https:\/\/sandzakpress.net\/arhiva\/wp-json\/wp\/v2\/media\/46510"}],"wp:attachment":[{"href":"https:\/\/sandzakpress.net\/arhiva\/wp-json\/wp\/v2\/media?parent=46509"}],"wp:term":[{"taxonomy":"category","embeddable":true,"href":"https:\/\/sandzakpress.net\/arhiva\/wp-json\/wp\/v2\/categories?post=46509"},{"taxonomy":"post_tag","embeddable":true,"href":"https:\/\/sandzakpress.net\/arhiva\/wp-json\/wp\/v2\/tags?post=46509"}],"curies":[{"name":"wp","href":"https:\/\/api.w.org\/{rel}","templated":true}]}}