{"id":46488,"date":"2012-07-30T16:48:39","date_gmt":"2012-07-30T14:48:39","guid":{"rendered":"https:\/\/sandzakpress.net\/arhiva\/?p=46488"},"modified":"2012-07-30T16:54:14","modified_gmt":"2012-07-30T14:54:14","slug":"u-plavu-sandzacka-zastava-ugrozena","status":"publish","type":"post","link":"https:\/\/sandzakpress.net\/arhiva\/u-plavu-sandzacka-zastava-ugrozena\/","title":{"rendered":"U Plavu sand\u017ea\u010dka zastava ugro\u017eena"},"content":{"rendered":"<p><a href=\"https:\/\/sandzakpress.net\/arhiva\/wp-content\/uploads\/2012\/07\/Plav.jpg\"><img loading=\"lazy\" decoding=\"async\" class=\"aligncenter size-full wp-image-46490\" title=\"Plav\" src=\"https:\/\/sandzakpress.net\/arhiva\/wp-content\/uploads\/2012\/07\/Plav.jpg\" alt=\"\" width=\"616\" height=\"411\" \/><\/a><\/p>\n<p><strong>Plav &#8211; Povodom Dana op\u0161tine ju\u010de je odr\u017eana sve\u010dana sjednica SO Plav kojoj su pored odbornika koalicije na vlasti prisustvovali predsjednik op\u0161tine Orhan \u0160ahmanovi\u0107, potpredsjednik Skup\u0161tine Crne Gore Rifat Rastoder, ministar u Vladi Crne Gore Rafet Husovi\u0107, (BS), poslanici u dr\u017eavnom parlamentu Ervin Spahi\u0107 (SDP), D\u017eavid \u0160abovi\u0107 (SDP) i Kemal Puri\u0161i\u0107 (BS), te predsjednici pojedinih op\u0161tina i skup\u0161tina op\u0161tina, predstavnik Fondacije \u201eGusinje\u201c iz Njujorka Refik Radon\u010di\u0107, kao i drugi gosti. Sjednici nijesu prisustvovali odbornici DPS-a i Force, kao i predstavnici odborni\u010dkog kluba SNP-Nova.<\/strong><\/p>\n<p>Dan op\u0161tine putem telegrama \u010destitali su predsjednici dr\u017eave, Skup\u0161tine i Vlade Crne Gore, Filip Vujanovi\u0107, Ranko Krivokapi\u0107 i Igor Luk\u0161i\u0107, predsjednik SNP-a Sr\u0111an Mili\u0107, te predsjednik op\u0161tine Herceg Novi Dejan Mandi\u0107. Predsjednik SO Plav Said \u010ceki\u0107 pozdravio je prisutne i istakao da je datum proslavljanja dana op\u0161tine utvr\u0111en u skladu sa modernom politikom evropskih gradova.<\/p>\n<p>Predsjednik op\u0161tine Orhan \u0160ahmanovi\u0107 istakao je da mu je \u010dast i zadovoljstvo \u0161to Dan op\u0161tine proslavljaju u vrijeme manifestacije \u201ePlavsko-gusinjsko kulturno ljeto\u2019\u2019, kada su na okupu studenti i \u0111aci i kada u zavi\u010daj dolazi na desetine hiljada sugra\u0111ana iz svijeta, kao i veliki broj turista i gostiju.<\/p>\n<p>\u2013 Trgovci i ugostitelji jedva \u010dekaju dolazak plate\u017enih gostiju koji nas podsje\u0107aju na pro\u0161la vremena kada se ovamo vi\u0161e dolazilo nego \u0161to se odavde odlazilo i kada je Plav bio poznata destinacija na turisti\u010dkoj mapi Evrope. Kulturno-sportske i turisti\u010dke manifestacije predstavljaju promociju turisti\u010dkih vrijednosti Plava i doprinose razvoju turisti\u010dke kulture u lokalnoj zajednici. Ipak, najbolja promocija je samo podru\u010dje op\u0161tine koje predstavlja najljep\u0161i, bogomdani dragulj sjevera Crne Gore, gdje je priroda bila krajnje izda\u0161na, ali dosada\u0161nji razvoj kapaciteta lokalne ekonomije nije ostvario ciljeve \u2013 kazao je \u0160ahmanovi\u0107.<\/p>\n<p>U okviru sve\u010danosti prikazan je kratak film o turisti\u010dkim potencijalima op\u0161tine, a uprili\u010den je i koktel.<br \/>\nPrema rije\u010dima predsjednika plavskog DPS-a Husnije \u0160abovi\u0107a odbornici te partije nijesu prisustvovali sve\u010danosti povodom Dana op\u0161tine zato \u0161to im je na najprljaviji i drzak na\u010din oteta vlast u ovom gradu.<\/p>\n<p>\u2013 Da je bilo u skladu s voljom bira\u010da u Plavu, mi bi smo danas, na \u010delu sa na\u0161im predsjednikom op\u0161tine i na\u0161im predsjednikom SO, gra\u0111ane i ukupnu crnogorsku javnost upoznali sa svim \u0161to su bili na\u0161i planski zadaci do dana\u0161njeg dana. A imali da se pohvalimo mnogo \u010dime, za razliku od novoformirane vlasti koja danas mo\u017ee da po\u0161alje samo jednu poruku, a to je da je na vlast do\u0161la na nedemokratski, neustavan i prljav na\u010din. Isticanje bo\u0161nja\u010dke pored crnogorske dr\u017eavne zastave najbolja je poruka kuda ide Plav. Ako se isti\u010de zastava jedne zbog \u010dega tu nema mjesta i za zastave pripadnika drugih nacionalnosti \u2013 rekao je \u0160abovi\u0107.<\/p>\n<p>Vera Hakaj, predsjednica Force, istakla je da sve\u010danoj sjednici nije prisustvovala zato \u0161to nijesu ispo\u0161tovana prava pripadnika ostalih naroda koji \u017eive na ovom podru\u010dju.<\/p>\n<p>\u2013 Kad na zgradi O\u0161tine, Komunalnog i Centra za kulturu mo\u017ee da visi bo\u0161nja\u010dka, za\u0161to ne mo\u017ee i albanska zastava!? Kad sam organizatore pitala o tome, odgovoreno mi je da to ne dozvoljava zakon, jer su Albanci manjina. Me\u0111utim, ja znam da su na nivou dr\u017eave Crne Gore i Bo\u0161njaci manjina, ali je njihova zastava istaknuta. Pitam se da li u Plavu postoje samo Bo\u0161nja\u010dka partija i Bo\u0161njaci, gdje smo mi drugi, za\u0161to se ne po\u0161tuju manjinska i nacionalna prava jednako \u2013 revoltirano se pita Hakaj.<\/p>\n<p>(Dan)<\/p>\n","protected":false},"excerpt":{"rendered":"<p>Plav &#8211; Povodom Dana op\u0161tine ju\u010de je odr\u017eana sve\u010dana sjednica SO Plav kojoj su pored odbornika koalicije na vlasti prisustvovali predsjednik op\u0161tine Orhan \u0160ahmanovi\u0107, potpredsjednik Skup\u0161tine Crne Gore Rifat Rastoder, ministar u Vladi Crne Gore Rafet Husovi\u0107, (BS), poslanici u dr\u017eavnom parlamentu Ervin Spahi\u0107 (SDP), D\u017eavid \u0160abovi\u0107 (SDP) i Kemal Puri\u0161i\u0107 (BS), te predsjednici pojedinih [&hellip;]<\/p>\n","protected":false},"author":83,"featured_media":46490,"comment_status":"open","ping_status":"open","sticky":false,"template":"","format":"standard","meta":{"footnotes":""},"categories":[800,399,8957],"tags":[],"class_list":{"0":"post-46488","1":"post","2":"type-post","3":"status-publish","4":"format-standard","5":"has-post-thumbnail","7":"category-nacija","8":"category-plav_","9":"category-vijesti-dana"},"yoast_head":"<!-- This site is optimized with the Yoast SEO Premium plugin v23.1 (Yoast SEO v24.9) - https:\/\/yoast.com\/wordpress\/plugins\/seo\/ -->\n<title>U Plavu sand\u017ea\u010dka zastava ugro\u017eena<\/title>\n<meta name=\"robots\" content=\"index, follow, max-snippet:-1, max-image-preview:large, max-video-preview:-1\" \/>\n<link rel=\"canonical\" href=\"https:\/\/sandzakpress.net\/arhiva\/u-plavu-sandzacka-zastava-ugrozena\/\" \/>\n<meta property=\"og:locale\" content=\"bs_BA\" \/>\n<meta property=\"og:type\" content=\"article\" \/>\n<meta property=\"og:title\" content=\"U Plavu sand\u017ea\u010dka zastava ugro\u017eena\" \/>\n<meta property=\"og:description\" content=\"Plav &#8211; Povodom Dana op\u0161tine ju\u010de je odr\u017eana sve\u010dana sjednica SO Plav kojoj su pored odbornika koalicije na vlasti prisustvovali predsjednik op\u0161tine Orhan \u0160ahmanovi\u0107, potpredsjednik Skup\u0161tine Crne Gore Rifat Rastoder, ministar u Vladi Crne Gore Rafet Husovi\u0107, (BS), poslanici u dr\u017eavnom parlamentu Ervin Spahi\u0107 (SDP), D\u017eavid \u0160abovi\u0107 (SDP) i Kemal Puri\u0161i\u0107 (BS), te predsjednici pojedinih [&hellip;]\" \/>\n<meta property=\"og:url\" content=\"https:\/\/sandzakpress.net\/arhiva\/u-plavu-sandzacka-zastava-ugrozena\/\" \/>\n<meta property=\"og:site_name\" content=\"Sand\u017eak PRESS\" \/>\n<meta property=\"article:published_time\" content=\"2012-07-30T14:48:39+00:00\" \/>\n<meta property=\"article:modified_time\" content=\"2012-07-30T14:54:14+00:00\" \/>\n<meta property=\"og:image\" content=\"https:\/\/sandzakpress.net\/arhiva\/wp-content\/uploads\/2012\/07\/Plav.jpg\" \/>\n\t<meta property=\"og:image:width\" content=\"616\" \/>\n\t<meta property=\"og:image:height\" content=\"411\" \/>\n\t<meta property=\"og:image:type\" content=\"image\/jpeg\" \/>\n<meta name=\"author\" content=\"bosniak\" \/>\n<meta name=\"twitter:card\" content=\"summary_large_image\" \/>\n<meta name=\"twitter:label1\" content=\"Written by\" \/>\n\t<meta name=\"twitter:data1\" content=\"bosniak\" \/>\n\t<meta name=\"twitter:label2\" content=\"Est. reading time\" \/>\n\t<meta name=\"twitter:data2\" content=\"3 minute\" \/>\n<script type=\"application\/ld+json\" class=\"yoast-schema-graph\">{\"@context\":\"https:\/\/schema.org\",\"@graph\":[{\"@type\":\"Article\",\"@id\":\"https:\/\/sandzakpress.net\/arhiva\/u-plavu-sandzacka-zastava-ugrozena\/#article\",\"isPartOf\":{\"@id\":\"https:\/\/sandzakpress.net\/arhiva\/u-plavu-sandzacka-zastava-ugrozena\/\"},\"author\":{\"name\":\"bosniak\",\"@id\":\"https:\/\/sandzakpress.net\/arhiva\/#\/schema\/person\/c8baee722073534b583ea7bdb2e36c02\"},\"headline\":\"U Plavu sand\u017ea\u010dka zastava ugro\u017eena\",\"datePublished\":\"2012-07-30T14:48:39+00:00\",\"dateModified\":\"2012-07-30T14:54:14+00:00\",\"mainEntityOfPage\":{\"@id\":\"https:\/\/sandzakpress.net\/arhiva\/u-plavu-sandzacka-zastava-ugrozena\/\"},\"wordCount\":619,\"commentCount\":8,\"publisher\":{\"@id\":\"https:\/\/sandzakpress.net\/arhiva\/#\/schema\/person\/6e72b67d6e51910a1117b3b483ba20bd\"},\"image\":{\"@id\":\"https:\/\/sandzakpress.net\/arhiva\/u-plavu-sandzacka-zastava-ugrozena\/#primaryimage\"},\"thumbnailUrl\":\"https:\/\/sandzakpress.net\/arhiva\/wp-content\/uploads\/2012\/07\/Plav.jpg\",\"articleSection\":[\"Nacija\",\"Plav\",\"VIJESTI DANA\"],\"inLanguage\":\"bs-BA\",\"potentialAction\":[{\"@type\":\"CommentAction\",\"name\":\"Comment\",\"target\":[\"https:\/\/sandzakpress.net\/arhiva\/u-plavu-sandzacka-zastava-ugrozena\/#respond\"]}]},{\"@type\":\"WebPage\",\"@id\":\"https:\/\/sandzakpress.net\/arhiva\/u-plavu-sandzacka-zastava-ugrozena\/\",\"url\":\"https:\/\/sandzakpress.net\/arhiva\/u-plavu-sandzacka-zastava-ugrozena\/\",\"name\":\"U Plavu sand\u017ea\u010dka zastava ugro\u017eena\",\"isPartOf\":{\"@id\":\"https:\/\/sandzakpress.net\/arhiva\/#website\"},\"primaryImageOfPage\":{\"@id\":\"https:\/\/sandzakpress.net\/arhiva\/u-plavu-sandzacka-zastava-ugrozena\/#primaryimage\"},\"image\":{\"@id\":\"https:\/\/sandzakpress.net\/arhiva\/u-plavu-sandzacka-zastava-ugrozena\/#primaryimage\"},\"thumbnailUrl\":\"https:\/\/sandzakpress.net\/arhiva\/wp-content\/uploads\/2012\/07\/Plav.jpg\",\"datePublished\":\"2012-07-30T14:48:39+00:00\",\"dateModified\":\"2012-07-30T14:54:14+00:00\",\"breadcrumb\":{\"@id\":\"https:\/\/sandzakpress.net\/arhiva\/u-plavu-sandzacka-zastava-ugrozena\/#breadcrumb\"},\"inLanguage\":\"bs-BA\",\"potentialAction\":[{\"@type\":\"ReadAction\",\"target\":[\"https:\/\/sandzakpress.net\/arhiva\/u-plavu-sandzacka-zastava-ugrozena\/\"]}]},{\"@type\":\"ImageObject\",\"inLanguage\":\"bs-BA\",\"@id\":\"https:\/\/sandzakpress.net\/arhiva\/u-plavu-sandzacka-zastava-ugrozena\/#primaryimage\",\"url\":\"https:\/\/sandzakpress.net\/arhiva\/wp-content\/uploads\/2012\/07\/Plav.jpg\",\"contentUrl\":\"https:\/\/sandzakpress.net\/arhiva\/wp-content\/uploads\/2012\/07\/Plav.jpg\",\"width\":616,\"height\":411},{\"@type\":\"BreadcrumbList\",\"@id\":\"https:\/\/sandzakpress.net\/arhiva\/u-plavu-sandzacka-zastava-ugrozena\/#breadcrumb\",\"itemListElement\":[{\"@type\":\"ListItem\",\"position\":1,\"name\":\"Home\",\"item\":\"https:\/\/sandzakpress.net\/arhiva\/\"},{\"@type\":\"ListItem\",\"position\":2,\"name\":\"U Plavu sand\u017ea\u010dka zastava ugro\u017eena\"}]},{\"@type\":\"WebSite\",\"@id\":\"https:\/\/sandzakpress.net\/arhiva\/#website\",\"url\":\"https:\/\/sandzakpress.net\/arhiva\/\",\"name\":\"Sand\u017eak PRESS\",\"description\":\"Prve elektronske novine u Sand\u017eaku\",\"publisher\":{\"@id\":\"https:\/\/sandzakpress.net\/arhiva\/#\/schema\/person\/6e72b67d6e51910a1117b3b483ba20bd\"},\"potentialAction\":[{\"@type\":\"SearchAction\",\"target\":{\"@type\":\"EntryPoint\",\"urlTemplate\":\"https:\/\/sandzakpress.net\/arhiva\/?s={search_term_string}\"},\"query-input\":{\"@type\":\"PropertyValueSpecification\",\"valueRequired\":true,\"valueName\":\"search_term_string\"}}],\"inLanguage\":\"bs-BA\"},{\"@type\":[\"Person\",\"Organization\"],\"@id\":\"https:\/\/sandzakpress.net\/arhiva\/#\/schema\/person\/6e72b67d6e51910a1117b3b483ba20bd\",\"name\":\"Kul\",\"image\":{\"@type\":\"ImageObject\",\"inLanguage\":\"bs-BA\",\"@id\":\"https:\/\/sandzakpress.net\/arhiva\/#\/schema\/person\/image\/\",\"url\":\"https:\/\/secure.gravatar.com\/avatar\/42263f39aa27ac04c43cab85c280eb2e?s=96&d=mm&r=pg\",\"contentUrl\":\"https:\/\/secure.gravatar.com\/avatar\/42263f39aa27ac04c43cab85c280eb2e?s=96&d=mm&r=pg\",\"caption\":\"Kul\"},\"logo\":{\"@id\":\"https:\/\/sandzakpress.net\/arhiva\/#\/schema\/person\/image\/\"}},{\"@type\":\"Person\",\"@id\":\"https:\/\/sandzakpress.net\/arhiva\/#\/schema\/person\/c8baee722073534b583ea7bdb2e36c02\",\"name\":\"bosniak\",\"image\":{\"@type\":\"ImageObject\",\"inLanguage\":\"bs-BA\",\"@id\":\"https:\/\/sandzakpress.net\/arhiva\/#\/schema\/person\/image\/\",\"url\":\"https:\/\/secure.gravatar.com\/avatar\/a04fd330bfe3a36a72a0ad4a6d89fca7?s=96&d=mm&r=pg\",\"contentUrl\":\"https:\/\/secure.gravatar.com\/avatar\/a04fd330bfe3a36a72a0ad4a6d89fca7?s=96&d=mm&r=pg\",\"caption\":\"bosniak\"},\"url\":\"https:\/\/sandzakpress.net\/arhiva\/author\/bosniak\/\"}]}<\/script>\n<!-- \/ Yoast SEO Premium plugin. -->","yoast_head_json":{"title":"U Plavu sand\u017ea\u010dka zastava ugro\u017eena","robots":{"index":"index","follow":"follow","max-snippet":"max-snippet:-1","max-image-preview":"max-image-preview:large","max-video-preview":"max-video-preview:-1"},"canonical":"https:\/\/sandzakpress.net\/arhiva\/u-plavu-sandzacka-zastava-ugrozena\/","og_locale":"bs_BA","og_type":"article","og_title":"U Plavu sand\u017ea\u010dka zastava ugro\u017eena","og_description":"Plav &#8211; Povodom Dana op\u0161tine ju\u010de je odr\u017eana sve\u010dana sjednica SO Plav kojoj su pored odbornika koalicije na vlasti prisustvovali predsjednik op\u0161tine Orhan \u0160ahmanovi\u0107, potpredsjednik Skup\u0161tine Crne Gore Rifat Rastoder, ministar u Vladi Crne Gore Rafet Husovi\u0107, (BS), poslanici u dr\u017eavnom parlamentu Ervin Spahi\u0107 (SDP), D\u017eavid \u0160abovi\u0107 (SDP) i Kemal Puri\u0161i\u0107 (BS), te predsjednici pojedinih [&hellip;]","og_url":"https:\/\/sandzakpress.net\/arhiva\/u-plavu-sandzacka-zastava-ugrozena\/","og_site_name":"Sand\u017eak PRESS","article_published_time":"2012-07-30T14:48:39+00:00","article_modified_time":"2012-07-30T14:54:14+00:00","og_image":[{"width":616,"height":411,"url":"https:\/\/sandzakpress.net\/arhiva\/wp-content\/uploads\/2012\/07\/Plav.jpg","type":"image\/jpeg"}],"author":"bosniak","twitter_card":"summary_large_image","twitter_misc":{"Written by":"bosniak","Est. reading time":"3 minute"},"schema":{"@context":"https:\/\/schema.org","@graph":[{"@type":"Article","@id":"https:\/\/sandzakpress.net\/arhiva\/u-plavu-sandzacka-zastava-ugrozena\/#article","isPartOf":{"@id":"https:\/\/sandzakpress.net\/arhiva\/u-plavu-sandzacka-zastava-ugrozena\/"},"author":{"name":"bosniak","@id":"https:\/\/sandzakpress.net\/arhiva\/#\/schema\/person\/c8baee722073534b583ea7bdb2e36c02"},"headline":"U Plavu sand\u017ea\u010dka zastava ugro\u017eena","datePublished":"2012-07-30T14:48:39+00:00","dateModified":"2012-07-30T14:54:14+00:00","mainEntityOfPage":{"@id":"https:\/\/sandzakpress.net\/arhiva\/u-plavu-sandzacka-zastava-ugrozena\/"},"wordCount":619,"commentCount":8,"publisher":{"@id":"https:\/\/sandzakpress.net\/arhiva\/#\/schema\/person\/6e72b67d6e51910a1117b3b483ba20bd"},"image":{"@id":"https:\/\/sandzakpress.net\/arhiva\/u-plavu-sandzacka-zastava-ugrozena\/#primaryimage"},"thumbnailUrl":"https:\/\/sandzakpress.net\/arhiva\/wp-content\/uploads\/2012\/07\/Plav.jpg","articleSection":["Nacija","Plav","VIJESTI DANA"],"inLanguage":"bs-BA","potentialAction":[{"@type":"CommentAction","name":"Comment","target":["https:\/\/sandzakpress.net\/arhiva\/u-plavu-sandzacka-zastava-ugrozena\/#respond"]}]},{"@type":"WebPage","@id":"https:\/\/sandzakpress.net\/arhiva\/u-plavu-sandzacka-zastava-ugrozena\/","url":"https:\/\/sandzakpress.net\/arhiva\/u-plavu-sandzacka-zastava-ugrozena\/","name":"U Plavu sand\u017ea\u010dka zastava ugro\u017eena","isPartOf":{"@id":"https:\/\/sandzakpress.net\/arhiva\/#website"},"primaryImageOfPage":{"@id":"https:\/\/sandzakpress.net\/arhiva\/u-plavu-sandzacka-zastava-ugrozena\/#primaryimage"},"image":{"@id":"https:\/\/sandzakpress.net\/arhiva\/u-plavu-sandzacka-zastava-ugrozena\/#primaryimage"},"thumbnailUrl":"https:\/\/sandzakpress.net\/arhiva\/wp-content\/uploads\/2012\/07\/Plav.jpg","datePublished":"2012-07-30T14:48:39+00:00","dateModified":"2012-07-30T14:54:14+00:00","breadcrumb":{"@id":"https:\/\/sandzakpress.net\/arhiva\/u-plavu-sandzacka-zastava-ugrozena\/#breadcrumb"},"inLanguage":"bs-BA","potentialAction":[{"@type":"ReadAction","target":["https:\/\/sandzakpress.net\/arhiva\/u-plavu-sandzacka-zastava-ugrozena\/"]}]},{"@type":"ImageObject","inLanguage":"bs-BA","@id":"https:\/\/sandzakpress.net\/arhiva\/u-plavu-sandzacka-zastava-ugrozena\/#primaryimage","url":"https:\/\/sandzakpress.net\/arhiva\/wp-content\/uploads\/2012\/07\/Plav.jpg","contentUrl":"https:\/\/sandzakpress.net\/arhiva\/wp-content\/uploads\/2012\/07\/Plav.jpg","width":616,"height":411},{"@type":"BreadcrumbList","@id":"https:\/\/sandzakpress.net\/arhiva\/u-plavu-sandzacka-zastava-ugrozena\/#breadcrumb","itemListElement":[{"@type":"ListItem","position":1,"name":"Home","item":"https:\/\/sandzakpress.net\/arhiva\/"},{"@type":"ListItem","position":2,"name":"U Plavu sand\u017ea\u010dka zastava ugro\u017eena"}]},{"@type":"WebSite","@id":"https:\/\/sandzakpress.net\/arhiva\/#website","url":"https:\/\/sandzakpress.net\/arhiva\/","name":"Sand\u017eak PRESS","description":"Prve elektronske novine u Sand\u017eaku","publisher":{"@id":"https:\/\/sandzakpress.net\/arhiva\/#\/schema\/person\/6e72b67d6e51910a1117b3b483ba20bd"},"potentialAction":[{"@type":"SearchAction","target":{"@type":"EntryPoint","urlTemplate":"https:\/\/sandzakpress.net\/arhiva\/?s={search_term_string}"},"query-input":{"@type":"PropertyValueSpecification","valueRequired":true,"valueName":"search_term_string"}}],"inLanguage":"bs-BA"},{"@type":["Person","Organization"],"@id":"https:\/\/sandzakpress.net\/arhiva\/#\/schema\/person\/6e72b67d6e51910a1117b3b483ba20bd","name":"Kul","image":{"@type":"ImageObject","inLanguage":"bs-BA","@id":"https:\/\/sandzakpress.net\/arhiva\/#\/schema\/person\/image\/","url":"https:\/\/secure.gravatar.com\/avatar\/42263f39aa27ac04c43cab85c280eb2e?s=96&d=mm&r=pg","contentUrl":"https:\/\/secure.gravatar.com\/avatar\/42263f39aa27ac04c43cab85c280eb2e?s=96&d=mm&r=pg","caption":"Kul"},"logo":{"@id":"https:\/\/sandzakpress.net\/arhiva\/#\/schema\/person\/image\/"}},{"@type":"Person","@id":"https:\/\/sandzakpress.net\/arhiva\/#\/schema\/person\/c8baee722073534b583ea7bdb2e36c02","name":"bosniak","image":{"@type":"ImageObject","inLanguage":"bs-BA","@id":"https:\/\/sandzakpress.net\/arhiva\/#\/schema\/person\/image\/","url":"https:\/\/secure.gravatar.com\/avatar\/a04fd330bfe3a36a72a0ad4a6d89fca7?s=96&d=mm&r=pg","contentUrl":"https:\/\/secure.gravatar.com\/avatar\/a04fd330bfe3a36a72a0ad4a6d89fca7?s=96&d=mm&r=pg","caption":"bosniak"},"url":"https:\/\/sandzakpress.net\/arhiva\/author\/bosniak\/"}]}},"_links":{"self":[{"href":"https:\/\/sandzakpress.net\/arhiva\/wp-json\/wp\/v2\/posts\/46488"}],"collection":[{"href":"https:\/\/sandzakpress.net\/arhiva\/wp-json\/wp\/v2\/posts"}],"about":[{"href":"https:\/\/sandzakpress.net\/arhiva\/wp-json\/wp\/v2\/types\/post"}],"author":[{"embeddable":true,"href":"https:\/\/sandzakpress.net\/arhiva\/wp-json\/wp\/v2\/users\/83"}],"replies":[{"embeddable":true,"href":"https:\/\/sandzakpress.net\/arhiva\/wp-json\/wp\/v2\/comments?post=46488"}],"version-history":[{"count":0,"href":"https:\/\/sandzakpress.net\/arhiva\/wp-json\/wp\/v2\/posts\/46488\/revisions"}],"wp:featuredmedia":[{"embeddable":true,"href":"https:\/\/sandzakpress.net\/arhiva\/wp-json\/wp\/v2\/media\/46490"}],"wp:attachment":[{"href":"https:\/\/sandzakpress.net\/arhiva\/wp-json\/wp\/v2\/media?parent=46488"}],"wp:term":[{"taxonomy":"category","embeddable":true,"href":"https:\/\/sandzakpress.net\/arhiva\/wp-json\/wp\/v2\/categories?post=46488"},{"taxonomy":"post_tag","embeddable":true,"href":"https:\/\/sandzakpress.net\/arhiva\/wp-json\/wp\/v2\/tags?post=46488"}],"curies":[{"name":"wp","href":"https:\/\/api.w.org\/{rel}","templated":true}]}}