{"id":46449,"date":"2012-07-28T16:04:11","date_gmt":"2012-07-28T14:04:11","guid":{"rendered":"https:\/\/sandzakpress.net\/arhiva\/?p=46449"},"modified":"2012-07-28T16:25:33","modified_gmt":"2012-07-28T14:25:33","slug":"davutoglu-niko-u-svijetu-i-u-siriji-vise-ne-vjeruje-u-ostanak-assada","status":"publish","type":"post","link":"https:\/\/sandzakpress.net\/arhiva\/davutoglu-niko-u-svijetu-i-u-siriji-vise-ne-vjeruje-u-ostanak-assada\/","title":{"rendered":"Davutoglu: Niko u svijetu i u Siriji vi\u0161e ne vjeruje u ostanak Assada"},"content":{"rendered":"<p><strong><a href=\"https:\/\/sandzakpress.net\/arhiva\/wp-content\/uploads\/2012\/07\/davutoglu_disisleri.jpg\"><img loading=\"lazy\" decoding=\"async\" class=\"alignleft size-medium wp-image-46450\" title=\"davutoglu_disisleri\" src=\"https:\/\/sandzakpress.net\/arhiva\/wp-content\/uploads\/2012\/07\/davutoglu_disisleri-300x208.jpg\" alt=\"\" width=\"300\" height=\"208\" \/><\/a>Turska, Sirija &#8211; <\/strong><strong>Ministar vanjskih poslova Turske Ahmet Davutoglu kazao je da niti  jedan internacionalni ili nacionalni akter ne vjeruje da \u0107e sirijski  predsjednik Bashar al-Assad zadr\u017eati poziciju na vrhu dr\u017eave.<\/strong><\/p>\n<p>\u201cDanas ne postoji niti jedan internacionalni ili nacionalni akter  koji vjeruje da \u0107e Bashar al-Assad ostati u Siriji. Svi su po\u010deli  planirati novu administraciju\u201d, kazao je turski ministar vanjskih  poslova u petak. On je tako\u0111er naglasio da \u201cal-Assad nije uspio u svojim  reformama\u201d i da je \u201chodao po ivici uprkos upozorenjima od strane  Turske\u201d.<\/p>\n<p>\u201cTurska ima glavnu ulogu u odre\u0111ivanju budu\u0107nosti Sirije u ovom  trenutku, i Turska je nau\u010dila svoju lekciju iz onoga \u0161to se desilo u  Iraku\u201d, kazao je Davutoglu.<\/p>\n<p>On je iznio i \u017eelju Turske da Sirija \u010dim prije izabere svog novog  presjednika, kao i da vidi slobodne politi\u010dke partije i etni\u010dke grupe.<\/p>\n<p>\u201cNadamo se da \u0107emo vidjeti ujedinjenu Siriju i da \u0107e ona dosti\u0107i mir  sa svojim narodom\u201d, dodao je Davutoglu. On je napomenuo da \u201cproces koji  slijedi za Siriju ne\u0107e biti nimalo lagan\u201d, te da \u0107e \u201cbiti jako te\u0161ko  izmijeniti postoje\u0107u strutkturu dr\u017eave\u201d.<\/p>\n<p>(<strong>Sandzak<\/strong>)<\/p>\n","protected":false},"excerpt":{"rendered":"<p>Turska, Sirija &#8211; Ministar vanjskih poslova Turske Ahmet Davutoglu kazao je da niti jedan internacionalni ili nacionalni akter ne vjeruje da \u0107e sirijski predsjednik Bashar al-Assad zadr\u017eati poziciju na vrhu dr\u017eave. \u201cDanas ne postoji niti jedan internacionalni ili nacionalni akter koji vjeruje da \u0107e Bashar al-Assad ostati u Siriji. Svi su po\u010deli planirati novu administraciju\u201d, [&hellip;]<\/p>\n","protected":false},"author":13,"featured_media":46450,"comment_status":"open","ping_status":"open","sticky":false,"template":"","format":"standard","meta":{"footnotes":""},"categories":[9,8957,2692],"tags":[],"class_list":{"0":"post-46449","1":"post","2":"type-post","3":"status-publish","4":"format-standard","5":"has-post-thumbnail","7":"category-svijet","8":"category-vijesti-dana","9":"category-turska-gradovi"},"yoast_head":"<!-- This site is optimized with the Yoast SEO Premium plugin v23.1 (Yoast SEO v24.9) - https:\/\/yoast.com\/wordpress\/plugins\/seo\/ -->\n<title>Davutoglu: Niko u svijetu i u Siriji vi\u0161e ne vjeruje u ostanak Assada<\/title>\n<meta name=\"robots\" content=\"index, follow, max-snippet:-1, max-image-preview:large, max-video-preview:-1\" \/>\n<link rel=\"canonical\" href=\"https:\/\/sandzakpress.net\/arhiva\/davutoglu-niko-u-svijetu-i-u-siriji-vise-ne-vjeruje-u-ostanak-assada\/\" \/>\n<meta property=\"og:locale\" content=\"bs_BA\" \/>\n<meta property=\"og:type\" content=\"article\" \/>\n<meta property=\"og:title\" content=\"Davutoglu: Niko u svijetu i u Siriji vi\u0161e ne vjeruje u ostanak Assada\" \/>\n<meta property=\"og:description\" content=\"Turska, Sirija &#8211; Ministar vanjskih poslova Turske Ahmet Davutoglu kazao je da niti jedan internacionalni ili nacionalni akter ne vjeruje da \u0107e sirijski predsjednik Bashar al-Assad zadr\u017eati poziciju na vrhu dr\u017eave. \u201cDanas ne postoji niti jedan internacionalni ili nacionalni akter koji vjeruje da \u0107e Bashar al-Assad ostati u Siriji. Svi su po\u010deli planirati novu administraciju\u201d, [&hellip;]\" \/>\n<meta property=\"og:url\" content=\"https:\/\/sandzakpress.net\/arhiva\/davutoglu-niko-u-svijetu-i-u-siriji-vise-ne-vjeruje-u-ostanak-assada\/\" \/>\n<meta property=\"og:site_name\" content=\"Sand\u017eak PRESS\" \/>\n<meta property=\"article:published_time\" content=\"2012-07-28T14:04:11+00:00\" \/>\n<meta property=\"article:modified_time\" content=\"2012-07-28T14:25:33+00:00\" \/>\n<meta property=\"og:image\" content=\"https:\/\/sandzakpress.net\/arhiva\/wp-content\/uploads\/2012\/07\/davutoglu_disisleri.jpg\" \/>\n\t<meta property=\"og:image:width\" content=\"609\" \/>\n\t<meta property=\"og:image:height\" content=\"424\" \/>\n\t<meta property=\"og:image:type\" content=\"image\/jpeg\" \/>\n<meta name=\"twitter:card\" content=\"summary_large_image\" \/>\n<meta name=\"twitter:label1\" content=\"Written by\" \/>\n\t<meta name=\"twitter:data1\" content=\"\" \/>\n\t<meta name=\"twitter:label2\" content=\"Est. reading time\" \/>\n\t<meta name=\"twitter:data2\" content=\"1 minuta\" \/>\n<script type=\"application\/ld+json\" class=\"yoast-schema-graph\">{\"@context\":\"https:\/\/schema.org\",\"@graph\":[{\"@type\":\"Article\",\"@id\":\"https:\/\/sandzakpress.net\/arhiva\/davutoglu-niko-u-svijetu-i-u-siriji-vise-ne-vjeruje-u-ostanak-assada\/#article\",\"isPartOf\":{\"@id\":\"https:\/\/sandzakpress.net\/arhiva\/davutoglu-niko-u-svijetu-i-u-siriji-vise-ne-vjeruje-u-ostanak-assada\/\"},\"author\":{\"name\":\"\",\"@id\":\"\"},\"headline\":\"Davutoglu: Niko u svijetu i u Siriji vi\u0161e ne vjeruje u ostanak Assada\",\"datePublished\":\"2012-07-28T14:04:11+00:00\",\"dateModified\":\"2012-07-28T14:25:33+00:00\",\"mainEntityOfPage\":{\"@id\":\"https:\/\/sandzakpress.net\/arhiva\/davutoglu-niko-u-svijetu-i-u-siriji-vise-ne-vjeruje-u-ostanak-assada\/\"},\"wordCount\":207,\"commentCount\":1,\"publisher\":{\"@id\":\"https:\/\/sandzakpress.net\/arhiva\/#\/schema\/person\/6e72b67d6e51910a1117b3b483ba20bd\"},\"image\":{\"@id\":\"https:\/\/sandzakpress.net\/arhiva\/davutoglu-niko-u-svijetu-i-u-siriji-vise-ne-vjeruje-u-ostanak-assada\/#primaryimage\"},\"thumbnailUrl\":\"https:\/\/sandzakpress.net\/arhiva\/wp-content\/uploads\/2012\/07\/davutoglu_disisleri.jpg\",\"articleSection\":[\"Svijet\",\"VIJESTI DANA\",\"Turska\"],\"inLanguage\":\"bs-BA\",\"potentialAction\":[{\"@type\":\"CommentAction\",\"name\":\"Comment\",\"target\":[\"https:\/\/sandzakpress.net\/arhiva\/davutoglu-niko-u-svijetu-i-u-siriji-vise-ne-vjeruje-u-ostanak-assada\/#respond\"]}]},{\"@type\":\"WebPage\",\"@id\":\"https:\/\/sandzakpress.net\/arhiva\/davutoglu-niko-u-svijetu-i-u-siriji-vise-ne-vjeruje-u-ostanak-assada\/\",\"url\":\"https:\/\/sandzakpress.net\/arhiva\/davutoglu-niko-u-svijetu-i-u-siriji-vise-ne-vjeruje-u-ostanak-assada\/\",\"name\":\"Davutoglu: Niko u svijetu i u Siriji vi\u0161e ne vjeruje u ostanak Assada\",\"isPartOf\":{\"@id\":\"https:\/\/sandzakpress.net\/arhiva\/#website\"},\"primaryImageOfPage\":{\"@id\":\"https:\/\/sandzakpress.net\/arhiva\/davutoglu-niko-u-svijetu-i-u-siriji-vise-ne-vjeruje-u-ostanak-assada\/#primaryimage\"},\"image\":{\"@id\":\"https:\/\/sandzakpress.net\/arhiva\/davutoglu-niko-u-svijetu-i-u-siriji-vise-ne-vjeruje-u-ostanak-assada\/#primaryimage\"},\"thumbnailUrl\":\"https:\/\/sandzakpress.net\/arhiva\/wp-content\/uploads\/2012\/07\/davutoglu_disisleri.jpg\",\"datePublished\":\"2012-07-28T14:04:11+00:00\",\"dateModified\":\"2012-07-28T14:25:33+00:00\",\"breadcrumb\":{\"@id\":\"https:\/\/sandzakpress.net\/arhiva\/davutoglu-niko-u-svijetu-i-u-siriji-vise-ne-vjeruje-u-ostanak-assada\/#breadcrumb\"},\"inLanguage\":\"bs-BA\",\"potentialAction\":[{\"@type\":\"ReadAction\",\"target\":[\"https:\/\/sandzakpress.net\/arhiva\/davutoglu-niko-u-svijetu-i-u-siriji-vise-ne-vjeruje-u-ostanak-assada\/\"]}]},{\"@type\":\"ImageObject\",\"inLanguage\":\"bs-BA\",\"@id\":\"https:\/\/sandzakpress.net\/arhiva\/davutoglu-niko-u-svijetu-i-u-siriji-vise-ne-vjeruje-u-ostanak-assada\/#primaryimage\",\"url\":\"https:\/\/sandzakpress.net\/arhiva\/wp-content\/uploads\/2012\/07\/davutoglu_disisleri.jpg\",\"contentUrl\":\"https:\/\/sandzakpress.net\/arhiva\/wp-content\/uploads\/2012\/07\/davutoglu_disisleri.jpg\",\"width\":609,\"height\":424},{\"@type\":\"BreadcrumbList\",\"@id\":\"https:\/\/sandzakpress.net\/arhiva\/davutoglu-niko-u-svijetu-i-u-siriji-vise-ne-vjeruje-u-ostanak-assada\/#breadcrumb\",\"itemListElement\":[{\"@type\":\"ListItem\",\"position\":1,\"name\":\"Home\",\"item\":\"https:\/\/sandzakpress.net\/arhiva\/\"},{\"@type\":\"ListItem\",\"position\":2,\"name\":\"Davutoglu: Niko u svijetu i u Siriji vi\u0161e ne vjeruje u ostanak Assada\"}]},{\"@type\":\"WebSite\",\"@id\":\"https:\/\/sandzakpress.net\/arhiva\/#website\",\"url\":\"https:\/\/sandzakpress.net\/arhiva\/\",\"name\":\"Sand\u017eak PRESS\",\"description\":\"Prve elektronske novine u Sand\u017eaku\",\"publisher\":{\"@id\":\"https:\/\/sandzakpress.net\/arhiva\/#\/schema\/person\/6e72b67d6e51910a1117b3b483ba20bd\"},\"potentialAction\":[{\"@type\":\"SearchAction\",\"target\":{\"@type\":\"EntryPoint\",\"urlTemplate\":\"https:\/\/sandzakpress.net\/arhiva\/?s={search_term_string}\"},\"query-input\":{\"@type\":\"PropertyValueSpecification\",\"valueRequired\":true,\"valueName\":\"search_term_string\"}}],\"inLanguage\":\"bs-BA\"},{\"@type\":[\"Person\",\"Organization\"],\"@id\":\"https:\/\/sandzakpress.net\/arhiva\/#\/schema\/person\/6e72b67d6e51910a1117b3b483ba20bd\",\"name\":\"Kul\",\"image\":{\"@type\":\"ImageObject\",\"inLanguage\":\"bs-BA\",\"@id\":\"https:\/\/sandzakpress.net\/arhiva\/#\/schema\/person\/image\/\",\"url\":\"https:\/\/secure.gravatar.com\/avatar\/42263f39aa27ac04c43cab85c280eb2e?s=96&d=mm&r=pg\",\"contentUrl\":\"https:\/\/secure.gravatar.com\/avatar\/42263f39aa27ac04c43cab85c280eb2e?s=96&d=mm&r=pg\",\"caption\":\"Kul\"},\"logo\":{\"@id\":\"https:\/\/sandzakpress.net\/arhiva\/#\/schema\/person\/image\/\"}},{\"@type\":\"Person\",\"@id\":\"\",\"url\":\"https:\/\/sandzakpress.net\/arhiva\/author\/\"}]}<\/script>\n<!-- \/ Yoast SEO Premium plugin. -->","yoast_head_json":{"title":"Davutoglu: Niko u svijetu i u Siriji vi\u0161e ne vjeruje u ostanak Assada","robots":{"index":"index","follow":"follow","max-snippet":"max-snippet:-1","max-image-preview":"max-image-preview:large","max-video-preview":"max-video-preview:-1"},"canonical":"https:\/\/sandzakpress.net\/arhiva\/davutoglu-niko-u-svijetu-i-u-siriji-vise-ne-vjeruje-u-ostanak-assada\/","og_locale":"bs_BA","og_type":"article","og_title":"Davutoglu: Niko u svijetu i u Siriji vi\u0161e ne vjeruje u ostanak Assada","og_description":"Turska, Sirija &#8211; Ministar vanjskih poslova Turske Ahmet Davutoglu kazao je da niti jedan internacionalni ili nacionalni akter ne vjeruje da \u0107e sirijski predsjednik Bashar al-Assad zadr\u017eati poziciju na vrhu dr\u017eave. \u201cDanas ne postoji niti jedan internacionalni ili nacionalni akter koji vjeruje da \u0107e Bashar al-Assad ostati u Siriji. Svi su po\u010deli planirati novu administraciju\u201d, [&hellip;]","og_url":"https:\/\/sandzakpress.net\/arhiva\/davutoglu-niko-u-svijetu-i-u-siriji-vise-ne-vjeruje-u-ostanak-assada\/","og_site_name":"Sand\u017eak PRESS","article_published_time":"2012-07-28T14:04:11+00:00","article_modified_time":"2012-07-28T14:25:33+00:00","og_image":[{"width":609,"height":424,"url":"https:\/\/sandzakpress.net\/arhiva\/wp-content\/uploads\/2012\/07\/davutoglu_disisleri.jpg","type":"image\/jpeg"}],"twitter_card":"summary_large_image","twitter_misc":{"Written by":"","Est. reading time":"1 minuta"},"schema":{"@context":"https:\/\/schema.org","@graph":[{"@type":"Article","@id":"https:\/\/sandzakpress.net\/arhiva\/davutoglu-niko-u-svijetu-i-u-siriji-vise-ne-vjeruje-u-ostanak-assada\/#article","isPartOf":{"@id":"https:\/\/sandzakpress.net\/arhiva\/davutoglu-niko-u-svijetu-i-u-siriji-vise-ne-vjeruje-u-ostanak-assada\/"},"author":{"name":"","@id":""},"headline":"Davutoglu: Niko u svijetu i u Siriji vi\u0161e ne vjeruje u ostanak Assada","datePublished":"2012-07-28T14:04:11+00:00","dateModified":"2012-07-28T14:25:33+00:00","mainEntityOfPage":{"@id":"https:\/\/sandzakpress.net\/arhiva\/davutoglu-niko-u-svijetu-i-u-siriji-vise-ne-vjeruje-u-ostanak-assada\/"},"wordCount":207,"commentCount":1,"publisher":{"@id":"https:\/\/sandzakpress.net\/arhiva\/#\/schema\/person\/6e72b67d6e51910a1117b3b483ba20bd"},"image":{"@id":"https:\/\/sandzakpress.net\/arhiva\/davutoglu-niko-u-svijetu-i-u-siriji-vise-ne-vjeruje-u-ostanak-assada\/#primaryimage"},"thumbnailUrl":"https:\/\/sandzakpress.net\/arhiva\/wp-content\/uploads\/2012\/07\/davutoglu_disisleri.jpg","articleSection":["Svijet","VIJESTI DANA","Turska"],"inLanguage":"bs-BA","potentialAction":[{"@type":"CommentAction","name":"Comment","target":["https:\/\/sandzakpress.net\/arhiva\/davutoglu-niko-u-svijetu-i-u-siriji-vise-ne-vjeruje-u-ostanak-assada\/#respond"]}]},{"@type":"WebPage","@id":"https:\/\/sandzakpress.net\/arhiva\/davutoglu-niko-u-svijetu-i-u-siriji-vise-ne-vjeruje-u-ostanak-assada\/","url":"https:\/\/sandzakpress.net\/arhiva\/davutoglu-niko-u-svijetu-i-u-siriji-vise-ne-vjeruje-u-ostanak-assada\/","name":"Davutoglu: Niko u svijetu i u Siriji vi\u0161e ne vjeruje u ostanak Assada","isPartOf":{"@id":"https:\/\/sandzakpress.net\/arhiva\/#website"},"primaryImageOfPage":{"@id":"https:\/\/sandzakpress.net\/arhiva\/davutoglu-niko-u-svijetu-i-u-siriji-vise-ne-vjeruje-u-ostanak-assada\/#primaryimage"},"image":{"@id":"https:\/\/sandzakpress.net\/arhiva\/davutoglu-niko-u-svijetu-i-u-siriji-vise-ne-vjeruje-u-ostanak-assada\/#primaryimage"},"thumbnailUrl":"https:\/\/sandzakpress.net\/arhiva\/wp-content\/uploads\/2012\/07\/davutoglu_disisleri.jpg","datePublished":"2012-07-28T14:04:11+00:00","dateModified":"2012-07-28T14:25:33+00:00","breadcrumb":{"@id":"https:\/\/sandzakpress.net\/arhiva\/davutoglu-niko-u-svijetu-i-u-siriji-vise-ne-vjeruje-u-ostanak-assada\/#breadcrumb"},"inLanguage":"bs-BA","potentialAction":[{"@type":"ReadAction","target":["https:\/\/sandzakpress.net\/arhiva\/davutoglu-niko-u-svijetu-i-u-siriji-vise-ne-vjeruje-u-ostanak-assada\/"]}]},{"@type":"ImageObject","inLanguage":"bs-BA","@id":"https:\/\/sandzakpress.net\/arhiva\/davutoglu-niko-u-svijetu-i-u-siriji-vise-ne-vjeruje-u-ostanak-assada\/#primaryimage","url":"https:\/\/sandzakpress.net\/arhiva\/wp-content\/uploads\/2012\/07\/davutoglu_disisleri.jpg","contentUrl":"https:\/\/sandzakpress.net\/arhiva\/wp-content\/uploads\/2012\/07\/davutoglu_disisleri.jpg","width":609,"height":424},{"@type":"BreadcrumbList","@id":"https:\/\/sandzakpress.net\/arhiva\/davutoglu-niko-u-svijetu-i-u-siriji-vise-ne-vjeruje-u-ostanak-assada\/#breadcrumb","itemListElement":[{"@type":"ListItem","position":1,"name":"Home","item":"https:\/\/sandzakpress.net\/arhiva\/"},{"@type":"ListItem","position":2,"name":"Davutoglu: Niko u svijetu i u Siriji vi\u0161e ne vjeruje u ostanak Assada"}]},{"@type":"WebSite","@id":"https:\/\/sandzakpress.net\/arhiva\/#website","url":"https:\/\/sandzakpress.net\/arhiva\/","name":"Sand\u017eak PRESS","description":"Prve elektronske novine u Sand\u017eaku","publisher":{"@id":"https:\/\/sandzakpress.net\/arhiva\/#\/schema\/person\/6e72b67d6e51910a1117b3b483ba20bd"},"potentialAction":[{"@type":"SearchAction","target":{"@type":"EntryPoint","urlTemplate":"https:\/\/sandzakpress.net\/arhiva\/?s={search_term_string}"},"query-input":{"@type":"PropertyValueSpecification","valueRequired":true,"valueName":"search_term_string"}}],"inLanguage":"bs-BA"},{"@type":["Person","Organization"],"@id":"https:\/\/sandzakpress.net\/arhiva\/#\/schema\/person\/6e72b67d6e51910a1117b3b483ba20bd","name":"Kul","image":{"@type":"ImageObject","inLanguage":"bs-BA","@id":"https:\/\/sandzakpress.net\/arhiva\/#\/schema\/person\/image\/","url":"https:\/\/secure.gravatar.com\/avatar\/42263f39aa27ac04c43cab85c280eb2e?s=96&d=mm&r=pg","contentUrl":"https:\/\/secure.gravatar.com\/avatar\/42263f39aa27ac04c43cab85c280eb2e?s=96&d=mm&r=pg","caption":"Kul"},"logo":{"@id":"https:\/\/sandzakpress.net\/arhiva\/#\/schema\/person\/image\/"}},{"@type":"Person","@id":"","url":"https:\/\/sandzakpress.net\/arhiva\/author\/"}]}},"_links":{"self":[{"href":"https:\/\/sandzakpress.net\/arhiva\/wp-json\/wp\/v2\/posts\/46449"}],"collection":[{"href":"https:\/\/sandzakpress.net\/arhiva\/wp-json\/wp\/v2\/posts"}],"about":[{"href":"https:\/\/sandzakpress.net\/arhiva\/wp-json\/wp\/v2\/types\/post"}],"author":[{"embeddable":true,"href":"https:\/\/sandzakpress.net\/arhiva\/wp-json\/wp\/v2\/users\/13"}],"replies":[{"embeddable":true,"href":"https:\/\/sandzakpress.net\/arhiva\/wp-json\/wp\/v2\/comments?post=46449"}],"version-history":[{"count":0,"href":"https:\/\/sandzakpress.net\/arhiva\/wp-json\/wp\/v2\/posts\/46449\/revisions"}],"wp:featuredmedia":[{"embeddable":true,"href":"https:\/\/sandzakpress.net\/arhiva\/wp-json\/wp\/v2\/media\/46450"}],"wp:attachment":[{"href":"https:\/\/sandzakpress.net\/arhiva\/wp-json\/wp\/v2\/media?parent=46449"}],"wp:term":[{"taxonomy":"category","embeddable":true,"href":"https:\/\/sandzakpress.net\/arhiva\/wp-json\/wp\/v2\/categories?post=46449"},{"taxonomy":"post_tag","embeddable":true,"href":"https:\/\/sandzakpress.net\/arhiva\/wp-json\/wp\/v2\/tags?post=46449"}],"curies":[{"name":"wp","href":"https:\/\/api.w.org\/{rel}","templated":true}]}}