{"id":46439,"date":"2012-07-28T15:50:43","date_gmt":"2012-07-28T13:50:43","guid":{"rendered":"https:\/\/sandzakpress.net\/arhiva\/?p=46439"},"modified":"2012-07-28T16:25:24","modified_gmt":"2012-07-28T14:25:24","slug":"zemljotres-u-bosni-i-hercegovini-manja-materijalna-steta","status":"publish","type":"post","link":"https:\/\/sandzakpress.net\/arhiva\/zemljotres-u-bosni-i-hercegovini-manja-materijalna-steta\/","title":{"rendered":"Zemljotres u Bosni i Hercegovini, manja materijalna \u0161teta"},"content":{"rendered":"<p><strong><em><a href=\"https:\/\/sandzakpress.net\/arhiva\/wp-content\/uploads\/2012\/07\/255x160_21448-Zemljotres_-_seizmi\u010dki_grafikon.jpg\"><img loading=\"lazy\" decoding=\"async\" class=\"alignleft size-full wp-image-46440\" title=\"255x160_21448-Zemljotres_-_seizmi\u010dki_grafikon\" src=\"https:\/\/sandzakpress.net\/arhiva\/wp-content\/uploads\/2012\/07\/255x160_21448-Zemljotres_-_seizmi\u010dki_grafikon.jpg\" alt=\"\" width=\"255\" height=\"144\" \/><\/a>BiH &#8211; Zemljotres ja\u010dine 4,5 stepeni, koji je no\u010das  pogodio Bosnu i Hercegovinu, naneo je samo manju mametrijalnu \u0161tetu a  povre\u0111enih nije bilo.<\/em><\/strong><\/p>\n<p><a href=\"http:\/\/www.emsc-csem.org\/Earthquake\/earthquake.php?id=279673\" target=\"_blank\">Epicentar zemljotresa<\/a> bio je dva kilometra od Zenice na dubini od dva kilometra, a dogodio se  no\u0161as u 1.12 h. Kasnije su usledila jo\u0161 dva manja potresa.<\/p>\n<p>Prema podacima Uprave Civilne za\u0161tite Zeni\u010dko-dobojskog kantona, u  nekoliko tro\u0161nijih objekata sru\u0161ili su se dimnjaci, a prijavljen je i  ve\u0107i <a href=\"http:\/\/www.popboxads.com\/server\/campain.php?utm_source=popbox&amp;utm_medium=cpc&amp;utm_campaign=popbox&amp;idR=18530&amp;oglId=1320&amp;mId=354&amp;burl=novimagazin.rs&amp;t=1343482296&amp;sc=08614eb223bc8d199397658047360108&amp;dl=1\" target=\"_blank\">broj<\/a> o\u0161te\u0107enja na zidovima i fasadama.<\/p>\n<p>Prijava o pri\u010dinjenoj ve\u0107oj \u0161teti ili povre\u0111enima nije bilo, prenela je Fena.<\/p>\n<p>Podrhtavanje tla je trajalo deset sekundi, a mnogi stanovnici Zenice su iza\u0161li na ulice.<\/p>\n<p>Zemljotres se osetio i <a href=\"http:\/\/www.popboxads.com\/server\/campain.php?utm_source=popbox&amp;utm_medium=cpc&amp;utm_campaign=popbox&amp;idR=23511&amp;oglId=1509&amp;mId=354&amp;burl=novimagazin.rs&amp;t=1343482295&amp;sc=fb499752efc788ec4e3c4635353a81b5&amp;dl=1\" target=\"_blank\">u Beogradu<\/a>, udaljenom 215 kilometara, kao i u delovima Hrvatske.<\/p>\n<p>(<strong>NoviMagazin<\/strong>)<\/p>\n","protected":false},"excerpt":{"rendered":"<p>BiH &#8211; Zemljotres ja\u010dine 4,5 stepeni, koji je no\u010das pogodio Bosnu i Hercegovinu, naneo je samo manju mametrijalnu \u0161tetu a povre\u0111enih nije bilo. Epicentar zemljotresa bio je dva kilometra od Zenice na dubini od dva kilometra, a dogodio se no\u0161as u 1.12 h. Kasnije su usledila jo\u0161 dva manja potresa. Prema podacima Uprave Civilne za\u0161tite [&hellip;]<\/p>\n","protected":false},"author":13,"featured_media":46440,"comment_status":"open","ping_status":"open","sticky":false,"template":"","format":"standard","meta":{"footnotes":""},"categories":[2860,8957],"tags":[],"class_list":{"0":"post-46439","1":"post","2":"type-post","3":"status-publish","4":"format-standard","5":"has-post-thumbnail","7":"category-bosna-i-hercegovina-gradovi","8":"category-vijesti-dana"},"yoast_head":"<!-- This site is optimized with the Yoast SEO Premium plugin v23.1 (Yoast SEO v24.9) - https:\/\/yoast.com\/wordpress\/plugins\/seo\/ -->\n<title>Zemljotres u Bosni i Hercegovini, manja materijalna \u0161teta<\/title>\n<meta name=\"robots\" content=\"index, follow, max-snippet:-1, max-image-preview:large, max-video-preview:-1\" \/>\n<link rel=\"canonical\" href=\"https:\/\/sandzakpress.net\/arhiva\/zemljotres-u-bosni-i-hercegovini-manja-materijalna-steta\/\" \/>\n<meta property=\"og:locale\" content=\"bs_BA\" \/>\n<meta property=\"og:type\" content=\"article\" \/>\n<meta property=\"og:title\" content=\"Zemljotres u Bosni i Hercegovini, manja materijalna \u0161teta\" \/>\n<meta property=\"og:description\" content=\"BiH &#8211; Zemljotres ja\u010dine 4,5 stepeni, koji je no\u010das pogodio Bosnu i Hercegovinu, naneo je samo manju mametrijalnu \u0161tetu a povre\u0111enih nije bilo. Epicentar zemljotresa bio je dva kilometra od Zenice na dubini od dva kilometra, a dogodio se no\u0161as u 1.12 h. Kasnije su usledila jo\u0161 dva manja potresa. Prema podacima Uprave Civilne za\u0161tite [&hellip;]\" \/>\n<meta property=\"og:url\" content=\"https:\/\/sandzakpress.net\/arhiva\/zemljotres-u-bosni-i-hercegovini-manja-materijalna-steta\/\" \/>\n<meta property=\"og:site_name\" content=\"Sand\u017eak PRESS\" \/>\n<meta property=\"article:published_time\" content=\"2012-07-28T13:50:43+00:00\" \/>\n<meta property=\"article:modified_time\" content=\"2012-07-28T14:25:24+00:00\" \/>\n<meta property=\"og:image\" content=\"https:\/\/sandzakpress.net\/arhiva\/wp-content\/uploads\/2012\/07\/255x160_21448-Zemljotres_-_seizmi\u010dki_grafikon.jpg\" \/>\n\t<meta property=\"og:image:width\" content=\"255\" \/>\n\t<meta property=\"og:image:height\" content=\"144\" \/>\n\t<meta property=\"og:image:type\" content=\"image\/jpeg\" \/>\n<meta name=\"twitter:card\" content=\"summary_large_image\" \/>\n<meta name=\"twitter:label1\" content=\"Written by\" \/>\n\t<meta name=\"twitter:data1\" content=\"\" \/>\n\t<meta name=\"twitter:label2\" content=\"Est. reading time\" \/>\n\t<meta name=\"twitter:data2\" content=\"1 minuta\" \/>\n<script type=\"application\/ld+json\" class=\"yoast-schema-graph\">{\"@context\":\"https:\/\/schema.org\",\"@graph\":[{\"@type\":\"Article\",\"@id\":\"https:\/\/sandzakpress.net\/arhiva\/zemljotres-u-bosni-i-hercegovini-manja-materijalna-steta\/#article\",\"isPartOf\":{\"@id\":\"https:\/\/sandzakpress.net\/arhiva\/zemljotres-u-bosni-i-hercegovini-manja-materijalna-steta\/\"},\"author\":{\"name\":\"\",\"@id\":\"\"},\"headline\":\"Zemljotres u Bosni i Hercegovini, manja materijalna \u0161teta\",\"datePublished\":\"2012-07-28T13:50:43+00:00\",\"dateModified\":\"2012-07-28T14:25:24+00:00\",\"mainEntityOfPage\":{\"@id\":\"https:\/\/sandzakpress.net\/arhiva\/zemljotres-u-bosni-i-hercegovini-manja-materijalna-steta\/\"},\"wordCount\":137,\"commentCount\":0,\"publisher\":{\"@id\":\"https:\/\/sandzakpress.net\/arhiva\/#\/schema\/person\/6e72b67d6e51910a1117b3b483ba20bd\"},\"image\":{\"@id\":\"https:\/\/sandzakpress.net\/arhiva\/zemljotres-u-bosni-i-hercegovini-manja-materijalna-steta\/#primaryimage\"},\"thumbnailUrl\":\"https:\/\/sandzakpress.net\/arhiva\/wp-content\/uploads\/2012\/07\/255x160_21448-Zemljotres_-_seizmi\u010dki_grafikon.jpg\",\"articleSection\":[\"Bosna i Hercegovina\",\"VIJESTI DANA\"],\"inLanguage\":\"bs-BA\",\"potentialAction\":[{\"@type\":\"CommentAction\",\"name\":\"Comment\",\"target\":[\"https:\/\/sandzakpress.net\/arhiva\/zemljotres-u-bosni-i-hercegovini-manja-materijalna-steta\/#respond\"]}]},{\"@type\":\"WebPage\",\"@id\":\"https:\/\/sandzakpress.net\/arhiva\/zemljotres-u-bosni-i-hercegovini-manja-materijalna-steta\/\",\"url\":\"https:\/\/sandzakpress.net\/arhiva\/zemljotres-u-bosni-i-hercegovini-manja-materijalna-steta\/\",\"name\":\"Zemljotres u Bosni i Hercegovini, manja materijalna \u0161teta\",\"isPartOf\":{\"@id\":\"https:\/\/sandzakpress.net\/arhiva\/#website\"},\"primaryImageOfPage\":{\"@id\":\"https:\/\/sandzakpress.net\/arhiva\/zemljotres-u-bosni-i-hercegovini-manja-materijalna-steta\/#primaryimage\"},\"image\":{\"@id\":\"https:\/\/sandzakpress.net\/arhiva\/zemljotres-u-bosni-i-hercegovini-manja-materijalna-steta\/#primaryimage\"},\"thumbnailUrl\":\"https:\/\/sandzakpress.net\/arhiva\/wp-content\/uploads\/2012\/07\/255x160_21448-Zemljotres_-_seizmi\u010dki_grafikon.jpg\",\"datePublished\":\"2012-07-28T13:50:43+00:00\",\"dateModified\":\"2012-07-28T14:25:24+00:00\",\"breadcrumb\":{\"@id\":\"https:\/\/sandzakpress.net\/arhiva\/zemljotres-u-bosni-i-hercegovini-manja-materijalna-steta\/#breadcrumb\"},\"inLanguage\":\"bs-BA\",\"potentialAction\":[{\"@type\":\"ReadAction\",\"target\":[\"https:\/\/sandzakpress.net\/arhiva\/zemljotres-u-bosni-i-hercegovini-manja-materijalna-steta\/\"]}]},{\"@type\":\"ImageObject\",\"inLanguage\":\"bs-BA\",\"@id\":\"https:\/\/sandzakpress.net\/arhiva\/zemljotres-u-bosni-i-hercegovini-manja-materijalna-steta\/#primaryimage\",\"url\":\"https:\/\/sandzakpress.net\/arhiva\/wp-content\/uploads\/2012\/07\/255x160_21448-Zemljotres_-_seizmi\u010dki_grafikon.jpg\",\"contentUrl\":\"https:\/\/sandzakpress.net\/arhiva\/wp-content\/uploads\/2012\/07\/255x160_21448-Zemljotres_-_seizmi\u010dki_grafikon.jpg\",\"width\":255,\"height\":144},{\"@type\":\"BreadcrumbList\",\"@id\":\"https:\/\/sandzakpress.net\/arhiva\/zemljotres-u-bosni-i-hercegovini-manja-materijalna-steta\/#breadcrumb\",\"itemListElement\":[{\"@type\":\"ListItem\",\"position\":1,\"name\":\"Home\",\"item\":\"https:\/\/sandzakpress.net\/arhiva\/\"},{\"@type\":\"ListItem\",\"position\":2,\"name\":\"Zemljotres u Bosni i Hercegovini, manja materijalna \u0161teta\"}]},{\"@type\":\"WebSite\",\"@id\":\"https:\/\/sandzakpress.net\/arhiva\/#website\",\"url\":\"https:\/\/sandzakpress.net\/arhiva\/\",\"name\":\"Sand\u017eak PRESS\",\"description\":\"Prve elektronske novine u Sand\u017eaku\",\"publisher\":{\"@id\":\"https:\/\/sandzakpress.net\/arhiva\/#\/schema\/person\/6e72b67d6e51910a1117b3b483ba20bd\"},\"potentialAction\":[{\"@type\":\"SearchAction\",\"target\":{\"@type\":\"EntryPoint\",\"urlTemplate\":\"https:\/\/sandzakpress.net\/arhiva\/?s={search_term_string}\"},\"query-input\":{\"@type\":\"PropertyValueSpecification\",\"valueRequired\":true,\"valueName\":\"search_term_string\"}}],\"inLanguage\":\"bs-BA\"},{\"@type\":[\"Person\",\"Organization\"],\"@id\":\"https:\/\/sandzakpress.net\/arhiva\/#\/schema\/person\/6e72b67d6e51910a1117b3b483ba20bd\",\"name\":\"Kul\",\"image\":{\"@type\":\"ImageObject\",\"inLanguage\":\"bs-BA\",\"@id\":\"https:\/\/sandzakpress.net\/arhiva\/#\/schema\/person\/image\/\",\"url\":\"https:\/\/secure.gravatar.com\/avatar\/42263f39aa27ac04c43cab85c280eb2e?s=96&d=mm&r=pg\",\"contentUrl\":\"https:\/\/secure.gravatar.com\/avatar\/42263f39aa27ac04c43cab85c280eb2e?s=96&d=mm&r=pg\",\"caption\":\"Kul\"},\"logo\":{\"@id\":\"https:\/\/sandzakpress.net\/arhiva\/#\/schema\/person\/image\/\"}},{\"@type\":\"Person\",\"@id\":\"\",\"url\":\"https:\/\/sandzakpress.net\/arhiva\/author\/\"}]}<\/script>\n<!-- \/ Yoast SEO Premium plugin. -->","yoast_head_json":{"title":"Zemljotres u Bosni i Hercegovini, manja materijalna \u0161teta","robots":{"index":"index","follow":"follow","max-snippet":"max-snippet:-1","max-image-preview":"max-image-preview:large","max-video-preview":"max-video-preview:-1"},"canonical":"https:\/\/sandzakpress.net\/arhiva\/zemljotres-u-bosni-i-hercegovini-manja-materijalna-steta\/","og_locale":"bs_BA","og_type":"article","og_title":"Zemljotres u Bosni i Hercegovini, manja materijalna \u0161teta","og_description":"BiH &#8211; Zemljotres ja\u010dine 4,5 stepeni, koji je no\u010das pogodio Bosnu i Hercegovinu, naneo je samo manju mametrijalnu \u0161tetu a povre\u0111enih nije bilo. Epicentar zemljotresa bio je dva kilometra od Zenice na dubini od dva kilometra, a dogodio se no\u0161as u 1.12 h. Kasnije su usledila jo\u0161 dva manja potresa. Prema podacima Uprave Civilne za\u0161tite [&hellip;]","og_url":"https:\/\/sandzakpress.net\/arhiva\/zemljotres-u-bosni-i-hercegovini-manja-materijalna-steta\/","og_site_name":"Sand\u017eak PRESS","article_published_time":"2012-07-28T13:50:43+00:00","article_modified_time":"2012-07-28T14:25:24+00:00","og_image":[{"width":255,"height":144,"url":"https:\/\/sandzakpress.net\/arhiva\/wp-content\/uploads\/2012\/07\/255x160_21448-Zemljotres_-_seizmi\u010dki_grafikon.jpg","type":"image\/jpeg"}],"twitter_card":"summary_large_image","twitter_misc":{"Written by":"","Est. reading time":"1 minuta"},"schema":{"@context":"https:\/\/schema.org","@graph":[{"@type":"Article","@id":"https:\/\/sandzakpress.net\/arhiva\/zemljotres-u-bosni-i-hercegovini-manja-materijalna-steta\/#article","isPartOf":{"@id":"https:\/\/sandzakpress.net\/arhiva\/zemljotres-u-bosni-i-hercegovini-manja-materijalna-steta\/"},"author":{"name":"","@id":""},"headline":"Zemljotres u Bosni i Hercegovini, manja materijalna \u0161teta","datePublished":"2012-07-28T13:50:43+00:00","dateModified":"2012-07-28T14:25:24+00:00","mainEntityOfPage":{"@id":"https:\/\/sandzakpress.net\/arhiva\/zemljotres-u-bosni-i-hercegovini-manja-materijalna-steta\/"},"wordCount":137,"commentCount":0,"publisher":{"@id":"https:\/\/sandzakpress.net\/arhiva\/#\/schema\/person\/6e72b67d6e51910a1117b3b483ba20bd"},"image":{"@id":"https:\/\/sandzakpress.net\/arhiva\/zemljotres-u-bosni-i-hercegovini-manja-materijalna-steta\/#primaryimage"},"thumbnailUrl":"https:\/\/sandzakpress.net\/arhiva\/wp-content\/uploads\/2012\/07\/255x160_21448-Zemljotres_-_seizmi\u010dki_grafikon.jpg","articleSection":["Bosna i Hercegovina","VIJESTI DANA"],"inLanguage":"bs-BA","potentialAction":[{"@type":"CommentAction","name":"Comment","target":["https:\/\/sandzakpress.net\/arhiva\/zemljotres-u-bosni-i-hercegovini-manja-materijalna-steta\/#respond"]}]},{"@type":"WebPage","@id":"https:\/\/sandzakpress.net\/arhiva\/zemljotres-u-bosni-i-hercegovini-manja-materijalna-steta\/","url":"https:\/\/sandzakpress.net\/arhiva\/zemljotres-u-bosni-i-hercegovini-manja-materijalna-steta\/","name":"Zemljotres u Bosni i Hercegovini, manja materijalna \u0161teta","isPartOf":{"@id":"https:\/\/sandzakpress.net\/arhiva\/#website"},"primaryImageOfPage":{"@id":"https:\/\/sandzakpress.net\/arhiva\/zemljotres-u-bosni-i-hercegovini-manja-materijalna-steta\/#primaryimage"},"image":{"@id":"https:\/\/sandzakpress.net\/arhiva\/zemljotres-u-bosni-i-hercegovini-manja-materijalna-steta\/#primaryimage"},"thumbnailUrl":"https:\/\/sandzakpress.net\/arhiva\/wp-content\/uploads\/2012\/07\/255x160_21448-Zemljotres_-_seizmi\u010dki_grafikon.jpg","datePublished":"2012-07-28T13:50:43+00:00","dateModified":"2012-07-28T14:25:24+00:00","breadcrumb":{"@id":"https:\/\/sandzakpress.net\/arhiva\/zemljotres-u-bosni-i-hercegovini-manja-materijalna-steta\/#breadcrumb"},"inLanguage":"bs-BA","potentialAction":[{"@type":"ReadAction","target":["https:\/\/sandzakpress.net\/arhiva\/zemljotres-u-bosni-i-hercegovini-manja-materijalna-steta\/"]}]},{"@type":"ImageObject","inLanguage":"bs-BA","@id":"https:\/\/sandzakpress.net\/arhiva\/zemljotres-u-bosni-i-hercegovini-manja-materijalna-steta\/#primaryimage","url":"https:\/\/sandzakpress.net\/arhiva\/wp-content\/uploads\/2012\/07\/255x160_21448-Zemljotres_-_seizmi\u010dki_grafikon.jpg","contentUrl":"https:\/\/sandzakpress.net\/arhiva\/wp-content\/uploads\/2012\/07\/255x160_21448-Zemljotres_-_seizmi\u010dki_grafikon.jpg","width":255,"height":144},{"@type":"BreadcrumbList","@id":"https:\/\/sandzakpress.net\/arhiva\/zemljotres-u-bosni-i-hercegovini-manja-materijalna-steta\/#breadcrumb","itemListElement":[{"@type":"ListItem","position":1,"name":"Home","item":"https:\/\/sandzakpress.net\/arhiva\/"},{"@type":"ListItem","position":2,"name":"Zemljotres u Bosni i Hercegovini, manja materijalna \u0161teta"}]},{"@type":"WebSite","@id":"https:\/\/sandzakpress.net\/arhiva\/#website","url":"https:\/\/sandzakpress.net\/arhiva\/","name":"Sand\u017eak PRESS","description":"Prve elektronske novine u Sand\u017eaku","publisher":{"@id":"https:\/\/sandzakpress.net\/arhiva\/#\/schema\/person\/6e72b67d6e51910a1117b3b483ba20bd"},"potentialAction":[{"@type":"SearchAction","target":{"@type":"EntryPoint","urlTemplate":"https:\/\/sandzakpress.net\/arhiva\/?s={search_term_string}"},"query-input":{"@type":"PropertyValueSpecification","valueRequired":true,"valueName":"search_term_string"}}],"inLanguage":"bs-BA"},{"@type":["Person","Organization"],"@id":"https:\/\/sandzakpress.net\/arhiva\/#\/schema\/person\/6e72b67d6e51910a1117b3b483ba20bd","name":"Kul","image":{"@type":"ImageObject","inLanguage":"bs-BA","@id":"https:\/\/sandzakpress.net\/arhiva\/#\/schema\/person\/image\/","url":"https:\/\/secure.gravatar.com\/avatar\/42263f39aa27ac04c43cab85c280eb2e?s=96&d=mm&r=pg","contentUrl":"https:\/\/secure.gravatar.com\/avatar\/42263f39aa27ac04c43cab85c280eb2e?s=96&d=mm&r=pg","caption":"Kul"},"logo":{"@id":"https:\/\/sandzakpress.net\/arhiva\/#\/schema\/person\/image\/"}},{"@type":"Person","@id":"","url":"https:\/\/sandzakpress.net\/arhiva\/author\/"}]}},"_links":{"self":[{"href":"https:\/\/sandzakpress.net\/arhiva\/wp-json\/wp\/v2\/posts\/46439"}],"collection":[{"href":"https:\/\/sandzakpress.net\/arhiva\/wp-json\/wp\/v2\/posts"}],"about":[{"href":"https:\/\/sandzakpress.net\/arhiva\/wp-json\/wp\/v2\/types\/post"}],"author":[{"embeddable":true,"href":"https:\/\/sandzakpress.net\/arhiva\/wp-json\/wp\/v2\/users\/13"}],"replies":[{"embeddable":true,"href":"https:\/\/sandzakpress.net\/arhiva\/wp-json\/wp\/v2\/comments?post=46439"}],"version-history":[{"count":0,"href":"https:\/\/sandzakpress.net\/arhiva\/wp-json\/wp\/v2\/posts\/46439\/revisions"}],"wp:featuredmedia":[{"embeddable":true,"href":"https:\/\/sandzakpress.net\/arhiva\/wp-json\/wp\/v2\/media\/46440"}],"wp:attachment":[{"href":"https:\/\/sandzakpress.net\/arhiva\/wp-json\/wp\/v2\/media?parent=46439"}],"wp:term":[{"taxonomy":"category","embeddable":true,"href":"https:\/\/sandzakpress.net\/arhiva\/wp-json\/wp\/v2\/categories?post=46439"},{"taxonomy":"post_tag","embeddable":true,"href":"https:\/\/sandzakpress.net\/arhiva\/wp-json\/wp\/v2\/tags?post=46439"}],"curies":[{"name":"wp","href":"https:\/\/api.w.org\/{rel}","templated":true}]}}