{"id":46357,"date":"2012-07-27T18:10:46","date_gmt":"2012-07-27T16:10:46","guid":{"rendered":"https:\/\/sandzakpress.net\/arhiva\/?p=46357"},"modified":"2012-07-27T18:14:20","modified_gmt":"2012-07-27T16:14:20","slug":"elfic-kritikovao-a-palma-branio-rad-ugljanina-i-ljajica-u-skupstini-srbije","status":"publish","type":"post","link":"https:\/\/sandzakpress.net\/arhiva\/elfic-kritikovao-a-palma-branio-rad-ugljanina-i-ljajica-u-skupstini-srbije\/","title":{"rendered":"U Skup\u0161tini Srbije Elfi\u0107 kritikovao, a Palma branio rad Ugljanina i Ljaji\u0107a (Video)"},"content":{"rendered":"<p><strong><a href=\"https:\/\/sandzakpress.net\/arhiva\/wp-content\/uploads\/2012\/07\/EmiriKenan.jpg\"><img loading=\"lazy\" decoding=\"async\" class=\"alignleft size-medium wp-image-46362\" title=\"EmiriKenan\" src=\"https:\/\/sandzakpress.net\/arhiva\/wp-content\/uploads\/2012\/07\/EmiriKenan-300x295.jpg\" alt=\"\" width=\"300\" height=\"295\" \/><\/a>Sjeverni Sand\u017eak &#8211; Skup\u0161tina Srbije izabrala je danas novu Vladu sa Ivicom Da\u010di\u0107em na \u010delu. Novu vladu \u010dine koalicije okupljene oko Srpske napredne stranke, Socijalisti\u010dke partije Srbije, Ujedinjenih regiona Srbije, Socijaldemokratska partija Srbije i Stranka demokratske akcije.<\/strong><\/p>\n<p>U okviru rasprave u Vladi ju\u010de je odr\u017eana posebna sjednica na kojoj su se poslanici javnim glasanjem, odnosno prozivkom izjasnili o premijeru i novoj vladi.Skup\u0161tinska rasprava je izme\u0111u ostalog bila veoma \u017eu\u010dna izme\u0111u \u010cedomira Jovanovi\u0107a i Aleksandra Vu\u010di\u0107a, dok se predsjednik Jedinstvene Srbije Dragan Markovi\u0107 Palma zahvalio ministrima Rasimu Ljaji\u0107u i Sulejmanu Ugljaninu na dobroj saradnji.<\/p>\n<p>\u201cZahvaljujem se gospodinu Sulejmanu Ugljaninu, \u010dovjek koji \u017eivi u Ra\u0161koj oblasti i Rasimu Ljaji\u0107u na dobroj saradnji. Oni su do\u0161li da pomognu i na\u0161em i njihovom narodu \u201d kazao je on.<\/p>\n<p>Predsjednik Bo\u0161nja\u010dke demokratske zajednice ( BDZ) i nosilac liste \u201c Sve zajedno\u201d Emir Elfi\u0107 sino\u0107 posle pono\u0107i imao je svoje prvo obra\u0107anje u Narodnoj skup\u0161tini,gdje se osvrnuo na nekoliko bitnih pitanja vezanih za Bo\u0161nja\u010dki narod i narod u Sand\u017eaku. On se osvrnuo na to kakav \u0107e odnos nove Vlade biti prema nacionalnim zajednicama u Republici Srbiji? Kakav \u0107e odnos ove Vlade biti prema Sandzaku i prema Bo\u0161nja\u010dkoj nacionalnoj zajednici?!<\/p>\n<p>\u201cPo pitanju Bo\u0161njaka jo\u0161 uvijek imamo nacionalno vije\u0107e u tehni\u010dkom sazivu, iako kao subjekat ne postoji ni jedan pravni okvir da bi ona i dalje mogla datirati na takav na\u010din\u201d.Kazao je Elfi\u0107 u svom obra\u0107anju.<\/p>\n<p>Postavio je i pitanje: Da li \u0107e budu\u0107a ova Vlada zauzeti stav i postupiti prema Ustavu i zakonima, koji garantuju nemogu\u0107nost podjela u vjerskim zajednicama? Kao \u0161to je to bio slu\u010daj u Islamskoj zajednici, kao jedno veliko osjetljivo pitanje za nas Bo\u0161njake.<\/p>\n<p>\u201cLo\u0161a situacija sa obrazovanjem u Republici Srbiji,a ona je najgora u Sandzaku. I ja postavljam pitanje : Kakav \u0107e odnos Vlade biti prema Internacionalnom univerzitetu?Da li \u0107e on biti predmet politi\u010dkih obra\u010duna?Ili \u0107e se Bo\u0161njacima omogu\u0107iti da se obrazuju na toj visoko \u0161kolskoj ustanovi.<\/p>\n<p>Svoj govor je zavr\u0161io postavljanjem pitanja: Zbog \u010dega ministru Sulejmanu Ugljaninu nije dodijeljen resor?Da li se smatra da on nema sposobnosti za obavljanje funkcija u resornom ministarstvu,kada imamo dodatne Vladine kancelarije? Ili mu se ne\u0161to manje vjeruje nego Rasimu Ljaji\u0107u koji ima tri,\u010detiri ili pet resora?<\/p>\n<p>Srbija je dva mjeseca nakon izbora, danas dobila novu Vladu. U Domu Narodne skup\u0161tine premijer Ivica Da\u010di\u0107 i novoizabrani ministri polo\u017eili su zakletvu. Ministri, me\u0111u kojima su Rasim Ljaji\u0107 i Sulejman Ugljanin izgovorili su tekst zakletve koji glasi: \u201cZaklinjem se na odanost Republici Srbiji i svojom \u010da\u0161\u0107u obavezujem da \u0107u po\u0161tovati Ustav i zakon, da \u0107u du\u017enost \u010dlana Vlade vr\u0161iti savjesno, odgovorno i predano i biti posvije\u0107en o\u010duvanju Kosova i Metohije unutar Republike Srbije\u201d. Posle zakletve izvedena je himna \u201cBo\u017ee pravde\u201d.<\/p>\n<p><iframe loading=\"lazy\" width=\"616\" height=\"350\" src=\"http:\/\/www.youtube.com\/embed\/MbWBBpaaBvo\" frameborder=\"0\" allowfullscreen><\/iframe><\/p>\n<p>(Sand\u017eak TV)<\/p>\n","protected":false},"excerpt":{"rendered":"<p>Sjeverni Sand\u017eak &#8211; Skup\u0161tina Srbije izabrala je danas novu Vladu sa Ivicom Da\u010di\u0107em na \u010delu. Novu vladu \u010dine koalicije okupljene oko Srpske napredne stranke, Socijalisti\u010dke partije Srbije, Ujedinjenih regiona Srbije, Socijaldemokratska partija Srbije i Stranka demokratske akcije. U okviru rasprave u Vladi ju\u010de je odr\u017eana posebna sjednica na kojoj su se poslanici javnim glasanjem, odnosno [&hellip;]<\/p>\n","protected":false},"author":83,"featured_media":46362,"comment_status":"open","ping_status":"open","sticky":false,"template":"","format":"standard","meta":{"footnotes":""},"categories":[72,1,52,327,392,393,394,8957],"tags":[],"class_list":{"0":"post-46357","1":"post","2":"type-post","3":"status-publish","4":"format-standard","5":"has-post-thumbnail","7":"category-novi-pazar","8":"category-politika","9":"category-sjenica","10":"category-tutin","11":"category-prijepolje_","12":"category-priboj","13":"category-nova-varos","14":"category-vijesti-dana"},"yoast_head":"<!-- This site is optimized with the Yoast SEO Premium plugin v23.1 (Yoast SEO v24.9) - https:\/\/yoast.com\/wordpress\/plugins\/seo\/ -->\n<title>U Skup\u0161tini Srbije Elfi\u0107 kritikovao, a Palma branio rad Ugljanina i Ljaji\u0107a (Video)<\/title>\n<meta name=\"robots\" content=\"index, follow, max-snippet:-1, max-image-preview:large, max-video-preview:-1\" \/>\n<link rel=\"canonical\" href=\"https:\/\/sandzakpress.net\/arhiva\/elfic-kritikovao-a-palma-branio-rad-ugljanina-i-ljajica-u-skupstini-srbije\/\" \/>\n<meta property=\"og:locale\" content=\"bs_BA\" \/>\n<meta property=\"og:type\" content=\"article\" \/>\n<meta property=\"og:title\" content=\"U Skup\u0161tini Srbije Elfi\u0107 kritikovao, a Palma branio rad Ugljanina i Ljaji\u0107a (Video)\" \/>\n<meta property=\"og:description\" content=\"Sjeverni Sand\u017eak &#8211; Skup\u0161tina Srbije izabrala je danas novu Vladu sa Ivicom Da\u010di\u0107em na \u010delu. Novu vladu \u010dine koalicije okupljene oko Srpske napredne stranke, Socijalisti\u010dke partije Srbije, Ujedinjenih regiona Srbije, Socijaldemokratska partija Srbije i Stranka demokratske akcije. U okviru rasprave u Vladi ju\u010de je odr\u017eana posebna sjednica na kojoj su se poslanici javnim glasanjem, odnosno [&hellip;]\" \/>\n<meta property=\"og:url\" content=\"https:\/\/sandzakpress.net\/arhiva\/elfic-kritikovao-a-palma-branio-rad-ugljanina-i-ljajica-u-skupstini-srbije\/\" \/>\n<meta property=\"og:site_name\" content=\"Sand\u017eak PRESS\" \/>\n<meta property=\"article:published_time\" content=\"2012-07-27T16:10:46+00:00\" \/>\n<meta property=\"article:modified_time\" content=\"2012-07-27T16:14:20+00:00\" \/>\n<meta property=\"og:image\" content=\"https:\/\/sandzakpress.net\/arhiva\/wp-content\/uploads\/2012\/07\/EmiriKenan.jpg\" \/>\n\t<meta property=\"og:image:width\" content=\"406\" \/>\n\t<meta property=\"og:image:height\" content=\"400\" \/>\n\t<meta property=\"og:image:type\" content=\"image\/jpeg\" \/>\n<meta name=\"author\" content=\"bosniak\" \/>\n<meta name=\"twitter:card\" content=\"summary_large_image\" \/>\n<meta name=\"twitter:label1\" content=\"Written by\" \/>\n\t<meta name=\"twitter:data1\" content=\"bosniak\" \/>\n\t<meta name=\"twitter:label2\" content=\"Est. reading time\" \/>\n\t<meta name=\"twitter:data2\" content=\"3 minute\" \/>\n<script type=\"application\/ld+json\" class=\"yoast-schema-graph\">{\"@context\":\"https:\/\/schema.org\",\"@graph\":[{\"@type\":\"Article\",\"@id\":\"https:\/\/sandzakpress.net\/arhiva\/elfic-kritikovao-a-palma-branio-rad-ugljanina-i-ljajica-u-skupstini-srbije\/#article\",\"isPartOf\":{\"@id\":\"https:\/\/sandzakpress.net\/arhiva\/elfic-kritikovao-a-palma-branio-rad-ugljanina-i-ljajica-u-skupstini-srbije\/\"},\"author\":{\"name\":\"bosniak\",\"@id\":\"https:\/\/sandzakpress.net\/arhiva\/#\/schema\/person\/c8baee722073534b583ea7bdb2e36c02\"},\"headline\":\"U Skup\u0161tini Srbije Elfi\u0107 kritikovao, a Palma branio rad Ugljanina i Ljaji\u0107a (Video)\",\"datePublished\":\"2012-07-27T16:10:46+00:00\",\"dateModified\":\"2012-07-27T16:14:20+00:00\",\"mainEntityOfPage\":{\"@id\":\"https:\/\/sandzakpress.net\/arhiva\/elfic-kritikovao-a-palma-branio-rad-ugljanina-i-ljajica-u-skupstini-srbije\/\"},\"wordCount\":521,\"commentCount\":21,\"publisher\":{\"@id\":\"https:\/\/sandzakpress.net\/arhiva\/#\/schema\/person\/6e72b67d6e51910a1117b3b483ba20bd\"},\"image\":{\"@id\":\"https:\/\/sandzakpress.net\/arhiva\/elfic-kritikovao-a-palma-branio-rad-ugljanina-i-ljajica-u-skupstini-srbije\/#primaryimage\"},\"thumbnailUrl\":\"https:\/\/sandzakpress.net\/arhiva\/wp-content\/uploads\/2012\/07\/EmiriKenan.jpg\",\"articleSection\":[\"Novi Pazar\",\"Politika\",\"Sjenica\",\"Tutin\",\"Prijepolje\",\"Priboj\",\"Nova Varo\u0161\",\"VIJESTI DANA\"],\"inLanguage\":\"bs-BA\",\"potentialAction\":[{\"@type\":\"CommentAction\",\"name\":\"Comment\",\"target\":[\"https:\/\/sandzakpress.net\/arhiva\/elfic-kritikovao-a-palma-branio-rad-ugljanina-i-ljajica-u-skupstini-srbije\/#respond\"]}]},{\"@type\":\"WebPage\",\"@id\":\"https:\/\/sandzakpress.net\/arhiva\/elfic-kritikovao-a-palma-branio-rad-ugljanina-i-ljajica-u-skupstini-srbije\/\",\"url\":\"https:\/\/sandzakpress.net\/arhiva\/elfic-kritikovao-a-palma-branio-rad-ugljanina-i-ljajica-u-skupstini-srbije\/\",\"name\":\"U Skup\u0161tini Srbije Elfi\u0107 kritikovao, a Palma branio rad Ugljanina i Ljaji\u0107a (Video)\",\"isPartOf\":{\"@id\":\"https:\/\/sandzakpress.net\/arhiva\/#website\"},\"primaryImageOfPage\":{\"@id\":\"https:\/\/sandzakpress.net\/arhiva\/elfic-kritikovao-a-palma-branio-rad-ugljanina-i-ljajica-u-skupstini-srbije\/#primaryimage\"},\"image\":{\"@id\":\"https:\/\/sandzakpress.net\/arhiva\/elfic-kritikovao-a-palma-branio-rad-ugljanina-i-ljajica-u-skupstini-srbije\/#primaryimage\"},\"thumbnailUrl\":\"https:\/\/sandzakpress.net\/arhiva\/wp-content\/uploads\/2012\/07\/EmiriKenan.jpg\",\"datePublished\":\"2012-07-27T16:10:46+00:00\",\"dateModified\":\"2012-07-27T16:14:20+00:00\",\"breadcrumb\":{\"@id\":\"https:\/\/sandzakpress.net\/arhiva\/elfic-kritikovao-a-palma-branio-rad-ugljanina-i-ljajica-u-skupstini-srbije\/#breadcrumb\"},\"inLanguage\":\"bs-BA\",\"potentialAction\":[{\"@type\":\"ReadAction\",\"target\":[\"https:\/\/sandzakpress.net\/arhiva\/elfic-kritikovao-a-palma-branio-rad-ugljanina-i-ljajica-u-skupstini-srbije\/\"]}]},{\"@type\":\"ImageObject\",\"inLanguage\":\"bs-BA\",\"@id\":\"https:\/\/sandzakpress.net\/arhiva\/elfic-kritikovao-a-palma-branio-rad-ugljanina-i-ljajica-u-skupstini-srbije\/#primaryimage\",\"url\":\"https:\/\/sandzakpress.net\/arhiva\/wp-content\/uploads\/2012\/07\/EmiriKenan.jpg\",\"contentUrl\":\"https:\/\/sandzakpress.net\/arhiva\/wp-content\/uploads\/2012\/07\/EmiriKenan.jpg\",\"width\":406,\"height\":400},{\"@type\":\"BreadcrumbList\",\"@id\":\"https:\/\/sandzakpress.net\/arhiva\/elfic-kritikovao-a-palma-branio-rad-ugljanina-i-ljajica-u-skupstini-srbije\/#breadcrumb\",\"itemListElement\":[{\"@type\":\"ListItem\",\"position\":1,\"name\":\"Home\",\"item\":\"https:\/\/sandzakpress.net\/arhiva\/\"},{\"@type\":\"ListItem\",\"position\":2,\"name\":\"U Skup\u0161tini Srbije Elfi\u0107 kritikovao, a Palma branio rad Ugljanina i Ljaji\u0107a (Video)\"}]},{\"@type\":\"WebSite\",\"@id\":\"https:\/\/sandzakpress.net\/arhiva\/#website\",\"url\":\"https:\/\/sandzakpress.net\/arhiva\/\",\"name\":\"Sand\u017eak PRESS\",\"description\":\"Prve elektronske novine u Sand\u017eaku\",\"publisher\":{\"@id\":\"https:\/\/sandzakpress.net\/arhiva\/#\/schema\/person\/6e72b67d6e51910a1117b3b483ba20bd\"},\"potentialAction\":[{\"@type\":\"SearchAction\",\"target\":{\"@type\":\"EntryPoint\",\"urlTemplate\":\"https:\/\/sandzakpress.net\/arhiva\/?s={search_term_string}\"},\"query-input\":{\"@type\":\"PropertyValueSpecification\",\"valueRequired\":true,\"valueName\":\"search_term_string\"}}],\"inLanguage\":\"bs-BA\"},{\"@type\":[\"Person\",\"Organization\"],\"@id\":\"https:\/\/sandzakpress.net\/arhiva\/#\/schema\/person\/6e72b67d6e51910a1117b3b483ba20bd\",\"name\":\"Kul\",\"image\":{\"@type\":\"ImageObject\",\"inLanguage\":\"bs-BA\",\"@id\":\"https:\/\/sandzakpress.net\/arhiva\/#\/schema\/person\/image\/\",\"url\":\"https:\/\/secure.gravatar.com\/avatar\/42263f39aa27ac04c43cab85c280eb2e?s=96&d=mm&r=pg\",\"contentUrl\":\"https:\/\/secure.gravatar.com\/avatar\/42263f39aa27ac04c43cab85c280eb2e?s=96&d=mm&r=pg\",\"caption\":\"Kul\"},\"logo\":{\"@id\":\"https:\/\/sandzakpress.net\/arhiva\/#\/schema\/person\/image\/\"}},{\"@type\":\"Person\",\"@id\":\"https:\/\/sandzakpress.net\/arhiva\/#\/schema\/person\/c8baee722073534b583ea7bdb2e36c02\",\"name\":\"bosniak\",\"image\":{\"@type\":\"ImageObject\",\"inLanguage\":\"bs-BA\",\"@id\":\"https:\/\/sandzakpress.net\/arhiva\/#\/schema\/person\/image\/\",\"url\":\"https:\/\/secure.gravatar.com\/avatar\/a04fd330bfe3a36a72a0ad4a6d89fca7?s=96&d=mm&r=pg\",\"contentUrl\":\"https:\/\/secure.gravatar.com\/avatar\/a04fd330bfe3a36a72a0ad4a6d89fca7?s=96&d=mm&r=pg\",\"caption\":\"bosniak\"},\"url\":\"https:\/\/sandzakpress.net\/arhiva\/author\/bosniak\/\"}]}<\/script>\n<!-- \/ Yoast SEO Premium plugin. -->","yoast_head_json":{"title":"U Skup\u0161tini Srbije Elfi\u0107 kritikovao, a Palma branio rad Ugljanina i Ljaji\u0107a (Video)","robots":{"index":"index","follow":"follow","max-snippet":"max-snippet:-1","max-image-preview":"max-image-preview:large","max-video-preview":"max-video-preview:-1"},"canonical":"https:\/\/sandzakpress.net\/arhiva\/elfic-kritikovao-a-palma-branio-rad-ugljanina-i-ljajica-u-skupstini-srbije\/","og_locale":"bs_BA","og_type":"article","og_title":"U Skup\u0161tini Srbije Elfi\u0107 kritikovao, a Palma branio rad Ugljanina i Ljaji\u0107a (Video)","og_description":"Sjeverni Sand\u017eak &#8211; Skup\u0161tina Srbije izabrala je danas novu Vladu sa Ivicom Da\u010di\u0107em na \u010delu. Novu vladu \u010dine koalicije okupljene oko Srpske napredne stranke, Socijalisti\u010dke partije Srbije, Ujedinjenih regiona Srbije, Socijaldemokratska partija Srbije i Stranka demokratske akcije. U okviru rasprave u Vladi ju\u010de je odr\u017eana posebna sjednica na kojoj su se poslanici javnim glasanjem, odnosno [&hellip;]","og_url":"https:\/\/sandzakpress.net\/arhiva\/elfic-kritikovao-a-palma-branio-rad-ugljanina-i-ljajica-u-skupstini-srbije\/","og_site_name":"Sand\u017eak PRESS","article_published_time":"2012-07-27T16:10:46+00:00","article_modified_time":"2012-07-27T16:14:20+00:00","og_image":[{"width":406,"height":400,"url":"https:\/\/sandzakpress.net\/arhiva\/wp-content\/uploads\/2012\/07\/EmiriKenan.jpg","type":"image\/jpeg"}],"author":"bosniak","twitter_card":"summary_large_image","twitter_misc":{"Written by":"bosniak","Est. reading time":"3 minute"},"schema":{"@context":"https:\/\/schema.org","@graph":[{"@type":"Article","@id":"https:\/\/sandzakpress.net\/arhiva\/elfic-kritikovao-a-palma-branio-rad-ugljanina-i-ljajica-u-skupstini-srbije\/#article","isPartOf":{"@id":"https:\/\/sandzakpress.net\/arhiva\/elfic-kritikovao-a-palma-branio-rad-ugljanina-i-ljajica-u-skupstini-srbije\/"},"author":{"name":"bosniak","@id":"https:\/\/sandzakpress.net\/arhiva\/#\/schema\/person\/c8baee722073534b583ea7bdb2e36c02"},"headline":"U Skup\u0161tini Srbije Elfi\u0107 kritikovao, a Palma branio rad Ugljanina i Ljaji\u0107a (Video)","datePublished":"2012-07-27T16:10:46+00:00","dateModified":"2012-07-27T16:14:20+00:00","mainEntityOfPage":{"@id":"https:\/\/sandzakpress.net\/arhiva\/elfic-kritikovao-a-palma-branio-rad-ugljanina-i-ljajica-u-skupstini-srbije\/"},"wordCount":521,"commentCount":21,"publisher":{"@id":"https:\/\/sandzakpress.net\/arhiva\/#\/schema\/person\/6e72b67d6e51910a1117b3b483ba20bd"},"image":{"@id":"https:\/\/sandzakpress.net\/arhiva\/elfic-kritikovao-a-palma-branio-rad-ugljanina-i-ljajica-u-skupstini-srbije\/#primaryimage"},"thumbnailUrl":"https:\/\/sandzakpress.net\/arhiva\/wp-content\/uploads\/2012\/07\/EmiriKenan.jpg","articleSection":["Novi Pazar","Politika","Sjenica","Tutin","Prijepolje","Priboj","Nova Varo\u0161","VIJESTI DANA"],"inLanguage":"bs-BA","potentialAction":[{"@type":"CommentAction","name":"Comment","target":["https:\/\/sandzakpress.net\/arhiva\/elfic-kritikovao-a-palma-branio-rad-ugljanina-i-ljajica-u-skupstini-srbije\/#respond"]}]},{"@type":"WebPage","@id":"https:\/\/sandzakpress.net\/arhiva\/elfic-kritikovao-a-palma-branio-rad-ugljanina-i-ljajica-u-skupstini-srbije\/","url":"https:\/\/sandzakpress.net\/arhiva\/elfic-kritikovao-a-palma-branio-rad-ugljanina-i-ljajica-u-skupstini-srbije\/","name":"U Skup\u0161tini Srbije Elfi\u0107 kritikovao, a Palma branio rad Ugljanina i Ljaji\u0107a (Video)","isPartOf":{"@id":"https:\/\/sandzakpress.net\/arhiva\/#website"},"primaryImageOfPage":{"@id":"https:\/\/sandzakpress.net\/arhiva\/elfic-kritikovao-a-palma-branio-rad-ugljanina-i-ljajica-u-skupstini-srbije\/#primaryimage"},"image":{"@id":"https:\/\/sandzakpress.net\/arhiva\/elfic-kritikovao-a-palma-branio-rad-ugljanina-i-ljajica-u-skupstini-srbije\/#primaryimage"},"thumbnailUrl":"https:\/\/sandzakpress.net\/arhiva\/wp-content\/uploads\/2012\/07\/EmiriKenan.jpg","datePublished":"2012-07-27T16:10:46+00:00","dateModified":"2012-07-27T16:14:20+00:00","breadcrumb":{"@id":"https:\/\/sandzakpress.net\/arhiva\/elfic-kritikovao-a-palma-branio-rad-ugljanina-i-ljajica-u-skupstini-srbije\/#breadcrumb"},"inLanguage":"bs-BA","potentialAction":[{"@type":"ReadAction","target":["https:\/\/sandzakpress.net\/arhiva\/elfic-kritikovao-a-palma-branio-rad-ugljanina-i-ljajica-u-skupstini-srbije\/"]}]},{"@type":"ImageObject","inLanguage":"bs-BA","@id":"https:\/\/sandzakpress.net\/arhiva\/elfic-kritikovao-a-palma-branio-rad-ugljanina-i-ljajica-u-skupstini-srbije\/#primaryimage","url":"https:\/\/sandzakpress.net\/arhiva\/wp-content\/uploads\/2012\/07\/EmiriKenan.jpg","contentUrl":"https:\/\/sandzakpress.net\/arhiva\/wp-content\/uploads\/2012\/07\/EmiriKenan.jpg","width":406,"height":400},{"@type":"BreadcrumbList","@id":"https:\/\/sandzakpress.net\/arhiva\/elfic-kritikovao-a-palma-branio-rad-ugljanina-i-ljajica-u-skupstini-srbije\/#breadcrumb","itemListElement":[{"@type":"ListItem","position":1,"name":"Home","item":"https:\/\/sandzakpress.net\/arhiva\/"},{"@type":"ListItem","position":2,"name":"U Skup\u0161tini Srbije Elfi\u0107 kritikovao, a Palma branio rad Ugljanina i Ljaji\u0107a (Video)"}]},{"@type":"WebSite","@id":"https:\/\/sandzakpress.net\/arhiva\/#website","url":"https:\/\/sandzakpress.net\/arhiva\/","name":"Sand\u017eak PRESS","description":"Prve elektronske novine u Sand\u017eaku","publisher":{"@id":"https:\/\/sandzakpress.net\/arhiva\/#\/schema\/person\/6e72b67d6e51910a1117b3b483ba20bd"},"potentialAction":[{"@type":"SearchAction","target":{"@type":"EntryPoint","urlTemplate":"https:\/\/sandzakpress.net\/arhiva\/?s={search_term_string}"},"query-input":{"@type":"PropertyValueSpecification","valueRequired":true,"valueName":"search_term_string"}}],"inLanguage":"bs-BA"},{"@type":["Person","Organization"],"@id":"https:\/\/sandzakpress.net\/arhiva\/#\/schema\/person\/6e72b67d6e51910a1117b3b483ba20bd","name":"Kul","image":{"@type":"ImageObject","inLanguage":"bs-BA","@id":"https:\/\/sandzakpress.net\/arhiva\/#\/schema\/person\/image\/","url":"https:\/\/secure.gravatar.com\/avatar\/42263f39aa27ac04c43cab85c280eb2e?s=96&d=mm&r=pg","contentUrl":"https:\/\/secure.gravatar.com\/avatar\/42263f39aa27ac04c43cab85c280eb2e?s=96&d=mm&r=pg","caption":"Kul"},"logo":{"@id":"https:\/\/sandzakpress.net\/arhiva\/#\/schema\/person\/image\/"}},{"@type":"Person","@id":"https:\/\/sandzakpress.net\/arhiva\/#\/schema\/person\/c8baee722073534b583ea7bdb2e36c02","name":"bosniak","image":{"@type":"ImageObject","inLanguage":"bs-BA","@id":"https:\/\/sandzakpress.net\/arhiva\/#\/schema\/person\/image\/","url":"https:\/\/secure.gravatar.com\/avatar\/a04fd330bfe3a36a72a0ad4a6d89fca7?s=96&d=mm&r=pg","contentUrl":"https:\/\/secure.gravatar.com\/avatar\/a04fd330bfe3a36a72a0ad4a6d89fca7?s=96&d=mm&r=pg","caption":"bosniak"},"url":"https:\/\/sandzakpress.net\/arhiva\/author\/bosniak\/"}]}},"_links":{"self":[{"href":"https:\/\/sandzakpress.net\/arhiva\/wp-json\/wp\/v2\/posts\/46357"}],"collection":[{"href":"https:\/\/sandzakpress.net\/arhiva\/wp-json\/wp\/v2\/posts"}],"about":[{"href":"https:\/\/sandzakpress.net\/arhiva\/wp-json\/wp\/v2\/types\/post"}],"author":[{"embeddable":true,"href":"https:\/\/sandzakpress.net\/arhiva\/wp-json\/wp\/v2\/users\/83"}],"replies":[{"embeddable":true,"href":"https:\/\/sandzakpress.net\/arhiva\/wp-json\/wp\/v2\/comments?post=46357"}],"version-history":[{"count":0,"href":"https:\/\/sandzakpress.net\/arhiva\/wp-json\/wp\/v2\/posts\/46357\/revisions"}],"wp:featuredmedia":[{"embeddable":true,"href":"https:\/\/sandzakpress.net\/arhiva\/wp-json\/wp\/v2\/media\/46362"}],"wp:attachment":[{"href":"https:\/\/sandzakpress.net\/arhiva\/wp-json\/wp\/v2\/media?parent=46357"}],"wp:term":[{"taxonomy":"category","embeddable":true,"href":"https:\/\/sandzakpress.net\/arhiva\/wp-json\/wp\/v2\/categories?post=46357"},{"taxonomy":"post_tag","embeddable":true,"href":"https:\/\/sandzakpress.net\/arhiva\/wp-json\/wp\/v2\/tags?post=46357"}],"curies":[{"name":"wp","href":"https:\/\/api.w.org\/{rel}","templated":true}]}}