{"id":46353,"date":"2012-07-27T17:49:39","date_gmt":"2012-07-27T15:49:39","guid":{"rendered":"https:\/\/sandzakpress.net\/arhiva\/?p=46353"},"modified":"2012-07-27T17:49:39","modified_gmt":"2012-07-27T15:49:39","slug":"kulu-grade-mlade-redzep-age","status":"publish","type":"post","link":"https:\/\/sandzakpress.net\/arhiva\/kulu-grade-mlade-redzep-age\/","title":{"rendered":"Kulu grade mlade Red\u017eep-Age"},"content":{"rendered":"<p><strong><a href=\"https:\/\/sandzakpress.net\/arhiva\/wp-content\/uploads\/2012\/07\/images21.jpg\"><img loading=\"lazy\" decoding=\"async\" class=\"alignleft size-full wp-image-46354\" title=\"images\" src=\"https:\/\/sandzakpress.net\/arhiva\/wp-content\/uploads\/2012\/07\/images21.jpg\" alt=\"\" width=\"186\" height=\"271\" \/><\/a>Plav &#8211; Hair sahibija nove kule u Plavu je Husnija Red\u017eepagi\u0107. Ro\u0111en je 1970.  godine u Plavu. Studirao je na Pravnom fakultetu u Sarajevu, a  diplomirao 1994. na Politologiji u Cirihu, \u0160vicarska. Radi i \u017eivi u  Cirihu. Aktivno se bavi knji\u017eevno\u0161\u0107u, i objavljuje pri\u010de a u pripremi su  mu radovi romana. Do sada je objavio 20 pri\u010da u listovima i \u010dasopisima,  a neke su prevedene na njema\u010dki, engleski i francuski jezik. Pisanje je  osnovna njegova preokupacija.<\/strong><\/p>\n<p>Red\u017eepagi\u0107 se bavi i upoznaje nas  sa slo\u017eenim prilikama u krajevima gdje \u017eive bo\u0161njaci i muslimani \u0161irom  svijeta. Kulu je po\u010deo raditi 2010. godine, a zavr\u0161io je 2012. godine<\/p>\n<p>(  Izlazak sunca je uvijek po\u010detak ne\u010deg \u00a0novog, ni\u0161ta vi\u0161e od njega ne  daje energije, topline i svjetlosti, bo\u0161njackom narodu! ,, \u2026 Jedne no\u0107i,  gdje sada stoji na\u0161a Kula, iza\u0111e svjetlost i di\u017ee se pravo u nebo\u2026\u201d  Osta ona u mojim mislima, da me podsje\u0107a i dade ideju da je izgradim, da  postane simbol i sinonim slobodnog \u017eivota Bo\u0161njaka\u2026 ) a sagra\u0111ena je u  Plavu gdje se tako\u0111er nalaze jo\u0161 \u010detri velike kule plemstva Red\u017eepagi\u0107.<\/p>\n<p>Predpostavlja se da Red\u017eapagi\u0107a ima blizu 8000 \u010dlanova koji \u017eive i rade po cijelom svijetu.<\/p>\n<p><strong>(LigaZaSandzak)<\/strong><\/p>\n","protected":false},"excerpt":{"rendered":"<p>Plav &#8211; Hair sahibija nove kule u Plavu je Husnija Red\u017eepagi\u0107. Ro\u0111en je 1970. godine u Plavu. Studirao je na Pravnom fakultetu u Sarajevu, a diplomirao 1994. na Politologiji u Cirihu, \u0160vicarska. Radi i \u017eivi u Cirihu. Aktivno se bavi knji\u017eevno\u0161\u0107u, i objavljuje pri\u010de a u pripremi su mu radovi romana. Do sada je objavio [&hellip;]<\/p>\n","protected":false},"author":13,"featured_media":46354,"comment_status":"open","ping_status":"open","sticky":false,"template":"","format":"standard","meta":{"footnotes":""},"categories":[399,5],"tags":[],"class_list":{"0":"post-46353","1":"post","2":"type-post","3":"status-publish","4":"format-standard","5":"has-post-thumbnail","7":"category-plav_","8":"category-drustvo"},"yoast_head":"<!-- This site is optimized with the Yoast SEO Premium plugin v23.1 (Yoast SEO v24.9) - https:\/\/yoast.com\/wordpress\/plugins\/seo\/ -->\n<title>Kulu grade mlade Red\u017eep-Age<\/title>\n<meta name=\"robots\" content=\"index, follow, max-snippet:-1, max-image-preview:large, max-video-preview:-1\" \/>\n<link rel=\"canonical\" href=\"https:\/\/sandzakpress.net\/arhiva\/kulu-grade-mlade-redzep-age\/\" \/>\n<meta property=\"og:locale\" content=\"bs_BA\" \/>\n<meta property=\"og:type\" content=\"article\" \/>\n<meta property=\"og:title\" content=\"Kulu grade mlade Red\u017eep-Age\" \/>\n<meta property=\"og:description\" content=\"Plav &#8211; Hair sahibija nove kule u Plavu je Husnija Red\u017eepagi\u0107. Ro\u0111en je 1970. godine u Plavu. Studirao je na Pravnom fakultetu u Sarajevu, a diplomirao 1994. na Politologiji u Cirihu, \u0160vicarska. Radi i \u017eivi u Cirihu. Aktivno se bavi knji\u017eevno\u0161\u0107u, i objavljuje pri\u010de a u pripremi su mu radovi romana. Do sada je objavio [&hellip;]\" \/>\n<meta property=\"og:url\" content=\"https:\/\/sandzakpress.net\/arhiva\/kulu-grade-mlade-redzep-age\/\" \/>\n<meta property=\"og:site_name\" content=\"Sand\u017eak PRESS\" \/>\n<meta property=\"article:published_time\" content=\"2012-07-27T15:49:39+00:00\" \/>\n<meta property=\"og:image\" content=\"https:\/\/sandzakpress.net\/arhiva\/wp-content\/uploads\/2012\/07\/images21.jpg\" \/>\n\t<meta property=\"og:image:width\" content=\"186\" \/>\n\t<meta property=\"og:image:height\" content=\"271\" \/>\n\t<meta property=\"og:image:type\" content=\"image\/jpeg\" \/>\n<meta name=\"twitter:card\" content=\"summary_large_image\" \/>\n<meta name=\"twitter:label1\" content=\"Written by\" \/>\n\t<meta name=\"twitter:data1\" content=\"\" \/>\n\t<meta name=\"twitter:label2\" content=\"Est. reading time\" \/>\n\t<meta name=\"twitter:data2\" content=\"1 minuta\" \/>\n<script type=\"application\/ld+json\" class=\"yoast-schema-graph\">{\"@context\":\"https:\/\/schema.org\",\"@graph\":[{\"@type\":\"Article\",\"@id\":\"https:\/\/sandzakpress.net\/arhiva\/kulu-grade-mlade-redzep-age\/#article\",\"isPartOf\":{\"@id\":\"https:\/\/sandzakpress.net\/arhiva\/kulu-grade-mlade-redzep-age\/\"},\"author\":{\"name\":\"\",\"@id\":\"\"},\"headline\":\"Kulu grade mlade Red\u017eep-Age\",\"datePublished\":\"2012-07-27T15:49:39+00:00\",\"mainEntityOfPage\":{\"@id\":\"https:\/\/sandzakpress.net\/arhiva\/kulu-grade-mlade-redzep-age\/\"},\"wordCount\":219,\"commentCount\":0,\"publisher\":{\"@id\":\"https:\/\/sandzakpress.net\/arhiva\/#\/schema\/person\/6e72b67d6e51910a1117b3b483ba20bd\"},\"image\":{\"@id\":\"https:\/\/sandzakpress.net\/arhiva\/kulu-grade-mlade-redzep-age\/#primaryimage\"},\"thumbnailUrl\":\"https:\/\/sandzakpress.net\/arhiva\/wp-content\/uploads\/2012\/07\/images21.jpg\",\"articleSection\":[\"Plav\",\"Dru\u0161tvo\"],\"inLanguage\":\"bs-BA\",\"potentialAction\":[{\"@type\":\"CommentAction\",\"name\":\"Comment\",\"target\":[\"https:\/\/sandzakpress.net\/arhiva\/kulu-grade-mlade-redzep-age\/#respond\"]}]},{\"@type\":\"WebPage\",\"@id\":\"https:\/\/sandzakpress.net\/arhiva\/kulu-grade-mlade-redzep-age\/\",\"url\":\"https:\/\/sandzakpress.net\/arhiva\/kulu-grade-mlade-redzep-age\/\",\"name\":\"Kulu grade mlade Red\u017eep-Age\",\"isPartOf\":{\"@id\":\"https:\/\/sandzakpress.net\/arhiva\/#website\"},\"primaryImageOfPage\":{\"@id\":\"https:\/\/sandzakpress.net\/arhiva\/kulu-grade-mlade-redzep-age\/#primaryimage\"},\"image\":{\"@id\":\"https:\/\/sandzakpress.net\/arhiva\/kulu-grade-mlade-redzep-age\/#primaryimage\"},\"thumbnailUrl\":\"https:\/\/sandzakpress.net\/arhiva\/wp-content\/uploads\/2012\/07\/images21.jpg\",\"datePublished\":\"2012-07-27T15:49:39+00:00\",\"breadcrumb\":{\"@id\":\"https:\/\/sandzakpress.net\/arhiva\/kulu-grade-mlade-redzep-age\/#breadcrumb\"},\"inLanguage\":\"bs-BA\",\"potentialAction\":[{\"@type\":\"ReadAction\",\"target\":[\"https:\/\/sandzakpress.net\/arhiva\/kulu-grade-mlade-redzep-age\/\"]}]},{\"@type\":\"ImageObject\",\"inLanguage\":\"bs-BA\",\"@id\":\"https:\/\/sandzakpress.net\/arhiva\/kulu-grade-mlade-redzep-age\/#primaryimage\",\"url\":\"https:\/\/sandzakpress.net\/arhiva\/wp-content\/uploads\/2012\/07\/images21.jpg\",\"contentUrl\":\"https:\/\/sandzakpress.net\/arhiva\/wp-content\/uploads\/2012\/07\/images21.jpg\",\"width\":186,\"height\":271},{\"@type\":\"BreadcrumbList\",\"@id\":\"https:\/\/sandzakpress.net\/arhiva\/kulu-grade-mlade-redzep-age\/#breadcrumb\",\"itemListElement\":[{\"@type\":\"ListItem\",\"position\":1,\"name\":\"Home\",\"item\":\"https:\/\/sandzakpress.net\/arhiva\/\"},{\"@type\":\"ListItem\",\"position\":2,\"name\":\"Kulu grade mlade Red\u017eep-Age\"}]},{\"@type\":\"WebSite\",\"@id\":\"https:\/\/sandzakpress.net\/arhiva\/#website\",\"url\":\"https:\/\/sandzakpress.net\/arhiva\/\",\"name\":\"Sand\u017eak PRESS\",\"description\":\"Prve elektronske novine u Sand\u017eaku\",\"publisher\":{\"@id\":\"https:\/\/sandzakpress.net\/arhiva\/#\/schema\/person\/6e72b67d6e51910a1117b3b483ba20bd\"},\"potentialAction\":[{\"@type\":\"SearchAction\",\"target\":{\"@type\":\"EntryPoint\",\"urlTemplate\":\"https:\/\/sandzakpress.net\/arhiva\/?s={search_term_string}\"},\"query-input\":{\"@type\":\"PropertyValueSpecification\",\"valueRequired\":true,\"valueName\":\"search_term_string\"}}],\"inLanguage\":\"bs-BA\"},{\"@type\":[\"Person\",\"Organization\"],\"@id\":\"https:\/\/sandzakpress.net\/arhiva\/#\/schema\/person\/6e72b67d6e51910a1117b3b483ba20bd\",\"name\":\"Kul\",\"image\":{\"@type\":\"ImageObject\",\"inLanguage\":\"bs-BA\",\"@id\":\"https:\/\/sandzakpress.net\/arhiva\/#\/schema\/person\/image\/\",\"url\":\"https:\/\/secure.gravatar.com\/avatar\/42263f39aa27ac04c43cab85c280eb2e?s=96&d=mm&r=pg\",\"contentUrl\":\"https:\/\/secure.gravatar.com\/avatar\/42263f39aa27ac04c43cab85c280eb2e?s=96&d=mm&r=pg\",\"caption\":\"Kul\"},\"logo\":{\"@id\":\"https:\/\/sandzakpress.net\/arhiva\/#\/schema\/person\/image\/\"}},{\"@type\":\"Person\",\"@id\":\"\",\"url\":\"https:\/\/sandzakpress.net\/arhiva\/author\/\"}]}<\/script>\n<!-- \/ Yoast SEO Premium plugin. -->","yoast_head_json":{"title":"Kulu grade mlade Red\u017eep-Age","robots":{"index":"index","follow":"follow","max-snippet":"max-snippet:-1","max-image-preview":"max-image-preview:large","max-video-preview":"max-video-preview:-1"},"canonical":"https:\/\/sandzakpress.net\/arhiva\/kulu-grade-mlade-redzep-age\/","og_locale":"bs_BA","og_type":"article","og_title":"Kulu grade mlade Red\u017eep-Age","og_description":"Plav &#8211; Hair sahibija nove kule u Plavu je Husnija Red\u017eepagi\u0107. Ro\u0111en je 1970. godine u Plavu. Studirao je na Pravnom fakultetu u Sarajevu, a diplomirao 1994. na Politologiji u Cirihu, \u0160vicarska. Radi i \u017eivi u Cirihu. Aktivno se bavi knji\u017eevno\u0161\u0107u, i objavljuje pri\u010de a u pripremi su mu radovi romana. Do sada je objavio [&hellip;]","og_url":"https:\/\/sandzakpress.net\/arhiva\/kulu-grade-mlade-redzep-age\/","og_site_name":"Sand\u017eak PRESS","article_published_time":"2012-07-27T15:49:39+00:00","og_image":[{"width":186,"height":271,"url":"https:\/\/sandzakpress.net\/arhiva\/wp-content\/uploads\/2012\/07\/images21.jpg","type":"image\/jpeg"}],"twitter_card":"summary_large_image","twitter_misc":{"Written by":"","Est. reading time":"1 minuta"},"schema":{"@context":"https:\/\/schema.org","@graph":[{"@type":"Article","@id":"https:\/\/sandzakpress.net\/arhiva\/kulu-grade-mlade-redzep-age\/#article","isPartOf":{"@id":"https:\/\/sandzakpress.net\/arhiva\/kulu-grade-mlade-redzep-age\/"},"author":{"name":"","@id":""},"headline":"Kulu grade mlade Red\u017eep-Age","datePublished":"2012-07-27T15:49:39+00:00","mainEntityOfPage":{"@id":"https:\/\/sandzakpress.net\/arhiva\/kulu-grade-mlade-redzep-age\/"},"wordCount":219,"commentCount":0,"publisher":{"@id":"https:\/\/sandzakpress.net\/arhiva\/#\/schema\/person\/6e72b67d6e51910a1117b3b483ba20bd"},"image":{"@id":"https:\/\/sandzakpress.net\/arhiva\/kulu-grade-mlade-redzep-age\/#primaryimage"},"thumbnailUrl":"https:\/\/sandzakpress.net\/arhiva\/wp-content\/uploads\/2012\/07\/images21.jpg","articleSection":["Plav","Dru\u0161tvo"],"inLanguage":"bs-BA","potentialAction":[{"@type":"CommentAction","name":"Comment","target":["https:\/\/sandzakpress.net\/arhiva\/kulu-grade-mlade-redzep-age\/#respond"]}]},{"@type":"WebPage","@id":"https:\/\/sandzakpress.net\/arhiva\/kulu-grade-mlade-redzep-age\/","url":"https:\/\/sandzakpress.net\/arhiva\/kulu-grade-mlade-redzep-age\/","name":"Kulu grade mlade Red\u017eep-Age","isPartOf":{"@id":"https:\/\/sandzakpress.net\/arhiva\/#website"},"primaryImageOfPage":{"@id":"https:\/\/sandzakpress.net\/arhiva\/kulu-grade-mlade-redzep-age\/#primaryimage"},"image":{"@id":"https:\/\/sandzakpress.net\/arhiva\/kulu-grade-mlade-redzep-age\/#primaryimage"},"thumbnailUrl":"https:\/\/sandzakpress.net\/arhiva\/wp-content\/uploads\/2012\/07\/images21.jpg","datePublished":"2012-07-27T15:49:39+00:00","breadcrumb":{"@id":"https:\/\/sandzakpress.net\/arhiva\/kulu-grade-mlade-redzep-age\/#breadcrumb"},"inLanguage":"bs-BA","potentialAction":[{"@type":"ReadAction","target":["https:\/\/sandzakpress.net\/arhiva\/kulu-grade-mlade-redzep-age\/"]}]},{"@type":"ImageObject","inLanguage":"bs-BA","@id":"https:\/\/sandzakpress.net\/arhiva\/kulu-grade-mlade-redzep-age\/#primaryimage","url":"https:\/\/sandzakpress.net\/arhiva\/wp-content\/uploads\/2012\/07\/images21.jpg","contentUrl":"https:\/\/sandzakpress.net\/arhiva\/wp-content\/uploads\/2012\/07\/images21.jpg","width":186,"height":271},{"@type":"BreadcrumbList","@id":"https:\/\/sandzakpress.net\/arhiva\/kulu-grade-mlade-redzep-age\/#breadcrumb","itemListElement":[{"@type":"ListItem","position":1,"name":"Home","item":"https:\/\/sandzakpress.net\/arhiva\/"},{"@type":"ListItem","position":2,"name":"Kulu grade mlade Red\u017eep-Age"}]},{"@type":"WebSite","@id":"https:\/\/sandzakpress.net\/arhiva\/#website","url":"https:\/\/sandzakpress.net\/arhiva\/","name":"Sand\u017eak PRESS","description":"Prve elektronske novine u Sand\u017eaku","publisher":{"@id":"https:\/\/sandzakpress.net\/arhiva\/#\/schema\/person\/6e72b67d6e51910a1117b3b483ba20bd"},"potentialAction":[{"@type":"SearchAction","target":{"@type":"EntryPoint","urlTemplate":"https:\/\/sandzakpress.net\/arhiva\/?s={search_term_string}"},"query-input":{"@type":"PropertyValueSpecification","valueRequired":true,"valueName":"search_term_string"}}],"inLanguage":"bs-BA"},{"@type":["Person","Organization"],"@id":"https:\/\/sandzakpress.net\/arhiva\/#\/schema\/person\/6e72b67d6e51910a1117b3b483ba20bd","name":"Kul","image":{"@type":"ImageObject","inLanguage":"bs-BA","@id":"https:\/\/sandzakpress.net\/arhiva\/#\/schema\/person\/image\/","url":"https:\/\/secure.gravatar.com\/avatar\/42263f39aa27ac04c43cab85c280eb2e?s=96&d=mm&r=pg","contentUrl":"https:\/\/secure.gravatar.com\/avatar\/42263f39aa27ac04c43cab85c280eb2e?s=96&d=mm&r=pg","caption":"Kul"},"logo":{"@id":"https:\/\/sandzakpress.net\/arhiva\/#\/schema\/person\/image\/"}},{"@type":"Person","@id":"","url":"https:\/\/sandzakpress.net\/arhiva\/author\/"}]}},"_links":{"self":[{"href":"https:\/\/sandzakpress.net\/arhiva\/wp-json\/wp\/v2\/posts\/46353"}],"collection":[{"href":"https:\/\/sandzakpress.net\/arhiva\/wp-json\/wp\/v2\/posts"}],"about":[{"href":"https:\/\/sandzakpress.net\/arhiva\/wp-json\/wp\/v2\/types\/post"}],"author":[{"embeddable":true,"href":"https:\/\/sandzakpress.net\/arhiva\/wp-json\/wp\/v2\/users\/13"}],"replies":[{"embeddable":true,"href":"https:\/\/sandzakpress.net\/arhiva\/wp-json\/wp\/v2\/comments?post=46353"}],"version-history":[{"count":0,"href":"https:\/\/sandzakpress.net\/arhiva\/wp-json\/wp\/v2\/posts\/46353\/revisions"}],"wp:featuredmedia":[{"embeddable":true,"href":"https:\/\/sandzakpress.net\/arhiva\/wp-json\/wp\/v2\/media\/46354"}],"wp:attachment":[{"href":"https:\/\/sandzakpress.net\/arhiva\/wp-json\/wp\/v2\/media?parent=46353"}],"wp:term":[{"taxonomy":"category","embeddable":true,"href":"https:\/\/sandzakpress.net\/arhiva\/wp-json\/wp\/v2\/categories?post=46353"},{"taxonomy":"post_tag","embeddable":true,"href":"https:\/\/sandzakpress.net\/arhiva\/wp-json\/wp\/v2\/tags?post=46353"}],"curies":[{"name":"wp","href":"https:\/\/api.w.org\/{rel}","templated":true}]}}