{"id":46279,"date":"2012-07-26T17:15:55","date_gmt":"2012-07-26T15:15:55","guid":{"rendered":"https:\/\/sandzakpress.net\/arhiva\/?p=46279"},"modified":"2012-07-26T17:15:55","modified_gmt":"2012-07-26T15:15:55","slug":"burmanski-budisticki-svecenici-pozivaju-na-blokadu-muslimana","status":"publish","type":"post","link":"https:\/\/sandzakpress.net\/arhiva\/burmanski-budisticki-svecenici-pozivaju-na-blokadu-muslimana\/","title":{"rendered":"Burmanski budisti\u010dki sve\u0107enici pozivaju na blokadu muslimana"},"content":{"rendered":"<p><strong><a href=\"https:\/\/sandzakpress.net\/arhiva\/wp-content\/uploads\/2012\/07\/4b1febcd4305a18a34a707bac711e277.jpg\"><img loading=\"lazy\" decoding=\"async\" class=\"alignleft size-full wp-image-46280\" title=\"4b1febcd4305a18a34a707bac711e277\" src=\"https:\/\/sandzakpress.net\/arhiva\/wp-content\/uploads\/2012\/07\/4b1febcd4305a18a34a707bac711e277.jpg\" alt=\"\" width=\"180\" height=\"220\" \/><\/a>Mijanmar &#8211; <\/strong><strong>Burmanski sve\u0107enici aktivno sprje\u010davaju dopremanje pomo\u0107i u  koncentracione kampove u kojima su zatvoreni burmanski Rohingja  muslimani.Oni tako\u0111er \u0161tampaju letke u kojima pozivaju narod da se ne  povezuju s njima, izvje\u0161tava Independent. <\/strong><\/p>\n<p>U jednom pamfletu su Rohingja muslimani opisani kao &#8220;surovi po prirodi&#8221; i tvrdi se da su imali za plan da &#8220;uni\u0161te ostale grupe&#8221;.<\/p>\n<p>Rohingja muslimani se nalaze u o\u010dajnoj situaciji, kako opisuju neke  humanitarne organizacije. Burmanski predsjednik Thein Sein, kojeg su  doskoro hvalili u me\u0161unarodnoj zajednici zbog navodnog ja\u010danja  demokratskog procesa u zemlji, je zatra\u017eio od susjednog Banglade\u0161a da  prihvati Rohingja muslimane. Chris Lewa, direktor Arakan projekta ka\u017ee:  &#8220;\u010clanovi humanitarne agencije Sittwe su mi rekli da su se neki monasi  stacionirali u blizini kampova za raseljene te provjeravaju i vra\u0107aju  ljude za koje sumnjaju da ih \u017eele posjetiti radi pomo\u0107i.&#8221;<\/p>\n<p>Raseljeni Rohingja muslimani \u017eive u koncentracionim kampovima u  kojima zdravstvena i humanitarna kriza eskalira, dok politi\u010dari nastoje  da segregiraju i protjeraju 800 000 muslimana Burme.<\/p>\n<p>Svijet je razo\u010daran postupcima budisti\u010dkih monaha, a \u010dak i jedan  navodni demokratski aktivist Ko Ko Gyi je izjavio: &#8220;Rohingja nisu  Burmanska etni\u010dka grupa. Korijen nasilja&#8230;dolazi sa druge strane  granice.&#8221;<\/p>\n<p>Rohingja su u Burmi \u017eivjeli stolje\u0107ima, ali im je 1982 godine  tada\u0161nji vojni diktator Ne Win oduzeo dr\u017eavljanstva. Hiljade su izbjegle  u Banglade\u0161 gdje i danas \u017eive u bijednim kampovima. Stranim medijima je  pristup regionu zabranjen, a izvanredno stanje progla\u0161eno pro\u0161log  mjeseca, a deset humanitarnih radnika su uhap\u0161eni bez ikakva  obja\u0161njenja.<\/p>\n<p><strong>( Islam Bosna<\/strong> )<\/p>\n","protected":false},"excerpt":{"rendered":"<p>Mijanmar &#8211; Burmanski sve\u0107enici aktivno sprje\u010davaju dopremanje pomo\u0107i u koncentracione kampove u kojima su zatvoreni burmanski Rohingja muslimani.Oni tako\u0111er \u0161tampaju letke u kojima pozivaju narod da se ne povezuju s njima, izvje\u0161tava Independent. U jednom pamfletu su Rohingja muslimani opisani kao &#8220;surovi po prirodi&#8221; i tvrdi se da su imali za plan da &#8220;uni\u0161te ostale [&hellip;]<\/p>\n","protected":false},"author":13,"featured_media":46280,"comment_status":"open","ping_status":"open","sticky":false,"template":"","format":"standard","meta":{"footnotes":""},"categories":[9],"tags":[],"class_list":{"0":"post-46279","1":"post","2":"type-post","3":"status-publish","4":"format-standard","5":"has-post-thumbnail","7":"category-svijet"},"yoast_head":"<!-- This site is optimized with the Yoast SEO Premium plugin v23.1 (Yoast SEO v24.9) - https:\/\/yoast.com\/wordpress\/plugins\/seo\/ -->\n<title>Burmanski budisti\u010dki sve\u0107enici pozivaju na blokadu muslimana<\/title>\n<meta name=\"robots\" content=\"index, follow, max-snippet:-1, max-image-preview:large, max-video-preview:-1\" \/>\n<link rel=\"canonical\" href=\"https:\/\/sandzakpress.net\/arhiva\/burmanski-budisticki-svecenici-pozivaju-na-blokadu-muslimana\/\" \/>\n<meta property=\"og:locale\" content=\"bs_BA\" \/>\n<meta property=\"og:type\" content=\"article\" \/>\n<meta property=\"og:title\" content=\"Burmanski budisti\u010dki sve\u0107enici pozivaju na blokadu muslimana\" \/>\n<meta property=\"og:description\" content=\"Mijanmar &#8211; Burmanski sve\u0107enici aktivno sprje\u010davaju dopremanje pomo\u0107i u koncentracione kampove u kojima su zatvoreni burmanski Rohingja muslimani.Oni tako\u0111er \u0161tampaju letke u kojima pozivaju narod da se ne povezuju s njima, izvje\u0161tava Independent. U jednom pamfletu su Rohingja muslimani opisani kao &#8220;surovi po prirodi&#8221; i tvrdi se da su imali za plan da &#8220;uni\u0161te ostale [&hellip;]\" \/>\n<meta property=\"og:url\" content=\"https:\/\/sandzakpress.net\/arhiva\/burmanski-budisticki-svecenici-pozivaju-na-blokadu-muslimana\/\" \/>\n<meta property=\"og:site_name\" content=\"Sand\u017eak PRESS\" \/>\n<meta property=\"article:published_time\" content=\"2012-07-26T15:15:55+00:00\" \/>\n<meta property=\"og:image\" content=\"https:\/\/sandzakpress.net\/arhiva\/wp-content\/uploads\/2012\/07\/4b1febcd4305a18a34a707bac711e277.jpg\" \/>\n\t<meta property=\"og:image:width\" content=\"180\" \/>\n\t<meta property=\"og:image:height\" content=\"220\" \/>\n\t<meta property=\"og:image:type\" content=\"image\/jpeg\" \/>\n<meta name=\"twitter:card\" content=\"summary_large_image\" \/>\n<meta name=\"twitter:label1\" content=\"Written by\" \/>\n\t<meta name=\"twitter:data1\" content=\"\" \/>\n\t<meta name=\"twitter:label2\" content=\"Est. reading time\" \/>\n\t<meta name=\"twitter:data2\" content=\"1 minuta\" \/>\n<script type=\"application\/ld+json\" class=\"yoast-schema-graph\">{\"@context\":\"https:\/\/schema.org\",\"@graph\":[{\"@type\":\"Article\",\"@id\":\"https:\/\/sandzakpress.net\/arhiva\/burmanski-budisticki-svecenici-pozivaju-na-blokadu-muslimana\/#article\",\"isPartOf\":{\"@id\":\"https:\/\/sandzakpress.net\/arhiva\/burmanski-budisticki-svecenici-pozivaju-na-blokadu-muslimana\/\"},\"author\":{\"name\":\"\",\"@id\":\"\"},\"headline\":\"Burmanski budisti\u010dki sve\u0107enici pozivaju na blokadu muslimana\",\"datePublished\":\"2012-07-26T15:15:55+00:00\",\"mainEntityOfPage\":{\"@id\":\"https:\/\/sandzakpress.net\/arhiva\/burmanski-budisticki-svecenici-pozivaju-na-blokadu-muslimana\/\"},\"wordCount\":273,\"commentCount\":0,\"publisher\":{\"@id\":\"https:\/\/sandzakpress.net\/arhiva\/#\/schema\/person\/6e72b67d6e51910a1117b3b483ba20bd\"},\"image\":{\"@id\":\"https:\/\/sandzakpress.net\/arhiva\/burmanski-budisticki-svecenici-pozivaju-na-blokadu-muslimana\/#primaryimage\"},\"thumbnailUrl\":\"https:\/\/sandzakpress.net\/arhiva\/wp-content\/uploads\/2012\/07\/4b1febcd4305a18a34a707bac711e277.jpg\",\"articleSection\":[\"Svijet\"],\"inLanguage\":\"bs-BA\",\"potentialAction\":[{\"@type\":\"CommentAction\",\"name\":\"Comment\",\"target\":[\"https:\/\/sandzakpress.net\/arhiva\/burmanski-budisticki-svecenici-pozivaju-na-blokadu-muslimana\/#respond\"]}]},{\"@type\":\"WebPage\",\"@id\":\"https:\/\/sandzakpress.net\/arhiva\/burmanski-budisticki-svecenici-pozivaju-na-blokadu-muslimana\/\",\"url\":\"https:\/\/sandzakpress.net\/arhiva\/burmanski-budisticki-svecenici-pozivaju-na-blokadu-muslimana\/\",\"name\":\"Burmanski budisti\u010dki sve\u0107enici pozivaju na blokadu muslimana\",\"isPartOf\":{\"@id\":\"https:\/\/sandzakpress.net\/arhiva\/#website\"},\"primaryImageOfPage\":{\"@id\":\"https:\/\/sandzakpress.net\/arhiva\/burmanski-budisticki-svecenici-pozivaju-na-blokadu-muslimana\/#primaryimage\"},\"image\":{\"@id\":\"https:\/\/sandzakpress.net\/arhiva\/burmanski-budisticki-svecenici-pozivaju-na-blokadu-muslimana\/#primaryimage\"},\"thumbnailUrl\":\"https:\/\/sandzakpress.net\/arhiva\/wp-content\/uploads\/2012\/07\/4b1febcd4305a18a34a707bac711e277.jpg\",\"datePublished\":\"2012-07-26T15:15:55+00:00\",\"breadcrumb\":{\"@id\":\"https:\/\/sandzakpress.net\/arhiva\/burmanski-budisticki-svecenici-pozivaju-na-blokadu-muslimana\/#breadcrumb\"},\"inLanguage\":\"bs-BA\",\"potentialAction\":[{\"@type\":\"ReadAction\",\"target\":[\"https:\/\/sandzakpress.net\/arhiva\/burmanski-budisticki-svecenici-pozivaju-na-blokadu-muslimana\/\"]}]},{\"@type\":\"ImageObject\",\"inLanguage\":\"bs-BA\",\"@id\":\"https:\/\/sandzakpress.net\/arhiva\/burmanski-budisticki-svecenici-pozivaju-na-blokadu-muslimana\/#primaryimage\",\"url\":\"https:\/\/sandzakpress.net\/arhiva\/wp-content\/uploads\/2012\/07\/4b1febcd4305a18a34a707bac711e277.jpg\",\"contentUrl\":\"https:\/\/sandzakpress.net\/arhiva\/wp-content\/uploads\/2012\/07\/4b1febcd4305a18a34a707bac711e277.jpg\",\"width\":180,\"height\":220},{\"@type\":\"BreadcrumbList\",\"@id\":\"https:\/\/sandzakpress.net\/arhiva\/burmanski-budisticki-svecenici-pozivaju-na-blokadu-muslimana\/#breadcrumb\",\"itemListElement\":[{\"@type\":\"ListItem\",\"position\":1,\"name\":\"Home\",\"item\":\"https:\/\/sandzakpress.net\/arhiva\/\"},{\"@type\":\"ListItem\",\"position\":2,\"name\":\"Burmanski budisti\u010dki sve\u0107enici pozivaju na blokadu muslimana\"}]},{\"@type\":\"WebSite\",\"@id\":\"https:\/\/sandzakpress.net\/arhiva\/#website\",\"url\":\"https:\/\/sandzakpress.net\/arhiva\/\",\"name\":\"Sand\u017eak PRESS\",\"description\":\"Prve elektronske novine u Sand\u017eaku\",\"publisher\":{\"@id\":\"https:\/\/sandzakpress.net\/arhiva\/#\/schema\/person\/6e72b67d6e51910a1117b3b483ba20bd\"},\"potentialAction\":[{\"@type\":\"SearchAction\",\"target\":{\"@type\":\"EntryPoint\",\"urlTemplate\":\"https:\/\/sandzakpress.net\/arhiva\/?s={search_term_string}\"},\"query-input\":{\"@type\":\"PropertyValueSpecification\",\"valueRequired\":true,\"valueName\":\"search_term_string\"}}],\"inLanguage\":\"bs-BA\"},{\"@type\":[\"Person\",\"Organization\"],\"@id\":\"https:\/\/sandzakpress.net\/arhiva\/#\/schema\/person\/6e72b67d6e51910a1117b3b483ba20bd\",\"name\":\"Kul\",\"image\":{\"@type\":\"ImageObject\",\"inLanguage\":\"bs-BA\",\"@id\":\"https:\/\/sandzakpress.net\/arhiva\/#\/schema\/person\/image\/\",\"url\":\"https:\/\/secure.gravatar.com\/avatar\/42263f39aa27ac04c43cab85c280eb2e?s=96&d=mm&r=pg\",\"contentUrl\":\"https:\/\/secure.gravatar.com\/avatar\/42263f39aa27ac04c43cab85c280eb2e?s=96&d=mm&r=pg\",\"caption\":\"Kul\"},\"logo\":{\"@id\":\"https:\/\/sandzakpress.net\/arhiva\/#\/schema\/person\/image\/\"}},{\"@type\":\"Person\",\"@id\":\"\",\"url\":\"https:\/\/sandzakpress.net\/arhiva\/author\/\"}]}<\/script>\n<!-- \/ Yoast SEO Premium plugin. -->","yoast_head_json":{"title":"Burmanski budisti\u010dki sve\u0107enici pozivaju na blokadu muslimana","robots":{"index":"index","follow":"follow","max-snippet":"max-snippet:-1","max-image-preview":"max-image-preview:large","max-video-preview":"max-video-preview:-1"},"canonical":"https:\/\/sandzakpress.net\/arhiva\/burmanski-budisticki-svecenici-pozivaju-na-blokadu-muslimana\/","og_locale":"bs_BA","og_type":"article","og_title":"Burmanski budisti\u010dki sve\u0107enici pozivaju na blokadu muslimana","og_description":"Mijanmar &#8211; Burmanski sve\u0107enici aktivno sprje\u010davaju dopremanje pomo\u0107i u koncentracione kampove u kojima su zatvoreni burmanski Rohingja muslimani.Oni tako\u0111er \u0161tampaju letke u kojima pozivaju narod da se ne povezuju s njima, izvje\u0161tava Independent. U jednom pamfletu su Rohingja muslimani opisani kao &#8220;surovi po prirodi&#8221; i tvrdi se da su imali za plan da &#8220;uni\u0161te ostale [&hellip;]","og_url":"https:\/\/sandzakpress.net\/arhiva\/burmanski-budisticki-svecenici-pozivaju-na-blokadu-muslimana\/","og_site_name":"Sand\u017eak PRESS","article_published_time":"2012-07-26T15:15:55+00:00","og_image":[{"width":180,"height":220,"url":"https:\/\/sandzakpress.net\/arhiva\/wp-content\/uploads\/2012\/07\/4b1febcd4305a18a34a707bac711e277.jpg","type":"image\/jpeg"}],"twitter_card":"summary_large_image","twitter_misc":{"Written by":"","Est. reading time":"1 minuta"},"schema":{"@context":"https:\/\/schema.org","@graph":[{"@type":"Article","@id":"https:\/\/sandzakpress.net\/arhiva\/burmanski-budisticki-svecenici-pozivaju-na-blokadu-muslimana\/#article","isPartOf":{"@id":"https:\/\/sandzakpress.net\/arhiva\/burmanski-budisticki-svecenici-pozivaju-na-blokadu-muslimana\/"},"author":{"name":"","@id":""},"headline":"Burmanski budisti\u010dki sve\u0107enici pozivaju na blokadu muslimana","datePublished":"2012-07-26T15:15:55+00:00","mainEntityOfPage":{"@id":"https:\/\/sandzakpress.net\/arhiva\/burmanski-budisticki-svecenici-pozivaju-na-blokadu-muslimana\/"},"wordCount":273,"commentCount":0,"publisher":{"@id":"https:\/\/sandzakpress.net\/arhiva\/#\/schema\/person\/6e72b67d6e51910a1117b3b483ba20bd"},"image":{"@id":"https:\/\/sandzakpress.net\/arhiva\/burmanski-budisticki-svecenici-pozivaju-na-blokadu-muslimana\/#primaryimage"},"thumbnailUrl":"https:\/\/sandzakpress.net\/arhiva\/wp-content\/uploads\/2012\/07\/4b1febcd4305a18a34a707bac711e277.jpg","articleSection":["Svijet"],"inLanguage":"bs-BA","potentialAction":[{"@type":"CommentAction","name":"Comment","target":["https:\/\/sandzakpress.net\/arhiva\/burmanski-budisticki-svecenici-pozivaju-na-blokadu-muslimana\/#respond"]}]},{"@type":"WebPage","@id":"https:\/\/sandzakpress.net\/arhiva\/burmanski-budisticki-svecenici-pozivaju-na-blokadu-muslimana\/","url":"https:\/\/sandzakpress.net\/arhiva\/burmanski-budisticki-svecenici-pozivaju-na-blokadu-muslimana\/","name":"Burmanski budisti\u010dki sve\u0107enici pozivaju na blokadu muslimana","isPartOf":{"@id":"https:\/\/sandzakpress.net\/arhiva\/#website"},"primaryImageOfPage":{"@id":"https:\/\/sandzakpress.net\/arhiva\/burmanski-budisticki-svecenici-pozivaju-na-blokadu-muslimana\/#primaryimage"},"image":{"@id":"https:\/\/sandzakpress.net\/arhiva\/burmanski-budisticki-svecenici-pozivaju-na-blokadu-muslimana\/#primaryimage"},"thumbnailUrl":"https:\/\/sandzakpress.net\/arhiva\/wp-content\/uploads\/2012\/07\/4b1febcd4305a18a34a707bac711e277.jpg","datePublished":"2012-07-26T15:15:55+00:00","breadcrumb":{"@id":"https:\/\/sandzakpress.net\/arhiva\/burmanski-budisticki-svecenici-pozivaju-na-blokadu-muslimana\/#breadcrumb"},"inLanguage":"bs-BA","potentialAction":[{"@type":"ReadAction","target":["https:\/\/sandzakpress.net\/arhiva\/burmanski-budisticki-svecenici-pozivaju-na-blokadu-muslimana\/"]}]},{"@type":"ImageObject","inLanguage":"bs-BA","@id":"https:\/\/sandzakpress.net\/arhiva\/burmanski-budisticki-svecenici-pozivaju-na-blokadu-muslimana\/#primaryimage","url":"https:\/\/sandzakpress.net\/arhiva\/wp-content\/uploads\/2012\/07\/4b1febcd4305a18a34a707bac711e277.jpg","contentUrl":"https:\/\/sandzakpress.net\/arhiva\/wp-content\/uploads\/2012\/07\/4b1febcd4305a18a34a707bac711e277.jpg","width":180,"height":220},{"@type":"BreadcrumbList","@id":"https:\/\/sandzakpress.net\/arhiva\/burmanski-budisticki-svecenici-pozivaju-na-blokadu-muslimana\/#breadcrumb","itemListElement":[{"@type":"ListItem","position":1,"name":"Home","item":"https:\/\/sandzakpress.net\/arhiva\/"},{"@type":"ListItem","position":2,"name":"Burmanski budisti\u010dki sve\u0107enici pozivaju na blokadu muslimana"}]},{"@type":"WebSite","@id":"https:\/\/sandzakpress.net\/arhiva\/#website","url":"https:\/\/sandzakpress.net\/arhiva\/","name":"Sand\u017eak PRESS","description":"Prve elektronske novine u Sand\u017eaku","publisher":{"@id":"https:\/\/sandzakpress.net\/arhiva\/#\/schema\/person\/6e72b67d6e51910a1117b3b483ba20bd"},"potentialAction":[{"@type":"SearchAction","target":{"@type":"EntryPoint","urlTemplate":"https:\/\/sandzakpress.net\/arhiva\/?s={search_term_string}"},"query-input":{"@type":"PropertyValueSpecification","valueRequired":true,"valueName":"search_term_string"}}],"inLanguage":"bs-BA"},{"@type":["Person","Organization"],"@id":"https:\/\/sandzakpress.net\/arhiva\/#\/schema\/person\/6e72b67d6e51910a1117b3b483ba20bd","name":"Kul","image":{"@type":"ImageObject","inLanguage":"bs-BA","@id":"https:\/\/sandzakpress.net\/arhiva\/#\/schema\/person\/image\/","url":"https:\/\/secure.gravatar.com\/avatar\/42263f39aa27ac04c43cab85c280eb2e?s=96&d=mm&r=pg","contentUrl":"https:\/\/secure.gravatar.com\/avatar\/42263f39aa27ac04c43cab85c280eb2e?s=96&d=mm&r=pg","caption":"Kul"},"logo":{"@id":"https:\/\/sandzakpress.net\/arhiva\/#\/schema\/person\/image\/"}},{"@type":"Person","@id":"","url":"https:\/\/sandzakpress.net\/arhiva\/author\/"}]}},"_links":{"self":[{"href":"https:\/\/sandzakpress.net\/arhiva\/wp-json\/wp\/v2\/posts\/46279"}],"collection":[{"href":"https:\/\/sandzakpress.net\/arhiva\/wp-json\/wp\/v2\/posts"}],"about":[{"href":"https:\/\/sandzakpress.net\/arhiva\/wp-json\/wp\/v2\/types\/post"}],"author":[{"embeddable":true,"href":"https:\/\/sandzakpress.net\/arhiva\/wp-json\/wp\/v2\/users\/13"}],"replies":[{"embeddable":true,"href":"https:\/\/sandzakpress.net\/arhiva\/wp-json\/wp\/v2\/comments?post=46279"}],"version-history":[{"count":0,"href":"https:\/\/sandzakpress.net\/arhiva\/wp-json\/wp\/v2\/posts\/46279\/revisions"}],"wp:featuredmedia":[{"embeddable":true,"href":"https:\/\/sandzakpress.net\/arhiva\/wp-json\/wp\/v2\/media\/46280"}],"wp:attachment":[{"href":"https:\/\/sandzakpress.net\/arhiva\/wp-json\/wp\/v2\/media?parent=46279"}],"wp:term":[{"taxonomy":"category","embeddable":true,"href":"https:\/\/sandzakpress.net\/arhiva\/wp-json\/wp\/v2\/categories?post=46279"},{"taxonomy":"post_tag","embeddable":true,"href":"https:\/\/sandzakpress.net\/arhiva\/wp-json\/wp\/v2\/tags?post=46279"}],"curies":[{"name":"wp","href":"https:\/\/api.w.org\/{rel}","templated":true}]}}