{"id":46269,"date":"2012-07-26T17:02:44","date_gmt":"2012-07-26T15:02:44","guid":{"rendered":"https:\/\/sandzakpress.net\/arhiva\/?p=46269"},"modified":"2012-07-26T17:02:44","modified_gmt":"2012-07-26T15:02:44","slug":"i-mukovic-ocekuje-mjesto-u-vladi","status":"publish","type":"post","link":"https:\/\/sandzakpress.net\/arhiva\/i-mukovic-ocekuje-mjesto-u-vladi\/","title":{"rendered":"I Mukovi\u0107 o\u010dekuje mjesto u Vladi"},"content":{"rendered":"<p><strong><a href=\"https:\/\/sandzakpress.net\/arhiva\/wp-content\/uploads\/2012\/07\/Mujo-Mukovic-foto-sandzacke.rs_.jpg\"><img loading=\"lazy\" decoding=\"async\" class=\"alignleft size-medium wp-image-46271\" title=\"Mujo-Mukovic-foto-sandzacke.rs_\" src=\"https:\/\/sandzakpress.net\/arhiva\/wp-content\/uploads\/2012\/07\/Mujo-Mukovic-foto-sandzacke.rs_-300x225.jpg\" alt=\"\" width=\"300\" height=\"225\" \/><\/a>Tutin &#8211; Predsjednik Bo\u0161nja\u010dke narodne stranke Mujo Mukovi\u0107, koji je kao koalicioni partner dobio jedno poslani\u010dko mjesto na listi Srpske napredne stranke, izjavio je danas da o\u010dekuje neku od pozicija i u izvr\u0161noj vlasti.<\/strong><\/p>\n<p>&#8220;O tome \u0107emo sa Naprednjacima razgovarati tek nakon zvani\u010dnog formiranja Vlade i imenovanja novih ministara. Svakako da o\u010dekujemo u\u010de\u0161\u0107e u novoj vlasti, jer je BNS me\u0111u prvim bo\u0161nja\u010dkim strankama podr\u017eala promjene u politi\u010dkom \u017eivotu Srbije&#8221;, rekao je Mukovi\u0107 Sto plus radiju.<\/p>\n<p>Ova partija je na majskim izborima podr\u017eala SNS u Sand\u017eaku, a Mukovi\u0107 bio kandidat za poslanika u Skup\u0161tini Srbije.<\/p>\n<p>Mukovi\u0107 je tokom predizborne kampanje ocijenio da \u0107e &#8220;\u0161iroka narodna koalicija predvo\u0111ena SNS-om donijeti preko potrebne promjene i rije\u0161iti nagomilane probleme sa kojima se suo\u010davaju Bo\u0161njaci u Srbiji&#8221;.<\/p>\n<p>(Radio sto plus)<\/p>\n","protected":false},"excerpt":{"rendered":"<p>Tutin &#8211; Predsjednik Bo\u0161nja\u010dke narodne stranke Mujo Mukovi\u0107, koji je kao koalicioni partner dobio jedno poslani\u010dko mjesto na listi Srpske napredne stranke, izjavio je danas da o\u010dekuje neku od pozicija i u izvr\u0161noj vlasti. &#8220;O tome \u0107emo sa Naprednjacima razgovarati tek nakon zvani\u010dnog formiranja Vlade i imenovanja novih ministara. Svakako da o\u010dekujemo u\u010de\u0161\u0107e u novoj [&hellip;]<\/p>\n","protected":false},"author":83,"featured_media":46271,"comment_status":"open","ping_status":"open","sticky":false,"template":"","format":"standard","meta":{"footnotes":""},"categories":[1,327,8957],"tags":[],"class_list":{"0":"post-46269","1":"post","2":"type-post","3":"status-publish","4":"format-standard","5":"has-post-thumbnail","7":"category-politika","8":"category-tutin","9":"category-vijesti-dana"},"yoast_head":"<!-- This site is optimized with the Yoast SEO Premium plugin v23.1 (Yoast SEO v24.9) - https:\/\/yoast.com\/wordpress\/plugins\/seo\/ -->\n<title>I Mukovi\u0107 o\u010dekuje mjesto u Vladi<\/title>\n<meta name=\"robots\" content=\"index, follow, max-snippet:-1, max-image-preview:large, max-video-preview:-1\" \/>\n<link rel=\"canonical\" href=\"https:\/\/sandzakpress.net\/arhiva\/i-mukovic-ocekuje-mjesto-u-vladi\/\" \/>\n<meta property=\"og:locale\" content=\"bs_BA\" \/>\n<meta property=\"og:type\" content=\"article\" \/>\n<meta property=\"og:title\" content=\"I Mukovi\u0107 o\u010dekuje mjesto u Vladi\" \/>\n<meta property=\"og:description\" content=\"Tutin &#8211; Predsjednik Bo\u0161nja\u010dke narodne stranke Mujo Mukovi\u0107, koji je kao koalicioni partner dobio jedno poslani\u010dko mjesto na listi Srpske napredne stranke, izjavio je danas da o\u010dekuje neku od pozicija i u izvr\u0161noj vlasti. &#8220;O tome \u0107emo sa Naprednjacima razgovarati tek nakon zvani\u010dnog formiranja Vlade i imenovanja novih ministara. Svakako da o\u010dekujemo u\u010de\u0161\u0107e u novoj [&hellip;]\" \/>\n<meta property=\"og:url\" content=\"https:\/\/sandzakpress.net\/arhiva\/i-mukovic-ocekuje-mjesto-u-vladi\/\" \/>\n<meta property=\"og:site_name\" content=\"Sand\u017eak PRESS\" \/>\n<meta property=\"article:published_time\" content=\"2012-07-26T15:02:44+00:00\" \/>\n<meta property=\"og:image\" content=\"https:\/\/sandzakpress.net\/arhiva\/wp-content\/uploads\/2012\/07\/Mujo-Mukovic-foto-sandzacke.rs_.jpg\" \/>\n\t<meta property=\"og:image:width\" content=\"400\" \/>\n\t<meta property=\"og:image:height\" content=\"300\" \/>\n\t<meta property=\"og:image:type\" content=\"image\/jpeg\" \/>\n<meta name=\"author\" content=\"bosniak\" \/>\n<meta name=\"twitter:card\" content=\"summary_large_image\" \/>\n<meta name=\"twitter:label1\" content=\"Written by\" \/>\n\t<meta name=\"twitter:data1\" content=\"bosniak\" \/>\n\t<meta name=\"twitter:label2\" content=\"Est. reading time\" \/>\n\t<meta name=\"twitter:data2\" content=\"1 minuta\" \/>\n<script type=\"application\/ld+json\" class=\"yoast-schema-graph\">{\"@context\":\"https:\/\/schema.org\",\"@graph\":[{\"@type\":\"Article\",\"@id\":\"https:\/\/sandzakpress.net\/arhiva\/i-mukovic-ocekuje-mjesto-u-vladi\/#article\",\"isPartOf\":{\"@id\":\"https:\/\/sandzakpress.net\/arhiva\/i-mukovic-ocekuje-mjesto-u-vladi\/\"},\"author\":{\"name\":\"bosniak\",\"@id\":\"https:\/\/sandzakpress.net\/arhiva\/#\/schema\/person\/c8baee722073534b583ea7bdb2e36c02\"},\"headline\":\"I Mukovi\u0107 o\u010dekuje mjesto u Vladi\",\"datePublished\":\"2012-07-26T15:02:44+00:00\",\"mainEntityOfPage\":{\"@id\":\"https:\/\/sandzakpress.net\/arhiva\/i-mukovic-ocekuje-mjesto-u-vladi\/\"},\"wordCount\":153,\"commentCount\":2,\"publisher\":{\"@id\":\"https:\/\/sandzakpress.net\/arhiva\/#\/schema\/person\/6e72b67d6e51910a1117b3b483ba20bd\"},\"image\":{\"@id\":\"https:\/\/sandzakpress.net\/arhiva\/i-mukovic-ocekuje-mjesto-u-vladi\/#primaryimage\"},\"thumbnailUrl\":\"https:\/\/sandzakpress.net\/arhiva\/wp-content\/uploads\/2012\/07\/Mujo-Mukovic-foto-sandzacke.rs_.jpg\",\"articleSection\":[\"Politika\",\"Tutin\",\"VIJESTI DANA\"],\"inLanguage\":\"bs-BA\",\"potentialAction\":[{\"@type\":\"CommentAction\",\"name\":\"Comment\",\"target\":[\"https:\/\/sandzakpress.net\/arhiva\/i-mukovic-ocekuje-mjesto-u-vladi\/#respond\"]}]},{\"@type\":\"WebPage\",\"@id\":\"https:\/\/sandzakpress.net\/arhiva\/i-mukovic-ocekuje-mjesto-u-vladi\/\",\"url\":\"https:\/\/sandzakpress.net\/arhiva\/i-mukovic-ocekuje-mjesto-u-vladi\/\",\"name\":\"I Mukovi\u0107 o\u010dekuje mjesto u Vladi\",\"isPartOf\":{\"@id\":\"https:\/\/sandzakpress.net\/arhiva\/#website\"},\"primaryImageOfPage\":{\"@id\":\"https:\/\/sandzakpress.net\/arhiva\/i-mukovic-ocekuje-mjesto-u-vladi\/#primaryimage\"},\"image\":{\"@id\":\"https:\/\/sandzakpress.net\/arhiva\/i-mukovic-ocekuje-mjesto-u-vladi\/#primaryimage\"},\"thumbnailUrl\":\"https:\/\/sandzakpress.net\/arhiva\/wp-content\/uploads\/2012\/07\/Mujo-Mukovic-foto-sandzacke.rs_.jpg\",\"datePublished\":\"2012-07-26T15:02:44+00:00\",\"breadcrumb\":{\"@id\":\"https:\/\/sandzakpress.net\/arhiva\/i-mukovic-ocekuje-mjesto-u-vladi\/#breadcrumb\"},\"inLanguage\":\"bs-BA\",\"potentialAction\":[{\"@type\":\"ReadAction\",\"target\":[\"https:\/\/sandzakpress.net\/arhiva\/i-mukovic-ocekuje-mjesto-u-vladi\/\"]}]},{\"@type\":\"ImageObject\",\"inLanguage\":\"bs-BA\",\"@id\":\"https:\/\/sandzakpress.net\/arhiva\/i-mukovic-ocekuje-mjesto-u-vladi\/#primaryimage\",\"url\":\"https:\/\/sandzakpress.net\/arhiva\/wp-content\/uploads\/2012\/07\/Mujo-Mukovic-foto-sandzacke.rs_.jpg\",\"contentUrl\":\"https:\/\/sandzakpress.net\/arhiva\/wp-content\/uploads\/2012\/07\/Mujo-Mukovic-foto-sandzacke.rs_.jpg\",\"width\":400,\"height\":300},{\"@type\":\"BreadcrumbList\",\"@id\":\"https:\/\/sandzakpress.net\/arhiva\/i-mukovic-ocekuje-mjesto-u-vladi\/#breadcrumb\",\"itemListElement\":[{\"@type\":\"ListItem\",\"position\":1,\"name\":\"Home\",\"item\":\"https:\/\/sandzakpress.net\/arhiva\/\"},{\"@type\":\"ListItem\",\"position\":2,\"name\":\"I Mukovi\u0107 o\u010dekuje mjesto u Vladi\"}]},{\"@type\":\"WebSite\",\"@id\":\"https:\/\/sandzakpress.net\/arhiva\/#website\",\"url\":\"https:\/\/sandzakpress.net\/arhiva\/\",\"name\":\"Sand\u017eak PRESS\",\"description\":\"Prve elektronske novine u Sand\u017eaku\",\"publisher\":{\"@id\":\"https:\/\/sandzakpress.net\/arhiva\/#\/schema\/person\/6e72b67d6e51910a1117b3b483ba20bd\"},\"potentialAction\":[{\"@type\":\"SearchAction\",\"target\":{\"@type\":\"EntryPoint\",\"urlTemplate\":\"https:\/\/sandzakpress.net\/arhiva\/?s={search_term_string}\"},\"query-input\":{\"@type\":\"PropertyValueSpecification\",\"valueRequired\":true,\"valueName\":\"search_term_string\"}}],\"inLanguage\":\"bs-BA\"},{\"@type\":[\"Person\",\"Organization\"],\"@id\":\"https:\/\/sandzakpress.net\/arhiva\/#\/schema\/person\/6e72b67d6e51910a1117b3b483ba20bd\",\"name\":\"Kul\",\"image\":{\"@type\":\"ImageObject\",\"inLanguage\":\"bs-BA\",\"@id\":\"https:\/\/sandzakpress.net\/arhiva\/#\/schema\/person\/image\/\",\"url\":\"https:\/\/secure.gravatar.com\/avatar\/42263f39aa27ac04c43cab85c280eb2e?s=96&d=mm&r=pg\",\"contentUrl\":\"https:\/\/secure.gravatar.com\/avatar\/42263f39aa27ac04c43cab85c280eb2e?s=96&d=mm&r=pg\",\"caption\":\"Kul\"},\"logo\":{\"@id\":\"https:\/\/sandzakpress.net\/arhiva\/#\/schema\/person\/image\/\"}},{\"@type\":\"Person\",\"@id\":\"https:\/\/sandzakpress.net\/arhiva\/#\/schema\/person\/c8baee722073534b583ea7bdb2e36c02\",\"name\":\"bosniak\",\"image\":{\"@type\":\"ImageObject\",\"inLanguage\":\"bs-BA\",\"@id\":\"https:\/\/sandzakpress.net\/arhiva\/#\/schema\/person\/image\/\",\"url\":\"https:\/\/secure.gravatar.com\/avatar\/a04fd330bfe3a36a72a0ad4a6d89fca7?s=96&d=mm&r=pg\",\"contentUrl\":\"https:\/\/secure.gravatar.com\/avatar\/a04fd330bfe3a36a72a0ad4a6d89fca7?s=96&d=mm&r=pg\",\"caption\":\"bosniak\"},\"url\":\"https:\/\/sandzakpress.net\/arhiva\/author\/bosniak\/\"}]}<\/script>\n<!-- \/ Yoast SEO Premium plugin. -->","yoast_head_json":{"title":"I Mukovi\u0107 o\u010dekuje mjesto u Vladi","robots":{"index":"index","follow":"follow","max-snippet":"max-snippet:-1","max-image-preview":"max-image-preview:large","max-video-preview":"max-video-preview:-1"},"canonical":"https:\/\/sandzakpress.net\/arhiva\/i-mukovic-ocekuje-mjesto-u-vladi\/","og_locale":"bs_BA","og_type":"article","og_title":"I Mukovi\u0107 o\u010dekuje mjesto u Vladi","og_description":"Tutin &#8211; Predsjednik Bo\u0161nja\u010dke narodne stranke Mujo Mukovi\u0107, koji je kao koalicioni partner dobio jedno poslani\u010dko mjesto na listi Srpske napredne stranke, izjavio je danas da o\u010dekuje neku od pozicija i u izvr\u0161noj vlasti. &#8220;O tome \u0107emo sa Naprednjacima razgovarati tek nakon zvani\u010dnog formiranja Vlade i imenovanja novih ministara. Svakako da o\u010dekujemo u\u010de\u0161\u0107e u novoj [&hellip;]","og_url":"https:\/\/sandzakpress.net\/arhiva\/i-mukovic-ocekuje-mjesto-u-vladi\/","og_site_name":"Sand\u017eak PRESS","article_published_time":"2012-07-26T15:02:44+00:00","og_image":[{"width":400,"height":300,"url":"https:\/\/sandzakpress.net\/arhiva\/wp-content\/uploads\/2012\/07\/Mujo-Mukovic-foto-sandzacke.rs_.jpg","type":"image\/jpeg"}],"author":"bosniak","twitter_card":"summary_large_image","twitter_misc":{"Written by":"bosniak","Est. reading time":"1 minuta"},"schema":{"@context":"https:\/\/schema.org","@graph":[{"@type":"Article","@id":"https:\/\/sandzakpress.net\/arhiva\/i-mukovic-ocekuje-mjesto-u-vladi\/#article","isPartOf":{"@id":"https:\/\/sandzakpress.net\/arhiva\/i-mukovic-ocekuje-mjesto-u-vladi\/"},"author":{"name":"bosniak","@id":"https:\/\/sandzakpress.net\/arhiva\/#\/schema\/person\/c8baee722073534b583ea7bdb2e36c02"},"headline":"I Mukovi\u0107 o\u010dekuje mjesto u Vladi","datePublished":"2012-07-26T15:02:44+00:00","mainEntityOfPage":{"@id":"https:\/\/sandzakpress.net\/arhiva\/i-mukovic-ocekuje-mjesto-u-vladi\/"},"wordCount":153,"commentCount":2,"publisher":{"@id":"https:\/\/sandzakpress.net\/arhiva\/#\/schema\/person\/6e72b67d6e51910a1117b3b483ba20bd"},"image":{"@id":"https:\/\/sandzakpress.net\/arhiva\/i-mukovic-ocekuje-mjesto-u-vladi\/#primaryimage"},"thumbnailUrl":"https:\/\/sandzakpress.net\/arhiva\/wp-content\/uploads\/2012\/07\/Mujo-Mukovic-foto-sandzacke.rs_.jpg","articleSection":["Politika","Tutin","VIJESTI DANA"],"inLanguage":"bs-BA","potentialAction":[{"@type":"CommentAction","name":"Comment","target":["https:\/\/sandzakpress.net\/arhiva\/i-mukovic-ocekuje-mjesto-u-vladi\/#respond"]}]},{"@type":"WebPage","@id":"https:\/\/sandzakpress.net\/arhiva\/i-mukovic-ocekuje-mjesto-u-vladi\/","url":"https:\/\/sandzakpress.net\/arhiva\/i-mukovic-ocekuje-mjesto-u-vladi\/","name":"I Mukovi\u0107 o\u010dekuje mjesto u Vladi","isPartOf":{"@id":"https:\/\/sandzakpress.net\/arhiva\/#website"},"primaryImageOfPage":{"@id":"https:\/\/sandzakpress.net\/arhiva\/i-mukovic-ocekuje-mjesto-u-vladi\/#primaryimage"},"image":{"@id":"https:\/\/sandzakpress.net\/arhiva\/i-mukovic-ocekuje-mjesto-u-vladi\/#primaryimage"},"thumbnailUrl":"https:\/\/sandzakpress.net\/arhiva\/wp-content\/uploads\/2012\/07\/Mujo-Mukovic-foto-sandzacke.rs_.jpg","datePublished":"2012-07-26T15:02:44+00:00","breadcrumb":{"@id":"https:\/\/sandzakpress.net\/arhiva\/i-mukovic-ocekuje-mjesto-u-vladi\/#breadcrumb"},"inLanguage":"bs-BA","potentialAction":[{"@type":"ReadAction","target":["https:\/\/sandzakpress.net\/arhiva\/i-mukovic-ocekuje-mjesto-u-vladi\/"]}]},{"@type":"ImageObject","inLanguage":"bs-BA","@id":"https:\/\/sandzakpress.net\/arhiva\/i-mukovic-ocekuje-mjesto-u-vladi\/#primaryimage","url":"https:\/\/sandzakpress.net\/arhiva\/wp-content\/uploads\/2012\/07\/Mujo-Mukovic-foto-sandzacke.rs_.jpg","contentUrl":"https:\/\/sandzakpress.net\/arhiva\/wp-content\/uploads\/2012\/07\/Mujo-Mukovic-foto-sandzacke.rs_.jpg","width":400,"height":300},{"@type":"BreadcrumbList","@id":"https:\/\/sandzakpress.net\/arhiva\/i-mukovic-ocekuje-mjesto-u-vladi\/#breadcrumb","itemListElement":[{"@type":"ListItem","position":1,"name":"Home","item":"https:\/\/sandzakpress.net\/arhiva\/"},{"@type":"ListItem","position":2,"name":"I Mukovi\u0107 o\u010dekuje mjesto u Vladi"}]},{"@type":"WebSite","@id":"https:\/\/sandzakpress.net\/arhiva\/#website","url":"https:\/\/sandzakpress.net\/arhiva\/","name":"Sand\u017eak PRESS","description":"Prve elektronske novine u Sand\u017eaku","publisher":{"@id":"https:\/\/sandzakpress.net\/arhiva\/#\/schema\/person\/6e72b67d6e51910a1117b3b483ba20bd"},"potentialAction":[{"@type":"SearchAction","target":{"@type":"EntryPoint","urlTemplate":"https:\/\/sandzakpress.net\/arhiva\/?s={search_term_string}"},"query-input":{"@type":"PropertyValueSpecification","valueRequired":true,"valueName":"search_term_string"}}],"inLanguage":"bs-BA"},{"@type":["Person","Organization"],"@id":"https:\/\/sandzakpress.net\/arhiva\/#\/schema\/person\/6e72b67d6e51910a1117b3b483ba20bd","name":"Kul","image":{"@type":"ImageObject","inLanguage":"bs-BA","@id":"https:\/\/sandzakpress.net\/arhiva\/#\/schema\/person\/image\/","url":"https:\/\/secure.gravatar.com\/avatar\/42263f39aa27ac04c43cab85c280eb2e?s=96&d=mm&r=pg","contentUrl":"https:\/\/secure.gravatar.com\/avatar\/42263f39aa27ac04c43cab85c280eb2e?s=96&d=mm&r=pg","caption":"Kul"},"logo":{"@id":"https:\/\/sandzakpress.net\/arhiva\/#\/schema\/person\/image\/"}},{"@type":"Person","@id":"https:\/\/sandzakpress.net\/arhiva\/#\/schema\/person\/c8baee722073534b583ea7bdb2e36c02","name":"bosniak","image":{"@type":"ImageObject","inLanguage":"bs-BA","@id":"https:\/\/sandzakpress.net\/arhiva\/#\/schema\/person\/image\/","url":"https:\/\/secure.gravatar.com\/avatar\/a04fd330bfe3a36a72a0ad4a6d89fca7?s=96&d=mm&r=pg","contentUrl":"https:\/\/secure.gravatar.com\/avatar\/a04fd330bfe3a36a72a0ad4a6d89fca7?s=96&d=mm&r=pg","caption":"bosniak"},"url":"https:\/\/sandzakpress.net\/arhiva\/author\/bosniak\/"}]}},"_links":{"self":[{"href":"https:\/\/sandzakpress.net\/arhiva\/wp-json\/wp\/v2\/posts\/46269"}],"collection":[{"href":"https:\/\/sandzakpress.net\/arhiva\/wp-json\/wp\/v2\/posts"}],"about":[{"href":"https:\/\/sandzakpress.net\/arhiva\/wp-json\/wp\/v2\/types\/post"}],"author":[{"embeddable":true,"href":"https:\/\/sandzakpress.net\/arhiva\/wp-json\/wp\/v2\/users\/83"}],"replies":[{"embeddable":true,"href":"https:\/\/sandzakpress.net\/arhiva\/wp-json\/wp\/v2\/comments?post=46269"}],"version-history":[{"count":0,"href":"https:\/\/sandzakpress.net\/arhiva\/wp-json\/wp\/v2\/posts\/46269\/revisions"}],"wp:featuredmedia":[{"embeddable":true,"href":"https:\/\/sandzakpress.net\/arhiva\/wp-json\/wp\/v2\/media\/46271"}],"wp:attachment":[{"href":"https:\/\/sandzakpress.net\/arhiva\/wp-json\/wp\/v2\/media?parent=46269"}],"wp:term":[{"taxonomy":"category","embeddable":true,"href":"https:\/\/sandzakpress.net\/arhiva\/wp-json\/wp\/v2\/categories?post=46269"},{"taxonomy":"post_tag","embeddable":true,"href":"https:\/\/sandzakpress.net\/arhiva\/wp-json\/wp\/v2\/tags?post=46269"}],"curies":[{"name":"wp","href":"https:\/\/api.w.org\/{rel}","templated":true}]}}